{"id":112552,"date":"2021-04-26T14:10:57","date_gmt":"2021-04-26T21:10:57","guid":{"rendered":"https:\/\/www.sonoraenequipo.com.mx\/?p=112552"},"modified":"2021-04-26T16:43:12","modified_gmt":"2021-04-26T23:43:12","slug":"iniciara-el-15-de-mayo-veda-para-pesca-comercial-en-presa-el-oviachic","status":"publish","type":"post","link":"https:\/\/www.sonoraenequipo.com.mx\/iniciara-el-15-de-mayo-veda-para-pesca-comercial-en-presa-el-oviachic\/","title":{"rendered":"Iniciar\u00e1 el 15 de mayo veda para pesca comercial en presa \u00abEl Oviachic\u00bb"},"content":{"rendered":"<p>Iniciar\u00e1 el 15 de mayo veda para pesca comercial en presa \u00abEl Oviachic\u00bb<\/p>\n<p>&nbsp;<\/p>\n<p>CAJEME, SONORA,MX.\u2500 \u00a0Para evitar la captura de organismos en periodo de reproducci\u00f3n a partir del 15 de mayo iniciar\u00e1 la veda para especies comerciales en la presa \u00abEl Oviachic\u201d, inform\u00f3 Luis Manuel Robles Brise\u00f1o.<\/p>\n<p>&nbsp;<\/p>\n<p>El encargado de Despacho de la subsecretar\u00eda de Pesca y Acuacultura la Secretar\u00eda de Agricultura, Ganader\u00eda, Recursos, Pesca y Acuacultura (Sagarhpa), explic\u00f3 que lo anterior qued\u00f3 establecido en la primera reuni\u00f3n extraordinaria del Consejo T\u00e9cnico Consultivo del embalse Gral. \u00c1lvaro Obreg\u00f3n \u00abEl Oviachic\u00bb, entre representantes de las Cooperativas Pesqueras asentadas en las inmediaciones de la presa, autoridades federales y estatales, encabezadas por la Sagarhpa, celebrada en Ciudad Obreg\u00f3n.<\/p>\n<p>&nbsp;<\/p>\n<p>\u00abSe tom\u00f3 como base la fecha de veda que establece el Plan de Manejo del Embalse publicado Bolet\u00edn Oficial del Estado de Sonora, el cual establece acciones y periodos de veda para evitar la captura de organismos en periodo reproductivo de tilapia, bagre y carpa y de esta manera garantizar la producci\u00f3n de la pr\u00f3xima temporada, que inicia el 15 de julio de este a\u00f1o\u00bb, subray\u00f3 Robles Brise\u00f1o.<\/p>\n<p>&nbsp;<\/p>\n<p>Coment\u00f3 que, el contralmirante capit\u00e1n DEM, del puerto de Guaymas, Gerardo L\u00f3pez Garc\u00eda, se comprometi\u00f3 a intervenir ante la Comisi\u00f3n Nacional de Pesca (Conapesca), para la participaci\u00f3n conjunta de inspectores de pesca y personal a su cargo para el mejor desempe\u00f1o y desarrollo de las acciones para evitar la pesca furtiva en los meses que dure la veda.<\/p>\n<p>&nbsp;<\/p>\n<p>\u00abCabe se\u00f1alar que la presa El Oviachic da sustento a 26 cooperativas, que a su vez se refleja en beneficio de alrededor de unas 250 familias que dependen del embalse, el cual arroja anualmente una producci\u00f3n estimada en una 2 mil 500 toneladas de pescado, de ah\u00ed la importancia de regular su aprovechamiento\u00bb, enfatiz\u00f3 Robles Brise\u00f1o.<\/p>\n<p>&nbsp;<\/p>\n<p>Presentes en la reuni\u00f3n del Consejo T\u00e9cnico Consultivo de la presa El Oviachic, representantes de las cooperativas de la presa Gral. \u00c1lvaro Obreg\u00f3n; personal del Instituto Nacional de Pesca (Inapesca), Comisi\u00f3n Nacional del Agua (Conagua), Secretar\u00eda de Desarrollo Rural (Sader), Comisi\u00f3n Nacional de Pesca (Conapesca) e Instituto de Acuacultura del Estado de Sonora (IAES), entre otros.<\/p>\n<p>Fecha de publicaci\u00f3n \u00a0\u00a0lunes\u00a0 \/\u00a0 26\u00a0 \/ abril \/ 2021<\/p>\n","protected":false},"excerpt":{"rendered":"<p>Iniciar\u00e1 el 15 de mayo veda para pesca comercial en presa \u00abEl Oviachic\u00bb &nbsp; CAJEME,&#8230;<\/p>\n","protected":false},"author":1,"featured_media":112553,"comment_status":"open","ping_status":"open","sticky":false,"template":"","format":"standard","meta":{"_monsterinsights_skip_tracking":false,"_monsterinsights_sitenote_active":false,"_monsterinsights_sitenote_note":"","_monsterinsights_sitenote_category":0,"footnotes":""},"categories":[22],"tags":[5638,78,5637],"class_list":["post"],"yoast_head":" \n<title>Sonora en Equipo. Iniciar\u00e1 el 15 de mayo veda para pesca comercial en presa &quot;El Oviachic&quot; Sonora<\/title>\n<meta name=\"description\" content=\"Iniciar\u00e1 el 15 de mayo veda para pesca comercial en presa &quot;El Oviachic&quot; &nbsp; CAJEME, SONORA,MX.\u2500 \u00a0Para evitar la captura de organismos en periodo de En Sonora en Equipo publicamos toda la informaci\u00f3n de Sonora, M\u00e9xico y el Mundo de manera oportuna y busca que la libertad de expresi\u00f3n sea real. Visita nuestro medio informativo publicado desde Hermosillo, Sonora. %\" \/>\n<meta name=\"robots\" content=\"index, follow, max-snippet:-1, max-image-preview:large, max-video-preview:-1\" \/>\n<link rel=\"canonical\" href=\"https:\/\/www.sonoraenequipo.com.mx\/iniciara-el-15-de-mayo-veda-para-pesca-comercial-en-presa-el-oviachic\/\" \/>\n<meta property=\"og:locale\" content=\"es_ES\" \/>\n<meta property=\"og:type\" content=\"article\" \/>\n<meta property=\"og:title\" content=\"Sonora en Equipo. Iniciar\u00e1 el 15 de mayo veda para pesca comercial en presa &quot;El Oviachic&quot; Sonora\" \/>\n<meta property=\"og:description\" content=\"Iniciar\u00e1 el 15 de mayo veda para pesca comercial en presa &quot;El Oviachic&quot; &nbsp; CAJEME, SONORA,MX.\u2500 \u00a0Para evitar la captura de organismos en periodo de En Sonora en Equipo publicamos toda la informaci\u00f3n de Sonora, M\u00e9xico y el Mundo de manera oportuna y busca que la libertad de expresi\u00f3n sea real. Visita nuestro medio informativo publicado desde Hermosillo, Sonora. %\" \/>\n<meta property=\"og:url\" content=\"https:\/\/www.sonoraenequipo.com.mx\/iniciara-el-15-de-mayo-veda-para-pesca-comercial-en-presa-el-oviachic\/\" \/>\n<meta property=\"og:site_name\" content=\"Sonora en Equipo.\" \/>\n<meta property=\"article:publisher\" content=\"https:\/\/www.facebook.com\/SonoraEE\/\" \/>\n<meta property=\"article:author\" content=\"https:\/\/www.facebook.com\/SonoraEE\" \/>\n<meta property=\"article:published_time\" content=\"2021-04-26T21:10:57+00:00\" \/>\n<meta property=\"article:modified_time\" content=\"2021-04-26T23:43:12+00:00\" \/>\n<meta property=\"og:image\" content=\"https:\/\/www.sonoraenequipo.com.mx\/storage\/2021\/04\/eloviachic.jpg\" \/>\n\t<meta property=\"og:image:width\" content=\"500\" \/>\n\t<meta property=\"og:image:height\" content=\"300\" \/>\n\t<meta property=\"og:image:type\" content=\"image\/jpeg\" \/>\n<meta name=\"author\" content=\"enequipo\" \/>\n<meta name=\"twitter:card\" content=\"summary_large_image\" \/>\n<meta name=\"twitter:creator\" content=\"@sonoraenequipo\" \/>\n<meta name=\"twitter:site\" content=\"@sonoraenequipo\" \/>\n<meta name=\"twitter:label1\" content=\"Escrito por\" \/>\n\t<meta name=\"twitter:data1\" content=\"enequipo\" \/>\n\t<meta name=\"twitter:label2\" content=\"Tiempo de lectura\" \/>\n\t<meta name=\"twitter:data2\" content=\"2 minutos\" \/>\n<script type=\"application\/ld+json\" class=\"yoast-schema-graph\">{\"@context\":\"https:\/\/schema.org\",\"@graph\":[{\"@type\":\"Article\",\"@id\":\"https:\/\/www.sonoraenequipo.com.mx\/iniciara-el-15-de-mayo-veda-para-pesca-comercial-en-presa-el-oviachic\/#article\",\"isPartOf\":{\"@id\":\"https:\/\/www.sonoraenequipo.com.mx\/iniciara-el-15-de-mayo-veda-para-pesca-comercial-en-presa-el-oviachic\/\"},\"author\":{\"name\":\"enequipo\",\"@id\":\"https:\/\/www.sonoraenequipo.com.mx\/#\/schema\/person\/50102df0fb23a8fa9e8effad8fa81386\"},\"headline\":\"Iniciar\u00e1 el 15 de mayo veda para pesca comercial en presa \u00abEl Oviachic\u00bb\",\"datePublished\":\"2021-04-26T21:10:57+00:00\",\"dateModified\":\"2021-04-26T23:43:12+00:00\",\"mainEntityOfPage\":{\"@id\":\"https:\/\/www.sonoraenequipo.com.mx\/iniciara-el-15-de-mayo-veda-para-pesca-comercial-en-presa-el-oviachic\/\"},\"wordCount\":400,\"commentCount\":0,\"publisher\":{\"@id\":\"https:\/\/www.sonoraenequipo.com.mx\/#organization\"},\"image\":{\"@id\":\"https:\/\/www.sonoraenequipo.com.mx\/iniciara-el-15-de-mayo-veda-para-pesca-comercial-en-presa-el-oviachic\/#primaryimage\"},\"thumbnailUrl\":\"https:\/\/www.sonoraenequipo.com.mx\/storage\/2021\/04\/eloviachic.jpg\",\"keywords\":[\"el oviachic\",\"pesca\",\"veda\"],\"articleSection\":[\"Sonora\"],\"inLanguage\":\"es\",\"potentialAction\":[{\"@type\":\"CommentAction\",\"name\":\"Comment\",\"target\":[\"https:\/\/www.sonoraenequipo.com.mx\/iniciara-el-15-de-mayo-veda-para-pesca-comercial-en-presa-el-oviachic\/#respond\"]}]},{\"@type\":\"WebPage\",\"@id\":\"https:\/\/www.sonoraenequipo.com.mx\/iniciara-el-15-de-mayo-veda-para-pesca-comercial-en-presa-el-oviachic\/\",\"url\":\"https:\/\/www.sonoraenequipo.com.mx\/iniciara-el-15-de-mayo-veda-para-pesca-comercial-en-presa-el-oviachic\/\",\"name\":\"Sonora en Equipo. Iniciar\u00e1 el 15 de mayo veda para pesca comercial en presa \\\"El Oviachic\\\" Sonora\",\"isPartOf\":{\"@id\":\"https:\/\/www.sonoraenequipo.com.mx\/#website\"},\"primaryImageOfPage\":{\"@id\":\"https:\/\/www.sonoraenequipo.com.mx\/iniciara-el-15-de-mayo-veda-para-pesca-comercial-en-presa-el-oviachic\/#primaryimage\"},\"image\":{\"@id\":\"https:\/\/www.sonoraenequipo.com.mx\/iniciara-el-15-de-mayo-veda-para-pesca-comercial-en-presa-el-oviachic\/#primaryimage\"},\"thumbnailUrl\":\"https:\/\/www.sonoraenequipo.com.mx\/storage\/2021\/04\/eloviachic.jpg\",\"datePublished\":\"2021-04-26T21:10:57+00:00\",\"dateModified\":\"2021-04-26T23:43:12+00:00\",\"description\":\"Iniciar\u00e1 el 15 de mayo veda para pesca comercial en presa \\\"El Oviachic\\\" &nbsp; CAJEME, SONORA,MX.\u2500 \u00a0Para evitar la captura de organismos en periodo de En Sonora en Equipo publicamos toda la informaci\u00f3n de Sonora, M\u00e9xico y el Mundo de manera oportuna y busca que la libertad de expresi\u00f3n sea real. Visita nuestro medio informativo publicado desde Hermosillo, Sonora. %\",\"breadcrumb\":{\"@id\":\"https:\/\/www.sonoraenequipo.com.mx\/iniciara-el-15-de-mayo-veda-para-pesca-comercial-en-presa-el-oviachic\/#breadcrumb\"},\"inLanguage\":\"es\",\"potentialAction\":[{\"@type\":\"ReadAction\",\"target\":[\"https:\/\/www.sonoraenequipo.com.mx\/iniciara-el-15-de-mayo-veda-para-pesca-comercial-en-presa-el-oviachic\/\"]}]},{\"@type\":\"ImageObject\",\"inLanguage\":\"es\",\"@id\":\"https:\/\/www.sonoraenequipo.com.mx\/iniciara-el-15-de-mayo-veda-para-pesca-comercial-en-presa-el-oviachic\/#primaryimage\",\"url\":\"https:\/\/www.sonoraenequipo.com.mx\/storage\/2021\/04\/eloviachic.jpg\",\"contentUrl\":\"https:\/\/www.sonoraenequipo.com.mx\/storage\/2021\/04\/eloviachic.jpg\",\"width\":500,\"height\":300,\"caption\":\"foto medios obson\"},{\"@type\":\"BreadcrumbList\",\"@id\":\"https:\/\/www.sonoraenequipo.com.mx\/iniciara-el-15-de-mayo-veda-para-pesca-comercial-en-presa-el-oviachic\/#breadcrumb\",\"itemListElement\":[{\"@type\":\"ListItem\",\"position\":1,\"name\":\"Portada\",\"item\":\"https:\/\/www.sonoraenequipo.com.mx\/\"},{\"@type\":\"ListItem\",\"position\":2,\"name\":\"Iniciar\u00e1 el 15 de mayo veda para pesca comercial en presa \u00abEl Oviachic\u00bb\"}]},{\"@type\":\"WebSite\",\"@id\":\"https:\/\/www.sonoraenequipo.com.mx\/#website\",\"url\":\"https:\/\/www.sonoraenequipo.com.mx\/\",\"name\":\"Sonora en Equipo.\",\"description\":\"Diario en l\u00ednea con Noticias desde Hermosillo, Sonora\",\"publisher\":{\"@id\":\"https:\/\/www.sonoraenequipo.com.mx\/#organization\"},\"potentialAction\":[{\"@type\":\"SearchAction\",\"target\":{\"@type\":\"EntryPoint\",\"urlTemplate\":\"https:\/\/www.sonoraenequipo.com.mx\/?s={search_term_string}\"},\"query-input\":{\"@type\":\"PropertyValueSpecification\",\"valueRequired\":true,\"valueName\":\"search_term_string\"}}],\"inLanguage\":\"es\"},{\"@type\":\"Organization\",\"@id\":\"https:\/\/www.sonoraenequipo.com.mx\/#organization\",\"name\":\"Sonoraenequipo.com.mx\",\"url\":\"https:\/\/www.sonoraenequipo.com.mx\/\",\"logo\":{\"@type\":\"ImageObject\",\"inLanguage\":\"es\",\"@id\":\"https:\/\/www.sonoraenequipo.com.mx\/#\/schema\/logo\/image\/\",\"url\":\"https:\/\/www.sonoraenequipo.com.mx\/storage\/2019\/01\/sonoraenequipo_opt.png\",\"contentUrl\":\"https:\/\/www.sonoraenequipo.com.mx\/storage\/2019\/01\/sonoraenequipo_opt.png\",\"width\":375,\"height\":125,\"caption\":\"Sonoraenequipo.com.mx\"},\"image\":{\"@id\":\"https:\/\/www.sonoraenequipo.com.mx\/#\/schema\/logo\/image\/\"},\"sameAs\":[\"https:\/\/www.facebook.com\/SonoraEE\/\",\"https:\/\/x.com\/sonoraenequipo\",\"https:\/\/www.youtube.com\/channel\/UC338nW-lPEYmJQs4ZABQ1SQ\"]},{\"@type\":\"Person\",\"@id\":\"https:\/\/www.sonoraenequipo.com.mx\/#\/schema\/person\/50102df0fb23a8fa9e8effad8fa81386\",\"name\":\"enequipo\",\"image\":{\"@type\":\"ImageObject\",\"inLanguage\":\"es\",\"@id\":\"https:\/\/www.sonoraenequipo.com.mx\/#\/schema\/person\/image\/\",\"url\":\"https:\/\/secure.gravatar.com\/avatar\/049821681b589dabc0bc20695993ccebb09f5b5d4d790cd9251b97faac7c652b?s=96&d=blank&r=g\",\"contentUrl\":\"https:\/\/secure.gravatar.com\/avatar\/049821681b589dabc0bc20695993ccebb09f5b5d4d790cd9251b97faac7c652b?s=96&d=blank&r=g\",\"caption\":\"enequipo\"},\"sameAs\":[\"https:\/\/www.facebook.com\/SonoraEE\"]}]}<\/script>\n ","yoast_head_json":{"title":"Sonora en Equipo. Iniciar\u00e1 el 15 de mayo veda para pesca comercial en presa \"El Oviachic\" Sonora","description":"Iniciar\u00e1 el 15 de mayo veda para pesca comercial en presa \"El Oviachic\" &nbsp; CAJEME, SONORA,MX.\u2500 \u00a0Para evitar la captura de organismos en periodo de En Sonora en Equipo publicamos toda la informaci\u00f3n de Sonora, M\u00e9xico y el Mundo de manera oportuna y busca que la libertad de expresi\u00f3n sea real. Visita nuestro medio informativo publicado desde Hermosillo, Sonora. %","robots":{"index":"index","follow":"follow","max-snippet":"max-snippet:-1","max-image-preview":"max-image-preview:large","max-video-preview":"max-video-preview:-1"},"canonical":"https:\/\/www.sonoraenequipo.com.mx\/iniciara-el-15-de-mayo-veda-para-pesca-comercial-en-presa-el-oviachic\/","og_locale":"es_ES","og_type":"article","og_title":"Sonora en Equipo. Iniciar\u00e1 el 15 de mayo veda para pesca comercial en presa \"El Oviachic\" Sonora","og_description":"Iniciar\u00e1 el 15 de mayo veda para pesca comercial en presa \"El Oviachic\" &nbsp; CAJEME, SONORA,MX.\u2500 \u00a0Para evitar la captura de organismos en periodo de En Sonora en Equipo publicamos toda la informaci\u00f3n de Sonora, M\u00e9xico y el Mundo de manera oportuna y busca que la libertad de expresi\u00f3n sea real. Visita nuestro medio informativo publicado desde Hermosillo, Sonora. %","og_url":"https:\/\/www.sonoraenequipo.com.mx\/iniciara-el-15-de-mayo-veda-para-pesca-comercial-en-presa-el-oviachic\/","og_site_name":"Sonora en Equipo.","article_publisher":"https:\/\/www.facebook.com\/SonoraEE\/","article_author":"https:\/\/www.facebook.com\/SonoraEE","article_published_time":"2021-04-26T21:10:57+00:00","article_modified_time":"2021-04-26T23:43:12+00:00","og_image":[{"width":500,"height":300,"url":"https:\/\/www.sonoraenequipo.com.mx\/storage\/2021\/04\/eloviachic.jpg","type":"image\/jpeg"}],"author":"enequipo","twitter_card":"summary_large_image","twitter_creator":"@sonoraenequipo","twitter_site":"@sonoraenequipo","twitter_misc":{"Escrito por":"enequipo","Tiempo de lectura":"2 minutos"},"schema":{"@context":"https:\/\/schema.org","@graph":[{"@type":"Article","@id":"https:\/\/www.sonoraenequipo.com.mx\/iniciara-el-15-de-mayo-veda-para-pesca-comercial-en-presa-el-oviachic\/#article","isPartOf":{"@id":"https:\/\/www.sonoraenequipo.com.mx\/iniciara-el-15-de-mayo-veda-para-pesca-comercial-en-presa-el-oviachic\/"},"author":{"name":"enequipo","@id":"https:\/\/www.sonoraenequipo.com.mx\/#\/schema\/person\/50102df0fb23a8fa9e8effad8fa81386"},"headline":"Iniciar\u00e1 el 15 de mayo veda para pesca comercial en presa \u00abEl Oviachic\u00bb","datePublished":"2021-04-26T21:10:57+00:00","dateModified":"2021-04-26T23:43:12+00:00","mainEntityOfPage":{"@id":"https:\/\/www.sonoraenequipo.com.mx\/iniciara-el-15-de-mayo-veda-para-pesca-comercial-en-presa-el-oviachic\/"},"wordCount":400,"commentCount":0,"publisher":{"@id":"https:\/\/www.sonoraenequipo.com.mx\/#organization"},"image":{"@id":"https:\/\/www.sonoraenequipo.com.mx\/iniciara-el-15-de-mayo-veda-para-pesca-comercial-en-presa-el-oviachic\/#primaryimage"},"thumbnailUrl":"https:\/\/www.sonoraenequipo.com.mx\/storage\/2021\/04\/eloviachic.jpg","keywords":["el oviachic","pesca","veda"],"articleSection":["Sonora"],"inLanguage":"es","potentialAction":[{"@type":"CommentAction","name":"Comment","target":["https:\/\/www.sonoraenequipo.com.mx\/iniciara-el-15-de-mayo-veda-para-pesca-comercial-en-presa-el-oviachic\/#respond"]}]},{"@type":"WebPage","@id":"https:\/\/www.sonoraenequipo.com.mx\/iniciara-el-15-de-mayo-veda-para-pesca-comercial-en-presa-el-oviachic\/","url":"https:\/\/www.sonoraenequipo.com.mx\/iniciara-el-15-de-mayo-veda-para-pesca-comercial-en-presa-el-oviachic\/","name":"Sonora en Equipo. Iniciar\u00e1 el 15 de mayo veda para pesca comercial en presa \"El Oviachic\" Sonora","isPartOf":{"@id":"https:\/\/www.sonoraenequipo.com.mx\/#website"},"primaryImageOfPage":{"@id":"https:\/\/www.sonoraenequipo.com.mx\/iniciara-el-15-de-mayo-veda-para-pesca-comercial-en-presa-el-oviachic\/#primaryimage"},"image":{"@id":"https:\/\/www.sonoraenequipo.com.mx\/iniciara-el-15-de-mayo-veda-para-pesca-comercial-en-presa-el-oviachic\/#primaryimage"},"thumbnailUrl":"https:\/\/www.sonoraenequipo.com.mx\/storage\/2021\/04\/eloviachic.jpg","datePublished":"2021-04-26T21:10:57+00:00","dateModified":"2021-04-26T23:43:12+00:00","description":"Iniciar\u00e1 el 15 de mayo veda para pesca comercial en presa \"El Oviachic\" &nbsp; CAJEME, SONORA,MX.\u2500 \u00a0Para evitar la captura de organismos en periodo de En Sonora en Equipo publicamos toda la informaci\u00f3n de Sonora, M\u00e9xico y el Mundo de manera oportuna y busca que la libertad de expresi\u00f3n sea real. Visita nuestro medio informativo publicado desde Hermosillo, Sonora. %","breadcrumb":{"@id":"https:\/\/www.sonoraenequipo.com.mx\/iniciara-el-15-de-mayo-veda-para-pesca-comercial-en-presa-el-oviachic\/#breadcrumb"},"inLanguage":"es","potentialAction":[{"@type":"ReadAction","target":["https:\/\/www.sonoraenequipo.com.mx\/iniciara-el-15-de-mayo-veda-para-pesca-comercial-en-presa-el-oviachic\/"]}]},{"@type":"ImageObject","inLanguage":"es","@id":"https:\/\/www.sonoraenequipo.com.mx\/iniciara-el-15-de-mayo-veda-para-pesca-comercial-en-presa-el-oviachic\/#primaryimage","url":"https:\/\/www.sonoraenequipo.com.mx\/storage\/2021\/04\/eloviachic.jpg","contentUrl":"https:\/\/www.sonoraenequipo.com.mx\/storage\/2021\/04\/eloviachic.jpg","width":500,"height":300,"caption":"foto medios obson"},{"@type":"BreadcrumbList","@id":"https:\/\/www.sonoraenequipo.com.mx\/iniciara-el-15-de-mayo-veda-para-pesca-comercial-en-presa-el-oviachic\/#breadcrumb","itemListElement":[{"@type":"ListItem","position":1,"name":"Portada","item":"https:\/\/www.sonoraenequipo.com.mx\/"},{"@type":"ListItem","position":2,"name":"Iniciar\u00e1 el 15 de mayo veda para pesca comercial en presa \u00abEl Oviachic\u00bb"}]},{"@type":"WebSite","@id":"https:\/\/www.sonoraenequipo.com.mx\/#website","url":"https:\/\/www.sonoraenequipo.com.mx\/","name":"Sonora en Equipo.","description":"Diario en l\u00ednea con Noticias desde Hermosillo, Sonora","publisher":{"@id":"https:\/\/www.sonoraenequipo.com.mx\/#organization"},"potentialAction":[{"@type":"SearchAction","target":{"@type":"EntryPoint","urlTemplate":"https:\/\/www.sonoraenequipo.com.mx\/?s={search_term_string}"},"query-input":{"@type":"PropertyValueSpecification","valueRequired":true,"valueName":"search_term_string"}}],"inLanguage":"es"},{"@type":"Organization","@id":"https:\/\/www.sonoraenequipo.com.mx\/#organization","name":"Sonoraenequipo.com.mx","url":"https:\/\/www.sonoraenequipo.com.mx\/","logo":{"@type":"ImageObject","inLanguage":"es","@id":"https:\/\/www.sonoraenequipo.com.mx\/#\/schema\/logo\/image\/","url":"https:\/\/www.sonoraenequipo.com.mx\/storage\/2019\/01\/sonoraenequipo_opt.png","contentUrl":"https:\/\/www.sonoraenequipo.com.mx\/storage\/2019\/01\/sonoraenequipo_opt.png","width":375,"height":125,"caption":"Sonoraenequipo.com.mx"},"image":{"@id":"https:\/\/www.sonoraenequipo.com.mx\/#\/schema\/logo\/image\/"},"sameAs":["https:\/\/www.facebook.com\/SonoraEE\/","https:\/\/x.com\/sonoraenequipo","https:\/\/www.youtube.com\/channel\/UC338nW-lPEYmJQs4ZABQ1SQ"]},{"@type":"Person","@id":"https:\/\/www.sonoraenequipo.com.mx\/#\/schema\/person\/50102df0fb23a8fa9e8effad8fa81386","name":"enequipo","image":{"@type":"ImageObject","inLanguage":"es","@id":"https:\/\/www.sonoraenequipo.com.mx\/#\/schema\/person\/image\/","url":"https:\/\/secure.gravatar.com\/avatar\/049821681b589dabc0bc20695993ccebb09f5b5d4d790cd9251b97faac7c652b?s=96&d=blank&r=g","contentUrl":"https:\/\/secure.gravatar.com\/avatar\/049821681b589dabc0bc20695993ccebb09f5b5d4d790cd9251b97faac7c652b?s=96&d=blank&r=g","caption":"enequipo"},"sameAs":["https:\/\/www.facebook.com\/SonoraEE"]}]}},"jetpack_featured_media_url":"https:\/\/www.sonoraenequipo.com.mx\/storage\/2021\/04\/eloviachic.jpg","_links":{"self":[{"href":"https:\/\/www.sonoraenequipo.com.mx\/api\/wp\/v2\/posts\/112552","targetHints":{"allow":["GET"]}}],"collection":[{"href":"https:\/\/www.sonoraenequipo.com.mx\/api\/wp\/v2\/posts"}],"about":[{"href":"https:\/\/www.sonoraenequipo.com.mx\/api\/wp\/v2\/types\/post"}],"author":[{"embeddable":true,"href":"https:\/\/www.sonoraenequipo.com.mx\/api\/wp\/v2\/users\/1"}],"replies":[{"embeddable":true,"href":"https:\/\/www.sonoraenequipo.com.mx\/api\/wp\/v2\/comments?post=112552"}],"version-history":[{"count":1,"href":"https:\/\/www.sonoraenequipo.com.mx\/api\/wp\/v2\/posts\/112552\/revisions"}],"predecessor-version":[{"id":112554,"href":"https:\/\/www.sonoraenequipo.com.mx\/api\/wp\/v2\/posts\/112552\/revisions\/112554"}],"wp:featuredmedia":[{"embeddable":true,"href":"https:\/\/www.sonoraenequipo.com.mx\/api\/wp\/v2\/media\/112553"}],"wp:attachment":[{"href":"https:\/\/www.sonoraenequipo.com.mx\/api\/wp\/v2\/media?parent=112552"}],"wp:term":[{"taxonomy":"category","embeddable":true,"href":"https:\/\/www.sonoraenequipo.com.mx\/api\/wp\/v2\/categories?post=112552"},{"taxonomy":"post_tag","embeddable":true,"href":"https:\/\/www.sonoraenequipo.com.mx\/api\/wp\/v2\/tags?post=112552"}],"curies":[{"name":"wp","href":"https:\/\/api.w.org\/{rel}","templated":true}]}}