{"id":112563,"date":"2021-04-26T17:36:33","date_gmt":"2021-04-27T00:36:33","guid":{"rendered":"https:\/\/www.sonoraenequipo.com.mx\/?p=112563"},"modified":"2021-04-26T17:36:33","modified_gmt":"2021-04-27T00:36:33","slug":"se-capacitan-operadores-y-supervisores-de-la-linea-de-emergencias-9-1-1-en-protocolo-alba","status":"publish","type":"post","link":"https:\/\/www.sonoraenequipo.com.mx\/se-capacitan-operadores-y-supervisores-de-la-linea-de-emergencias-9-1-1-en-protocolo-alba\/","title":{"rendered":"Se capacitan operadores y supervisores de la l\u00ednea de emergencias 9-1-1 en Protocolo Alba"},"content":{"rendered":"<p>HERMOSILLO, SONORA.MX.\u2014 Operadores intervinientes y supervisores de la l\u00ednea de emergencias 9-1-1 de Sonora fueron capacitados sobre los conocimientos indispensables de actuaci\u00f3n del Protocolo Alba, con lo que fortalecen su atenci\u00f3n y servicio, inform\u00f3 la directora de la Unidad de Seguimiento Interinstitucional a Programas con Perspectiva de G\u00e9nero de la Secretar\u00eda de Seguridad P\u00fablica (SSP).<\/p>\n<p>&nbsp;<\/p>\n<p> <\/p>\n<p>&nbsp;<\/p>\n<p>Cassandra L\u00f3pez Manzano, expuso que durante dos d\u00edas consecutivos se realiz\u00f3 el entrenamiento donde se les explicaron los lineamientos generales y principios b\u00e1sicos para implementar un mecanismo interinstitucional de b\u00fasqueda y localizaci\u00f3n inmediata y en vida de mujeres y ni\u00f1as desaparecidas.<\/p>\n<p>&nbsp;<\/p>\n<p>Coment\u00f3 que fue la titular de la Comisi\u00f3n Estatal de B\u00fasqueda en Sonora, Alma Elena Dom\u00ednguez Batista la encargada de brindar el ciclo de capacitaci\u00f3n en forma virtual, en el que participaron un total de 180 operadores intervinientes y supervisores del 9-1-1 en el estado del Centro de Control, Comando, Comunicaci\u00f3n, C\u00f3mputo, Coordinaci\u00f3n e Inteligencia (C5i).<\/p>\n<p>&nbsp;<\/p>\n<p>El objetivo primordial del Protocolo Alba Sonora es servir como mecanismo de respuesta coordinada e inmediata para la b\u00fasqueda y localizaci\u00f3n en vida de ni\u00f1as, adolescentes y mujeres desaparecidas o no localizadas.<\/p>\n<p>&nbsp;<\/p>\n<p>Dicha acci\u00f3n, precis\u00f3, forma parte de las acciones transversales entre la Secretar\u00eda de Seguridad P\u00fablica y la Fiscal\u00eda General de Justicia del Estado para profesionalizar la funci\u00f3n de las y los servidores.<\/p>\n<p>&nbsp;<\/p>\n<p>La coordinadora de esta capacitaci\u00f3n record\u00f3 que el personal del C5i mantiene la constante de recibir adiestramiento y actualizaci\u00f3n para su profesionalizaci\u00f3n y ello, se refleje en su actuar al servicio de las y los sonorenses.<\/p>\n<p>&nbsp;<\/p>\n<p>(Publicada el 26\/04\/2021)<\/p>\n","protected":false},"excerpt":{"rendered":"<p>HERMOSILLO, SONORA.MX.\u2014 Operadores intervinientes y supervisores de la l\u00ednea de emergencias 9-1-1 de Sonora fueron&#8230;<\/p>\n","protected":false},"author":1,"featured_media":112565,"comment_status":"open","ping_status":"open","sticky":false,"template":"","format":"standard","meta":{"_monsterinsights_skip_tracking":false,"_monsterinsights_sitenote_active":false,"_monsterinsights_sitenote_note":"","_monsterinsights_sitenote_category":0,"footnotes":""},"categories":[22],"tags":[],"class_list":["post"],"yoast_head":" \n<title>Sonora en Equipo. Se capacitan operadores y supervisores de la l\u00ednea de emergencias 9-1-1 en Protocolo Alba Sonora<\/title>\n<meta name=\"description\" content=\"HERMOSILLO, SONORA.MX.\u2014 Operadores intervinientes y supervisores de la l\u00ednea de emergencias 9-1-1 de Sonora fueron capacitados sobre los conocimientos En Sonora en Equipo publicamos toda la informaci\u00f3n de Sonora, M\u00e9xico y el Mundo de manera oportuna y busca que la libertad de expresi\u00f3n sea real. Visita nuestro medio informativo publicado desde Hermosillo, Sonora. %\" \/>\n<meta name=\"robots\" content=\"index, follow, max-snippet:-1, max-image-preview:large, max-video-preview:-1\" \/>\n<link rel=\"canonical\" href=\"https:\/\/www.sonoraenequipo.com.mx\/se-capacitan-operadores-y-supervisores-de-la-linea-de-emergencias-9-1-1-en-protocolo-alba\/\" \/>\n<meta property=\"og:locale\" content=\"es_ES\" \/>\n<meta property=\"og:type\" content=\"article\" \/>\n<meta property=\"og:title\" content=\"Sonora en Equipo. Se capacitan operadores y supervisores de la l\u00ednea de emergencias 9-1-1 en Protocolo Alba Sonora\" \/>\n<meta property=\"og:description\" content=\"HERMOSILLO, SONORA.MX.\u2014 Operadores intervinientes y supervisores de la l\u00ednea de emergencias 9-1-1 de Sonora fueron capacitados sobre los conocimientos En Sonora en Equipo publicamos toda la informaci\u00f3n de Sonora, M\u00e9xico y el Mundo de manera oportuna y busca que la libertad de expresi\u00f3n sea real. Visita nuestro medio informativo publicado desde Hermosillo, Sonora. %\" \/>\n<meta property=\"og:url\" content=\"https:\/\/www.sonoraenequipo.com.mx\/se-capacitan-operadores-y-supervisores-de-la-linea-de-emergencias-9-1-1-en-protocolo-alba\/\" \/>\n<meta property=\"og:site_name\" content=\"Sonora en Equipo.\" \/>\n<meta property=\"article:publisher\" content=\"https:\/\/www.facebook.com\/SonoraEE\/\" \/>\n<meta property=\"article:author\" content=\"https:\/\/www.facebook.com\/SonoraEE\" \/>\n<meta property=\"article:published_time\" content=\"2021-04-27T00:36:33+00:00\" \/>\n<meta property=\"og:image\" content=\"https:\/\/www.sonoraenequipo.com.mx\/storage\/2021\/04\/Capacitan-operadores-6_opt.jpg\" \/>\n\t<meta property=\"og:image:width\" content=\"534\" \/>\n\t<meta property=\"og:image:height\" content=\"400\" \/>\n\t<meta property=\"og:image:type\" content=\"image\/jpeg\" \/>\n<meta name=\"author\" content=\"enequipo\" \/>\n<meta name=\"twitter:card\" content=\"summary_large_image\" \/>\n<meta name=\"twitter:creator\" content=\"@sonoraenequipo\" \/>\n<meta name=\"twitter:site\" content=\"@sonoraenequipo\" \/>\n<meta name=\"twitter:label1\" content=\"Escrito por\" \/>\n\t<meta name=\"twitter:data1\" content=\"enequipo\" \/>\n\t<meta name=\"twitter:label2\" content=\"Tiempo de lectura\" \/>\n\t<meta name=\"twitter:data2\" content=\"2 minutos\" \/>\n<script type=\"application\/ld+json\" class=\"yoast-schema-graph\">{\"@context\":\"https:\/\/schema.org\",\"@graph\":[{\"@type\":\"Article\",\"@id\":\"https:\/\/www.sonoraenequipo.com.mx\/se-capacitan-operadores-y-supervisores-de-la-linea-de-emergencias-9-1-1-en-protocolo-alba\/#article\",\"isPartOf\":{\"@id\":\"https:\/\/www.sonoraenequipo.com.mx\/se-capacitan-operadores-y-supervisores-de-la-linea-de-emergencias-9-1-1-en-protocolo-alba\/\"},\"author\":{\"name\":\"enequipo\",\"@id\":\"https:\/\/www.sonoraenequipo.com.mx\/#\/schema\/person\/50102df0fb23a8fa9e8effad8fa81386\"},\"headline\":\"Se capacitan operadores y supervisores de la l\u00ednea de emergencias 9-1-1 en Protocolo Alba\",\"datePublished\":\"2021-04-27T00:36:33+00:00\",\"mainEntityOfPage\":{\"@id\":\"https:\/\/www.sonoraenequipo.com.mx\/se-capacitan-operadores-y-supervisores-de-la-linea-de-emergencias-9-1-1-en-protocolo-alba\/\"},\"wordCount\":311,\"commentCount\":0,\"publisher\":{\"@id\":\"https:\/\/www.sonoraenequipo.com.mx\/#organization\"},\"image\":{\"@id\":\"https:\/\/www.sonoraenequipo.com.mx\/se-capacitan-operadores-y-supervisores-de-la-linea-de-emergencias-9-1-1-en-protocolo-alba\/#primaryimage\"},\"thumbnailUrl\":\"https:\/\/www.sonoraenequipo.com.mx\/storage\/2021\/04\/Capacitan-operadores-6_opt.jpg\",\"articleSection\":[\"Sonora\"],\"inLanguage\":\"es\",\"potentialAction\":[{\"@type\":\"CommentAction\",\"name\":\"Comment\",\"target\":[\"https:\/\/www.sonoraenequipo.com.mx\/se-capacitan-operadores-y-supervisores-de-la-linea-de-emergencias-9-1-1-en-protocolo-alba\/#respond\"]}]},{\"@type\":\"WebPage\",\"@id\":\"https:\/\/www.sonoraenequipo.com.mx\/se-capacitan-operadores-y-supervisores-de-la-linea-de-emergencias-9-1-1-en-protocolo-alba\/\",\"url\":\"https:\/\/www.sonoraenequipo.com.mx\/se-capacitan-operadores-y-supervisores-de-la-linea-de-emergencias-9-1-1-en-protocolo-alba\/\",\"name\":\"Sonora en Equipo. Se capacitan operadores y supervisores de la l\u00ednea de emergencias 9-1-1 en Protocolo Alba Sonora\",\"isPartOf\":{\"@id\":\"https:\/\/www.sonoraenequipo.com.mx\/#website\"},\"primaryImageOfPage\":{\"@id\":\"https:\/\/www.sonoraenequipo.com.mx\/se-capacitan-operadores-y-supervisores-de-la-linea-de-emergencias-9-1-1-en-protocolo-alba\/#primaryimage\"},\"image\":{\"@id\":\"https:\/\/www.sonoraenequipo.com.mx\/se-capacitan-operadores-y-supervisores-de-la-linea-de-emergencias-9-1-1-en-protocolo-alba\/#primaryimage\"},\"thumbnailUrl\":\"https:\/\/www.sonoraenequipo.com.mx\/storage\/2021\/04\/Capacitan-operadores-6_opt.jpg\",\"datePublished\":\"2021-04-27T00:36:33+00:00\",\"description\":\"HERMOSILLO, SONORA.MX.\u2014 Operadores intervinientes y supervisores de la l\u00ednea de emergencias 9-1-1 de Sonora fueron capacitados sobre los conocimientos En Sonora en Equipo publicamos toda la informaci\u00f3n de Sonora, M\u00e9xico y el Mundo de manera oportuna y busca que la libertad de expresi\u00f3n sea real. Visita nuestro medio informativo publicado desde Hermosillo, Sonora. %\",\"breadcrumb\":{\"@id\":\"https:\/\/www.sonoraenequipo.com.mx\/se-capacitan-operadores-y-supervisores-de-la-linea-de-emergencias-9-1-1-en-protocolo-alba\/#breadcrumb\"},\"inLanguage\":\"es\",\"potentialAction\":[{\"@type\":\"ReadAction\",\"target\":[\"https:\/\/www.sonoraenequipo.com.mx\/se-capacitan-operadores-y-supervisores-de-la-linea-de-emergencias-9-1-1-en-protocolo-alba\/\"]}]},{\"@type\":\"ImageObject\",\"inLanguage\":\"es\",\"@id\":\"https:\/\/www.sonoraenequipo.com.mx\/se-capacitan-operadores-y-supervisores-de-la-linea-de-emergencias-9-1-1-en-protocolo-alba\/#primaryimage\",\"url\":\"https:\/\/www.sonoraenequipo.com.mx\/storage\/2021\/04\/Capacitan-operadores-6_opt.jpg\",\"contentUrl\":\"https:\/\/www.sonoraenequipo.com.mx\/storage\/2021\/04\/Capacitan-operadores-6_opt.jpg\",\"width\":534,\"height\":400},{\"@type\":\"BreadcrumbList\",\"@id\":\"https:\/\/www.sonoraenequipo.com.mx\/se-capacitan-operadores-y-supervisores-de-la-linea-de-emergencias-9-1-1-en-protocolo-alba\/#breadcrumb\",\"itemListElement\":[{\"@type\":\"ListItem\",\"position\":1,\"name\":\"Portada\",\"item\":\"https:\/\/www.sonoraenequipo.com.mx\/\"},{\"@type\":\"ListItem\",\"position\":2,\"name\":\"Se capacitan operadores y supervisores de la l\u00ednea de emergencias 9-1-1 en Protocolo Alba\"}]},{\"@type\":\"WebSite\",\"@id\":\"https:\/\/www.sonoraenequipo.com.mx\/#website\",\"url\":\"https:\/\/www.sonoraenequipo.com.mx\/\",\"name\":\"Sonora en Equipo.\",\"description\":\"Diario en l\u00ednea con Noticias desde Hermosillo, Sonora\",\"publisher\":{\"@id\":\"https:\/\/www.sonoraenequipo.com.mx\/#organization\"},\"potentialAction\":[{\"@type\":\"SearchAction\",\"target\":{\"@type\":\"EntryPoint\",\"urlTemplate\":\"https:\/\/www.sonoraenequipo.com.mx\/?s={search_term_string}\"},\"query-input\":{\"@type\":\"PropertyValueSpecification\",\"valueRequired\":true,\"valueName\":\"search_term_string\"}}],\"inLanguage\":\"es\"},{\"@type\":\"Organization\",\"@id\":\"https:\/\/www.sonoraenequipo.com.mx\/#organization\",\"name\":\"Sonoraenequipo.com.mx\",\"url\":\"https:\/\/www.sonoraenequipo.com.mx\/\",\"logo\":{\"@type\":\"ImageObject\",\"inLanguage\":\"es\",\"@id\":\"https:\/\/www.sonoraenequipo.com.mx\/#\/schema\/logo\/image\/\",\"url\":\"https:\/\/www.sonoraenequipo.com.mx\/storage\/2019\/01\/sonoraenequipo_opt.png\",\"contentUrl\":\"https:\/\/www.sonoraenequipo.com.mx\/storage\/2019\/01\/sonoraenequipo_opt.png\",\"width\":375,\"height\":125,\"caption\":\"Sonoraenequipo.com.mx\"},\"image\":{\"@id\":\"https:\/\/www.sonoraenequipo.com.mx\/#\/schema\/logo\/image\/\"},\"sameAs\":[\"https:\/\/www.facebook.com\/SonoraEE\/\",\"https:\/\/x.com\/sonoraenequipo\",\"https:\/\/www.youtube.com\/channel\/UC338nW-lPEYmJQs4ZABQ1SQ\"]},{\"@type\":\"Person\",\"@id\":\"https:\/\/www.sonoraenequipo.com.mx\/#\/schema\/person\/50102df0fb23a8fa9e8effad8fa81386\",\"name\":\"enequipo\",\"image\":{\"@type\":\"ImageObject\",\"inLanguage\":\"es\",\"@id\":\"https:\/\/www.sonoraenequipo.com.mx\/#\/schema\/person\/image\/\",\"url\":\"https:\/\/secure.gravatar.com\/avatar\/049821681b589dabc0bc20695993ccebb09f5b5d4d790cd9251b97faac7c652b?s=96&d=blank&r=g\",\"contentUrl\":\"https:\/\/secure.gravatar.com\/avatar\/049821681b589dabc0bc20695993ccebb09f5b5d4d790cd9251b97faac7c652b?s=96&d=blank&r=g\",\"caption\":\"enequipo\"},\"sameAs\":[\"https:\/\/www.facebook.com\/SonoraEE\"]}]}<\/script>\n ","yoast_head_json":{"title":"Sonora en Equipo. Se capacitan operadores y supervisores de la l\u00ednea de emergencias 9-1-1 en Protocolo Alba Sonora","description":"HERMOSILLO, SONORA.MX.\u2014 Operadores intervinientes y supervisores de la l\u00ednea de emergencias 9-1-1 de Sonora fueron capacitados sobre los conocimientos En Sonora en Equipo publicamos toda la informaci\u00f3n de Sonora, M\u00e9xico y el Mundo de manera oportuna y busca que la libertad de expresi\u00f3n sea real. Visita nuestro medio informativo publicado desde Hermosillo, Sonora. %","robots":{"index":"index","follow":"follow","max-snippet":"max-snippet:-1","max-image-preview":"max-image-preview:large","max-video-preview":"max-video-preview:-1"},"canonical":"https:\/\/www.sonoraenequipo.com.mx\/se-capacitan-operadores-y-supervisores-de-la-linea-de-emergencias-9-1-1-en-protocolo-alba\/","og_locale":"es_ES","og_type":"article","og_title":"Sonora en Equipo. Se capacitan operadores y supervisores de la l\u00ednea de emergencias 9-1-1 en Protocolo Alba Sonora","og_description":"HERMOSILLO, SONORA.MX.\u2014 Operadores intervinientes y supervisores de la l\u00ednea de emergencias 9-1-1 de Sonora fueron capacitados sobre los conocimientos En Sonora en Equipo publicamos toda la informaci\u00f3n de Sonora, M\u00e9xico y el Mundo de manera oportuna y busca que la libertad de expresi\u00f3n sea real. Visita nuestro medio informativo publicado desde Hermosillo, Sonora. %","og_url":"https:\/\/www.sonoraenequipo.com.mx\/se-capacitan-operadores-y-supervisores-de-la-linea-de-emergencias-9-1-1-en-protocolo-alba\/","og_site_name":"Sonora en Equipo.","article_publisher":"https:\/\/www.facebook.com\/SonoraEE\/","article_author":"https:\/\/www.facebook.com\/SonoraEE","article_published_time":"2021-04-27T00:36:33+00:00","og_image":[{"width":534,"height":400,"url":"https:\/\/www.sonoraenequipo.com.mx\/storage\/2021\/04\/Capacitan-operadores-6_opt.jpg","type":"image\/jpeg"}],"author":"enequipo","twitter_card":"summary_large_image","twitter_creator":"@sonoraenequipo","twitter_site":"@sonoraenequipo","twitter_misc":{"Escrito por":"enequipo","Tiempo de lectura":"2 minutos"},"schema":{"@context":"https:\/\/schema.org","@graph":[{"@type":"Article","@id":"https:\/\/www.sonoraenequipo.com.mx\/se-capacitan-operadores-y-supervisores-de-la-linea-de-emergencias-9-1-1-en-protocolo-alba\/#article","isPartOf":{"@id":"https:\/\/www.sonoraenequipo.com.mx\/se-capacitan-operadores-y-supervisores-de-la-linea-de-emergencias-9-1-1-en-protocolo-alba\/"},"author":{"name":"enequipo","@id":"https:\/\/www.sonoraenequipo.com.mx\/#\/schema\/person\/50102df0fb23a8fa9e8effad8fa81386"},"headline":"Se capacitan operadores y supervisores de la l\u00ednea de emergencias 9-1-1 en Protocolo Alba","datePublished":"2021-04-27T00:36:33+00:00","mainEntityOfPage":{"@id":"https:\/\/www.sonoraenequipo.com.mx\/se-capacitan-operadores-y-supervisores-de-la-linea-de-emergencias-9-1-1-en-protocolo-alba\/"},"wordCount":311,"commentCount":0,"publisher":{"@id":"https:\/\/www.sonoraenequipo.com.mx\/#organization"},"image":{"@id":"https:\/\/www.sonoraenequipo.com.mx\/se-capacitan-operadores-y-supervisores-de-la-linea-de-emergencias-9-1-1-en-protocolo-alba\/#primaryimage"},"thumbnailUrl":"https:\/\/www.sonoraenequipo.com.mx\/storage\/2021\/04\/Capacitan-operadores-6_opt.jpg","articleSection":["Sonora"],"inLanguage":"es","potentialAction":[{"@type":"CommentAction","name":"Comment","target":["https:\/\/www.sonoraenequipo.com.mx\/se-capacitan-operadores-y-supervisores-de-la-linea-de-emergencias-9-1-1-en-protocolo-alba\/#respond"]}]},{"@type":"WebPage","@id":"https:\/\/www.sonoraenequipo.com.mx\/se-capacitan-operadores-y-supervisores-de-la-linea-de-emergencias-9-1-1-en-protocolo-alba\/","url":"https:\/\/www.sonoraenequipo.com.mx\/se-capacitan-operadores-y-supervisores-de-la-linea-de-emergencias-9-1-1-en-protocolo-alba\/","name":"Sonora en Equipo. Se capacitan operadores y supervisores de la l\u00ednea de emergencias 9-1-1 en Protocolo Alba Sonora","isPartOf":{"@id":"https:\/\/www.sonoraenequipo.com.mx\/#website"},"primaryImageOfPage":{"@id":"https:\/\/www.sonoraenequipo.com.mx\/se-capacitan-operadores-y-supervisores-de-la-linea-de-emergencias-9-1-1-en-protocolo-alba\/#primaryimage"},"image":{"@id":"https:\/\/www.sonoraenequipo.com.mx\/se-capacitan-operadores-y-supervisores-de-la-linea-de-emergencias-9-1-1-en-protocolo-alba\/#primaryimage"},"thumbnailUrl":"https:\/\/www.sonoraenequipo.com.mx\/storage\/2021\/04\/Capacitan-operadores-6_opt.jpg","datePublished":"2021-04-27T00:36:33+00:00","description":"HERMOSILLO, SONORA.MX.\u2014 Operadores intervinientes y supervisores de la l\u00ednea de emergencias 9-1-1 de Sonora fueron capacitados sobre los conocimientos En Sonora en Equipo publicamos toda la informaci\u00f3n de Sonora, M\u00e9xico y el Mundo de manera oportuna y busca que la libertad de expresi\u00f3n sea real. Visita nuestro medio informativo publicado desde Hermosillo, Sonora. %","breadcrumb":{"@id":"https:\/\/www.sonoraenequipo.com.mx\/se-capacitan-operadores-y-supervisores-de-la-linea-de-emergencias-9-1-1-en-protocolo-alba\/#breadcrumb"},"inLanguage":"es","potentialAction":[{"@type":"ReadAction","target":["https:\/\/www.sonoraenequipo.com.mx\/se-capacitan-operadores-y-supervisores-de-la-linea-de-emergencias-9-1-1-en-protocolo-alba\/"]}]},{"@type":"ImageObject","inLanguage":"es","@id":"https:\/\/www.sonoraenequipo.com.mx\/se-capacitan-operadores-y-supervisores-de-la-linea-de-emergencias-9-1-1-en-protocolo-alba\/#primaryimage","url":"https:\/\/www.sonoraenequipo.com.mx\/storage\/2021\/04\/Capacitan-operadores-6_opt.jpg","contentUrl":"https:\/\/www.sonoraenequipo.com.mx\/storage\/2021\/04\/Capacitan-operadores-6_opt.jpg","width":534,"height":400},{"@type":"BreadcrumbList","@id":"https:\/\/www.sonoraenequipo.com.mx\/se-capacitan-operadores-y-supervisores-de-la-linea-de-emergencias-9-1-1-en-protocolo-alba\/#breadcrumb","itemListElement":[{"@type":"ListItem","position":1,"name":"Portada","item":"https:\/\/www.sonoraenequipo.com.mx\/"},{"@type":"ListItem","position":2,"name":"Se capacitan operadores y supervisores de la l\u00ednea de emergencias 9-1-1 en Protocolo Alba"}]},{"@type":"WebSite","@id":"https:\/\/www.sonoraenequipo.com.mx\/#website","url":"https:\/\/www.sonoraenequipo.com.mx\/","name":"Sonora en Equipo.","description":"Diario en l\u00ednea con Noticias desde Hermosillo, Sonora","publisher":{"@id":"https:\/\/www.sonoraenequipo.com.mx\/#organization"},"potentialAction":[{"@type":"SearchAction","target":{"@type":"EntryPoint","urlTemplate":"https:\/\/www.sonoraenequipo.com.mx\/?s={search_term_string}"},"query-input":{"@type":"PropertyValueSpecification","valueRequired":true,"valueName":"search_term_string"}}],"inLanguage":"es"},{"@type":"Organization","@id":"https:\/\/www.sonoraenequipo.com.mx\/#organization","name":"Sonoraenequipo.com.mx","url":"https:\/\/www.sonoraenequipo.com.mx\/","logo":{"@type":"ImageObject","inLanguage":"es","@id":"https:\/\/www.sonoraenequipo.com.mx\/#\/schema\/logo\/image\/","url":"https:\/\/www.sonoraenequipo.com.mx\/storage\/2019\/01\/sonoraenequipo_opt.png","contentUrl":"https:\/\/www.sonoraenequipo.com.mx\/storage\/2019\/01\/sonoraenequipo_opt.png","width":375,"height":125,"caption":"Sonoraenequipo.com.mx"},"image":{"@id":"https:\/\/www.sonoraenequipo.com.mx\/#\/schema\/logo\/image\/"},"sameAs":["https:\/\/www.facebook.com\/SonoraEE\/","https:\/\/x.com\/sonoraenequipo","https:\/\/www.youtube.com\/channel\/UC338nW-lPEYmJQs4ZABQ1SQ"]},{"@type":"Person","@id":"https:\/\/www.sonoraenequipo.com.mx\/#\/schema\/person\/50102df0fb23a8fa9e8effad8fa81386","name":"enequipo","image":{"@type":"ImageObject","inLanguage":"es","@id":"https:\/\/www.sonoraenequipo.com.mx\/#\/schema\/person\/image\/","url":"https:\/\/secure.gravatar.com\/avatar\/049821681b589dabc0bc20695993ccebb09f5b5d4d790cd9251b97faac7c652b?s=96&d=blank&r=g","contentUrl":"https:\/\/secure.gravatar.com\/avatar\/049821681b589dabc0bc20695993ccebb09f5b5d4d790cd9251b97faac7c652b?s=96&d=blank&r=g","caption":"enequipo"},"sameAs":["https:\/\/www.facebook.com\/SonoraEE"]}]}},"jetpack_featured_media_url":"https:\/\/www.sonoraenequipo.com.mx\/storage\/2021\/04\/Capacitan-operadores-6_opt.jpg","_links":{"self":[{"href":"https:\/\/www.sonoraenequipo.com.mx\/api\/wp\/v2\/posts\/112563","targetHints":{"allow":["GET"]}}],"collection":[{"href":"https:\/\/www.sonoraenequipo.com.mx\/api\/wp\/v2\/posts"}],"about":[{"href":"https:\/\/www.sonoraenequipo.com.mx\/api\/wp\/v2\/types\/post"}],"author":[{"embeddable":true,"href":"https:\/\/www.sonoraenequipo.com.mx\/api\/wp\/v2\/users\/1"}],"replies":[{"embeddable":true,"href":"https:\/\/www.sonoraenequipo.com.mx\/api\/wp\/v2\/comments?post=112563"}],"version-history":[{"count":1,"href":"https:\/\/www.sonoraenequipo.com.mx\/api\/wp\/v2\/posts\/112563\/revisions"}],"predecessor-version":[{"id":112566,"href":"https:\/\/www.sonoraenequipo.com.mx\/api\/wp\/v2\/posts\/112563\/revisions\/112566"}],"wp:featuredmedia":[{"embeddable":true,"href":"https:\/\/www.sonoraenequipo.com.mx\/api\/wp\/v2\/media\/112565"}],"wp:attachment":[{"href":"https:\/\/www.sonoraenequipo.com.mx\/api\/wp\/v2\/media?parent=112563"}],"wp:term":[{"taxonomy":"category","embeddable":true,"href":"https:\/\/www.sonoraenequipo.com.mx\/api\/wp\/v2\/categories?post=112563"},{"taxonomy":"post_tag","embeddable":true,"href":"https:\/\/www.sonoraenequipo.com.mx\/api\/wp\/v2\/tags?post=112563"}],"curies":[{"name":"wp","href":"https:\/\/api.w.org\/{rel}","templated":true}]}}