{"id":112896,"date":"2021-04-30T17:50:28","date_gmt":"2021-05-01T00:50:28","guid":{"rendered":"https:\/\/www.sonoraenequipo.com.mx\/?p=112896"},"modified":"2021-04-30T18:43:49","modified_gmt":"2021-05-01T01:43:49","slug":"presenta-alfonso-durazo-decalogo-a-favor-de-la-infancia-en-sonora","status":"publish","type":"post","link":"https:\/\/www.sonoraenequipo.com.mx\/presenta-alfonso-durazo-decalogo-a-favor-de-la-infancia-en-sonora\/","title":{"rendered":"Presenta Alfonso Durazo dec\u00e1logo a favor de la infancia en Sonora"},"content":{"rendered":"<p>HERMOSILLO, SONORA. MX. \u2014 \u200bTodos los temas relacionados con la infancia tendr\u00e1n un trato preferente y prioritario en las pol\u00edticas de mi gobierno, asegur\u00f3 Alfonso Durazo en su visita al comedor Las Golondrinas de la colonia Las Cuevitas, al norponiente de la ciudad capital.<\/p>\n<p>&nbsp;<\/p>\n<p> <\/p>\n<p>&nbsp;<\/p>\n<p>&nbsp;<\/p>\n<p>Acompa\u00f1ado de C\u00e9lida L\u00f3pez C\u00e1rdenas, quien busca la reelecci\u00f3n en la presidencia municipal de Hermosillo por Morena, el candidato de la alianza \u201cJuntos haremos historia en Sonora\u201d, felicit\u00f3 a Irasema Le\u00f3n, fundadora del comedor, por darle alimentaci\u00f3n digna a muchos peque\u00f1os.<\/p>\n<p>&nbsp;<\/p>\n<p>La ni\u00f1a Zul\u00e9idy, en representaci\u00f3n de los ni\u00f1os, le solicit\u00f3 a Durazo Monta\u00f1o servicio de agua potable, pavimentaci\u00f3n y la instalaci\u00f3n de un parque <em>\u201cpara que los ni\u00f1os tengan una infancia feliz, para que se entretengan\u201d<\/em>.<\/p>\n<p>&nbsp;<\/p>\n<p>El candidato a gobernador se comprometi\u00f3 a apoyar al comedor, a pavimentar, dotar de agua y a construir parques equipados para beneficios de las familias. Posteriormente, dio lectura a diez puntos que ser\u00e1n la base del compromiso de su gobierno con la ni\u00f1ez:<\/p>\n<p>&nbsp;<\/p>\n<p><strong>1. \u200bAsumimos a las ni\u00f1as, ni\u00f1os y adolescentes (NNA) como personas con derechos plenos; no como objetos de protecci\u00f3n ni sujetos de caridad.<\/strong><\/p>\n<p><strong>2.\u200bLa opini\u00f3n de las ni\u00f1as, ni\u00f1os y adolescentes debe ser tomada en cuenta, especialmente en los asuntos que afectan sus vidas.<\/strong><\/p>\n<p><strong>3. \u200bLas ni\u00f1as, ni\u00f1os y adolescentes que se ven forzados a migrar son ni\u00f1as, ni\u00f1os y adolescentes, antes que migrantes y no deben ser tratados como delincuentes.<\/strong><\/p>\n<p><strong>4.\u200b La familia es un derecho que se debe privilegiar. Ya no m\u00e1s ni\u00f1as, ni\u00f1os y adolescentes en las calles, ni institucionalizados, privados del amor y protecci\u00f3n de una familia.<\/strong><\/p>\n<p><strong>5.\u200b La educaci\u00f3n debe ser incluyente, no discriminatoria, y no puede dejar fuera a ni\u00f1as, ni\u00f1os y adolescentes con discapacidades o condiciones diferentes.<\/strong><\/p>\n<p><strong>6. \u200bLa actividad de Protecci\u00f3n Civil debe ser cada vez m\u00e1s profesional y de alta calidad, para proteger a nuestra infancia y evitar tragedias.<\/strong><\/p>\n<p><strong>7.\u200b El desarrollo integral de las ni\u00f1as y ni\u00f1os desde la primera infancia debe ser un asunto prioritario y relevante para cualquier gobierno.<\/strong><\/p>\n<p><strong>8. \u200bLa lactancia materna es un derecho para las madres y para sus beb\u00e9s, por lo que se va a proteger y facilitar como se hace en pa\u00edses de primer mundo.<\/strong><\/p>\n<p><strong>9.\u200b Todos los asuntos relacionados con la infancia tendr\u00e1n un trato preferente y prioritario, en las pol\u00edticas y organizaci\u00f3n del gobierno estatal.<\/strong><\/p>\n<p><strong>10.\u200b La educaci\u00f3n para la igualdad y la equidad de g\u00e9nero se iniciar\u00e1 desde la infancia.<\/strong><\/p>\n<p>&nbsp;<\/p>\n<p>El senador con licencia concluy\u00f3 que garantizar\u00e1 el acceso a una educaci\u00f3n gratuita, culturalmente pertinente y de calidad para todas las ni\u00f1as, ni\u00f1os y adolescentes jornaleros agr\u00edcolas, migrantes; as\u00ed como un programa de becas en Sonora para que puedan continuar con sus estudios y culminar su formaci\u00f3n escolar.<\/p>\n<p>&nbsp;<\/p>\n<p>(Publicada el 30\/04\/2021)<\/p>\n","protected":false},"excerpt":{"rendered":"<p>HERMOSILLO, SONORA. MX. \u2014 \u200bTodos los temas relacionados con la infancia tendr\u00e1n un trato preferente&#8230;<\/p>\n","protected":false},"author":1,"featured_media":112900,"comment_status":"open","ping_status":"open","sticky":false,"template":"","format":"standard","meta":{"_monsterinsights_skip_tracking":false,"_monsterinsights_sitenote_active":false,"_monsterinsights_sitenote_note":"","_monsterinsights_sitenote_category":0,"footnotes":""},"categories":[22],"tags":[],"class_list":["post"],"yoast_head":" \n<title>Sonora en Equipo. Presenta Alfonso Durazo dec\u00e1logo a favor de la infancia en Sonora Sonora<\/title>\n<meta name=\"description\" content=\"HERMOSILLO, SONORA. MX. \u2014 \u200bTodos los temas relacionados con la infancia tendr\u00e1n un trato preferente y prioritario en las pol\u00edticas de mi gobierno, asegur\u00f3 En Sonora en Equipo publicamos toda la informaci\u00f3n de Sonora, M\u00e9xico y el Mundo de manera oportuna y busca que la libertad de expresi\u00f3n sea real. Visita nuestro medio informativo publicado desde Hermosillo, Sonora. %\" \/>\n<meta name=\"robots\" content=\"index, follow, max-snippet:-1, max-image-preview:large, max-video-preview:-1\" \/>\n<link rel=\"canonical\" href=\"https:\/\/www.sonoraenequipo.com.mx\/presenta-alfonso-durazo-decalogo-a-favor-de-la-infancia-en-sonora\/\" \/>\n<meta property=\"og:locale\" content=\"es_ES\" \/>\n<meta property=\"og:type\" content=\"article\" \/>\n<meta property=\"og:title\" content=\"Sonora en Equipo. Presenta Alfonso Durazo dec\u00e1logo a favor de la infancia en Sonora Sonora\" \/>\n<meta property=\"og:description\" content=\"HERMOSILLO, SONORA. MX. \u2014 \u200bTodos los temas relacionados con la infancia tendr\u00e1n un trato preferente y prioritario en las pol\u00edticas de mi gobierno, asegur\u00f3 En Sonora en Equipo publicamos toda la informaci\u00f3n de Sonora, M\u00e9xico y el Mundo de manera oportuna y busca que la libertad de expresi\u00f3n sea real. Visita nuestro medio informativo publicado desde Hermosillo, Sonora. %\" \/>\n<meta property=\"og:url\" content=\"https:\/\/www.sonoraenequipo.com.mx\/presenta-alfonso-durazo-decalogo-a-favor-de-la-infancia-en-sonora\/\" \/>\n<meta property=\"og:site_name\" content=\"Sonora en Equipo.\" \/>\n<meta property=\"article:publisher\" content=\"https:\/\/www.facebook.com\/SonoraEE\/\" \/>\n<meta property=\"article:author\" content=\"https:\/\/www.facebook.com\/SonoraEE\" \/>\n<meta property=\"article:published_time\" content=\"2021-05-01T00:50:28+00:00\" \/>\n<meta property=\"article:modified_time\" content=\"2021-05-01T01:43:49+00:00\" \/>\n<meta property=\"og:image\" content=\"https:\/\/www.sonoraenequipo.com.mx\/storage\/2021\/04\/celida-y-alfonso-durazo_opt.jpg\" \/>\n\t<meta property=\"og:image:width\" content=\"600\" \/>\n\t<meta property=\"og:image:height\" content=\"400\" \/>\n\t<meta property=\"og:image:type\" content=\"image\/jpeg\" \/>\n<meta name=\"author\" content=\"enequipo\" \/>\n<meta name=\"twitter:card\" content=\"summary_large_image\" \/>\n<meta name=\"twitter:creator\" content=\"@sonoraenequipo\" \/>\n<meta name=\"twitter:site\" content=\"@sonoraenequipo\" \/>\n<meta name=\"twitter:label1\" content=\"Escrito por\" \/>\n\t<meta name=\"twitter:data1\" content=\"enequipo\" \/>\n\t<meta name=\"twitter:label2\" content=\"Tiempo de lectura\" \/>\n\t<meta name=\"twitter:data2\" content=\"2 minutos\" \/>\n<script type=\"application\/ld+json\" class=\"yoast-schema-graph\">{\"@context\":\"https:\/\/schema.org\",\"@graph\":[{\"@type\":\"Article\",\"@id\":\"https:\/\/www.sonoraenequipo.com.mx\/presenta-alfonso-durazo-decalogo-a-favor-de-la-infancia-en-sonora\/#article\",\"isPartOf\":{\"@id\":\"https:\/\/www.sonoraenequipo.com.mx\/presenta-alfonso-durazo-decalogo-a-favor-de-la-infancia-en-sonora\/\"},\"author\":{\"name\":\"enequipo\",\"@id\":\"https:\/\/www.sonoraenequipo.com.mx\/#\/schema\/person\/50102df0fb23a8fa9e8effad8fa81386\"},\"headline\":\"Presenta Alfonso Durazo dec\u00e1logo a favor de la infancia en Sonora\",\"datePublished\":\"2021-05-01T00:50:28+00:00\",\"dateModified\":\"2021-05-01T01:43:49+00:00\",\"mainEntityOfPage\":{\"@id\":\"https:\/\/www.sonoraenequipo.com.mx\/presenta-alfonso-durazo-decalogo-a-favor-de-la-infancia-en-sonora\/\"},\"wordCount\":517,\"commentCount\":0,\"publisher\":{\"@id\":\"https:\/\/www.sonoraenequipo.com.mx\/#organization\"},\"image\":{\"@id\":\"https:\/\/www.sonoraenequipo.com.mx\/presenta-alfonso-durazo-decalogo-a-favor-de-la-infancia-en-sonora\/#primaryimage\"},\"thumbnailUrl\":\"https:\/\/www.sonoraenequipo.com.mx\/storage\/2021\/04\/celida-y-alfonso-durazo_opt.jpg\",\"articleSection\":[\"Sonora\"],\"inLanguage\":\"es\",\"potentialAction\":[{\"@type\":\"CommentAction\",\"name\":\"Comment\",\"target\":[\"https:\/\/www.sonoraenequipo.com.mx\/presenta-alfonso-durazo-decalogo-a-favor-de-la-infancia-en-sonora\/#respond\"]}]},{\"@type\":\"WebPage\",\"@id\":\"https:\/\/www.sonoraenequipo.com.mx\/presenta-alfonso-durazo-decalogo-a-favor-de-la-infancia-en-sonora\/\",\"url\":\"https:\/\/www.sonoraenequipo.com.mx\/presenta-alfonso-durazo-decalogo-a-favor-de-la-infancia-en-sonora\/\",\"name\":\"Sonora en Equipo. Presenta Alfonso Durazo dec\u00e1logo a favor de la infancia en Sonora Sonora\",\"isPartOf\":{\"@id\":\"https:\/\/www.sonoraenequipo.com.mx\/#website\"},\"primaryImageOfPage\":{\"@id\":\"https:\/\/www.sonoraenequipo.com.mx\/presenta-alfonso-durazo-decalogo-a-favor-de-la-infancia-en-sonora\/#primaryimage\"},\"image\":{\"@id\":\"https:\/\/www.sonoraenequipo.com.mx\/presenta-alfonso-durazo-decalogo-a-favor-de-la-infancia-en-sonora\/#primaryimage\"},\"thumbnailUrl\":\"https:\/\/www.sonoraenequipo.com.mx\/storage\/2021\/04\/celida-y-alfonso-durazo_opt.jpg\",\"datePublished\":\"2021-05-01T00:50:28+00:00\",\"dateModified\":\"2021-05-01T01:43:49+00:00\",\"description\":\"HERMOSILLO, SONORA. MX. \u2014 \u200bTodos los temas relacionados con la infancia tendr\u00e1n un trato preferente y prioritario en las pol\u00edticas de mi gobierno, asegur\u00f3 En Sonora en Equipo publicamos toda la informaci\u00f3n de Sonora, M\u00e9xico y el Mundo de manera oportuna y busca que la libertad de expresi\u00f3n sea real. Visita nuestro medio informativo publicado desde Hermosillo, Sonora. %\",\"breadcrumb\":{\"@id\":\"https:\/\/www.sonoraenequipo.com.mx\/presenta-alfonso-durazo-decalogo-a-favor-de-la-infancia-en-sonora\/#breadcrumb\"},\"inLanguage\":\"es\",\"potentialAction\":[{\"@type\":\"ReadAction\",\"target\":[\"https:\/\/www.sonoraenequipo.com.mx\/presenta-alfonso-durazo-decalogo-a-favor-de-la-infancia-en-sonora\/\"]}]},{\"@type\":\"ImageObject\",\"inLanguage\":\"es\",\"@id\":\"https:\/\/www.sonoraenequipo.com.mx\/presenta-alfonso-durazo-decalogo-a-favor-de-la-infancia-en-sonora\/#primaryimage\",\"url\":\"https:\/\/www.sonoraenequipo.com.mx\/storage\/2021\/04\/celida-y-alfonso-durazo_opt.jpg\",\"contentUrl\":\"https:\/\/www.sonoraenequipo.com.mx\/storage\/2021\/04\/celida-y-alfonso-durazo_opt.jpg\",\"width\":600,\"height\":400},{\"@type\":\"BreadcrumbList\",\"@id\":\"https:\/\/www.sonoraenequipo.com.mx\/presenta-alfonso-durazo-decalogo-a-favor-de-la-infancia-en-sonora\/#breadcrumb\",\"itemListElement\":[{\"@type\":\"ListItem\",\"position\":1,\"name\":\"Portada\",\"item\":\"https:\/\/www.sonoraenequipo.com.mx\/\"},{\"@type\":\"ListItem\",\"position\":2,\"name\":\"Presenta Alfonso Durazo dec\u00e1logo a favor de la infancia en Sonora\"}]},{\"@type\":\"WebSite\",\"@id\":\"https:\/\/www.sonoraenequipo.com.mx\/#website\",\"url\":\"https:\/\/www.sonoraenequipo.com.mx\/\",\"name\":\"Sonora en Equipo.\",\"description\":\"Diario en l\u00ednea con Noticias desde Hermosillo, Sonora\",\"publisher\":{\"@id\":\"https:\/\/www.sonoraenequipo.com.mx\/#organization\"},\"potentialAction\":[{\"@type\":\"SearchAction\",\"target\":{\"@type\":\"EntryPoint\",\"urlTemplate\":\"https:\/\/www.sonoraenequipo.com.mx\/?s={search_term_string}\"},\"query-input\":{\"@type\":\"PropertyValueSpecification\",\"valueRequired\":true,\"valueName\":\"search_term_string\"}}],\"inLanguage\":\"es\"},{\"@type\":\"Organization\",\"@id\":\"https:\/\/www.sonoraenequipo.com.mx\/#organization\",\"name\":\"Sonoraenequipo.com.mx\",\"url\":\"https:\/\/www.sonoraenequipo.com.mx\/\",\"logo\":{\"@type\":\"ImageObject\",\"inLanguage\":\"es\",\"@id\":\"https:\/\/www.sonoraenequipo.com.mx\/#\/schema\/logo\/image\/\",\"url\":\"https:\/\/www.sonoraenequipo.com.mx\/storage\/2019\/01\/sonoraenequipo_opt.png\",\"contentUrl\":\"https:\/\/www.sonoraenequipo.com.mx\/storage\/2019\/01\/sonoraenequipo_opt.png\",\"width\":375,\"height\":125,\"caption\":\"Sonoraenequipo.com.mx\"},\"image\":{\"@id\":\"https:\/\/www.sonoraenequipo.com.mx\/#\/schema\/logo\/image\/\"},\"sameAs\":[\"https:\/\/www.facebook.com\/SonoraEE\/\",\"https:\/\/x.com\/sonoraenequipo\",\"https:\/\/www.youtube.com\/channel\/UC338nW-lPEYmJQs4ZABQ1SQ\"]},{\"@type\":\"Person\",\"@id\":\"https:\/\/www.sonoraenequipo.com.mx\/#\/schema\/person\/50102df0fb23a8fa9e8effad8fa81386\",\"name\":\"enequipo\",\"image\":{\"@type\":\"ImageObject\",\"inLanguage\":\"es\",\"@id\":\"https:\/\/www.sonoraenequipo.com.mx\/#\/schema\/person\/image\/\",\"url\":\"https:\/\/secure.gravatar.com\/avatar\/049821681b589dabc0bc20695993ccebb09f5b5d4d790cd9251b97faac7c652b?s=96&d=blank&r=g\",\"contentUrl\":\"https:\/\/secure.gravatar.com\/avatar\/049821681b589dabc0bc20695993ccebb09f5b5d4d790cd9251b97faac7c652b?s=96&d=blank&r=g\",\"caption\":\"enequipo\"},\"sameAs\":[\"https:\/\/www.facebook.com\/SonoraEE\"]}]}<\/script>\n ","yoast_head_json":{"title":"Sonora en Equipo. Presenta Alfonso Durazo dec\u00e1logo a favor de la infancia en Sonora Sonora","description":"HERMOSILLO, SONORA. MX. \u2014 \u200bTodos los temas relacionados con la infancia tendr\u00e1n un trato preferente y prioritario en las pol\u00edticas de mi gobierno, asegur\u00f3 En Sonora en Equipo publicamos toda la informaci\u00f3n de Sonora, M\u00e9xico y el Mundo de manera oportuna y busca que la libertad de expresi\u00f3n sea real. Visita nuestro medio informativo publicado desde Hermosillo, Sonora. %","robots":{"index":"index","follow":"follow","max-snippet":"max-snippet:-1","max-image-preview":"max-image-preview:large","max-video-preview":"max-video-preview:-1"},"canonical":"https:\/\/www.sonoraenequipo.com.mx\/presenta-alfonso-durazo-decalogo-a-favor-de-la-infancia-en-sonora\/","og_locale":"es_ES","og_type":"article","og_title":"Sonora en Equipo. Presenta Alfonso Durazo dec\u00e1logo a favor de la infancia en Sonora Sonora","og_description":"HERMOSILLO, SONORA. MX. \u2014 \u200bTodos los temas relacionados con la infancia tendr\u00e1n un trato preferente y prioritario en las pol\u00edticas de mi gobierno, asegur\u00f3 En Sonora en Equipo publicamos toda la informaci\u00f3n de Sonora, M\u00e9xico y el Mundo de manera oportuna y busca que la libertad de expresi\u00f3n sea real. Visita nuestro medio informativo publicado desde Hermosillo, Sonora. %","og_url":"https:\/\/www.sonoraenequipo.com.mx\/presenta-alfonso-durazo-decalogo-a-favor-de-la-infancia-en-sonora\/","og_site_name":"Sonora en Equipo.","article_publisher":"https:\/\/www.facebook.com\/SonoraEE\/","article_author":"https:\/\/www.facebook.com\/SonoraEE","article_published_time":"2021-05-01T00:50:28+00:00","article_modified_time":"2021-05-01T01:43:49+00:00","og_image":[{"width":600,"height":400,"url":"https:\/\/www.sonoraenequipo.com.mx\/storage\/2021\/04\/celida-y-alfonso-durazo_opt.jpg","type":"image\/jpeg"}],"author":"enequipo","twitter_card":"summary_large_image","twitter_creator":"@sonoraenequipo","twitter_site":"@sonoraenequipo","twitter_misc":{"Escrito por":"enequipo","Tiempo de lectura":"2 minutos"},"schema":{"@context":"https:\/\/schema.org","@graph":[{"@type":"Article","@id":"https:\/\/www.sonoraenequipo.com.mx\/presenta-alfonso-durazo-decalogo-a-favor-de-la-infancia-en-sonora\/#article","isPartOf":{"@id":"https:\/\/www.sonoraenequipo.com.mx\/presenta-alfonso-durazo-decalogo-a-favor-de-la-infancia-en-sonora\/"},"author":{"name":"enequipo","@id":"https:\/\/www.sonoraenequipo.com.mx\/#\/schema\/person\/50102df0fb23a8fa9e8effad8fa81386"},"headline":"Presenta Alfonso Durazo dec\u00e1logo a favor de la infancia en Sonora","datePublished":"2021-05-01T00:50:28+00:00","dateModified":"2021-05-01T01:43:49+00:00","mainEntityOfPage":{"@id":"https:\/\/www.sonoraenequipo.com.mx\/presenta-alfonso-durazo-decalogo-a-favor-de-la-infancia-en-sonora\/"},"wordCount":517,"commentCount":0,"publisher":{"@id":"https:\/\/www.sonoraenequipo.com.mx\/#organization"},"image":{"@id":"https:\/\/www.sonoraenequipo.com.mx\/presenta-alfonso-durazo-decalogo-a-favor-de-la-infancia-en-sonora\/#primaryimage"},"thumbnailUrl":"https:\/\/www.sonoraenequipo.com.mx\/storage\/2021\/04\/celida-y-alfonso-durazo_opt.jpg","articleSection":["Sonora"],"inLanguage":"es","potentialAction":[{"@type":"CommentAction","name":"Comment","target":["https:\/\/www.sonoraenequipo.com.mx\/presenta-alfonso-durazo-decalogo-a-favor-de-la-infancia-en-sonora\/#respond"]}]},{"@type":"WebPage","@id":"https:\/\/www.sonoraenequipo.com.mx\/presenta-alfonso-durazo-decalogo-a-favor-de-la-infancia-en-sonora\/","url":"https:\/\/www.sonoraenequipo.com.mx\/presenta-alfonso-durazo-decalogo-a-favor-de-la-infancia-en-sonora\/","name":"Sonora en Equipo. Presenta Alfonso Durazo dec\u00e1logo a favor de la infancia en Sonora Sonora","isPartOf":{"@id":"https:\/\/www.sonoraenequipo.com.mx\/#website"},"primaryImageOfPage":{"@id":"https:\/\/www.sonoraenequipo.com.mx\/presenta-alfonso-durazo-decalogo-a-favor-de-la-infancia-en-sonora\/#primaryimage"},"image":{"@id":"https:\/\/www.sonoraenequipo.com.mx\/presenta-alfonso-durazo-decalogo-a-favor-de-la-infancia-en-sonora\/#primaryimage"},"thumbnailUrl":"https:\/\/www.sonoraenequipo.com.mx\/storage\/2021\/04\/celida-y-alfonso-durazo_opt.jpg","datePublished":"2021-05-01T00:50:28+00:00","dateModified":"2021-05-01T01:43:49+00:00","description":"HERMOSILLO, SONORA. MX. \u2014 \u200bTodos los temas relacionados con la infancia tendr\u00e1n un trato preferente y prioritario en las pol\u00edticas de mi gobierno, asegur\u00f3 En Sonora en Equipo publicamos toda la informaci\u00f3n de Sonora, M\u00e9xico y el Mundo de manera oportuna y busca que la libertad de expresi\u00f3n sea real. Visita nuestro medio informativo publicado desde Hermosillo, Sonora. %","breadcrumb":{"@id":"https:\/\/www.sonoraenequipo.com.mx\/presenta-alfonso-durazo-decalogo-a-favor-de-la-infancia-en-sonora\/#breadcrumb"},"inLanguage":"es","potentialAction":[{"@type":"ReadAction","target":["https:\/\/www.sonoraenequipo.com.mx\/presenta-alfonso-durazo-decalogo-a-favor-de-la-infancia-en-sonora\/"]}]},{"@type":"ImageObject","inLanguage":"es","@id":"https:\/\/www.sonoraenequipo.com.mx\/presenta-alfonso-durazo-decalogo-a-favor-de-la-infancia-en-sonora\/#primaryimage","url":"https:\/\/www.sonoraenequipo.com.mx\/storage\/2021\/04\/celida-y-alfonso-durazo_opt.jpg","contentUrl":"https:\/\/www.sonoraenequipo.com.mx\/storage\/2021\/04\/celida-y-alfonso-durazo_opt.jpg","width":600,"height":400},{"@type":"BreadcrumbList","@id":"https:\/\/www.sonoraenequipo.com.mx\/presenta-alfonso-durazo-decalogo-a-favor-de-la-infancia-en-sonora\/#breadcrumb","itemListElement":[{"@type":"ListItem","position":1,"name":"Portada","item":"https:\/\/www.sonoraenequipo.com.mx\/"},{"@type":"ListItem","position":2,"name":"Presenta Alfonso Durazo dec\u00e1logo a favor de la infancia en Sonora"}]},{"@type":"WebSite","@id":"https:\/\/www.sonoraenequipo.com.mx\/#website","url":"https:\/\/www.sonoraenequipo.com.mx\/","name":"Sonora en Equipo.","description":"Diario en l\u00ednea con Noticias desde Hermosillo, Sonora","publisher":{"@id":"https:\/\/www.sonoraenequipo.com.mx\/#organization"},"potentialAction":[{"@type":"SearchAction","target":{"@type":"EntryPoint","urlTemplate":"https:\/\/www.sonoraenequipo.com.mx\/?s={search_term_string}"},"query-input":{"@type":"PropertyValueSpecification","valueRequired":true,"valueName":"search_term_string"}}],"inLanguage":"es"},{"@type":"Organization","@id":"https:\/\/www.sonoraenequipo.com.mx\/#organization","name":"Sonoraenequipo.com.mx","url":"https:\/\/www.sonoraenequipo.com.mx\/","logo":{"@type":"ImageObject","inLanguage":"es","@id":"https:\/\/www.sonoraenequipo.com.mx\/#\/schema\/logo\/image\/","url":"https:\/\/www.sonoraenequipo.com.mx\/storage\/2019\/01\/sonoraenequipo_opt.png","contentUrl":"https:\/\/www.sonoraenequipo.com.mx\/storage\/2019\/01\/sonoraenequipo_opt.png","width":375,"height":125,"caption":"Sonoraenequipo.com.mx"},"image":{"@id":"https:\/\/www.sonoraenequipo.com.mx\/#\/schema\/logo\/image\/"},"sameAs":["https:\/\/www.facebook.com\/SonoraEE\/","https:\/\/x.com\/sonoraenequipo","https:\/\/www.youtube.com\/channel\/UC338nW-lPEYmJQs4ZABQ1SQ"]},{"@type":"Person","@id":"https:\/\/www.sonoraenequipo.com.mx\/#\/schema\/person\/50102df0fb23a8fa9e8effad8fa81386","name":"enequipo","image":{"@type":"ImageObject","inLanguage":"es","@id":"https:\/\/www.sonoraenequipo.com.mx\/#\/schema\/person\/image\/","url":"https:\/\/secure.gravatar.com\/avatar\/049821681b589dabc0bc20695993ccebb09f5b5d4d790cd9251b97faac7c652b?s=96&d=blank&r=g","contentUrl":"https:\/\/secure.gravatar.com\/avatar\/049821681b589dabc0bc20695993ccebb09f5b5d4d790cd9251b97faac7c652b?s=96&d=blank&r=g","caption":"enequipo"},"sameAs":["https:\/\/www.facebook.com\/SonoraEE"]}]}},"jetpack_featured_media_url":"https:\/\/www.sonoraenequipo.com.mx\/storage\/2021\/04\/celida-y-alfonso-durazo_opt.jpg","_links":{"self":[{"href":"https:\/\/www.sonoraenequipo.com.mx\/api\/wp\/v2\/posts\/112896","targetHints":{"allow":["GET"]}}],"collection":[{"href":"https:\/\/www.sonoraenequipo.com.mx\/api\/wp\/v2\/posts"}],"about":[{"href":"https:\/\/www.sonoraenequipo.com.mx\/api\/wp\/v2\/types\/post"}],"author":[{"embeddable":true,"href":"https:\/\/www.sonoraenequipo.com.mx\/api\/wp\/v2\/users\/1"}],"replies":[{"embeddable":true,"href":"https:\/\/www.sonoraenequipo.com.mx\/api\/wp\/v2\/comments?post=112896"}],"version-history":[{"count":3,"href":"https:\/\/www.sonoraenequipo.com.mx\/api\/wp\/v2\/posts\/112896\/revisions"}],"predecessor-version":[{"id":112903,"href":"https:\/\/www.sonoraenequipo.com.mx\/api\/wp\/v2\/posts\/112896\/revisions\/112903"}],"wp:featuredmedia":[{"embeddable":true,"href":"https:\/\/www.sonoraenequipo.com.mx\/api\/wp\/v2\/media\/112900"}],"wp:attachment":[{"href":"https:\/\/www.sonoraenequipo.com.mx\/api\/wp\/v2\/media?parent=112896"}],"wp:term":[{"taxonomy":"category","embeddable":true,"href":"https:\/\/www.sonoraenequipo.com.mx\/api\/wp\/v2\/categories?post=112896"},{"taxonomy":"post_tag","embeddable":true,"href":"https:\/\/www.sonoraenequipo.com.mx\/api\/wp\/v2\/tags?post=112896"}],"curies":[{"name":"wp","href":"https:\/\/api.w.org\/{rel}","templated":true}]}}