{"id":112904,"date":"2021-04-30T18:18:59","date_gmt":"2021-05-01T01:18:59","guid":{"rendered":"https:\/\/www.sonoraenequipo.com.mx\/?p=112904"},"modified":"2021-04-30T19:00:16","modified_gmt":"2021-05-01T02:00:16","slug":"declara-camara-de-diputados-procedente-el-desafuero-del-gobernador-garcia-cabeza-de-vaca","status":"publish","type":"post","link":"https:\/\/www.sonoraenequipo.com.mx\/declara-camara-de-diputados-procedente-el-desafuero-del-gobernador-garcia-cabeza-de-vaca\/","title":{"rendered":"Declara C\u00e1mara de Diputados procedente el desafuero del gobernador Garc\u00eda Cabeza de Vaca"},"content":{"rendered":"<p>CIUDAD DE M\u00c9XICO. MX. \u2014 El pleno de la C\u00e1mara de Diputados aval\u00f3 el dictamen de la Secci\u00f3n Instructora referente al desafuero del gobernador panista de Tamaulipas, Francisco Javier Garc\u00eda Cabeza de Vaca, con 302 votos a favor, 134 en contra y 14 abstenciones.<\/p>\n<p>&nbsp;<\/p>\n<p> <\/p>\n<p>&nbsp;<\/p>\n<p><strong>Se ordena comunicar la resoluci\u00f3n al Congreso de Tamaulipas.<\/strong><\/p>\n<p>En punto de las 11:03, la presidenta de la C\u00e1mara de Diputados inici\u00f3 la sesi\u00f3n donde el pleno se erigir\u00e1 como Jurado de Procedencia para desahogar el juicio de procedencia por el desafuero en contra del gobernador panista de Tamaulipas, Francisco Javier Garc\u00eda Cabeza de Vaca.<\/p>\n<p>&nbsp;<\/p>\n<p>La Secci\u00f3n Instructora de la C\u00e1mara de Diputados solo encontr\u00f3 elementos que le permiten acreditar la probable responsabilidad del gobernador panista de Tamaulipas, Francisco Javier Garc\u00eda Cabeza de Vaca, en el delito de defraudaci\u00f3n fiscal equiparada por presuntamente haber omitido el pago de seis millones 511 mil 777 pesos de impuestos por la venta de un departamento en Santa Fe en la Ciudad de M\u00e9xico.<\/p>\n<p>&nbsp;<\/p>\n<p>Este jueves por la noche, con 342 votos a favor, 103 en contra y una abstenci\u00f3n, el pleno de la C\u00e1mara de Diputados aprob\u00f3 las reglas para el desahogo del debate, y en su caso aprobaci\u00f3n del desafuero del gobernador panista de Tamaulipas, Francisco Javier Garc\u00eda Cabeza de Vaca.<\/p>\n<p>&nbsp;<\/p>\n<p>&nbsp;<\/p>\n<p>(Publicada el 30\/04\/2021)<\/p>\n","protected":false},"excerpt":{"rendered":"<p>CIUDAD DE M\u00c9XICO. MX. \u2014 El pleno de la C\u00e1mara de Diputados aval\u00f3 el dictamen&#8230;<\/p>\n","protected":false},"author":1,"featured_media":112905,"comment_status":"open","ping_status":"open","sticky":false,"template":"","format":"standard","meta":{"_monsterinsights_skip_tracking":false,"_monsterinsights_sitenote_active":false,"_monsterinsights_sitenote_note":"","_monsterinsights_sitenote_category":0,"footnotes":""},"categories":[5],"tags":[],"class_list":["post"],"yoast_head":" \n<title>Sonora en Equipo. Declara C\u00e1mara de Diputados procedente el desafuero del gobernador Garc\u00eda Cabeza de Vaca Rep\u00fablica<\/title>\n<meta name=\"description\" content=\"CIUDAD DE M\u00c9XICO. MX. \u2014 El pleno de la C\u00e1mara de Diputados aval\u00f3 el dictamen de la Secci\u00f3n Instructora referente al desafuero del gobernador panista de En Sonora en Equipo publicamos toda la informaci\u00f3n de Sonora, M\u00e9xico y el Mundo de manera oportuna y busca que la libertad de expresi\u00f3n sea real. Visita nuestro medio informativo publicado desde Hermosillo, Sonora. %\" \/>\n<meta name=\"robots\" content=\"index, follow, max-snippet:-1, max-image-preview:large, max-video-preview:-1\" \/>\n<link rel=\"canonical\" href=\"https:\/\/www.sonoraenequipo.com.mx\/declara-camara-de-diputados-procedente-el-desafuero-del-gobernador-garcia-cabeza-de-vaca\/\" \/>\n<meta property=\"og:locale\" content=\"es_ES\" \/>\n<meta property=\"og:type\" content=\"article\" \/>\n<meta property=\"og:title\" content=\"Sonora en Equipo. Declara C\u00e1mara de Diputados procedente el desafuero del gobernador Garc\u00eda Cabeza de Vaca Rep\u00fablica\" \/>\n<meta property=\"og:description\" content=\"CIUDAD DE M\u00c9XICO. MX. \u2014 El pleno de la C\u00e1mara de Diputados aval\u00f3 el dictamen de la Secci\u00f3n Instructora referente al desafuero del gobernador panista de En Sonora en Equipo publicamos toda la informaci\u00f3n de Sonora, M\u00e9xico y el Mundo de manera oportuna y busca que la libertad de expresi\u00f3n sea real. Visita nuestro medio informativo publicado desde Hermosillo, Sonora. %\" \/>\n<meta property=\"og:url\" content=\"https:\/\/www.sonoraenequipo.com.mx\/declara-camara-de-diputados-procedente-el-desafuero-del-gobernador-garcia-cabeza-de-vaca\/\" \/>\n<meta property=\"og:site_name\" content=\"Sonora en Equipo.\" \/>\n<meta property=\"article:publisher\" content=\"https:\/\/www.facebook.com\/SonoraEE\/\" \/>\n<meta property=\"article:author\" content=\"https:\/\/www.facebook.com\/SonoraEE\" \/>\n<meta property=\"article:published_time\" content=\"2021-05-01T01:18:59+00:00\" \/>\n<meta property=\"article:modified_time\" content=\"2021-05-01T02:00:16+00:00\" \/>\n<meta property=\"og:image\" content=\"https:\/\/www.sonoraenequipo.com.mx\/storage\/2021\/04\/cabeza-de-vaca_opt.jpg\" \/>\n\t<meta property=\"og:image:width\" content=\"599\" \/>\n\t<meta property=\"og:image:height\" content=\"400\" \/>\n\t<meta property=\"og:image:type\" content=\"image\/jpeg\" \/>\n<meta name=\"author\" content=\"enequipo\" \/>\n<meta name=\"twitter:card\" content=\"summary_large_image\" \/>\n<meta name=\"twitter:creator\" content=\"@sonoraenequipo\" \/>\n<meta name=\"twitter:site\" content=\"@sonoraenequipo\" \/>\n<meta name=\"twitter:label1\" content=\"Escrito por\" \/>\n\t<meta name=\"twitter:data1\" content=\"enequipo\" \/>\n\t<meta name=\"twitter:label2\" content=\"Tiempo de lectura\" \/>\n\t<meta name=\"twitter:data2\" content=\"1 minuto\" \/>\n<script type=\"application\/ld+json\" class=\"yoast-schema-graph\">{\"@context\":\"https:\/\/schema.org\",\"@graph\":[{\"@type\":\"Article\",\"@id\":\"https:\/\/www.sonoraenequipo.com.mx\/declara-camara-de-diputados-procedente-el-desafuero-del-gobernador-garcia-cabeza-de-vaca\/#article\",\"isPartOf\":{\"@id\":\"https:\/\/www.sonoraenequipo.com.mx\/declara-camara-de-diputados-procedente-el-desafuero-del-gobernador-garcia-cabeza-de-vaca\/\"},\"author\":{\"name\":\"enequipo\",\"@id\":\"https:\/\/www.sonoraenequipo.com.mx\/#\/schema\/person\/50102df0fb23a8fa9e8effad8fa81386\"},\"headline\":\"Declara C\u00e1mara de Diputados procedente el desafuero del gobernador Garc\u00eda Cabeza de Vaca\",\"datePublished\":\"2021-05-01T01:18:59+00:00\",\"dateModified\":\"2021-05-01T02:00:16+00:00\",\"mainEntityOfPage\":{\"@id\":\"https:\/\/www.sonoraenequipo.com.mx\/declara-camara-de-diputados-procedente-el-desafuero-del-gobernador-garcia-cabeza-de-vaca\/\"},\"wordCount\":244,\"commentCount\":0,\"publisher\":{\"@id\":\"https:\/\/www.sonoraenequipo.com.mx\/#organization\"},\"image\":{\"@id\":\"https:\/\/www.sonoraenequipo.com.mx\/declara-camara-de-diputados-procedente-el-desafuero-del-gobernador-garcia-cabeza-de-vaca\/#primaryimage\"},\"thumbnailUrl\":\"https:\/\/www.sonoraenequipo.com.mx\/storage\/2021\/04\/cabeza-de-vaca_opt.jpg\",\"articleSection\":[\"Rep\u00fablica\"],\"inLanguage\":\"es\",\"potentialAction\":[{\"@type\":\"CommentAction\",\"name\":\"Comment\",\"target\":[\"https:\/\/www.sonoraenequipo.com.mx\/declara-camara-de-diputados-procedente-el-desafuero-del-gobernador-garcia-cabeza-de-vaca\/#respond\"]}]},{\"@type\":\"WebPage\",\"@id\":\"https:\/\/www.sonoraenequipo.com.mx\/declara-camara-de-diputados-procedente-el-desafuero-del-gobernador-garcia-cabeza-de-vaca\/\",\"url\":\"https:\/\/www.sonoraenequipo.com.mx\/declara-camara-de-diputados-procedente-el-desafuero-del-gobernador-garcia-cabeza-de-vaca\/\",\"name\":\"Sonora en Equipo. Declara C\u00e1mara de Diputados procedente el desafuero del gobernador Garc\u00eda Cabeza de Vaca Rep\u00fablica\",\"isPartOf\":{\"@id\":\"https:\/\/www.sonoraenequipo.com.mx\/#website\"},\"primaryImageOfPage\":{\"@id\":\"https:\/\/www.sonoraenequipo.com.mx\/declara-camara-de-diputados-procedente-el-desafuero-del-gobernador-garcia-cabeza-de-vaca\/#primaryimage\"},\"image\":{\"@id\":\"https:\/\/www.sonoraenequipo.com.mx\/declara-camara-de-diputados-procedente-el-desafuero-del-gobernador-garcia-cabeza-de-vaca\/#primaryimage\"},\"thumbnailUrl\":\"https:\/\/www.sonoraenequipo.com.mx\/storage\/2021\/04\/cabeza-de-vaca_opt.jpg\",\"datePublished\":\"2021-05-01T01:18:59+00:00\",\"dateModified\":\"2021-05-01T02:00:16+00:00\",\"description\":\"CIUDAD DE M\u00c9XICO. MX. \u2014 El pleno de la C\u00e1mara de Diputados aval\u00f3 el dictamen de la Secci\u00f3n Instructora referente al desafuero del gobernador panista de En Sonora en Equipo publicamos toda la informaci\u00f3n de Sonora, M\u00e9xico y el Mundo de manera oportuna y busca que la libertad de expresi\u00f3n sea real. Visita nuestro medio informativo publicado desde Hermosillo, Sonora. %\",\"breadcrumb\":{\"@id\":\"https:\/\/www.sonoraenequipo.com.mx\/declara-camara-de-diputados-procedente-el-desafuero-del-gobernador-garcia-cabeza-de-vaca\/#breadcrumb\"},\"inLanguage\":\"es\",\"potentialAction\":[{\"@type\":\"ReadAction\",\"target\":[\"https:\/\/www.sonoraenequipo.com.mx\/declara-camara-de-diputados-procedente-el-desafuero-del-gobernador-garcia-cabeza-de-vaca\/\"]}]},{\"@type\":\"ImageObject\",\"inLanguage\":\"es\",\"@id\":\"https:\/\/www.sonoraenequipo.com.mx\/declara-camara-de-diputados-procedente-el-desafuero-del-gobernador-garcia-cabeza-de-vaca\/#primaryimage\",\"url\":\"https:\/\/www.sonoraenequipo.com.mx\/storage\/2021\/04\/cabeza-de-vaca_opt.jpg\",\"contentUrl\":\"https:\/\/www.sonoraenequipo.com.mx\/storage\/2021\/04\/cabeza-de-vaca_opt.jpg\",\"width\":599,\"height\":400},{\"@type\":\"BreadcrumbList\",\"@id\":\"https:\/\/www.sonoraenequipo.com.mx\/declara-camara-de-diputados-procedente-el-desafuero-del-gobernador-garcia-cabeza-de-vaca\/#breadcrumb\",\"itemListElement\":[{\"@type\":\"ListItem\",\"position\":1,\"name\":\"Portada\",\"item\":\"https:\/\/www.sonoraenequipo.com.mx\/\"},{\"@type\":\"ListItem\",\"position\":2,\"name\":\"Declara C\u00e1mara de Diputados procedente el desafuero del gobernador Garc\u00eda Cabeza de Vaca\"}]},{\"@type\":\"WebSite\",\"@id\":\"https:\/\/www.sonoraenequipo.com.mx\/#website\",\"url\":\"https:\/\/www.sonoraenequipo.com.mx\/\",\"name\":\"Sonora en Equipo.\",\"description\":\"Diario en l\u00ednea con Noticias desde Hermosillo, Sonora\",\"publisher\":{\"@id\":\"https:\/\/www.sonoraenequipo.com.mx\/#organization\"},\"potentialAction\":[{\"@type\":\"SearchAction\",\"target\":{\"@type\":\"EntryPoint\",\"urlTemplate\":\"https:\/\/www.sonoraenequipo.com.mx\/?s={search_term_string}\"},\"query-input\":{\"@type\":\"PropertyValueSpecification\",\"valueRequired\":true,\"valueName\":\"search_term_string\"}}],\"inLanguage\":\"es\"},{\"@type\":\"Organization\",\"@id\":\"https:\/\/www.sonoraenequipo.com.mx\/#organization\",\"name\":\"Sonoraenequipo.com.mx\",\"url\":\"https:\/\/www.sonoraenequipo.com.mx\/\",\"logo\":{\"@type\":\"ImageObject\",\"inLanguage\":\"es\",\"@id\":\"https:\/\/www.sonoraenequipo.com.mx\/#\/schema\/logo\/image\/\",\"url\":\"https:\/\/www.sonoraenequipo.com.mx\/storage\/2019\/01\/sonoraenequipo_opt.png\",\"contentUrl\":\"https:\/\/www.sonoraenequipo.com.mx\/storage\/2019\/01\/sonoraenequipo_opt.png\",\"width\":375,\"height\":125,\"caption\":\"Sonoraenequipo.com.mx\"},\"image\":{\"@id\":\"https:\/\/www.sonoraenequipo.com.mx\/#\/schema\/logo\/image\/\"},\"sameAs\":[\"https:\/\/www.facebook.com\/SonoraEE\/\",\"https:\/\/x.com\/sonoraenequipo\",\"https:\/\/www.youtube.com\/channel\/UC338nW-lPEYmJQs4ZABQ1SQ\"]},{\"@type\":\"Person\",\"@id\":\"https:\/\/www.sonoraenequipo.com.mx\/#\/schema\/person\/50102df0fb23a8fa9e8effad8fa81386\",\"name\":\"enequipo\",\"image\":{\"@type\":\"ImageObject\",\"inLanguage\":\"es\",\"@id\":\"https:\/\/www.sonoraenequipo.com.mx\/#\/schema\/person\/image\/\",\"url\":\"https:\/\/secure.gravatar.com\/avatar\/049821681b589dabc0bc20695993ccebb09f5b5d4d790cd9251b97faac7c652b?s=96&d=blank&r=g\",\"contentUrl\":\"https:\/\/secure.gravatar.com\/avatar\/049821681b589dabc0bc20695993ccebb09f5b5d4d790cd9251b97faac7c652b?s=96&d=blank&r=g\",\"caption\":\"enequipo\"},\"sameAs\":[\"https:\/\/www.facebook.com\/SonoraEE\"]}]}<\/script>\n ","yoast_head_json":{"title":"Sonora en Equipo. Declara C\u00e1mara de Diputados procedente el desafuero del gobernador Garc\u00eda Cabeza de Vaca Rep\u00fablica","description":"CIUDAD DE M\u00c9XICO. MX. \u2014 El pleno de la C\u00e1mara de Diputados aval\u00f3 el dictamen de la Secci\u00f3n Instructora referente al desafuero del gobernador panista de En Sonora en Equipo publicamos toda la informaci\u00f3n de Sonora, M\u00e9xico y el Mundo de manera oportuna y busca que la libertad de expresi\u00f3n sea real. Visita nuestro medio informativo publicado desde Hermosillo, Sonora. %","robots":{"index":"index","follow":"follow","max-snippet":"max-snippet:-1","max-image-preview":"max-image-preview:large","max-video-preview":"max-video-preview:-1"},"canonical":"https:\/\/www.sonoraenequipo.com.mx\/declara-camara-de-diputados-procedente-el-desafuero-del-gobernador-garcia-cabeza-de-vaca\/","og_locale":"es_ES","og_type":"article","og_title":"Sonora en Equipo. Declara C\u00e1mara de Diputados procedente el desafuero del gobernador Garc\u00eda Cabeza de Vaca Rep\u00fablica","og_description":"CIUDAD DE M\u00c9XICO. MX. \u2014 El pleno de la C\u00e1mara de Diputados aval\u00f3 el dictamen de la Secci\u00f3n Instructora referente al desafuero del gobernador panista de En Sonora en Equipo publicamos toda la informaci\u00f3n de Sonora, M\u00e9xico y el Mundo de manera oportuna y busca que la libertad de expresi\u00f3n sea real. Visita nuestro medio informativo publicado desde Hermosillo, Sonora. %","og_url":"https:\/\/www.sonoraenequipo.com.mx\/declara-camara-de-diputados-procedente-el-desafuero-del-gobernador-garcia-cabeza-de-vaca\/","og_site_name":"Sonora en Equipo.","article_publisher":"https:\/\/www.facebook.com\/SonoraEE\/","article_author":"https:\/\/www.facebook.com\/SonoraEE","article_published_time":"2021-05-01T01:18:59+00:00","article_modified_time":"2021-05-01T02:00:16+00:00","og_image":[{"width":599,"height":400,"url":"https:\/\/www.sonoraenequipo.com.mx\/storage\/2021\/04\/cabeza-de-vaca_opt.jpg","type":"image\/jpeg"}],"author":"enequipo","twitter_card":"summary_large_image","twitter_creator":"@sonoraenequipo","twitter_site":"@sonoraenequipo","twitter_misc":{"Escrito por":"enequipo","Tiempo de lectura":"1 minuto"},"schema":{"@context":"https:\/\/schema.org","@graph":[{"@type":"Article","@id":"https:\/\/www.sonoraenequipo.com.mx\/declara-camara-de-diputados-procedente-el-desafuero-del-gobernador-garcia-cabeza-de-vaca\/#article","isPartOf":{"@id":"https:\/\/www.sonoraenequipo.com.mx\/declara-camara-de-diputados-procedente-el-desafuero-del-gobernador-garcia-cabeza-de-vaca\/"},"author":{"name":"enequipo","@id":"https:\/\/www.sonoraenequipo.com.mx\/#\/schema\/person\/50102df0fb23a8fa9e8effad8fa81386"},"headline":"Declara C\u00e1mara de Diputados procedente el desafuero del gobernador Garc\u00eda Cabeza de Vaca","datePublished":"2021-05-01T01:18:59+00:00","dateModified":"2021-05-01T02:00:16+00:00","mainEntityOfPage":{"@id":"https:\/\/www.sonoraenequipo.com.mx\/declara-camara-de-diputados-procedente-el-desafuero-del-gobernador-garcia-cabeza-de-vaca\/"},"wordCount":244,"commentCount":0,"publisher":{"@id":"https:\/\/www.sonoraenequipo.com.mx\/#organization"},"image":{"@id":"https:\/\/www.sonoraenequipo.com.mx\/declara-camara-de-diputados-procedente-el-desafuero-del-gobernador-garcia-cabeza-de-vaca\/#primaryimage"},"thumbnailUrl":"https:\/\/www.sonoraenequipo.com.mx\/storage\/2021\/04\/cabeza-de-vaca_opt.jpg","articleSection":["Rep\u00fablica"],"inLanguage":"es","potentialAction":[{"@type":"CommentAction","name":"Comment","target":["https:\/\/www.sonoraenequipo.com.mx\/declara-camara-de-diputados-procedente-el-desafuero-del-gobernador-garcia-cabeza-de-vaca\/#respond"]}]},{"@type":"WebPage","@id":"https:\/\/www.sonoraenequipo.com.mx\/declara-camara-de-diputados-procedente-el-desafuero-del-gobernador-garcia-cabeza-de-vaca\/","url":"https:\/\/www.sonoraenequipo.com.mx\/declara-camara-de-diputados-procedente-el-desafuero-del-gobernador-garcia-cabeza-de-vaca\/","name":"Sonora en Equipo. Declara C\u00e1mara de Diputados procedente el desafuero del gobernador Garc\u00eda Cabeza de Vaca Rep\u00fablica","isPartOf":{"@id":"https:\/\/www.sonoraenequipo.com.mx\/#website"},"primaryImageOfPage":{"@id":"https:\/\/www.sonoraenequipo.com.mx\/declara-camara-de-diputados-procedente-el-desafuero-del-gobernador-garcia-cabeza-de-vaca\/#primaryimage"},"image":{"@id":"https:\/\/www.sonoraenequipo.com.mx\/declara-camara-de-diputados-procedente-el-desafuero-del-gobernador-garcia-cabeza-de-vaca\/#primaryimage"},"thumbnailUrl":"https:\/\/www.sonoraenequipo.com.mx\/storage\/2021\/04\/cabeza-de-vaca_opt.jpg","datePublished":"2021-05-01T01:18:59+00:00","dateModified":"2021-05-01T02:00:16+00:00","description":"CIUDAD DE M\u00c9XICO. MX. \u2014 El pleno de la C\u00e1mara de Diputados aval\u00f3 el dictamen de la Secci\u00f3n Instructora referente al desafuero del gobernador panista de En Sonora en Equipo publicamos toda la informaci\u00f3n de Sonora, M\u00e9xico y el Mundo de manera oportuna y busca que la libertad de expresi\u00f3n sea real. Visita nuestro medio informativo publicado desde Hermosillo, Sonora. %","breadcrumb":{"@id":"https:\/\/www.sonoraenequipo.com.mx\/declara-camara-de-diputados-procedente-el-desafuero-del-gobernador-garcia-cabeza-de-vaca\/#breadcrumb"},"inLanguage":"es","potentialAction":[{"@type":"ReadAction","target":["https:\/\/www.sonoraenequipo.com.mx\/declara-camara-de-diputados-procedente-el-desafuero-del-gobernador-garcia-cabeza-de-vaca\/"]}]},{"@type":"ImageObject","inLanguage":"es","@id":"https:\/\/www.sonoraenequipo.com.mx\/declara-camara-de-diputados-procedente-el-desafuero-del-gobernador-garcia-cabeza-de-vaca\/#primaryimage","url":"https:\/\/www.sonoraenequipo.com.mx\/storage\/2021\/04\/cabeza-de-vaca_opt.jpg","contentUrl":"https:\/\/www.sonoraenequipo.com.mx\/storage\/2021\/04\/cabeza-de-vaca_opt.jpg","width":599,"height":400},{"@type":"BreadcrumbList","@id":"https:\/\/www.sonoraenequipo.com.mx\/declara-camara-de-diputados-procedente-el-desafuero-del-gobernador-garcia-cabeza-de-vaca\/#breadcrumb","itemListElement":[{"@type":"ListItem","position":1,"name":"Portada","item":"https:\/\/www.sonoraenequipo.com.mx\/"},{"@type":"ListItem","position":2,"name":"Declara C\u00e1mara de Diputados procedente el desafuero del gobernador Garc\u00eda Cabeza de Vaca"}]},{"@type":"WebSite","@id":"https:\/\/www.sonoraenequipo.com.mx\/#website","url":"https:\/\/www.sonoraenequipo.com.mx\/","name":"Sonora en Equipo.","description":"Diario en l\u00ednea con Noticias desde Hermosillo, Sonora","publisher":{"@id":"https:\/\/www.sonoraenequipo.com.mx\/#organization"},"potentialAction":[{"@type":"SearchAction","target":{"@type":"EntryPoint","urlTemplate":"https:\/\/www.sonoraenequipo.com.mx\/?s={search_term_string}"},"query-input":{"@type":"PropertyValueSpecification","valueRequired":true,"valueName":"search_term_string"}}],"inLanguage":"es"},{"@type":"Organization","@id":"https:\/\/www.sonoraenequipo.com.mx\/#organization","name":"Sonoraenequipo.com.mx","url":"https:\/\/www.sonoraenequipo.com.mx\/","logo":{"@type":"ImageObject","inLanguage":"es","@id":"https:\/\/www.sonoraenequipo.com.mx\/#\/schema\/logo\/image\/","url":"https:\/\/www.sonoraenequipo.com.mx\/storage\/2019\/01\/sonoraenequipo_opt.png","contentUrl":"https:\/\/www.sonoraenequipo.com.mx\/storage\/2019\/01\/sonoraenequipo_opt.png","width":375,"height":125,"caption":"Sonoraenequipo.com.mx"},"image":{"@id":"https:\/\/www.sonoraenequipo.com.mx\/#\/schema\/logo\/image\/"},"sameAs":["https:\/\/www.facebook.com\/SonoraEE\/","https:\/\/x.com\/sonoraenequipo","https:\/\/www.youtube.com\/channel\/UC338nW-lPEYmJQs4ZABQ1SQ"]},{"@type":"Person","@id":"https:\/\/www.sonoraenequipo.com.mx\/#\/schema\/person\/50102df0fb23a8fa9e8effad8fa81386","name":"enequipo","image":{"@type":"ImageObject","inLanguage":"es","@id":"https:\/\/www.sonoraenequipo.com.mx\/#\/schema\/person\/image\/","url":"https:\/\/secure.gravatar.com\/avatar\/049821681b589dabc0bc20695993ccebb09f5b5d4d790cd9251b97faac7c652b?s=96&d=blank&r=g","contentUrl":"https:\/\/secure.gravatar.com\/avatar\/049821681b589dabc0bc20695993ccebb09f5b5d4d790cd9251b97faac7c652b?s=96&d=blank&r=g","caption":"enequipo"},"sameAs":["https:\/\/www.facebook.com\/SonoraEE"]}]}},"jetpack_featured_media_url":"https:\/\/www.sonoraenequipo.com.mx\/storage\/2021\/04\/cabeza-de-vaca_opt.jpg","_links":{"self":[{"href":"https:\/\/www.sonoraenequipo.com.mx\/api\/wp\/v2\/posts\/112904","targetHints":{"allow":["GET"]}}],"collection":[{"href":"https:\/\/www.sonoraenequipo.com.mx\/api\/wp\/v2\/posts"}],"about":[{"href":"https:\/\/www.sonoraenequipo.com.mx\/api\/wp\/v2\/types\/post"}],"author":[{"embeddable":true,"href":"https:\/\/www.sonoraenequipo.com.mx\/api\/wp\/v2\/users\/1"}],"replies":[{"embeddable":true,"href":"https:\/\/www.sonoraenequipo.com.mx\/api\/wp\/v2\/comments?post=112904"}],"version-history":[{"count":1,"href":"https:\/\/www.sonoraenequipo.com.mx\/api\/wp\/v2\/posts\/112904\/revisions"}],"predecessor-version":[{"id":112906,"href":"https:\/\/www.sonoraenequipo.com.mx\/api\/wp\/v2\/posts\/112904\/revisions\/112906"}],"wp:featuredmedia":[{"embeddable":true,"href":"https:\/\/www.sonoraenequipo.com.mx\/api\/wp\/v2\/media\/112905"}],"wp:attachment":[{"href":"https:\/\/www.sonoraenequipo.com.mx\/api\/wp\/v2\/media?parent=112904"}],"wp:term":[{"taxonomy":"category","embeddable":true,"href":"https:\/\/www.sonoraenequipo.com.mx\/api\/wp\/v2\/categories?post=112904"},{"taxonomy":"post_tag","embeddable":true,"href":"https:\/\/www.sonoraenequipo.com.mx\/api\/wp\/v2\/tags?post=112904"}],"curies":[{"name":"wp","href":"https:\/\/api.w.org\/{rel}","templated":true}]}}