{"id":112907,"date":"2021-04-30T22:45:47","date_gmt":"2021-05-01T05:45:47","guid":{"rendered":"https:\/\/www.sonoraenequipo.com.mx\/?p=112907"},"modified":"2021-04-30T19:28:27","modified_gmt":"2021-05-01T02:28:27","slug":"america-reporta-esta-semana-el-25-de-las-muertes-por-covid-en-el-mundo","status":"publish","type":"post","link":"https:\/\/www.sonoraenequipo.com.mx\/america-reporta-esta-semana-el-25-de-las-muertes-por-covid-en-el-mundo\/","title":{"rendered":"Am\u00e9rica reporta esta semana el 25% de las muertes por covid en el mundo"},"content":{"rendered":"<p>BUENOS AIRES, ARGENTINA. \u2014 Una de cada cuatro muertes por Covid-19 registradas en el mundo la semana pasada ocurri\u00f3 en Am\u00e9rica, inform\u00f3 ayer Carissa Etienne, directora de la Organizaci\u00f3n Panamericana de la Salud (OPS), quien advirti\u00f3 que los suministros de vacunas a\u00fan son limitados, y la inmunizaci\u00f3n por s\u00ed sola no pondr\u00e1 fin a la pandemia.<\/p>\n<p>&nbsp;<\/p>\n<p> <\/p>\n<p>Precis\u00f3 que durante la semana anterior, alrededor de 1.4 millones de personas se infectaron de Covid-19 en la regi\u00f3n y m\u00e1s de 36 mil murieron por complicaciones relacionadas con la enfermedad, lo que significa que uno de cuatro decesos por coronavirus reportados en ese periodo en todo el mundo ocurrieron en Am\u00e9rica.<\/p>\n<p>&nbsp;<\/p>\n<p>\u201cEn varios pa\u00edses de Am\u00e9rica del Sur la enfermedad en los primeros cuatro meses de este a\u00f1o fue peor que lo que enfrentamos en 2020\u201d, dijo Etienne, en una sesi\u00f3n informativa semanal. \u201cEsto muestra que s\u00f3lo superaremos esta crisis con una combinaci\u00f3n de un acceso r\u00e1pido y equitativo a las vacunas y efectivas medidas preventivas. Esta pandemia no s\u00f3lo no termin\u00f3, (sino que) se est\u00e1 acelerando\u201d, agreg\u00f3.<\/p>\n<p>&nbsp;<\/p>\n<p>Etienne apunt\u00f3 a las tasas de infecci\u00f3n de Canad\u00e1, que super\u00f3 las cifras de Estados Unidos por primera vez desde el inicio de la crisis sanitaria; el aumento de casos en el Caribe y Centroam\u00e9rica, y el incremento de las infecciones en Sudam\u00e9rica.<\/p>\n<p>&nbsp;<\/p>\n<p>Inst\u00f3 a pa\u00edses con dosis adicionales de vacunas a considerar donarlas a naciones necesitadas del continente americano, al decir que debido a la creciente incidencia de variantes del virus, el tiempo es clave.<\/p>\n<p>&nbsp;<\/p>\n<p>Jarbas Barbosa, subdirector de la OPS, destac\u00f3 el impacto de crisis actual en India para la entrega de biol\u00f3gicos del mecanismo Covax, que provee a Am\u00e9rica Latina, y dijo que la vacuna cubana Soberana a\u00fan est\u00e1 en ensayo cl\u00ednico fase 3.<\/p>\n<p>&nbsp;<\/p>\n<p>Adem\u00e1s del acaparamiento de dosis por las naciones desarrolladas, otro de los obst\u00e1culos para el mecanismo Covax ha sido la negativa del gobierno indio a permitir la exportaci\u00f3n de vacunas de AstraZeneca fabricadas all\u00ed, argumentando que son necesarias para enfrentar la crisis sanitaria que enfrenta su propio pa\u00eds.<\/p>\n<p>Si bien Bolivia, Nicaragua y Hait\u00ed son los que deben recibir esas dosis, toda la regi\u00f3n podr\u00eda sentir los efectos del freno a las exportaciones, ya que las vacunas disponibles deber\u00e1n ser compartidas entre todos los pa\u00edses que participan del mecanismo, dijo Barbosa. Explic\u00f3 que la demora en las entregas se sentir\u00e1 sobre todo en abril y mayo.<\/p>\n<p>&nbsp;<\/p>\n<p>En la regi\u00f3n se han aplicado 317 millones de vacunas en 49 pa\u00edses y territorios, seg\u00fan la OPS, pero s\u00f3lo 7 millones de ese total han sido compradas a trav\u00e9s de Covax.<\/p>\n<p>&nbsp;<\/p>\n<h3>\nEn India, perecen 3 mil personas en 24 horas<\/h3>\n<p>&nbsp;<\/p>\n<p>En tanto, India super\u00f3 200 mil muertos por coronavirus y 3 mil fallecidos en 24 horas, cuya variante local se detect\u00f3 ya en al menos 17 pa\u00edses, ocupando el cuarto lugar de defunciones a escala mundial, detr\u00e1s de Brasil, M\u00e9xico y Estados Unidos.<\/p>\n<p>&nbsp;<\/p>\n<p>La naci\u00f3n de mil 300 millones de habitantes tambi\u00e9n registr\u00f3 en un solo d\u00eda unos 360 mil contagios. Los crematorios no descansan. La le\u00f1a se agot\u00f3 en algunos establecimientos y se pidi\u00f3 a las familias que llevaran su propio combustible.<\/p>\n<p>&nbsp;<\/p>\n<p>La explosi\u00f3n de casos se atribuye a la variante india y a las masivas manifestaciones pol\u00edticas y religiosas de semanas recientes.<\/p>\n<p>&nbsp;<\/p>\n<h3>\nSer\u00e1 necesaria tercera dosis de Pfizer y refuerzo anual<\/h3>\n<p>&nbsp;<\/p>\n<p>Ugur Sahin, director general de BioNTech, asegur\u00f3 que la vacuna desarrollada por su farmac\u00e9utica es eficaz contra la nueva variante de coronavirus encontrada en India.<\/p>\n<p>&nbsp;<\/p>\n<p>Agreg\u00f3 que ser\u00e1 necesaria una tercera dosis entre nueve y 12 meses despu\u00e9s de la primera, ya que la respuesta inmune se debilita con el tiempo. Los estudios muestran que la efectividad de la vacuna de BioNTech\/Pfizer bajan de 95 por ciento a aproximadamente 91 por ciento despu\u00e9s de seis meses. \u201c<em>Y despu\u00e9s calculo que probablemente sea necesario recibir otro recordatorio cada a\u00f1o o quiz\u00e1s cada 18 meses\u201d.<\/em><\/p>\n<p>&nbsp;<\/p>\n<p>Sahin tambi\u00e9n opin\u00f3 que otorgar exenciones de propiedad intelectual no es la forma correcta para aumentar la producci\u00f3n de vacunas.<\/p>\n<p>&nbsp;<\/p>\n<p>La pandemia ha dejado en el mundo 149 millones 30 mil 711 casos confirmados, 3 millones 140 mil 982 decesos y 86 millones 481 mil52 personas recuperadas, seg\u00fan la Universidad Johns Hopkins.<\/p>\n<p>&nbsp;<\/p>\n<p>&nbsp;<\/p>\n<p>(Publicada el 30\/04\/2021)<\/p>\n","protected":false},"excerpt":{"rendered":"<p>BUENOS AIRES, ARGENTINA. \u2014 Una de cada cuatro muertes por Covid-19 registradas en el mundo&#8230;<\/p>\n","protected":false},"author":1,"featured_media":112908,"comment_status":"open","ping_status":"open","sticky":false,"template":"","format":"standard","meta":{"_monsterinsights_skip_tracking":false,"_monsterinsights_sitenote_active":false,"_monsterinsights_sitenote_note":"","_monsterinsights_sitenote_category":0,"footnotes":""},"categories":[3],"tags":[],"class_list":["post"],"yoast_head":" \n<title>Sonora en Equipo. Am\u00e9rica reporta esta semana el 25% de las muertes por covid en el mundo MUNDO<\/title>\n<meta name=\"description\" content=\"BUENOS AIRES, ARGENTINA. \u2014 Una de cada cuatro muertes por Covid-19 registradas en el mundo la semana pasada ocurri\u00f3 en Am\u00e9rica, inform\u00f3 ayer Carissa En Sonora en Equipo publicamos toda la informaci\u00f3n de Sonora, M\u00e9xico y el Mundo de manera oportuna y busca que la libertad de expresi\u00f3n sea real. Visita nuestro medio informativo publicado desde Hermosillo, Sonora. %\" \/>\n<meta name=\"robots\" content=\"index, follow, max-snippet:-1, max-image-preview:large, max-video-preview:-1\" \/>\n<link rel=\"canonical\" href=\"https:\/\/www.sonoraenequipo.com.mx\/america-reporta-esta-semana-el-25-de-las-muertes-por-covid-en-el-mundo\/\" \/>\n<meta property=\"og:locale\" content=\"es_ES\" \/>\n<meta property=\"og:type\" content=\"article\" \/>\n<meta property=\"og:title\" content=\"Sonora en Equipo. Am\u00e9rica reporta esta semana el 25% de las muertes por covid en el mundo MUNDO\" \/>\n<meta property=\"og:description\" content=\"BUENOS AIRES, ARGENTINA. \u2014 Una de cada cuatro muertes por Covid-19 registradas en el mundo la semana pasada ocurri\u00f3 en Am\u00e9rica, inform\u00f3 ayer Carissa En Sonora en Equipo publicamos toda la informaci\u00f3n de Sonora, M\u00e9xico y el Mundo de manera oportuna y busca que la libertad de expresi\u00f3n sea real. Visita nuestro medio informativo publicado desde Hermosillo, Sonora. %\" \/>\n<meta property=\"og:url\" content=\"https:\/\/www.sonoraenequipo.com.mx\/america-reporta-esta-semana-el-25-de-las-muertes-por-covid-en-el-mundo\/\" \/>\n<meta property=\"og:site_name\" content=\"Sonora en Equipo.\" \/>\n<meta property=\"article:publisher\" content=\"https:\/\/www.facebook.com\/SonoraEE\/\" \/>\n<meta property=\"article:author\" content=\"https:\/\/www.facebook.com\/SonoraEE\" \/>\n<meta property=\"article:published_time\" content=\"2021-05-01T05:45:47+00:00\" \/>\n<meta property=\"og:image\" content=\"https:\/\/www.sonoraenequipo.com.mx\/storage\/2021\/04\/brasil-panteon-coronavirus-covid19_opt.jpg\" \/>\n\t<meta property=\"og:image:width\" content=\"710\" \/>\n\t<meta property=\"og:image:height\" content=\"400\" \/>\n\t<meta property=\"og:image:type\" content=\"image\/jpeg\" \/>\n<meta name=\"author\" content=\"enequipo\" \/>\n<meta name=\"twitter:card\" content=\"summary_large_image\" \/>\n<meta name=\"twitter:creator\" content=\"@sonoraenequipo\" \/>\n<meta name=\"twitter:site\" content=\"@sonoraenequipo\" \/>\n<meta name=\"twitter:label1\" content=\"Escrito por\" \/>\n\t<meta name=\"twitter:data1\" content=\"enequipo\" \/>\n\t<meta name=\"twitter:label2\" content=\"Tiempo de lectura\" \/>\n\t<meta name=\"twitter:data2\" content=\"4 minutos\" \/>\n<script type=\"application\/ld+json\" class=\"yoast-schema-graph\">{\"@context\":\"https:\/\/schema.org\",\"@graph\":[{\"@type\":\"Article\",\"@id\":\"https:\/\/www.sonoraenequipo.com.mx\/america-reporta-esta-semana-el-25-de-las-muertes-por-covid-en-el-mundo\/#article\",\"isPartOf\":{\"@id\":\"https:\/\/www.sonoraenequipo.com.mx\/america-reporta-esta-semana-el-25-de-las-muertes-por-covid-en-el-mundo\/\"},\"author\":{\"name\":\"enequipo\",\"@id\":\"https:\/\/www.sonoraenequipo.com.mx\/#\/schema\/person\/50102df0fb23a8fa9e8effad8fa81386\"},\"headline\":\"Am\u00e9rica reporta esta semana el 25% de las muertes por covid en el mundo\",\"datePublished\":\"2021-05-01T05:45:47+00:00\",\"mainEntityOfPage\":{\"@id\":\"https:\/\/www.sonoraenequipo.com.mx\/america-reporta-esta-semana-el-25-de-las-muertes-por-covid-en-el-mundo\/\"},\"wordCount\":758,\"commentCount\":0,\"publisher\":{\"@id\":\"https:\/\/www.sonoraenequipo.com.mx\/#organization\"},\"image\":{\"@id\":\"https:\/\/www.sonoraenequipo.com.mx\/america-reporta-esta-semana-el-25-de-las-muertes-por-covid-en-el-mundo\/#primaryimage\"},\"thumbnailUrl\":\"https:\/\/www.sonoraenequipo.com.mx\/storage\/2021\/04\/brasil-panteon-coronavirus-covid19_opt.jpg\",\"articleSection\":[\"MUNDO\"],\"inLanguage\":\"es\",\"potentialAction\":[{\"@type\":\"CommentAction\",\"name\":\"Comment\",\"target\":[\"https:\/\/www.sonoraenequipo.com.mx\/america-reporta-esta-semana-el-25-de-las-muertes-por-covid-en-el-mundo\/#respond\"]}]},{\"@type\":\"WebPage\",\"@id\":\"https:\/\/www.sonoraenequipo.com.mx\/america-reporta-esta-semana-el-25-de-las-muertes-por-covid-en-el-mundo\/\",\"url\":\"https:\/\/www.sonoraenequipo.com.mx\/america-reporta-esta-semana-el-25-de-las-muertes-por-covid-en-el-mundo\/\",\"name\":\"Sonora en Equipo. Am\u00e9rica reporta esta semana el 25% de las muertes por covid en el mundo MUNDO\",\"isPartOf\":{\"@id\":\"https:\/\/www.sonoraenequipo.com.mx\/#website\"},\"primaryImageOfPage\":{\"@id\":\"https:\/\/www.sonoraenequipo.com.mx\/america-reporta-esta-semana-el-25-de-las-muertes-por-covid-en-el-mundo\/#primaryimage\"},\"image\":{\"@id\":\"https:\/\/www.sonoraenequipo.com.mx\/america-reporta-esta-semana-el-25-de-las-muertes-por-covid-en-el-mundo\/#primaryimage\"},\"thumbnailUrl\":\"https:\/\/www.sonoraenequipo.com.mx\/storage\/2021\/04\/brasil-panteon-coronavirus-covid19_opt.jpg\",\"datePublished\":\"2021-05-01T05:45:47+00:00\",\"description\":\"BUENOS AIRES, ARGENTINA. \u2014 Una de cada cuatro muertes por Covid-19 registradas en el mundo la semana pasada ocurri\u00f3 en Am\u00e9rica, inform\u00f3 ayer Carissa En Sonora en Equipo publicamos toda la informaci\u00f3n de Sonora, M\u00e9xico y el Mundo de manera oportuna y busca que la libertad de expresi\u00f3n sea real. Visita nuestro medio informativo publicado desde Hermosillo, Sonora. %\",\"breadcrumb\":{\"@id\":\"https:\/\/www.sonoraenequipo.com.mx\/america-reporta-esta-semana-el-25-de-las-muertes-por-covid-en-el-mundo\/#breadcrumb\"},\"inLanguage\":\"es\",\"potentialAction\":[{\"@type\":\"ReadAction\",\"target\":[\"https:\/\/www.sonoraenequipo.com.mx\/america-reporta-esta-semana-el-25-de-las-muertes-por-covid-en-el-mundo\/\"]}]},{\"@type\":\"ImageObject\",\"inLanguage\":\"es\",\"@id\":\"https:\/\/www.sonoraenequipo.com.mx\/america-reporta-esta-semana-el-25-de-las-muertes-por-covid-en-el-mundo\/#primaryimage\",\"url\":\"https:\/\/www.sonoraenequipo.com.mx\/storage\/2021\/04\/brasil-panteon-coronavirus-covid19_opt.jpg\",\"contentUrl\":\"https:\/\/www.sonoraenequipo.com.mx\/storage\/2021\/04\/brasil-panteon-coronavirus-covid19_opt.jpg\",\"width\":710,\"height\":400},{\"@type\":\"BreadcrumbList\",\"@id\":\"https:\/\/www.sonoraenequipo.com.mx\/america-reporta-esta-semana-el-25-de-las-muertes-por-covid-en-el-mundo\/#breadcrumb\",\"itemListElement\":[{\"@type\":\"ListItem\",\"position\":1,\"name\":\"Portada\",\"item\":\"https:\/\/www.sonoraenequipo.com.mx\/\"},{\"@type\":\"ListItem\",\"position\":2,\"name\":\"Am\u00e9rica reporta esta semana el 25% de las muertes por covid en el mundo\"}]},{\"@type\":\"WebSite\",\"@id\":\"https:\/\/www.sonoraenequipo.com.mx\/#website\",\"url\":\"https:\/\/www.sonoraenequipo.com.mx\/\",\"name\":\"Sonora en Equipo.\",\"description\":\"Diario en l\u00ednea con Noticias desde Hermosillo, Sonora\",\"publisher\":{\"@id\":\"https:\/\/www.sonoraenequipo.com.mx\/#organization\"},\"potentialAction\":[{\"@type\":\"SearchAction\",\"target\":{\"@type\":\"EntryPoint\",\"urlTemplate\":\"https:\/\/www.sonoraenequipo.com.mx\/?s={search_term_string}\"},\"query-input\":{\"@type\":\"PropertyValueSpecification\",\"valueRequired\":true,\"valueName\":\"search_term_string\"}}],\"inLanguage\":\"es\"},{\"@type\":\"Organization\",\"@id\":\"https:\/\/www.sonoraenequipo.com.mx\/#organization\",\"name\":\"Sonoraenequipo.com.mx\",\"url\":\"https:\/\/www.sonoraenequipo.com.mx\/\",\"logo\":{\"@type\":\"ImageObject\",\"inLanguage\":\"es\",\"@id\":\"https:\/\/www.sonoraenequipo.com.mx\/#\/schema\/logo\/image\/\",\"url\":\"https:\/\/www.sonoraenequipo.com.mx\/storage\/2019\/01\/sonoraenequipo_opt.png\",\"contentUrl\":\"https:\/\/www.sonoraenequipo.com.mx\/storage\/2019\/01\/sonoraenequipo_opt.png\",\"width\":375,\"height\":125,\"caption\":\"Sonoraenequipo.com.mx\"},\"image\":{\"@id\":\"https:\/\/www.sonoraenequipo.com.mx\/#\/schema\/logo\/image\/\"},\"sameAs\":[\"https:\/\/www.facebook.com\/SonoraEE\/\",\"https:\/\/x.com\/sonoraenequipo\",\"https:\/\/www.youtube.com\/channel\/UC338nW-lPEYmJQs4ZABQ1SQ\"]},{\"@type\":\"Person\",\"@id\":\"https:\/\/www.sonoraenequipo.com.mx\/#\/schema\/person\/50102df0fb23a8fa9e8effad8fa81386\",\"name\":\"enequipo\",\"image\":{\"@type\":\"ImageObject\",\"inLanguage\":\"es\",\"@id\":\"https:\/\/www.sonoraenequipo.com.mx\/#\/schema\/person\/image\/\",\"url\":\"https:\/\/secure.gravatar.com\/avatar\/049821681b589dabc0bc20695993ccebb09f5b5d4d790cd9251b97faac7c652b?s=96&d=blank&r=g\",\"contentUrl\":\"https:\/\/secure.gravatar.com\/avatar\/049821681b589dabc0bc20695993ccebb09f5b5d4d790cd9251b97faac7c652b?s=96&d=blank&r=g\",\"caption\":\"enequipo\"},\"sameAs\":[\"https:\/\/www.facebook.com\/SonoraEE\"]}]}<\/script>\n ","yoast_head_json":{"title":"Sonora en Equipo. Am\u00e9rica reporta esta semana el 25% de las muertes por covid en el mundo MUNDO","description":"BUENOS AIRES, ARGENTINA. \u2014 Una de cada cuatro muertes por Covid-19 registradas en el mundo la semana pasada ocurri\u00f3 en Am\u00e9rica, inform\u00f3 ayer Carissa En Sonora en Equipo publicamos toda la informaci\u00f3n de Sonora, M\u00e9xico y el Mundo de manera oportuna y busca que la libertad de expresi\u00f3n sea real. Visita nuestro medio informativo publicado desde Hermosillo, Sonora. %","robots":{"index":"index","follow":"follow","max-snippet":"max-snippet:-1","max-image-preview":"max-image-preview:large","max-video-preview":"max-video-preview:-1"},"canonical":"https:\/\/www.sonoraenequipo.com.mx\/america-reporta-esta-semana-el-25-de-las-muertes-por-covid-en-el-mundo\/","og_locale":"es_ES","og_type":"article","og_title":"Sonora en Equipo. Am\u00e9rica reporta esta semana el 25% de las muertes por covid en el mundo MUNDO","og_description":"BUENOS AIRES, ARGENTINA. \u2014 Una de cada cuatro muertes por Covid-19 registradas en el mundo la semana pasada ocurri\u00f3 en Am\u00e9rica, inform\u00f3 ayer Carissa En Sonora en Equipo publicamos toda la informaci\u00f3n de Sonora, M\u00e9xico y el Mundo de manera oportuna y busca que la libertad de expresi\u00f3n sea real. Visita nuestro medio informativo publicado desde Hermosillo, Sonora. %","og_url":"https:\/\/www.sonoraenequipo.com.mx\/america-reporta-esta-semana-el-25-de-las-muertes-por-covid-en-el-mundo\/","og_site_name":"Sonora en Equipo.","article_publisher":"https:\/\/www.facebook.com\/SonoraEE\/","article_author":"https:\/\/www.facebook.com\/SonoraEE","article_published_time":"2021-05-01T05:45:47+00:00","og_image":[{"width":710,"height":400,"url":"https:\/\/www.sonoraenequipo.com.mx\/storage\/2021\/04\/brasil-panteon-coronavirus-covid19_opt.jpg","type":"image\/jpeg"}],"author":"enequipo","twitter_card":"summary_large_image","twitter_creator":"@sonoraenequipo","twitter_site":"@sonoraenequipo","twitter_misc":{"Escrito por":"enequipo","Tiempo de lectura":"4 minutos"},"schema":{"@context":"https:\/\/schema.org","@graph":[{"@type":"Article","@id":"https:\/\/www.sonoraenequipo.com.mx\/america-reporta-esta-semana-el-25-de-las-muertes-por-covid-en-el-mundo\/#article","isPartOf":{"@id":"https:\/\/www.sonoraenequipo.com.mx\/america-reporta-esta-semana-el-25-de-las-muertes-por-covid-en-el-mundo\/"},"author":{"name":"enequipo","@id":"https:\/\/www.sonoraenequipo.com.mx\/#\/schema\/person\/50102df0fb23a8fa9e8effad8fa81386"},"headline":"Am\u00e9rica reporta esta semana el 25% de las muertes por covid en el mundo","datePublished":"2021-05-01T05:45:47+00:00","mainEntityOfPage":{"@id":"https:\/\/www.sonoraenequipo.com.mx\/america-reporta-esta-semana-el-25-de-las-muertes-por-covid-en-el-mundo\/"},"wordCount":758,"commentCount":0,"publisher":{"@id":"https:\/\/www.sonoraenequipo.com.mx\/#organization"},"image":{"@id":"https:\/\/www.sonoraenequipo.com.mx\/america-reporta-esta-semana-el-25-de-las-muertes-por-covid-en-el-mundo\/#primaryimage"},"thumbnailUrl":"https:\/\/www.sonoraenequipo.com.mx\/storage\/2021\/04\/brasil-panteon-coronavirus-covid19_opt.jpg","articleSection":["MUNDO"],"inLanguage":"es","potentialAction":[{"@type":"CommentAction","name":"Comment","target":["https:\/\/www.sonoraenequipo.com.mx\/america-reporta-esta-semana-el-25-de-las-muertes-por-covid-en-el-mundo\/#respond"]}]},{"@type":"WebPage","@id":"https:\/\/www.sonoraenequipo.com.mx\/america-reporta-esta-semana-el-25-de-las-muertes-por-covid-en-el-mundo\/","url":"https:\/\/www.sonoraenequipo.com.mx\/america-reporta-esta-semana-el-25-de-las-muertes-por-covid-en-el-mundo\/","name":"Sonora en Equipo. Am\u00e9rica reporta esta semana el 25% de las muertes por covid en el mundo MUNDO","isPartOf":{"@id":"https:\/\/www.sonoraenequipo.com.mx\/#website"},"primaryImageOfPage":{"@id":"https:\/\/www.sonoraenequipo.com.mx\/america-reporta-esta-semana-el-25-de-las-muertes-por-covid-en-el-mundo\/#primaryimage"},"image":{"@id":"https:\/\/www.sonoraenequipo.com.mx\/america-reporta-esta-semana-el-25-de-las-muertes-por-covid-en-el-mundo\/#primaryimage"},"thumbnailUrl":"https:\/\/www.sonoraenequipo.com.mx\/storage\/2021\/04\/brasil-panteon-coronavirus-covid19_opt.jpg","datePublished":"2021-05-01T05:45:47+00:00","description":"BUENOS AIRES, ARGENTINA. \u2014 Una de cada cuatro muertes por Covid-19 registradas en el mundo la semana pasada ocurri\u00f3 en Am\u00e9rica, inform\u00f3 ayer Carissa En Sonora en Equipo publicamos toda la informaci\u00f3n de Sonora, M\u00e9xico y el Mundo de manera oportuna y busca que la libertad de expresi\u00f3n sea real. Visita nuestro medio informativo publicado desde Hermosillo, Sonora. %","breadcrumb":{"@id":"https:\/\/www.sonoraenequipo.com.mx\/america-reporta-esta-semana-el-25-de-las-muertes-por-covid-en-el-mundo\/#breadcrumb"},"inLanguage":"es","potentialAction":[{"@type":"ReadAction","target":["https:\/\/www.sonoraenequipo.com.mx\/america-reporta-esta-semana-el-25-de-las-muertes-por-covid-en-el-mundo\/"]}]},{"@type":"ImageObject","inLanguage":"es","@id":"https:\/\/www.sonoraenequipo.com.mx\/america-reporta-esta-semana-el-25-de-las-muertes-por-covid-en-el-mundo\/#primaryimage","url":"https:\/\/www.sonoraenequipo.com.mx\/storage\/2021\/04\/brasil-panteon-coronavirus-covid19_opt.jpg","contentUrl":"https:\/\/www.sonoraenequipo.com.mx\/storage\/2021\/04\/brasil-panteon-coronavirus-covid19_opt.jpg","width":710,"height":400},{"@type":"BreadcrumbList","@id":"https:\/\/www.sonoraenequipo.com.mx\/america-reporta-esta-semana-el-25-de-las-muertes-por-covid-en-el-mundo\/#breadcrumb","itemListElement":[{"@type":"ListItem","position":1,"name":"Portada","item":"https:\/\/www.sonoraenequipo.com.mx\/"},{"@type":"ListItem","position":2,"name":"Am\u00e9rica reporta esta semana el 25% de las muertes por covid en el mundo"}]},{"@type":"WebSite","@id":"https:\/\/www.sonoraenequipo.com.mx\/#website","url":"https:\/\/www.sonoraenequipo.com.mx\/","name":"Sonora en Equipo.","description":"Diario en l\u00ednea con Noticias desde Hermosillo, Sonora","publisher":{"@id":"https:\/\/www.sonoraenequipo.com.mx\/#organization"},"potentialAction":[{"@type":"SearchAction","target":{"@type":"EntryPoint","urlTemplate":"https:\/\/www.sonoraenequipo.com.mx\/?s={search_term_string}"},"query-input":{"@type":"PropertyValueSpecification","valueRequired":true,"valueName":"search_term_string"}}],"inLanguage":"es"},{"@type":"Organization","@id":"https:\/\/www.sonoraenequipo.com.mx\/#organization","name":"Sonoraenequipo.com.mx","url":"https:\/\/www.sonoraenequipo.com.mx\/","logo":{"@type":"ImageObject","inLanguage":"es","@id":"https:\/\/www.sonoraenequipo.com.mx\/#\/schema\/logo\/image\/","url":"https:\/\/www.sonoraenequipo.com.mx\/storage\/2019\/01\/sonoraenequipo_opt.png","contentUrl":"https:\/\/www.sonoraenequipo.com.mx\/storage\/2019\/01\/sonoraenequipo_opt.png","width":375,"height":125,"caption":"Sonoraenequipo.com.mx"},"image":{"@id":"https:\/\/www.sonoraenequipo.com.mx\/#\/schema\/logo\/image\/"},"sameAs":["https:\/\/www.facebook.com\/SonoraEE\/","https:\/\/x.com\/sonoraenequipo","https:\/\/www.youtube.com\/channel\/UC338nW-lPEYmJQs4ZABQ1SQ"]},{"@type":"Person","@id":"https:\/\/www.sonoraenequipo.com.mx\/#\/schema\/person\/50102df0fb23a8fa9e8effad8fa81386","name":"enequipo","image":{"@type":"ImageObject","inLanguage":"es","@id":"https:\/\/www.sonoraenequipo.com.mx\/#\/schema\/person\/image\/","url":"https:\/\/secure.gravatar.com\/avatar\/049821681b589dabc0bc20695993ccebb09f5b5d4d790cd9251b97faac7c652b?s=96&d=blank&r=g","contentUrl":"https:\/\/secure.gravatar.com\/avatar\/049821681b589dabc0bc20695993ccebb09f5b5d4d790cd9251b97faac7c652b?s=96&d=blank&r=g","caption":"enequipo"},"sameAs":["https:\/\/www.facebook.com\/SonoraEE"]}]}},"jetpack_featured_media_url":"https:\/\/www.sonoraenequipo.com.mx\/storage\/2021\/04\/brasil-panteon-coronavirus-covid19_opt.jpg","_links":{"self":[{"href":"https:\/\/www.sonoraenequipo.com.mx\/api\/wp\/v2\/posts\/112907","targetHints":{"allow":["GET"]}}],"collection":[{"href":"https:\/\/www.sonoraenequipo.com.mx\/api\/wp\/v2\/posts"}],"about":[{"href":"https:\/\/www.sonoraenequipo.com.mx\/api\/wp\/v2\/types\/post"}],"author":[{"embeddable":true,"href":"https:\/\/www.sonoraenequipo.com.mx\/api\/wp\/v2\/users\/1"}],"replies":[{"embeddable":true,"href":"https:\/\/www.sonoraenequipo.com.mx\/api\/wp\/v2\/comments?post=112907"}],"version-history":[{"count":1,"href":"https:\/\/www.sonoraenequipo.com.mx\/api\/wp\/v2\/posts\/112907\/revisions"}],"predecessor-version":[{"id":112909,"href":"https:\/\/www.sonoraenequipo.com.mx\/api\/wp\/v2\/posts\/112907\/revisions\/112909"}],"wp:featuredmedia":[{"embeddable":true,"href":"https:\/\/www.sonoraenequipo.com.mx\/api\/wp\/v2\/media\/112908"}],"wp:attachment":[{"href":"https:\/\/www.sonoraenequipo.com.mx\/api\/wp\/v2\/media?parent=112907"}],"wp:term":[{"taxonomy":"category","embeddable":true,"href":"https:\/\/www.sonoraenequipo.com.mx\/api\/wp\/v2\/categories?post=112907"},{"taxonomy":"post_tag","embeddable":true,"href":"https:\/\/www.sonoraenequipo.com.mx\/api\/wp\/v2\/tags?post=112907"}],"curies":[{"name":"wp","href":"https:\/\/api.w.org\/{rel}","templated":true}]}}