{"id":112928,"date":"2021-04-30T20:25:08","date_gmt":"2021-05-01T03:25:08","guid":{"rendered":"https:\/\/www.sonoraenequipo.com.mx\/?p=112928"},"modified":"2021-05-01T12:06:48","modified_gmt":"2021-05-01T19:06:48","slug":"presenta-c5i-sonora-ganadores-del-primer-concurso-estatal-de-video-infantil-9-1-1-recuerdalo-usalo-cuidalo","status":"publish","type":"post","link":"https:\/\/www.sonoraenequipo.com.mx\/presenta-c5i-sonora-ganadores-del-primer-concurso-estatal-de-video-infantil-9-1-1-recuerdalo-usalo-cuidalo\/","title":{"rendered":"Presenta C5i Sonora ganadores del Primer Concurso Estatal de video infantil \u201c9-1-1 Recu\u00e9rdalo, \u00fasalo, cu\u00eddalo\u201d"},"content":{"rendered":"<p>HERMOSILLO, SONORA. MX. \u2014 Por su creatividad, originalidad, iniciativa y contenido en la realizaci\u00f3n del video para concientizar sobre el correcto uso de la l\u00ednea de emergencias, la ni\u00f1a Miranda Encinas de Hermosillo obtuvo el primer lugar del Concurso Estatal de video infantil<strong><em> \u201c9-1-1 Recu\u00e9rdalo, \u00fasalo, cu\u00eddalo\u201d.<\/em><\/strong><\/p>\n<p>&nbsp;<\/p>\n<p> <\/p>\n<p>Como parte del festejo por el D\u00eda de las Ni\u00f1as y Ni\u00f1os, el secretario de Seguridad P\u00fablica, David Anaya Cooley, junto a la coordinadora del Centro de Control, Comando, Comunicaci\u00f3n, C\u00f3mputo, Coordinaci\u00f3n e Inteligencia (C5i), Guadalupe Lares N\u00fa\u00f1ez, felicit\u00f3 a todos los participantes y a sus respectivas madres y padres de familia por apoyarlos en esta actividad.<\/p>\n<p>&nbsp;<\/p>\n<p><em>\u00abUstedes se preguntar\u00e1n \u00bfpor qu\u00e9 un concurso infantil?, bueno, porque adem\u00e1s de estar en el mes del ni\u00f1o, es de suma importancia que las ni\u00f1as y ni\u00f1os conozcan el uso de la l\u00ednea de emergencia 9-1-1, que sepan que la pueden usar a cualquier hora, y que pueden hacer la diferencia porque el conocer c\u00f3mo funciona el n\u00famero 9-1-1 puede salvar vidas y como ya tienen muy claro, no se debe utilizar para hacer bromas\u00bb<\/em>, expres\u00f3 Anaya Cooley.<\/p>\n<p>&nbsp;<\/p>\n<p>Adem\u00e1s, agreg\u00f3, la voz de un ni\u00f1o tiene mayor impacto y mayor alcance hacia los adultos, por lo que con este concurso se lograr\u00e1 crear conciencia tanto en los papas como en los ni\u00f1os y ni\u00f1as.<\/p>\n<p>&nbsp;<\/p>\n<p>Anaya Cooley agradeci\u00f3 a los patrocinadores que se sumaron a esta campa\u00f1a de concientizaci\u00f3n como Abarrey, Grupo CLAM, Comit\u00e9 de Ayuda Mutua Hermosillo Norte, el cual se conforma de las empresas Caffenio, Unil\u00edder, Globe Xplore, Movimex, Misi\u00f3n XXI, Colegio Larrea, CIAD, TRABIS; grupo Trimex, Las Riberas, empresas socialmente responsables y comprometidas con las ni\u00f1as y ni\u00f1os de la entidad.<\/p>\n<p>&nbsp;<\/p>\n<p>Ante la presencia de Ana Cristina G\u00f3mez Lima, de la Gerencia de Noticias de la Televisora de Hermosillo; Sa\u00fal Rojo Valenzuela, Integrante del Comit\u00e9 Ciudadano de Seguridad P\u00fablica; Leonardo L\u00f3pez Rivas, director de Genesia Publicidad; y H\u00e9ctor Ch\u00e1vez Valadez, administrador del Centro de Atenci\u00f3n de Llamadas Emergencias la SSP quienes fungieron como jurado, Anaya Cooley reconoci\u00f3 a los 118 menores que enviaron sus trabajos con los que apoyan la labor de crear una cultura del correcto uso de la l\u00ednea de emergencias.<\/p>\n<p>&nbsp;<\/p>\n<p>En voz de los jurados G\u00f3mez Lima manifest\u00f3 que fue sorprendente la originalidad con la que todos los participantes plasmaron en los videos su sentir, inocencia, creatividad y sobre todo la calidad en su contenido para crear conciencia de hacer uso correcto del 9-1-1 y valorar a esos h\u00e9roes sin capa que todos los d\u00edas atienden cada llamada para dar respuesta a cualquier emergencia.<\/p>\n<p>&nbsp;<\/p>\n<p>La ni\u00f1a ganadora de 9 a\u00f1os, quien cursa el 4to a\u00f1o de primaria expres\u00f3 emocionada que la motiv\u00f3 a participar en esta campa\u00f1a de concientizaci\u00f3n del 9-1-1 el dar un mensaje a todos para que se valore la labor que d\u00eda a d\u00eda se efect\u00faa a trav\u00e9s de los servicios de emergencia para salvar vidas.<\/p>\n<p>&nbsp;<\/p>\n<p>Con sus valiosas aportaciones plasmadas en videos cortos, las y los ni\u00f1os creativos se convirtieron en grandes aliados y agentes de cambio ante la ni\u00f1ez sonorense a quienes invitaron a respetar el 9-1-1.<\/p>\n<p>&nbsp;<\/p>\n<p>Acompa\u00f1ados de sus padres teniendo como marco las instalaciones del C5i, se entreg\u00f3 por parte de las mujeres y hombres que los 365 d\u00edas del a\u00f1o prestan su servicio en el 9-1-1 los reconocimientos a Jacobo Gonz\u00e1lez ganador del segundo lugar y Deneb L\u00f3pez del tercer lugar, respectivamente.<\/p>\n<p>&nbsp;<\/p>\n<p>Como incentivo por su valiosa participaci\u00f3n en este primer concurso, el primer lugar se hizo acreedora a una lap top, el segundo y tercer lugar recibieron una tablet y al resto de las ni\u00f1as y ni\u00f1os participantes se les entregar\u00e1n kits con art\u00edculos escolares, juguetes, una camiseta y un termo.<\/p>\n<p>&nbsp;<\/p>\n<p>En reconocimiento a su esfuerzo y dedicaci\u00f3n todos los videos participantes en el concurso ser\u00e1n publicados en las redes sociales de la Secretar\u00eda de Seguridad P\u00fablica en Facebook, Twitter e Instagram @ssp_sonora.<\/p>\n<p>&nbsp;<\/p>\n<p>(Publicada el 30\/04\/2021)<\/p>\n","protected":false},"excerpt":{"rendered":"<p>HERMOSILLO, SONORA. MX. \u2014 Por su creatividad, originalidad, iniciativa y contenido en la realizaci\u00f3n del&#8230;<\/p>\n","protected":false},"author":1,"featured_media":112929,"comment_status":"open","ping_status":"open","sticky":false,"template":"","format":"standard","meta":{"_monsterinsights_skip_tracking":false,"_monsterinsights_sitenote_active":false,"_monsterinsights_sitenote_note":"","_monsterinsights_sitenote_category":0,"footnotes":""},"categories":[22],"tags":[],"class_list":["post"],"yoast_head":" \n<title>Sonora en Equipo. Presenta C5i Sonora ganadores del Primer Concurso Estatal de video infantil \u201c9-1-1 Recu\u00e9rdalo, \u00fasalo, cu\u00eddalo\u201d Sonora<\/title>\n<meta name=\"description\" content=\"HERMOSILLO, SONORA. MX. \u2014 Por su creatividad, originalidad, iniciativa y contenido en la realizaci\u00f3n del video para concientizar sobre el correcto uso de En Sonora en Equipo publicamos toda la informaci\u00f3n de Sonora, M\u00e9xico y el Mundo de manera oportuna y busca que la libertad de expresi\u00f3n sea real. Visita nuestro medio informativo publicado desde Hermosillo, Sonora. %\" \/>\n<meta name=\"robots\" content=\"index, follow, max-snippet:-1, max-image-preview:large, max-video-preview:-1\" \/>\n<link rel=\"canonical\" href=\"https:\/\/www.sonoraenequipo.com.mx\/presenta-c5i-sonora-ganadores-del-primer-concurso-estatal-de-video-infantil-9-1-1-recuerdalo-usalo-cuidalo\/\" \/>\n<meta property=\"og:locale\" content=\"es_ES\" \/>\n<meta property=\"og:type\" content=\"article\" \/>\n<meta property=\"og:title\" content=\"Sonora en Equipo. Presenta C5i Sonora ganadores del Primer Concurso Estatal de video infantil \u201c9-1-1 Recu\u00e9rdalo, \u00fasalo, cu\u00eddalo\u201d Sonora\" \/>\n<meta property=\"og:description\" content=\"HERMOSILLO, SONORA. MX. \u2014 Por su creatividad, originalidad, iniciativa y contenido en la realizaci\u00f3n del video para concientizar sobre el correcto uso de En Sonora en Equipo publicamos toda la informaci\u00f3n de Sonora, M\u00e9xico y el Mundo de manera oportuna y busca que la libertad de expresi\u00f3n sea real. Visita nuestro medio informativo publicado desde Hermosillo, Sonora. %\" \/>\n<meta property=\"og:url\" content=\"https:\/\/www.sonoraenequipo.com.mx\/presenta-c5i-sonora-ganadores-del-primer-concurso-estatal-de-video-infantil-9-1-1-recuerdalo-usalo-cuidalo\/\" \/>\n<meta property=\"og:site_name\" content=\"Sonora en Equipo.\" \/>\n<meta property=\"article:publisher\" content=\"https:\/\/www.facebook.com\/SonoraEE\/\" \/>\n<meta property=\"article:author\" content=\"https:\/\/www.facebook.com\/SonoraEE\" \/>\n<meta property=\"article:published_time\" content=\"2021-05-01T03:25:08+00:00\" \/>\n<meta property=\"article:modified_time\" content=\"2021-05-01T19:06:48+00:00\" \/>\n<meta property=\"og:image\" content=\"https:\/\/www.sonoraenequipo.com.mx\/storage\/2021\/05\/concurso-estatal-infantil_opt.jpg\" \/>\n\t<meta property=\"og:image:width\" content=\"692\" \/>\n\t<meta property=\"og:image:height\" content=\"425\" \/>\n\t<meta property=\"og:image:type\" content=\"image\/jpeg\" \/>\n<meta name=\"author\" content=\"enequipo\" \/>\n<meta name=\"twitter:card\" content=\"summary_large_image\" \/>\n<meta name=\"twitter:creator\" content=\"@sonoraenequipo\" \/>\n<meta name=\"twitter:site\" content=\"@sonoraenequipo\" \/>\n<meta name=\"twitter:label1\" content=\"Escrito por\" \/>\n\t<meta name=\"twitter:data1\" content=\"enequipo\" \/>\n\t<meta name=\"twitter:label2\" content=\"Tiempo de lectura\" \/>\n\t<meta name=\"twitter:data2\" content=\"3 minutos\" \/>\n<script type=\"application\/ld+json\" class=\"yoast-schema-graph\">{\"@context\":\"https:\/\/schema.org\",\"@graph\":[{\"@type\":\"Article\",\"@id\":\"https:\/\/www.sonoraenequipo.com.mx\/presenta-c5i-sonora-ganadores-del-primer-concurso-estatal-de-video-infantil-9-1-1-recuerdalo-usalo-cuidalo\/#article\",\"isPartOf\":{\"@id\":\"https:\/\/www.sonoraenequipo.com.mx\/presenta-c5i-sonora-ganadores-del-primer-concurso-estatal-de-video-infantil-9-1-1-recuerdalo-usalo-cuidalo\/\"},\"author\":{\"name\":\"enequipo\",\"@id\":\"https:\/\/www.sonoraenequipo.com.mx\/#\/schema\/person\/50102df0fb23a8fa9e8effad8fa81386\"},\"headline\":\"Presenta C5i Sonora ganadores del Primer Concurso Estatal de video infantil \u201c9-1-1 Recu\u00e9rdalo, \u00fasalo, cu\u00eddalo\u201d\",\"datePublished\":\"2021-05-01T03:25:08+00:00\",\"dateModified\":\"2021-05-01T19:06:48+00:00\",\"mainEntityOfPage\":{\"@id\":\"https:\/\/www.sonoraenequipo.com.mx\/presenta-c5i-sonora-ganadores-del-primer-concurso-estatal-de-video-infantil-9-1-1-recuerdalo-usalo-cuidalo\/\"},\"wordCount\":747,\"commentCount\":0,\"publisher\":{\"@id\":\"https:\/\/www.sonoraenequipo.com.mx\/#organization\"},\"image\":{\"@id\":\"https:\/\/www.sonoraenequipo.com.mx\/presenta-c5i-sonora-ganadores-del-primer-concurso-estatal-de-video-infantil-9-1-1-recuerdalo-usalo-cuidalo\/#primaryimage\"},\"thumbnailUrl\":\"https:\/\/www.sonoraenequipo.com.mx\/storage\/2021\/05\/concurso-estatal-infantil_opt.jpg\",\"articleSection\":[\"Sonora\"],\"inLanguage\":\"es\",\"potentialAction\":[{\"@type\":\"CommentAction\",\"name\":\"Comment\",\"target\":[\"https:\/\/www.sonoraenequipo.com.mx\/presenta-c5i-sonora-ganadores-del-primer-concurso-estatal-de-video-infantil-9-1-1-recuerdalo-usalo-cuidalo\/#respond\"]}]},{\"@type\":\"WebPage\",\"@id\":\"https:\/\/www.sonoraenequipo.com.mx\/presenta-c5i-sonora-ganadores-del-primer-concurso-estatal-de-video-infantil-9-1-1-recuerdalo-usalo-cuidalo\/\",\"url\":\"https:\/\/www.sonoraenequipo.com.mx\/presenta-c5i-sonora-ganadores-del-primer-concurso-estatal-de-video-infantil-9-1-1-recuerdalo-usalo-cuidalo\/\",\"name\":\"Sonora en Equipo. Presenta C5i Sonora ganadores del Primer Concurso Estatal de video infantil \u201c9-1-1 Recu\u00e9rdalo, \u00fasalo, cu\u00eddalo\u201d Sonora\",\"isPartOf\":{\"@id\":\"https:\/\/www.sonoraenequipo.com.mx\/#website\"},\"primaryImageOfPage\":{\"@id\":\"https:\/\/www.sonoraenequipo.com.mx\/presenta-c5i-sonora-ganadores-del-primer-concurso-estatal-de-video-infantil-9-1-1-recuerdalo-usalo-cuidalo\/#primaryimage\"},\"image\":{\"@id\":\"https:\/\/www.sonoraenequipo.com.mx\/presenta-c5i-sonora-ganadores-del-primer-concurso-estatal-de-video-infantil-9-1-1-recuerdalo-usalo-cuidalo\/#primaryimage\"},\"thumbnailUrl\":\"https:\/\/www.sonoraenequipo.com.mx\/storage\/2021\/05\/concurso-estatal-infantil_opt.jpg\",\"datePublished\":\"2021-05-01T03:25:08+00:00\",\"dateModified\":\"2021-05-01T19:06:48+00:00\",\"description\":\"HERMOSILLO, SONORA. MX. \u2014 Por su creatividad, originalidad, iniciativa y contenido en la realizaci\u00f3n del video para concientizar sobre el correcto uso de En Sonora en Equipo publicamos toda la informaci\u00f3n de Sonora, M\u00e9xico y el Mundo de manera oportuna y busca que la libertad de expresi\u00f3n sea real. Visita nuestro medio informativo publicado desde Hermosillo, Sonora. %\",\"breadcrumb\":{\"@id\":\"https:\/\/www.sonoraenequipo.com.mx\/presenta-c5i-sonora-ganadores-del-primer-concurso-estatal-de-video-infantil-9-1-1-recuerdalo-usalo-cuidalo\/#breadcrumb\"},\"inLanguage\":\"es\",\"potentialAction\":[{\"@type\":\"ReadAction\",\"target\":[\"https:\/\/www.sonoraenequipo.com.mx\/presenta-c5i-sonora-ganadores-del-primer-concurso-estatal-de-video-infantil-9-1-1-recuerdalo-usalo-cuidalo\/\"]}]},{\"@type\":\"ImageObject\",\"inLanguage\":\"es\",\"@id\":\"https:\/\/www.sonoraenequipo.com.mx\/presenta-c5i-sonora-ganadores-del-primer-concurso-estatal-de-video-infantil-9-1-1-recuerdalo-usalo-cuidalo\/#primaryimage\",\"url\":\"https:\/\/www.sonoraenequipo.com.mx\/storage\/2021\/05\/concurso-estatal-infantil_opt.jpg\",\"contentUrl\":\"https:\/\/www.sonoraenequipo.com.mx\/storage\/2021\/05\/concurso-estatal-infantil_opt.jpg\",\"width\":692,\"height\":425},{\"@type\":\"BreadcrumbList\",\"@id\":\"https:\/\/www.sonoraenequipo.com.mx\/presenta-c5i-sonora-ganadores-del-primer-concurso-estatal-de-video-infantil-9-1-1-recuerdalo-usalo-cuidalo\/#breadcrumb\",\"itemListElement\":[{\"@type\":\"ListItem\",\"position\":1,\"name\":\"Portada\",\"item\":\"https:\/\/www.sonoraenequipo.com.mx\/\"},{\"@type\":\"ListItem\",\"position\":2,\"name\":\"Presenta C5i Sonora ganadores del Primer Concurso Estatal de video infantil \u201c9-1-1 Recu\u00e9rdalo, \u00fasalo, cu\u00eddalo\u201d\"}]},{\"@type\":\"WebSite\",\"@id\":\"https:\/\/www.sonoraenequipo.com.mx\/#website\",\"url\":\"https:\/\/www.sonoraenequipo.com.mx\/\",\"name\":\"Sonora en Equipo.\",\"description\":\"Diario en l\u00ednea con Noticias desde Hermosillo, Sonora\",\"publisher\":{\"@id\":\"https:\/\/www.sonoraenequipo.com.mx\/#organization\"},\"potentialAction\":[{\"@type\":\"SearchAction\",\"target\":{\"@type\":\"EntryPoint\",\"urlTemplate\":\"https:\/\/www.sonoraenequipo.com.mx\/?s={search_term_string}\"},\"query-input\":{\"@type\":\"PropertyValueSpecification\",\"valueRequired\":true,\"valueName\":\"search_term_string\"}}],\"inLanguage\":\"es\"},{\"@type\":\"Organization\",\"@id\":\"https:\/\/www.sonoraenequipo.com.mx\/#organization\",\"name\":\"Sonoraenequipo.com.mx\",\"url\":\"https:\/\/www.sonoraenequipo.com.mx\/\",\"logo\":{\"@type\":\"ImageObject\",\"inLanguage\":\"es\",\"@id\":\"https:\/\/www.sonoraenequipo.com.mx\/#\/schema\/logo\/image\/\",\"url\":\"https:\/\/www.sonoraenequipo.com.mx\/storage\/2019\/01\/sonoraenequipo_opt.png\",\"contentUrl\":\"https:\/\/www.sonoraenequipo.com.mx\/storage\/2019\/01\/sonoraenequipo_opt.png\",\"width\":375,\"height\":125,\"caption\":\"Sonoraenequipo.com.mx\"},\"image\":{\"@id\":\"https:\/\/www.sonoraenequipo.com.mx\/#\/schema\/logo\/image\/\"},\"sameAs\":[\"https:\/\/www.facebook.com\/SonoraEE\/\",\"https:\/\/x.com\/sonoraenequipo\",\"https:\/\/www.youtube.com\/channel\/UC338nW-lPEYmJQs4ZABQ1SQ\"]},{\"@type\":\"Person\",\"@id\":\"https:\/\/www.sonoraenequipo.com.mx\/#\/schema\/person\/50102df0fb23a8fa9e8effad8fa81386\",\"name\":\"enequipo\",\"image\":{\"@type\":\"ImageObject\",\"inLanguage\":\"es\",\"@id\":\"https:\/\/www.sonoraenequipo.com.mx\/#\/schema\/person\/image\/\",\"url\":\"https:\/\/secure.gravatar.com\/avatar\/049821681b589dabc0bc20695993ccebb09f5b5d4d790cd9251b97faac7c652b?s=96&d=blank&r=g\",\"contentUrl\":\"https:\/\/secure.gravatar.com\/avatar\/049821681b589dabc0bc20695993ccebb09f5b5d4d790cd9251b97faac7c652b?s=96&d=blank&r=g\",\"caption\":\"enequipo\"},\"sameAs\":[\"https:\/\/www.facebook.com\/SonoraEE\"]}]}<\/script>\n ","yoast_head_json":{"title":"Sonora en Equipo. Presenta C5i Sonora ganadores del Primer Concurso Estatal de video infantil \u201c9-1-1 Recu\u00e9rdalo, \u00fasalo, cu\u00eddalo\u201d Sonora","description":"HERMOSILLO, SONORA. MX. \u2014 Por su creatividad, originalidad, iniciativa y contenido en la realizaci\u00f3n del video para concientizar sobre el correcto uso de En Sonora en Equipo publicamos toda la informaci\u00f3n de Sonora, M\u00e9xico y el Mundo de manera oportuna y busca que la libertad de expresi\u00f3n sea real. Visita nuestro medio informativo publicado desde Hermosillo, Sonora. %","robots":{"index":"index","follow":"follow","max-snippet":"max-snippet:-1","max-image-preview":"max-image-preview:large","max-video-preview":"max-video-preview:-1"},"canonical":"https:\/\/www.sonoraenequipo.com.mx\/presenta-c5i-sonora-ganadores-del-primer-concurso-estatal-de-video-infantil-9-1-1-recuerdalo-usalo-cuidalo\/","og_locale":"es_ES","og_type":"article","og_title":"Sonora en Equipo. Presenta C5i Sonora ganadores del Primer Concurso Estatal de video infantil \u201c9-1-1 Recu\u00e9rdalo, \u00fasalo, cu\u00eddalo\u201d Sonora","og_description":"HERMOSILLO, SONORA. MX. \u2014 Por su creatividad, originalidad, iniciativa y contenido en la realizaci\u00f3n del video para concientizar sobre el correcto uso de En Sonora en Equipo publicamos toda la informaci\u00f3n de Sonora, M\u00e9xico y el Mundo de manera oportuna y busca que la libertad de expresi\u00f3n sea real. Visita nuestro medio informativo publicado desde Hermosillo, Sonora. %","og_url":"https:\/\/www.sonoraenequipo.com.mx\/presenta-c5i-sonora-ganadores-del-primer-concurso-estatal-de-video-infantil-9-1-1-recuerdalo-usalo-cuidalo\/","og_site_name":"Sonora en Equipo.","article_publisher":"https:\/\/www.facebook.com\/SonoraEE\/","article_author":"https:\/\/www.facebook.com\/SonoraEE","article_published_time":"2021-05-01T03:25:08+00:00","article_modified_time":"2021-05-01T19:06:48+00:00","og_image":[{"width":692,"height":425,"url":"https:\/\/www.sonoraenequipo.com.mx\/storage\/2021\/05\/concurso-estatal-infantil_opt.jpg","type":"image\/jpeg"}],"author":"enequipo","twitter_card":"summary_large_image","twitter_creator":"@sonoraenequipo","twitter_site":"@sonoraenequipo","twitter_misc":{"Escrito por":"enequipo","Tiempo de lectura":"3 minutos"},"schema":{"@context":"https:\/\/schema.org","@graph":[{"@type":"Article","@id":"https:\/\/www.sonoraenequipo.com.mx\/presenta-c5i-sonora-ganadores-del-primer-concurso-estatal-de-video-infantil-9-1-1-recuerdalo-usalo-cuidalo\/#article","isPartOf":{"@id":"https:\/\/www.sonoraenequipo.com.mx\/presenta-c5i-sonora-ganadores-del-primer-concurso-estatal-de-video-infantil-9-1-1-recuerdalo-usalo-cuidalo\/"},"author":{"name":"enequipo","@id":"https:\/\/www.sonoraenequipo.com.mx\/#\/schema\/person\/50102df0fb23a8fa9e8effad8fa81386"},"headline":"Presenta C5i Sonora ganadores del Primer Concurso Estatal de video infantil \u201c9-1-1 Recu\u00e9rdalo, \u00fasalo, cu\u00eddalo\u201d","datePublished":"2021-05-01T03:25:08+00:00","dateModified":"2021-05-01T19:06:48+00:00","mainEntityOfPage":{"@id":"https:\/\/www.sonoraenequipo.com.mx\/presenta-c5i-sonora-ganadores-del-primer-concurso-estatal-de-video-infantil-9-1-1-recuerdalo-usalo-cuidalo\/"},"wordCount":747,"commentCount":0,"publisher":{"@id":"https:\/\/www.sonoraenequipo.com.mx\/#organization"},"image":{"@id":"https:\/\/www.sonoraenequipo.com.mx\/presenta-c5i-sonora-ganadores-del-primer-concurso-estatal-de-video-infantil-9-1-1-recuerdalo-usalo-cuidalo\/#primaryimage"},"thumbnailUrl":"https:\/\/www.sonoraenequipo.com.mx\/storage\/2021\/05\/concurso-estatal-infantil_opt.jpg","articleSection":["Sonora"],"inLanguage":"es","potentialAction":[{"@type":"CommentAction","name":"Comment","target":["https:\/\/www.sonoraenequipo.com.mx\/presenta-c5i-sonora-ganadores-del-primer-concurso-estatal-de-video-infantil-9-1-1-recuerdalo-usalo-cuidalo\/#respond"]}]},{"@type":"WebPage","@id":"https:\/\/www.sonoraenequipo.com.mx\/presenta-c5i-sonora-ganadores-del-primer-concurso-estatal-de-video-infantil-9-1-1-recuerdalo-usalo-cuidalo\/","url":"https:\/\/www.sonoraenequipo.com.mx\/presenta-c5i-sonora-ganadores-del-primer-concurso-estatal-de-video-infantil-9-1-1-recuerdalo-usalo-cuidalo\/","name":"Sonora en Equipo. Presenta C5i Sonora ganadores del Primer Concurso Estatal de video infantil \u201c9-1-1 Recu\u00e9rdalo, \u00fasalo, cu\u00eddalo\u201d Sonora","isPartOf":{"@id":"https:\/\/www.sonoraenequipo.com.mx\/#website"},"primaryImageOfPage":{"@id":"https:\/\/www.sonoraenequipo.com.mx\/presenta-c5i-sonora-ganadores-del-primer-concurso-estatal-de-video-infantil-9-1-1-recuerdalo-usalo-cuidalo\/#primaryimage"},"image":{"@id":"https:\/\/www.sonoraenequipo.com.mx\/presenta-c5i-sonora-ganadores-del-primer-concurso-estatal-de-video-infantil-9-1-1-recuerdalo-usalo-cuidalo\/#primaryimage"},"thumbnailUrl":"https:\/\/www.sonoraenequipo.com.mx\/storage\/2021\/05\/concurso-estatal-infantil_opt.jpg","datePublished":"2021-05-01T03:25:08+00:00","dateModified":"2021-05-01T19:06:48+00:00","description":"HERMOSILLO, SONORA. MX. \u2014 Por su creatividad, originalidad, iniciativa y contenido en la realizaci\u00f3n del video para concientizar sobre el correcto uso de En Sonora en Equipo publicamos toda la informaci\u00f3n de Sonora, M\u00e9xico y el Mundo de manera oportuna y busca que la libertad de expresi\u00f3n sea real. Visita nuestro medio informativo publicado desde Hermosillo, Sonora. %","breadcrumb":{"@id":"https:\/\/www.sonoraenequipo.com.mx\/presenta-c5i-sonora-ganadores-del-primer-concurso-estatal-de-video-infantil-9-1-1-recuerdalo-usalo-cuidalo\/#breadcrumb"},"inLanguage":"es","potentialAction":[{"@type":"ReadAction","target":["https:\/\/www.sonoraenequipo.com.mx\/presenta-c5i-sonora-ganadores-del-primer-concurso-estatal-de-video-infantil-9-1-1-recuerdalo-usalo-cuidalo\/"]}]},{"@type":"ImageObject","inLanguage":"es","@id":"https:\/\/www.sonoraenequipo.com.mx\/presenta-c5i-sonora-ganadores-del-primer-concurso-estatal-de-video-infantil-9-1-1-recuerdalo-usalo-cuidalo\/#primaryimage","url":"https:\/\/www.sonoraenequipo.com.mx\/storage\/2021\/05\/concurso-estatal-infantil_opt.jpg","contentUrl":"https:\/\/www.sonoraenequipo.com.mx\/storage\/2021\/05\/concurso-estatal-infantil_opt.jpg","width":692,"height":425},{"@type":"BreadcrumbList","@id":"https:\/\/www.sonoraenequipo.com.mx\/presenta-c5i-sonora-ganadores-del-primer-concurso-estatal-de-video-infantil-9-1-1-recuerdalo-usalo-cuidalo\/#breadcrumb","itemListElement":[{"@type":"ListItem","position":1,"name":"Portada","item":"https:\/\/www.sonoraenequipo.com.mx\/"},{"@type":"ListItem","position":2,"name":"Presenta C5i Sonora ganadores del Primer Concurso Estatal de video infantil \u201c9-1-1 Recu\u00e9rdalo, \u00fasalo, cu\u00eddalo\u201d"}]},{"@type":"WebSite","@id":"https:\/\/www.sonoraenequipo.com.mx\/#website","url":"https:\/\/www.sonoraenequipo.com.mx\/","name":"Sonora en Equipo.","description":"Diario en l\u00ednea con Noticias desde Hermosillo, Sonora","publisher":{"@id":"https:\/\/www.sonoraenequipo.com.mx\/#organization"},"potentialAction":[{"@type":"SearchAction","target":{"@type":"EntryPoint","urlTemplate":"https:\/\/www.sonoraenequipo.com.mx\/?s={search_term_string}"},"query-input":{"@type":"PropertyValueSpecification","valueRequired":true,"valueName":"search_term_string"}}],"inLanguage":"es"},{"@type":"Organization","@id":"https:\/\/www.sonoraenequipo.com.mx\/#organization","name":"Sonoraenequipo.com.mx","url":"https:\/\/www.sonoraenequipo.com.mx\/","logo":{"@type":"ImageObject","inLanguage":"es","@id":"https:\/\/www.sonoraenequipo.com.mx\/#\/schema\/logo\/image\/","url":"https:\/\/www.sonoraenequipo.com.mx\/storage\/2019\/01\/sonoraenequipo_opt.png","contentUrl":"https:\/\/www.sonoraenequipo.com.mx\/storage\/2019\/01\/sonoraenequipo_opt.png","width":375,"height":125,"caption":"Sonoraenequipo.com.mx"},"image":{"@id":"https:\/\/www.sonoraenequipo.com.mx\/#\/schema\/logo\/image\/"},"sameAs":["https:\/\/www.facebook.com\/SonoraEE\/","https:\/\/x.com\/sonoraenequipo","https:\/\/www.youtube.com\/channel\/UC338nW-lPEYmJQs4ZABQ1SQ"]},{"@type":"Person","@id":"https:\/\/www.sonoraenequipo.com.mx\/#\/schema\/person\/50102df0fb23a8fa9e8effad8fa81386","name":"enequipo","image":{"@type":"ImageObject","inLanguage":"es","@id":"https:\/\/www.sonoraenequipo.com.mx\/#\/schema\/person\/image\/","url":"https:\/\/secure.gravatar.com\/avatar\/049821681b589dabc0bc20695993ccebb09f5b5d4d790cd9251b97faac7c652b?s=96&d=blank&r=g","contentUrl":"https:\/\/secure.gravatar.com\/avatar\/049821681b589dabc0bc20695993ccebb09f5b5d4d790cd9251b97faac7c652b?s=96&d=blank&r=g","caption":"enequipo"},"sameAs":["https:\/\/www.facebook.com\/SonoraEE"]}]}},"jetpack_featured_media_url":"https:\/\/www.sonoraenequipo.com.mx\/storage\/2021\/05\/concurso-estatal-infantil_opt.jpg","_links":{"self":[{"href":"https:\/\/www.sonoraenequipo.com.mx\/api\/wp\/v2\/posts\/112928","targetHints":{"allow":["GET"]}}],"collection":[{"href":"https:\/\/www.sonoraenequipo.com.mx\/api\/wp\/v2\/posts"}],"about":[{"href":"https:\/\/www.sonoraenequipo.com.mx\/api\/wp\/v2\/types\/post"}],"author":[{"embeddable":true,"href":"https:\/\/www.sonoraenequipo.com.mx\/api\/wp\/v2\/users\/1"}],"replies":[{"embeddable":true,"href":"https:\/\/www.sonoraenequipo.com.mx\/api\/wp\/v2\/comments?post=112928"}],"version-history":[{"count":1,"href":"https:\/\/www.sonoraenequipo.com.mx\/api\/wp\/v2\/posts\/112928\/revisions"}],"predecessor-version":[{"id":112930,"href":"https:\/\/www.sonoraenequipo.com.mx\/api\/wp\/v2\/posts\/112928\/revisions\/112930"}],"wp:featuredmedia":[{"embeddable":true,"href":"https:\/\/www.sonoraenequipo.com.mx\/api\/wp\/v2\/media\/112929"}],"wp:attachment":[{"href":"https:\/\/www.sonoraenequipo.com.mx\/api\/wp\/v2\/media?parent=112928"}],"wp:term":[{"taxonomy":"category","embeddable":true,"href":"https:\/\/www.sonoraenequipo.com.mx\/api\/wp\/v2\/categories?post=112928"},{"taxonomy":"post_tag","embeddable":true,"href":"https:\/\/www.sonoraenequipo.com.mx\/api\/wp\/v2\/tags?post=112928"}],"curies":[{"name":"wp","href":"https:\/\/api.w.org\/{rel}","templated":true}]}}