{"id":112937,"date":"2021-05-01T06:10:25","date_gmt":"2021-05-01T13:10:25","guid":{"rendered":"https:\/\/www.sonoraenequipo.com.mx\/?p=112937"},"modified":"2021-05-01T13:58:11","modified_gmt":"2021-05-01T20:58:11","slug":"david-paramo-sufre-aneurisma-cerebral-es-intervenido","status":"publish","type":"post","link":"https:\/\/www.sonoraenequipo.com.mx\/david-paramo-sufre-aneurisma-cerebral-es-intervenido\/","title":{"rendered":"David P\u00e1ramo sufre aneurisma cerebral; es intervenido"},"content":{"rendered":"<p>CIUDAD DE M\u00c9XICO.MX. \u2014 En la emisi\u00f3n nocturna de noticias con Ciro G\u00f3mez Leyva en Imagen Televisi\u00f3n, el periodista inform\u00f3 que David P\u00e1ramo tambi\u00e9n conocido como el \u00abpadre del an\u00e1lisis superior\u00bb, sufri\u00f3 un aneurisma por la ma\u00f1ana de este viernes y lleva varias horas en intervenci\u00f3n, adem\u00e1s pidi\u00f3 respeto por la situaci\u00f3n.<\/p>\n<p>&nbsp;<\/p>\n<p> <\/p>\n<p>&nbsp;<\/p>\n<p>Durante la transmisi\u00f3n, G\u00f3mez Leyva hizo alusi\u00f3n a la entrada de la secci\u00f3n del an\u00e1lisis econ\u00f3mico que normalmente har\u00eda P\u00e1ramo, pero fue en ese momento que dio a conocer la situaci\u00f3n m\u00e9dica del comentarista y extern\u00f3 sus deseos de pronta recuperaci\u00f3n.<\/p>\n<p>&nbsp;<\/p>\n<p><em><img loading=\"lazy\" decoding=\"async\" class=\"size-medium  x-right\" src=\"https:\/\/www.sonoraenequipo.com.mx\/storage\/2021\/05\/aneurisma-cerebral_opt-649x365.jpg\" alt=\"\" width=\"649\" height=\"365\" \/>\u00abEste es el momento, esta es la secci\u00f3n, su espacio personal\u00edsimo, que celebramos del padre del an\u00e1lisis superior, hoy no lo vamos a tener, David sufri\u00f3 un accidente vascular est\u00e1 siendo intervenido y de coraz\u00f3n todos los que trabajamos con \u00e9l, deseamos que salgas bien y que pronto est\u00e9s de regreso\u00bb,<\/em> expres\u00f3.<\/p>\n<p>&nbsp;<\/p>\n<p>&nbsp;<\/p>\n<p>G\u00f3mez Leyva detall\u00f3 que el accidente vascular era un aneurisma y por respeto a la privacidad de P\u00e1ramo no dar\u00eda m\u00e1s informaci\u00f3n.<\/p>\n<p>&nbsp;<\/p>\n<p>&nbsp;<\/p>\n<p><em>\u00abNuestro querido David Par\u00e1mo, sufri\u00f3 un aneurisma y por respeto no queremos dar m\u00e1s informaci\u00f3n, est\u00e1 en cirug\u00eda, lleva varias horas y estamos seguros que va a salir a adelante\u00bb,<\/em> dijo el periodista. Inmediatamente despu\u00e9s, mand\u00f3 a un video con mensajes de apoyo por parte de sus compa\u00f1eros. ?Por su parte, la periodista Alicia Salgado confirm\u00f3 en su cuenta de Twitter que P\u00e1ramo est\u00e1 en el hospital ABC de Santa Fe.<\/p>\n<p>&nbsp;<\/p>\n<p>&nbsp;<\/p>\n<p><em>\u00abMi amigo David Paramo est\u00e1 en el ABC de Santa Fe en terapia intensiva y en coma. Por favor oren por su vida, m\u00e1ndenle toda la vibra m\u00e1s positiva del mundo\u00bb<\/em>, escribi\u00f3.<\/p>\n<p>&nbsp;<\/p>\n<p>&nbsp;<\/p>\n<p>En la emisi\u00f3n nocturna de noticias con Ciro G\u00f3mez Leyva en Imagen Televisi\u00f3n, el periodista inform\u00f3 que David P\u00e1ramo tambi\u00e9n conocido como el <em>\u00abpadre del an\u00e1lisis superior\u00bb,<\/em> sufri\u00f3 un aneurisma por la ma\u00f1ana de este viernes y lleva varias horas en intervenci\u00f3n, adem\u00e1s pidi\u00f3 respeto por la situaci\u00f3n.<\/p>\n<p>&nbsp;<\/p>\n<p>&nbsp;<\/p>\n<p>(Publicada el 01\/05\/2021)<\/p>\n","protected":false},"excerpt":{"rendered":"<p>CIUDAD DE M\u00c9XICO.MX. \u2014 En la emisi\u00f3n nocturna de noticias con Ciro G\u00f3mez Leyva en&#8230;<\/p>\n","protected":false},"author":1,"featured_media":112939,"comment_status":"open","ping_status":"open","sticky":false,"template":"","format":"standard","meta":{"_monsterinsights_skip_tracking":false,"_monsterinsights_sitenote_active":false,"_monsterinsights_sitenote_note":"","_monsterinsights_sitenote_category":0,"footnotes":""},"categories":[2987],"tags":[],"class_list":["post"],"yoast_head":" \n<title>Sonora en Equipo. David P\u00e1ramo sufre aneurisma cerebral; es intervenido Showbiz<\/title>\n<meta name=\"description\" content=\"CIUDAD DE M\u00c9XICO.MX. \u2014 En la emisi\u00f3n nocturna de noticias con Ciro G\u00f3mez Leyva en Imagen Televisi\u00f3n, el periodista inform\u00f3 que David P\u00e1ramo tambi\u00e9n En Sonora en Equipo publicamos toda la informaci\u00f3n de Sonora, M\u00e9xico y el Mundo de manera oportuna y busca que la libertad de expresi\u00f3n sea real. Visita nuestro medio informativo publicado desde Hermosillo, Sonora. %\" \/>\n<meta name=\"robots\" content=\"index, follow, max-snippet:-1, max-image-preview:large, max-video-preview:-1\" \/>\n<link rel=\"canonical\" href=\"https:\/\/www.sonoraenequipo.com.mx\/david-paramo-sufre-aneurisma-cerebral-es-intervenido\/\" \/>\n<meta property=\"og:locale\" content=\"es_ES\" \/>\n<meta property=\"og:type\" content=\"article\" \/>\n<meta property=\"og:title\" content=\"Sonora en Equipo. David P\u00e1ramo sufre aneurisma cerebral; es intervenido Showbiz\" \/>\n<meta property=\"og:description\" content=\"CIUDAD DE M\u00c9XICO.MX. \u2014 En la emisi\u00f3n nocturna de noticias con Ciro G\u00f3mez Leyva en Imagen Televisi\u00f3n, el periodista inform\u00f3 que David P\u00e1ramo tambi\u00e9n En Sonora en Equipo publicamos toda la informaci\u00f3n de Sonora, M\u00e9xico y el Mundo de manera oportuna y busca que la libertad de expresi\u00f3n sea real. Visita nuestro medio informativo publicado desde Hermosillo, Sonora. %\" \/>\n<meta property=\"og:url\" content=\"https:\/\/www.sonoraenequipo.com.mx\/david-paramo-sufre-aneurisma-cerebral-es-intervenido\/\" \/>\n<meta property=\"og:site_name\" content=\"Sonora en Equipo.\" \/>\n<meta property=\"article:publisher\" content=\"https:\/\/www.facebook.com\/SonoraEE\/\" \/>\n<meta property=\"article:author\" content=\"https:\/\/www.facebook.com\/SonoraEE\" \/>\n<meta property=\"article:published_time\" content=\"2021-05-01T13:10:25+00:00\" \/>\n<meta property=\"article:modified_time\" content=\"2021-05-01T20:58:11+00:00\" \/>\n<meta property=\"og:image\" content=\"https:\/\/www.sonoraenequipo.com.mx\/storage\/2021\/05\/david-paramo-sufre-aneurisma_opt.jpg\" \/>\n\t<meta property=\"og:image:width\" content=\"889\" \/>\n\t<meta property=\"og:image:height\" content=\"500\" \/>\n\t<meta property=\"og:image:type\" content=\"image\/jpeg\" \/>\n<meta name=\"author\" content=\"enequipo\" \/>\n<meta name=\"twitter:card\" content=\"summary_large_image\" \/>\n<meta name=\"twitter:creator\" content=\"@sonoraenequipo\" \/>\n<meta name=\"twitter:site\" content=\"@sonoraenequipo\" \/>\n<meta name=\"twitter:label1\" content=\"Escrito por\" \/>\n\t<meta name=\"twitter:data1\" content=\"enequipo\" \/>\n\t<meta name=\"twitter:label2\" content=\"Tiempo de lectura\" \/>\n\t<meta name=\"twitter:data2\" content=\"2 minutos\" \/>\n<script type=\"application\/ld+json\" class=\"yoast-schema-graph\">{\"@context\":\"https:\/\/schema.org\",\"@graph\":[{\"@type\":\"Article\",\"@id\":\"https:\/\/www.sonoraenequipo.com.mx\/david-paramo-sufre-aneurisma-cerebral-es-intervenido\/#article\",\"isPartOf\":{\"@id\":\"https:\/\/www.sonoraenequipo.com.mx\/david-paramo-sufre-aneurisma-cerebral-es-intervenido\/\"},\"author\":{\"name\":\"enequipo\",\"@id\":\"https:\/\/www.sonoraenequipo.com.mx\/#\/schema\/person\/50102df0fb23a8fa9e8effad8fa81386\"},\"headline\":\"David P\u00e1ramo sufre aneurisma cerebral; es intervenido\",\"datePublished\":\"2021-05-01T13:10:25+00:00\",\"dateModified\":\"2021-05-01T20:58:11+00:00\",\"mainEntityOfPage\":{\"@id\":\"https:\/\/www.sonoraenequipo.com.mx\/david-paramo-sufre-aneurisma-cerebral-es-intervenido\/\"},\"wordCount\":392,\"commentCount\":0,\"publisher\":{\"@id\":\"https:\/\/www.sonoraenequipo.com.mx\/#organization\"},\"image\":{\"@id\":\"https:\/\/www.sonoraenequipo.com.mx\/david-paramo-sufre-aneurisma-cerebral-es-intervenido\/#primaryimage\"},\"thumbnailUrl\":\"https:\/\/www.sonoraenequipo.com.mx\/storage\/2021\/05\/david-paramo-sufre-aneurisma_opt.jpg\",\"articleSection\":[\"Showbiz\"],\"inLanguage\":\"es\",\"potentialAction\":[{\"@type\":\"CommentAction\",\"name\":\"Comment\",\"target\":[\"https:\/\/www.sonoraenequipo.com.mx\/david-paramo-sufre-aneurisma-cerebral-es-intervenido\/#respond\"]}]},{\"@type\":\"WebPage\",\"@id\":\"https:\/\/www.sonoraenequipo.com.mx\/david-paramo-sufre-aneurisma-cerebral-es-intervenido\/\",\"url\":\"https:\/\/www.sonoraenequipo.com.mx\/david-paramo-sufre-aneurisma-cerebral-es-intervenido\/\",\"name\":\"Sonora en Equipo. David P\u00e1ramo sufre aneurisma cerebral; es intervenido Showbiz\",\"isPartOf\":{\"@id\":\"https:\/\/www.sonoraenequipo.com.mx\/#website\"},\"primaryImageOfPage\":{\"@id\":\"https:\/\/www.sonoraenequipo.com.mx\/david-paramo-sufre-aneurisma-cerebral-es-intervenido\/#primaryimage\"},\"image\":{\"@id\":\"https:\/\/www.sonoraenequipo.com.mx\/david-paramo-sufre-aneurisma-cerebral-es-intervenido\/#primaryimage\"},\"thumbnailUrl\":\"https:\/\/www.sonoraenequipo.com.mx\/storage\/2021\/05\/david-paramo-sufre-aneurisma_opt.jpg\",\"datePublished\":\"2021-05-01T13:10:25+00:00\",\"dateModified\":\"2021-05-01T20:58:11+00:00\",\"description\":\"CIUDAD DE M\u00c9XICO.MX. \u2014 En la emisi\u00f3n nocturna de noticias con Ciro G\u00f3mez Leyva en Imagen Televisi\u00f3n, el periodista inform\u00f3 que David P\u00e1ramo tambi\u00e9n En Sonora en Equipo publicamos toda la informaci\u00f3n de Sonora, M\u00e9xico y el Mundo de manera oportuna y busca que la libertad de expresi\u00f3n sea real. Visita nuestro medio informativo publicado desde Hermosillo, Sonora. %\",\"breadcrumb\":{\"@id\":\"https:\/\/www.sonoraenequipo.com.mx\/david-paramo-sufre-aneurisma-cerebral-es-intervenido\/#breadcrumb\"},\"inLanguage\":\"es\",\"potentialAction\":[{\"@type\":\"ReadAction\",\"target\":[\"https:\/\/www.sonoraenequipo.com.mx\/david-paramo-sufre-aneurisma-cerebral-es-intervenido\/\"]}]},{\"@type\":\"ImageObject\",\"inLanguage\":\"es\",\"@id\":\"https:\/\/www.sonoraenequipo.com.mx\/david-paramo-sufre-aneurisma-cerebral-es-intervenido\/#primaryimage\",\"url\":\"https:\/\/www.sonoraenequipo.com.mx\/storage\/2021\/05\/david-paramo-sufre-aneurisma_opt.jpg\",\"contentUrl\":\"https:\/\/www.sonoraenequipo.com.mx\/storage\/2021\/05\/david-paramo-sufre-aneurisma_opt.jpg\",\"width\":889,\"height\":500},{\"@type\":\"BreadcrumbList\",\"@id\":\"https:\/\/www.sonoraenequipo.com.mx\/david-paramo-sufre-aneurisma-cerebral-es-intervenido\/#breadcrumb\",\"itemListElement\":[{\"@type\":\"ListItem\",\"position\":1,\"name\":\"Portada\",\"item\":\"https:\/\/www.sonoraenequipo.com.mx\/\"},{\"@type\":\"ListItem\",\"position\":2,\"name\":\"David P\u00e1ramo sufre aneurisma cerebral; es intervenido\"}]},{\"@type\":\"WebSite\",\"@id\":\"https:\/\/www.sonoraenequipo.com.mx\/#website\",\"url\":\"https:\/\/www.sonoraenequipo.com.mx\/\",\"name\":\"Sonora en Equipo.\",\"description\":\"Diario en l\u00ednea con Noticias desde Hermosillo, Sonora\",\"publisher\":{\"@id\":\"https:\/\/www.sonoraenequipo.com.mx\/#organization\"},\"potentialAction\":[{\"@type\":\"SearchAction\",\"target\":{\"@type\":\"EntryPoint\",\"urlTemplate\":\"https:\/\/www.sonoraenequipo.com.mx\/?s={search_term_string}\"},\"query-input\":{\"@type\":\"PropertyValueSpecification\",\"valueRequired\":true,\"valueName\":\"search_term_string\"}}],\"inLanguage\":\"es\"},{\"@type\":\"Organization\",\"@id\":\"https:\/\/www.sonoraenequipo.com.mx\/#organization\",\"name\":\"Sonoraenequipo.com.mx\",\"url\":\"https:\/\/www.sonoraenequipo.com.mx\/\",\"logo\":{\"@type\":\"ImageObject\",\"inLanguage\":\"es\",\"@id\":\"https:\/\/www.sonoraenequipo.com.mx\/#\/schema\/logo\/image\/\",\"url\":\"https:\/\/www.sonoraenequipo.com.mx\/storage\/2019\/01\/sonoraenequipo_opt.png\",\"contentUrl\":\"https:\/\/www.sonoraenequipo.com.mx\/storage\/2019\/01\/sonoraenequipo_opt.png\",\"width\":375,\"height\":125,\"caption\":\"Sonoraenequipo.com.mx\"},\"image\":{\"@id\":\"https:\/\/www.sonoraenequipo.com.mx\/#\/schema\/logo\/image\/\"},\"sameAs\":[\"https:\/\/www.facebook.com\/SonoraEE\/\",\"https:\/\/x.com\/sonoraenequipo\",\"https:\/\/www.youtube.com\/channel\/UC338nW-lPEYmJQs4ZABQ1SQ\"]},{\"@type\":\"Person\",\"@id\":\"https:\/\/www.sonoraenequipo.com.mx\/#\/schema\/person\/50102df0fb23a8fa9e8effad8fa81386\",\"name\":\"enequipo\",\"image\":{\"@type\":\"ImageObject\",\"inLanguage\":\"es\",\"@id\":\"https:\/\/www.sonoraenequipo.com.mx\/#\/schema\/person\/image\/\",\"url\":\"https:\/\/secure.gravatar.com\/avatar\/049821681b589dabc0bc20695993ccebb09f5b5d4d790cd9251b97faac7c652b?s=96&d=blank&r=g\",\"contentUrl\":\"https:\/\/secure.gravatar.com\/avatar\/049821681b589dabc0bc20695993ccebb09f5b5d4d790cd9251b97faac7c652b?s=96&d=blank&r=g\",\"caption\":\"enequipo\"},\"sameAs\":[\"https:\/\/www.facebook.com\/SonoraEE\"]}]}<\/script>\n ","yoast_head_json":{"title":"Sonora en Equipo. David P\u00e1ramo sufre aneurisma cerebral; es intervenido Showbiz","description":"CIUDAD DE M\u00c9XICO.MX. \u2014 En la emisi\u00f3n nocturna de noticias con Ciro G\u00f3mez Leyva en Imagen Televisi\u00f3n, el periodista inform\u00f3 que David P\u00e1ramo tambi\u00e9n En Sonora en Equipo publicamos toda la informaci\u00f3n de Sonora, M\u00e9xico y el Mundo de manera oportuna y busca que la libertad de expresi\u00f3n sea real. Visita nuestro medio informativo publicado desde Hermosillo, Sonora. %","robots":{"index":"index","follow":"follow","max-snippet":"max-snippet:-1","max-image-preview":"max-image-preview:large","max-video-preview":"max-video-preview:-1"},"canonical":"https:\/\/www.sonoraenequipo.com.mx\/david-paramo-sufre-aneurisma-cerebral-es-intervenido\/","og_locale":"es_ES","og_type":"article","og_title":"Sonora en Equipo. David P\u00e1ramo sufre aneurisma cerebral; es intervenido Showbiz","og_description":"CIUDAD DE M\u00c9XICO.MX. \u2014 En la emisi\u00f3n nocturna de noticias con Ciro G\u00f3mez Leyva en Imagen Televisi\u00f3n, el periodista inform\u00f3 que David P\u00e1ramo tambi\u00e9n En Sonora en Equipo publicamos toda la informaci\u00f3n de Sonora, M\u00e9xico y el Mundo de manera oportuna y busca que la libertad de expresi\u00f3n sea real. Visita nuestro medio informativo publicado desde Hermosillo, Sonora. %","og_url":"https:\/\/www.sonoraenequipo.com.mx\/david-paramo-sufre-aneurisma-cerebral-es-intervenido\/","og_site_name":"Sonora en Equipo.","article_publisher":"https:\/\/www.facebook.com\/SonoraEE\/","article_author":"https:\/\/www.facebook.com\/SonoraEE","article_published_time":"2021-05-01T13:10:25+00:00","article_modified_time":"2021-05-01T20:58:11+00:00","og_image":[{"width":889,"height":500,"url":"https:\/\/www.sonoraenequipo.com.mx\/storage\/2021\/05\/david-paramo-sufre-aneurisma_opt.jpg","type":"image\/jpeg"}],"author":"enequipo","twitter_card":"summary_large_image","twitter_creator":"@sonoraenequipo","twitter_site":"@sonoraenequipo","twitter_misc":{"Escrito por":"enequipo","Tiempo de lectura":"2 minutos"},"schema":{"@context":"https:\/\/schema.org","@graph":[{"@type":"Article","@id":"https:\/\/www.sonoraenequipo.com.mx\/david-paramo-sufre-aneurisma-cerebral-es-intervenido\/#article","isPartOf":{"@id":"https:\/\/www.sonoraenequipo.com.mx\/david-paramo-sufre-aneurisma-cerebral-es-intervenido\/"},"author":{"name":"enequipo","@id":"https:\/\/www.sonoraenequipo.com.mx\/#\/schema\/person\/50102df0fb23a8fa9e8effad8fa81386"},"headline":"David P\u00e1ramo sufre aneurisma cerebral; es intervenido","datePublished":"2021-05-01T13:10:25+00:00","dateModified":"2021-05-01T20:58:11+00:00","mainEntityOfPage":{"@id":"https:\/\/www.sonoraenequipo.com.mx\/david-paramo-sufre-aneurisma-cerebral-es-intervenido\/"},"wordCount":392,"commentCount":0,"publisher":{"@id":"https:\/\/www.sonoraenequipo.com.mx\/#organization"},"image":{"@id":"https:\/\/www.sonoraenequipo.com.mx\/david-paramo-sufre-aneurisma-cerebral-es-intervenido\/#primaryimage"},"thumbnailUrl":"https:\/\/www.sonoraenequipo.com.mx\/storage\/2021\/05\/david-paramo-sufre-aneurisma_opt.jpg","articleSection":["Showbiz"],"inLanguage":"es","potentialAction":[{"@type":"CommentAction","name":"Comment","target":["https:\/\/www.sonoraenequipo.com.mx\/david-paramo-sufre-aneurisma-cerebral-es-intervenido\/#respond"]}]},{"@type":"WebPage","@id":"https:\/\/www.sonoraenequipo.com.mx\/david-paramo-sufre-aneurisma-cerebral-es-intervenido\/","url":"https:\/\/www.sonoraenequipo.com.mx\/david-paramo-sufre-aneurisma-cerebral-es-intervenido\/","name":"Sonora en Equipo. David P\u00e1ramo sufre aneurisma cerebral; es intervenido Showbiz","isPartOf":{"@id":"https:\/\/www.sonoraenequipo.com.mx\/#website"},"primaryImageOfPage":{"@id":"https:\/\/www.sonoraenequipo.com.mx\/david-paramo-sufre-aneurisma-cerebral-es-intervenido\/#primaryimage"},"image":{"@id":"https:\/\/www.sonoraenequipo.com.mx\/david-paramo-sufre-aneurisma-cerebral-es-intervenido\/#primaryimage"},"thumbnailUrl":"https:\/\/www.sonoraenequipo.com.mx\/storage\/2021\/05\/david-paramo-sufre-aneurisma_opt.jpg","datePublished":"2021-05-01T13:10:25+00:00","dateModified":"2021-05-01T20:58:11+00:00","description":"CIUDAD DE M\u00c9XICO.MX. \u2014 En la emisi\u00f3n nocturna de noticias con Ciro G\u00f3mez Leyva en Imagen Televisi\u00f3n, el periodista inform\u00f3 que David P\u00e1ramo tambi\u00e9n En Sonora en Equipo publicamos toda la informaci\u00f3n de Sonora, M\u00e9xico y el Mundo de manera oportuna y busca que la libertad de expresi\u00f3n sea real. Visita nuestro medio informativo publicado desde Hermosillo, Sonora. %","breadcrumb":{"@id":"https:\/\/www.sonoraenequipo.com.mx\/david-paramo-sufre-aneurisma-cerebral-es-intervenido\/#breadcrumb"},"inLanguage":"es","potentialAction":[{"@type":"ReadAction","target":["https:\/\/www.sonoraenequipo.com.mx\/david-paramo-sufre-aneurisma-cerebral-es-intervenido\/"]}]},{"@type":"ImageObject","inLanguage":"es","@id":"https:\/\/www.sonoraenequipo.com.mx\/david-paramo-sufre-aneurisma-cerebral-es-intervenido\/#primaryimage","url":"https:\/\/www.sonoraenequipo.com.mx\/storage\/2021\/05\/david-paramo-sufre-aneurisma_opt.jpg","contentUrl":"https:\/\/www.sonoraenequipo.com.mx\/storage\/2021\/05\/david-paramo-sufre-aneurisma_opt.jpg","width":889,"height":500},{"@type":"BreadcrumbList","@id":"https:\/\/www.sonoraenequipo.com.mx\/david-paramo-sufre-aneurisma-cerebral-es-intervenido\/#breadcrumb","itemListElement":[{"@type":"ListItem","position":1,"name":"Portada","item":"https:\/\/www.sonoraenequipo.com.mx\/"},{"@type":"ListItem","position":2,"name":"David P\u00e1ramo sufre aneurisma cerebral; es intervenido"}]},{"@type":"WebSite","@id":"https:\/\/www.sonoraenequipo.com.mx\/#website","url":"https:\/\/www.sonoraenequipo.com.mx\/","name":"Sonora en Equipo.","description":"Diario en l\u00ednea con Noticias desde Hermosillo, Sonora","publisher":{"@id":"https:\/\/www.sonoraenequipo.com.mx\/#organization"},"potentialAction":[{"@type":"SearchAction","target":{"@type":"EntryPoint","urlTemplate":"https:\/\/www.sonoraenequipo.com.mx\/?s={search_term_string}"},"query-input":{"@type":"PropertyValueSpecification","valueRequired":true,"valueName":"search_term_string"}}],"inLanguage":"es"},{"@type":"Organization","@id":"https:\/\/www.sonoraenequipo.com.mx\/#organization","name":"Sonoraenequipo.com.mx","url":"https:\/\/www.sonoraenequipo.com.mx\/","logo":{"@type":"ImageObject","inLanguage":"es","@id":"https:\/\/www.sonoraenequipo.com.mx\/#\/schema\/logo\/image\/","url":"https:\/\/www.sonoraenequipo.com.mx\/storage\/2019\/01\/sonoraenequipo_opt.png","contentUrl":"https:\/\/www.sonoraenequipo.com.mx\/storage\/2019\/01\/sonoraenequipo_opt.png","width":375,"height":125,"caption":"Sonoraenequipo.com.mx"},"image":{"@id":"https:\/\/www.sonoraenequipo.com.mx\/#\/schema\/logo\/image\/"},"sameAs":["https:\/\/www.facebook.com\/SonoraEE\/","https:\/\/x.com\/sonoraenequipo","https:\/\/www.youtube.com\/channel\/UC338nW-lPEYmJQs4ZABQ1SQ"]},{"@type":"Person","@id":"https:\/\/www.sonoraenequipo.com.mx\/#\/schema\/person\/50102df0fb23a8fa9e8effad8fa81386","name":"enequipo","image":{"@type":"ImageObject","inLanguage":"es","@id":"https:\/\/www.sonoraenequipo.com.mx\/#\/schema\/person\/image\/","url":"https:\/\/secure.gravatar.com\/avatar\/049821681b589dabc0bc20695993ccebb09f5b5d4d790cd9251b97faac7c652b?s=96&d=blank&r=g","contentUrl":"https:\/\/secure.gravatar.com\/avatar\/049821681b589dabc0bc20695993ccebb09f5b5d4d790cd9251b97faac7c652b?s=96&d=blank&r=g","caption":"enequipo"},"sameAs":["https:\/\/www.facebook.com\/SonoraEE"]}]}},"jetpack_featured_media_url":"https:\/\/www.sonoraenequipo.com.mx\/storage\/2021\/05\/david-paramo-sufre-aneurisma_opt.jpg","_links":{"self":[{"href":"https:\/\/www.sonoraenequipo.com.mx\/api\/wp\/v2\/posts\/112937","targetHints":{"allow":["GET"]}}],"collection":[{"href":"https:\/\/www.sonoraenequipo.com.mx\/api\/wp\/v2\/posts"}],"about":[{"href":"https:\/\/www.sonoraenequipo.com.mx\/api\/wp\/v2\/types\/post"}],"author":[{"embeddable":true,"href":"https:\/\/www.sonoraenequipo.com.mx\/api\/wp\/v2\/users\/1"}],"replies":[{"embeddable":true,"href":"https:\/\/www.sonoraenequipo.com.mx\/api\/wp\/v2\/comments?post=112937"}],"version-history":[{"count":1,"href":"https:\/\/www.sonoraenequipo.com.mx\/api\/wp\/v2\/posts\/112937\/revisions"}],"predecessor-version":[{"id":112940,"href":"https:\/\/www.sonoraenequipo.com.mx\/api\/wp\/v2\/posts\/112937\/revisions\/112940"}],"wp:featuredmedia":[{"embeddable":true,"href":"https:\/\/www.sonoraenequipo.com.mx\/api\/wp\/v2\/media\/112939"}],"wp:attachment":[{"href":"https:\/\/www.sonoraenequipo.com.mx\/api\/wp\/v2\/media?parent=112937"}],"wp:term":[{"taxonomy":"category","embeddable":true,"href":"https:\/\/www.sonoraenequipo.com.mx\/api\/wp\/v2\/categories?post=112937"},{"taxonomy":"post_tag","embeddable":true,"href":"https:\/\/www.sonoraenequipo.com.mx\/api\/wp\/v2\/tags?post=112937"}],"curies":[{"name":"wp","href":"https:\/\/api.w.org\/{rel}","templated":true}]}}