{"id":113083,"date":"2021-05-03T12:08:10","date_gmt":"2021-05-03T19:08:10","guid":{"rendered":"https:\/\/www.sonoraenequipo.com.mx\/?p=113083"},"modified":"2021-05-03T14:35:05","modified_gmt":"2021-05-03T21:35:05","slug":"la-comunidad-internacional-se-declara-preocupada-por-la-democracia-salvadorena","status":"publish","type":"post","link":"https:\/\/www.sonoraenequipo.com.mx\/la-comunidad-internacional-se-declara-preocupada-por-la-democracia-salvadorena\/","title":{"rendered":"La comunidad internacional se declara \u00abpreocupada\u00bb por la democracia salvadore\u00f1a"},"content":{"rendered":"<p>ESTADOS UNIDOS. \u2014 La reci\u00e9n destituci\u00f3n del fiscal general y de los magistrados de la Sala Constitucional, en El Salvador, gener\u00f3 una ola de reacciones internacionales dominadas por la preocupaci\u00f3n.<\/p>\n<p>&nbsp;<\/p>\n<p> <\/p>\n<p>&nbsp;<\/p>\n<p>La Uni\u00f3n Europea, organizaciones no gubernamentales y varias voces desde Estados Unidos, criticaron la ruptura en el equilibrio de poderes. El presidente Nayib Bukele, beneficiado con los movimientos, pidi\u00f3 a la comunidad internacional no intervenir en asuntos internos.<\/p>\n<p>&nbsp;<\/p>\n<p>El Salvador camina por una crisis pol\u00edtica desde que el oficialismo tom\u00f3 las riendas del Parlamento y en su primera acci\u00f3n vot\u00f3 la destituci\u00f3n de los magistrados con los que el presidente salvadore\u00f1o, Nayib Bukele, sostuvo enfrentamientos durante el \u00faltimo a\u00f1o.<\/p>\n<p>&nbsp;<\/p>\n<p>El \u00f3rgano legislativo, de mayor\u00eda oficialista, destituy\u00f3 al fiscal general Ra\u00fal Melara y a los magistrados de la Sala Constitucional. Pero la misma sala declar\u00f3 inconstitucional la medida legislativa, lo que podr\u00eda llevar al pa\u00eds a una crisis de confianza.<\/p>\n<p>&nbsp;<\/p>\n<p>Por fuera de las fronteras del Estado centroamericano, las reacciones siguen llegando, cada vez con mayor preocupaci\u00f3n por el intento de eliminar el equilibrio de poderes.<\/p>\n<p>&nbsp;<\/p>\n<p>El alto representante para la Pol\u00edtica Exterior de la Uni\u00f3n Europea (UE), Josep Borrell, dijo este lunes 3 de mayo que en El Salvador se est\u00e1 cuestionando \u00abel funcionamiento del Estado de derecho y la separaci\u00f3n de poderes\u00bb.<\/p>\n<p>&nbsp;<\/p>\n<p>\u00abLa seguridad jur\u00eddica y fiscal de los magistrados en el ejercicio de sus funciones debe ser plenamente garantizada\u00bb, a\u00f1adi\u00f3 el alto representante.<\/p>\n<p>&nbsp;<\/p>\n<p>Borrell se sum\u00f3 a la condena que tambi\u00e9n expresaron el s\u00e1bado el secretario de Estado de Estados Unidos, Antony Blinken, la Organizaci\u00f3n de Estados Americanos y la Comisi\u00f3n Interamericana de Derechos Humanos.<\/p>\n<p>&nbsp;<\/p>\n<p>Por otra parte, Kamala Harris, vicepresidenta de Estados Unidos, principal socio comercial de El Salvador, tambi\u00e9n mostr\u00f3 su preocupaci\u00f3n frente a los hechos.<\/p>\n<p>&nbsp;<\/p>\n<p>\u201cNos preocupa profundamente la democracia de El Salvador, a la luz de la votaci\u00f3n de la Asamblea Nacional para destituir a los jueces del tribunal constitucional. Un poder judicial independiente es fundamental para una democracia sana y para una econom\u00eda fuerte\u201d, se\u00f1al\u00f3 Harris.<\/p>\n<p>&nbsp;<\/p>\n<h3>Amnist\u00eda Internacional: los derechos humanos est\u00e1n en peligro en El Salvador<\/h3>\n<p>&nbsp;<\/p>\n<p><em>\u00abEste fin de semana el mundo atestigu\u00f3 un intento m\u00e1s de las autoridades salvadore\u00f1as de llevar al pa\u00eds a aquellos momentos de su historia donde los derechos humanos eran pisoteados cotidianamente\u00bb,<\/em> dijo la directora para las Am\u00e9ricas de Amnist\u00eda Internacional, \u00c9rika Guevara Rosas, en un comunicado.<\/p>\n<p>&nbsp;<\/p>\n<p>La representante de la ONG a\u00f1adi\u00f3 que <em>\u00abla independencia judicial es un elemento fundamental en cualquier Estado que se dice respetar los derechos humanos\u00bb<\/em> y que \u00ab<em>al atacarla, la Asamblea Legislativa le muestra al mundo su desprecio a estos derechos, incluyendo el acceso a la Justicia\u00bb.<\/em><\/p>\n<p>&nbsp;<\/p>\n<p>&nbsp;<\/p>\n<p><em>\u00abEl presidente ha dejado claro que no permitir\u00e1 el escrutinio internacional, al hacerlo olvida que el Estado salvadore\u00f1o es signatario de compromisos internacionales de derechos humanos que deben ser honrados\u00bb,<\/em> agreg\u00f3 Guevara.<\/p>\n<p>&nbsp;<\/p>\n<p>&nbsp;<\/p>\n<p>El presidente Nayib Bukele respondi\u00f3 a trav\u00e9s de sus redes sociales a la comunidad internacional que los asuntos internos de su pa\u00eds no son <em>\u201cde su incumbencia\u00bb.<\/em><\/p>\n<p>&nbsp;<\/p>\n<p>&nbsp;<\/p>\n<p>Sin hacer referencias directas, envi\u00f3 un <em>\u00abmensaje a los pueblos\u00bb d<\/em>e los<em> \u00abl\u00edderes pol\u00edticos\u00bb<\/em> que mostraron preocupaci\u00f3n frente a las destituciones.<\/p>\n<p>&nbsp;<\/p>\n<p>&nbsp;<\/p>\n<p><em>\u00abJam\u00e1s los apoyen. Si los llevan al poder ir\u00e1n a negociar con el mismo r\u00e9gimen que ahora los tiene en la miseria. Eso desean\u00bb,<\/em> escribi\u00f3 Bukele.<\/p>\n<p>&nbsp;<\/p>\n<p>&nbsp;<\/p>\n<p>Luego de que el partido Nuevas Ideas, del presidente Bukele, ganara las elecciones legislativas del 28 de febrero, varias organizaciones alertaron por el peligro que supon\u00eda para los contrapesos y la oposici\u00f3n. El movimiento de la nueva Asamblea contra el fiscal y los magistrados materializa las preocupaciones, unas que la comunidad internacional sigue de cerca.<\/p>\n<p>&nbsp;<\/p>\n<p>(Publicada el 03\/05\/2021 \/ Con informaci\u00f3n de EFE y AP)<\/p>\n","protected":false},"excerpt":{"rendered":"<p>ESTADOS UNIDOS. \u2014 La reci\u00e9n destituci\u00f3n del fiscal general y de los magistrados de la&#8230;<\/p>\n","protected":false},"author":1,"featured_media":113054,"comment_status":"open","ping_status":"open","sticky":false,"template":"","format":"standard","meta":{"_monsterinsights_skip_tracking":false,"_monsterinsights_sitenote_active":false,"_monsterinsights_sitenote_note":"","_monsterinsights_sitenote_category":0,"footnotes":""},"categories":[3],"tags":[],"class_list":["post"],"yoast_head":" \n<title>Sonora en Equipo. La comunidad internacional se declara &quot;preocupada&quot; por la democracia salvadore\u00f1a MUNDO<\/title>\n<meta name=\"description\" content=\"ESTADOS UNIDOS. \u2014 La reci\u00e9n destituci\u00f3n del fiscal general y de los magistrados de la Sala Constitucional, en El Salvador, gener\u00f3 una ola de reacciones En Sonora en Equipo publicamos toda la informaci\u00f3n de Sonora, M\u00e9xico y el Mundo de manera oportuna y busca que la libertad de expresi\u00f3n sea real. Visita nuestro medio informativo publicado desde Hermosillo, Sonora. %\" \/>\n<meta name=\"robots\" content=\"index, follow, max-snippet:-1, max-image-preview:large, max-video-preview:-1\" \/>\n<link rel=\"canonical\" href=\"https:\/\/www.sonoraenequipo.com.mx\/la-comunidad-internacional-se-declara-preocupada-por-la-democracia-salvadorena\/\" \/>\n<meta property=\"og:locale\" content=\"es_ES\" \/>\n<meta property=\"og:type\" content=\"article\" \/>\n<meta property=\"og:title\" content=\"Sonora en Equipo. La comunidad internacional se declara &quot;preocupada&quot; por la democracia salvadore\u00f1a MUNDO\" \/>\n<meta property=\"og:description\" content=\"ESTADOS UNIDOS. \u2014 La reci\u00e9n destituci\u00f3n del fiscal general y de los magistrados de la Sala Constitucional, en El Salvador, gener\u00f3 una ola de reacciones En Sonora en Equipo publicamos toda la informaci\u00f3n de Sonora, M\u00e9xico y el Mundo de manera oportuna y busca que la libertad de expresi\u00f3n sea real. Visita nuestro medio informativo publicado desde Hermosillo, Sonora. %\" \/>\n<meta property=\"og:url\" content=\"https:\/\/www.sonoraenequipo.com.mx\/la-comunidad-internacional-se-declara-preocupada-por-la-democracia-salvadorena\/\" \/>\n<meta property=\"og:site_name\" content=\"Sonora en Equipo.\" \/>\n<meta property=\"article:publisher\" content=\"https:\/\/www.facebook.com\/SonoraEE\/\" \/>\n<meta property=\"article:author\" content=\"https:\/\/www.facebook.com\/SonoraEE\" \/>\n<meta property=\"article:published_time\" content=\"2021-05-03T19:08:10+00:00\" \/>\n<meta property=\"article:modified_time\" content=\"2021-05-03T21:35:05+00:00\" \/>\n<meta property=\"og:image\" content=\"https:\/\/www.sonoraenequipo.com.mx\/storage\/2021\/05\/KamalaHarris_opt.jpg\" \/>\n\t<meta property=\"og:image:width\" content=\"711\" \/>\n\t<meta property=\"og:image:height\" content=\"400\" \/>\n\t<meta property=\"og:image:type\" content=\"image\/jpeg\" \/>\n<meta name=\"author\" content=\"enequipo\" \/>\n<meta name=\"twitter:card\" content=\"summary_large_image\" \/>\n<meta name=\"twitter:creator\" content=\"@sonoraenequipo\" \/>\n<meta name=\"twitter:site\" content=\"@sonoraenequipo\" \/>\n<meta name=\"twitter:label1\" content=\"Escrito por\" \/>\n\t<meta name=\"twitter:data1\" content=\"enequipo\" \/>\n\t<meta name=\"twitter:label2\" content=\"Tiempo de lectura\" \/>\n\t<meta name=\"twitter:data2\" content=\"3 minutos\" \/>\n<script type=\"application\/ld+json\" class=\"yoast-schema-graph\">{\"@context\":\"https:\/\/schema.org\",\"@graph\":[{\"@type\":\"Article\",\"@id\":\"https:\/\/www.sonoraenequipo.com.mx\/la-comunidad-internacional-se-declara-preocupada-por-la-democracia-salvadorena\/#article\",\"isPartOf\":{\"@id\":\"https:\/\/www.sonoraenequipo.com.mx\/la-comunidad-internacional-se-declara-preocupada-por-la-democracia-salvadorena\/\"},\"author\":{\"name\":\"enequipo\",\"@id\":\"https:\/\/www.sonoraenequipo.com.mx\/#\/schema\/person\/50102df0fb23a8fa9e8effad8fa81386\"},\"headline\":\"La comunidad internacional se declara \u00abpreocupada\u00bb por la democracia salvadore\u00f1a\",\"datePublished\":\"2021-05-03T19:08:10+00:00\",\"dateModified\":\"2021-05-03T21:35:05+00:00\",\"mainEntityOfPage\":{\"@id\":\"https:\/\/www.sonoraenequipo.com.mx\/la-comunidad-internacional-se-declara-preocupada-por-la-democracia-salvadorena\/\"},\"wordCount\":685,\"commentCount\":0,\"publisher\":{\"@id\":\"https:\/\/www.sonoraenequipo.com.mx\/#organization\"},\"image\":{\"@id\":\"https:\/\/www.sonoraenequipo.com.mx\/la-comunidad-internacional-se-declara-preocupada-por-la-democracia-salvadorena\/#primaryimage\"},\"thumbnailUrl\":\"https:\/\/www.sonoraenequipo.com.mx\/storage\/2021\/05\/KamalaHarris_opt.jpg\",\"articleSection\":[\"MUNDO\"],\"inLanguage\":\"es\",\"potentialAction\":[{\"@type\":\"CommentAction\",\"name\":\"Comment\",\"target\":[\"https:\/\/www.sonoraenequipo.com.mx\/la-comunidad-internacional-se-declara-preocupada-por-la-democracia-salvadorena\/#respond\"]}]},{\"@type\":\"WebPage\",\"@id\":\"https:\/\/www.sonoraenequipo.com.mx\/la-comunidad-internacional-se-declara-preocupada-por-la-democracia-salvadorena\/\",\"url\":\"https:\/\/www.sonoraenequipo.com.mx\/la-comunidad-internacional-se-declara-preocupada-por-la-democracia-salvadorena\/\",\"name\":\"Sonora en Equipo. La comunidad internacional se declara \\\"preocupada\\\" por la democracia salvadore\u00f1a MUNDO\",\"isPartOf\":{\"@id\":\"https:\/\/www.sonoraenequipo.com.mx\/#website\"},\"primaryImageOfPage\":{\"@id\":\"https:\/\/www.sonoraenequipo.com.mx\/la-comunidad-internacional-se-declara-preocupada-por-la-democracia-salvadorena\/#primaryimage\"},\"image\":{\"@id\":\"https:\/\/www.sonoraenequipo.com.mx\/la-comunidad-internacional-se-declara-preocupada-por-la-democracia-salvadorena\/#primaryimage\"},\"thumbnailUrl\":\"https:\/\/www.sonoraenequipo.com.mx\/storage\/2021\/05\/KamalaHarris_opt.jpg\",\"datePublished\":\"2021-05-03T19:08:10+00:00\",\"dateModified\":\"2021-05-03T21:35:05+00:00\",\"description\":\"ESTADOS UNIDOS. \u2014 La reci\u00e9n destituci\u00f3n del fiscal general y de los magistrados de la Sala Constitucional, en El Salvador, gener\u00f3 una ola de reacciones En Sonora en Equipo publicamos toda la informaci\u00f3n de Sonora, M\u00e9xico y el Mundo de manera oportuna y busca que la libertad de expresi\u00f3n sea real. Visita nuestro medio informativo publicado desde Hermosillo, Sonora. %\",\"breadcrumb\":{\"@id\":\"https:\/\/www.sonoraenequipo.com.mx\/la-comunidad-internacional-se-declara-preocupada-por-la-democracia-salvadorena\/#breadcrumb\"},\"inLanguage\":\"es\",\"potentialAction\":[{\"@type\":\"ReadAction\",\"target\":[\"https:\/\/www.sonoraenequipo.com.mx\/la-comunidad-internacional-se-declara-preocupada-por-la-democracia-salvadorena\/\"]}]},{\"@type\":\"ImageObject\",\"inLanguage\":\"es\",\"@id\":\"https:\/\/www.sonoraenequipo.com.mx\/la-comunidad-internacional-se-declara-preocupada-por-la-democracia-salvadorena\/#primaryimage\",\"url\":\"https:\/\/www.sonoraenequipo.com.mx\/storage\/2021\/05\/KamalaHarris_opt.jpg\",\"contentUrl\":\"https:\/\/www.sonoraenequipo.com.mx\/storage\/2021\/05\/KamalaHarris_opt.jpg\",\"width\":711,\"height\":400},{\"@type\":\"BreadcrumbList\",\"@id\":\"https:\/\/www.sonoraenequipo.com.mx\/la-comunidad-internacional-se-declara-preocupada-por-la-democracia-salvadorena\/#breadcrumb\",\"itemListElement\":[{\"@type\":\"ListItem\",\"position\":1,\"name\":\"Portada\",\"item\":\"https:\/\/www.sonoraenequipo.com.mx\/\"},{\"@type\":\"ListItem\",\"position\":2,\"name\":\"La comunidad internacional se declara \u00abpreocupada\u00bb por la democracia salvadore\u00f1a\"}]},{\"@type\":\"WebSite\",\"@id\":\"https:\/\/www.sonoraenequipo.com.mx\/#website\",\"url\":\"https:\/\/www.sonoraenequipo.com.mx\/\",\"name\":\"Sonora en Equipo.\",\"description\":\"Diario en l\u00ednea con Noticias desde Hermosillo, Sonora\",\"publisher\":{\"@id\":\"https:\/\/www.sonoraenequipo.com.mx\/#organization\"},\"potentialAction\":[{\"@type\":\"SearchAction\",\"target\":{\"@type\":\"EntryPoint\",\"urlTemplate\":\"https:\/\/www.sonoraenequipo.com.mx\/?s={search_term_string}\"},\"query-input\":{\"@type\":\"PropertyValueSpecification\",\"valueRequired\":true,\"valueName\":\"search_term_string\"}}],\"inLanguage\":\"es\"},{\"@type\":\"Organization\",\"@id\":\"https:\/\/www.sonoraenequipo.com.mx\/#organization\",\"name\":\"Sonoraenequipo.com.mx\",\"url\":\"https:\/\/www.sonoraenequipo.com.mx\/\",\"logo\":{\"@type\":\"ImageObject\",\"inLanguage\":\"es\",\"@id\":\"https:\/\/www.sonoraenequipo.com.mx\/#\/schema\/logo\/image\/\",\"url\":\"https:\/\/www.sonoraenequipo.com.mx\/storage\/2019\/01\/sonoraenequipo_opt.png\",\"contentUrl\":\"https:\/\/www.sonoraenequipo.com.mx\/storage\/2019\/01\/sonoraenequipo_opt.png\",\"width\":375,\"height\":125,\"caption\":\"Sonoraenequipo.com.mx\"},\"image\":{\"@id\":\"https:\/\/www.sonoraenequipo.com.mx\/#\/schema\/logo\/image\/\"},\"sameAs\":[\"https:\/\/www.facebook.com\/SonoraEE\/\",\"https:\/\/x.com\/sonoraenequipo\",\"https:\/\/www.youtube.com\/channel\/UC338nW-lPEYmJQs4ZABQ1SQ\"]},{\"@type\":\"Person\",\"@id\":\"https:\/\/www.sonoraenequipo.com.mx\/#\/schema\/person\/50102df0fb23a8fa9e8effad8fa81386\",\"name\":\"enequipo\",\"image\":{\"@type\":\"ImageObject\",\"inLanguage\":\"es\",\"@id\":\"https:\/\/www.sonoraenequipo.com.mx\/#\/schema\/person\/image\/\",\"url\":\"https:\/\/secure.gravatar.com\/avatar\/049821681b589dabc0bc20695993ccebb09f5b5d4d790cd9251b97faac7c652b?s=96&d=blank&r=g\",\"contentUrl\":\"https:\/\/secure.gravatar.com\/avatar\/049821681b589dabc0bc20695993ccebb09f5b5d4d790cd9251b97faac7c652b?s=96&d=blank&r=g\",\"caption\":\"enequipo\"},\"sameAs\":[\"https:\/\/www.facebook.com\/SonoraEE\"]}]}<\/script>\n ","yoast_head_json":{"title":"Sonora en Equipo. La comunidad internacional se declara \"preocupada\" por la democracia salvadore\u00f1a MUNDO","description":"ESTADOS UNIDOS. \u2014 La reci\u00e9n destituci\u00f3n del fiscal general y de los magistrados de la Sala Constitucional, en El Salvador, gener\u00f3 una ola de reacciones En Sonora en Equipo publicamos toda la informaci\u00f3n de Sonora, M\u00e9xico y el Mundo de manera oportuna y busca que la libertad de expresi\u00f3n sea real. Visita nuestro medio informativo publicado desde Hermosillo, Sonora. %","robots":{"index":"index","follow":"follow","max-snippet":"max-snippet:-1","max-image-preview":"max-image-preview:large","max-video-preview":"max-video-preview:-1"},"canonical":"https:\/\/www.sonoraenequipo.com.mx\/la-comunidad-internacional-se-declara-preocupada-por-la-democracia-salvadorena\/","og_locale":"es_ES","og_type":"article","og_title":"Sonora en Equipo. La comunidad internacional se declara \"preocupada\" por la democracia salvadore\u00f1a MUNDO","og_description":"ESTADOS UNIDOS. \u2014 La reci\u00e9n destituci\u00f3n del fiscal general y de los magistrados de la Sala Constitucional, en El Salvador, gener\u00f3 una ola de reacciones En Sonora en Equipo publicamos toda la informaci\u00f3n de Sonora, M\u00e9xico y el Mundo de manera oportuna y busca que la libertad de expresi\u00f3n sea real. Visita nuestro medio informativo publicado desde Hermosillo, Sonora. %","og_url":"https:\/\/www.sonoraenequipo.com.mx\/la-comunidad-internacional-se-declara-preocupada-por-la-democracia-salvadorena\/","og_site_name":"Sonora en Equipo.","article_publisher":"https:\/\/www.facebook.com\/SonoraEE\/","article_author":"https:\/\/www.facebook.com\/SonoraEE","article_published_time":"2021-05-03T19:08:10+00:00","article_modified_time":"2021-05-03T21:35:05+00:00","og_image":[{"width":711,"height":400,"url":"https:\/\/www.sonoraenequipo.com.mx\/storage\/2021\/05\/KamalaHarris_opt.jpg","type":"image\/jpeg"}],"author":"enequipo","twitter_card":"summary_large_image","twitter_creator":"@sonoraenequipo","twitter_site":"@sonoraenequipo","twitter_misc":{"Escrito por":"enequipo","Tiempo de lectura":"3 minutos"},"schema":{"@context":"https:\/\/schema.org","@graph":[{"@type":"Article","@id":"https:\/\/www.sonoraenequipo.com.mx\/la-comunidad-internacional-se-declara-preocupada-por-la-democracia-salvadorena\/#article","isPartOf":{"@id":"https:\/\/www.sonoraenequipo.com.mx\/la-comunidad-internacional-se-declara-preocupada-por-la-democracia-salvadorena\/"},"author":{"name":"enequipo","@id":"https:\/\/www.sonoraenequipo.com.mx\/#\/schema\/person\/50102df0fb23a8fa9e8effad8fa81386"},"headline":"La comunidad internacional se declara \u00abpreocupada\u00bb por la democracia salvadore\u00f1a","datePublished":"2021-05-03T19:08:10+00:00","dateModified":"2021-05-03T21:35:05+00:00","mainEntityOfPage":{"@id":"https:\/\/www.sonoraenequipo.com.mx\/la-comunidad-internacional-se-declara-preocupada-por-la-democracia-salvadorena\/"},"wordCount":685,"commentCount":0,"publisher":{"@id":"https:\/\/www.sonoraenequipo.com.mx\/#organization"},"image":{"@id":"https:\/\/www.sonoraenequipo.com.mx\/la-comunidad-internacional-se-declara-preocupada-por-la-democracia-salvadorena\/#primaryimage"},"thumbnailUrl":"https:\/\/www.sonoraenequipo.com.mx\/storage\/2021\/05\/KamalaHarris_opt.jpg","articleSection":["MUNDO"],"inLanguage":"es","potentialAction":[{"@type":"CommentAction","name":"Comment","target":["https:\/\/www.sonoraenequipo.com.mx\/la-comunidad-internacional-se-declara-preocupada-por-la-democracia-salvadorena\/#respond"]}]},{"@type":"WebPage","@id":"https:\/\/www.sonoraenequipo.com.mx\/la-comunidad-internacional-se-declara-preocupada-por-la-democracia-salvadorena\/","url":"https:\/\/www.sonoraenequipo.com.mx\/la-comunidad-internacional-se-declara-preocupada-por-la-democracia-salvadorena\/","name":"Sonora en Equipo. La comunidad internacional se declara \"preocupada\" por la democracia salvadore\u00f1a MUNDO","isPartOf":{"@id":"https:\/\/www.sonoraenequipo.com.mx\/#website"},"primaryImageOfPage":{"@id":"https:\/\/www.sonoraenequipo.com.mx\/la-comunidad-internacional-se-declara-preocupada-por-la-democracia-salvadorena\/#primaryimage"},"image":{"@id":"https:\/\/www.sonoraenequipo.com.mx\/la-comunidad-internacional-se-declara-preocupada-por-la-democracia-salvadorena\/#primaryimage"},"thumbnailUrl":"https:\/\/www.sonoraenequipo.com.mx\/storage\/2021\/05\/KamalaHarris_opt.jpg","datePublished":"2021-05-03T19:08:10+00:00","dateModified":"2021-05-03T21:35:05+00:00","description":"ESTADOS UNIDOS. \u2014 La reci\u00e9n destituci\u00f3n del fiscal general y de los magistrados de la Sala Constitucional, en El Salvador, gener\u00f3 una ola de reacciones En Sonora en Equipo publicamos toda la informaci\u00f3n de Sonora, M\u00e9xico y el Mundo de manera oportuna y busca que la libertad de expresi\u00f3n sea real. Visita nuestro medio informativo publicado desde Hermosillo, Sonora. %","breadcrumb":{"@id":"https:\/\/www.sonoraenequipo.com.mx\/la-comunidad-internacional-se-declara-preocupada-por-la-democracia-salvadorena\/#breadcrumb"},"inLanguage":"es","potentialAction":[{"@type":"ReadAction","target":["https:\/\/www.sonoraenequipo.com.mx\/la-comunidad-internacional-se-declara-preocupada-por-la-democracia-salvadorena\/"]}]},{"@type":"ImageObject","inLanguage":"es","@id":"https:\/\/www.sonoraenequipo.com.mx\/la-comunidad-internacional-se-declara-preocupada-por-la-democracia-salvadorena\/#primaryimage","url":"https:\/\/www.sonoraenequipo.com.mx\/storage\/2021\/05\/KamalaHarris_opt.jpg","contentUrl":"https:\/\/www.sonoraenequipo.com.mx\/storage\/2021\/05\/KamalaHarris_opt.jpg","width":711,"height":400},{"@type":"BreadcrumbList","@id":"https:\/\/www.sonoraenequipo.com.mx\/la-comunidad-internacional-se-declara-preocupada-por-la-democracia-salvadorena\/#breadcrumb","itemListElement":[{"@type":"ListItem","position":1,"name":"Portada","item":"https:\/\/www.sonoraenequipo.com.mx\/"},{"@type":"ListItem","position":2,"name":"La comunidad internacional se declara \u00abpreocupada\u00bb por la democracia salvadore\u00f1a"}]},{"@type":"WebSite","@id":"https:\/\/www.sonoraenequipo.com.mx\/#website","url":"https:\/\/www.sonoraenequipo.com.mx\/","name":"Sonora en Equipo.","description":"Diario en l\u00ednea con Noticias desde Hermosillo, Sonora","publisher":{"@id":"https:\/\/www.sonoraenequipo.com.mx\/#organization"},"potentialAction":[{"@type":"SearchAction","target":{"@type":"EntryPoint","urlTemplate":"https:\/\/www.sonoraenequipo.com.mx\/?s={search_term_string}"},"query-input":{"@type":"PropertyValueSpecification","valueRequired":true,"valueName":"search_term_string"}}],"inLanguage":"es"},{"@type":"Organization","@id":"https:\/\/www.sonoraenequipo.com.mx\/#organization","name":"Sonoraenequipo.com.mx","url":"https:\/\/www.sonoraenequipo.com.mx\/","logo":{"@type":"ImageObject","inLanguage":"es","@id":"https:\/\/www.sonoraenequipo.com.mx\/#\/schema\/logo\/image\/","url":"https:\/\/www.sonoraenequipo.com.mx\/storage\/2019\/01\/sonoraenequipo_opt.png","contentUrl":"https:\/\/www.sonoraenequipo.com.mx\/storage\/2019\/01\/sonoraenequipo_opt.png","width":375,"height":125,"caption":"Sonoraenequipo.com.mx"},"image":{"@id":"https:\/\/www.sonoraenequipo.com.mx\/#\/schema\/logo\/image\/"},"sameAs":["https:\/\/www.facebook.com\/SonoraEE\/","https:\/\/x.com\/sonoraenequipo","https:\/\/www.youtube.com\/channel\/UC338nW-lPEYmJQs4ZABQ1SQ"]},{"@type":"Person","@id":"https:\/\/www.sonoraenequipo.com.mx\/#\/schema\/person\/50102df0fb23a8fa9e8effad8fa81386","name":"enequipo","image":{"@type":"ImageObject","inLanguage":"es","@id":"https:\/\/www.sonoraenequipo.com.mx\/#\/schema\/person\/image\/","url":"https:\/\/secure.gravatar.com\/avatar\/049821681b589dabc0bc20695993ccebb09f5b5d4d790cd9251b97faac7c652b?s=96&d=blank&r=g","contentUrl":"https:\/\/secure.gravatar.com\/avatar\/049821681b589dabc0bc20695993ccebb09f5b5d4d790cd9251b97faac7c652b?s=96&d=blank&r=g","caption":"enequipo"},"sameAs":["https:\/\/www.facebook.com\/SonoraEE"]}]}},"jetpack_featured_media_url":"https:\/\/www.sonoraenequipo.com.mx\/storage\/2021\/05\/KamalaHarris_opt.jpg","_links":{"self":[{"href":"https:\/\/www.sonoraenequipo.com.mx\/api\/wp\/v2\/posts\/113083","targetHints":{"allow":["GET"]}}],"collection":[{"href":"https:\/\/www.sonoraenequipo.com.mx\/api\/wp\/v2\/posts"}],"about":[{"href":"https:\/\/www.sonoraenequipo.com.mx\/api\/wp\/v2\/types\/post"}],"author":[{"embeddable":true,"href":"https:\/\/www.sonoraenequipo.com.mx\/api\/wp\/v2\/users\/1"}],"replies":[{"embeddable":true,"href":"https:\/\/www.sonoraenequipo.com.mx\/api\/wp\/v2\/comments?post=113083"}],"version-history":[{"count":1,"href":"https:\/\/www.sonoraenequipo.com.mx\/api\/wp\/v2\/posts\/113083\/revisions"}],"predecessor-version":[{"id":113084,"href":"https:\/\/www.sonoraenequipo.com.mx\/api\/wp\/v2\/posts\/113083\/revisions\/113084"}],"wp:featuredmedia":[{"embeddable":true,"href":"https:\/\/www.sonoraenequipo.com.mx\/api\/wp\/v2\/media\/113054"}],"wp:attachment":[{"href":"https:\/\/www.sonoraenequipo.com.mx\/api\/wp\/v2\/media?parent=113083"}],"wp:term":[{"taxonomy":"category","embeddable":true,"href":"https:\/\/www.sonoraenequipo.com.mx\/api\/wp\/v2\/categories?post=113083"},{"taxonomy":"post_tag","embeddable":true,"href":"https:\/\/www.sonoraenequipo.com.mx\/api\/wp\/v2\/tags?post=113083"}],"curies":[{"name":"wp","href":"https:\/\/api.w.org\/{rel}","templated":true}]}}