{"id":113085,"date":"2021-05-03T13:35:36","date_gmt":"2021-05-03T20:35:36","guid":{"rendered":"https:\/\/www.sonoraenequipo.com.mx\/?p=113085"},"modified":"2021-05-03T14:42:23","modified_gmt":"2021-05-03T21:42:23","slug":"garcia-cabeza-de-vaca-muestra-su-declaracion-de-impuestos","status":"publish","type":"post","link":"https:\/\/www.sonoraenequipo.com.mx\/garcia-cabeza-de-vaca-muestra-su-declaracion-de-impuestos\/","title":{"rendered":"Garc\u00eda Cabeza de Vaca muestra su declaraci\u00f3n de impuestos"},"content":{"rendered":"<p>CIUDAD VICTORIA, TAMAULIPAS. MX. \u2014 El gobernador tamaulipeco Francisco Garc\u00eda Cabeza de Vaca hizo p\u00fablico un certificado fiscal que muestra su declaraci\u00f3n patrimonial y el pago de los impuestos correspondientes.<\/p>\n<p>&nbsp;<\/p>\n<p> <\/p>\n<p><em>\u201cAnte las falsas acusaciones por parte de la Unidad de Inteligencia Financiera (UIF) en relaci\u00f3n a la compra-venta de un departamento en la CDMX, muestro el certificado fiscal expedido por Notario P\u00fablico, mi declaraci\u00f3n patrimonial y el pago de los impuestos correspondientes.\u201d,<\/em> escribi\u00f3 Garc\u00eda Cabeza de Vaca en su cuenta de Twitter.<\/p>\n<p>&nbsp;<\/p>\n<p>El documento fue presentado mediante un breve video, donde se explica que tambi\u00e9n incluye la declaraci\u00f3n patrimonial donde el gobernador report\u00f3 el monto por la compra-venta de un departamento en la capital.<\/p>\n<p>&nbsp;<\/p>\n<p><em>\u201cFinalmente, estas son las declaraciones del pago de impuestos reportados ante el SAT, del gobernador y su esposa, en tiempo y forma, cumpliendo con sus obligaciones fiscales\u201d,<\/em> se a\u00f1ade en el tuit.<\/p>\n<p>&nbsp;<\/p>\n<p>El viernes pasado, la C\u00e1mara de Diputados dio luz verde para el juicio de procedencia para desaforar a Garc\u00eda Cabeza de Vaca.<\/p>\n<p>&nbsp;<\/p>\n<p>De momento, la Fiscal\u00eda General de la Rep\u00fablica (FGR) a\u00fan no judicializa las carpetas de investigaci\u00f3n contra Garc\u00eda por los delitos de defraudaci\u00f3n fiscal, delincuencia organizada y lavado de dinero.<\/p>\n<p>&nbsp;<\/p>\n<p>Fuentes citadas por El Universal refieren que la FGR espera la determinaci\u00f3n que tome la Suprema Corte de Justicia de la Naci\u00f3n (SCJN) luego de que el Congreso de Tamaulipas anunciara que interpondr\u00e1 una controversia constitucional para que determine quien, si San L\u00e1zaro o el Congreso local, tiene la facultad para desaforar.<\/p>\n<p>&nbsp;<\/p>\n<blockquote class=\"twitter-tweet\" data-width=\"550\" data-dnt=\"true\">\n<p lang=\"es\" dir=\"ltr\">Ante las falsas acusaciones por parte de la Unidad de Inteligencia Financiera (UIF) en relaci\u00f3n a la compra- venta de un departamento en la CDMX, muestro el certificado fiscal expedido por Notario P\u00fablico, mi declaraci\u00f3n patrimonial y el pago de los impuestos correspondientes. <a href=\"https:\/\/t.co\/5MxYRhjCt5\">pic.twitter.com\/5MxYRhjCt5<\/a><\/p>\n<p>&mdash; Fco. Cabeza de Vaca (@fgcabezadevaca) <a href=\"https:\/\/twitter.com\/fgcabezadevaca\/status\/1389078269841055752?ref_src=twsrc%5Etfw\">May 3, 2021<\/a><\/p><\/blockquote>\n<p><script async src=\"https:\/\/platform.twitter.com\/widgets.js\" charset=\"utf-8\"><\/script><\/p>\n<p>(Publicada el 03\/05\/2021)<\/p>\n","protected":false},"excerpt":{"rendered":"<p>CIUDAD VICTORIA, TAMAULIPAS. MX. \u2014 El gobernador tamaulipeco Francisco Garc\u00eda Cabeza de Vaca hizo p\u00fablico&#8230;<\/p>\n","protected":false},"author":1,"featured_media":113049,"comment_status":"open","ping_status":"open","sticky":false,"template":"","format":"standard","meta":{"_monsterinsights_skip_tracking":false,"_monsterinsights_sitenote_active":false,"_monsterinsights_sitenote_note":"","_monsterinsights_sitenote_category":0,"footnotes":""},"categories":[5],"tags":[],"class_list":["post"],"yoast_head":" \n<title>Sonora en Equipo. Garc\u00eda Cabeza de Vaca muestra su declaraci\u00f3n de impuestos Rep\u00fablica<\/title>\n<meta name=\"description\" content=\"CIUDAD VICTORIA, TAMAULIPAS. MX. \u2014 El gobernador tamaulipeco Francisco Garc\u00eda Cabeza de Vaca hizo p\u00fablico un certificado fiscal que muestra su declaraci\u00f3n En Sonora en Equipo publicamos toda la informaci\u00f3n de Sonora, M\u00e9xico y el Mundo de manera oportuna y busca que la libertad de expresi\u00f3n sea real. Visita nuestro medio informativo publicado desde Hermosillo, Sonora. %\" \/>\n<meta name=\"robots\" content=\"index, follow, max-snippet:-1, max-image-preview:large, max-video-preview:-1\" \/>\n<link rel=\"canonical\" href=\"https:\/\/www.sonoraenequipo.com.mx\/garcia-cabeza-de-vaca-muestra-su-declaracion-de-impuestos\/\" \/>\n<meta property=\"og:locale\" content=\"es_ES\" \/>\n<meta property=\"og:type\" content=\"article\" \/>\n<meta property=\"og:title\" content=\"Sonora en Equipo. Garc\u00eda Cabeza de Vaca muestra su declaraci\u00f3n de impuestos Rep\u00fablica\" \/>\n<meta property=\"og:description\" content=\"CIUDAD VICTORIA, TAMAULIPAS. MX. \u2014 El gobernador tamaulipeco Francisco Garc\u00eda Cabeza de Vaca hizo p\u00fablico un certificado fiscal que muestra su declaraci\u00f3n En Sonora en Equipo publicamos toda la informaci\u00f3n de Sonora, M\u00e9xico y el Mundo de manera oportuna y busca que la libertad de expresi\u00f3n sea real. Visita nuestro medio informativo publicado desde Hermosillo, Sonora. %\" \/>\n<meta property=\"og:url\" content=\"https:\/\/www.sonoraenequipo.com.mx\/garcia-cabeza-de-vaca-muestra-su-declaracion-de-impuestos\/\" \/>\n<meta property=\"og:site_name\" content=\"Sonora en Equipo.\" \/>\n<meta property=\"article:publisher\" content=\"https:\/\/www.facebook.com\/SonoraEE\/\" \/>\n<meta property=\"article:author\" content=\"https:\/\/www.facebook.com\/SonoraEE\" \/>\n<meta property=\"article:published_time\" content=\"2021-05-03T20:35:36+00:00\" \/>\n<meta property=\"article:modified_time\" content=\"2021-05-03T21:42:23+00:00\" \/>\n<meta property=\"og:image\" content=\"https:\/\/www.sonoraenequipo.com.mx\/storage\/2021\/05\/cabeza-de-vaca-1_opt.jpg\" \/>\n\t<meta property=\"og:image:width\" content=\"711\" \/>\n\t<meta property=\"og:image:height\" content=\"400\" \/>\n\t<meta property=\"og:image:type\" content=\"image\/jpeg\" \/>\n<meta name=\"author\" content=\"enequipo\" \/>\n<meta name=\"twitter:card\" content=\"summary_large_image\" \/>\n<meta name=\"twitter:creator\" content=\"@sonoraenequipo\" \/>\n<meta name=\"twitter:site\" content=\"@sonoraenequipo\" \/>\n<meta name=\"twitter:label1\" content=\"Escrito por\" \/>\n\t<meta name=\"twitter:data1\" content=\"enequipo\" \/>\n\t<meta name=\"twitter:label2\" content=\"Tiempo de lectura\" \/>\n\t<meta name=\"twitter:data2\" content=\"2 minutos\" \/>\n<script type=\"application\/ld+json\" class=\"yoast-schema-graph\">{\"@context\":\"https:\/\/schema.org\",\"@graph\":[{\"@type\":\"Article\",\"@id\":\"https:\/\/www.sonoraenequipo.com.mx\/garcia-cabeza-de-vaca-muestra-su-declaracion-de-impuestos\/#article\",\"isPartOf\":{\"@id\":\"https:\/\/www.sonoraenequipo.com.mx\/garcia-cabeza-de-vaca-muestra-su-declaracion-de-impuestos\/\"},\"author\":{\"name\":\"enequipo\",\"@id\":\"https:\/\/www.sonoraenequipo.com.mx\/#\/schema\/person\/50102df0fb23a8fa9e8effad8fa81386\"},\"headline\":\"Garc\u00eda Cabeza de Vaca muestra su declaraci\u00f3n de impuestos\",\"datePublished\":\"2021-05-03T20:35:36+00:00\",\"dateModified\":\"2021-05-03T21:42:23+00:00\",\"mainEntityOfPage\":{\"@id\":\"https:\/\/www.sonoraenequipo.com.mx\/garcia-cabeza-de-vaca-muestra-su-declaracion-de-impuestos\/\"},\"wordCount\":295,\"commentCount\":0,\"publisher\":{\"@id\":\"https:\/\/www.sonoraenequipo.com.mx\/#organization\"},\"image\":{\"@id\":\"https:\/\/www.sonoraenequipo.com.mx\/garcia-cabeza-de-vaca-muestra-su-declaracion-de-impuestos\/#primaryimage\"},\"thumbnailUrl\":\"https:\/\/www.sonoraenequipo.com.mx\/storage\/2021\/05\/cabeza-de-vaca-1_opt.jpg\",\"articleSection\":[\"Rep\u00fablica\"],\"inLanguage\":\"es\",\"potentialAction\":[{\"@type\":\"CommentAction\",\"name\":\"Comment\",\"target\":[\"https:\/\/www.sonoraenequipo.com.mx\/garcia-cabeza-de-vaca-muestra-su-declaracion-de-impuestos\/#respond\"]}]},{\"@type\":\"WebPage\",\"@id\":\"https:\/\/www.sonoraenequipo.com.mx\/garcia-cabeza-de-vaca-muestra-su-declaracion-de-impuestos\/\",\"url\":\"https:\/\/www.sonoraenequipo.com.mx\/garcia-cabeza-de-vaca-muestra-su-declaracion-de-impuestos\/\",\"name\":\"Sonora en Equipo. Garc\u00eda Cabeza de Vaca muestra su declaraci\u00f3n de impuestos Rep\u00fablica\",\"isPartOf\":{\"@id\":\"https:\/\/www.sonoraenequipo.com.mx\/#website\"},\"primaryImageOfPage\":{\"@id\":\"https:\/\/www.sonoraenequipo.com.mx\/garcia-cabeza-de-vaca-muestra-su-declaracion-de-impuestos\/#primaryimage\"},\"image\":{\"@id\":\"https:\/\/www.sonoraenequipo.com.mx\/garcia-cabeza-de-vaca-muestra-su-declaracion-de-impuestos\/#primaryimage\"},\"thumbnailUrl\":\"https:\/\/www.sonoraenequipo.com.mx\/storage\/2021\/05\/cabeza-de-vaca-1_opt.jpg\",\"datePublished\":\"2021-05-03T20:35:36+00:00\",\"dateModified\":\"2021-05-03T21:42:23+00:00\",\"description\":\"CIUDAD VICTORIA, TAMAULIPAS. MX. \u2014 El gobernador tamaulipeco Francisco Garc\u00eda Cabeza de Vaca hizo p\u00fablico un certificado fiscal que muestra su declaraci\u00f3n En Sonora en Equipo publicamos toda la informaci\u00f3n de Sonora, M\u00e9xico y el Mundo de manera oportuna y busca que la libertad de expresi\u00f3n sea real. Visita nuestro medio informativo publicado desde Hermosillo, Sonora. %\",\"breadcrumb\":{\"@id\":\"https:\/\/www.sonoraenequipo.com.mx\/garcia-cabeza-de-vaca-muestra-su-declaracion-de-impuestos\/#breadcrumb\"},\"inLanguage\":\"es\",\"potentialAction\":[{\"@type\":\"ReadAction\",\"target\":[\"https:\/\/www.sonoraenequipo.com.mx\/garcia-cabeza-de-vaca-muestra-su-declaracion-de-impuestos\/\"]}]},{\"@type\":\"ImageObject\",\"inLanguage\":\"es\",\"@id\":\"https:\/\/www.sonoraenequipo.com.mx\/garcia-cabeza-de-vaca-muestra-su-declaracion-de-impuestos\/#primaryimage\",\"url\":\"https:\/\/www.sonoraenequipo.com.mx\/storage\/2021\/05\/cabeza-de-vaca-1_opt.jpg\",\"contentUrl\":\"https:\/\/www.sonoraenequipo.com.mx\/storage\/2021\/05\/cabeza-de-vaca-1_opt.jpg\",\"width\":711,\"height\":400},{\"@type\":\"BreadcrumbList\",\"@id\":\"https:\/\/www.sonoraenequipo.com.mx\/garcia-cabeza-de-vaca-muestra-su-declaracion-de-impuestos\/#breadcrumb\",\"itemListElement\":[{\"@type\":\"ListItem\",\"position\":1,\"name\":\"Portada\",\"item\":\"https:\/\/www.sonoraenequipo.com.mx\/\"},{\"@type\":\"ListItem\",\"position\":2,\"name\":\"Garc\u00eda Cabeza de Vaca muestra su declaraci\u00f3n de impuestos\"}]},{\"@type\":\"WebSite\",\"@id\":\"https:\/\/www.sonoraenequipo.com.mx\/#website\",\"url\":\"https:\/\/www.sonoraenequipo.com.mx\/\",\"name\":\"Sonora en Equipo.\",\"description\":\"Diario en l\u00ednea con Noticias desde Hermosillo, Sonora\",\"publisher\":{\"@id\":\"https:\/\/www.sonoraenequipo.com.mx\/#organization\"},\"potentialAction\":[{\"@type\":\"SearchAction\",\"target\":{\"@type\":\"EntryPoint\",\"urlTemplate\":\"https:\/\/www.sonoraenequipo.com.mx\/?s={search_term_string}\"},\"query-input\":{\"@type\":\"PropertyValueSpecification\",\"valueRequired\":true,\"valueName\":\"search_term_string\"}}],\"inLanguage\":\"es\"},{\"@type\":\"Organization\",\"@id\":\"https:\/\/www.sonoraenequipo.com.mx\/#organization\",\"name\":\"Sonoraenequipo.com.mx\",\"url\":\"https:\/\/www.sonoraenequipo.com.mx\/\",\"logo\":{\"@type\":\"ImageObject\",\"inLanguage\":\"es\",\"@id\":\"https:\/\/www.sonoraenequipo.com.mx\/#\/schema\/logo\/image\/\",\"url\":\"https:\/\/www.sonoraenequipo.com.mx\/storage\/2019\/01\/sonoraenequipo_opt.png\",\"contentUrl\":\"https:\/\/www.sonoraenequipo.com.mx\/storage\/2019\/01\/sonoraenequipo_opt.png\",\"width\":375,\"height\":125,\"caption\":\"Sonoraenequipo.com.mx\"},\"image\":{\"@id\":\"https:\/\/www.sonoraenequipo.com.mx\/#\/schema\/logo\/image\/\"},\"sameAs\":[\"https:\/\/www.facebook.com\/SonoraEE\/\",\"https:\/\/x.com\/sonoraenequipo\",\"https:\/\/www.youtube.com\/channel\/UC338nW-lPEYmJQs4ZABQ1SQ\"]},{\"@type\":\"Person\",\"@id\":\"https:\/\/www.sonoraenequipo.com.mx\/#\/schema\/person\/50102df0fb23a8fa9e8effad8fa81386\",\"name\":\"enequipo\",\"image\":{\"@type\":\"ImageObject\",\"inLanguage\":\"es\",\"@id\":\"https:\/\/www.sonoraenequipo.com.mx\/#\/schema\/person\/image\/\",\"url\":\"https:\/\/secure.gravatar.com\/avatar\/049821681b589dabc0bc20695993ccebb09f5b5d4d790cd9251b97faac7c652b?s=96&d=blank&r=g\",\"contentUrl\":\"https:\/\/secure.gravatar.com\/avatar\/049821681b589dabc0bc20695993ccebb09f5b5d4d790cd9251b97faac7c652b?s=96&d=blank&r=g\",\"caption\":\"enequipo\"},\"sameAs\":[\"https:\/\/www.facebook.com\/SonoraEE\"]}]}<\/script>\n ","yoast_head_json":{"title":"Sonora en Equipo. Garc\u00eda Cabeza de Vaca muestra su declaraci\u00f3n de impuestos Rep\u00fablica","description":"CIUDAD VICTORIA, TAMAULIPAS. MX. \u2014 El gobernador tamaulipeco Francisco Garc\u00eda Cabeza de Vaca hizo p\u00fablico un certificado fiscal que muestra su declaraci\u00f3n En Sonora en Equipo publicamos toda la informaci\u00f3n de Sonora, M\u00e9xico y el Mundo de manera oportuna y busca que la libertad de expresi\u00f3n sea real. Visita nuestro medio informativo publicado desde Hermosillo, Sonora. %","robots":{"index":"index","follow":"follow","max-snippet":"max-snippet:-1","max-image-preview":"max-image-preview:large","max-video-preview":"max-video-preview:-1"},"canonical":"https:\/\/www.sonoraenequipo.com.mx\/garcia-cabeza-de-vaca-muestra-su-declaracion-de-impuestos\/","og_locale":"es_ES","og_type":"article","og_title":"Sonora en Equipo. Garc\u00eda Cabeza de Vaca muestra su declaraci\u00f3n de impuestos Rep\u00fablica","og_description":"CIUDAD VICTORIA, TAMAULIPAS. MX. \u2014 El gobernador tamaulipeco Francisco Garc\u00eda Cabeza de Vaca hizo p\u00fablico un certificado fiscal que muestra su declaraci\u00f3n En Sonora en Equipo publicamos toda la informaci\u00f3n de Sonora, M\u00e9xico y el Mundo de manera oportuna y busca que la libertad de expresi\u00f3n sea real. Visita nuestro medio informativo publicado desde Hermosillo, Sonora. %","og_url":"https:\/\/www.sonoraenequipo.com.mx\/garcia-cabeza-de-vaca-muestra-su-declaracion-de-impuestos\/","og_site_name":"Sonora en Equipo.","article_publisher":"https:\/\/www.facebook.com\/SonoraEE\/","article_author":"https:\/\/www.facebook.com\/SonoraEE","article_published_time":"2021-05-03T20:35:36+00:00","article_modified_time":"2021-05-03T21:42:23+00:00","og_image":[{"width":711,"height":400,"url":"https:\/\/www.sonoraenequipo.com.mx\/storage\/2021\/05\/cabeza-de-vaca-1_opt.jpg","type":"image\/jpeg"}],"author":"enequipo","twitter_card":"summary_large_image","twitter_creator":"@sonoraenequipo","twitter_site":"@sonoraenequipo","twitter_misc":{"Escrito por":"enequipo","Tiempo de lectura":"2 minutos"},"schema":{"@context":"https:\/\/schema.org","@graph":[{"@type":"Article","@id":"https:\/\/www.sonoraenequipo.com.mx\/garcia-cabeza-de-vaca-muestra-su-declaracion-de-impuestos\/#article","isPartOf":{"@id":"https:\/\/www.sonoraenequipo.com.mx\/garcia-cabeza-de-vaca-muestra-su-declaracion-de-impuestos\/"},"author":{"name":"enequipo","@id":"https:\/\/www.sonoraenequipo.com.mx\/#\/schema\/person\/50102df0fb23a8fa9e8effad8fa81386"},"headline":"Garc\u00eda Cabeza de Vaca muestra su declaraci\u00f3n de impuestos","datePublished":"2021-05-03T20:35:36+00:00","dateModified":"2021-05-03T21:42:23+00:00","mainEntityOfPage":{"@id":"https:\/\/www.sonoraenequipo.com.mx\/garcia-cabeza-de-vaca-muestra-su-declaracion-de-impuestos\/"},"wordCount":295,"commentCount":0,"publisher":{"@id":"https:\/\/www.sonoraenequipo.com.mx\/#organization"},"image":{"@id":"https:\/\/www.sonoraenequipo.com.mx\/garcia-cabeza-de-vaca-muestra-su-declaracion-de-impuestos\/#primaryimage"},"thumbnailUrl":"https:\/\/www.sonoraenequipo.com.mx\/storage\/2021\/05\/cabeza-de-vaca-1_opt.jpg","articleSection":["Rep\u00fablica"],"inLanguage":"es","potentialAction":[{"@type":"CommentAction","name":"Comment","target":["https:\/\/www.sonoraenequipo.com.mx\/garcia-cabeza-de-vaca-muestra-su-declaracion-de-impuestos\/#respond"]}]},{"@type":"WebPage","@id":"https:\/\/www.sonoraenequipo.com.mx\/garcia-cabeza-de-vaca-muestra-su-declaracion-de-impuestos\/","url":"https:\/\/www.sonoraenequipo.com.mx\/garcia-cabeza-de-vaca-muestra-su-declaracion-de-impuestos\/","name":"Sonora en Equipo. Garc\u00eda Cabeza de Vaca muestra su declaraci\u00f3n de impuestos Rep\u00fablica","isPartOf":{"@id":"https:\/\/www.sonoraenequipo.com.mx\/#website"},"primaryImageOfPage":{"@id":"https:\/\/www.sonoraenequipo.com.mx\/garcia-cabeza-de-vaca-muestra-su-declaracion-de-impuestos\/#primaryimage"},"image":{"@id":"https:\/\/www.sonoraenequipo.com.mx\/garcia-cabeza-de-vaca-muestra-su-declaracion-de-impuestos\/#primaryimage"},"thumbnailUrl":"https:\/\/www.sonoraenequipo.com.mx\/storage\/2021\/05\/cabeza-de-vaca-1_opt.jpg","datePublished":"2021-05-03T20:35:36+00:00","dateModified":"2021-05-03T21:42:23+00:00","description":"CIUDAD VICTORIA, TAMAULIPAS. MX. \u2014 El gobernador tamaulipeco Francisco Garc\u00eda Cabeza de Vaca hizo p\u00fablico un certificado fiscal que muestra su declaraci\u00f3n En Sonora en Equipo publicamos toda la informaci\u00f3n de Sonora, M\u00e9xico y el Mundo de manera oportuna y busca que la libertad de expresi\u00f3n sea real. Visita nuestro medio informativo publicado desde Hermosillo, Sonora. %","breadcrumb":{"@id":"https:\/\/www.sonoraenequipo.com.mx\/garcia-cabeza-de-vaca-muestra-su-declaracion-de-impuestos\/#breadcrumb"},"inLanguage":"es","potentialAction":[{"@type":"ReadAction","target":["https:\/\/www.sonoraenequipo.com.mx\/garcia-cabeza-de-vaca-muestra-su-declaracion-de-impuestos\/"]}]},{"@type":"ImageObject","inLanguage":"es","@id":"https:\/\/www.sonoraenequipo.com.mx\/garcia-cabeza-de-vaca-muestra-su-declaracion-de-impuestos\/#primaryimage","url":"https:\/\/www.sonoraenequipo.com.mx\/storage\/2021\/05\/cabeza-de-vaca-1_opt.jpg","contentUrl":"https:\/\/www.sonoraenequipo.com.mx\/storage\/2021\/05\/cabeza-de-vaca-1_opt.jpg","width":711,"height":400},{"@type":"BreadcrumbList","@id":"https:\/\/www.sonoraenequipo.com.mx\/garcia-cabeza-de-vaca-muestra-su-declaracion-de-impuestos\/#breadcrumb","itemListElement":[{"@type":"ListItem","position":1,"name":"Portada","item":"https:\/\/www.sonoraenequipo.com.mx\/"},{"@type":"ListItem","position":2,"name":"Garc\u00eda Cabeza de Vaca muestra su declaraci\u00f3n de impuestos"}]},{"@type":"WebSite","@id":"https:\/\/www.sonoraenequipo.com.mx\/#website","url":"https:\/\/www.sonoraenequipo.com.mx\/","name":"Sonora en Equipo.","description":"Diario en l\u00ednea con Noticias desde Hermosillo, Sonora","publisher":{"@id":"https:\/\/www.sonoraenequipo.com.mx\/#organization"},"potentialAction":[{"@type":"SearchAction","target":{"@type":"EntryPoint","urlTemplate":"https:\/\/www.sonoraenequipo.com.mx\/?s={search_term_string}"},"query-input":{"@type":"PropertyValueSpecification","valueRequired":true,"valueName":"search_term_string"}}],"inLanguage":"es"},{"@type":"Organization","@id":"https:\/\/www.sonoraenequipo.com.mx\/#organization","name":"Sonoraenequipo.com.mx","url":"https:\/\/www.sonoraenequipo.com.mx\/","logo":{"@type":"ImageObject","inLanguage":"es","@id":"https:\/\/www.sonoraenequipo.com.mx\/#\/schema\/logo\/image\/","url":"https:\/\/www.sonoraenequipo.com.mx\/storage\/2019\/01\/sonoraenequipo_opt.png","contentUrl":"https:\/\/www.sonoraenequipo.com.mx\/storage\/2019\/01\/sonoraenequipo_opt.png","width":375,"height":125,"caption":"Sonoraenequipo.com.mx"},"image":{"@id":"https:\/\/www.sonoraenequipo.com.mx\/#\/schema\/logo\/image\/"},"sameAs":["https:\/\/www.facebook.com\/SonoraEE\/","https:\/\/x.com\/sonoraenequipo","https:\/\/www.youtube.com\/channel\/UC338nW-lPEYmJQs4ZABQ1SQ"]},{"@type":"Person","@id":"https:\/\/www.sonoraenequipo.com.mx\/#\/schema\/person\/50102df0fb23a8fa9e8effad8fa81386","name":"enequipo","image":{"@type":"ImageObject","inLanguage":"es","@id":"https:\/\/www.sonoraenequipo.com.mx\/#\/schema\/person\/image\/","url":"https:\/\/secure.gravatar.com\/avatar\/049821681b589dabc0bc20695993ccebb09f5b5d4d790cd9251b97faac7c652b?s=96&d=blank&r=g","contentUrl":"https:\/\/secure.gravatar.com\/avatar\/049821681b589dabc0bc20695993ccebb09f5b5d4d790cd9251b97faac7c652b?s=96&d=blank&r=g","caption":"enequipo"},"sameAs":["https:\/\/www.facebook.com\/SonoraEE"]}]}},"jetpack_featured_media_url":"https:\/\/www.sonoraenequipo.com.mx\/storage\/2021\/05\/cabeza-de-vaca-1_opt.jpg","_links":{"self":[{"href":"https:\/\/www.sonoraenequipo.com.mx\/api\/wp\/v2\/posts\/113085","targetHints":{"allow":["GET"]}}],"collection":[{"href":"https:\/\/www.sonoraenequipo.com.mx\/api\/wp\/v2\/posts"}],"about":[{"href":"https:\/\/www.sonoraenequipo.com.mx\/api\/wp\/v2\/types\/post"}],"author":[{"embeddable":true,"href":"https:\/\/www.sonoraenequipo.com.mx\/api\/wp\/v2\/users\/1"}],"replies":[{"embeddable":true,"href":"https:\/\/www.sonoraenequipo.com.mx\/api\/wp\/v2\/comments?post=113085"}],"version-history":[{"count":1,"href":"https:\/\/www.sonoraenequipo.com.mx\/api\/wp\/v2\/posts\/113085\/revisions"}],"predecessor-version":[{"id":113086,"href":"https:\/\/www.sonoraenequipo.com.mx\/api\/wp\/v2\/posts\/113085\/revisions\/113086"}],"wp:featuredmedia":[{"embeddable":true,"href":"https:\/\/www.sonoraenequipo.com.mx\/api\/wp\/v2\/media\/113049"}],"wp:attachment":[{"href":"https:\/\/www.sonoraenequipo.com.mx\/api\/wp\/v2\/media?parent=113085"}],"wp:term":[{"taxonomy":"category","embeddable":true,"href":"https:\/\/www.sonoraenequipo.com.mx\/api\/wp\/v2\/categories?post=113085"},{"taxonomy":"post_tag","embeddable":true,"href":"https:\/\/www.sonoraenequipo.com.mx\/api\/wp\/v2\/tags?post=113085"}],"curies":[{"name":"wp","href":"https:\/\/api.w.org\/{rel}","templated":true}]}}