{"id":113089,"date":"2021-05-03T15:00:54","date_gmt":"2021-05-03T22:00:54","guid":{"rendered":"https:\/\/www.sonoraenequipo.com.mx\/?p=113089"},"modified":"2021-05-03T14:56:55","modified_gmt":"2021-05-03T21:56:55","slug":"en-2020-se-registraron-620-agresiones-a-periodistas-en-mexico-asegura-articulo-19","status":"publish","type":"post","link":"https:\/\/www.sonoraenequipo.com.mx\/en-2020-se-registraron-620-agresiones-a-periodistas-en-mexico-asegura-articulo-19\/","title":{"rendered":"En 2020 se registraron 620 agresiones a periodistas en M\u00e9xico, asegura Art\u00edculo 19."},"content":{"rendered":"<p>CIUDAD DE M\u00c9XICO. MX. \u2014 M\u00e9xico celebra este lunes el d\u00eda mundial de la libertad de prensa con una espiral de violencia contra los periodistas y una persistente impunidad, mientras organizaciones civiles critican que el presidente Andr\u00e9s Manuel L\u00f3pez Obrador ataca en exceso a los medios de comunicaci\u00f3n.<\/p>\n<p>&nbsp;<\/p>\n<p>&nbsp;<\/p>\n<p> <\/p>\n<p>La conmemoraci\u00f3n de este a\u00f1o se produce entre la pandemia del coronavirus, que tambi\u00e9n ha reportado afectaci\u00f3n a periodistas, y en pleno proceso electoral que arrastra actos de violencia contra los pol\u00edticos y muchas presiones para los medios.<\/p>\n<p>&nbsp;<\/p>\n<p><em>\u201cEn M\u00e9xico existe una tendencia de aumento anual de las agresiones contra periodistas que continuar\u00e1 mientras las autoridades no hagan algo para frenarla\u201d<\/em>, dijo Paula Saucedo, oficial del programa de protecci\u00f3n y defensa de la organizaci\u00f3n Art\u00edculo 19.<\/p>\n<p>&nbsp;<\/p>\n<p>Saucedo consider\u00f3 que entre las adversidades que padecen los periodistas est\u00e1n la falta de investigaci\u00f3n de los cr\u00edmenes contra los informadores, la falta de redes de apoyo y la no responsabilidad de los due\u00f1os de las empresas para brindarles seguridad.<\/p>\n<p><em>\u201cEstas cuestiones facilitan que a los periodistas se les agreda y como no se hace nada para evitarlo cada a\u00f1o seguir\u00e1 creciendo la violencia\u201c,<\/em> apunt\u00f3.<\/p>\n<p>Seg\u00fan la ONG Art\u00edculo 19, en 2020 hubo 692 agresiones y un 49.5% de ellas fueron cometidas por funcionarios p\u00fablicos. Dichas agresiones aumentaron un 13.62% con respecto al 2019 cuando se documentaron 609.<\/p>\n<p>Adem\u00e1s, en poco m\u00e1s de dos a\u00f1os de la Administraci\u00f3n del presidente Andr\u00e9s Manuel L\u00f3pez Obrador, 17 periodistas han sido asesinados por motivos posiblemente vinculados a sus labores y seg\u00fan la organizaci\u00f3n Reporteros Sin Fronteras (RSF) los asesinatos contra periodistas tienen una impunidad del 99 %.<\/p>\n<p>Adem\u00e1s del escenario de violencia, las agresiones tambi\u00e9n se registraron durante la pandemia. En 2020 Art\u00edculo 19 document\u00f3 113 ataques contra periodistas que estaban cubriendo informaciones vinculadas a la contingencia sanitaria, mientras que el a\u00f1o pasado casi 100 periodistas murieron por Covid-19.<\/p>\n<p>El otro<em> \u201ccontexto bastante arriesgado para los periodistas son las elecciones\u201d,<\/em> dijo Saucedo, dado que durante los procesos electorales se publican temas de corrupci\u00f3n vinculados a los partidos pol\u00edticos o candidatos y \u201c<em>eso genera una reacci\u00f3n violenta y de represalias contra la prensa\u201d.<\/em><\/p>\n<p>Record\u00f3 que en el proceso electoral de 2018 se registraron 185 ataques contra periodistas, de los cuales 62 ocurrieron el d\u00eda de las elecciones, mientras que en el actual proceso, que culminar\u00e1 el 6 de junio, se han documentado 13 ataques<em> \u201cy sabemos, con toda certeza, que el n\u00famero va a crecer\u201d.<\/em><\/p>\n<p>&nbsp;<\/p>\n<h3>La actitud de AMLO<\/h3>\n<p>La actitud del presidente con la prensa ha sido muy criticada por sus ataques continuos a aquellos medios de comunicaci\u00f3n que, seg\u00fan \u00e9l, defienden el pensamiento conservador.<\/p>\n<p>&nbsp;<\/p>\n<p>Este mismo lunes, L\u00f3pez Obrador atac\u00f3 incluso a los corresponsales extranjeros de prensa, porque dijo que antes eran \u201cconsentidos\u201d por la Presidencia y ahora, al haber perdido privilegios, atacan a su Gobierno.<\/p>\n<p>&nbsp;<\/p>\n<p>Para Art\u00edculo 19 el panorama de violencia y agresiones contra la prensa ha ido en aumento porque las autoridades<em> \u201cno han cumplido con sus obligaciones de garantizar seguridad para que los periodistas pueden ejercer su labor sin miedo a represalias, sin violencia y sin censura\u201d,<\/em> dijo Saucedo.<\/p>\n<p>&nbsp;<\/p>\n<p>Precisamente, sobre Art\u00edculo 19 el presidente L\u00f3pez Obrador critic\u00f3 el pasado 31 de marzo a esta organizaci\u00f3n a ra\u00edz de un informe sobre derechos humanos del Departamento de Estado de EU en el que, citando informaci\u00f3n de esa ONG, acus\u00f3 a la directora de la estatal agencia Notimex, Sanjuana Mart\u00ednez, de censurar a periodistas.<\/p>\n<p>&nbsp;<\/p>\n<p><em>\u201cEl presidente estigmatiza y ataca al mensajero para distorsionar el mensaje, ese es su objetivo cuando un periodista hace una pregunta que no le gusta\u201d,<\/em> dijo Saucedo.<\/p>\n<p>&nbsp;<\/p>\n<p>Para el periodista Gildo Garza, quien huy\u00f3 en 2017 de su natal Tamaulipas amenazado por el cartel de los Zetas y est\u00e1 al frente de la Asociaci\u00f3n de Periodistas Desplazados en M\u00e9xico, el discurso de L\u00f3pez Obrador<em> \u201ces de odio y polarizaci\u00f3n que ha manejado desde el d\u00eda que tom\u00f3 posesi\u00f3n e inici\u00f3 sus conferencias matutinas\u201d.<\/em><\/p>\n<p>&nbsp;<\/p>\n<p>&nbsp;<\/p>\n<p>Garza indic\u00f3 que ahora <em>\u201cotros diputados, alcaldes regidores, gobernadores y hasta la misma ciudadan\u00eda est\u00e1n repitiendo el mismo discurso de descalificaci\u00f3n y polarizaci\u00f3n hacia la prensa\u201d.<\/em><\/p>\n<p>&nbsp;<\/p>\n<p>Seg\u00fan el periodista y activista, L\u00f3pez Obrador <em>\u201ctiene una guerra contra la sociedad civil organizada de M\u00e9xico porque es el \u00fanico contrapeso que queda por eliminar en su gobierno y entonces por eso nos desacredita\u201d.<\/em><\/p>\n<p>&nbsp;<\/p>\n<p>&nbsp;<\/p>\n<p>La asociaci\u00f3n que Garza representa registr\u00f3 del 2020 a la fecha el desplazamiento de 14 periodistas de diferentes estados del pa\u00eds por amenazas y quienes al dejar su lugar de residencia tienen que salir junto con sus familias, lo que da un total de unas 60 personas desterradas de sus lugares de origen.<\/p>\n<p>&nbsp;<\/p>\n<p>&nbsp;<\/p>\n<p>(Publicada el 03\/05\/2021)<\/p>\n","protected":false},"excerpt":{"rendered":"<p>CIUDAD DE M\u00c9XICO. MX. \u2014 M\u00e9xico celebra este lunes el d\u00eda mundial de la libertad&#8230;<\/p>\n","protected":false},"author":1,"featured_media":113053,"comment_status":"open","ping_status":"open","sticky":false,"template":"","format":"standard","meta":{"_monsterinsights_skip_tracking":false,"_monsterinsights_sitenote_active":false,"_monsterinsights_sitenote_note":"","_monsterinsights_sitenote_category":0,"footnotes":""},"categories":[5],"tags":[],"class_list":["post"],"yoast_head":" \n<title>Sonora en Equipo. En 2020 se registraron 620 agresiones a periodistas en M\u00e9xico, asegura Art\u00edculo 19. Rep\u00fablica<\/title>\n<meta name=\"description\" content=\"CIUDAD DE M\u00c9XICO. MX. \u2014 M\u00e9xico celebra este lunes el d\u00eda mundial de la libertad de prensa con una espiral de violencia contra los periodistas y una En Sonora en Equipo publicamos toda la informaci\u00f3n de Sonora, M\u00e9xico y el Mundo de manera oportuna y busca que la libertad de expresi\u00f3n sea real. Visita nuestro medio informativo publicado desde Hermosillo, Sonora. %\" \/>\n<meta name=\"robots\" content=\"index, follow, max-snippet:-1, max-image-preview:large, max-video-preview:-1\" \/>\n<link rel=\"canonical\" href=\"https:\/\/www.sonoraenequipo.com.mx\/en-2020-se-registraron-620-agresiones-a-periodistas-en-mexico-asegura-articulo-19\/\" \/>\n<meta property=\"og:locale\" content=\"es_ES\" \/>\n<meta property=\"og:type\" content=\"article\" \/>\n<meta property=\"og:title\" content=\"Sonora en Equipo. En 2020 se registraron 620 agresiones a periodistas en M\u00e9xico, asegura Art\u00edculo 19. Rep\u00fablica\" \/>\n<meta property=\"og:description\" content=\"CIUDAD DE M\u00c9XICO. MX. \u2014 M\u00e9xico celebra este lunes el d\u00eda mundial de la libertad de prensa con una espiral de violencia contra los periodistas y una En Sonora en Equipo publicamos toda la informaci\u00f3n de Sonora, M\u00e9xico y el Mundo de manera oportuna y busca que la libertad de expresi\u00f3n sea real. Visita nuestro medio informativo publicado desde Hermosillo, Sonora. %\" \/>\n<meta property=\"og:url\" content=\"https:\/\/www.sonoraenequipo.com.mx\/en-2020-se-registraron-620-agresiones-a-periodistas-en-mexico-asegura-articulo-19\/\" \/>\n<meta property=\"og:site_name\" content=\"Sonora en Equipo.\" \/>\n<meta property=\"article:publisher\" content=\"https:\/\/www.facebook.com\/SonoraEE\/\" \/>\n<meta property=\"article:author\" content=\"https:\/\/www.facebook.com\/SonoraEE\" \/>\n<meta property=\"article:published_time\" content=\"2021-05-03T22:00:54+00:00\" \/>\n<meta property=\"og:image\" content=\"https:\/\/www.sonoraenequipo.com.mx\/storage\/2021\/05\/prensa-me\u0301xico-reportear__opt.jpg\" \/>\n\t<meta property=\"og:image:width\" content=\"711\" \/>\n\t<meta property=\"og:image:height\" content=\"400\" \/>\n\t<meta property=\"og:image:type\" content=\"image\/jpeg\" \/>\n<meta name=\"author\" content=\"enequipo\" \/>\n<meta name=\"twitter:card\" content=\"summary_large_image\" \/>\n<meta name=\"twitter:creator\" content=\"@sonoraenequipo\" \/>\n<meta name=\"twitter:site\" content=\"@sonoraenequipo\" \/>\n<meta name=\"twitter:label1\" content=\"Escrito por\" \/>\n\t<meta name=\"twitter:data1\" content=\"enequipo\" \/>\n\t<meta name=\"twitter:label2\" content=\"Tiempo de lectura\" \/>\n\t<meta name=\"twitter:data2\" content=\"4 minutos\" \/>\n<script type=\"application\/ld+json\" class=\"yoast-schema-graph\">{\"@context\":\"https:\/\/schema.org\",\"@graph\":[{\"@type\":\"Article\",\"@id\":\"https:\/\/www.sonoraenequipo.com.mx\/en-2020-se-registraron-620-agresiones-a-periodistas-en-mexico-asegura-articulo-19\/#article\",\"isPartOf\":{\"@id\":\"https:\/\/www.sonoraenequipo.com.mx\/en-2020-se-registraron-620-agresiones-a-periodistas-en-mexico-asegura-articulo-19\/\"},\"author\":{\"name\":\"enequipo\",\"@id\":\"https:\/\/www.sonoraenequipo.com.mx\/#\/schema\/person\/50102df0fb23a8fa9e8effad8fa81386\"},\"headline\":\"En 2020 se registraron 620 agresiones a periodistas en M\u00e9xico, asegura Art\u00edculo 19.\",\"datePublished\":\"2021-05-03T22:00:54+00:00\",\"mainEntityOfPage\":{\"@id\":\"https:\/\/www.sonoraenequipo.com.mx\/en-2020-se-registraron-620-agresiones-a-periodistas-en-mexico-asegura-articulo-19\/\"},\"wordCount\":834,\"commentCount\":0,\"publisher\":{\"@id\":\"https:\/\/www.sonoraenequipo.com.mx\/#organization\"},\"image\":{\"@id\":\"https:\/\/www.sonoraenequipo.com.mx\/en-2020-se-registraron-620-agresiones-a-periodistas-en-mexico-asegura-articulo-19\/#primaryimage\"},\"thumbnailUrl\":\"https:\/\/www.sonoraenequipo.com.mx\/storage\/2021\/05\/prensa-me\u0301xico-reportear__opt.jpg\",\"articleSection\":[\"Rep\u00fablica\"],\"inLanguage\":\"es\",\"potentialAction\":[{\"@type\":\"CommentAction\",\"name\":\"Comment\",\"target\":[\"https:\/\/www.sonoraenequipo.com.mx\/en-2020-se-registraron-620-agresiones-a-periodistas-en-mexico-asegura-articulo-19\/#respond\"]}]},{\"@type\":\"WebPage\",\"@id\":\"https:\/\/www.sonoraenequipo.com.mx\/en-2020-se-registraron-620-agresiones-a-periodistas-en-mexico-asegura-articulo-19\/\",\"url\":\"https:\/\/www.sonoraenequipo.com.mx\/en-2020-se-registraron-620-agresiones-a-periodistas-en-mexico-asegura-articulo-19\/\",\"name\":\"Sonora en Equipo. En 2020 se registraron 620 agresiones a periodistas en M\u00e9xico, asegura Art\u00edculo 19. Rep\u00fablica\",\"isPartOf\":{\"@id\":\"https:\/\/www.sonoraenequipo.com.mx\/#website\"},\"primaryImageOfPage\":{\"@id\":\"https:\/\/www.sonoraenequipo.com.mx\/en-2020-se-registraron-620-agresiones-a-periodistas-en-mexico-asegura-articulo-19\/#primaryimage\"},\"image\":{\"@id\":\"https:\/\/www.sonoraenequipo.com.mx\/en-2020-se-registraron-620-agresiones-a-periodistas-en-mexico-asegura-articulo-19\/#primaryimage\"},\"thumbnailUrl\":\"https:\/\/www.sonoraenequipo.com.mx\/storage\/2021\/05\/prensa-me\u0301xico-reportear__opt.jpg\",\"datePublished\":\"2021-05-03T22:00:54+00:00\",\"description\":\"CIUDAD DE M\u00c9XICO. MX. \u2014 M\u00e9xico celebra este lunes el d\u00eda mundial de la libertad de prensa con una espiral de violencia contra los periodistas y una En Sonora en Equipo publicamos toda la informaci\u00f3n de Sonora, M\u00e9xico y el Mundo de manera oportuna y busca que la libertad de expresi\u00f3n sea real. Visita nuestro medio informativo publicado desde Hermosillo, Sonora. %\",\"breadcrumb\":{\"@id\":\"https:\/\/www.sonoraenequipo.com.mx\/en-2020-se-registraron-620-agresiones-a-periodistas-en-mexico-asegura-articulo-19\/#breadcrumb\"},\"inLanguage\":\"es\",\"potentialAction\":[{\"@type\":\"ReadAction\",\"target\":[\"https:\/\/www.sonoraenequipo.com.mx\/en-2020-se-registraron-620-agresiones-a-periodistas-en-mexico-asegura-articulo-19\/\"]}]},{\"@type\":\"ImageObject\",\"inLanguage\":\"es\",\"@id\":\"https:\/\/www.sonoraenequipo.com.mx\/en-2020-se-registraron-620-agresiones-a-periodistas-en-mexico-asegura-articulo-19\/#primaryimage\",\"url\":\"https:\/\/www.sonoraenequipo.com.mx\/storage\/2021\/05\/prensa-me\u0301xico-reportear__opt.jpg\",\"contentUrl\":\"https:\/\/www.sonoraenequipo.com.mx\/storage\/2021\/05\/prensa-me\u0301xico-reportear__opt.jpg\",\"width\":711,\"height\":400},{\"@type\":\"BreadcrumbList\",\"@id\":\"https:\/\/www.sonoraenequipo.com.mx\/en-2020-se-registraron-620-agresiones-a-periodistas-en-mexico-asegura-articulo-19\/#breadcrumb\",\"itemListElement\":[{\"@type\":\"ListItem\",\"position\":1,\"name\":\"Portada\",\"item\":\"https:\/\/www.sonoraenequipo.com.mx\/\"},{\"@type\":\"ListItem\",\"position\":2,\"name\":\"En 2020 se registraron 620 agresiones a periodistas en M\u00e9xico, asegura Art\u00edculo 19.\"}]},{\"@type\":\"WebSite\",\"@id\":\"https:\/\/www.sonoraenequipo.com.mx\/#website\",\"url\":\"https:\/\/www.sonoraenequipo.com.mx\/\",\"name\":\"Sonora en Equipo.\",\"description\":\"Diario en l\u00ednea con Noticias desde Hermosillo, Sonora\",\"publisher\":{\"@id\":\"https:\/\/www.sonoraenequipo.com.mx\/#organization\"},\"potentialAction\":[{\"@type\":\"SearchAction\",\"target\":{\"@type\":\"EntryPoint\",\"urlTemplate\":\"https:\/\/www.sonoraenequipo.com.mx\/?s={search_term_string}\"},\"query-input\":{\"@type\":\"PropertyValueSpecification\",\"valueRequired\":true,\"valueName\":\"search_term_string\"}}],\"inLanguage\":\"es\"},{\"@type\":\"Organization\",\"@id\":\"https:\/\/www.sonoraenequipo.com.mx\/#organization\",\"name\":\"Sonoraenequipo.com.mx\",\"url\":\"https:\/\/www.sonoraenequipo.com.mx\/\",\"logo\":{\"@type\":\"ImageObject\",\"inLanguage\":\"es\",\"@id\":\"https:\/\/www.sonoraenequipo.com.mx\/#\/schema\/logo\/image\/\",\"url\":\"https:\/\/www.sonoraenequipo.com.mx\/storage\/2019\/01\/sonoraenequipo_opt.png\",\"contentUrl\":\"https:\/\/www.sonoraenequipo.com.mx\/storage\/2019\/01\/sonoraenequipo_opt.png\",\"width\":375,\"height\":125,\"caption\":\"Sonoraenequipo.com.mx\"},\"image\":{\"@id\":\"https:\/\/www.sonoraenequipo.com.mx\/#\/schema\/logo\/image\/\"},\"sameAs\":[\"https:\/\/www.facebook.com\/SonoraEE\/\",\"https:\/\/x.com\/sonoraenequipo\",\"https:\/\/www.youtube.com\/channel\/UC338nW-lPEYmJQs4ZABQ1SQ\"]},{\"@type\":\"Person\",\"@id\":\"https:\/\/www.sonoraenequipo.com.mx\/#\/schema\/person\/50102df0fb23a8fa9e8effad8fa81386\",\"name\":\"enequipo\",\"image\":{\"@type\":\"ImageObject\",\"inLanguage\":\"es\",\"@id\":\"https:\/\/www.sonoraenequipo.com.mx\/#\/schema\/person\/image\/\",\"url\":\"https:\/\/secure.gravatar.com\/avatar\/049821681b589dabc0bc20695993ccebb09f5b5d4d790cd9251b97faac7c652b?s=96&d=blank&r=g\",\"contentUrl\":\"https:\/\/secure.gravatar.com\/avatar\/049821681b589dabc0bc20695993ccebb09f5b5d4d790cd9251b97faac7c652b?s=96&d=blank&r=g\",\"caption\":\"enequipo\"},\"sameAs\":[\"https:\/\/www.facebook.com\/SonoraEE\"]}]}<\/script>\n ","yoast_head_json":{"title":"Sonora en Equipo. En 2020 se registraron 620 agresiones a periodistas en M\u00e9xico, asegura Art\u00edculo 19. Rep\u00fablica","description":"CIUDAD DE M\u00c9XICO. MX. \u2014 M\u00e9xico celebra este lunes el d\u00eda mundial de la libertad de prensa con una espiral de violencia contra los periodistas y una En Sonora en Equipo publicamos toda la informaci\u00f3n de Sonora, M\u00e9xico y el Mundo de manera oportuna y busca que la libertad de expresi\u00f3n sea real. Visita nuestro medio informativo publicado desde Hermosillo, Sonora. %","robots":{"index":"index","follow":"follow","max-snippet":"max-snippet:-1","max-image-preview":"max-image-preview:large","max-video-preview":"max-video-preview:-1"},"canonical":"https:\/\/www.sonoraenequipo.com.mx\/en-2020-se-registraron-620-agresiones-a-periodistas-en-mexico-asegura-articulo-19\/","og_locale":"es_ES","og_type":"article","og_title":"Sonora en Equipo. En 2020 se registraron 620 agresiones a periodistas en M\u00e9xico, asegura Art\u00edculo 19. Rep\u00fablica","og_description":"CIUDAD DE M\u00c9XICO. MX. \u2014 M\u00e9xico celebra este lunes el d\u00eda mundial de la libertad de prensa con una espiral de violencia contra los periodistas y una En Sonora en Equipo publicamos toda la informaci\u00f3n de Sonora, M\u00e9xico y el Mundo de manera oportuna y busca que la libertad de expresi\u00f3n sea real. Visita nuestro medio informativo publicado desde Hermosillo, Sonora. %","og_url":"https:\/\/www.sonoraenequipo.com.mx\/en-2020-se-registraron-620-agresiones-a-periodistas-en-mexico-asegura-articulo-19\/","og_site_name":"Sonora en Equipo.","article_publisher":"https:\/\/www.facebook.com\/SonoraEE\/","article_author":"https:\/\/www.facebook.com\/SonoraEE","article_published_time":"2021-05-03T22:00:54+00:00","og_image":[{"width":711,"height":400,"url":"https:\/\/www.sonoraenequipo.com.mx\/storage\/2021\/05\/prensa-me\u0301xico-reportear__opt.jpg","type":"image\/jpeg"}],"author":"enequipo","twitter_card":"summary_large_image","twitter_creator":"@sonoraenequipo","twitter_site":"@sonoraenequipo","twitter_misc":{"Escrito por":"enequipo","Tiempo de lectura":"4 minutos"},"schema":{"@context":"https:\/\/schema.org","@graph":[{"@type":"Article","@id":"https:\/\/www.sonoraenequipo.com.mx\/en-2020-se-registraron-620-agresiones-a-periodistas-en-mexico-asegura-articulo-19\/#article","isPartOf":{"@id":"https:\/\/www.sonoraenequipo.com.mx\/en-2020-se-registraron-620-agresiones-a-periodistas-en-mexico-asegura-articulo-19\/"},"author":{"name":"enequipo","@id":"https:\/\/www.sonoraenequipo.com.mx\/#\/schema\/person\/50102df0fb23a8fa9e8effad8fa81386"},"headline":"En 2020 se registraron 620 agresiones a periodistas en M\u00e9xico, asegura Art\u00edculo 19.","datePublished":"2021-05-03T22:00:54+00:00","mainEntityOfPage":{"@id":"https:\/\/www.sonoraenequipo.com.mx\/en-2020-se-registraron-620-agresiones-a-periodistas-en-mexico-asegura-articulo-19\/"},"wordCount":834,"commentCount":0,"publisher":{"@id":"https:\/\/www.sonoraenequipo.com.mx\/#organization"},"image":{"@id":"https:\/\/www.sonoraenequipo.com.mx\/en-2020-se-registraron-620-agresiones-a-periodistas-en-mexico-asegura-articulo-19\/#primaryimage"},"thumbnailUrl":"https:\/\/www.sonoraenequipo.com.mx\/storage\/2021\/05\/prensa-me\u0301xico-reportear__opt.jpg","articleSection":["Rep\u00fablica"],"inLanguage":"es","potentialAction":[{"@type":"CommentAction","name":"Comment","target":["https:\/\/www.sonoraenequipo.com.mx\/en-2020-se-registraron-620-agresiones-a-periodistas-en-mexico-asegura-articulo-19\/#respond"]}]},{"@type":"WebPage","@id":"https:\/\/www.sonoraenequipo.com.mx\/en-2020-se-registraron-620-agresiones-a-periodistas-en-mexico-asegura-articulo-19\/","url":"https:\/\/www.sonoraenequipo.com.mx\/en-2020-se-registraron-620-agresiones-a-periodistas-en-mexico-asegura-articulo-19\/","name":"Sonora en Equipo. En 2020 se registraron 620 agresiones a periodistas en M\u00e9xico, asegura Art\u00edculo 19. Rep\u00fablica","isPartOf":{"@id":"https:\/\/www.sonoraenequipo.com.mx\/#website"},"primaryImageOfPage":{"@id":"https:\/\/www.sonoraenequipo.com.mx\/en-2020-se-registraron-620-agresiones-a-periodistas-en-mexico-asegura-articulo-19\/#primaryimage"},"image":{"@id":"https:\/\/www.sonoraenequipo.com.mx\/en-2020-se-registraron-620-agresiones-a-periodistas-en-mexico-asegura-articulo-19\/#primaryimage"},"thumbnailUrl":"https:\/\/www.sonoraenequipo.com.mx\/storage\/2021\/05\/prensa-me\u0301xico-reportear__opt.jpg","datePublished":"2021-05-03T22:00:54+00:00","description":"CIUDAD DE M\u00c9XICO. MX. \u2014 M\u00e9xico celebra este lunes el d\u00eda mundial de la libertad de prensa con una espiral de violencia contra los periodistas y una En Sonora en Equipo publicamos toda la informaci\u00f3n de Sonora, M\u00e9xico y el Mundo de manera oportuna y busca que la libertad de expresi\u00f3n sea real. Visita nuestro medio informativo publicado desde Hermosillo, Sonora. %","breadcrumb":{"@id":"https:\/\/www.sonoraenequipo.com.mx\/en-2020-se-registraron-620-agresiones-a-periodistas-en-mexico-asegura-articulo-19\/#breadcrumb"},"inLanguage":"es","potentialAction":[{"@type":"ReadAction","target":["https:\/\/www.sonoraenequipo.com.mx\/en-2020-se-registraron-620-agresiones-a-periodistas-en-mexico-asegura-articulo-19\/"]}]},{"@type":"ImageObject","inLanguage":"es","@id":"https:\/\/www.sonoraenequipo.com.mx\/en-2020-se-registraron-620-agresiones-a-periodistas-en-mexico-asegura-articulo-19\/#primaryimage","url":"https:\/\/www.sonoraenequipo.com.mx\/storage\/2021\/05\/prensa-me\u0301xico-reportear__opt.jpg","contentUrl":"https:\/\/www.sonoraenequipo.com.mx\/storage\/2021\/05\/prensa-me\u0301xico-reportear__opt.jpg","width":711,"height":400},{"@type":"BreadcrumbList","@id":"https:\/\/www.sonoraenequipo.com.mx\/en-2020-se-registraron-620-agresiones-a-periodistas-en-mexico-asegura-articulo-19\/#breadcrumb","itemListElement":[{"@type":"ListItem","position":1,"name":"Portada","item":"https:\/\/www.sonoraenequipo.com.mx\/"},{"@type":"ListItem","position":2,"name":"En 2020 se registraron 620 agresiones a periodistas en M\u00e9xico, asegura Art\u00edculo 19."}]},{"@type":"WebSite","@id":"https:\/\/www.sonoraenequipo.com.mx\/#website","url":"https:\/\/www.sonoraenequipo.com.mx\/","name":"Sonora en Equipo.","description":"Diario en l\u00ednea con Noticias desde Hermosillo, Sonora","publisher":{"@id":"https:\/\/www.sonoraenequipo.com.mx\/#organization"},"potentialAction":[{"@type":"SearchAction","target":{"@type":"EntryPoint","urlTemplate":"https:\/\/www.sonoraenequipo.com.mx\/?s={search_term_string}"},"query-input":{"@type":"PropertyValueSpecification","valueRequired":true,"valueName":"search_term_string"}}],"inLanguage":"es"},{"@type":"Organization","@id":"https:\/\/www.sonoraenequipo.com.mx\/#organization","name":"Sonoraenequipo.com.mx","url":"https:\/\/www.sonoraenequipo.com.mx\/","logo":{"@type":"ImageObject","inLanguage":"es","@id":"https:\/\/www.sonoraenequipo.com.mx\/#\/schema\/logo\/image\/","url":"https:\/\/www.sonoraenequipo.com.mx\/storage\/2019\/01\/sonoraenequipo_opt.png","contentUrl":"https:\/\/www.sonoraenequipo.com.mx\/storage\/2019\/01\/sonoraenequipo_opt.png","width":375,"height":125,"caption":"Sonoraenequipo.com.mx"},"image":{"@id":"https:\/\/www.sonoraenequipo.com.mx\/#\/schema\/logo\/image\/"},"sameAs":["https:\/\/www.facebook.com\/SonoraEE\/","https:\/\/x.com\/sonoraenequipo","https:\/\/www.youtube.com\/channel\/UC338nW-lPEYmJQs4ZABQ1SQ"]},{"@type":"Person","@id":"https:\/\/www.sonoraenequipo.com.mx\/#\/schema\/person\/50102df0fb23a8fa9e8effad8fa81386","name":"enequipo","image":{"@type":"ImageObject","inLanguage":"es","@id":"https:\/\/www.sonoraenequipo.com.mx\/#\/schema\/person\/image\/","url":"https:\/\/secure.gravatar.com\/avatar\/049821681b589dabc0bc20695993ccebb09f5b5d4d790cd9251b97faac7c652b?s=96&d=blank&r=g","contentUrl":"https:\/\/secure.gravatar.com\/avatar\/049821681b589dabc0bc20695993ccebb09f5b5d4d790cd9251b97faac7c652b?s=96&d=blank&r=g","caption":"enequipo"},"sameAs":["https:\/\/www.facebook.com\/SonoraEE"]}]}},"jetpack_featured_media_url":"https:\/\/www.sonoraenequipo.com.mx\/storage\/2021\/05\/prensa-me\u0301xico-reportear__opt.jpg","_links":{"self":[{"href":"https:\/\/www.sonoraenequipo.com.mx\/api\/wp\/v2\/posts\/113089","targetHints":{"allow":["GET"]}}],"collection":[{"href":"https:\/\/www.sonoraenequipo.com.mx\/api\/wp\/v2\/posts"}],"about":[{"href":"https:\/\/www.sonoraenequipo.com.mx\/api\/wp\/v2\/types\/post"}],"author":[{"embeddable":true,"href":"https:\/\/www.sonoraenequipo.com.mx\/api\/wp\/v2\/users\/1"}],"replies":[{"embeddable":true,"href":"https:\/\/www.sonoraenequipo.com.mx\/api\/wp\/v2\/comments?post=113089"}],"version-history":[{"count":1,"href":"https:\/\/www.sonoraenequipo.com.mx\/api\/wp\/v2\/posts\/113089\/revisions"}],"predecessor-version":[{"id":113090,"href":"https:\/\/www.sonoraenequipo.com.mx\/api\/wp\/v2\/posts\/113089\/revisions\/113090"}],"wp:featuredmedia":[{"embeddable":true,"href":"https:\/\/www.sonoraenequipo.com.mx\/api\/wp\/v2\/media\/113053"}],"wp:attachment":[{"href":"https:\/\/www.sonoraenequipo.com.mx\/api\/wp\/v2\/media?parent=113089"}],"wp:term":[{"taxonomy":"category","embeddable":true,"href":"https:\/\/www.sonoraenequipo.com.mx\/api\/wp\/v2\/categories?post=113089"},{"taxonomy":"post_tag","embeddable":true,"href":"https:\/\/www.sonoraenequipo.com.mx\/api\/wp\/v2\/tags?post=113089"}],"curies":[{"name":"wp","href":"https:\/\/api.w.org\/{rel}","templated":true}]}}