{"id":113105,"date":"2021-05-03T19:43:15","date_gmt":"2021-05-04T02:43:15","guid":{"rendered":"https:\/\/www.sonoraenequipo.com.mx\/?p=113105"},"modified":"2021-05-03T19:48:36","modified_gmt":"2021-05-04T02:48:36","slug":"el-martes-arranca-el-frente-de-porfirio-munoz-en-contra-del-ejecutivo-y-de-morena","status":"publish","type":"post","link":"https:\/\/www.sonoraenequipo.com.mx\/el-martes-arranca-el-frente-de-porfirio-munoz-en-contra-del-ejecutivo-y-de-morena\/","title":{"rendered":"El martes arranca el Frente de Porfirio Mu\u00f1oz en contra del Ejecutivo y de Morena"},"content":{"rendered":"<p>CIUDAD DE M\u00c9XICO. MX. \u2014 Porfirio Mu\u00f1oz Ledo inform\u00f3 que este martes (04.05.2021) ser\u00e1 el arranque formal del Frente Amplio en Defensa de la Constituci\u00f3n, cuyo objetivo es defender a la Suprema Corte de Justicia de la Naci\u00f3n (SCJN) as\u00ed como a los \u00f3rganos aut\u00f3nomos.<\/p>\n<p>&nbsp;<\/p>\n<p> <\/p>\n<p>&nbsp;<\/p>\n<p>El legislador de Morena, se\u00f1al\u00f3 al peri\u00f3dico\u00a0 El Universal que el Ejecutivo ha sometido y humillado al Poder Legislativo y busca la sumisi\u00f3n del Poder Judicial, algo que est\u00e1 cerca de consumarse.<\/p>\n<p>&nbsp;<\/p>\n<p><em>\u201cEl Ejecutivo denosta a los magistrados y a las instituciones que no les son sumisos, obedientes o abyectos (\u2026) eso es indigno de un jefe de Estado\u201d,<\/em> lament\u00f3.<\/p>\n<p>&nbsp;<\/p>\n<p>La formaci\u00f3n del Frente, abund\u00f3, es para defender la Constituci\u00f3n, la cual, est\u00e1 siendo <em>\u201cc\u00ednicamente violada por parte del Ejecutivo\u201d,<\/em> manifest\u00f3 Mu\u00f1oz Ledo y dijo no recordar en el pasado una violaci\u00f3n tan flagrante.<\/p>\n<p>&nbsp;<\/p>\n<p>Se\u00f1al\u00f3 que la actitud de Andr\u00e9s Manuel L\u00f3pez Obrador presenta al presidente de la Corte como un menguado, \u201c<em>a modo\u201d<\/em> e injuria a los ministros de la SCJN porque los declara incapaces de ser electos para presidentes del M\u00e1ximo Tribunal.<\/p>\n<p>&nbsp;<\/p>\n<p>Finalmente coment\u00f3 que la presentaci\u00f3n del Frente Amplio en Defensa de la Constituci\u00f3n se realizar\u00e1 en un restaurante de la Ciudad de M\u00e9xico y en el que participar\u00e1 junto con compa\u00f1eros de lucha como la senadora Ifigenia Mart\u00ednez.<\/p>\n<p>&nbsp;<\/p>\n<p>(Publicada el 03\/05\/2021 \/Con informaci\u00f3n de Milenio)<\/p>\n","protected":false},"excerpt":{"rendered":"<p>CIUDAD DE M\u00c9XICO. MX. \u2014 Porfirio Mu\u00f1oz Ledo inform\u00f3 que este martes (04.05.2021) ser\u00e1 el&#8230;<\/p>\n","protected":false},"author":1,"featured_media":113111,"comment_status":"open","ping_status":"open","sticky":false,"template":"","format":"standard","meta":{"_monsterinsights_skip_tracking":false,"_monsterinsights_sitenote_active":false,"_monsterinsights_sitenote_note":"","_monsterinsights_sitenote_category":0,"footnotes":""},"categories":[5],"tags":[],"class_list":["post"],"yoast_head":" \n<title>Sonora en Equipo. El martes arranca el Frente de Porfirio Mu\u00f1oz en contra del Ejecutivo y de Morena Rep\u00fablica<\/title>\n<meta name=\"description\" content=\"CIUDAD DE M\u00c9XICO. MX. \u2014 Porfirio Mu\u00f1oz Ledo inform\u00f3 que este martes (04.05.2021) ser\u00e1 el arranque formal del Frente Amplio en Defensa de la Constituci\u00f3n, En Sonora en Equipo publicamos toda la informaci\u00f3n de Sonora, M\u00e9xico y el Mundo de manera oportuna y busca que la libertad de expresi\u00f3n sea real. Visita nuestro medio informativo publicado desde Hermosillo, Sonora. %\" \/>\n<meta name=\"robots\" content=\"index, follow, max-snippet:-1, max-image-preview:large, max-video-preview:-1\" \/>\n<link rel=\"canonical\" href=\"https:\/\/www.sonoraenequipo.com.mx\/el-martes-arranca-el-frente-de-porfirio-munoz-en-contra-del-ejecutivo-y-de-morena\/\" \/>\n<meta property=\"og:locale\" content=\"es_ES\" \/>\n<meta property=\"og:type\" content=\"article\" \/>\n<meta property=\"og:title\" content=\"Sonora en Equipo. El martes arranca el Frente de Porfirio Mu\u00f1oz en contra del Ejecutivo y de Morena Rep\u00fablica\" \/>\n<meta property=\"og:description\" content=\"CIUDAD DE M\u00c9XICO. MX. \u2014 Porfirio Mu\u00f1oz Ledo inform\u00f3 que este martes (04.05.2021) ser\u00e1 el arranque formal del Frente Amplio en Defensa de la Constituci\u00f3n, En Sonora en Equipo publicamos toda la informaci\u00f3n de Sonora, M\u00e9xico y el Mundo de manera oportuna y busca que la libertad de expresi\u00f3n sea real. Visita nuestro medio informativo publicado desde Hermosillo, Sonora. %\" \/>\n<meta property=\"og:url\" content=\"https:\/\/www.sonoraenequipo.com.mx\/el-martes-arranca-el-frente-de-porfirio-munoz-en-contra-del-ejecutivo-y-de-morena\/\" \/>\n<meta property=\"og:site_name\" content=\"Sonora en Equipo.\" \/>\n<meta property=\"article:publisher\" content=\"https:\/\/www.facebook.com\/SonoraEE\/\" \/>\n<meta property=\"article:author\" content=\"https:\/\/www.facebook.com\/SonoraEE\" \/>\n<meta property=\"article:published_time\" content=\"2021-05-04T02:43:15+00:00\" \/>\n<meta property=\"article:modified_time\" content=\"2021-05-04T02:48:36+00:00\" \/>\n<meta property=\"og:image\" content=\"https:\/\/www.sonoraenequipo.com.mx\/storage\/2021\/05\/Mun\u0303oz-Ledo-acoso_opt.jpg\" \/>\n\t<meta property=\"og:image:width\" content=\"889\" \/>\n\t<meta property=\"og:image:height\" content=\"500\" \/>\n\t<meta property=\"og:image:type\" content=\"image\/jpeg\" \/>\n<meta name=\"author\" content=\"enequipo\" \/>\n<meta name=\"twitter:card\" content=\"summary_large_image\" \/>\n<meta name=\"twitter:creator\" content=\"@sonoraenequipo\" \/>\n<meta name=\"twitter:site\" content=\"@sonoraenequipo\" \/>\n<meta name=\"twitter:label1\" content=\"Escrito por\" \/>\n\t<meta name=\"twitter:data1\" content=\"enequipo\" \/>\n\t<meta name=\"twitter:label2\" content=\"Tiempo de lectura\" \/>\n\t<meta name=\"twitter:data2\" content=\"1 minuto\" \/>\n<script type=\"application\/ld+json\" class=\"yoast-schema-graph\">{\"@context\":\"https:\/\/schema.org\",\"@graph\":[{\"@type\":\"Article\",\"@id\":\"https:\/\/www.sonoraenequipo.com.mx\/el-martes-arranca-el-frente-de-porfirio-munoz-en-contra-del-ejecutivo-y-de-morena\/#article\",\"isPartOf\":{\"@id\":\"https:\/\/www.sonoraenequipo.com.mx\/el-martes-arranca-el-frente-de-porfirio-munoz-en-contra-del-ejecutivo-y-de-morena\/\"},\"author\":{\"name\":\"enequipo\",\"@id\":\"https:\/\/www.sonoraenequipo.com.mx\/#\/schema\/person\/50102df0fb23a8fa9e8effad8fa81386\"},\"headline\":\"El martes arranca el Frente de Porfirio Mu\u00f1oz en contra del Ejecutivo y de Morena\",\"datePublished\":\"2021-05-04T02:43:15+00:00\",\"dateModified\":\"2021-05-04T02:48:36+00:00\",\"mainEntityOfPage\":{\"@id\":\"https:\/\/www.sonoraenequipo.com.mx\/el-martes-arranca-el-frente-de-porfirio-munoz-en-contra-del-ejecutivo-y-de-morena\/\"},\"wordCount\":266,\"commentCount\":0,\"publisher\":{\"@id\":\"https:\/\/www.sonoraenequipo.com.mx\/#organization\"},\"image\":{\"@id\":\"https:\/\/www.sonoraenequipo.com.mx\/el-martes-arranca-el-frente-de-porfirio-munoz-en-contra-del-ejecutivo-y-de-morena\/#primaryimage\"},\"thumbnailUrl\":\"https:\/\/www.sonoraenequipo.com.mx\/storage\/2021\/05\/Mun\u0303oz-Ledo-acoso_opt.jpg\",\"articleSection\":[\"Rep\u00fablica\"],\"inLanguage\":\"es\",\"potentialAction\":[{\"@type\":\"CommentAction\",\"name\":\"Comment\",\"target\":[\"https:\/\/www.sonoraenequipo.com.mx\/el-martes-arranca-el-frente-de-porfirio-munoz-en-contra-del-ejecutivo-y-de-morena\/#respond\"]}]},{\"@type\":\"WebPage\",\"@id\":\"https:\/\/www.sonoraenequipo.com.mx\/el-martes-arranca-el-frente-de-porfirio-munoz-en-contra-del-ejecutivo-y-de-morena\/\",\"url\":\"https:\/\/www.sonoraenequipo.com.mx\/el-martes-arranca-el-frente-de-porfirio-munoz-en-contra-del-ejecutivo-y-de-morena\/\",\"name\":\"Sonora en Equipo. El martes arranca el Frente de Porfirio Mu\u00f1oz en contra del Ejecutivo y de Morena Rep\u00fablica\",\"isPartOf\":{\"@id\":\"https:\/\/www.sonoraenequipo.com.mx\/#website\"},\"primaryImageOfPage\":{\"@id\":\"https:\/\/www.sonoraenequipo.com.mx\/el-martes-arranca-el-frente-de-porfirio-munoz-en-contra-del-ejecutivo-y-de-morena\/#primaryimage\"},\"image\":{\"@id\":\"https:\/\/www.sonoraenequipo.com.mx\/el-martes-arranca-el-frente-de-porfirio-munoz-en-contra-del-ejecutivo-y-de-morena\/#primaryimage\"},\"thumbnailUrl\":\"https:\/\/www.sonoraenequipo.com.mx\/storage\/2021\/05\/Mun\u0303oz-Ledo-acoso_opt.jpg\",\"datePublished\":\"2021-05-04T02:43:15+00:00\",\"dateModified\":\"2021-05-04T02:48:36+00:00\",\"description\":\"CIUDAD DE M\u00c9XICO. MX. \u2014 Porfirio Mu\u00f1oz Ledo inform\u00f3 que este martes (04.05.2021) ser\u00e1 el arranque formal del Frente Amplio en Defensa de la Constituci\u00f3n, En Sonora en Equipo publicamos toda la informaci\u00f3n de Sonora, M\u00e9xico y el Mundo de manera oportuna y busca que la libertad de expresi\u00f3n sea real. Visita nuestro medio informativo publicado desde Hermosillo, Sonora. %\",\"breadcrumb\":{\"@id\":\"https:\/\/www.sonoraenequipo.com.mx\/el-martes-arranca-el-frente-de-porfirio-munoz-en-contra-del-ejecutivo-y-de-morena\/#breadcrumb\"},\"inLanguage\":\"es\",\"potentialAction\":[{\"@type\":\"ReadAction\",\"target\":[\"https:\/\/www.sonoraenequipo.com.mx\/el-martes-arranca-el-frente-de-porfirio-munoz-en-contra-del-ejecutivo-y-de-morena\/\"]}]},{\"@type\":\"ImageObject\",\"inLanguage\":\"es\",\"@id\":\"https:\/\/www.sonoraenequipo.com.mx\/el-martes-arranca-el-frente-de-porfirio-munoz-en-contra-del-ejecutivo-y-de-morena\/#primaryimage\",\"url\":\"https:\/\/www.sonoraenequipo.com.mx\/storage\/2021\/05\/Mun\u0303oz-Ledo-acoso_opt.jpg\",\"contentUrl\":\"https:\/\/www.sonoraenequipo.com.mx\/storage\/2021\/05\/Mun\u0303oz-Ledo-acoso_opt.jpg\",\"width\":889,\"height\":500},{\"@type\":\"BreadcrumbList\",\"@id\":\"https:\/\/www.sonoraenequipo.com.mx\/el-martes-arranca-el-frente-de-porfirio-munoz-en-contra-del-ejecutivo-y-de-morena\/#breadcrumb\",\"itemListElement\":[{\"@type\":\"ListItem\",\"position\":1,\"name\":\"Portada\",\"item\":\"https:\/\/www.sonoraenequipo.com.mx\/\"},{\"@type\":\"ListItem\",\"position\":2,\"name\":\"El martes arranca el Frente de Porfirio Mu\u00f1oz en contra del Ejecutivo y de Morena\"}]},{\"@type\":\"WebSite\",\"@id\":\"https:\/\/www.sonoraenequipo.com.mx\/#website\",\"url\":\"https:\/\/www.sonoraenequipo.com.mx\/\",\"name\":\"Sonora en Equipo.\",\"description\":\"Diario en l\u00ednea con Noticias desde Hermosillo, Sonora\",\"publisher\":{\"@id\":\"https:\/\/www.sonoraenequipo.com.mx\/#organization\"},\"potentialAction\":[{\"@type\":\"SearchAction\",\"target\":{\"@type\":\"EntryPoint\",\"urlTemplate\":\"https:\/\/www.sonoraenequipo.com.mx\/?s={search_term_string}\"},\"query-input\":{\"@type\":\"PropertyValueSpecification\",\"valueRequired\":true,\"valueName\":\"search_term_string\"}}],\"inLanguage\":\"es\"},{\"@type\":\"Organization\",\"@id\":\"https:\/\/www.sonoraenequipo.com.mx\/#organization\",\"name\":\"Sonoraenequipo.com.mx\",\"url\":\"https:\/\/www.sonoraenequipo.com.mx\/\",\"logo\":{\"@type\":\"ImageObject\",\"inLanguage\":\"es\",\"@id\":\"https:\/\/www.sonoraenequipo.com.mx\/#\/schema\/logo\/image\/\",\"url\":\"https:\/\/www.sonoraenequipo.com.mx\/storage\/2019\/01\/sonoraenequipo_opt.png\",\"contentUrl\":\"https:\/\/www.sonoraenequipo.com.mx\/storage\/2019\/01\/sonoraenequipo_opt.png\",\"width\":375,\"height\":125,\"caption\":\"Sonoraenequipo.com.mx\"},\"image\":{\"@id\":\"https:\/\/www.sonoraenequipo.com.mx\/#\/schema\/logo\/image\/\"},\"sameAs\":[\"https:\/\/www.facebook.com\/SonoraEE\/\",\"https:\/\/x.com\/sonoraenequipo\",\"https:\/\/www.youtube.com\/channel\/UC338nW-lPEYmJQs4ZABQ1SQ\"]},{\"@type\":\"Person\",\"@id\":\"https:\/\/www.sonoraenequipo.com.mx\/#\/schema\/person\/50102df0fb23a8fa9e8effad8fa81386\",\"name\":\"enequipo\",\"image\":{\"@type\":\"ImageObject\",\"inLanguage\":\"es\",\"@id\":\"https:\/\/www.sonoraenequipo.com.mx\/#\/schema\/person\/image\/\",\"url\":\"https:\/\/secure.gravatar.com\/avatar\/049821681b589dabc0bc20695993ccebb09f5b5d4d790cd9251b97faac7c652b?s=96&d=blank&r=g\",\"contentUrl\":\"https:\/\/secure.gravatar.com\/avatar\/049821681b589dabc0bc20695993ccebb09f5b5d4d790cd9251b97faac7c652b?s=96&d=blank&r=g\",\"caption\":\"enequipo\"},\"sameAs\":[\"https:\/\/www.facebook.com\/SonoraEE\"]}]}<\/script>\n ","yoast_head_json":{"title":"Sonora en Equipo. El martes arranca el Frente de Porfirio Mu\u00f1oz en contra del Ejecutivo y de Morena Rep\u00fablica","description":"CIUDAD DE M\u00c9XICO. MX. \u2014 Porfirio Mu\u00f1oz Ledo inform\u00f3 que este martes (04.05.2021) ser\u00e1 el arranque formal del Frente Amplio en Defensa de la Constituci\u00f3n, En Sonora en Equipo publicamos toda la informaci\u00f3n de Sonora, M\u00e9xico y el Mundo de manera oportuna y busca que la libertad de expresi\u00f3n sea real. Visita nuestro medio informativo publicado desde Hermosillo, Sonora. %","robots":{"index":"index","follow":"follow","max-snippet":"max-snippet:-1","max-image-preview":"max-image-preview:large","max-video-preview":"max-video-preview:-1"},"canonical":"https:\/\/www.sonoraenequipo.com.mx\/el-martes-arranca-el-frente-de-porfirio-munoz-en-contra-del-ejecutivo-y-de-morena\/","og_locale":"es_ES","og_type":"article","og_title":"Sonora en Equipo. El martes arranca el Frente de Porfirio Mu\u00f1oz en contra del Ejecutivo y de Morena Rep\u00fablica","og_description":"CIUDAD DE M\u00c9XICO. MX. \u2014 Porfirio Mu\u00f1oz Ledo inform\u00f3 que este martes (04.05.2021) ser\u00e1 el arranque formal del Frente Amplio en Defensa de la Constituci\u00f3n, En Sonora en Equipo publicamos toda la informaci\u00f3n de Sonora, M\u00e9xico y el Mundo de manera oportuna y busca que la libertad de expresi\u00f3n sea real. Visita nuestro medio informativo publicado desde Hermosillo, Sonora. %","og_url":"https:\/\/www.sonoraenequipo.com.mx\/el-martes-arranca-el-frente-de-porfirio-munoz-en-contra-del-ejecutivo-y-de-morena\/","og_site_name":"Sonora en Equipo.","article_publisher":"https:\/\/www.facebook.com\/SonoraEE\/","article_author":"https:\/\/www.facebook.com\/SonoraEE","article_published_time":"2021-05-04T02:43:15+00:00","article_modified_time":"2021-05-04T02:48:36+00:00","og_image":[{"width":889,"height":500,"url":"https:\/\/www.sonoraenequipo.com.mx\/storage\/2021\/05\/Mun\u0303oz-Ledo-acoso_opt.jpg","type":"image\/jpeg"}],"author":"enequipo","twitter_card":"summary_large_image","twitter_creator":"@sonoraenequipo","twitter_site":"@sonoraenequipo","twitter_misc":{"Escrito por":"enequipo","Tiempo de lectura":"1 minuto"},"schema":{"@context":"https:\/\/schema.org","@graph":[{"@type":"Article","@id":"https:\/\/www.sonoraenequipo.com.mx\/el-martes-arranca-el-frente-de-porfirio-munoz-en-contra-del-ejecutivo-y-de-morena\/#article","isPartOf":{"@id":"https:\/\/www.sonoraenequipo.com.mx\/el-martes-arranca-el-frente-de-porfirio-munoz-en-contra-del-ejecutivo-y-de-morena\/"},"author":{"name":"enequipo","@id":"https:\/\/www.sonoraenequipo.com.mx\/#\/schema\/person\/50102df0fb23a8fa9e8effad8fa81386"},"headline":"El martes arranca el Frente de Porfirio Mu\u00f1oz en contra del Ejecutivo y de Morena","datePublished":"2021-05-04T02:43:15+00:00","dateModified":"2021-05-04T02:48:36+00:00","mainEntityOfPage":{"@id":"https:\/\/www.sonoraenequipo.com.mx\/el-martes-arranca-el-frente-de-porfirio-munoz-en-contra-del-ejecutivo-y-de-morena\/"},"wordCount":266,"commentCount":0,"publisher":{"@id":"https:\/\/www.sonoraenequipo.com.mx\/#organization"},"image":{"@id":"https:\/\/www.sonoraenequipo.com.mx\/el-martes-arranca-el-frente-de-porfirio-munoz-en-contra-del-ejecutivo-y-de-morena\/#primaryimage"},"thumbnailUrl":"https:\/\/www.sonoraenequipo.com.mx\/storage\/2021\/05\/Mun\u0303oz-Ledo-acoso_opt.jpg","articleSection":["Rep\u00fablica"],"inLanguage":"es","potentialAction":[{"@type":"CommentAction","name":"Comment","target":["https:\/\/www.sonoraenequipo.com.mx\/el-martes-arranca-el-frente-de-porfirio-munoz-en-contra-del-ejecutivo-y-de-morena\/#respond"]}]},{"@type":"WebPage","@id":"https:\/\/www.sonoraenequipo.com.mx\/el-martes-arranca-el-frente-de-porfirio-munoz-en-contra-del-ejecutivo-y-de-morena\/","url":"https:\/\/www.sonoraenequipo.com.mx\/el-martes-arranca-el-frente-de-porfirio-munoz-en-contra-del-ejecutivo-y-de-morena\/","name":"Sonora en Equipo. El martes arranca el Frente de Porfirio Mu\u00f1oz en contra del Ejecutivo y de Morena Rep\u00fablica","isPartOf":{"@id":"https:\/\/www.sonoraenequipo.com.mx\/#website"},"primaryImageOfPage":{"@id":"https:\/\/www.sonoraenequipo.com.mx\/el-martes-arranca-el-frente-de-porfirio-munoz-en-contra-del-ejecutivo-y-de-morena\/#primaryimage"},"image":{"@id":"https:\/\/www.sonoraenequipo.com.mx\/el-martes-arranca-el-frente-de-porfirio-munoz-en-contra-del-ejecutivo-y-de-morena\/#primaryimage"},"thumbnailUrl":"https:\/\/www.sonoraenequipo.com.mx\/storage\/2021\/05\/Mun\u0303oz-Ledo-acoso_opt.jpg","datePublished":"2021-05-04T02:43:15+00:00","dateModified":"2021-05-04T02:48:36+00:00","description":"CIUDAD DE M\u00c9XICO. MX. \u2014 Porfirio Mu\u00f1oz Ledo inform\u00f3 que este martes (04.05.2021) ser\u00e1 el arranque formal del Frente Amplio en Defensa de la Constituci\u00f3n, En Sonora en Equipo publicamos toda la informaci\u00f3n de Sonora, M\u00e9xico y el Mundo de manera oportuna y busca que la libertad de expresi\u00f3n sea real. Visita nuestro medio informativo publicado desde Hermosillo, Sonora. %","breadcrumb":{"@id":"https:\/\/www.sonoraenequipo.com.mx\/el-martes-arranca-el-frente-de-porfirio-munoz-en-contra-del-ejecutivo-y-de-morena\/#breadcrumb"},"inLanguage":"es","potentialAction":[{"@type":"ReadAction","target":["https:\/\/www.sonoraenequipo.com.mx\/el-martes-arranca-el-frente-de-porfirio-munoz-en-contra-del-ejecutivo-y-de-morena\/"]}]},{"@type":"ImageObject","inLanguage":"es","@id":"https:\/\/www.sonoraenequipo.com.mx\/el-martes-arranca-el-frente-de-porfirio-munoz-en-contra-del-ejecutivo-y-de-morena\/#primaryimage","url":"https:\/\/www.sonoraenequipo.com.mx\/storage\/2021\/05\/Mun\u0303oz-Ledo-acoso_opt.jpg","contentUrl":"https:\/\/www.sonoraenequipo.com.mx\/storage\/2021\/05\/Mun\u0303oz-Ledo-acoso_opt.jpg","width":889,"height":500},{"@type":"BreadcrumbList","@id":"https:\/\/www.sonoraenequipo.com.mx\/el-martes-arranca-el-frente-de-porfirio-munoz-en-contra-del-ejecutivo-y-de-morena\/#breadcrumb","itemListElement":[{"@type":"ListItem","position":1,"name":"Portada","item":"https:\/\/www.sonoraenequipo.com.mx\/"},{"@type":"ListItem","position":2,"name":"El martes arranca el Frente de Porfirio Mu\u00f1oz en contra del Ejecutivo y de Morena"}]},{"@type":"WebSite","@id":"https:\/\/www.sonoraenequipo.com.mx\/#website","url":"https:\/\/www.sonoraenequipo.com.mx\/","name":"Sonora en Equipo.","description":"Diario en l\u00ednea con Noticias desde Hermosillo, Sonora","publisher":{"@id":"https:\/\/www.sonoraenequipo.com.mx\/#organization"},"potentialAction":[{"@type":"SearchAction","target":{"@type":"EntryPoint","urlTemplate":"https:\/\/www.sonoraenequipo.com.mx\/?s={search_term_string}"},"query-input":{"@type":"PropertyValueSpecification","valueRequired":true,"valueName":"search_term_string"}}],"inLanguage":"es"},{"@type":"Organization","@id":"https:\/\/www.sonoraenequipo.com.mx\/#organization","name":"Sonoraenequipo.com.mx","url":"https:\/\/www.sonoraenequipo.com.mx\/","logo":{"@type":"ImageObject","inLanguage":"es","@id":"https:\/\/www.sonoraenequipo.com.mx\/#\/schema\/logo\/image\/","url":"https:\/\/www.sonoraenequipo.com.mx\/storage\/2019\/01\/sonoraenequipo_opt.png","contentUrl":"https:\/\/www.sonoraenequipo.com.mx\/storage\/2019\/01\/sonoraenequipo_opt.png","width":375,"height":125,"caption":"Sonoraenequipo.com.mx"},"image":{"@id":"https:\/\/www.sonoraenequipo.com.mx\/#\/schema\/logo\/image\/"},"sameAs":["https:\/\/www.facebook.com\/SonoraEE\/","https:\/\/x.com\/sonoraenequipo","https:\/\/www.youtube.com\/channel\/UC338nW-lPEYmJQs4ZABQ1SQ"]},{"@type":"Person","@id":"https:\/\/www.sonoraenequipo.com.mx\/#\/schema\/person\/50102df0fb23a8fa9e8effad8fa81386","name":"enequipo","image":{"@type":"ImageObject","inLanguage":"es","@id":"https:\/\/www.sonoraenequipo.com.mx\/#\/schema\/person\/image\/","url":"https:\/\/secure.gravatar.com\/avatar\/049821681b589dabc0bc20695993ccebb09f5b5d4d790cd9251b97faac7c652b?s=96&d=blank&r=g","contentUrl":"https:\/\/secure.gravatar.com\/avatar\/049821681b589dabc0bc20695993ccebb09f5b5d4d790cd9251b97faac7c652b?s=96&d=blank&r=g","caption":"enequipo"},"sameAs":["https:\/\/www.facebook.com\/SonoraEE"]}]}},"jetpack_featured_media_url":"https:\/\/www.sonoraenequipo.com.mx\/storage\/2021\/05\/Mun\u0303oz-Ledo-acoso_opt.jpg","_links":{"self":[{"href":"https:\/\/www.sonoraenequipo.com.mx\/api\/wp\/v2\/posts\/113105","targetHints":{"allow":["GET"]}}],"collection":[{"href":"https:\/\/www.sonoraenequipo.com.mx\/api\/wp\/v2\/posts"}],"about":[{"href":"https:\/\/www.sonoraenequipo.com.mx\/api\/wp\/v2\/types\/post"}],"author":[{"embeddable":true,"href":"https:\/\/www.sonoraenequipo.com.mx\/api\/wp\/v2\/users\/1"}],"replies":[{"embeddable":true,"href":"https:\/\/www.sonoraenequipo.com.mx\/api\/wp\/v2\/comments?post=113105"}],"version-history":[{"count":4,"href":"https:\/\/www.sonoraenequipo.com.mx\/api\/wp\/v2\/posts\/113105\/revisions"}],"predecessor-version":[{"id":113115,"href":"https:\/\/www.sonoraenequipo.com.mx\/api\/wp\/v2\/posts\/113105\/revisions\/113115"}],"wp:featuredmedia":[{"embeddable":true,"href":"https:\/\/www.sonoraenequipo.com.mx\/api\/wp\/v2\/media\/113111"}],"wp:attachment":[{"href":"https:\/\/www.sonoraenequipo.com.mx\/api\/wp\/v2\/media?parent=113105"}],"wp:term":[{"taxonomy":"category","embeddable":true,"href":"https:\/\/www.sonoraenequipo.com.mx\/api\/wp\/v2\/categories?post=113105"},{"taxonomy":"post_tag","embeddable":true,"href":"https:\/\/www.sonoraenequipo.com.mx\/api\/wp\/v2\/tags?post=113105"}],"curies":[{"name":"wp","href":"https:\/\/api.w.org\/{rel}","templated":true}]}}