{"id":113117,"date":"2021-05-03T18:00:27","date_gmt":"2021-05-04T01:00:27","guid":{"rendered":"https:\/\/www.sonoraenequipo.com.mx\/?p=113117"},"modified":"2021-05-03T20:01:54","modified_gmt":"2021-05-04T03:01:54","slug":"el-consejero-presidente-del-ine-esta-preocupado-por-la-futura-reforma-electoral","status":"publish","type":"post","link":"https:\/\/www.sonoraenequipo.com.mx\/el-consejero-presidente-del-ine-esta-preocupado-por-la-futura-reforma-electoral\/","title":{"rendered":"El consejero presidente del INE est\u00e1 preocupado por la futura reforma electoral"},"content":{"rendered":"<p>CIUDAD DE M\u00c9XICO. MX. \u2014 El consejero presidente del Instituto Nacional Electoral (INE), Lorenzo C\u00f3rdova, advirti\u00f3 que una eventual reforma electoral no debe plantearse como un <em>\u201cajuste de cuentas\u201d<\/em> por decisiones que no gustan.<\/p>\n<p>&nbsp;<\/p>\n<p> <\/p>\n<p>&nbsp;<\/p>\n<p>En este sentido consider\u00f3 que las decisiones sobre \u201ctemas calientes\u201d de la democracia se deben <em>\u201cadoptar en tiempos fr\u00edos\u201d.<\/em><\/p>\n<p>&nbsp;<\/p>\n<p>Durante su participaci\u00f3n en el seminario Rumbo a las Elecciones 2021, organizado por la Facultad de Derecho de la UNAM, C\u00f3rdova se\u00f1al\u00f3 que vendr\u00e1n tiempos para que estas decisiones se realicen en una l\u00f3gica que permita consolidar el sistema democr\u00e1tico.<\/p>\n<p>&nbsp;<\/p>\n<p>Tambi\u00e9n consider\u00f3 que ser\u00eda lamentable que tras varios esfuerzos se entre en una l\u00f3gica de contrarreformas, erosi\u00f3n y agotamiento del sistema electoral.<\/p>\n<p>&nbsp;<\/p>\n<p>El consejero presidente se dijo preocupado porque est\u00e9n cobrando carta de naturalizaci\u00f3n expresiones que amagan con eliminar a una instituci\u00f3n.<\/p>\n<p>&nbsp;<\/p>\n<p><em>\u201cEn este contexto de fuertes vientos en contra de las instituciones electorales y del sistema mexicano, en los que han surgido de que una instituci\u00f3n debe morir o debe ser erradicada\u201d<\/em>, indic\u00f3.<\/p>\n<p>&nbsp;<\/p>\n<p>Por tanto llam\u00f3 a defender el sistema electoral, <em>\u201cla defensa de nuestra democracia constitucional pasa simple y sencillamente por aceptar que las reglas del juego deben cumplirse\u201d<\/em>, a\u00f1adi\u00f3.<\/p>\n<p>&nbsp;<\/p>\n<p>&nbsp;<\/p>\n<p>(Publicada el 03\/05\/2021 \/ Con informaci\u00f3n de La Jornada)<\/p>\n","protected":false},"excerpt":{"rendered":"<p>CIUDAD DE M\u00c9XICO. MX. \u2014 El consejero presidente del Instituto Nacional Electoral (INE), Lorenzo C\u00f3rdova,&#8230;<\/p>\n","protected":false},"author":1,"featured_media":113108,"comment_status":"open","ping_status":"open","sticky":false,"template":"","format":"standard","meta":{"_monsterinsights_skip_tracking":false,"_monsterinsights_sitenote_active":false,"_monsterinsights_sitenote_note":"","_monsterinsights_sitenote_category":0,"footnotes":""},"categories":[5],"tags":[],"class_list":["post"],"yoast_head":" \n<title>Sonora en Equipo. El consejero presidente del INE est\u00e1 preocupado por la futura reforma electoral Rep\u00fablica<\/title>\n<meta name=\"description\" content=\"CIUDAD DE M\u00c9XICO. MX. \u2014 El consejero presidente del Instituto Nacional Electoral (INE), Lorenzo C\u00f3rdova, advirti\u00f3 que una eventual reforma electoral no En Sonora en Equipo publicamos toda la informaci\u00f3n de Sonora, M\u00e9xico y el Mundo de manera oportuna y busca que la libertad de expresi\u00f3n sea real. Visita nuestro medio informativo publicado desde Hermosillo, Sonora. %\" \/>\n<meta name=\"robots\" content=\"index, follow, max-snippet:-1, max-image-preview:large, max-video-preview:-1\" \/>\n<link rel=\"canonical\" href=\"https:\/\/www.sonoraenequipo.com.mx\/el-consejero-presidente-del-ine-esta-preocupado-por-la-futura-reforma-electoral\/\" \/>\n<meta property=\"og:locale\" content=\"es_ES\" \/>\n<meta property=\"og:type\" content=\"article\" \/>\n<meta property=\"og:title\" content=\"Sonora en Equipo. El consejero presidente del INE est\u00e1 preocupado por la futura reforma electoral Rep\u00fablica\" \/>\n<meta property=\"og:description\" content=\"CIUDAD DE M\u00c9XICO. MX. \u2014 El consejero presidente del Instituto Nacional Electoral (INE), Lorenzo C\u00f3rdova, advirti\u00f3 que una eventual reforma electoral no En Sonora en Equipo publicamos toda la informaci\u00f3n de Sonora, M\u00e9xico y el Mundo de manera oportuna y busca que la libertad de expresi\u00f3n sea real. Visita nuestro medio informativo publicado desde Hermosillo, Sonora. %\" \/>\n<meta property=\"og:url\" content=\"https:\/\/www.sonoraenequipo.com.mx\/el-consejero-presidente-del-ine-esta-preocupado-por-la-futura-reforma-electoral\/\" \/>\n<meta property=\"og:site_name\" content=\"Sonora en Equipo.\" \/>\n<meta property=\"article:publisher\" content=\"https:\/\/www.facebook.com\/SonoraEE\/\" \/>\n<meta property=\"article:author\" content=\"https:\/\/www.facebook.com\/SonoraEE\" \/>\n<meta property=\"article:published_time\" content=\"2021-05-04T01:00:27+00:00\" \/>\n<meta property=\"article:modified_time\" content=\"2021-05-04T03:01:54+00:00\" \/>\n<meta property=\"og:image\" content=\"https:\/\/www.sonoraenequipo.com.mx\/storage\/2021\/05\/Lorenzo-Co\u0301rdova_opt.jpg\" \/>\n\t<meta property=\"og:image:width\" content=\"889\" \/>\n\t<meta property=\"og:image:height\" content=\"500\" \/>\n\t<meta property=\"og:image:type\" content=\"image\/jpeg\" \/>\n<meta name=\"author\" content=\"enequipo\" \/>\n<meta name=\"twitter:card\" content=\"summary_large_image\" \/>\n<meta name=\"twitter:creator\" content=\"@sonoraenequipo\" \/>\n<meta name=\"twitter:site\" content=\"@sonoraenequipo\" \/>\n<meta name=\"twitter:label1\" content=\"Escrito por\" \/>\n\t<meta name=\"twitter:data1\" content=\"enequipo\" \/>\n\t<meta name=\"twitter:label2\" content=\"Tiempo de lectura\" \/>\n\t<meta name=\"twitter:data2\" content=\"1 minuto\" \/>\n<script type=\"application\/ld+json\" class=\"yoast-schema-graph\">{\"@context\":\"https:\/\/schema.org\",\"@graph\":[{\"@type\":\"Article\",\"@id\":\"https:\/\/www.sonoraenequipo.com.mx\/el-consejero-presidente-del-ine-esta-preocupado-por-la-futura-reforma-electoral\/#article\",\"isPartOf\":{\"@id\":\"https:\/\/www.sonoraenequipo.com.mx\/el-consejero-presidente-del-ine-esta-preocupado-por-la-futura-reforma-electoral\/\"},\"author\":{\"name\":\"enequipo\",\"@id\":\"https:\/\/www.sonoraenequipo.com.mx\/#\/schema\/person\/50102df0fb23a8fa9e8effad8fa81386\"},\"headline\":\"El consejero presidente del INE est\u00e1 preocupado por la futura reforma electoral\",\"datePublished\":\"2021-05-04T01:00:27+00:00\",\"dateModified\":\"2021-05-04T03:01:54+00:00\",\"mainEntityOfPage\":{\"@id\":\"https:\/\/www.sonoraenequipo.com.mx\/el-consejero-presidente-del-ine-esta-preocupado-por-la-futura-reforma-electoral\/\"},\"wordCount\":240,\"commentCount\":0,\"publisher\":{\"@id\":\"https:\/\/www.sonoraenequipo.com.mx\/#organization\"},\"image\":{\"@id\":\"https:\/\/www.sonoraenequipo.com.mx\/el-consejero-presidente-del-ine-esta-preocupado-por-la-futura-reforma-electoral\/#primaryimage\"},\"thumbnailUrl\":\"https:\/\/www.sonoraenequipo.com.mx\/storage\/2021\/05\/Lorenzo-Co\u0301rdova_opt.jpg\",\"articleSection\":[\"Rep\u00fablica\"],\"inLanguage\":\"es\",\"potentialAction\":[{\"@type\":\"CommentAction\",\"name\":\"Comment\",\"target\":[\"https:\/\/www.sonoraenequipo.com.mx\/el-consejero-presidente-del-ine-esta-preocupado-por-la-futura-reforma-electoral\/#respond\"]}]},{\"@type\":\"WebPage\",\"@id\":\"https:\/\/www.sonoraenequipo.com.mx\/el-consejero-presidente-del-ine-esta-preocupado-por-la-futura-reforma-electoral\/\",\"url\":\"https:\/\/www.sonoraenequipo.com.mx\/el-consejero-presidente-del-ine-esta-preocupado-por-la-futura-reforma-electoral\/\",\"name\":\"Sonora en Equipo. El consejero presidente del INE est\u00e1 preocupado por la futura reforma electoral Rep\u00fablica\",\"isPartOf\":{\"@id\":\"https:\/\/www.sonoraenequipo.com.mx\/#website\"},\"primaryImageOfPage\":{\"@id\":\"https:\/\/www.sonoraenequipo.com.mx\/el-consejero-presidente-del-ine-esta-preocupado-por-la-futura-reforma-electoral\/#primaryimage\"},\"image\":{\"@id\":\"https:\/\/www.sonoraenequipo.com.mx\/el-consejero-presidente-del-ine-esta-preocupado-por-la-futura-reforma-electoral\/#primaryimage\"},\"thumbnailUrl\":\"https:\/\/www.sonoraenequipo.com.mx\/storage\/2021\/05\/Lorenzo-Co\u0301rdova_opt.jpg\",\"datePublished\":\"2021-05-04T01:00:27+00:00\",\"dateModified\":\"2021-05-04T03:01:54+00:00\",\"description\":\"CIUDAD DE M\u00c9XICO. MX. \u2014 El consejero presidente del Instituto Nacional Electoral (INE), Lorenzo C\u00f3rdova, advirti\u00f3 que una eventual reforma electoral no En Sonora en Equipo publicamos toda la informaci\u00f3n de Sonora, M\u00e9xico y el Mundo de manera oportuna y busca que la libertad de expresi\u00f3n sea real. Visita nuestro medio informativo publicado desde Hermosillo, Sonora. %\",\"breadcrumb\":{\"@id\":\"https:\/\/www.sonoraenequipo.com.mx\/el-consejero-presidente-del-ine-esta-preocupado-por-la-futura-reforma-electoral\/#breadcrumb\"},\"inLanguage\":\"es\",\"potentialAction\":[{\"@type\":\"ReadAction\",\"target\":[\"https:\/\/www.sonoraenequipo.com.mx\/el-consejero-presidente-del-ine-esta-preocupado-por-la-futura-reforma-electoral\/\"]}]},{\"@type\":\"ImageObject\",\"inLanguage\":\"es\",\"@id\":\"https:\/\/www.sonoraenequipo.com.mx\/el-consejero-presidente-del-ine-esta-preocupado-por-la-futura-reforma-electoral\/#primaryimage\",\"url\":\"https:\/\/www.sonoraenequipo.com.mx\/storage\/2021\/05\/Lorenzo-Co\u0301rdova_opt.jpg\",\"contentUrl\":\"https:\/\/www.sonoraenequipo.com.mx\/storage\/2021\/05\/Lorenzo-Co\u0301rdova_opt.jpg\",\"width\":889,\"height\":500},{\"@type\":\"BreadcrumbList\",\"@id\":\"https:\/\/www.sonoraenequipo.com.mx\/el-consejero-presidente-del-ine-esta-preocupado-por-la-futura-reforma-electoral\/#breadcrumb\",\"itemListElement\":[{\"@type\":\"ListItem\",\"position\":1,\"name\":\"Portada\",\"item\":\"https:\/\/www.sonoraenequipo.com.mx\/\"},{\"@type\":\"ListItem\",\"position\":2,\"name\":\"El consejero presidente del INE est\u00e1 preocupado por la futura reforma electoral\"}]},{\"@type\":\"WebSite\",\"@id\":\"https:\/\/www.sonoraenequipo.com.mx\/#website\",\"url\":\"https:\/\/www.sonoraenequipo.com.mx\/\",\"name\":\"Sonora en Equipo.\",\"description\":\"Diario en l\u00ednea con Noticias desde Hermosillo, Sonora\",\"publisher\":{\"@id\":\"https:\/\/www.sonoraenequipo.com.mx\/#organization\"},\"potentialAction\":[{\"@type\":\"SearchAction\",\"target\":{\"@type\":\"EntryPoint\",\"urlTemplate\":\"https:\/\/www.sonoraenequipo.com.mx\/?s={search_term_string}\"},\"query-input\":{\"@type\":\"PropertyValueSpecification\",\"valueRequired\":true,\"valueName\":\"search_term_string\"}}],\"inLanguage\":\"es\"},{\"@type\":\"Organization\",\"@id\":\"https:\/\/www.sonoraenequipo.com.mx\/#organization\",\"name\":\"Sonoraenequipo.com.mx\",\"url\":\"https:\/\/www.sonoraenequipo.com.mx\/\",\"logo\":{\"@type\":\"ImageObject\",\"inLanguage\":\"es\",\"@id\":\"https:\/\/www.sonoraenequipo.com.mx\/#\/schema\/logo\/image\/\",\"url\":\"https:\/\/www.sonoraenequipo.com.mx\/storage\/2019\/01\/sonoraenequipo_opt.png\",\"contentUrl\":\"https:\/\/www.sonoraenequipo.com.mx\/storage\/2019\/01\/sonoraenequipo_opt.png\",\"width\":375,\"height\":125,\"caption\":\"Sonoraenequipo.com.mx\"},\"image\":{\"@id\":\"https:\/\/www.sonoraenequipo.com.mx\/#\/schema\/logo\/image\/\"},\"sameAs\":[\"https:\/\/www.facebook.com\/SonoraEE\/\",\"https:\/\/x.com\/sonoraenequipo\",\"https:\/\/www.youtube.com\/channel\/UC338nW-lPEYmJQs4ZABQ1SQ\"]},{\"@type\":\"Person\",\"@id\":\"https:\/\/www.sonoraenequipo.com.mx\/#\/schema\/person\/50102df0fb23a8fa9e8effad8fa81386\",\"name\":\"enequipo\",\"image\":{\"@type\":\"ImageObject\",\"inLanguage\":\"es\",\"@id\":\"https:\/\/www.sonoraenequipo.com.mx\/#\/schema\/person\/image\/\",\"url\":\"https:\/\/secure.gravatar.com\/avatar\/049821681b589dabc0bc20695993ccebb09f5b5d4d790cd9251b97faac7c652b?s=96&d=blank&r=g\",\"contentUrl\":\"https:\/\/secure.gravatar.com\/avatar\/049821681b589dabc0bc20695993ccebb09f5b5d4d790cd9251b97faac7c652b?s=96&d=blank&r=g\",\"caption\":\"enequipo\"},\"sameAs\":[\"https:\/\/www.facebook.com\/SonoraEE\"]}]}<\/script>\n ","yoast_head_json":{"title":"Sonora en Equipo. El consejero presidente del INE est\u00e1 preocupado por la futura reforma electoral Rep\u00fablica","description":"CIUDAD DE M\u00c9XICO. MX. \u2014 El consejero presidente del Instituto Nacional Electoral (INE), Lorenzo C\u00f3rdova, advirti\u00f3 que una eventual reforma electoral no En Sonora en Equipo publicamos toda la informaci\u00f3n de Sonora, M\u00e9xico y el Mundo de manera oportuna y busca que la libertad de expresi\u00f3n sea real. Visita nuestro medio informativo publicado desde Hermosillo, Sonora. %","robots":{"index":"index","follow":"follow","max-snippet":"max-snippet:-1","max-image-preview":"max-image-preview:large","max-video-preview":"max-video-preview:-1"},"canonical":"https:\/\/www.sonoraenequipo.com.mx\/el-consejero-presidente-del-ine-esta-preocupado-por-la-futura-reforma-electoral\/","og_locale":"es_ES","og_type":"article","og_title":"Sonora en Equipo. El consejero presidente del INE est\u00e1 preocupado por la futura reforma electoral Rep\u00fablica","og_description":"CIUDAD DE M\u00c9XICO. MX. \u2014 El consejero presidente del Instituto Nacional Electoral (INE), Lorenzo C\u00f3rdova, advirti\u00f3 que una eventual reforma electoral no En Sonora en Equipo publicamos toda la informaci\u00f3n de Sonora, M\u00e9xico y el Mundo de manera oportuna y busca que la libertad de expresi\u00f3n sea real. Visita nuestro medio informativo publicado desde Hermosillo, Sonora. %","og_url":"https:\/\/www.sonoraenequipo.com.mx\/el-consejero-presidente-del-ine-esta-preocupado-por-la-futura-reforma-electoral\/","og_site_name":"Sonora en Equipo.","article_publisher":"https:\/\/www.facebook.com\/SonoraEE\/","article_author":"https:\/\/www.facebook.com\/SonoraEE","article_published_time":"2021-05-04T01:00:27+00:00","article_modified_time":"2021-05-04T03:01:54+00:00","og_image":[{"width":889,"height":500,"url":"https:\/\/www.sonoraenequipo.com.mx\/storage\/2021\/05\/Lorenzo-Co\u0301rdova_opt.jpg","type":"image\/jpeg"}],"author":"enequipo","twitter_card":"summary_large_image","twitter_creator":"@sonoraenequipo","twitter_site":"@sonoraenequipo","twitter_misc":{"Escrito por":"enequipo","Tiempo de lectura":"1 minuto"},"schema":{"@context":"https:\/\/schema.org","@graph":[{"@type":"Article","@id":"https:\/\/www.sonoraenequipo.com.mx\/el-consejero-presidente-del-ine-esta-preocupado-por-la-futura-reforma-electoral\/#article","isPartOf":{"@id":"https:\/\/www.sonoraenequipo.com.mx\/el-consejero-presidente-del-ine-esta-preocupado-por-la-futura-reforma-electoral\/"},"author":{"name":"enequipo","@id":"https:\/\/www.sonoraenequipo.com.mx\/#\/schema\/person\/50102df0fb23a8fa9e8effad8fa81386"},"headline":"El consejero presidente del INE est\u00e1 preocupado por la futura reforma electoral","datePublished":"2021-05-04T01:00:27+00:00","dateModified":"2021-05-04T03:01:54+00:00","mainEntityOfPage":{"@id":"https:\/\/www.sonoraenequipo.com.mx\/el-consejero-presidente-del-ine-esta-preocupado-por-la-futura-reforma-electoral\/"},"wordCount":240,"commentCount":0,"publisher":{"@id":"https:\/\/www.sonoraenequipo.com.mx\/#organization"},"image":{"@id":"https:\/\/www.sonoraenequipo.com.mx\/el-consejero-presidente-del-ine-esta-preocupado-por-la-futura-reforma-electoral\/#primaryimage"},"thumbnailUrl":"https:\/\/www.sonoraenequipo.com.mx\/storage\/2021\/05\/Lorenzo-Co\u0301rdova_opt.jpg","articleSection":["Rep\u00fablica"],"inLanguage":"es","potentialAction":[{"@type":"CommentAction","name":"Comment","target":["https:\/\/www.sonoraenequipo.com.mx\/el-consejero-presidente-del-ine-esta-preocupado-por-la-futura-reforma-electoral\/#respond"]}]},{"@type":"WebPage","@id":"https:\/\/www.sonoraenequipo.com.mx\/el-consejero-presidente-del-ine-esta-preocupado-por-la-futura-reforma-electoral\/","url":"https:\/\/www.sonoraenequipo.com.mx\/el-consejero-presidente-del-ine-esta-preocupado-por-la-futura-reforma-electoral\/","name":"Sonora en Equipo. El consejero presidente del INE est\u00e1 preocupado por la futura reforma electoral Rep\u00fablica","isPartOf":{"@id":"https:\/\/www.sonoraenequipo.com.mx\/#website"},"primaryImageOfPage":{"@id":"https:\/\/www.sonoraenequipo.com.mx\/el-consejero-presidente-del-ine-esta-preocupado-por-la-futura-reforma-electoral\/#primaryimage"},"image":{"@id":"https:\/\/www.sonoraenequipo.com.mx\/el-consejero-presidente-del-ine-esta-preocupado-por-la-futura-reforma-electoral\/#primaryimage"},"thumbnailUrl":"https:\/\/www.sonoraenequipo.com.mx\/storage\/2021\/05\/Lorenzo-Co\u0301rdova_opt.jpg","datePublished":"2021-05-04T01:00:27+00:00","dateModified":"2021-05-04T03:01:54+00:00","description":"CIUDAD DE M\u00c9XICO. MX. \u2014 El consejero presidente del Instituto Nacional Electoral (INE), Lorenzo C\u00f3rdova, advirti\u00f3 que una eventual reforma electoral no En Sonora en Equipo publicamos toda la informaci\u00f3n de Sonora, M\u00e9xico y el Mundo de manera oportuna y busca que la libertad de expresi\u00f3n sea real. Visita nuestro medio informativo publicado desde Hermosillo, Sonora. %","breadcrumb":{"@id":"https:\/\/www.sonoraenequipo.com.mx\/el-consejero-presidente-del-ine-esta-preocupado-por-la-futura-reforma-electoral\/#breadcrumb"},"inLanguage":"es","potentialAction":[{"@type":"ReadAction","target":["https:\/\/www.sonoraenequipo.com.mx\/el-consejero-presidente-del-ine-esta-preocupado-por-la-futura-reforma-electoral\/"]}]},{"@type":"ImageObject","inLanguage":"es","@id":"https:\/\/www.sonoraenequipo.com.mx\/el-consejero-presidente-del-ine-esta-preocupado-por-la-futura-reforma-electoral\/#primaryimage","url":"https:\/\/www.sonoraenequipo.com.mx\/storage\/2021\/05\/Lorenzo-Co\u0301rdova_opt.jpg","contentUrl":"https:\/\/www.sonoraenequipo.com.mx\/storage\/2021\/05\/Lorenzo-Co\u0301rdova_opt.jpg","width":889,"height":500},{"@type":"BreadcrumbList","@id":"https:\/\/www.sonoraenequipo.com.mx\/el-consejero-presidente-del-ine-esta-preocupado-por-la-futura-reforma-electoral\/#breadcrumb","itemListElement":[{"@type":"ListItem","position":1,"name":"Portada","item":"https:\/\/www.sonoraenequipo.com.mx\/"},{"@type":"ListItem","position":2,"name":"El consejero presidente del INE est\u00e1 preocupado por la futura reforma electoral"}]},{"@type":"WebSite","@id":"https:\/\/www.sonoraenequipo.com.mx\/#website","url":"https:\/\/www.sonoraenequipo.com.mx\/","name":"Sonora en Equipo.","description":"Diario en l\u00ednea con Noticias desde Hermosillo, Sonora","publisher":{"@id":"https:\/\/www.sonoraenequipo.com.mx\/#organization"},"potentialAction":[{"@type":"SearchAction","target":{"@type":"EntryPoint","urlTemplate":"https:\/\/www.sonoraenequipo.com.mx\/?s={search_term_string}"},"query-input":{"@type":"PropertyValueSpecification","valueRequired":true,"valueName":"search_term_string"}}],"inLanguage":"es"},{"@type":"Organization","@id":"https:\/\/www.sonoraenequipo.com.mx\/#organization","name":"Sonoraenequipo.com.mx","url":"https:\/\/www.sonoraenequipo.com.mx\/","logo":{"@type":"ImageObject","inLanguage":"es","@id":"https:\/\/www.sonoraenequipo.com.mx\/#\/schema\/logo\/image\/","url":"https:\/\/www.sonoraenequipo.com.mx\/storage\/2019\/01\/sonoraenequipo_opt.png","contentUrl":"https:\/\/www.sonoraenequipo.com.mx\/storage\/2019\/01\/sonoraenequipo_opt.png","width":375,"height":125,"caption":"Sonoraenequipo.com.mx"},"image":{"@id":"https:\/\/www.sonoraenequipo.com.mx\/#\/schema\/logo\/image\/"},"sameAs":["https:\/\/www.facebook.com\/SonoraEE\/","https:\/\/x.com\/sonoraenequipo","https:\/\/www.youtube.com\/channel\/UC338nW-lPEYmJQs4ZABQ1SQ"]},{"@type":"Person","@id":"https:\/\/www.sonoraenequipo.com.mx\/#\/schema\/person\/50102df0fb23a8fa9e8effad8fa81386","name":"enequipo","image":{"@type":"ImageObject","inLanguage":"es","@id":"https:\/\/www.sonoraenequipo.com.mx\/#\/schema\/person\/image\/","url":"https:\/\/secure.gravatar.com\/avatar\/049821681b589dabc0bc20695993ccebb09f5b5d4d790cd9251b97faac7c652b?s=96&d=blank&r=g","contentUrl":"https:\/\/secure.gravatar.com\/avatar\/049821681b589dabc0bc20695993ccebb09f5b5d4d790cd9251b97faac7c652b?s=96&d=blank&r=g","caption":"enequipo"},"sameAs":["https:\/\/www.facebook.com\/SonoraEE"]}]}},"jetpack_featured_media_url":"https:\/\/www.sonoraenequipo.com.mx\/storage\/2021\/05\/Lorenzo-Co\u0301rdova_opt.jpg","_links":{"self":[{"href":"https:\/\/www.sonoraenequipo.com.mx\/api\/wp\/v2\/posts\/113117","targetHints":{"allow":["GET"]}}],"collection":[{"href":"https:\/\/www.sonoraenequipo.com.mx\/api\/wp\/v2\/posts"}],"about":[{"href":"https:\/\/www.sonoraenequipo.com.mx\/api\/wp\/v2\/types\/post"}],"author":[{"embeddable":true,"href":"https:\/\/www.sonoraenequipo.com.mx\/api\/wp\/v2\/users\/1"}],"replies":[{"embeddable":true,"href":"https:\/\/www.sonoraenequipo.com.mx\/api\/wp\/v2\/comments?post=113117"}],"version-history":[{"count":1,"href":"https:\/\/www.sonoraenequipo.com.mx\/api\/wp\/v2\/posts\/113117\/revisions"}],"predecessor-version":[{"id":113118,"href":"https:\/\/www.sonoraenequipo.com.mx\/api\/wp\/v2\/posts\/113117\/revisions\/113118"}],"wp:featuredmedia":[{"embeddable":true,"href":"https:\/\/www.sonoraenequipo.com.mx\/api\/wp\/v2\/media\/113108"}],"wp:attachment":[{"href":"https:\/\/www.sonoraenequipo.com.mx\/api\/wp\/v2\/media?parent=113117"}],"wp:term":[{"taxonomy":"category","embeddable":true,"href":"https:\/\/www.sonoraenequipo.com.mx\/api\/wp\/v2\/categories?post=113117"},{"taxonomy":"post_tag","embeddable":true,"href":"https:\/\/www.sonoraenequipo.com.mx\/api\/wp\/v2\/tags?post=113117"}],"curies":[{"name":"wp","href":"https:\/\/api.w.org\/{rel}","templated":true}]}}