{"id":113119,"date":"2021-05-03T20:11:28","date_gmt":"2021-05-04T03:11:28","guid":{"rendered":"https:\/\/www.sonoraenequipo.com.mx\/?p=113119"},"modified":"2021-05-03T20:24:18","modified_gmt":"2021-05-04T03:24:18","slug":"diputados-definiran-el-sabado-desafuero-de-saul-huerta","status":"publish","type":"post","link":"https:\/\/www.sonoraenequipo.com.mx\/diputados-definiran-el-sabado-desafuero-de-saul-huerta\/","title":{"rendered":"Diputados definir\u00e1n el s\u00e1bado desafuero de Sa\u00fal Huerta"},"content":{"rendered":"<p>CIUDAD DE M\u00c9XICO. MX. \u2014 El pr\u00f3ximo s\u00e1bado la Secci\u00f3n Instructora de la C\u00e1mara de Diputados realizar\u00e1 el desahogo de la petici\u00f3n de desafuero del legislador de Morena, Sa\u00fal Huerta, acusado de abuso sexual.<\/p>\n<p>&nbsp;<\/p>\n<p> <\/p>\n<p>&nbsp;<\/p>\n<p>Tras la solicitud presentada por la Fiscal\u00eda General de Justicia de la Ciudad de M\u00e9xico, se acord\u00f3 citar a los legisladores a las 18:00 horas para discutir el tema.<\/p>\n<p>&nbsp;<\/p>\n<p>El pasado 30 de abril, la C\u00e1mara de Diputados notific\u00f3 al legislador sobre el proceso en su contra por violaci\u00f3n equiparada y agravada y abuso sexual agravado en contra de menores de edad.<\/p>\n<p>&nbsp;<\/p>\n<p>Asimismo, Huerta tiene hasta el pr\u00f3ximo viernes 7 de mayo para comparecer ante los legisladores de manera presencial o por escrito.<\/p>\n<p>&nbsp;<\/p>\n<p>Cuando se lleve a cabo la comparecencia, la Secci\u00f3n Instructora dar\u00e1 un plazo de hasta 60 d\u00edas para el desahogo de pruebas de la parte acusadora y del inculpado.<\/p>\n<p>&nbsp;<\/p>\n<p>&nbsp;<\/p>\n<p>(Publicada el 03\/05\/2021 \/Con informaci\u00f3n de Milenio)<\/p>\n","protected":false},"excerpt":{"rendered":"<p>CIUDAD DE M\u00c9XICO. MX. \u2014 El pr\u00f3ximo s\u00e1bado la Secci\u00f3n Instructora de la C\u00e1mara de&#8230;<\/p>\n","protected":false},"author":1,"featured_media":113109,"comment_status":"open","ping_status":"open","sticky":false,"template":"","format":"standard","meta":{"_monsterinsights_skip_tracking":false,"_monsterinsights_sitenote_active":false,"_monsterinsights_sitenote_note":"","_monsterinsights_sitenote_category":0,"footnotes":""},"categories":[5],"tags":[],"class_list":["post"],"yoast_head":" \n<title>Sonora en Equipo. Diputados definir\u00e1n el s\u00e1bado desafuero de Sa\u00fal Huerta Rep\u00fablica<\/title>\n<meta name=\"description\" content=\"CIUDAD DE M\u00c9XICO. MX. \u2014 El pr\u00f3ximo s\u00e1bado la Secci\u00f3n Instructora de la C\u00e1mara de Diputados realizar\u00e1 el desahogo de la petici\u00f3n de desafuero del En Sonora en Equipo publicamos toda la informaci\u00f3n de Sonora, M\u00e9xico y el Mundo de manera oportuna y busca que la libertad de expresi\u00f3n sea real. Visita nuestro medio informativo publicado desde Hermosillo, Sonora. %\" \/>\n<meta name=\"robots\" content=\"index, follow, max-snippet:-1, max-image-preview:large, max-video-preview:-1\" \/>\n<link rel=\"canonical\" href=\"https:\/\/www.sonoraenequipo.com.mx\/diputados-definiran-el-sabado-desafuero-de-saul-huerta\/\" \/>\n<meta property=\"og:locale\" content=\"es_ES\" \/>\n<meta property=\"og:type\" content=\"article\" \/>\n<meta property=\"og:title\" content=\"Sonora en Equipo. Diputados definir\u00e1n el s\u00e1bado desafuero de Sa\u00fal Huerta Rep\u00fablica\" \/>\n<meta property=\"og:description\" content=\"CIUDAD DE M\u00c9XICO. MX. \u2014 El pr\u00f3ximo s\u00e1bado la Secci\u00f3n Instructora de la C\u00e1mara de Diputados realizar\u00e1 el desahogo de la petici\u00f3n de desafuero del En Sonora en Equipo publicamos toda la informaci\u00f3n de Sonora, M\u00e9xico y el Mundo de manera oportuna y busca que la libertad de expresi\u00f3n sea real. Visita nuestro medio informativo publicado desde Hermosillo, Sonora. %\" \/>\n<meta property=\"og:url\" content=\"https:\/\/www.sonoraenequipo.com.mx\/diputados-definiran-el-sabado-desafuero-de-saul-huerta\/\" \/>\n<meta property=\"og:site_name\" content=\"Sonora en Equipo.\" \/>\n<meta property=\"article:publisher\" content=\"https:\/\/www.facebook.com\/SonoraEE\/\" \/>\n<meta property=\"article:author\" content=\"https:\/\/www.facebook.com\/SonoraEE\" \/>\n<meta property=\"article:published_time\" content=\"2021-05-04T03:11:28+00:00\" \/>\n<meta property=\"article:modified_time\" content=\"2021-05-04T03:24:18+00:00\" \/>\n<meta property=\"og:image\" content=\"https:\/\/www.sonoraenequipo.com.mx\/storage\/2021\/05\/Diputados-desafuero-Huerta_opt.jpg\" \/>\n\t<meta property=\"og:image:width\" content=\"889\" \/>\n\t<meta property=\"og:image:height\" content=\"500\" \/>\n\t<meta property=\"og:image:type\" content=\"image\/jpeg\" \/>\n<meta name=\"author\" content=\"enequipo\" \/>\n<meta name=\"twitter:card\" content=\"summary_large_image\" \/>\n<meta name=\"twitter:creator\" content=\"@sonoraenequipo\" \/>\n<meta name=\"twitter:site\" content=\"@sonoraenequipo\" \/>\n<meta name=\"twitter:label1\" content=\"Escrito por\" \/>\n\t<meta name=\"twitter:data1\" content=\"enequipo\" \/>\n\t<meta name=\"twitter:label2\" content=\"Tiempo de lectura\" \/>\n\t<meta name=\"twitter:data2\" content=\"1 minuto\" \/>\n<script type=\"application\/ld+json\" class=\"yoast-schema-graph\">{\"@context\":\"https:\/\/schema.org\",\"@graph\":[{\"@type\":\"Article\",\"@id\":\"https:\/\/www.sonoraenequipo.com.mx\/diputados-definiran-el-sabado-desafuero-de-saul-huerta\/#article\",\"isPartOf\":{\"@id\":\"https:\/\/www.sonoraenequipo.com.mx\/diputados-definiran-el-sabado-desafuero-de-saul-huerta\/\"},\"author\":{\"name\":\"enequipo\",\"@id\":\"https:\/\/www.sonoraenequipo.com.mx\/#\/schema\/person\/50102df0fb23a8fa9e8effad8fa81386\"},\"headline\":\"Diputados definir\u00e1n el s\u00e1bado desafuero de Sa\u00fal Huerta\",\"datePublished\":\"2021-05-04T03:11:28+00:00\",\"dateModified\":\"2021-05-04T03:24:18+00:00\",\"mainEntityOfPage\":{\"@id\":\"https:\/\/www.sonoraenequipo.com.mx\/diputados-definiran-el-sabado-desafuero-de-saul-huerta\/\"},\"wordCount\":180,\"commentCount\":0,\"publisher\":{\"@id\":\"https:\/\/www.sonoraenequipo.com.mx\/#organization\"},\"image\":{\"@id\":\"https:\/\/www.sonoraenequipo.com.mx\/diputados-definiran-el-sabado-desafuero-de-saul-huerta\/#primaryimage\"},\"thumbnailUrl\":\"https:\/\/www.sonoraenequipo.com.mx\/storage\/2021\/05\/Diputados-desafuero-Huerta_opt.jpg\",\"articleSection\":[\"Rep\u00fablica\"],\"inLanguage\":\"es\",\"potentialAction\":[{\"@type\":\"CommentAction\",\"name\":\"Comment\",\"target\":[\"https:\/\/www.sonoraenequipo.com.mx\/diputados-definiran-el-sabado-desafuero-de-saul-huerta\/#respond\"]}]},{\"@type\":\"WebPage\",\"@id\":\"https:\/\/www.sonoraenequipo.com.mx\/diputados-definiran-el-sabado-desafuero-de-saul-huerta\/\",\"url\":\"https:\/\/www.sonoraenequipo.com.mx\/diputados-definiran-el-sabado-desafuero-de-saul-huerta\/\",\"name\":\"Sonora en Equipo. Diputados definir\u00e1n el s\u00e1bado desafuero de Sa\u00fal Huerta Rep\u00fablica\",\"isPartOf\":{\"@id\":\"https:\/\/www.sonoraenequipo.com.mx\/#website\"},\"primaryImageOfPage\":{\"@id\":\"https:\/\/www.sonoraenequipo.com.mx\/diputados-definiran-el-sabado-desafuero-de-saul-huerta\/#primaryimage\"},\"image\":{\"@id\":\"https:\/\/www.sonoraenequipo.com.mx\/diputados-definiran-el-sabado-desafuero-de-saul-huerta\/#primaryimage\"},\"thumbnailUrl\":\"https:\/\/www.sonoraenequipo.com.mx\/storage\/2021\/05\/Diputados-desafuero-Huerta_opt.jpg\",\"datePublished\":\"2021-05-04T03:11:28+00:00\",\"dateModified\":\"2021-05-04T03:24:18+00:00\",\"description\":\"CIUDAD DE M\u00c9XICO. MX. \u2014 El pr\u00f3ximo s\u00e1bado la Secci\u00f3n Instructora de la C\u00e1mara de Diputados realizar\u00e1 el desahogo de la petici\u00f3n de desafuero del En Sonora en Equipo publicamos toda la informaci\u00f3n de Sonora, M\u00e9xico y el Mundo de manera oportuna y busca que la libertad de expresi\u00f3n sea real. Visita nuestro medio informativo publicado desde Hermosillo, Sonora. %\",\"breadcrumb\":{\"@id\":\"https:\/\/www.sonoraenequipo.com.mx\/diputados-definiran-el-sabado-desafuero-de-saul-huerta\/#breadcrumb\"},\"inLanguage\":\"es\",\"potentialAction\":[{\"@type\":\"ReadAction\",\"target\":[\"https:\/\/www.sonoraenequipo.com.mx\/diputados-definiran-el-sabado-desafuero-de-saul-huerta\/\"]}]},{\"@type\":\"ImageObject\",\"inLanguage\":\"es\",\"@id\":\"https:\/\/www.sonoraenequipo.com.mx\/diputados-definiran-el-sabado-desafuero-de-saul-huerta\/#primaryimage\",\"url\":\"https:\/\/www.sonoraenequipo.com.mx\/storage\/2021\/05\/Diputados-desafuero-Huerta_opt.jpg\",\"contentUrl\":\"https:\/\/www.sonoraenequipo.com.mx\/storage\/2021\/05\/Diputados-desafuero-Huerta_opt.jpg\",\"width\":889,\"height\":500},{\"@type\":\"BreadcrumbList\",\"@id\":\"https:\/\/www.sonoraenequipo.com.mx\/diputados-definiran-el-sabado-desafuero-de-saul-huerta\/#breadcrumb\",\"itemListElement\":[{\"@type\":\"ListItem\",\"position\":1,\"name\":\"Portada\",\"item\":\"https:\/\/www.sonoraenequipo.com.mx\/\"},{\"@type\":\"ListItem\",\"position\":2,\"name\":\"Diputados definir\u00e1n el s\u00e1bado desafuero de Sa\u00fal Huerta\"}]},{\"@type\":\"WebSite\",\"@id\":\"https:\/\/www.sonoraenequipo.com.mx\/#website\",\"url\":\"https:\/\/www.sonoraenequipo.com.mx\/\",\"name\":\"Sonora en Equipo.\",\"description\":\"Diario en l\u00ednea con Noticias desde Hermosillo, Sonora\",\"publisher\":{\"@id\":\"https:\/\/www.sonoraenequipo.com.mx\/#organization\"},\"potentialAction\":[{\"@type\":\"SearchAction\",\"target\":{\"@type\":\"EntryPoint\",\"urlTemplate\":\"https:\/\/www.sonoraenequipo.com.mx\/?s={search_term_string}\"},\"query-input\":{\"@type\":\"PropertyValueSpecification\",\"valueRequired\":true,\"valueName\":\"search_term_string\"}}],\"inLanguage\":\"es\"},{\"@type\":\"Organization\",\"@id\":\"https:\/\/www.sonoraenequipo.com.mx\/#organization\",\"name\":\"Sonoraenequipo.com.mx\",\"url\":\"https:\/\/www.sonoraenequipo.com.mx\/\",\"logo\":{\"@type\":\"ImageObject\",\"inLanguage\":\"es\",\"@id\":\"https:\/\/www.sonoraenequipo.com.mx\/#\/schema\/logo\/image\/\",\"url\":\"https:\/\/www.sonoraenequipo.com.mx\/storage\/2019\/01\/sonoraenequipo_opt.png\",\"contentUrl\":\"https:\/\/www.sonoraenequipo.com.mx\/storage\/2019\/01\/sonoraenequipo_opt.png\",\"width\":375,\"height\":125,\"caption\":\"Sonoraenequipo.com.mx\"},\"image\":{\"@id\":\"https:\/\/www.sonoraenequipo.com.mx\/#\/schema\/logo\/image\/\"},\"sameAs\":[\"https:\/\/www.facebook.com\/SonoraEE\/\",\"https:\/\/x.com\/sonoraenequipo\",\"https:\/\/www.youtube.com\/channel\/UC338nW-lPEYmJQs4ZABQ1SQ\"]},{\"@type\":\"Person\",\"@id\":\"https:\/\/www.sonoraenequipo.com.mx\/#\/schema\/person\/50102df0fb23a8fa9e8effad8fa81386\",\"name\":\"enequipo\",\"image\":{\"@type\":\"ImageObject\",\"inLanguage\":\"es\",\"@id\":\"https:\/\/www.sonoraenequipo.com.mx\/#\/schema\/person\/image\/\",\"url\":\"https:\/\/secure.gravatar.com\/avatar\/049821681b589dabc0bc20695993ccebb09f5b5d4d790cd9251b97faac7c652b?s=96&d=blank&r=g\",\"contentUrl\":\"https:\/\/secure.gravatar.com\/avatar\/049821681b589dabc0bc20695993ccebb09f5b5d4d790cd9251b97faac7c652b?s=96&d=blank&r=g\",\"caption\":\"enequipo\"},\"sameAs\":[\"https:\/\/www.facebook.com\/SonoraEE\"]}]}<\/script>\n ","yoast_head_json":{"title":"Sonora en Equipo. Diputados definir\u00e1n el s\u00e1bado desafuero de Sa\u00fal Huerta Rep\u00fablica","description":"CIUDAD DE M\u00c9XICO. MX. \u2014 El pr\u00f3ximo s\u00e1bado la Secci\u00f3n Instructora de la C\u00e1mara de Diputados realizar\u00e1 el desahogo de la petici\u00f3n de desafuero del En Sonora en Equipo publicamos toda la informaci\u00f3n de Sonora, M\u00e9xico y el Mundo de manera oportuna y busca que la libertad de expresi\u00f3n sea real. Visita nuestro medio informativo publicado desde Hermosillo, Sonora. %","robots":{"index":"index","follow":"follow","max-snippet":"max-snippet:-1","max-image-preview":"max-image-preview:large","max-video-preview":"max-video-preview:-1"},"canonical":"https:\/\/www.sonoraenequipo.com.mx\/diputados-definiran-el-sabado-desafuero-de-saul-huerta\/","og_locale":"es_ES","og_type":"article","og_title":"Sonora en Equipo. Diputados definir\u00e1n el s\u00e1bado desafuero de Sa\u00fal Huerta Rep\u00fablica","og_description":"CIUDAD DE M\u00c9XICO. MX. \u2014 El pr\u00f3ximo s\u00e1bado la Secci\u00f3n Instructora de la C\u00e1mara de Diputados realizar\u00e1 el desahogo de la petici\u00f3n de desafuero del En Sonora en Equipo publicamos toda la informaci\u00f3n de Sonora, M\u00e9xico y el Mundo de manera oportuna y busca que la libertad de expresi\u00f3n sea real. Visita nuestro medio informativo publicado desde Hermosillo, Sonora. %","og_url":"https:\/\/www.sonoraenequipo.com.mx\/diputados-definiran-el-sabado-desafuero-de-saul-huerta\/","og_site_name":"Sonora en Equipo.","article_publisher":"https:\/\/www.facebook.com\/SonoraEE\/","article_author":"https:\/\/www.facebook.com\/SonoraEE","article_published_time":"2021-05-04T03:11:28+00:00","article_modified_time":"2021-05-04T03:24:18+00:00","og_image":[{"width":889,"height":500,"url":"https:\/\/www.sonoraenequipo.com.mx\/storage\/2021\/05\/Diputados-desafuero-Huerta_opt.jpg","type":"image\/jpeg"}],"author":"enequipo","twitter_card":"summary_large_image","twitter_creator":"@sonoraenequipo","twitter_site":"@sonoraenequipo","twitter_misc":{"Escrito por":"enequipo","Tiempo de lectura":"1 minuto"},"schema":{"@context":"https:\/\/schema.org","@graph":[{"@type":"Article","@id":"https:\/\/www.sonoraenequipo.com.mx\/diputados-definiran-el-sabado-desafuero-de-saul-huerta\/#article","isPartOf":{"@id":"https:\/\/www.sonoraenequipo.com.mx\/diputados-definiran-el-sabado-desafuero-de-saul-huerta\/"},"author":{"name":"enequipo","@id":"https:\/\/www.sonoraenequipo.com.mx\/#\/schema\/person\/50102df0fb23a8fa9e8effad8fa81386"},"headline":"Diputados definir\u00e1n el s\u00e1bado desafuero de Sa\u00fal Huerta","datePublished":"2021-05-04T03:11:28+00:00","dateModified":"2021-05-04T03:24:18+00:00","mainEntityOfPage":{"@id":"https:\/\/www.sonoraenequipo.com.mx\/diputados-definiran-el-sabado-desafuero-de-saul-huerta\/"},"wordCount":180,"commentCount":0,"publisher":{"@id":"https:\/\/www.sonoraenequipo.com.mx\/#organization"},"image":{"@id":"https:\/\/www.sonoraenequipo.com.mx\/diputados-definiran-el-sabado-desafuero-de-saul-huerta\/#primaryimage"},"thumbnailUrl":"https:\/\/www.sonoraenequipo.com.mx\/storage\/2021\/05\/Diputados-desafuero-Huerta_opt.jpg","articleSection":["Rep\u00fablica"],"inLanguage":"es","potentialAction":[{"@type":"CommentAction","name":"Comment","target":["https:\/\/www.sonoraenequipo.com.mx\/diputados-definiran-el-sabado-desafuero-de-saul-huerta\/#respond"]}]},{"@type":"WebPage","@id":"https:\/\/www.sonoraenequipo.com.mx\/diputados-definiran-el-sabado-desafuero-de-saul-huerta\/","url":"https:\/\/www.sonoraenequipo.com.mx\/diputados-definiran-el-sabado-desafuero-de-saul-huerta\/","name":"Sonora en Equipo. Diputados definir\u00e1n el s\u00e1bado desafuero de Sa\u00fal Huerta Rep\u00fablica","isPartOf":{"@id":"https:\/\/www.sonoraenequipo.com.mx\/#website"},"primaryImageOfPage":{"@id":"https:\/\/www.sonoraenequipo.com.mx\/diputados-definiran-el-sabado-desafuero-de-saul-huerta\/#primaryimage"},"image":{"@id":"https:\/\/www.sonoraenequipo.com.mx\/diputados-definiran-el-sabado-desafuero-de-saul-huerta\/#primaryimage"},"thumbnailUrl":"https:\/\/www.sonoraenequipo.com.mx\/storage\/2021\/05\/Diputados-desafuero-Huerta_opt.jpg","datePublished":"2021-05-04T03:11:28+00:00","dateModified":"2021-05-04T03:24:18+00:00","description":"CIUDAD DE M\u00c9XICO. MX. \u2014 El pr\u00f3ximo s\u00e1bado la Secci\u00f3n Instructora de la C\u00e1mara de Diputados realizar\u00e1 el desahogo de la petici\u00f3n de desafuero del En Sonora en Equipo publicamos toda la informaci\u00f3n de Sonora, M\u00e9xico y el Mundo de manera oportuna y busca que la libertad de expresi\u00f3n sea real. Visita nuestro medio informativo publicado desde Hermosillo, Sonora. %","breadcrumb":{"@id":"https:\/\/www.sonoraenequipo.com.mx\/diputados-definiran-el-sabado-desafuero-de-saul-huerta\/#breadcrumb"},"inLanguage":"es","potentialAction":[{"@type":"ReadAction","target":["https:\/\/www.sonoraenequipo.com.mx\/diputados-definiran-el-sabado-desafuero-de-saul-huerta\/"]}]},{"@type":"ImageObject","inLanguage":"es","@id":"https:\/\/www.sonoraenequipo.com.mx\/diputados-definiran-el-sabado-desafuero-de-saul-huerta\/#primaryimage","url":"https:\/\/www.sonoraenequipo.com.mx\/storage\/2021\/05\/Diputados-desafuero-Huerta_opt.jpg","contentUrl":"https:\/\/www.sonoraenequipo.com.mx\/storage\/2021\/05\/Diputados-desafuero-Huerta_opt.jpg","width":889,"height":500},{"@type":"BreadcrumbList","@id":"https:\/\/www.sonoraenequipo.com.mx\/diputados-definiran-el-sabado-desafuero-de-saul-huerta\/#breadcrumb","itemListElement":[{"@type":"ListItem","position":1,"name":"Portada","item":"https:\/\/www.sonoraenequipo.com.mx\/"},{"@type":"ListItem","position":2,"name":"Diputados definir\u00e1n el s\u00e1bado desafuero de Sa\u00fal Huerta"}]},{"@type":"WebSite","@id":"https:\/\/www.sonoraenequipo.com.mx\/#website","url":"https:\/\/www.sonoraenequipo.com.mx\/","name":"Sonora en Equipo.","description":"Diario en l\u00ednea con Noticias desde Hermosillo, Sonora","publisher":{"@id":"https:\/\/www.sonoraenequipo.com.mx\/#organization"},"potentialAction":[{"@type":"SearchAction","target":{"@type":"EntryPoint","urlTemplate":"https:\/\/www.sonoraenequipo.com.mx\/?s={search_term_string}"},"query-input":{"@type":"PropertyValueSpecification","valueRequired":true,"valueName":"search_term_string"}}],"inLanguage":"es"},{"@type":"Organization","@id":"https:\/\/www.sonoraenequipo.com.mx\/#organization","name":"Sonoraenequipo.com.mx","url":"https:\/\/www.sonoraenequipo.com.mx\/","logo":{"@type":"ImageObject","inLanguage":"es","@id":"https:\/\/www.sonoraenequipo.com.mx\/#\/schema\/logo\/image\/","url":"https:\/\/www.sonoraenequipo.com.mx\/storage\/2019\/01\/sonoraenequipo_opt.png","contentUrl":"https:\/\/www.sonoraenequipo.com.mx\/storage\/2019\/01\/sonoraenequipo_opt.png","width":375,"height":125,"caption":"Sonoraenequipo.com.mx"},"image":{"@id":"https:\/\/www.sonoraenequipo.com.mx\/#\/schema\/logo\/image\/"},"sameAs":["https:\/\/www.facebook.com\/SonoraEE\/","https:\/\/x.com\/sonoraenequipo","https:\/\/www.youtube.com\/channel\/UC338nW-lPEYmJQs4ZABQ1SQ"]},{"@type":"Person","@id":"https:\/\/www.sonoraenequipo.com.mx\/#\/schema\/person\/50102df0fb23a8fa9e8effad8fa81386","name":"enequipo","image":{"@type":"ImageObject","inLanguage":"es","@id":"https:\/\/www.sonoraenequipo.com.mx\/#\/schema\/person\/image\/","url":"https:\/\/secure.gravatar.com\/avatar\/049821681b589dabc0bc20695993ccebb09f5b5d4d790cd9251b97faac7c652b?s=96&d=blank&r=g","contentUrl":"https:\/\/secure.gravatar.com\/avatar\/049821681b589dabc0bc20695993ccebb09f5b5d4d790cd9251b97faac7c652b?s=96&d=blank&r=g","caption":"enequipo"},"sameAs":["https:\/\/www.facebook.com\/SonoraEE"]}]}},"jetpack_featured_media_url":"https:\/\/www.sonoraenequipo.com.mx\/storage\/2021\/05\/Diputados-desafuero-Huerta_opt.jpg","_links":{"self":[{"href":"https:\/\/www.sonoraenequipo.com.mx\/api\/wp\/v2\/posts\/113119","targetHints":{"allow":["GET"]}}],"collection":[{"href":"https:\/\/www.sonoraenequipo.com.mx\/api\/wp\/v2\/posts"}],"about":[{"href":"https:\/\/www.sonoraenequipo.com.mx\/api\/wp\/v2\/types\/post"}],"author":[{"embeddable":true,"href":"https:\/\/www.sonoraenequipo.com.mx\/api\/wp\/v2\/users\/1"}],"replies":[{"embeddable":true,"href":"https:\/\/www.sonoraenequipo.com.mx\/api\/wp\/v2\/comments?post=113119"}],"version-history":[{"count":1,"href":"https:\/\/www.sonoraenequipo.com.mx\/api\/wp\/v2\/posts\/113119\/revisions"}],"predecessor-version":[{"id":113120,"href":"https:\/\/www.sonoraenequipo.com.mx\/api\/wp\/v2\/posts\/113119\/revisions\/113120"}],"wp:featuredmedia":[{"embeddable":true,"href":"https:\/\/www.sonoraenequipo.com.mx\/api\/wp\/v2\/media\/113109"}],"wp:attachment":[{"href":"https:\/\/www.sonoraenequipo.com.mx\/api\/wp\/v2\/media?parent=113119"}],"wp:term":[{"taxonomy":"category","embeddable":true,"href":"https:\/\/www.sonoraenequipo.com.mx\/api\/wp\/v2\/categories?post=113119"},{"taxonomy":"post_tag","embeddable":true,"href":"https:\/\/www.sonoraenequipo.com.mx\/api\/wp\/v2\/tags?post=113119"}],"curies":[{"name":"wp","href":"https:\/\/api.w.org\/{rel}","templated":true}]}}