{"id":113135,"date":"2021-05-03T21:42:53","date_gmt":"2021-05-04T04:42:53","guid":{"rendered":"https:\/\/www.sonoraenequipo.com.mx\/?p=113135"},"modified":"2021-05-03T21:42:53","modified_gmt":"2021-05-04T04:42:53","slug":"es-oportuno-y-positivo-el-modelo-de-capacitacion-a-poblacion-escolar-anticipa-educando-sonora-clausen-iberri","status":"publish","type":"post","link":"https:\/\/www.sonoraenequipo.com.mx\/es-oportuno-y-positivo-el-modelo-de-capacitacion-a-poblacion-escolar-anticipa-educando-sonora-clausen-iberri\/","title":{"rendered":"Es oportuno y positivo el modelo de capacitaci\u00f3n a poblaci\u00f3n escolar Anticipa Educando Sonora: \u00a0Clausen Iberri"},"content":{"rendered":"<p>\u25baConfirma Secretar\u00eda de Salud 55 nuevos casos y 1 deceso m\u00e1s por COVID-19 en Sonora<\/p>\n<p>&nbsp;<\/p>\n<p>HERMOSILLO, SONORA,MX.\u2500\u2500. Que la entidad atraviese por un periodo relativamente estable en cuanto a la transmisi\u00f3n del COVID-19, es una oportunidad para iniciar con el modelo Anticipa Educando Sonora, destac\u00f3 Enrique Clausen Iberri, luego de confirmarse un fallecimiento m\u00e1s y 55 nuevos contagios a causa de la pandemia.<\/p>\n<p>&nbsp;<\/p>\n<p>El secretario de Salud en Sonora explic\u00f3 que se trata de una medida preventiva contra contagios de COVID-19, en la cual est\u00e1n involucrados personal docente, equipo especializado de la Secretar\u00eda de Salud y padres de familia.<\/p>\n<p>&nbsp;<\/p>\n<p>\u201cEs un modelo de intervenci\u00f3n preventiva contra contagios de Coronavirus y su principal funci\u00f3n es que en conjunto con el personal docente, el equipo especializado en epidemiolog\u00eda de la Secretar\u00eda de Salud Sonora, as\u00ed como padres de familia, ense\u00f1ar a ni\u00f1as y ni\u00f1os a cuidarse de esta enfermedad\u201d, indic\u00f3.<\/p>\n<p>&nbsp;<\/p>\n<p>Clausen Iberri destac\u00f3 que no se trata de un regreso a clases, sino de sesiones que se est\u00e1n teniendo en los planteles escolares con ni\u00f1os y ni\u00f1as para la aplicaci\u00f3n de protocolos contra el Coronavirus.<\/p>\n<p>&nbsp;<\/p>\n<p>\u201cFomentemos en nuestros ni\u00f1os y ni\u00f1as las acciones de prevenci\u00f3n de contagios, eduqu\u00e9moslos en c\u00f3mo protegerse en esta nueva normalidad: uso de cubrebocas, lavado de manos y sana distancia\u201d, coment\u00f3.<\/p>\n<p>&nbsp;<\/p>\n<p>Hoy se confirm\u00f3 1 deceso por COVID-19 en 1 mujer, residente de Nogales, con lo que se acumulan 6 mil 251 defunciones.<\/p>\n<p>&nbsp;<\/p>\n<p>Este d\u00eda se sumaron 55 nuevos casos por Covid, en 34 mujeres y 21 hombres, residentes de: Hermosillo 20; Cajeme 9; Navojoa y Puerto Pe\u00f1asco 4 cada uno; Empalme, Guaymas y San Luis R\u00edo Colorado 3 cada uno; Nogales y Caborca 2 cada uno; San Ignacio R\u00edo Muerto, Rosario, Carb\u00f3, Nacozari de Garc\u00eda y Cananea 1 cada uno, con lo que se acumulan 73 mil 044 contagios desde el inicio de la pandemia.<\/p>\n<p>&nbsp;<\/p>\n<p>Se confirm\u00f3 1 caso pedi\u00e1trico en 1 ni\u00f1o, acumul\u00e1ndose mil 351 en total; y no se confirmaron casos en mujeres embarazadas.<\/p>\n<p>&nbsp;<\/p>\n<p>Se han realizado 129 mil 475 pruebas, de las cuales 73 mil 044 son casos confirmados y 56 mil 431 casos descartados; 9 mil 556 personas han presentado un cuadro leve, de los cuales mil 007 son activos y 8 mil 549 con seguimiento terminado, 87 personas se encuentran hospitalizadas, dentro de las cuales 14 se encuentran estables, 48 graves, y 25 cr\u00edticos.<\/p>\n<p>&nbsp;<\/p>\n<p>A la fecha, se han recuperado 65 mil 699 personas de Covid-19 en Sonora.<\/p>\n<p>&nbsp;<\/p>\n<p>Casos COVID-19 en Sonora 73,044 casos confirmados y 6,251 defunciones.<\/p>\n<p>Fecha de publicaci\u00f3n \u00a0lunes \/ 3\u00a0 \/ mayo \/ 2021<\/p>\n","protected":false},"excerpt":{"rendered":"<p>\u25baConfirma Secretar\u00eda de Salud 55 nuevos casos y 1 deceso m\u00e1s por COVID-19 en Sonora&#8230;<\/p>\n","protected":false},"author":1,"featured_media":109610,"comment_status":"open","ping_status":"open","sticky":false,"template":"","format":"standard","meta":{"_monsterinsights_skip_tracking":false,"_monsterinsights_sitenote_active":false,"_monsterinsights_sitenote_note":"","_monsterinsights_sitenote_category":0,"footnotes":""},"categories":[22],"tags":[4249,15],"class_list":["post"],"yoast_head":" \n<title>Sonora en Equipo. Es oportuno y positivo el modelo de capacitaci\u00f3n a poblaci\u00f3n escolar Anticipa Educando Sonora: \u00a0Clausen Iberri Sonora<\/title>\n<meta name=\"description\" content=\"\u25baConfirma Secretar\u00eda de Salud 55 nuevos casos y 1 deceso m\u00e1s por COVID-19 en Sonora &nbsp; HERMOSILLO, SONORA,MX.\u2500\u2500. Que la entidad atraviese por un En Sonora en Equipo publicamos toda la informaci\u00f3n de Sonora, M\u00e9xico y el Mundo de manera oportuna y busca que la libertad de expresi\u00f3n sea real. Visita nuestro medio informativo publicado desde Hermosillo, Sonora. %\" \/>\n<meta name=\"robots\" content=\"index, follow, max-snippet:-1, max-image-preview:large, max-video-preview:-1\" \/>\n<link rel=\"canonical\" href=\"https:\/\/www.sonoraenequipo.com.mx\/es-oportuno-y-positivo-el-modelo-de-capacitacion-a-poblacion-escolar-anticipa-educando-sonora-clausen-iberri\/\" \/>\n<meta property=\"og:locale\" content=\"es_ES\" \/>\n<meta property=\"og:type\" content=\"article\" \/>\n<meta property=\"og:title\" content=\"Sonora en Equipo. Es oportuno y positivo el modelo de capacitaci\u00f3n a poblaci\u00f3n escolar Anticipa Educando Sonora: \u00a0Clausen Iberri Sonora\" \/>\n<meta property=\"og:description\" content=\"\u25baConfirma Secretar\u00eda de Salud 55 nuevos casos y 1 deceso m\u00e1s por COVID-19 en Sonora &nbsp; HERMOSILLO, SONORA,MX.\u2500\u2500. Que la entidad atraviese por un En Sonora en Equipo publicamos toda la informaci\u00f3n de Sonora, M\u00e9xico y el Mundo de manera oportuna y busca que la libertad de expresi\u00f3n sea real. Visita nuestro medio informativo publicado desde Hermosillo, Sonora. %\" \/>\n<meta property=\"og:url\" content=\"https:\/\/www.sonoraenequipo.com.mx\/es-oportuno-y-positivo-el-modelo-de-capacitacion-a-poblacion-escolar-anticipa-educando-sonora-clausen-iberri\/\" \/>\n<meta property=\"og:site_name\" content=\"Sonora en Equipo.\" \/>\n<meta property=\"article:publisher\" content=\"https:\/\/www.facebook.com\/SonoraEE\/\" \/>\n<meta property=\"article:author\" content=\"https:\/\/www.facebook.com\/SonoraEE\" \/>\n<meta property=\"article:published_time\" content=\"2021-05-04T04:42:53+00:00\" \/>\n<meta property=\"og:image\" content=\"https:\/\/www.sonoraenequipo.com.mx\/storage\/2021\/03\/clausen__opt.jpg\" \/>\n\t<meta property=\"og:image:width\" content=\"713\" \/>\n\t<meta property=\"og:image:height\" content=\"400\" \/>\n\t<meta property=\"og:image:type\" content=\"image\/jpeg\" \/>\n<meta name=\"author\" content=\"enequipo\" \/>\n<meta name=\"twitter:card\" content=\"summary_large_image\" \/>\n<meta name=\"twitter:creator\" content=\"@sonoraenequipo\" \/>\n<meta name=\"twitter:site\" content=\"@sonoraenequipo\" \/>\n<meta name=\"twitter:label1\" content=\"Escrito por\" \/>\n\t<meta name=\"twitter:data1\" content=\"enequipo\" \/>\n\t<meta name=\"twitter:label2\" content=\"Tiempo de lectura\" \/>\n\t<meta name=\"twitter:data2\" content=\"2 minutos\" \/>\n<script type=\"application\/ld+json\" class=\"yoast-schema-graph\">{\"@context\":\"https:\/\/schema.org\",\"@graph\":[{\"@type\":\"Article\",\"@id\":\"https:\/\/www.sonoraenequipo.com.mx\/es-oportuno-y-positivo-el-modelo-de-capacitacion-a-poblacion-escolar-anticipa-educando-sonora-clausen-iberri\/#article\",\"isPartOf\":{\"@id\":\"https:\/\/www.sonoraenequipo.com.mx\/es-oportuno-y-positivo-el-modelo-de-capacitacion-a-poblacion-escolar-anticipa-educando-sonora-clausen-iberri\/\"},\"author\":{\"name\":\"enequipo\",\"@id\":\"https:\/\/www.sonoraenequipo.com.mx\/#\/schema\/person\/50102df0fb23a8fa9e8effad8fa81386\"},\"headline\":\"Es oportuno y positivo el modelo de capacitaci\u00f3n a poblaci\u00f3n escolar Anticipa Educando Sonora: \u00a0Clausen Iberri\",\"datePublished\":\"2021-05-04T04:42:53+00:00\",\"mainEntityOfPage\":{\"@id\":\"https:\/\/www.sonoraenequipo.com.mx\/es-oportuno-y-positivo-el-modelo-de-capacitacion-a-poblacion-escolar-anticipa-educando-sonora-clausen-iberri\/\"},\"wordCount\":443,\"commentCount\":0,\"publisher\":{\"@id\":\"https:\/\/www.sonoraenequipo.com.mx\/#organization\"},\"image\":{\"@id\":\"https:\/\/www.sonoraenequipo.com.mx\/es-oportuno-y-positivo-el-modelo-de-capacitacion-a-poblacion-escolar-anticipa-educando-sonora-clausen-iberri\/#primaryimage\"},\"thumbnailUrl\":\"https:\/\/www.sonoraenequipo.com.mx\/storage\/2021\/03\/clausen__opt.jpg\",\"keywords\":[\"covid\",\"Sonora\"],\"articleSection\":[\"Sonora\"],\"inLanguage\":\"es\",\"potentialAction\":[{\"@type\":\"CommentAction\",\"name\":\"Comment\",\"target\":[\"https:\/\/www.sonoraenequipo.com.mx\/es-oportuno-y-positivo-el-modelo-de-capacitacion-a-poblacion-escolar-anticipa-educando-sonora-clausen-iberri\/#respond\"]}]},{\"@type\":\"WebPage\",\"@id\":\"https:\/\/www.sonoraenequipo.com.mx\/es-oportuno-y-positivo-el-modelo-de-capacitacion-a-poblacion-escolar-anticipa-educando-sonora-clausen-iberri\/\",\"url\":\"https:\/\/www.sonoraenequipo.com.mx\/es-oportuno-y-positivo-el-modelo-de-capacitacion-a-poblacion-escolar-anticipa-educando-sonora-clausen-iberri\/\",\"name\":\"Sonora en Equipo. Es oportuno y positivo el modelo de capacitaci\u00f3n a poblaci\u00f3n escolar Anticipa Educando Sonora: \u00a0Clausen Iberri Sonora\",\"isPartOf\":{\"@id\":\"https:\/\/www.sonoraenequipo.com.mx\/#website\"},\"primaryImageOfPage\":{\"@id\":\"https:\/\/www.sonoraenequipo.com.mx\/es-oportuno-y-positivo-el-modelo-de-capacitacion-a-poblacion-escolar-anticipa-educando-sonora-clausen-iberri\/#primaryimage\"},\"image\":{\"@id\":\"https:\/\/www.sonoraenequipo.com.mx\/es-oportuno-y-positivo-el-modelo-de-capacitacion-a-poblacion-escolar-anticipa-educando-sonora-clausen-iberri\/#primaryimage\"},\"thumbnailUrl\":\"https:\/\/www.sonoraenequipo.com.mx\/storage\/2021\/03\/clausen__opt.jpg\",\"datePublished\":\"2021-05-04T04:42:53+00:00\",\"description\":\"\u25baConfirma Secretar\u00eda de Salud 55 nuevos casos y 1 deceso m\u00e1s por COVID-19 en Sonora &nbsp; HERMOSILLO, SONORA,MX.\u2500\u2500. Que la entidad atraviese por un En Sonora en Equipo publicamos toda la informaci\u00f3n de Sonora, M\u00e9xico y el Mundo de manera oportuna y busca que la libertad de expresi\u00f3n sea real. Visita nuestro medio informativo publicado desde Hermosillo, Sonora. %\",\"breadcrumb\":{\"@id\":\"https:\/\/www.sonoraenequipo.com.mx\/es-oportuno-y-positivo-el-modelo-de-capacitacion-a-poblacion-escolar-anticipa-educando-sonora-clausen-iberri\/#breadcrumb\"},\"inLanguage\":\"es\",\"potentialAction\":[{\"@type\":\"ReadAction\",\"target\":[\"https:\/\/www.sonoraenequipo.com.mx\/es-oportuno-y-positivo-el-modelo-de-capacitacion-a-poblacion-escolar-anticipa-educando-sonora-clausen-iberri\/\"]}]},{\"@type\":\"ImageObject\",\"inLanguage\":\"es\",\"@id\":\"https:\/\/www.sonoraenequipo.com.mx\/es-oportuno-y-positivo-el-modelo-de-capacitacion-a-poblacion-escolar-anticipa-educando-sonora-clausen-iberri\/#primaryimage\",\"url\":\"https:\/\/www.sonoraenequipo.com.mx\/storage\/2021\/03\/clausen__opt.jpg\",\"contentUrl\":\"https:\/\/www.sonoraenequipo.com.mx\/storage\/2021\/03\/clausen__opt.jpg\",\"width\":713,\"height\":400},{\"@type\":\"BreadcrumbList\",\"@id\":\"https:\/\/www.sonoraenequipo.com.mx\/es-oportuno-y-positivo-el-modelo-de-capacitacion-a-poblacion-escolar-anticipa-educando-sonora-clausen-iberri\/#breadcrumb\",\"itemListElement\":[{\"@type\":\"ListItem\",\"position\":1,\"name\":\"Portada\",\"item\":\"https:\/\/www.sonoraenequipo.com.mx\/\"},{\"@type\":\"ListItem\",\"position\":2,\"name\":\"Es oportuno y positivo el modelo de capacitaci\u00f3n a poblaci\u00f3n escolar Anticipa Educando Sonora: \u00a0Clausen Iberri\"}]},{\"@type\":\"WebSite\",\"@id\":\"https:\/\/www.sonoraenequipo.com.mx\/#website\",\"url\":\"https:\/\/www.sonoraenequipo.com.mx\/\",\"name\":\"Sonora en Equipo.\",\"description\":\"Diario en l\u00ednea con Noticias desde Hermosillo, Sonora\",\"publisher\":{\"@id\":\"https:\/\/www.sonoraenequipo.com.mx\/#organization\"},\"potentialAction\":[{\"@type\":\"SearchAction\",\"target\":{\"@type\":\"EntryPoint\",\"urlTemplate\":\"https:\/\/www.sonoraenequipo.com.mx\/?s={search_term_string}\"},\"query-input\":{\"@type\":\"PropertyValueSpecification\",\"valueRequired\":true,\"valueName\":\"search_term_string\"}}],\"inLanguage\":\"es\"},{\"@type\":\"Organization\",\"@id\":\"https:\/\/www.sonoraenequipo.com.mx\/#organization\",\"name\":\"Sonoraenequipo.com.mx\",\"url\":\"https:\/\/www.sonoraenequipo.com.mx\/\",\"logo\":{\"@type\":\"ImageObject\",\"inLanguage\":\"es\",\"@id\":\"https:\/\/www.sonoraenequipo.com.mx\/#\/schema\/logo\/image\/\",\"url\":\"https:\/\/www.sonoraenequipo.com.mx\/storage\/2019\/01\/sonoraenequipo_opt.png\",\"contentUrl\":\"https:\/\/www.sonoraenequipo.com.mx\/storage\/2019\/01\/sonoraenequipo_opt.png\",\"width\":375,\"height\":125,\"caption\":\"Sonoraenequipo.com.mx\"},\"image\":{\"@id\":\"https:\/\/www.sonoraenequipo.com.mx\/#\/schema\/logo\/image\/\"},\"sameAs\":[\"https:\/\/www.facebook.com\/SonoraEE\/\",\"https:\/\/x.com\/sonoraenequipo\",\"https:\/\/www.youtube.com\/channel\/UC338nW-lPEYmJQs4ZABQ1SQ\"]},{\"@type\":\"Person\",\"@id\":\"https:\/\/www.sonoraenequipo.com.mx\/#\/schema\/person\/50102df0fb23a8fa9e8effad8fa81386\",\"name\":\"enequipo\",\"image\":{\"@type\":\"ImageObject\",\"inLanguage\":\"es\",\"@id\":\"https:\/\/www.sonoraenequipo.com.mx\/#\/schema\/person\/image\/\",\"url\":\"https:\/\/secure.gravatar.com\/avatar\/049821681b589dabc0bc20695993ccebb09f5b5d4d790cd9251b97faac7c652b?s=96&d=blank&r=g\",\"contentUrl\":\"https:\/\/secure.gravatar.com\/avatar\/049821681b589dabc0bc20695993ccebb09f5b5d4d790cd9251b97faac7c652b?s=96&d=blank&r=g\",\"caption\":\"enequipo\"},\"sameAs\":[\"https:\/\/www.facebook.com\/SonoraEE\"]}]}<\/script>\n ","yoast_head_json":{"title":"Sonora en Equipo. Es oportuno y positivo el modelo de capacitaci\u00f3n a poblaci\u00f3n escolar Anticipa Educando Sonora: \u00a0Clausen Iberri Sonora","description":"\u25baConfirma Secretar\u00eda de Salud 55 nuevos casos y 1 deceso m\u00e1s por COVID-19 en Sonora &nbsp; HERMOSILLO, SONORA,MX.\u2500\u2500. Que la entidad atraviese por un En Sonora en Equipo publicamos toda la informaci\u00f3n de Sonora, M\u00e9xico y el Mundo de manera oportuna y busca que la libertad de expresi\u00f3n sea real. Visita nuestro medio informativo publicado desde Hermosillo, Sonora. %","robots":{"index":"index","follow":"follow","max-snippet":"max-snippet:-1","max-image-preview":"max-image-preview:large","max-video-preview":"max-video-preview:-1"},"canonical":"https:\/\/www.sonoraenequipo.com.mx\/es-oportuno-y-positivo-el-modelo-de-capacitacion-a-poblacion-escolar-anticipa-educando-sonora-clausen-iberri\/","og_locale":"es_ES","og_type":"article","og_title":"Sonora en Equipo. Es oportuno y positivo el modelo de capacitaci\u00f3n a poblaci\u00f3n escolar Anticipa Educando Sonora: \u00a0Clausen Iberri Sonora","og_description":"\u25baConfirma Secretar\u00eda de Salud 55 nuevos casos y 1 deceso m\u00e1s por COVID-19 en Sonora &nbsp; HERMOSILLO, SONORA,MX.\u2500\u2500. Que la entidad atraviese por un En Sonora en Equipo publicamos toda la informaci\u00f3n de Sonora, M\u00e9xico y el Mundo de manera oportuna y busca que la libertad de expresi\u00f3n sea real. Visita nuestro medio informativo publicado desde Hermosillo, Sonora. %","og_url":"https:\/\/www.sonoraenequipo.com.mx\/es-oportuno-y-positivo-el-modelo-de-capacitacion-a-poblacion-escolar-anticipa-educando-sonora-clausen-iberri\/","og_site_name":"Sonora en Equipo.","article_publisher":"https:\/\/www.facebook.com\/SonoraEE\/","article_author":"https:\/\/www.facebook.com\/SonoraEE","article_published_time":"2021-05-04T04:42:53+00:00","og_image":[{"width":713,"height":400,"url":"https:\/\/www.sonoraenequipo.com.mx\/storage\/2021\/03\/clausen__opt.jpg","type":"image\/jpeg"}],"author":"enequipo","twitter_card":"summary_large_image","twitter_creator":"@sonoraenequipo","twitter_site":"@sonoraenequipo","twitter_misc":{"Escrito por":"enequipo","Tiempo de lectura":"2 minutos"},"schema":{"@context":"https:\/\/schema.org","@graph":[{"@type":"Article","@id":"https:\/\/www.sonoraenequipo.com.mx\/es-oportuno-y-positivo-el-modelo-de-capacitacion-a-poblacion-escolar-anticipa-educando-sonora-clausen-iberri\/#article","isPartOf":{"@id":"https:\/\/www.sonoraenequipo.com.mx\/es-oportuno-y-positivo-el-modelo-de-capacitacion-a-poblacion-escolar-anticipa-educando-sonora-clausen-iberri\/"},"author":{"name":"enequipo","@id":"https:\/\/www.sonoraenequipo.com.mx\/#\/schema\/person\/50102df0fb23a8fa9e8effad8fa81386"},"headline":"Es oportuno y positivo el modelo de capacitaci\u00f3n a poblaci\u00f3n escolar Anticipa Educando Sonora: \u00a0Clausen Iberri","datePublished":"2021-05-04T04:42:53+00:00","mainEntityOfPage":{"@id":"https:\/\/www.sonoraenequipo.com.mx\/es-oportuno-y-positivo-el-modelo-de-capacitacion-a-poblacion-escolar-anticipa-educando-sonora-clausen-iberri\/"},"wordCount":443,"commentCount":0,"publisher":{"@id":"https:\/\/www.sonoraenequipo.com.mx\/#organization"},"image":{"@id":"https:\/\/www.sonoraenequipo.com.mx\/es-oportuno-y-positivo-el-modelo-de-capacitacion-a-poblacion-escolar-anticipa-educando-sonora-clausen-iberri\/#primaryimage"},"thumbnailUrl":"https:\/\/www.sonoraenequipo.com.mx\/storage\/2021\/03\/clausen__opt.jpg","keywords":["covid","Sonora"],"articleSection":["Sonora"],"inLanguage":"es","potentialAction":[{"@type":"CommentAction","name":"Comment","target":["https:\/\/www.sonoraenequipo.com.mx\/es-oportuno-y-positivo-el-modelo-de-capacitacion-a-poblacion-escolar-anticipa-educando-sonora-clausen-iberri\/#respond"]}]},{"@type":"WebPage","@id":"https:\/\/www.sonoraenequipo.com.mx\/es-oportuno-y-positivo-el-modelo-de-capacitacion-a-poblacion-escolar-anticipa-educando-sonora-clausen-iberri\/","url":"https:\/\/www.sonoraenequipo.com.mx\/es-oportuno-y-positivo-el-modelo-de-capacitacion-a-poblacion-escolar-anticipa-educando-sonora-clausen-iberri\/","name":"Sonora en Equipo. Es oportuno y positivo el modelo de capacitaci\u00f3n a poblaci\u00f3n escolar Anticipa Educando Sonora: \u00a0Clausen Iberri Sonora","isPartOf":{"@id":"https:\/\/www.sonoraenequipo.com.mx\/#website"},"primaryImageOfPage":{"@id":"https:\/\/www.sonoraenequipo.com.mx\/es-oportuno-y-positivo-el-modelo-de-capacitacion-a-poblacion-escolar-anticipa-educando-sonora-clausen-iberri\/#primaryimage"},"image":{"@id":"https:\/\/www.sonoraenequipo.com.mx\/es-oportuno-y-positivo-el-modelo-de-capacitacion-a-poblacion-escolar-anticipa-educando-sonora-clausen-iberri\/#primaryimage"},"thumbnailUrl":"https:\/\/www.sonoraenequipo.com.mx\/storage\/2021\/03\/clausen__opt.jpg","datePublished":"2021-05-04T04:42:53+00:00","description":"\u25baConfirma Secretar\u00eda de Salud 55 nuevos casos y 1 deceso m\u00e1s por COVID-19 en Sonora &nbsp; HERMOSILLO, SONORA,MX.\u2500\u2500. Que la entidad atraviese por un En Sonora en Equipo publicamos toda la informaci\u00f3n de Sonora, M\u00e9xico y el Mundo de manera oportuna y busca que la libertad de expresi\u00f3n sea real. Visita nuestro medio informativo publicado desde Hermosillo, Sonora. %","breadcrumb":{"@id":"https:\/\/www.sonoraenequipo.com.mx\/es-oportuno-y-positivo-el-modelo-de-capacitacion-a-poblacion-escolar-anticipa-educando-sonora-clausen-iberri\/#breadcrumb"},"inLanguage":"es","potentialAction":[{"@type":"ReadAction","target":["https:\/\/www.sonoraenequipo.com.mx\/es-oportuno-y-positivo-el-modelo-de-capacitacion-a-poblacion-escolar-anticipa-educando-sonora-clausen-iberri\/"]}]},{"@type":"ImageObject","inLanguage":"es","@id":"https:\/\/www.sonoraenequipo.com.mx\/es-oportuno-y-positivo-el-modelo-de-capacitacion-a-poblacion-escolar-anticipa-educando-sonora-clausen-iberri\/#primaryimage","url":"https:\/\/www.sonoraenequipo.com.mx\/storage\/2021\/03\/clausen__opt.jpg","contentUrl":"https:\/\/www.sonoraenequipo.com.mx\/storage\/2021\/03\/clausen__opt.jpg","width":713,"height":400},{"@type":"BreadcrumbList","@id":"https:\/\/www.sonoraenequipo.com.mx\/es-oportuno-y-positivo-el-modelo-de-capacitacion-a-poblacion-escolar-anticipa-educando-sonora-clausen-iberri\/#breadcrumb","itemListElement":[{"@type":"ListItem","position":1,"name":"Portada","item":"https:\/\/www.sonoraenequipo.com.mx\/"},{"@type":"ListItem","position":2,"name":"Es oportuno y positivo el modelo de capacitaci\u00f3n a poblaci\u00f3n escolar Anticipa Educando Sonora: \u00a0Clausen Iberri"}]},{"@type":"WebSite","@id":"https:\/\/www.sonoraenequipo.com.mx\/#website","url":"https:\/\/www.sonoraenequipo.com.mx\/","name":"Sonora en Equipo.","description":"Diario en l\u00ednea con Noticias desde Hermosillo, Sonora","publisher":{"@id":"https:\/\/www.sonoraenequipo.com.mx\/#organization"},"potentialAction":[{"@type":"SearchAction","target":{"@type":"EntryPoint","urlTemplate":"https:\/\/www.sonoraenequipo.com.mx\/?s={search_term_string}"},"query-input":{"@type":"PropertyValueSpecification","valueRequired":true,"valueName":"search_term_string"}}],"inLanguage":"es"},{"@type":"Organization","@id":"https:\/\/www.sonoraenequipo.com.mx\/#organization","name":"Sonoraenequipo.com.mx","url":"https:\/\/www.sonoraenequipo.com.mx\/","logo":{"@type":"ImageObject","inLanguage":"es","@id":"https:\/\/www.sonoraenequipo.com.mx\/#\/schema\/logo\/image\/","url":"https:\/\/www.sonoraenequipo.com.mx\/storage\/2019\/01\/sonoraenequipo_opt.png","contentUrl":"https:\/\/www.sonoraenequipo.com.mx\/storage\/2019\/01\/sonoraenequipo_opt.png","width":375,"height":125,"caption":"Sonoraenequipo.com.mx"},"image":{"@id":"https:\/\/www.sonoraenequipo.com.mx\/#\/schema\/logo\/image\/"},"sameAs":["https:\/\/www.facebook.com\/SonoraEE\/","https:\/\/x.com\/sonoraenequipo","https:\/\/www.youtube.com\/channel\/UC338nW-lPEYmJQs4ZABQ1SQ"]},{"@type":"Person","@id":"https:\/\/www.sonoraenequipo.com.mx\/#\/schema\/person\/50102df0fb23a8fa9e8effad8fa81386","name":"enequipo","image":{"@type":"ImageObject","inLanguage":"es","@id":"https:\/\/www.sonoraenequipo.com.mx\/#\/schema\/person\/image\/","url":"https:\/\/secure.gravatar.com\/avatar\/049821681b589dabc0bc20695993ccebb09f5b5d4d790cd9251b97faac7c652b?s=96&d=blank&r=g","contentUrl":"https:\/\/secure.gravatar.com\/avatar\/049821681b589dabc0bc20695993ccebb09f5b5d4d790cd9251b97faac7c652b?s=96&d=blank&r=g","caption":"enequipo"},"sameAs":["https:\/\/www.facebook.com\/SonoraEE"]}]}},"jetpack_featured_media_url":"https:\/\/www.sonoraenequipo.com.mx\/storage\/2021\/03\/clausen__opt.jpg","_links":{"self":[{"href":"https:\/\/www.sonoraenequipo.com.mx\/api\/wp\/v2\/posts\/113135","targetHints":{"allow":["GET"]}}],"collection":[{"href":"https:\/\/www.sonoraenequipo.com.mx\/api\/wp\/v2\/posts"}],"about":[{"href":"https:\/\/www.sonoraenequipo.com.mx\/api\/wp\/v2\/types\/post"}],"author":[{"embeddable":true,"href":"https:\/\/www.sonoraenequipo.com.mx\/api\/wp\/v2\/users\/1"}],"replies":[{"embeddable":true,"href":"https:\/\/www.sonoraenequipo.com.mx\/api\/wp\/v2\/comments?post=113135"}],"version-history":[{"count":1,"href":"https:\/\/www.sonoraenequipo.com.mx\/api\/wp\/v2\/posts\/113135\/revisions"}],"predecessor-version":[{"id":113139,"href":"https:\/\/www.sonoraenequipo.com.mx\/api\/wp\/v2\/posts\/113135\/revisions\/113139"}],"wp:featuredmedia":[{"embeddable":true,"href":"https:\/\/www.sonoraenequipo.com.mx\/api\/wp\/v2\/media\/109610"}],"wp:attachment":[{"href":"https:\/\/www.sonoraenequipo.com.mx\/api\/wp\/v2\/media?parent=113135"}],"wp:term":[{"taxonomy":"category","embeddable":true,"href":"https:\/\/www.sonoraenequipo.com.mx\/api\/wp\/v2\/categories?post=113135"},{"taxonomy":"post_tag","embeddable":true,"href":"https:\/\/www.sonoraenequipo.com.mx\/api\/wp\/v2\/tags?post=113135"}],"curies":[{"name":"wp","href":"https:\/\/api.w.org\/{rel}","templated":true}]}}