{"id":113197,"date":"2021-05-05T15:48:44","date_gmt":"2021-05-05T22:48:44","guid":{"rendered":"https:\/\/www.sonoraenequipo.com.mx\/?p=113197"},"modified":"2021-05-05T19:41:14","modified_gmt":"2021-05-06T02:41:14","slug":"maestros-y-directivos-de-educacion-primaria-crean-podcast-para-compartir-experiencias","status":"publish","type":"post","link":"https:\/\/www.sonoraenequipo.com.mx\/maestros-y-directivos-de-educacion-primaria-crean-podcast-para-compartir-experiencias\/","title":{"rendered":"Maestros y directivos de educaci\u00f3n primaria crean podcast para compartir experiencias"},"content":{"rendered":"<p>HERMOSILLO, SONORA,MX.\u2500\u2500 \u00a0Las experiencias de \u00e9xito y los retos de adaptarse a la modalidad de educaci\u00f3n a distancia de directivos y docentes del Sector IV de Educaci\u00f3n Primaria Estatal quedaron plasmados en archivos tipo podcast denominados \u201cDi\u00e1logos Pedag\u00f3gicos\u201d, inform\u00f3 Andr\u00e9s Morales D\u00edaz.<\/p>\n<p>&nbsp;<\/p>\n<p>El Jefe del Sector IV de Educaci\u00f3n Primaria Estatal dijo que convocaron a docentes y directivos de educaci\u00f3n b\u00e1sica a compartir su testimonio y sus experiencias exitosas en redes sociales de la jefatura de sector y su canal de Youtube.<\/p>\n<p>&nbsp;<\/p>\n<p>\u201cDurante la pandemia, los maestros y maestras han desarrollado grandes habilidades tecnol\u00f3gicas para ponerlos a disposici\u00f3n del aprendizaje de sus estudiantes\u201d, agreg\u00f3 Morales D\u00edaz.<\/p>\n<p>&nbsp;<\/p>\n<p>En la liga www.youtube.com\/watch?v=XtPC-xPgkR8 y su p\u00e1gina de Facebook podr\u00e1n escuchar a los participantes que pertenecen al sector.<\/p>\n<p>&nbsp;<\/p>\n<p>La convocatoria para armar el programa se lanz\u00f3 a finales de febrero y en ella se solicit\u00f3 la participaci\u00f3n de docentes y directivos para exponer y platicar sus experiencias a manera de di\u00e1logo uno a uno, con el maestro Andr\u00e9s Morales D\u00edaz, Jefe del Sector IV de Educaci\u00f3n Primaria Estatal.<\/p>\n<p>&nbsp;<\/p>\n<p>La din\u00e1mica consisti\u00f3 en realizar un tipo \u201cpodcast\u201d, a manera de conversaci\u00f3n sobre la estrategia presentada, tomando en cuenta el proceso de creaci\u00f3n de \u00e9sta por parte del docente, del colectivo docente o directivo, as\u00ed como los procedimientos desarrollados, resultados y las vivencias y percepciones de los participantes.<\/p>\n<p>&nbsp;<\/p>\n<p>Agreg\u00f3 que gracias a la convocatoria se recopilaron testimonios de la gran tarea que realizan los docentes en el contexto de la educaci\u00f3n a distancia y que esto d\u00e9 lugar en la historia de la educaci\u00f3n, a que exista el registro y evidencia de la din\u00e1mica escolar que se desarroll\u00f3 durante este momento de cambio para toda la humanidad.<\/p>\n<p>&nbsp;<\/p>\n<p>&nbsp;<\/p>\n<p>Fecha de publicaci\u00f3n \u00a0mi\u00e9rcoles \/ 5\u00a0 \/ mayo \/ 2021<\/p>\n","protected":false},"excerpt":{"rendered":"<p>HERMOSILLO, SONORA,MX.\u2500\u2500 \u00a0Las experiencias de \u00e9xito y los retos de adaptarse a la modalidad de&#8230;<\/p>\n","protected":false},"author":1,"featured_media":113198,"comment_status":"open","ping_status":"open","sticky":false,"template":"","format":"standard","meta":{"_monsterinsights_skip_tracking":false,"_monsterinsights_sitenote_active":false,"_monsterinsights_sitenote_note":"","_monsterinsights_sitenote_category":0,"footnotes":""},"categories":[22],"tags":[5680,5681],"class_list":["post"],"yoast_head":" \n<title>Sonora en Equipo. Maestros y directivos de educaci\u00f3n primaria crean podcast para compartir experiencias Sonora<\/title>\n<meta name=\"description\" content=\"HERMOSILLO, SONORA,MX.\u2500\u2500 \u00a0Las experiencias de \u00e9xito y los retos de adaptarse a la modalidad de educaci\u00f3n a distancia de directivos y docentes del Sector En Sonora en Equipo publicamos toda la informaci\u00f3n de Sonora, M\u00e9xico y el Mundo de manera oportuna y busca que la libertad de expresi\u00f3n sea real. Visita nuestro medio informativo publicado desde Hermosillo, Sonora. %\" \/>\n<meta name=\"robots\" content=\"index, follow, max-snippet:-1, max-image-preview:large, max-video-preview:-1\" \/>\n<link rel=\"canonical\" href=\"https:\/\/www.sonoraenequipo.com.mx\/maestros-y-directivos-de-educacion-primaria-crean-podcast-para-compartir-experiencias\/\" \/>\n<meta property=\"og:locale\" content=\"es_ES\" \/>\n<meta property=\"og:type\" content=\"article\" \/>\n<meta property=\"og:title\" content=\"Sonora en Equipo. Maestros y directivos de educaci\u00f3n primaria crean podcast para compartir experiencias Sonora\" \/>\n<meta property=\"og:description\" content=\"HERMOSILLO, SONORA,MX.\u2500\u2500 \u00a0Las experiencias de \u00e9xito y los retos de adaptarse a la modalidad de educaci\u00f3n a distancia de directivos y docentes del Sector En Sonora en Equipo publicamos toda la informaci\u00f3n de Sonora, M\u00e9xico y el Mundo de manera oportuna y busca que la libertad de expresi\u00f3n sea real. Visita nuestro medio informativo publicado desde Hermosillo, Sonora. %\" \/>\n<meta property=\"og:url\" content=\"https:\/\/www.sonoraenequipo.com.mx\/maestros-y-directivos-de-educacion-primaria-crean-podcast-para-compartir-experiencias\/\" \/>\n<meta property=\"og:site_name\" content=\"Sonora en Equipo.\" \/>\n<meta property=\"article:publisher\" content=\"https:\/\/www.facebook.com\/SonoraEE\/\" \/>\n<meta property=\"article:author\" content=\"https:\/\/www.facebook.com\/SonoraEE\" \/>\n<meta property=\"article:published_time\" content=\"2021-05-05T22:48:44+00:00\" \/>\n<meta property=\"article:modified_time\" content=\"2021-05-06T02:41:14+00:00\" \/>\n<meta property=\"og:image\" content=\"https:\/\/www.sonoraenequipo.com.mx\/storage\/2021\/05\/podcast.jpg\" \/>\n\t<meta property=\"og:image:width\" content=\"500\" \/>\n\t<meta property=\"og:image:height\" content=\"300\" \/>\n\t<meta property=\"og:image:type\" content=\"image\/jpeg\" \/>\n<meta name=\"author\" content=\"enequipo\" \/>\n<meta name=\"twitter:card\" content=\"summary_large_image\" \/>\n<meta name=\"twitter:creator\" content=\"@sonoraenequipo\" \/>\n<meta name=\"twitter:site\" content=\"@sonoraenequipo\" \/>\n<meta name=\"twitter:label1\" content=\"Escrito por\" \/>\n\t<meta name=\"twitter:data1\" content=\"enequipo\" \/>\n\t<meta name=\"twitter:label2\" content=\"Tiempo de lectura\" \/>\n\t<meta name=\"twitter:data2\" content=\"2 minutos\" \/>\n<script type=\"application\/ld+json\" class=\"yoast-schema-graph\">{\"@context\":\"https:\/\/schema.org\",\"@graph\":[{\"@type\":\"Article\",\"@id\":\"https:\/\/www.sonoraenequipo.com.mx\/maestros-y-directivos-de-educacion-primaria-crean-podcast-para-compartir-experiencias\/#article\",\"isPartOf\":{\"@id\":\"https:\/\/www.sonoraenequipo.com.mx\/maestros-y-directivos-de-educacion-primaria-crean-podcast-para-compartir-experiencias\/\"},\"author\":{\"name\":\"enequipo\",\"@id\":\"https:\/\/www.sonoraenequipo.com.mx\/#\/schema\/person\/50102df0fb23a8fa9e8effad8fa81386\"},\"headline\":\"Maestros y directivos de educaci\u00f3n primaria crean podcast para compartir experiencias\",\"datePublished\":\"2021-05-05T22:48:44+00:00\",\"dateModified\":\"2021-05-06T02:41:14+00:00\",\"mainEntityOfPage\":{\"@id\":\"https:\/\/www.sonoraenequipo.com.mx\/maestros-y-directivos-de-educacion-primaria-crean-podcast-para-compartir-experiencias\/\"},\"wordCount\":339,\"commentCount\":0,\"publisher\":{\"@id\":\"https:\/\/www.sonoraenequipo.com.mx\/#organization\"},\"image\":{\"@id\":\"https:\/\/www.sonoraenequipo.com.mx\/maestros-y-directivos-de-educacion-primaria-crean-podcast-para-compartir-experiencias\/#primaryimage\"},\"thumbnailUrl\":\"https:\/\/www.sonoraenequipo.com.mx\/storage\/2021\/05\/podcast.jpg\",\"keywords\":[\"educacion sonora\",\"podcast\"],\"articleSection\":[\"Sonora\"],\"inLanguage\":\"es\",\"potentialAction\":[{\"@type\":\"CommentAction\",\"name\":\"Comment\",\"target\":[\"https:\/\/www.sonoraenequipo.com.mx\/maestros-y-directivos-de-educacion-primaria-crean-podcast-para-compartir-experiencias\/#respond\"]}]},{\"@type\":\"WebPage\",\"@id\":\"https:\/\/www.sonoraenequipo.com.mx\/maestros-y-directivos-de-educacion-primaria-crean-podcast-para-compartir-experiencias\/\",\"url\":\"https:\/\/www.sonoraenequipo.com.mx\/maestros-y-directivos-de-educacion-primaria-crean-podcast-para-compartir-experiencias\/\",\"name\":\"Sonora en Equipo. Maestros y directivos de educaci\u00f3n primaria crean podcast para compartir experiencias Sonora\",\"isPartOf\":{\"@id\":\"https:\/\/www.sonoraenequipo.com.mx\/#website\"},\"primaryImageOfPage\":{\"@id\":\"https:\/\/www.sonoraenequipo.com.mx\/maestros-y-directivos-de-educacion-primaria-crean-podcast-para-compartir-experiencias\/#primaryimage\"},\"image\":{\"@id\":\"https:\/\/www.sonoraenequipo.com.mx\/maestros-y-directivos-de-educacion-primaria-crean-podcast-para-compartir-experiencias\/#primaryimage\"},\"thumbnailUrl\":\"https:\/\/www.sonoraenequipo.com.mx\/storage\/2021\/05\/podcast.jpg\",\"datePublished\":\"2021-05-05T22:48:44+00:00\",\"dateModified\":\"2021-05-06T02:41:14+00:00\",\"description\":\"HERMOSILLO, SONORA,MX.\u2500\u2500 \u00a0Las experiencias de \u00e9xito y los retos de adaptarse a la modalidad de educaci\u00f3n a distancia de directivos y docentes del Sector En Sonora en Equipo publicamos toda la informaci\u00f3n de Sonora, M\u00e9xico y el Mundo de manera oportuna y busca que la libertad de expresi\u00f3n sea real. Visita nuestro medio informativo publicado desde Hermosillo, Sonora. %\",\"breadcrumb\":{\"@id\":\"https:\/\/www.sonoraenequipo.com.mx\/maestros-y-directivos-de-educacion-primaria-crean-podcast-para-compartir-experiencias\/#breadcrumb\"},\"inLanguage\":\"es\",\"potentialAction\":[{\"@type\":\"ReadAction\",\"target\":[\"https:\/\/www.sonoraenequipo.com.mx\/maestros-y-directivos-de-educacion-primaria-crean-podcast-para-compartir-experiencias\/\"]}]},{\"@type\":\"ImageObject\",\"inLanguage\":\"es\",\"@id\":\"https:\/\/www.sonoraenequipo.com.mx\/maestros-y-directivos-de-educacion-primaria-crean-podcast-para-compartir-experiencias\/#primaryimage\",\"url\":\"https:\/\/www.sonoraenequipo.com.mx\/storage\/2021\/05\/podcast.jpg\",\"contentUrl\":\"https:\/\/www.sonoraenequipo.com.mx\/storage\/2021\/05\/podcast.jpg\",\"width\":500,\"height\":300},{\"@type\":\"BreadcrumbList\",\"@id\":\"https:\/\/www.sonoraenequipo.com.mx\/maestros-y-directivos-de-educacion-primaria-crean-podcast-para-compartir-experiencias\/#breadcrumb\",\"itemListElement\":[{\"@type\":\"ListItem\",\"position\":1,\"name\":\"Portada\",\"item\":\"https:\/\/www.sonoraenequipo.com.mx\/\"},{\"@type\":\"ListItem\",\"position\":2,\"name\":\"Maestros y directivos de educaci\u00f3n primaria crean podcast para compartir experiencias\"}]},{\"@type\":\"WebSite\",\"@id\":\"https:\/\/www.sonoraenequipo.com.mx\/#website\",\"url\":\"https:\/\/www.sonoraenequipo.com.mx\/\",\"name\":\"Sonora en Equipo.\",\"description\":\"Diario en l\u00ednea con Noticias desde Hermosillo, Sonora\",\"publisher\":{\"@id\":\"https:\/\/www.sonoraenequipo.com.mx\/#organization\"},\"potentialAction\":[{\"@type\":\"SearchAction\",\"target\":{\"@type\":\"EntryPoint\",\"urlTemplate\":\"https:\/\/www.sonoraenequipo.com.mx\/?s={search_term_string}\"},\"query-input\":{\"@type\":\"PropertyValueSpecification\",\"valueRequired\":true,\"valueName\":\"search_term_string\"}}],\"inLanguage\":\"es\"},{\"@type\":\"Organization\",\"@id\":\"https:\/\/www.sonoraenequipo.com.mx\/#organization\",\"name\":\"Sonoraenequipo.com.mx\",\"url\":\"https:\/\/www.sonoraenequipo.com.mx\/\",\"logo\":{\"@type\":\"ImageObject\",\"inLanguage\":\"es\",\"@id\":\"https:\/\/www.sonoraenequipo.com.mx\/#\/schema\/logo\/image\/\",\"url\":\"https:\/\/www.sonoraenequipo.com.mx\/storage\/2019\/01\/sonoraenequipo_opt.png\",\"contentUrl\":\"https:\/\/www.sonoraenequipo.com.mx\/storage\/2019\/01\/sonoraenequipo_opt.png\",\"width\":375,\"height\":125,\"caption\":\"Sonoraenequipo.com.mx\"},\"image\":{\"@id\":\"https:\/\/www.sonoraenequipo.com.mx\/#\/schema\/logo\/image\/\"},\"sameAs\":[\"https:\/\/www.facebook.com\/SonoraEE\/\",\"https:\/\/x.com\/sonoraenequipo\",\"https:\/\/www.youtube.com\/channel\/UC338nW-lPEYmJQs4ZABQ1SQ\"]},{\"@type\":\"Person\",\"@id\":\"https:\/\/www.sonoraenequipo.com.mx\/#\/schema\/person\/50102df0fb23a8fa9e8effad8fa81386\",\"name\":\"enequipo\",\"image\":{\"@type\":\"ImageObject\",\"inLanguage\":\"es\",\"@id\":\"https:\/\/www.sonoraenequipo.com.mx\/#\/schema\/person\/image\/\",\"url\":\"https:\/\/secure.gravatar.com\/avatar\/049821681b589dabc0bc20695993ccebb09f5b5d4d790cd9251b97faac7c652b?s=96&d=blank&r=g\",\"contentUrl\":\"https:\/\/secure.gravatar.com\/avatar\/049821681b589dabc0bc20695993ccebb09f5b5d4d790cd9251b97faac7c652b?s=96&d=blank&r=g\",\"caption\":\"enequipo\"},\"sameAs\":[\"https:\/\/www.facebook.com\/SonoraEE\"]}]}<\/script>\n ","yoast_head_json":{"title":"Sonora en Equipo. Maestros y directivos de educaci\u00f3n primaria crean podcast para compartir experiencias Sonora","description":"HERMOSILLO, SONORA,MX.\u2500\u2500 \u00a0Las experiencias de \u00e9xito y los retos de adaptarse a la modalidad de educaci\u00f3n a distancia de directivos y docentes del Sector En Sonora en Equipo publicamos toda la informaci\u00f3n de Sonora, M\u00e9xico y el Mundo de manera oportuna y busca que la libertad de expresi\u00f3n sea real. Visita nuestro medio informativo publicado desde Hermosillo, Sonora. %","robots":{"index":"index","follow":"follow","max-snippet":"max-snippet:-1","max-image-preview":"max-image-preview:large","max-video-preview":"max-video-preview:-1"},"canonical":"https:\/\/www.sonoraenequipo.com.mx\/maestros-y-directivos-de-educacion-primaria-crean-podcast-para-compartir-experiencias\/","og_locale":"es_ES","og_type":"article","og_title":"Sonora en Equipo. Maestros y directivos de educaci\u00f3n primaria crean podcast para compartir experiencias Sonora","og_description":"HERMOSILLO, SONORA,MX.\u2500\u2500 \u00a0Las experiencias de \u00e9xito y los retos de adaptarse a la modalidad de educaci\u00f3n a distancia de directivos y docentes del Sector En Sonora en Equipo publicamos toda la informaci\u00f3n de Sonora, M\u00e9xico y el Mundo de manera oportuna y busca que la libertad de expresi\u00f3n sea real. Visita nuestro medio informativo publicado desde Hermosillo, Sonora. %","og_url":"https:\/\/www.sonoraenequipo.com.mx\/maestros-y-directivos-de-educacion-primaria-crean-podcast-para-compartir-experiencias\/","og_site_name":"Sonora en Equipo.","article_publisher":"https:\/\/www.facebook.com\/SonoraEE\/","article_author":"https:\/\/www.facebook.com\/SonoraEE","article_published_time":"2021-05-05T22:48:44+00:00","article_modified_time":"2021-05-06T02:41:14+00:00","og_image":[{"width":500,"height":300,"url":"https:\/\/www.sonoraenequipo.com.mx\/storage\/2021\/05\/podcast.jpg","type":"image\/jpeg"}],"author":"enequipo","twitter_card":"summary_large_image","twitter_creator":"@sonoraenequipo","twitter_site":"@sonoraenequipo","twitter_misc":{"Escrito por":"enequipo","Tiempo de lectura":"2 minutos"},"schema":{"@context":"https:\/\/schema.org","@graph":[{"@type":"Article","@id":"https:\/\/www.sonoraenequipo.com.mx\/maestros-y-directivos-de-educacion-primaria-crean-podcast-para-compartir-experiencias\/#article","isPartOf":{"@id":"https:\/\/www.sonoraenequipo.com.mx\/maestros-y-directivos-de-educacion-primaria-crean-podcast-para-compartir-experiencias\/"},"author":{"name":"enequipo","@id":"https:\/\/www.sonoraenequipo.com.mx\/#\/schema\/person\/50102df0fb23a8fa9e8effad8fa81386"},"headline":"Maestros y directivos de educaci\u00f3n primaria crean podcast para compartir experiencias","datePublished":"2021-05-05T22:48:44+00:00","dateModified":"2021-05-06T02:41:14+00:00","mainEntityOfPage":{"@id":"https:\/\/www.sonoraenequipo.com.mx\/maestros-y-directivos-de-educacion-primaria-crean-podcast-para-compartir-experiencias\/"},"wordCount":339,"commentCount":0,"publisher":{"@id":"https:\/\/www.sonoraenequipo.com.mx\/#organization"},"image":{"@id":"https:\/\/www.sonoraenequipo.com.mx\/maestros-y-directivos-de-educacion-primaria-crean-podcast-para-compartir-experiencias\/#primaryimage"},"thumbnailUrl":"https:\/\/www.sonoraenequipo.com.mx\/storage\/2021\/05\/podcast.jpg","keywords":["educacion sonora","podcast"],"articleSection":["Sonora"],"inLanguage":"es","potentialAction":[{"@type":"CommentAction","name":"Comment","target":["https:\/\/www.sonoraenequipo.com.mx\/maestros-y-directivos-de-educacion-primaria-crean-podcast-para-compartir-experiencias\/#respond"]}]},{"@type":"WebPage","@id":"https:\/\/www.sonoraenequipo.com.mx\/maestros-y-directivos-de-educacion-primaria-crean-podcast-para-compartir-experiencias\/","url":"https:\/\/www.sonoraenequipo.com.mx\/maestros-y-directivos-de-educacion-primaria-crean-podcast-para-compartir-experiencias\/","name":"Sonora en Equipo. Maestros y directivos de educaci\u00f3n primaria crean podcast para compartir experiencias Sonora","isPartOf":{"@id":"https:\/\/www.sonoraenequipo.com.mx\/#website"},"primaryImageOfPage":{"@id":"https:\/\/www.sonoraenequipo.com.mx\/maestros-y-directivos-de-educacion-primaria-crean-podcast-para-compartir-experiencias\/#primaryimage"},"image":{"@id":"https:\/\/www.sonoraenequipo.com.mx\/maestros-y-directivos-de-educacion-primaria-crean-podcast-para-compartir-experiencias\/#primaryimage"},"thumbnailUrl":"https:\/\/www.sonoraenequipo.com.mx\/storage\/2021\/05\/podcast.jpg","datePublished":"2021-05-05T22:48:44+00:00","dateModified":"2021-05-06T02:41:14+00:00","description":"HERMOSILLO, SONORA,MX.\u2500\u2500 \u00a0Las experiencias de \u00e9xito y los retos de adaptarse a la modalidad de educaci\u00f3n a distancia de directivos y docentes del Sector En Sonora en Equipo publicamos toda la informaci\u00f3n de Sonora, M\u00e9xico y el Mundo de manera oportuna y busca que la libertad de expresi\u00f3n sea real. Visita nuestro medio informativo publicado desde Hermosillo, Sonora. %","breadcrumb":{"@id":"https:\/\/www.sonoraenequipo.com.mx\/maestros-y-directivos-de-educacion-primaria-crean-podcast-para-compartir-experiencias\/#breadcrumb"},"inLanguage":"es","potentialAction":[{"@type":"ReadAction","target":["https:\/\/www.sonoraenequipo.com.mx\/maestros-y-directivos-de-educacion-primaria-crean-podcast-para-compartir-experiencias\/"]}]},{"@type":"ImageObject","inLanguage":"es","@id":"https:\/\/www.sonoraenequipo.com.mx\/maestros-y-directivos-de-educacion-primaria-crean-podcast-para-compartir-experiencias\/#primaryimage","url":"https:\/\/www.sonoraenequipo.com.mx\/storage\/2021\/05\/podcast.jpg","contentUrl":"https:\/\/www.sonoraenequipo.com.mx\/storage\/2021\/05\/podcast.jpg","width":500,"height":300},{"@type":"BreadcrumbList","@id":"https:\/\/www.sonoraenequipo.com.mx\/maestros-y-directivos-de-educacion-primaria-crean-podcast-para-compartir-experiencias\/#breadcrumb","itemListElement":[{"@type":"ListItem","position":1,"name":"Portada","item":"https:\/\/www.sonoraenequipo.com.mx\/"},{"@type":"ListItem","position":2,"name":"Maestros y directivos de educaci\u00f3n primaria crean podcast para compartir experiencias"}]},{"@type":"WebSite","@id":"https:\/\/www.sonoraenequipo.com.mx\/#website","url":"https:\/\/www.sonoraenequipo.com.mx\/","name":"Sonora en Equipo.","description":"Diario en l\u00ednea con Noticias desde Hermosillo, Sonora","publisher":{"@id":"https:\/\/www.sonoraenequipo.com.mx\/#organization"},"potentialAction":[{"@type":"SearchAction","target":{"@type":"EntryPoint","urlTemplate":"https:\/\/www.sonoraenequipo.com.mx\/?s={search_term_string}"},"query-input":{"@type":"PropertyValueSpecification","valueRequired":true,"valueName":"search_term_string"}}],"inLanguage":"es"},{"@type":"Organization","@id":"https:\/\/www.sonoraenequipo.com.mx\/#organization","name":"Sonoraenequipo.com.mx","url":"https:\/\/www.sonoraenequipo.com.mx\/","logo":{"@type":"ImageObject","inLanguage":"es","@id":"https:\/\/www.sonoraenequipo.com.mx\/#\/schema\/logo\/image\/","url":"https:\/\/www.sonoraenequipo.com.mx\/storage\/2019\/01\/sonoraenequipo_opt.png","contentUrl":"https:\/\/www.sonoraenequipo.com.mx\/storage\/2019\/01\/sonoraenequipo_opt.png","width":375,"height":125,"caption":"Sonoraenequipo.com.mx"},"image":{"@id":"https:\/\/www.sonoraenequipo.com.mx\/#\/schema\/logo\/image\/"},"sameAs":["https:\/\/www.facebook.com\/SonoraEE\/","https:\/\/x.com\/sonoraenequipo","https:\/\/www.youtube.com\/channel\/UC338nW-lPEYmJQs4ZABQ1SQ"]},{"@type":"Person","@id":"https:\/\/www.sonoraenequipo.com.mx\/#\/schema\/person\/50102df0fb23a8fa9e8effad8fa81386","name":"enequipo","image":{"@type":"ImageObject","inLanguage":"es","@id":"https:\/\/www.sonoraenequipo.com.mx\/#\/schema\/person\/image\/","url":"https:\/\/secure.gravatar.com\/avatar\/049821681b589dabc0bc20695993ccebb09f5b5d4d790cd9251b97faac7c652b?s=96&d=blank&r=g","contentUrl":"https:\/\/secure.gravatar.com\/avatar\/049821681b589dabc0bc20695993ccebb09f5b5d4d790cd9251b97faac7c652b?s=96&d=blank&r=g","caption":"enequipo"},"sameAs":["https:\/\/www.facebook.com\/SonoraEE"]}]}},"jetpack_featured_media_url":"https:\/\/www.sonoraenequipo.com.mx\/storage\/2021\/05\/podcast.jpg","_links":{"self":[{"href":"https:\/\/www.sonoraenequipo.com.mx\/api\/wp\/v2\/posts\/113197","targetHints":{"allow":["GET"]}}],"collection":[{"href":"https:\/\/www.sonoraenequipo.com.mx\/api\/wp\/v2\/posts"}],"about":[{"href":"https:\/\/www.sonoraenequipo.com.mx\/api\/wp\/v2\/types\/post"}],"author":[{"embeddable":true,"href":"https:\/\/www.sonoraenequipo.com.mx\/api\/wp\/v2\/users\/1"}],"replies":[{"embeddable":true,"href":"https:\/\/www.sonoraenequipo.com.mx\/api\/wp\/v2\/comments?post=113197"}],"version-history":[{"count":3,"href":"https:\/\/www.sonoraenequipo.com.mx\/api\/wp\/v2\/posts\/113197\/revisions"}],"predecessor-version":[{"id":113248,"href":"https:\/\/www.sonoraenequipo.com.mx\/api\/wp\/v2\/posts\/113197\/revisions\/113248"}],"wp:featuredmedia":[{"embeddable":true,"href":"https:\/\/www.sonoraenequipo.com.mx\/api\/wp\/v2\/media\/113198"}],"wp:attachment":[{"href":"https:\/\/www.sonoraenequipo.com.mx\/api\/wp\/v2\/media?parent=113197"}],"wp:term":[{"taxonomy":"category","embeddable":true,"href":"https:\/\/www.sonoraenequipo.com.mx\/api\/wp\/v2\/categories?post=113197"},{"taxonomy":"post_tag","embeddable":true,"href":"https:\/\/www.sonoraenequipo.com.mx\/api\/wp\/v2\/tags?post=113197"}],"curies":[{"name":"wp","href":"https:\/\/api.w.org\/{rel}","templated":true}]}}