{"id":113204,"date":"2021-05-05T16:47:59","date_gmt":"2021-05-05T23:47:59","guid":{"rendered":"https:\/\/www.sonoraenequipo.com.mx\/?p=113204"},"modified":"2021-05-05T16:48:54","modified_gmt":"2021-05-05T23:48:54","slug":"mcci-obtiene-suspension-de-amparo-en-favor-de-medicos-privados-para-vacunacion-covid-19","status":"publish","type":"post","link":"https:\/\/www.sonoraenequipo.com.mx\/mcci-obtiene-suspension-de-amparo-en-favor-de-medicos-privados-para-vacunacion-covid-19\/","title":{"rendered":"MCCI obtiene suspensi\u00f3n de amparo en favor de m\u00e9dicos privados para vacunaci\u00f3n covid-19"},"content":{"rendered":"<p>CIUDAD DE M\u00c9XICO.\u2500\u2500 El d\u00eda de ayer, con motivo de un juicio de amparo impulsado por Mexicanos contra la Corrupci\u00f3n y la Impunidad (MCCI), un Juzgado de Distrito en Materia Administrativa en la Ciudad de M\u00e9xico otorg\u00f3 una suspensi\u00f3n definitiva en favor de m\u00e9dicos privados que no son considerados de \u201cprimera l\u00ednea\u201d de control de COVID-19.<\/p>\n<p>&nbsp;<\/p>\n<p>El Juez consider\u00f3 que el personal de salud pertenece a un grupo de mayor riesgo. Incluso, toma en consideraci\u00f3n que la Organizaci\u00f3n Panamericana de la Salud, en la priorizaci\u00f3n de la vacunaci\u00f3n, indica que la totalidad del personal de salud debe ser el primer grupo en ser inmunizado, con independencia de si se pertenece al sector p\u00fablico, al privado o si se atiende en \u201cprimera l\u00ednea\u201d o se da cualquier otro tipo de atenci\u00f3n m\u00e9dica.<\/p>\n<p>&nbsp;<\/p>\n<p>Recordemos que el pasado 9 de abril en conferencia ma\u00f1anera, el Presidente de la Rep\u00fablica sostuvo que el personal m\u00e9dico y de enfermer\u00eda del sector privado ser\u00e1 vacunado hasta que les toque por edad, sin tomar en consideraci\u00f3n la exposici\u00f3n que tienen al virus SARS-CoV2 en la atenci\u00f3n de cualquier paciente, no solo de personas enfermas de COVID-19. En esa misma fecha, en una reuni\u00f3n con las secretar\u00edas de Gobernaci\u00f3n y Salud, representantes de personal de salud del sector privado fueron rechazados, al neg\u00e1rseles una fecha espec\u00edfica para que los trabajadores sean inmunizados.<\/p>\n<p>&nbsp;<\/p>\n<p>La suspensi\u00f3n obtenida es un precedente relevante, pues abre la puerta para que el personal de salud del sector privado que a\u00fan no ha sido atendido reciba la vacuna de inmediato, en lugar de que tenga que esperar a que les toque por edad.<\/p>\n<p>&nbsp;<\/p>\n<p>En MCCI se continuar\u00e1 tejiendo alianzas con despachos jur\u00eddicos que est\u00e9n dispuestos a apoyar por la v\u00eda judicial al personal de salud y a otros grupos vulnerables en la protecci\u00f3n y preservaci\u00f3n de sus derechos humanos.<\/p>\n<p>Fecha de publicaci\u00f3n \u00a0mi\u00e9rcoles \/ 5\u00a0 \/ mayo \/ 2021<\/p>\n<p>&nbsp;<\/p>\n","protected":false},"excerpt":{"rendered":"<p>CIUDAD DE M\u00c9XICO.\u2500\u2500 El d\u00eda de ayer, con motivo de un juicio de amparo impulsado&#8230;<\/p>\n","protected":false},"author":1,"featured_media":113205,"comment_status":"open","ping_status":"open","sticky":false,"template":"","format":"standard","meta":{"_monsterinsights_skip_tracking":false,"_monsterinsights_sitenote_active":false,"_monsterinsights_sitenote_note":"","_monsterinsights_sitenote_category":0,"footnotes":""},"categories":[5],"tags":[4249,3037,5682],"class_list":["post"],"yoast_head":" \n<title>Sonora en Equipo. MCCI obtiene suspensi\u00f3n de amparo en favor de m\u00e9dicos privados para vacunaci\u00f3n covid-19 Rep\u00fablica<\/title>\n<meta name=\"description\" content=\"CIUDAD DE M\u00c9XICO.\u2500\u2500 El d\u00eda de ayer, con motivo de un juicio de amparo impulsado por Mexicanos contra la Corrupci\u00f3n y la Impunidad (MCCI), un Juzgado de En Sonora en Equipo publicamos toda la informaci\u00f3n de Sonora, M\u00e9xico y el Mundo de manera oportuna y busca que la libertad de expresi\u00f3n sea real. Visita nuestro medio informativo publicado desde Hermosillo, Sonora. %\" \/>\n<meta name=\"robots\" content=\"index, follow, max-snippet:-1, max-image-preview:large, max-video-preview:-1\" \/>\n<link rel=\"canonical\" href=\"https:\/\/www.sonoraenequipo.com.mx\/mcci-obtiene-suspension-de-amparo-en-favor-de-medicos-privados-para-vacunacion-covid-19\/\" \/>\n<meta property=\"og:locale\" content=\"es_ES\" \/>\n<meta property=\"og:type\" content=\"article\" \/>\n<meta property=\"og:title\" content=\"Sonora en Equipo. MCCI obtiene suspensi\u00f3n de amparo en favor de m\u00e9dicos privados para vacunaci\u00f3n covid-19 Rep\u00fablica\" \/>\n<meta property=\"og:description\" content=\"CIUDAD DE M\u00c9XICO.\u2500\u2500 El d\u00eda de ayer, con motivo de un juicio de amparo impulsado por Mexicanos contra la Corrupci\u00f3n y la Impunidad (MCCI), un Juzgado de En Sonora en Equipo publicamos toda la informaci\u00f3n de Sonora, M\u00e9xico y el Mundo de manera oportuna y busca que la libertad de expresi\u00f3n sea real. Visita nuestro medio informativo publicado desde Hermosillo, Sonora. %\" \/>\n<meta property=\"og:url\" content=\"https:\/\/www.sonoraenequipo.com.mx\/mcci-obtiene-suspension-de-amparo-en-favor-de-medicos-privados-para-vacunacion-covid-19\/\" \/>\n<meta property=\"og:site_name\" content=\"Sonora en Equipo.\" \/>\n<meta property=\"article:publisher\" content=\"https:\/\/www.facebook.com\/SonoraEE\/\" \/>\n<meta property=\"article:author\" content=\"https:\/\/www.facebook.com\/SonoraEE\" \/>\n<meta property=\"article:published_time\" content=\"2021-05-05T23:47:59+00:00\" \/>\n<meta property=\"article:modified_time\" content=\"2021-05-05T23:48:54+00:00\" \/>\n<meta property=\"og:image\" content=\"https:\/\/www.sonoraenequipo.com.mx\/storage\/2021\/05\/medicos-privados.jpg\" \/>\n\t<meta property=\"og:image:width\" content=\"500\" \/>\n\t<meta property=\"og:image:height\" content=\"300\" \/>\n\t<meta property=\"og:image:type\" content=\"image\/jpeg\" \/>\n<meta name=\"author\" content=\"enequipo\" \/>\n<meta name=\"twitter:card\" content=\"summary_large_image\" \/>\n<meta name=\"twitter:creator\" content=\"@sonoraenequipo\" \/>\n<meta name=\"twitter:site\" content=\"@sonoraenequipo\" \/>\n<meta name=\"twitter:label1\" content=\"Escrito por\" \/>\n\t<meta name=\"twitter:data1\" content=\"enequipo\" \/>\n\t<meta name=\"twitter:label2\" content=\"Tiempo de lectura\" \/>\n\t<meta name=\"twitter:data2\" content=\"2 minutos\" \/>\n<script type=\"application\/ld+json\" class=\"yoast-schema-graph\">{\"@context\":\"https:\/\/schema.org\",\"@graph\":[{\"@type\":\"Article\",\"@id\":\"https:\/\/www.sonoraenequipo.com.mx\/mcci-obtiene-suspension-de-amparo-en-favor-de-medicos-privados-para-vacunacion-covid-19\/#article\",\"isPartOf\":{\"@id\":\"https:\/\/www.sonoraenequipo.com.mx\/mcci-obtiene-suspension-de-amparo-en-favor-de-medicos-privados-para-vacunacion-covid-19\/\"},\"author\":{\"name\":\"enequipo\",\"@id\":\"https:\/\/www.sonoraenequipo.com.mx\/#\/schema\/person\/50102df0fb23a8fa9e8effad8fa81386\"},\"headline\":\"MCCI obtiene suspensi\u00f3n de amparo en favor de m\u00e9dicos privados para vacunaci\u00f3n covid-19\",\"datePublished\":\"2021-05-05T23:47:59+00:00\",\"dateModified\":\"2021-05-05T23:48:54+00:00\",\"mainEntityOfPage\":{\"@id\":\"https:\/\/www.sonoraenequipo.com.mx\/mcci-obtiene-suspension-de-amparo-en-favor-de-medicos-privados-para-vacunacion-covid-19\/\"},\"wordCount\":365,\"commentCount\":0,\"publisher\":{\"@id\":\"https:\/\/www.sonoraenequipo.com.mx\/#organization\"},\"image\":{\"@id\":\"https:\/\/www.sonoraenequipo.com.mx\/mcci-obtiene-suspension-de-amparo-en-favor-de-medicos-privados-para-vacunacion-covid-19\/#primaryimage\"},\"thumbnailUrl\":\"https:\/\/www.sonoraenequipo.com.mx\/storage\/2021\/05\/medicos-privados.jpg\",\"keywords\":[\"covid\",\"mcci\",\"medicos privados\"],\"articleSection\":[\"Rep\u00fablica\"],\"inLanguage\":\"es\",\"potentialAction\":[{\"@type\":\"CommentAction\",\"name\":\"Comment\",\"target\":[\"https:\/\/www.sonoraenequipo.com.mx\/mcci-obtiene-suspension-de-amparo-en-favor-de-medicos-privados-para-vacunacion-covid-19\/#respond\"]}]},{\"@type\":\"WebPage\",\"@id\":\"https:\/\/www.sonoraenequipo.com.mx\/mcci-obtiene-suspension-de-amparo-en-favor-de-medicos-privados-para-vacunacion-covid-19\/\",\"url\":\"https:\/\/www.sonoraenequipo.com.mx\/mcci-obtiene-suspension-de-amparo-en-favor-de-medicos-privados-para-vacunacion-covid-19\/\",\"name\":\"Sonora en Equipo. MCCI obtiene suspensi\u00f3n de amparo en favor de m\u00e9dicos privados para vacunaci\u00f3n covid-19 Rep\u00fablica\",\"isPartOf\":{\"@id\":\"https:\/\/www.sonoraenequipo.com.mx\/#website\"},\"primaryImageOfPage\":{\"@id\":\"https:\/\/www.sonoraenequipo.com.mx\/mcci-obtiene-suspension-de-amparo-en-favor-de-medicos-privados-para-vacunacion-covid-19\/#primaryimage\"},\"image\":{\"@id\":\"https:\/\/www.sonoraenequipo.com.mx\/mcci-obtiene-suspension-de-amparo-en-favor-de-medicos-privados-para-vacunacion-covid-19\/#primaryimage\"},\"thumbnailUrl\":\"https:\/\/www.sonoraenequipo.com.mx\/storage\/2021\/05\/medicos-privados.jpg\",\"datePublished\":\"2021-05-05T23:47:59+00:00\",\"dateModified\":\"2021-05-05T23:48:54+00:00\",\"description\":\"CIUDAD DE M\u00c9XICO.\u2500\u2500 El d\u00eda de ayer, con motivo de un juicio de amparo impulsado por Mexicanos contra la Corrupci\u00f3n y la Impunidad (MCCI), un Juzgado de En Sonora en Equipo publicamos toda la informaci\u00f3n de Sonora, M\u00e9xico y el Mundo de manera oportuna y busca que la libertad de expresi\u00f3n sea real. Visita nuestro medio informativo publicado desde Hermosillo, Sonora. %\",\"breadcrumb\":{\"@id\":\"https:\/\/www.sonoraenequipo.com.mx\/mcci-obtiene-suspension-de-amparo-en-favor-de-medicos-privados-para-vacunacion-covid-19\/#breadcrumb\"},\"inLanguage\":\"es\",\"potentialAction\":[{\"@type\":\"ReadAction\",\"target\":[\"https:\/\/www.sonoraenequipo.com.mx\/mcci-obtiene-suspension-de-amparo-en-favor-de-medicos-privados-para-vacunacion-covid-19\/\"]}]},{\"@type\":\"ImageObject\",\"inLanguage\":\"es\",\"@id\":\"https:\/\/www.sonoraenequipo.com.mx\/mcci-obtiene-suspension-de-amparo-en-favor-de-medicos-privados-para-vacunacion-covid-19\/#primaryimage\",\"url\":\"https:\/\/www.sonoraenequipo.com.mx\/storage\/2021\/05\/medicos-privados.jpg\",\"contentUrl\":\"https:\/\/www.sonoraenequipo.com.mx\/storage\/2021\/05\/medicos-privados.jpg\",\"width\":500,\"height\":300},{\"@type\":\"BreadcrumbList\",\"@id\":\"https:\/\/www.sonoraenequipo.com.mx\/mcci-obtiene-suspension-de-amparo-en-favor-de-medicos-privados-para-vacunacion-covid-19\/#breadcrumb\",\"itemListElement\":[{\"@type\":\"ListItem\",\"position\":1,\"name\":\"Portada\",\"item\":\"https:\/\/www.sonoraenequipo.com.mx\/\"},{\"@type\":\"ListItem\",\"position\":2,\"name\":\"MCCI obtiene suspensi\u00f3n de amparo en favor de m\u00e9dicos privados para vacunaci\u00f3n covid-19\"}]},{\"@type\":\"WebSite\",\"@id\":\"https:\/\/www.sonoraenequipo.com.mx\/#website\",\"url\":\"https:\/\/www.sonoraenequipo.com.mx\/\",\"name\":\"Sonora en Equipo.\",\"description\":\"Diario en l\u00ednea con Noticias desde Hermosillo, Sonora\",\"publisher\":{\"@id\":\"https:\/\/www.sonoraenequipo.com.mx\/#organization\"},\"potentialAction\":[{\"@type\":\"SearchAction\",\"target\":{\"@type\":\"EntryPoint\",\"urlTemplate\":\"https:\/\/www.sonoraenequipo.com.mx\/?s={search_term_string}\"},\"query-input\":{\"@type\":\"PropertyValueSpecification\",\"valueRequired\":true,\"valueName\":\"search_term_string\"}}],\"inLanguage\":\"es\"},{\"@type\":\"Organization\",\"@id\":\"https:\/\/www.sonoraenequipo.com.mx\/#organization\",\"name\":\"Sonoraenequipo.com.mx\",\"url\":\"https:\/\/www.sonoraenequipo.com.mx\/\",\"logo\":{\"@type\":\"ImageObject\",\"inLanguage\":\"es\",\"@id\":\"https:\/\/www.sonoraenequipo.com.mx\/#\/schema\/logo\/image\/\",\"url\":\"https:\/\/www.sonoraenequipo.com.mx\/storage\/2019\/01\/sonoraenequipo_opt.png\",\"contentUrl\":\"https:\/\/www.sonoraenequipo.com.mx\/storage\/2019\/01\/sonoraenequipo_opt.png\",\"width\":375,\"height\":125,\"caption\":\"Sonoraenequipo.com.mx\"},\"image\":{\"@id\":\"https:\/\/www.sonoraenequipo.com.mx\/#\/schema\/logo\/image\/\"},\"sameAs\":[\"https:\/\/www.facebook.com\/SonoraEE\/\",\"https:\/\/x.com\/sonoraenequipo\",\"https:\/\/www.youtube.com\/channel\/UC338nW-lPEYmJQs4ZABQ1SQ\"]},{\"@type\":\"Person\",\"@id\":\"https:\/\/www.sonoraenequipo.com.mx\/#\/schema\/person\/50102df0fb23a8fa9e8effad8fa81386\",\"name\":\"enequipo\",\"image\":{\"@type\":\"ImageObject\",\"inLanguage\":\"es\",\"@id\":\"https:\/\/www.sonoraenequipo.com.mx\/#\/schema\/person\/image\/\",\"url\":\"https:\/\/secure.gravatar.com\/avatar\/049821681b589dabc0bc20695993ccebb09f5b5d4d790cd9251b97faac7c652b?s=96&d=blank&r=g\",\"contentUrl\":\"https:\/\/secure.gravatar.com\/avatar\/049821681b589dabc0bc20695993ccebb09f5b5d4d790cd9251b97faac7c652b?s=96&d=blank&r=g\",\"caption\":\"enequipo\"},\"sameAs\":[\"https:\/\/www.facebook.com\/SonoraEE\"]}]}<\/script>\n ","yoast_head_json":{"title":"Sonora en Equipo. MCCI obtiene suspensi\u00f3n de amparo en favor de m\u00e9dicos privados para vacunaci\u00f3n covid-19 Rep\u00fablica","description":"CIUDAD DE M\u00c9XICO.\u2500\u2500 El d\u00eda de ayer, con motivo de un juicio de amparo impulsado por Mexicanos contra la Corrupci\u00f3n y la Impunidad (MCCI), un Juzgado de En Sonora en Equipo publicamos toda la informaci\u00f3n de Sonora, M\u00e9xico y el Mundo de manera oportuna y busca que la libertad de expresi\u00f3n sea real. Visita nuestro medio informativo publicado desde Hermosillo, Sonora. %","robots":{"index":"index","follow":"follow","max-snippet":"max-snippet:-1","max-image-preview":"max-image-preview:large","max-video-preview":"max-video-preview:-1"},"canonical":"https:\/\/www.sonoraenequipo.com.mx\/mcci-obtiene-suspension-de-amparo-en-favor-de-medicos-privados-para-vacunacion-covid-19\/","og_locale":"es_ES","og_type":"article","og_title":"Sonora en Equipo. MCCI obtiene suspensi\u00f3n de amparo en favor de m\u00e9dicos privados para vacunaci\u00f3n covid-19 Rep\u00fablica","og_description":"CIUDAD DE M\u00c9XICO.\u2500\u2500 El d\u00eda de ayer, con motivo de un juicio de amparo impulsado por Mexicanos contra la Corrupci\u00f3n y la Impunidad (MCCI), un Juzgado de En Sonora en Equipo publicamos toda la informaci\u00f3n de Sonora, M\u00e9xico y el Mundo de manera oportuna y busca que la libertad de expresi\u00f3n sea real. Visita nuestro medio informativo publicado desde Hermosillo, Sonora. %","og_url":"https:\/\/www.sonoraenequipo.com.mx\/mcci-obtiene-suspension-de-amparo-en-favor-de-medicos-privados-para-vacunacion-covid-19\/","og_site_name":"Sonora en Equipo.","article_publisher":"https:\/\/www.facebook.com\/SonoraEE\/","article_author":"https:\/\/www.facebook.com\/SonoraEE","article_published_time":"2021-05-05T23:47:59+00:00","article_modified_time":"2021-05-05T23:48:54+00:00","og_image":[{"width":500,"height":300,"url":"https:\/\/www.sonoraenequipo.com.mx\/storage\/2021\/05\/medicos-privados.jpg","type":"image\/jpeg"}],"author":"enequipo","twitter_card":"summary_large_image","twitter_creator":"@sonoraenequipo","twitter_site":"@sonoraenequipo","twitter_misc":{"Escrito por":"enequipo","Tiempo de lectura":"2 minutos"},"schema":{"@context":"https:\/\/schema.org","@graph":[{"@type":"Article","@id":"https:\/\/www.sonoraenequipo.com.mx\/mcci-obtiene-suspension-de-amparo-en-favor-de-medicos-privados-para-vacunacion-covid-19\/#article","isPartOf":{"@id":"https:\/\/www.sonoraenequipo.com.mx\/mcci-obtiene-suspension-de-amparo-en-favor-de-medicos-privados-para-vacunacion-covid-19\/"},"author":{"name":"enequipo","@id":"https:\/\/www.sonoraenequipo.com.mx\/#\/schema\/person\/50102df0fb23a8fa9e8effad8fa81386"},"headline":"MCCI obtiene suspensi\u00f3n de amparo en favor de m\u00e9dicos privados para vacunaci\u00f3n covid-19","datePublished":"2021-05-05T23:47:59+00:00","dateModified":"2021-05-05T23:48:54+00:00","mainEntityOfPage":{"@id":"https:\/\/www.sonoraenequipo.com.mx\/mcci-obtiene-suspension-de-amparo-en-favor-de-medicos-privados-para-vacunacion-covid-19\/"},"wordCount":365,"commentCount":0,"publisher":{"@id":"https:\/\/www.sonoraenequipo.com.mx\/#organization"},"image":{"@id":"https:\/\/www.sonoraenequipo.com.mx\/mcci-obtiene-suspension-de-amparo-en-favor-de-medicos-privados-para-vacunacion-covid-19\/#primaryimage"},"thumbnailUrl":"https:\/\/www.sonoraenequipo.com.mx\/storage\/2021\/05\/medicos-privados.jpg","keywords":["covid","mcci","medicos privados"],"articleSection":["Rep\u00fablica"],"inLanguage":"es","potentialAction":[{"@type":"CommentAction","name":"Comment","target":["https:\/\/www.sonoraenequipo.com.mx\/mcci-obtiene-suspension-de-amparo-en-favor-de-medicos-privados-para-vacunacion-covid-19\/#respond"]}]},{"@type":"WebPage","@id":"https:\/\/www.sonoraenequipo.com.mx\/mcci-obtiene-suspension-de-amparo-en-favor-de-medicos-privados-para-vacunacion-covid-19\/","url":"https:\/\/www.sonoraenequipo.com.mx\/mcci-obtiene-suspension-de-amparo-en-favor-de-medicos-privados-para-vacunacion-covid-19\/","name":"Sonora en Equipo. MCCI obtiene suspensi\u00f3n de amparo en favor de m\u00e9dicos privados para vacunaci\u00f3n covid-19 Rep\u00fablica","isPartOf":{"@id":"https:\/\/www.sonoraenequipo.com.mx\/#website"},"primaryImageOfPage":{"@id":"https:\/\/www.sonoraenequipo.com.mx\/mcci-obtiene-suspension-de-amparo-en-favor-de-medicos-privados-para-vacunacion-covid-19\/#primaryimage"},"image":{"@id":"https:\/\/www.sonoraenequipo.com.mx\/mcci-obtiene-suspension-de-amparo-en-favor-de-medicos-privados-para-vacunacion-covid-19\/#primaryimage"},"thumbnailUrl":"https:\/\/www.sonoraenequipo.com.mx\/storage\/2021\/05\/medicos-privados.jpg","datePublished":"2021-05-05T23:47:59+00:00","dateModified":"2021-05-05T23:48:54+00:00","description":"CIUDAD DE M\u00c9XICO.\u2500\u2500 El d\u00eda de ayer, con motivo de un juicio de amparo impulsado por Mexicanos contra la Corrupci\u00f3n y la Impunidad (MCCI), un Juzgado de En Sonora en Equipo publicamos toda la informaci\u00f3n de Sonora, M\u00e9xico y el Mundo de manera oportuna y busca que la libertad de expresi\u00f3n sea real. Visita nuestro medio informativo publicado desde Hermosillo, Sonora. %","breadcrumb":{"@id":"https:\/\/www.sonoraenequipo.com.mx\/mcci-obtiene-suspension-de-amparo-en-favor-de-medicos-privados-para-vacunacion-covid-19\/#breadcrumb"},"inLanguage":"es","potentialAction":[{"@type":"ReadAction","target":["https:\/\/www.sonoraenequipo.com.mx\/mcci-obtiene-suspension-de-amparo-en-favor-de-medicos-privados-para-vacunacion-covid-19\/"]}]},{"@type":"ImageObject","inLanguage":"es","@id":"https:\/\/www.sonoraenequipo.com.mx\/mcci-obtiene-suspension-de-amparo-en-favor-de-medicos-privados-para-vacunacion-covid-19\/#primaryimage","url":"https:\/\/www.sonoraenequipo.com.mx\/storage\/2021\/05\/medicos-privados.jpg","contentUrl":"https:\/\/www.sonoraenequipo.com.mx\/storage\/2021\/05\/medicos-privados.jpg","width":500,"height":300},{"@type":"BreadcrumbList","@id":"https:\/\/www.sonoraenequipo.com.mx\/mcci-obtiene-suspension-de-amparo-en-favor-de-medicos-privados-para-vacunacion-covid-19\/#breadcrumb","itemListElement":[{"@type":"ListItem","position":1,"name":"Portada","item":"https:\/\/www.sonoraenequipo.com.mx\/"},{"@type":"ListItem","position":2,"name":"MCCI obtiene suspensi\u00f3n de amparo en favor de m\u00e9dicos privados para vacunaci\u00f3n covid-19"}]},{"@type":"WebSite","@id":"https:\/\/www.sonoraenequipo.com.mx\/#website","url":"https:\/\/www.sonoraenequipo.com.mx\/","name":"Sonora en Equipo.","description":"Diario en l\u00ednea con Noticias desde Hermosillo, Sonora","publisher":{"@id":"https:\/\/www.sonoraenequipo.com.mx\/#organization"},"potentialAction":[{"@type":"SearchAction","target":{"@type":"EntryPoint","urlTemplate":"https:\/\/www.sonoraenequipo.com.mx\/?s={search_term_string}"},"query-input":{"@type":"PropertyValueSpecification","valueRequired":true,"valueName":"search_term_string"}}],"inLanguage":"es"},{"@type":"Organization","@id":"https:\/\/www.sonoraenequipo.com.mx\/#organization","name":"Sonoraenequipo.com.mx","url":"https:\/\/www.sonoraenequipo.com.mx\/","logo":{"@type":"ImageObject","inLanguage":"es","@id":"https:\/\/www.sonoraenequipo.com.mx\/#\/schema\/logo\/image\/","url":"https:\/\/www.sonoraenequipo.com.mx\/storage\/2019\/01\/sonoraenequipo_opt.png","contentUrl":"https:\/\/www.sonoraenequipo.com.mx\/storage\/2019\/01\/sonoraenequipo_opt.png","width":375,"height":125,"caption":"Sonoraenequipo.com.mx"},"image":{"@id":"https:\/\/www.sonoraenequipo.com.mx\/#\/schema\/logo\/image\/"},"sameAs":["https:\/\/www.facebook.com\/SonoraEE\/","https:\/\/x.com\/sonoraenequipo","https:\/\/www.youtube.com\/channel\/UC338nW-lPEYmJQs4ZABQ1SQ"]},{"@type":"Person","@id":"https:\/\/www.sonoraenequipo.com.mx\/#\/schema\/person\/50102df0fb23a8fa9e8effad8fa81386","name":"enequipo","image":{"@type":"ImageObject","inLanguage":"es","@id":"https:\/\/www.sonoraenequipo.com.mx\/#\/schema\/person\/image\/","url":"https:\/\/secure.gravatar.com\/avatar\/049821681b589dabc0bc20695993ccebb09f5b5d4d790cd9251b97faac7c652b?s=96&d=blank&r=g","contentUrl":"https:\/\/secure.gravatar.com\/avatar\/049821681b589dabc0bc20695993ccebb09f5b5d4d790cd9251b97faac7c652b?s=96&d=blank&r=g","caption":"enequipo"},"sameAs":["https:\/\/www.facebook.com\/SonoraEE"]}]}},"jetpack_featured_media_url":"https:\/\/www.sonoraenequipo.com.mx\/storage\/2021\/05\/medicos-privados.jpg","_links":{"self":[{"href":"https:\/\/www.sonoraenequipo.com.mx\/api\/wp\/v2\/posts\/113204","targetHints":{"allow":["GET"]}}],"collection":[{"href":"https:\/\/www.sonoraenequipo.com.mx\/api\/wp\/v2\/posts"}],"about":[{"href":"https:\/\/www.sonoraenequipo.com.mx\/api\/wp\/v2\/types\/post"}],"author":[{"embeddable":true,"href":"https:\/\/www.sonoraenequipo.com.mx\/api\/wp\/v2\/users\/1"}],"replies":[{"embeddable":true,"href":"https:\/\/www.sonoraenequipo.com.mx\/api\/wp\/v2\/comments?post=113204"}],"version-history":[{"count":1,"href":"https:\/\/www.sonoraenequipo.com.mx\/api\/wp\/v2\/posts\/113204\/revisions"}],"predecessor-version":[{"id":113206,"href":"https:\/\/www.sonoraenequipo.com.mx\/api\/wp\/v2\/posts\/113204\/revisions\/113206"}],"wp:featuredmedia":[{"embeddable":true,"href":"https:\/\/www.sonoraenequipo.com.mx\/api\/wp\/v2\/media\/113205"}],"wp:attachment":[{"href":"https:\/\/www.sonoraenequipo.com.mx\/api\/wp\/v2\/media?parent=113204"}],"wp:term":[{"taxonomy":"category","embeddable":true,"href":"https:\/\/www.sonoraenequipo.com.mx\/api\/wp\/v2\/categories?post=113204"},{"taxonomy":"post_tag","embeddable":true,"href":"https:\/\/www.sonoraenequipo.com.mx\/api\/wp\/v2\/tags?post=113204"}],"curies":[{"name":"wp","href":"https:\/\/api.w.org\/{rel}","templated":true}]}}