{"id":113227,"date":"2021-05-05T17:50:57","date_gmt":"2021-05-06T00:50:57","guid":{"rendered":"https:\/\/www.sonoraenequipo.com.mx\/?p=113227"},"modified":"2021-05-05T19:29:45","modified_gmt":"2021-05-06T02:29:45","slug":"todos-los-servidores-publicos-del-gobierno-del-estado-deberan-rendirla-su-declaracion-patrimonial-mam","status":"publish","type":"post","link":"https:\/\/www.sonoraenequipo.com.mx\/todos-los-servidores-publicos-del-gobierno-del-estado-deberan-rendirla-su-declaracion-patrimonial-mam\/","title":{"rendered":"Todos los servidores p\u00fablicos del Gobierno del Estado deber\u00e1n rendir su declaraci\u00f3n patrimonial: MAM"},"content":{"rendered":"<p>HERMOSILLO, SONORA. MX. \u2014\u00a0 Por disposici\u00f3n del Comit\u00e9 Coordinador del Sistema Nacional Anticorrupci\u00f3n (SNA) y como parte del compromiso con la rendici\u00f3n de cuentas y combate a la corrupci\u00f3n, promovido y encabezado por la gobernadora Claudia Pavlovich Arellano, a partir de este a\u00f1o todas las servidoras y los servidores p\u00fablicos del Gobierno del Estado tendr\u00e1n que presentar de manera obligatoria su Declaraci\u00f3n de Situaci\u00f3n Patrimonial, inform\u00f3 Miguel \u00c1ngel Murillo Aispuro.<\/p>\n<p>&nbsp;<\/p>\n<p> <\/p>\n<p>&nbsp;<\/p>\n<p>El secretario de la Contralor\u00eda General del Estado se\u00f1al\u00f3 que todos los servidores p\u00fablicos en el \u00e1mbito federal, estatal y municipal deber\u00e1n rendir declaraci\u00f3n de situaci\u00f3n patrimonial y de intereses bajo protesta de decir la verdad, de conformidad los art\u00edculos 108 de la Constituci\u00f3n General, 143 de la Constituci\u00f3n Pol\u00edtica del Estado de Sonora, 32 de la Ley General de Responsabilidades Administrativas y 33 de la Ley Estatal de Responsabilidades y conforme a los acuerdos emitidos por el Comit\u00e9 Coordinador del SNA y publicados en el Diario Oficial el 23 de septiembre de 2019 y 24 de diciembre de 2019.<\/p>\n<p>&nbsp;<\/p>\n<p><em>\u00abEs por ello, que a diferencia de otros a\u00f1os, ahora en este mes de mayo tenemos que presentar la declaraci\u00f3n patrimonial todas y todos los servidores p\u00fablicos, independientemente del nivel en el que nos desempe\u00f1emos en el gobierno de los Estados y de los Ayuntamientos\u00bb,<\/em> detall\u00f3.<\/p>\n<p>&nbsp;<\/p>\n<p>Todos los servidores p\u00fablicos que ya presentaban declaraci\u00f3n patrimonial, como los que presentar\u00e1n por primera vez, la realizar\u00e1n en el formato de Modificaci\u00f3n 2021, apunt\u00f3 Murillo Aispuro.<\/p>\n<p>&nbsp;<\/p>\n<p>La declaraci\u00f3n en su formato completo, a\u00f1adi\u00f3, deber\u00e1n presentarla aquellos servidores cuyo nivel jer\u00e1rquico sea igual o mayor a jefe de departamento u hom\u00f3logos, o bien, su sueldo tabular mensual sea igual o mayor a 19 mil 330.96 pesos; los funcionarios con menor nivel o cuyo sueldo es igual o menor a 19 mil 330.95 pesos realizar\u00e1n la declaraci\u00f3n simplificada.<\/p>\n<p>&nbsp;<\/p>\n<p><em>\u201cLa gran diferencia, entre 12 mil 300 funcionarios aproximadamente que present\u00e1bamos la declaraci\u00f3n patrimonial en el Poder Ejecutivo, hoy habremos de presentarla cerca de 73 mil servidoras y servidores p\u00fablicos\u201d,<\/em> mencion\u00f3.<\/p>\n<p>&nbsp;<\/p>\n<p>Como se ha hecho desde el inicio de la administraci\u00f3n de la gobernadora Pavlovich, dijo, Sonora buscar\u00e1 ser referente de esta nueva disposici\u00f3n, recalc\u00f3 el secretario de la Contralor\u00eda General del Estado y agreg\u00f3 que el per\u00edodo a declarar ser\u00e1 del 1 de enero de 2020 al 31 de diciembre de 2020, conforme a las normas vigentes.<\/p>\n<p>&nbsp;<\/p>\n<p>A\u00f1adi\u00f3 que, el portal declaranet.sonora.gob.mx, a cargo de la Coordinaci\u00f3n Ejecutiva de Sustanciaci\u00f3n y Resoluci\u00f3n de Responsabilidades y Situaci\u00f3n Patrimonial, se encuentra disponible para que las y los servidores p\u00fablicos puedan actualizar la informaci\u00f3n relacionada a su situaci\u00f3n patrimonial y de intereses, as\u00ed como para la presentaci\u00f3n de declaraciones iniciales o finales.<\/p>\n<p>&nbsp;<\/p>\n<p>Adem\u00e1s, se contar\u00e1 con el apoyo de asesores patrimoniales en los tel\u00e9fonos (662) 213-62-07 y (662) 217-21-68 con nueve extensiones: 1299, 1300, 1301, 1303, 1304, 1305, 1306,1328 y 1330; con horario de atenci\u00f3n de lunes a viernes, de las 8:00 a las 19:00 horas, as\u00ed como v\u00eda correo electr\u00f3nico declaranet@sonora.gob.mx, para la atenci\u00f3n de cualquier duda.<\/p>\n<p>&nbsp;<\/p>\n<p>(Publicada el 04\/05\/2021)<\/p>\n","protected":false},"excerpt":{"rendered":"<p>HERMOSILLO, SONORA. MX. \u2014\u00a0 Por disposici\u00f3n del Comit\u00e9 Coordinador del Sistema Nacional Anticorrupci\u00f3n (SNA) y&#8230;<\/p>\n","protected":false},"author":1,"featured_media":113228,"comment_status":"open","ping_status":"open","sticky":false,"template":"","format":"standard","meta":{"_monsterinsights_skip_tracking":false,"_monsterinsights_sitenote_active":false,"_monsterinsights_sitenote_note":"","_monsterinsights_sitenote_category":0,"footnotes":""},"categories":[22],"tags":[],"class_list":["post"],"yoast_head":" \n<title>Sonora en Equipo. Todos los servidores p\u00fablicos del Gobierno del Estado deber\u00e1n rendir su declaraci\u00f3n patrimonial: MAM Sonora<\/title>\n<meta name=\"description\" content=\"HERMOSILLO, SONORA. MX. \u2014\u00a0 Por disposici\u00f3n del Comit\u00e9 Coordinador del Sistema Nacional Anticorrupci\u00f3n (SNA) y como parte del compromiso con la rendici\u00f3n En Sonora en Equipo publicamos toda la informaci\u00f3n de Sonora, M\u00e9xico y el Mundo de manera oportuna y busca que la libertad de expresi\u00f3n sea real. Visita nuestro medio informativo publicado desde Hermosillo, Sonora. %\" \/>\n<meta name=\"robots\" content=\"index, follow, max-snippet:-1, max-image-preview:large, max-video-preview:-1\" \/>\n<link rel=\"canonical\" href=\"https:\/\/www.sonoraenequipo.com.mx\/todos-los-servidores-publicos-del-gobierno-del-estado-deberan-rendirla-su-declaracion-patrimonial-mam\/\" \/>\n<meta property=\"og:locale\" content=\"es_ES\" \/>\n<meta property=\"og:type\" content=\"article\" \/>\n<meta property=\"og:title\" content=\"Sonora en Equipo. Todos los servidores p\u00fablicos del Gobierno del Estado deber\u00e1n rendir su declaraci\u00f3n patrimonial: MAM Sonora\" \/>\n<meta property=\"og:description\" content=\"HERMOSILLO, SONORA. MX. \u2014\u00a0 Por disposici\u00f3n del Comit\u00e9 Coordinador del Sistema Nacional Anticorrupci\u00f3n (SNA) y como parte del compromiso con la rendici\u00f3n En Sonora en Equipo publicamos toda la informaci\u00f3n de Sonora, M\u00e9xico y el Mundo de manera oportuna y busca que la libertad de expresi\u00f3n sea real. Visita nuestro medio informativo publicado desde Hermosillo, Sonora. %\" \/>\n<meta property=\"og:url\" content=\"https:\/\/www.sonoraenequipo.com.mx\/todos-los-servidores-publicos-del-gobierno-del-estado-deberan-rendirla-su-declaracion-patrimonial-mam\/\" \/>\n<meta property=\"og:site_name\" content=\"Sonora en Equipo.\" \/>\n<meta property=\"article:publisher\" content=\"https:\/\/www.facebook.com\/SonoraEE\/\" \/>\n<meta property=\"article:author\" content=\"https:\/\/www.facebook.com\/SonoraEE\" \/>\n<meta property=\"article:published_time\" content=\"2021-05-06T00:50:57+00:00\" \/>\n<meta property=\"article:modified_time\" content=\"2021-05-06T02:29:45+00:00\" \/>\n<meta property=\"og:image\" content=\"https:\/\/www.sonoraenequipo.com.mx\/storage\/2021\/05\/miguel-angel-murillo_opt.jpg\" \/>\n\t<meta property=\"og:image:width\" content=\"663\" \/>\n\t<meta property=\"og:image:height\" content=\"450\" \/>\n\t<meta property=\"og:image:type\" content=\"image\/jpeg\" \/>\n<meta name=\"author\" content=\"enequipo\" \/>\n<meta name=\"twitter:card\" content=\"summary_large_image\" \/>\n<meta name=\"twitter:creator\" content=\"@sonoraenequipo\" \/>\n<meta name=\"twitter:site\" content=\"@sonoraenequipo\" \/>\n<meta name=\"twitter:label1\" content=\"Escrito por\" \/>\n\t<meta name=\"twitter:data1\" content=\"enequipo\" \/>\n\t<meta name=\"twitter:label2\" content=\"Tiempo de lectura\" \/>\n\t<meta name=\"twitter:data2\" content=\"3 minutos\" \/>\n<script type=\"application\/ld+json\" class=\"yoast-schema-graph\">{\"@context\":\"https:\/\/schema.org\",\"@graph\":[{\"@type\":\"Article\",\"@id\":\"https:\/\/www.sonoraenequipo.com.mx\/todos-los-servidores-publicos-del-gobierno-del-estado-deberan-rendirla-su-declaracion-patrimonial-mam\/#article\",\"isPartOf\":{\"@id\":\"https:\/\/www.sonoraenequipo.com.mx\/todos-los-servidores-publicos-del-gobierno-del-estado-deberan-rendirla-su-declaracion-patrimonial-mam\/\"},\"author\":{\"name\":\"enequipo\",\"@id\":\"https:\/\/www.sonoraenequipo.com.mx\/#\/schema\/person\/50102df0fb23a8fa9e8effad8fa81386\"},\"headline\":\"Todos los servidores p\u00fablicos del Gobierno del Estado deber\u00e1n rendir su declaraci\u00f3n patrimonial: MAM\",\"datePublished\":\"2021-05-06T00:50:57+00:00\",\"dateModified\":\"2021-05-06T02:29:45+00:00\",\"mainEntityOfPage\":{\"@id\":\"https:\/\/www.sonoraenequipo.com.mx\/todos-los-servidores-publicos-del-gobierno-del-estado-deberan-rendirla-su-declaracion-patrimonial-mam\/\"},\"wordCount\":560,\"commentCount\":0,\"publisher\":{\"@id\":\"https:\/\/www.sonoraenequipo.com.mx\/#organization\"},\"image\":{\"@id\":\"https:\/\/www.sonoraenequipo.com.mx\/todos-los-servidores-publicos-del-gobierno-del-estado-deberan-rendirla-su-declaracion-patrimonial-mam\/#primaryimage\"},\"thumbnailUrl\":\"https:\/\/www.sonoraenequipo.com.mx\/storage\/2021\/05\/miguel-angel-murillo_opt.jpg\",\"articleSection\":[\"Sonora\"],\"inLanguage\":\"es\",\"potentialAction\":[{\"@type\":\"CommentAction\",\"name\":\"Comment\",\"target\":[\"https:\/\/www.sonoraenequipo.com.mx\/todos-los-servidores-publicos-del-gobierno-del-estado-deberan-rendirla-su-declaracion-patrimonial-mam\/#respond\"]}]},{\"@type\":\"WebPage\",\"@id\":\"https:\/\/www.sonoraenequipo.com.mx\/todos-los-servidores-publicos-del-gobierno-del-estado-deberan-rendirla-su-declaracion-patrimonial-mam\/\",\"url\":\"https:\/\/www.sonoraenequipo.com.mx\/todos-los-servidores-publicos-del-gobierno-del-estado-deberan-rendirla-su-declaracion-patrimonial-mam\/\",\"name\":\"Sonora en Equipo. Todos los servidores p\u00fablicos del Gobierno del Estado deber\u00e1n rendir su declaraci\u00f3n patrimonial: MAM Sonora\",\"isPartOf\":{\"@id\":\"https:\/\/www.sonoraenequipo.com.mx\/#website\"},\"primaryImageOfPage\":{\"@id\":\"https:\/\/www.sonoraenequipo.com.mx\/todos-los-servidores-publicos-del-gobierno-del-estado-deberan-rendirla-su-declaracion-patrimonial-mam\/#primaryimage\"},\"image\":{\"@id\":\"https:\/\/www.sonoraenequipo.com.mx\/todos-los-servidores-publicos-del-gobierno-del-estado-deberan-rendirla-su-declaracion-patrimonial-mam\/#primaryimage\"},\"thumbnailUrl\":\"https:\/\/www.sonoraenequipo.com.mx\/storage\/2021\/05\/miguel-angel-murillo_opt.jpg\",\"datePublished\":\"2021-05-06T00:50:57+00:00\",\"dateModified\":\"2021-05-06T02:29:45+00:00\",\"description\":\"HERMOSILLO, SONORA. MX. \u2014\u00a0 Por disposici\u00f3n del Comit\u00e9 Coordinador del Sistema Nacional Anticorrupci\u00f3n (SNA) y como parte del compromiso con la rendici\u00f3n En Sonora en Equipo publicamos toda la informaci\u00f3n de Sonora, M\u00e9xico y el Mundo de manera oportuna y busca que la libertad de expresi\u00f3n sea real. Visita nuestro medio informativo publicado desde Hermosillo, Sonora. %\",\"breadcrumb\":{\"@id\":\"https:\/\/www.sonoraenequipo.com.mx\/todos-los-servidores-publicos-del-gobierno-del-estado-deberan-rendirla-su-declaracion-patrimonial-mam\/#breadcrumb\"},\"inLanguage\":\"es\",\"potentialAction\":[{\"@type\":\"ReadAction\",\"target\":[\"https:\/\/www.sonoraenequipo.com.mx\/todos-los-servidores-publicos-del-gobierno-del-estado-deberan-rendirla-su-declaracion-patrimonial-mam\/\"]}]},{\"@type\":\"ImageObject\",\"inLanguage\":\"es\",\"@id\":\"https:\/\/www.sonoraenequipo.com.mx\/todos-los-servidores-publicos-del-gobierno-del-estado-deberan-rendirla-su-declaracion-patrimonial-mam\/#primaryimage\",\"url\":\"https:\/\/www.sonoraenequipo.com.mx\/storage\/2021\/05\/miguel-angel-murillo_opt.jpg\",\"contentUrl\":\"https:\/\/www.sonoraenequipo.com.mx\/storage\/2021\/05\/miguel-angel-murillo_opt.jpg\",\"width\":663,\"height\":450},{\"@type\":\"BreadcrumbList\",\"@id\":\"https:\/\/www.sonoraenequipo.com.mx\/todos-los-servidores-publicos-del-gobierno-del-estado-deberan-rendirla-su-declaracion-patrimonial-mam\/#breadcrumb\",\"itemListElement\":[{\"@type\":\"ListItem\",\"position\":1,\"name\":\"Portada\",\"item\":\"https:\/\/www.sonoraenequipo.com.mx\/\"},{\"@type\":\"ListItem\",\"position\":2,\"name\":\"Todos los servidores p\u00fablicos del Gobierno del Estado deber\u00e1n rendir su declaraci\u00f3n patrimonial: MAM\"}]},{\"@type\":\"WebSite\",\"@id\":\"https:\/\/www.sonoraenequipo.com.mx\/#website\",\"url\":\"https:\/\/www.sonoraenequipo.com.mx\/\",\"name\":\"Sonora en Equipo.\",\"description\":\"Diario en l\u00ednea con Noticias desde Hermosillo, Sonora\",\"publisher\":{\"@id\":\"https:\/\/www.sonoraenequipo.com.mx\/#organization\"},\"potentialAction\":[{\"@type\":\"SearchAction\",\"target\":{\"@type\":\"EntryPoint\",\"urlTemplate\":\"https:\/\/www.sonoraenequipo.com.mx\/?s={search_term_string}\"},\"query-input\":{\"@type\":\"PropertyValueSpecification\",\"valueRequired\":true,\"valueName\":\"search_term_string\"}}],\"inLanguage\":\"es\"},{\"@type\":\"Organization\",\"@id\":\"https:\/\/www.sonoraenequipo.com.mx\/#organization\",\"name\":\"Sonoraenequipo.com.mx\",\"url\":\"https:\/\/www.sonoraenequipo.com.mx\/\",\"logo\":{\"@type\":\"ImageObject\",\"inLanguage\":\"es\",\"@id\":\"https:\/\/www.sonoraenequipo.com.mx\/#\/schema\/logo\/image\/\",\"url\":\"https:\/\/www.sonoraenequipo.com.mx\/storage\/2019\/01\/sonoraenequipo_opt.png\",\"contentUrl\":\"https:\/\/www.sonoraenequipo.com.mx\/storage\/2019\/01\/sonoraenequipo_opt.png\",\"width\":375,\"height\":125,\"caption\":\"Sonoraenequipo.com.mx\"},\"image\":{\"@id\":\"https:\/\/www.sonoraenequipo.com.mx\/#\/schema\/logo\/image\/\"},\"sameAs\":[\"https:\/\/www.facebook.com\/SonoraEE\/\",\"https:\/\/x.com\/sonoraenequipo\",\"https:\/\/www.youtube.com\/channel\/UC338nW-lPEYmJQs4ZABQ1SQ\"]},{\"@type\":\"Person\",\"@id\":\"https:\/\/www.sonoraenequipo.com.mx\/#\/schema\/person\/50102df0fb23a8fa9e8effad8fa81386\",\"name\":\"enequipo\",\"image\":{\"@type\":\"ImageObject\",\"inLanguage\":\"es\",\"@id\":\"https:\/\/www.sonoraenequipo.com.mx\/#\/schema\/person\/image\/\",\"url\":\"https:\/\/secure.gravatar.com\/avatar\/049821681b589dabc0bc20695993ccebb09f5b5d4d790cd9251b97faac7c652b?s=96&d=blank&r=g\",\"contentUrl\":\"https:\/\/secure.gravatar.com\/avatar\/049821681b589dabc0bc20695993ccebb09f5b5d4d790cd9251b97faac7c652b?s=96&d=blank&r=g\",\"caption\":\"enequipo\"},\"sameAs\":[\"https:\/\/www.facebook.com\/SonoraEE\"]}]}<\/script>\n ","yoast_head_json":{"title":"Sonora en Equipo. Todos los servidores p\u00fablicos del Gobierno del Estado deber\u00e1n rendir su declaraci\u00f3n patrimonial: MAM Sonora","description":"HERMOSILLO, SONORA. MX. \u2014\u00a0 Por disposici\u00f3n del Comit\u00e9 Coordinador del Sistema Nacional Anticorrupci\u00f3n (SNA) y como parte del compromiso con la rendici\u00f3n En Sonora en Equipo publicamos toda la informaci\u00f3n de Sonora, M\u00e9xico y el Mundo de manera oportuna y busca que la libertad de expresi\u00f3n sea real. Visita nuestro medio informativo publicado desde Hermosillo, Sonora. %","robots":{"index":"index","follow":"follow","max-snippet":"max-snippet:-1","max-image-preview":"max-image-preview:large","max-video-preview":"max-video-preview:-1"},"canonical":"https:\/\/www.sonoraenequipo.com.mx\/todos-los-servidores-publicos-del-gobierno-del-estado-deberan-rendirla-su-declaracion-patrimonial-mam\/","og_locale":"es_ES","og_type":"article","og_title":"Sonora en Equipo. Todos los servidores p\u00fablicos del Gobierno del Estado deber\u00e1n rendir su declaraci\u00f3n patrimonial: MAM Sonora","og_description":"HERMOSILLO, SONORA. MX. \u2014\u00a0 Por disposici\u00f3n del Comit\u00e9 Coordinador del Sistema Nacional Anticorrupci\u00f3n (SNA) y como parte del compromiso con la rendici\u00f3n En Sonora en Equipo publicamos toda la informaci\u00f3n de Sonora, M\u00e9xico y el Mundo de manera oportuna y busca que la libertad de expresi\u00f3n sea real. Visita nuestro medio informativo publicado desde Hermosillo, Sonora. %","og_url":"https:\/\/www.sonoraenequipo.com.mx\/todos-los-servidores-publicos-del-gobierno-del-estado-deberan-rendirla-su-declaracion-patrimonial-mam\/","og_site_name":"Sonora en Equipo.","article_publisher":"https:\/\/www.facebook.com\/SonoraEE\/","article_author":"https:\/\/www.facebook.com\/SonoraEE","article_published_time":"2021-05-06T00:50:57+00:00","article_modified_time":"2021-05-06T02:29:45+00:00","og_image":[{"width":663,"height":450,"url":"https:\/\/www.sonoraenequipo.com.mx\/storage\/2021\/05\/miguel-angel-murillo_opt.jpg","type":"image\/jpeg"}],"author":"enequipo","twitter_card":"summary_large_image","twitter_creator":"@sonoraenequipo","twitter_site":"@sonoraenequipo","twitter_misc":{"Escrito por":"enequipo","Tiempo de lectura":"3 minutos"},"schema":{"@context":"https:\/\/schema.org","@graph":[{"@type":"Article","@id":"https:\/\/www.sonoraenequipo.com.mx\/todos-los-servidores-publicos-del-gobierno-del-estado-deberan-rendirla-su-declaracion-patrimonial-mam\/#article","isPartOf":{"@id":"https:\/\/www.sonoraenequipo.com.mx\/todos-los-servidores-publicos-del-gobierno-del-estado-deberan-rendirla-su-declaracion-patrimonial-mam\/"},"author":{"name":"enequipo","@id":"https:\/\/www.sonoraenequipo.com.mx\/#\/schema\/person\/50102df0fb23a8fa9e8effad8fa81386"},"headline":"Todos los servidores p\u00fablicos del Gobierno del Estado deber\u00e1n rendir su declaraci\u00f3n patrimonial: MAM","datePublished":"2021-05-06T00:50:57+00:00","dateModified":"2021-05-06T02:29:45+00:00","mainEntityOfPage":{"@id":"https:\/\/www.sonoraenequipo.com.mx\/todos-los-servidores-publicos-del-gobierno-del-estado-deberan-rendirla-su-declaracion-patrimonial-mam\/"},"wordCount":560,"commentCount":0,"publisher":{"@id":"https:\/\/www.sonoraenequipo.com.mx\/#organization"},"image":{"@id":"https:\/\/www.sonoraenequipo.com.mx\/todos-los-servidores-publicos-del-gobierno-del-estado-deberan-rendirla-su-declaracion-patrimonial-mam\/#primaryimage"},"thumbnailUrl":"https:\/\/www.sonoraenequipo.com.mx\/storage\/2021\/05\/miguel-angel-murillo_opt.jpg","articleSection":["Sonora"],"inLanguage":"es","potentialAction":[{"@type":"CommentAction","name":"Comment","target":["https:\/\/www.sonoraenequipo.com.mx\/todos-los-servidores-publicos-del-gobierno-del-estado-deberan-rendirla-su-declaracion-patrimonial-mam\/#respond"]}]},{"@type":"WebPage","@id":"https:\/\/www.sonoraenequipo.com.mx\/todos-los-servidores-publicos-del-gobierno-del-estado-deberan-rendirla-su-declaracion-patrimonial-mam\/","url":"https:\/\/www.sonoraenequipo.com.mx\/todos-los-servidores-publicos-del-gobierno-del-estado-deberan-rendirla-su-declaracion-patrimonial-mam\/","name":"Sonora en Equipo. Todos los servidores p\u00fablicos del Gobierno del Estado deber\u00e1n rendir su declaraci\u00f3n patrimonial: MAM Sonora","isPartOf":{"@id":"https:\/\/www.sonoraenequipo.com.mx\/#website"},"primaryImageOfPage":{"@id":"https:\/\/www.sonoraenequipo.com.mx\/todos-los-servidores-publicos-del-gobierno-del-estado-deberan-rendirla-su-declaracion-patrimonial-mam\/#primaryimage"},"image":{"@id":"https:\/\/www.sonoraenequipo.com.mx\/todos-los-servidores-publicos-del-gobierno-del-estado-deberan-rendirla-su-declaracion-patrimonial-mam\/#primaryimage"},"thumbnailUrl":"https:\/\/www.sonoraenequipo.com.mx\/storage\/2021\/05\/miguel-angel-murillo_opt.jpg","datePublished":"2021-05-06T00:50:57+00:00","dateModified":"2021-05-06T02:29:45+00:00","description":"HERMOSILLO, SONORA. MX. \u2014\u00a0 Por disposici\u00f3n del Comit\u00e9 Coordinador del Sistema Nacional Anticorrupci\u00f3n (SNA) y como parte del compromiso con la rendici\u00f3n En Sonora en Equipo publicamos toda la informaci\u00f3n de Sonora, M\u00e9xico y el Mundo de manera oportuna y busca que la libertad de expresi\u00f3n sea real. Visita nuestro medio informativo publicado desde Hermosillo, Sonora. %","breadcrumb":{"@id":"https:\/\/www.sonoraenequipo.com.mx\/todos-los-servidores-publicos-del-gobierno-del-estado-deberan-rendirla-su-declaracion-patrimonial-mam\/#breadcrumb"},"inLanguage":"es","potentialAction":[{"@type":"ReadAction","target":["https:\/\/www.sonoraenequipo.com.mx\/todos-los-servidores-publicos-del-gobierno-del-estado-deberan-rendirla-su-declaracion-patrimonial-mam\/"]}]},{"@type":"ImageObject","inLanguage":"es","@id":"https:\/\/www.sonoraenequipo.com.mx\/todos-los-servidores-publicos-del-gobierno-del-estado-deberan-rendirla-su-declaracion-patrimonial-mam\/#primaryimage","url":"https:\/\/www.sonoraenequipo.com.mx\/storage\/2021\/05\/miguel-angel-murillo_opt.jpg","contentUrl":"https:\/\/www.sonoraenequipo.com.mx\/storage\/2021\/05\/miguel-angel-murillo_opt.jpg","width":663,"height":450},{"@type":"BreadcrumbList","@id":"https:\/\/www.sonoraenequipo.com.mx\/todos-los-servidores-publicos-del-gobierno-del-estado-deberan-rendirla-su-declaracion-patrimonial-mam\/#breadcrumb","itemListElement":[{"@type":"ListItem","position":1,"name":"Portada","item":"https:\/\/www.sonoraenequipo.com.mx\/"},{"@type":"ListItem","position":2,"name":"Todos los servidores p\u00fablicos del Gobierno del Estado deber\u00e1n rendir su declaraci\u00f3n patrimonial: MAM"}]},{"@type":"WebSite","@id":"https:\/\/www.sonoraenequipo.com.mx\/#website","url":"https:\/\/www.sonoraenequipo.com.mx\/","name":"Sonora en Equipo.","description":"Diario en l\u00ednea con Noticias desde Hermosillo, Sonora","publisher":{"@id":"https:\/\/www.sonoraenequipo.com.mx\/#organization"},"potentialAction":[{"@type":"SearchAction","target":{"@type":"EntryPoint","urlTemplate":"https:\/\/www.sonoraenequipo.com.mx\/?s={search_term_string}"},"query-input":{"@type":"PropertyValueSpecification","valueRequired":true,"valueName":"search_term_string"}}],"inLanguage":"es"},{"@type":"Organization","@id":"https:\/\/www.sonoraenequipo.com.mx\/#organization","name":"Sonoraenequipo.com.mx","url":"https:\/\/www.sonoraenequipo.com.mx\/","logo":{"@type":"ImageObject","inLanguage":"es","@id":"https:\/\/www.sonoraenequipo.com.mx\/#\/schema\/logo\/image\/","url":"https:\/\/www.sonoraenequipo.com.mx\/storage\/2019\/01\/sonoraenequipo_opt.png","contentUrl":"https:\/\/www.sonoraenequipo.com.mx\/storage\/2019\/01\/sonoraenequipo_opt.png","width":375,"height":125,"caption":"Sonoraenequipo.com.mx"},"image":{"@id":"https:\/\/www.sonoraenequipo.com.mx\/#\/schema\/logo\/image\/"},"sameAs":["https:\/\/www.facebook.com\/SonoraEE\/","https:\/\/x.com\/sonoraenequipo","https:\/\/www.youtube.com\/channel\/UC338nW-lPEYmJQs4ZABQ1SQ"]},{"@type":"Person","@id":"https:\/\/www.sonoraenequipo.com.mx\/#\/schema\/person\/50102df0fb23a8fa9e8effad8fa81386","name":"enequipo","image":{"@type":"ImageObject","inLanguage":"es","@id":"https:\/\/www.sonoraenequipo.com.mx\/#\/schema\/person\/image\/","url":"https:\/\/secure.gravatar.com\/avatar\/049821681b589dabc0bc20695993ccebb09f5b5d4d790cd9251b97faac7c652b?s=96&d=blank&r=g","contentUrl":"https:\/\/secure.gravatar.com\/avatar\/049821681b589dabc0bc20695993ccebb09f5b5d4d790cd9251b97faac7c652b?s=96&d=blank&r=g","caption":"enequipo"},"sameAs":["https:\/\/www.facebook.com\/SonoraEE"]}]}},"jetpack_featured_media_url":"https:\/\/www.sonoraenequipo.com.mx\/storage\/2021\/05\/miguel-angel-murillo_opt.jpg","_links":{"self":[{"href":"https:\/\/www.sonoraenequipo.com.mx\/api\/wp\/v2\/posts\/113227","targetHints":{"allow":["GET"]}}],"collection":[{"href":"https:\/\/www.sonoraenequipo.com.mx\/api\/wp\/v2\/posts"}],"about":[{"href":"https:\/\/www.sonoraenequipo.com.mx\/api\/wp\/v2\/types\/post"}],"author":[{"embeddable":true,"href":"https:\/\/www.sonoraenequipo.com.mx\/api\/wp\/v2\/users\/1"}],"replies":[{"embeddable":true,"href":"https:\/\/www.sonoraenequipo.com.mx\/api\/wp\/v2\/comments?post=113227"}],"version-history":[{"count":3,"href":"https:\/\/www.sonoraenequipo.com.mx\/api\/wp\/v2\/posts\/113227\/revisions"}],"predecessor-version":[{"id":113246,"href":"https:\/\/www.sonoraenequipo.com.mx\/api\/wp\/v2\/posts\/113227\/revisions\/113246"}],"wp:featuredmedia":[{"embeddable":true,"href":"https:\/\/www.sonoraenequipo.com.mx\/api\/wp\/v2\/media\/113228"}],"wp:attachment":[{"href":"https:\/\/www.sonoraenequipo.com.mx\/api\/wp\/v2\/media?parent=113227"}],"wp:term":[{"taxonomy":"category","embeddable":true,"href":"https:\/\/www.sonoraenequipo.com.mx\/api\/wp\/v2\/categories?post=113227"},{"taxonomy":"post_tag","embeddable":true,"href":"https:\/\/www.sonoraenequipo.com.mx\/api\/wp\/v2\/tags?post=113227"}],"curies":[{"name":"wp","href":"https:\/\/api.w.org\/{rel}","templated":true}]}}