{"id":113236,"date":"2021-05-05T19:15:07","date_gmt":"2021-05-06T02:15:07","guid":{"rendered":"https:\/\/www.sonoraenequipo.com.mx\/?p=113236"},"modified":"2021-05-05T19:06:12","modified_gmt":"2021-05-06T02:06:12","slug":"celebremos-el-48-aniversario-de-la-biblioteca-jesus-corral-ruiz","status":"publish","type":"post","link":"https:\/\/www.sonoraenequipo.com.mx\/celebremos-el-48-aniversario-de-la-biblioteca-jesus-corral-ruiz\/","title":{"rendered":"Celebremos el 48 aniversario de la Biblioteca Jes\u00fas Corral Ruiz"},"content":{"rendered":"<p>HERMOSILLO, SONORA. MX.\u2014 Este 5 de mayo se celebra el 48 aniversario de la Biblioteca Jes\u00fas Corral Ruiz con sede en Ciudad Obreg\u00f3n, Sonora, inaugurada en 1973 en la planta baja de la Uni\u00f3n de Cr\u00e9dito Agr\u00edcola del Yaqui, con 3 mil 500 libros que hoy ascienden a 48 mil.<\/p>\n<p>&nbsp;<\/p>\n<p> <\/p>\n<p>&nbsp;<\/p>\n<p>&nbsp;<\/p>\n<p>Mario Welfo \u00c1lvarez Beltr\u00e1n, director general del Instituto Sonorense de Cultura (ISC), destac\u00f3 la importancia de este centro cultural adscrito a la instituci\u00f3n desde 2017, bajo la coordinaci\u00f3n de la maestra Silvia Ceballos Mu\u00f1oz y que desde marzo de 2020 ha mantenido su contacto con la comunidad, a trav\u00e9s de las redes sociales ante las disposiciones de salud.<\/p>\n<p>&nbsp;<\/p>\n<p>&nbsp;<\/p>\n<p><em>\u201cA 48 a\u00f1os de sus inicios festejamos, honramos y reconocemos a todas las personas que han puesto su granito de arena para contribuir a la formaci\u00f3n y sostenimiento de este gran espacio. Nuestros deseos son que cumplan muchos a\u00f1os m\u00e1s y que sigan siendo un polo de referencia para el desarrollo cultural del sur de Sonora\u201d,<\/em> expres\u00f3.<\/p>\n<p>&nbsp;<\/p>\n<p>&nbsp;<\/p>\n<p>El acervo del fondo hemerogr\u00e1fico de la Biblioteca inici\u00f3 con la donaci\u00f3n de los peri\u00f3dicos Diario del Yaqui y Tribuna del Yaqui. Actualmente, se cuenta con peri\u00f3dicos estatales y federales como El Imparcial, Expreso, el Bolet\u00edn Oficial del Estado de Sonora y el Diario Oficial de la Federaci\u00f3n, as\u00ed como revistas de diferentes contenidos tem\u00e1ticos, los cuales pueden ser consultados en sala en su soporte f\u00edsico y, desde este a\u00f1o, en la plataforma\u00a0 <a href=\"http:\/\/jesuscorralruiz.isc.gob.mx\"><strong>http:\/\/jesuscorralruiz.isc.gob.mx<\/strong><\/a><\/p>\n<p>&nbsp;<\/p>\n<p>&nbsp;<\/p>\n<p>Para recordar los antecedentes y servicios de la biblioteca, ubicada en la calle 5 de Febrero esquina con Allende desde 1979, que lleva el nombre del periodista Jes\u00fas Corral Ruiz desde 1994, el ISC promueve un video realizado por Joel Alejandro de Labra Valenzuela, estudiante de Ingenier\u00eda en Producci\u00f3n Multimedia de la Universidad La Salle Noroeste, como parte de su servicio social en este espacio fundamental para la historia cultural de Sonora. El guion y la voz estuvieron a cargo de Jorge Ariel Espinoza Liz\u00e1rraga, encargado de Servicios Educativos de la propia biblioteca.<\/p>\n<p>&nbsp;<\/p>\n<p>Adem\u00e1s de ser biblioteca y hemeroteca, este espacio cuenta con el Auditorio \u201cAna Mar\u00eda Olea Encinas\u201d y una biblioteca infantil, videoteca, fonoteca, galer\u00eda de arte, donde ofrecen programas de fomento a la lectura y actividades art\u00edsticas y culturales; cuentan con pr\u00e9stamo a domicilio, m\u00f3dulo de servicios digitales con acceso a Internet.<\/p>\n<p>&nbsp;<\/p>\n<p>&nbsp;<\/p>\n<p>(Publicada el 05\/05\/2021)<\/p>\n","protected":false},"excerpt":{"rendered":"<p>HERMOSILLO, SONORA. MX.\u2014 Este 5 de mayo se celebra el 48 aniversario de la Biblioteca&#8230;<\/p>\n","protected":false},"author":1,"featured_media":113237,"comment_status":"open","ping_status":"open","sticky":false,"template":"","format":"standard","meta":{"_monsterinsights_skip_tracking":false,"_monsterinsights_sitenote_active":false,"_monsterinsights_sitenote_note":"","_monsterinsights_sitenote_category":0,"footnotes":""},"categories":[22],"tags":[],"class_list":["post"],"yoast_head":" \n<title>Sonora en Equipo. Celebremos el 48 aniversario de la Biblioteca Jes\u00fas Corral Ruiz Sonora<\/title>\n<meta name=\"description\" content=\"HERMOSILLO, SONORA. MX.\u2014 Este 5 de mayo se celebra el 48 aniversario de la Biblioteca Jes\u00fas Corral Ruiz con sede en Ciudad Obreg\u00f3n, Sonora, inaugurada en En Sonora en Equipo publicamos toda la informaci\u00f3n de Sonora, M\u00e9xico y el Mundo de manera oportuna y busca que la libertad de expresi\u00f3n sea real. Visita nuestro medio informativo publicado desde Hermosillo, Sonora. %\" \/>\n<meta name=\"robots\" content=\"index, follow, max-snippet:-1, max-image-preview:large, max-video-preview:-1\" \/>\n<link rel=\"canonical\" href=\"https:\/\/www.sonoraenequipo.com.mx\/celebremos-el-48-aniversario-de-la-biblioteca-jesus-corral-ruiz\/\" \/>\n<meta property=\"og:locale\" content=\"es_ES\" \/>\n<meta property=\"og:type\" content=\"article\" \/>\n<meta property=\"og:title\" content=\"Sonora en Equipo. Celebremos el 48 aniversario de la Biblioteca Jes\u00fas Corral Ruiz Sonora\" \/>\n<meta property=\"og:description\" content=\"HERMOSILLO, SONORA. MX.\u2014 Este 5 de mayo se celebra el 48 aniversario de la Biblioteca Jes\u00fas Corral Ruiz con sede en Ciudad Obreg\u00f3n, Sonora, inaugurada en En Sonora en Equipo publicamos toda la informaci\u00f3n de Sonora, M\u00e9xico y el Mundo de manera oportuna y busca que la libertad de expresi\u00f3n sea real. Visita nuestro medio informativo publicado desde Hermosillo, Sonora. %\" \/>\n<meta property=\"og:url\" content=\"https:\/\/www.sonoraenequipo.com.mx\/celebremos-el-48-aniversario-de-la-biblioteca-jesus-corral-ruiz\/\" \/>\n<meta property=\"og:site_name\" content=\"Sonora en Equipo.\" \/>\n<meta property=\"article:publisher\" content=\"https:\/\/www.facebook.com\/SonoraEE\/\" \/>\n<meta property=\"article:author\" content=\"https:\/\/www.facebook.com\/SonoraEE\" \/>\n<meta property=\"article:published_time\" content=\"2021-05-06T02:15:07+00:00\" \/>\n<meta property=\"og:image\" content=\"https:\/\/www.sonoraenequipo.com.mx\/storage\/2021\/05\/Biblioteca-Jesus-Corral-Ruiz_opt.jpg\" \/>\n\t<meta property=\"og:image:width\" content=\"675\" \/>\n\t<meta property=\"og:image:height\" content=\"450\" \/>\n\t<meta property=\"og:image:type\" content=\"image\/jpeg\" \/>\n<meta name=\"author\" content=\"enequipo\" \/>\n<meta name=\"twitter:card\" content=\"summary_large_image\" \/>\n<meta name=\"twitter:creator\" content=\"@sonoraenequipo\" \/>\n<meta name=\"twitter:site\" content=\"@sonoraenequipo\" \/>\n<meta name=\"twitter:label1\" content=\"Escrito por\" \/>\n\t<meta name=\"twitter:data1\" content=\"enequipo\" \/>\n\t<meta name=\"twitter:label2\" content=\"Tiempo de lectura\" \/>\n\t<meta name=\"twitter:data2\" content=\"2 minutos\" \/>\n<script type=\"application\/ld+json\" class=\"yoast-schema-graph\">{\"@context\":\"https:\/\/schema.org\",\"@graph\":[{\"@type\":\"Article\",\"@id\":\"https:\/\/www.sonoraenequipo.com.mx\/celebremos-el-48-aniversario-de-la-biblioteca-jesus-corral-ruiz\/#article\",\"isPartOf\":{\"@id\":\"https:\/\/www.sonoraenequipo.com.mx\/celebremos-el-48-aniversario-de-la-biblioteca-jesus-corral-ruiz\/\"},\"author\":{\"name\":\"enequipo\",\"@id\":\"https:\/\/www.sonoraenequipo.com.mx\/#\/schema\/person\/50102df0fb23a8fa9e8effad8fa81386\"},\"headline\":\"Celebremos el 48 aniversario de la Biblioteca Jes\u00fas Corral Ruiz\",\"datePublished\":\"2021-05-06T02:15:07+00:00\",\"mainEntityOfPage\":{\"@id\":\"https:\/\/www.sonoraenequipo.com.mx\/celebremos-el-48-aniversario-de-la-biblioteca-jesus-corral-ruiz\/\"},\"wordCount\":432,\"commentCount\":0,\"publisher\":{\"@id\":\"https:\/\/www.sonoraenequipo.com.mx\/#organization\"},\"image\":{\"@id\":\"https:\/\/www.sonoraenequipo.com.mx\/celebremos-el-48-aniversario-de-la-biblioteca-jesus-corral-ruiz\/#primaryimage\"},\"thumbnailUrl\":\"https:\/\/www.sonoraenequipo.com.mx\/storage\/2021\/05\/Biblioteca-Jesus-Corral-Ruiz_opt.jpg\",\"articleSection\":[\"Sonora\"],\"inLanguage\":\"es\",\"potentialAction\":[{\"@type\":\"CommentAction\",\"name\":\"Comment\",\"target\":[\"https:\/\/www.sonoraenequipo.com.mx\/celebremos-el-48-aniversario-de-la-biblioteca-jesus-corral-ruiz\/#respond\"]}]},{\"@type\":\"WebPage\",\"@id\":\"https:\/\/www.sonoraenequipo.com.mx\/celebremos-el-48-aniversario-de-la-biblioteca-jesus-corral-ruiz\/\",\"url\":\"https:\/\/www.sonoraenequipo.com.mx\/celebremos-el-48-aniversario-de-la-biblioteca-jesus-corral-ruiz\/\",\"name\":\"Sonora en Equipo. Celebremos el 48 aniversario de la Biblioteca Jes\u00fas Corral Ruiz Sonora\",\"isPartOf\":{\"@id\":\"https:\/\/www.sonoraenequipo.com.mx\/#website\"},\"primaryImageOfPage\":{\"@id\":\"https:\/\/www.sonoraenequipo.com.mx\/celebremos-el-48-aniversario-de-la-biblioteca-jesus-corral-ruiz\/#primaryimage\"},\"image\":{\"@id\":\"https:\/\/www.sonoraenequipo.com.mx\/celebremos-el-48-aniversario-de-la-biblioteca-jesus-corral-ruiz\/#primaryimage\"},\"thumbnailUrl\":\"https:\/\/www.sonoraenequipo.com.mx\/storage\/2021\/05\/Biblioteca-Jesus-Corral-Ruiz_opt.jpg\",\"datePublished\":\"2021-05-06T02:15:07+00:00\",\"description\":\"HERMOSILLO, SONORA. MX.\u2014 Este 5 de mayo se celebra el 48 aniversario de la Biblioteca Jes\u00fas Corral Ruiz con sede en Ciudad Obreg\u00f3n, Sonora, inaugurada en En Sonora en Equipo publicamos toda la informaci\u00f3n de Sonora, M\u00e9xico y el Mundo de manera oportuna y busca que la libertad de expresi\u00f3n sea real. Visita nuestro medio informativo publicado desde Hermosillo, Sonora. %\",\"breadcrumb\":{\"@id\":\"https:\/\/www.sonoraenequipo.com.mx\/celebremos-el-48-aniversario-de-la-biblioteca-jesus-corral-ruiz\/#breadcrumb\"},\"inLanguage\":\"es\",\"potentialAction\":[{\"@type\":\"ReadAction\",\"target\":[\"https:\/\/www.sonoraenequipo.com.mx\/celebremos-el-48-aniversario-de-la-biblioteca-jesus-corral-ruiz\/\"]}]},{\"@type\":\"ImageObject\",\"inLanguage\":\"es\",\"@id\":\"https:\/\/www.sonoraenequipo.com.mx\/celebremos-el-48-aniversario-de-la-biblioteca-jesus-corral-ruiz\/#primaryimage\",\"url\":\"https:\/\/www.sonoraenequipo.com.mx\/storage\/2021\/05\/Biblioteca-Jesus-Corral-Ruiz_opt.jpg\",\"contentUrl\":\"https:\/\/www.sonoraenequipo.com.mx\/storage\/2021\/05\/Biblioteca-Jesus-Corral-Ruiz_opt.jpg\",\"width\":675,\"height\":450},{\"@type\":\"BreadcrumbList\",\"@id\":\"https:\/\/www.sonoraenequipo.com.mx\/celebremos-el-48-aniversario-de-la-biblioteca-jesus-corral-ruiz\/#breadcrumb\",\"itemListElement\":[{\"@type\":\"ListItem\",\"position\":1,\"name\":\"Portada\",\"item\":\"https:\/\/www.sonoraenequipo.com.mx\/\"},{\"@type\":\"ListItem\",\"position\":2,\"name\":\"Celebremos el 48 aniversario de la Biblioteca Jes\u00fas Corral Ruiz\"}]},{\"@type\":\"WebSite\",\"@id\":\"https:\/\/www.sonoraenequipo.com.mx\/#website\",\"url\":\"https:\/\/www.sonoraenequipo.com.mx\/\",\"name\":\"Sonora en Equipo.\",\"description\":\"Diario en l\u00ednea con Noticias desde Hermosillo, Sonora\",\"publisher\":{\"@id\":\"https:\/\/www.sonoraenequipo.com.mx\/#organization\"},\"potentialAction\":[{\"@type\":\"SearchAction\",\"target\":{\"@type\":\"EntryPoint\",\"urlTemplate\":\"https:\/\/www.sonoraenequipo.com.mx\/?s={search_term_string}\"},\"query-input\":{\"@type\":\"PropertyValueSpecification\",\"valueRequired\":true,\"valueName\":\"search_term_string\"}}],\"inLanguage\":\"es\"},{\"@type\":\"Organization\",\"@id\":\"https:\/\/www.sonoraenequipo.com.mx\/#organization\",\"name\":\"Sonoraenequipo.com.mx\",\"url\":\"https:\/\/www.sonoraenequipo.com.mx\/\",\"logo\":{\"@type\":\"ImageObject\",\"inLanguage\":\"es\",\"@id\":\"https:\/\/www.sonoraenequipo.com.mx\/#\/schema\/logo\/image\/\",\"url\":\"https:\/\/www.sonoraenequipo.com.mx\/storage\/2019\/01\/sonoraenequipo_opt.png\",\"contentUrl\":\"https:\/\/www.sonoraenequipo.com.mx\/storage\/2019\/01\/sonoraenequipo_opt.png\",\"width\":375,\"height\":125,\"caption\":\"Sonoraenequipo.com.mx\"},\"image\":{\"@id\":\"https:\/\/www.sonoraenequipo.com.mx\/#\/schema\/logo\/image\/\"},\"sameAs\":[\"https:\/\/www.facebook.com\/SonoraEE\/\",\"https:\/\/x.com\/sonoraenequipo\",\"https:\/\/www.youtube.com\/channel\/UC338nW-lPEYmJQs4ZABQ1SQ\"]},{\"@type\":\"Person\",\"@id\":\"https:\/\/www.sonoraenequipo.com.mx\/#\/schema\/person\/50102df0fb23a8fa9e8effad8fa81386\",\"name\":\"enequipo\",\"image\":{\"@type\":\"ImageObject\",\"inLanguage\":\"es\",\"@id\":\"https:\/\/www.sonoraenequipo.com.mx\/#\/schema\/person\/image\/\",\"url\":\"https:\/\/secure.gravatar.com\/avatar\/049821681b589dabc0bc20695993ccebb09f5b5d4d790cd9251b97faac7c652b?s=96&d=blank&r=g\",\"contentUrl\":\"https:\/\/secure.gravatar.com\/avatar\/049821681b589dabc0bc20695993ccebb09f5b5d4d790cd9251b97faac7c652b?s=96&d=blank&r=g\",\"caption\":\"enequipo\"},\"sameAs\":[\"https:\/\/www.facebook.com\/SonoraEE\"]}]}<\/script>\n ","yoast_head_json":{"title":"Sonora en Equipo. Celebremos el 48 aniversario de la Biblioteca Jes\u00fas Corral Ruiz Sonora","description":"HERMOSILLO, SONORA. MX.\u2014 Este 5 de mayo se celebra el 48 aniversario de la Biblioteca Jes\u00fas Corral Ruiz con sede en Ciudad Obreg\u00f3n, Sonora, inaugurada en En Sonora en Equipo publicamos toda la informaci\u00f3n de Sonora, M\u00e9xico y el Mundo de manera oportuna y busca que la libertad de expresi\u00f3n sea real. Visita nuestro medio informativo publicado desde Hermosillo, Sonora. %","robots":{"index":"index","follow":"follow","max-snippet":"max-snippet:-1","max-image-preview":"max-image-preview:large","max-video-preview":"max-video-preview:-1"},"canonical":"https:\/\/www.sonoraenequipo.com.mx\/celebremos-el-48-aniversario-de-la-biblioteca-jesus-corral-ruiz\/","og_locale":"es_ES","og_type":"article","og_title":"Sonora en Equipo. Celebremos el 48 aniversario de la Biblioteca Jes\u00fas Corral Ruiz Sonora","og_description":"HERMOSILLO, SONORA. MX.\u2014 Este 5 de mayo se celebra el 48 aniversario de la Biblioteca Jes\u00fas Corral Ruiz con sede en Ciudad Obreg\u00f3n, Sonora, inaugurada en En Sonora en Equipo publicamos toda la informaci\u00f3n de Sonora, M\u00e9xico y el Mundo de manera oportuna y busca que la libertad de expresi\u00f3n sea real. Visita nuestro medio informativo publicado desde Hermosillo, Sonora. %","og_url":"https:\/\/www.sonoraenequipo.com.mx\/celebremos-el-48-aniversario-de-la-biblioteca-jesus-corral-ruiz\/","og_site_name":"Sonora en Equipo.","article_publisher":"https:\/\/www.facebook.com\/SonoraEE\/","article_author":"https:\/\/www.facebook.com\/SonoraEE","article_published_time":"2021-05-06T02:15:07+00:00","og_image":[{"width":675,"height":450,"url":"https:\/\/www.sonoraenequipo.com.mx\/storage\/2021\/05\/Biblioteca-Jesus-Corral-Ruiz_opt.jpg","type":"image\/jpeg"}],"author":"enequipo","twitter_card":"summary_large_image","twitter_creator":"@sonoraenequipo","twitter_site":"@sonoraenequipo","twitter_misc":{"Escrito por":"enequipo","Tiempo de lectura":"2 minutos"},"schema":{"@context":"https:\/\/schema.org","@graph":[{"@type":"Article","@id":"https:\/\/www.sonoraenequipo.com.mx\/celebremos-el-48-aniversario-de-la-biblioteca-jesus-corral-ruiz\/#article","isPartOf":{"@id":"https:\/\/www.sonoraenequipo.com.mx\/celebremos-el-48-aniversario-de-la-biblioteca-jesus-corral-ruiz\/"},"author":{"name":"enequipo","@id":"https:\/\/www.sonoraenequipo.com.mx\/#\/schema\/person\/50102df0fb23a8fa9e8effad8fa81386"},"headline":"Celebremos el 48 aniversario de la Biblioteca Jes\u00fas Corral Ruiz","datePublished":"2021-05-06T02:15:07+00:00","mainEntityOfPage":{"@id":"https:\/\/www.sonoraenequipo.com.mx\/celebremos-el-48-aniversario-de-la-biblioteca-jesus-corral-ruiz\/"},"wordCount":432,"commentCount":0,"publisher":{"@id":"https:\/\/www.sonoraenequipo.com.mx\/#organization"},"image":{"@id":"https:\/\/www.sonoraenequipo.com.mx\/celebremos-el-48-aniversario-de-la-biblioteca-jesus-corral-ruiz\/#primaryimage"},"thumbnailUrl":"https:\/\/www.sonoraenequipo.com.mx\/storage\/2021\/05\/Biblioteca-Jesus-Corral-Ruiz_opt.jpg","articleSection":["Sonora"],"inLanguage":"es","potentialAction":[{"@type":"CommentAction","name":"Comment","target":["https:\/\/www.sonoraenequipo.com.mx\/celebremos-el-48-aniversario-de-la-biblioteca-jesus-corral-ruiz\/#respond"]}]},{"@type":"WebPage","@id":"https:\/\/www.sonoraenequipo.com.mx\/celebremos-el-48-aniversario-de-la-biblioteca-jesus-corral-ruiz\/","url":"https:\/\/www.sonoraenequipo.com.mx\/celebremos-el-48-aniversario-de-la-biblioteca-jesus-corral-ruiz\/","name":"Sonora en Equipo. Celebremos el 48 aniversario de la Biblioteca Jes\u00fas Corral Ruiz Sonora","isPartOf":{"@id":"https:\/\/www.sonoraenequipo.com.mx\/#website"},"primaryImageOfPage":{"@id":"https:\/\/www.sonoraenequipo.com.mx\/celebremos-el-48-aniversario-de-la-biblioteca-jesus-corral-ruiz\/#primaryimage"},"image":{"@id":"https:\/\/www.sonoraenequipo.com.mx\/celebremos-el-48-aniversario-de-la-biblioteca-jesus-corral-ruiz\/#primaryimage"},"thumbnailUrl":"https:\/\/www.sonoraenequipo.com.mx\/storage\/2021\/05\/Biblioteca-Jesus-Corral-Ruiz_opt.jpg","datePublished":"2021-05-06T02:15:07+00:00","description":"HERMOSILLO, SONORA. MX.\u2014 Este 5 de mayo se celebra el 48 aniversario de la Biblioteca Jes\u00fas Corral Ruiz con sede en Ciudad Obreg\u00f3n, Sonora, inaugurada en En Sonora en Equipo publicamos toda la informaci\u00f3n de Sonora, M\u00e9xico y el Mundo de manera oportuna y busca que la libertad de expresi\u00f3n sea real. Visita nuestro medio informativo publicado desde Hermosillo, Sonora. %","breadcrumb":{"@id":"https:\/\/www.sonoraenequipo.com.mx\/celebremos-el-48-aniversario-de-la-biblioteca-jesus-corral-ruiz\/#breadcrumb"},"inLanguage":"es","potentialAction":[{"@type":"ReadAction","target":["https:\/\/www.sonoraenequipo.com.mx\/celebremos-el-48-aniversario-de-la-biblioteca-jesus-corral-ruiz\/"]}]},{"@type":"ImageObject","inLanguage":"es","@id":"https:\/\/www.sonoraenequipo.com.mx\/celebremos-el-48-aniversario-de-la-biblioteca-jesus-corral-ruiz\/#primaryimage","url":"https:\/\/www.sonoraenequipo.com.mx\/storage\/2021\/05\/Biblioteca-Jesus-Corral-Ruiz_opt.jpg","contentUrl":"https:\/\/www.sonoraenequipo.com.mx\/storage\/2021\/05\/Biblioteca-Jesus-Corral-Ruiz_opt.jpg","width":675,"height":450},{"@type":"BreadcrumbList","@id":"https:\/\/www.sonoraenequipo.com.mx\/celebremos-el-48-aniversario-de-la-biblioteca-jesus-corral-ruiz\/#breadcrumb","itemListElement":[{"@type":"ListItem","position":1,"name":"Portada","item":"https:\/\/www.sonoraenequipo.com.mx\/"},{"@type":"ListItem","position":2,"name":"Celebremos el 48 aniversario de la Biblioteca Jes\u00fas Corral Ruiz"}]},{"@type":"WebSite","@id":"https:\/\/www.sonoraenequipo.com.mx\/#website","url":"https:\/\/www.sonoraenequipo.com.mx\/","name":"Sonora en Equipo.","description":"Diario en l\u00ednea con Noticias desde Hermosillo, Sonora","publisher":{"@id":"https:\/\/www.sonoraenequipo.com.mx\/#organization"},"potentialAction":[{"@type":"SearchAction","target":{"@type":"EntryPoint","urlTemplate":"https:\/\/www.sonoraenequipo.com.mx\/?s={search_term_string}"},"query-input":{"@type":"PropertyValueSpecification","valueRequired":true,"valueName":"search_term_string"}}],"inLanguage":"es"},{"@type":"Organization","@id":"https:\/\/www.sonoraenequipo.com.mx\/#organization","name":"Sonoraenequipo.com.mx","url":"https:\/\/www.sonoraenequipo.com.mx\/","logo":{"@type":"ImageObject","inLanguage":"es","@id":"https:\/\/www.sonoraenequipo.com.mx\/#\/schema\/logo\/image\/","url":"https:\/\/www.sonoraenequipo.com.mx\/storage\/2019\/01\/sonoraenequipo_opt.png","contentUrl":"https:\/\/www.sonoraenequipo.com.mx\/storage\/2019\/01\/sonoraenequipo_opt.png","width":375,"height":125,"caption":"Sonoraenequipo.com.mx"},"image":{"@id":"https:\/\/www.sonoraenequipo.com.mx\/#\/schema\/logo\/image\/"},"sameAs":["https:\/\/www.facebook.com\/SonoraEE\/","https:\/\/x.com\/sonoraenequipo","https:\/\/www.youtube.com\/channel\/UC338nW-lPEYmJQs4ZABQ1SQ"]},{"@type":"Person","@id":"https:\/\/www.sonoraenequipo.com.mx\/#\/schema\/person\/50102df0fb23a8fa9e8effad8fa81386","name":"enequipo","image":{"@type":"ImageObject","inLanguage":"es","@id":"https:\/\/www.sonoraenequipo.com.mx\/#\/schema\/person\/image\/","url":"https:\/\/secure.gravatar.com\/avatar\/049821681b589dabc0bc20695993ccebb09f5b5d4d790cd9251b97faac7c652b?s=96&d=blank&r=g","contentUrl":"https:\/\/secure.gravatar.com\/avatar\/049821681b589dabc0bc20695993ccebb09f5b5d4d790cd9251b97faac7c652b?s=96&d=blank&r=g","caption":"enequipo"},"sameAs":["https:\/\/www.facebook.com\/SonoraEE"]}]}},"jetpack_featured_media_url":"https:\/\/www.sonoraenequipo.com.mx\/storage\/2021\/05\/Biblioteca-Jesus-Corral-Ruiz_opt.jpg","_links":{"self":[{"href":"https:\/\/www.sonoraenequipo.com.mx\/api\/wp\/v2\/posts\/113236","targetHints":{"allow":["GET"]}}],"collection":[{"href":"https:\/\/www.sonoraenequipo.com.mx\/api\/wp\/v2\/posts"}],"about":[{"href":"https:\/\/www.sonoraenequipo.com.mx\/api\/wp\/v2\/types\/post"}],"author":[{"embeddable":true,"href":"https:\/\/www.sonoraenequipo.com.mx\/api\/wp\/v2\/users\/1"}],"replies":[{"embeddable":true,"href":"https:\/\/www.sonoraenequipo.com.mx\/api\/wp\/v2\/comments?post=113236"}],"version-history":[{"count":1,"href":"https:\/\/www.sonoraenequipo.com.mx\/api\/wp\/v2\/posts\/113236\/revisions"}],"predecessor-version":[{"id":113238,"href":"https:\/\/www.sonoraenequipo.com.mx\/api\/wp\/v2\/posts\/113236\/revisions\/113238"}],"wp:featuredmedia":[{"embeddable":true,"href":"https:\/\/www.sonoraenequipo.com.mx\/api\/wp\/v2\/media\/113237"}],"wp:attachment":[{"href":"https:\/\/www.sonoraenequipo.com.mx\/api\/wp\/v2\/media?parent=113236"}],"wp:term":[{"taxonomy":"category","embeddable":true,"href":"https:\/\/www.sonoraenequipo.com.mx\/api\/wp\/v2\/categories?post=113236"},{"taxonomy":"post_tag","embeddable":true,"href":"https:\/\/www.sonoraenequipo.com.mx\/api\/wp\/v2\/tags?post=113236"}],"curies":[{"name":"wp","href":"https:\/\/api.w.org\/{rel}","templated":true}]}}