{"id":113239,"date":"2021-05-05T18:32:24","date_gmt":"2021-05-06T01:32:24","guid":{"rendered":"https:\/\/www.sonoraenequipo.com.mx\/?p=113239"},"modified":"2021-05-05T19:12:50","modified_gmt":"2021-05-06T02:12:50","slug":"avanza-vacunacion-contra-covid-19-en-sonora-secretaria-de-salud","status":"publish","type":"post","link":"https:\/\/www.sonoraenequipo.com.mx\/avanza-vacunacion-contra-covid-19-en-sonora-secretaria-de-salud\/","title":{"rendered":"Avanza vacunaci\u00f3n contra COVID-19 en Sonora: Secretar\u00eda de Salud"},"content":{"rendered":"<p>HERMOSILLO, SONORA. MX. \u2014 La vacunaci\u00f3n contra COVID-19 avanza en Sonora con la aplicaci\u00f3n de la segunda dosis para completar el esquema en adultos mayores de 60 a\u00f1os en 38 localidades de la entidad y se prev\u00e9 que el 7 de mayo comience en 15 localidades, inform\u00f3 Enrique Clausen Iberri.<\/p>\n<p>&nbsp;<\/p>\n<p> <\/p>\n<p>&nbsp;<\/p>\n<p>El secretario de Salud en Sonora explic\u00f3 que la aplicaci\u00f3n de segunda dosis en mayores de 60 a\u00f1os de la vacuna de AstraZeneca presenta un avance de 71% en Altar, Y\u00e9cora, Maycoba, Benjam\u00edn Hill, Quiriego, Carb\u00f3, La Colorada, Suaqui Grande, \u00c1til, \u00d3navas, Oquitoa, San Javier, Tecoripa, Pitiquito, Rosario, S\u00e1ric, Tubutama, San Ignacio R\u00edo Muerto, Batacosa, Trincheras, Aconchi, Ban\u00e1michi, Bavi\u00e1cora, Ures, Ray\u00f3n, Opodepe, Bacanora, Sahuaripa, Arivechi, San Pedro de la Cueva, Villa Pesqueira, Soyopa y San Miguel de Horcasitas.<\/p>\n<p>&nbsp;<\/p>\n<p><em>\u2018\u2019Muchas gracias a todo el personal de las diferentes instituciones que hacen posible las jornadas de vacunaci\u00f3n contra COVID-19, sin duda sus esfuerzos han sido muy importantes\u2019<\/em>, declar\u00f3.<\/p>\n<p>&nbsp;<\/p>\n<p>Con la vacuna de Pfizer en Puerto Pe\u00f1asco la aplicaci\u00f3n de la segunda dosis est\u00e1 al 100% y Cajeme al 29%; mientras que la de Sinovac va al 88% en Navojoa, Agua Prieta y Nacozari de Garc\u00eda.<\/p>\n<p>&nbsp;<\/p>\n<p>Clausen Iberri se\u00f1al\u00f3 que del 7 al 9 mayo se aplicar\u00e1 la segunda dosis en adultos mayores de Moctezuma, Divisaderos, Tepache, Hu\u00e1sabas, Granados, Villa Hidalgo, N\u00e1cori Chico, Bacad\u00e9huahi, Bacanora, Sahuaripa, Arivechi, Arizpe, Cucurpe, Naco, Bacoachi, Fronteras, Esqueda- Huachinera, Bacerac y Bavispe.<\/p>\n<p>&nbsp;<\/p>\n<p>En cuanto a la aplicaci\u00f3n de la primer dosis en personas de 50 a 59 a\u00f1os de edad, dijo que se est\u00e1 al 25% con las dosis de Pfizer en los municipios de Puerto Pe\u00f1asco y Cananea y est\u00e1n siendo aplicadas 9 mil 036 vacunas a personal de salud p\u00fablico y privado de primera y segunda l\u00ednea de atenci\u00f3n en diferentes municipios de la entidad.<\/p>\n<p>&nbsp;<\/p>\n<p>Record\u00f3 que el proceso de vacunaci\u00f3n se lleva conforme al Plan Nacional y trabajan en coordinaci\u00f3n las diferentes instituciones como el Instituto Mexicano del Seguro Social (IMSS), Secretar\u00eda de Salud, Bienestar, Sedena, Semar, Guardia Nacional, entre otros.<\/p>\n<p>&nbsp;<\/p>\n<p>&nbsp;<\/p>\n<p>(Publicada el 05\/05\/2021)<\/p>\n","protected":false},"excerpt":{"rendered":"<p>HERMOSILLO, SONORA. MX. \u2014 La vacunaci\u00f3n contra COVID-19 avanza en Sonora con la aplicaci\u00f3n de&#8230;<\/p>\n","protected":false},"author":1,"featured_media":113243,"comment_status":"open","ping_status":"open","sticky":false,"template":"","format":"standard","meta":{"_monsterinsights_skip_tracking":false,"_monsterinsights_sitenote_active":false,"_monsterinsights_sitenote_note":"","_monsterinsights_sitenote_category":0,"footnotes":""},"categories":[22],"tags":[],"class_list":["post"],"yoast_head":" \n<title>Sonora en Equipo. Avanza vacunaci\u00f3n contra COVID-19 en Sonora: Secretar\u00eda de Salud Sonora<\/title>\n<meta name=\"description\" content=\"HERMOSILLO, SONORA. MX. \u2014 La vacunaci\u00f3n contra COVID-19 avanza en Sonora con la aplicaci\u00f3n de la segunda dosis para completar el esquema en adultos En Sonora en Equipo publicamos toda la informaci\u00f3n de Sonora, M\u00e9xico y el Mundo de manera oportuna y busca que la libertad de expresi\u00f3n sea real. Visita nuestro medio informativo publicado desde Hermosillo, Sonora. %\" \/>\n<meta name=\"robots\" content=\"index, follow, max-snippet:-1, max-image-preview:large, max-video-preview:-1\" \/>\n<link rel=\"canonical\" href=\"https:\/\/www.sonoraenequipo.com.mx\/avanza-vacunacion-contra-covid-19-en-sonora-secretaria-de-salud\/\" \/>\n<meta property=\"og:locale\" content=\"es_ES\" \/>\n<meta property=\"og:type\" content=\"article\" \/>\n<meta property=\"og:title\" content=\"Sonora en Equipo. Avanza vacunaci\u00f3n contra COVID-19 en Sonora: Secretar\u00eda de Salud Sonora\" \/>\n<meta property=\"og:description\" content=\"HERMOSILLO, SONORA. MX. \u2014 La vacunaci\u00f3n contra COVID-19 avanza en Sonora con la aplicaci\u00f3n de la segunda dosis para completar el esquema en adultos En Sonora en Equipo publicamos toda la informaci\u00f3n de Sonora, M\u00e9xico y el Mundo de manera oportuna y busca que la libertad de expresi\u00f3n sea real. Visita nuestro medio informativo publicado desde Hermosillo, Sonora. %\" \/>\n<meta property=\"og:url\" content=\"https:\/\/www.sonoraenequipo.com.mx\/avanza-vacunacion-contra-covid-19-en-sonora-secretaria-de-salud\/\" \/>\n<meta property=\"og:site_name\" content=\"Sonora en Equipo.\" \/>\n<meta property=\"article:publisher\" content=\"https:\/\/www.facebook.com\/SonoraEE\/\" \/>\n<meta property=\"article:author\" content=\"https:\/\/www.facebook.com\/SonoraEE\" \/>\n<meta property=\"article:published_time\" content=\"2021-05-06T01:32:24+00:00\" \/>\n<meta property=\"article:modified_time\" content=\"2021-05-06T02:12:50+00:00\" \/>\n<meta property=\"og:image\" content=\"https:\/\/www.sonoraenequipo.com.mx\/storage\/2021\/05\/sigue-vacunacion_opt.jpg\" \/>\n\t<meta property=\"og:image:width\" content=\"824\" \/>\n\t<meta property=\"og:image:height\" content=\"450\" \/>\n\t<meta property=\"og:image:type\" content=\"image\/jpeg\" \/>\n<meta name=\"author\" content=\"enequipo\" \/>\n<meta name=\"twitter:card\" content=\"summary_large_image\" \/>\n<meta name=\"twitter:creator\" content=\"@sonoraenequipo\" \/>\n<meta name=\"twitter:site\" content=\"@sonoraenequipo\" \/>\n<meta name=\"twitter:label1\" content=\"Escrito por\" \/>\n\t<meta name=\"twitter:data1\" content=\"enequipo\" \/>\n\t<meta name=\"twitter:label2\" content=\"Tiempo de lectura\" \/>\n\t<meta name=\"twitter:data2\" content=\"2 minutos\" \/>\n<script type=\"application\/ld+json\" class=\"yoast-schema-graph\">{\"@context\":\"https:\/\/schema.org\",\"@graph\":[{\"@type\":\"Article\",\"@id\":\"https:\/\/www.sonoraenequipo.com.mx\/avanza-vacunacion-contra-covid-19-en-sonora-secretaria-de-salud\/#article\",\"isPartOf\":{\"@id\":\"https:\/\/www.sonoraenequipo.com.mx\/avanza-vacunacion-contra-covid-19-en-sonora-secretaria-de-salud\/\"},\"author\":{\"name\":\"enequipo\",\"@id\":\"https:\/\/www.sonoraenequipo.com.mx\/#\/schema\/person\/50102df0fb23a8fa9e8effad8fa81386\"},\"headline\":\"Avanza vacunaci\u00f3n contra COVID-19 en Sonora: Secretar\u00eda de Salud\",\"datePublished\":\"2021-05-06T01:32:24+00:00\",\"dateModified\":\"2021-05-06T02:12:50+00:00\",\"mainEntityOfPage\":{\"@id\":\"https:\/\/www.sonoraenequipo.com.mx\/avanza-vacunacion-contra-covid-19-en-sonora-secretaria-de-salud\/\"},\"wordCount\":371,\"commentCount\":0,\"publisher\":{\"@id\":\"https:\/\/www.sonoraenequipo.com.mx\/#organization\"},\"image\":{\"@id\":\"https:\/\/www.sonoraenequipo.com.mx\/avanza-vacunacion-contra-covid-19-en-sonora-secretaria-de-salud\/#primaryimage\"},\"thumbnailUrl\":\"https:\/\/www.sonoraenequipo.com.mx\/storage\/2021\/05\/sigue-vacunacion_opt.jpg\",\"articleSection\":[\"Sonora\"],\"inLanguage\":\"es\",\"potentialAction\":[{\"@type\":\"CommentAction\",\"name\":\"Comment\",\"target\":[\"https:\/\/www.sonoraenequipo.com.mx\/avanza-vacunacion-contra-covid-19-en-sonora-secretaria-de-salud\/#respond\"]}]},{\"@type\":\"WebPage\",\"@id\":\"https:\/\/www.sonoraenequipo.com.mx\/avanza-vacunacion-contra-covid-19-en-sonora-secretaria-de-salud\/\",\"url\":\"https:\/\/www.sonoraenequipo.com.mx\/avanza-vacunacion-contra-covid-19-en-sonora-secretaria-de-salud\/\",\"name\":\"Sonora en Equipo. Avanza vacunaci\u00f3n contra COVID-19 en Sonora: Secretar\u00eda de Salud Sonora\",\"isPartOf\":{\"@id\":\"https:\/\/www.sonoraenequipo.com.mx\/#website\"},\"primaryImageOfPage\":{\"@id\":\"https:\/\/www.sonoraenequipo.com.mx\/avanza-vacunacion-contra-covid-19-en-sonora-secretaria-de-salud\/#primaryimage\"},\"image\":{\"@id\":\"https:\/\/www.sonoraenequipo.com.mx\/avanza-vacunacion-contra-covid-19-en-sonora-secretaria-de-salud\/#primaryimage\"},\"thumbnailUrl\":\"https:\/\/www.sonoraenequipo.com.mx\/storage\/2021\/05\/sigue-vacunacion_opt.jpg\",\"datePublished\":\"2021-05-06T01:32:24+00:00\",\"dateModified\":\"2021-05-06T02:12:50+00:00\",\"description\":\"HERMOSILLO, SONORA. MX. \u2014 La vacunaci\u00f3n contra COVID-19 avanza en Sonora con la aplicaci\u00f3n de la segunda dosis para completar el esquema en adultos En Sonora en Equipo publicamos toda la informaci\u00f3n de Sonora, M\u00e9xico y el Mundo de manera oportuna y busca que la libertad de expresi\u00f3n sea real. Visita nuestro medio informativo publicado desde Hermosillo, Sonora. %\",\"breadcrumb\":{\"@id\":\"https:\/\/www.sonoraenequipo.com.mx\/avanza-vacunacion-contra-covid-19-en-sonora-secretaria-de-salud\/#breadcrumb\"},\"inLanguage\":\"es\",\"potentialAction\":[{\"@type\":\"ReadAction\",\"target\":[\"https:\/\/www.sonoraenequipo.com.mx\/avanza-vacunacion-contra-covid-19-en-sonora-secretaria-de-salud\/\"]}]},{\"@type\":\"ImageObject\",\"inLanguage\":\"es\",\"@id\":\"https:\/\/www.sonoraenequipo.com.mx\/avanza-vacunacion-contra-covid-19-en-sonora-secretaria-de-salud\/#primaryimage\",\"url\":\"https:\/\/www.sonoraenequipo.com.mx\/storage\/2021\/05\/sigue-vacunacion_opt.jpg\",\"contentUrl\":\"https:\/\/www.sonoraenequipo.com.mx\/storage\/2021\/05\/sigue-vacunacion_opt.jpg\",\"width\":824,\"height\":450},{\"@type\":\"BreadcrumbList\",\"@id\":\"https:\/\/www.sonoraenequipo.com.mx\/avanza-vacunacion-contra-covid-19-en-sonora-secretaria-de-salud\/#breadcrumb\",\"itemListElement\":[{\"@type\":\"ListItem\",\"position\":1,\"name\":\"Portada\",\"item\":\"https:\/\/www.sonoraenequipo.com.mx\/\"},{\"@type\":\"ListItem\",\"position\":2,\"name\":\"Avanza vacunaci\u00f3n contra COVID-19 en Sonora: Secretar\u00eda de Salud\"}]},{\"@type\":\"WebSite\",\"@id\":\"https:\/\/www.sonoraenequipo.com.mx\/#website\",\"url\":\"https:\/\/www.sonoraenequipo.com.mx\/\",\"name\":\"Sonora en Equipo.\",\"description\":\"Diario en l\u00ednea con Noticias desde Hermosillo, Sonora\",\"publisher\":{\"@id\":\"https:\/\/www.sonoraenequipo.com.mx\/#organization\"},\"potentialAction\":[{\"@type\":\"SearchAction\",\"target\":{\"@type\":\"EntryPoint\",\"urlTemplate\":\"https:\/\/www.sonoraenequipo.com.mx\/?s={search_term_string}\"},\"query-input\":{\"@type\":\"PropertyValueSpecification\",\"valueRequired\":true,\"valueName\":\"search_term_string\"}}],\"inLanguage\":\"es\"},{\"@type\":\"Organization\",\"@id\":\"https:\/\/www.sonoraenequipo.com.mx\/#organization\",\"name\":\"Sonoraenequipo.com.mx\",\"url\":\"https:\/\/www.sonoraenequipo.com.mx\/\",\"logo\":{\"@type\":\"ImageObject\",\"inLanguage\":\"es\",\"@id\":\"https:\/\/www.sonoraenequipo.com.mx\/#\/schema\/logo\/image\/\",\"url\":\"https:\/\/www.sonoraenequipo.com.mx\/storage\/2019\/01\/sonoraenequipo_opt.png\",\"contentUrl\":\"https:\/\/www.sonoraenequipo.com.mx\/storage\/2019\/01\/sonoraenequipo_opt.png\",\"width\":375,\"height\":125,\"caption\":\"Sonoraenequipo.com.mx\"},\"image\":{\"@id\":\"https:\/\/www.sonoraenequipo.com.mx\/#\/schema\/logo\/image\/\"},\"sameAs\":[\"https:\/\/www.facebook.com\/SonoraEE\/\",\"https:\/\/x.com\/sonoraenequipo\",\"https:\/\/www.youtube.com\/channel\/UC338nW-lPEYmJQs4ZABQ1SQ\"]},{\"@type\":\"Person\",\"@id\":\"https:\/\/www.sonoraenequipo.com.mx\/#\/schema\/person\/50102df0fb23a8fa9e8effad8fa81386\",\"name\":\"enequipo\",\"image\":{\"@type\":\"ImageObject\",\"inLanguage\":\"es\",\"@id\":\"https:\/\/www.sonoraenequipo.com.mx\/#\/schema\/person\/image\/\",\"url\":\"https:\/\/secure.gravatar.com\/avatar\/049821681b589dabc0bc20695993ccebb09f5b5d4d790cd9251b97faac7c652b?s=96&d=blank&r=g\",\"contentUrl\":\"https:\/\/secure.gravatar.com\/avatar\/049821681b589dabc0bc20695993ccebb09f5b5d4d790cd9251b97faac7c652b?s=96&d=blank&r=g\",\"caption\":\"enequipo\"},\"sameAs\":[\"https:\/\/www.facebook.com\/SonoraEE\"]}]}<\/script>\n ","yoast_head_json":{"title":"Sonora en Equipo. Avanza vacunaci\u00f3n contra COVID-19 en Sonora: Secretar\u00eda de Salud Sonora","description":"HERMOSILLO, SONORA. MX. \u2014 La vacunaci\u00f3n contra COVID-19 avanza en Sonora con la aplicaci\u00f3n de la segunda dosis para completar el esquema en adultos En Sonora en Equipo publicamos toda la informaci\u00f3n de Sonora, M\u00e9xico y el Mundo de manera oportuna y busca que la libertad de expresi\u00f3n sea real. Visita nuestro medio informativo publicado desde Hermosillo, Sonora. %","robots":{"index":"index","follow":"follow","max-snippet":"max-snippet:-1","max-image-preview":"max-image-preview:large","max-video-preview":"max-video-preview:-1"},"canonical":"https:\/\/www.sonoraenequipo.com.mx\/avanza-vacunacion-contra-covid-19-en-sonora-secretaria-de-salud\/","og_locale":"es_ES","og_type":"article","og_title":"Sonora en Equipo. Avanza vacunaci\u00f3n contra COVID-19 en Sonora: Secretar\u00eda de Salud Sonora","og_description":"HERMOSILLO, SONORA. MX. \u2014 La vacunaci\u00f3n contra COVID-19 avanza en Sonora con la aplicaci\u00f3n de la segunda dosis para completar el esquema en adultos En Sonora en Equipo publicamos toda la informaci\u00f3n de Sonora, M\u00e9xico y el Mundo de manera oportuna y busca que la libertad de expresi\u00f3n sea real. Visita nuestro medio informativo publicado desde Hermosillo, Sonora. %","og_url":"https:\/\/www.sonoraenequipo.com.mx\/avanza-vacunacion-contra-covid-19-en-sonora-secretaria-de-salud\/","og_site_name":"Sonora en Equipo.","article_publisher":"https:\/\/www.facebook.com\/SonoraEE\/","article_author":"https:\/\/www.facebook.com\/SonoraEE","article_published_time":"2021-05-06T01:32:24+00:00","article_modified_time":"2021-05-06T02:12:50+00:00","og_image":[{"width":824,"height":450,"url":"https:\/\/www.sonoraenequipo.com.mx\/storage\/2021\/05\/sigue-vacunacion_opt.jpg","type":"image\/jpeg"}],"author":"enequipo","twitter_card":"summary_large_image","twitter_creator":"@sonoraenequipo","twitter_site":"@sonoraenequipo","twitter_misc":{"Escrito por":"enequipo","Tiempo de lectura":"2 minutos"},"schema":{"@context":"https:\/\/schema.org","@graph":[{"@type":"Article","@id":"https:\/\/www.sonoraenequipo.com.mx\/avanza-vacunacion-contra-covid-19-en-sonora-secretaria-de-salud\/#article","isPartOf":{"@id":"https:\/\/www.sonoraenequipo.com.mx\/avanza-vacunacion-contra-covid-19-en-sonora-secretaria-de-salud\/"},"author":{"name":"enequipo","@id":"https:\/\/www.sonoraenequipo.com.mx\/#\/schema\/person\/50102df0fb23a8fa9e8effad8fa81386"},"headline":"Avanza vacunaci\u00f3n contra COVID-19 en Sonora: Secretar\u00eda de Salud","datePublished":"2021-05-06T01:32:24+00:00","dateModified":"2021-05-06T02:12:50+00:00","mainEntityOfPage":{"@id":"https:\/\/www.sonoraenequipo.com.mx\/avanza-vacunacion-contra-covid-19-en-sonora-secretaria-de-salud\/"},"wordCount":371,"commentCount":0,"publisher":{"@id":"https:\/\/www.sonoraenequipo.com.mx\/#organization"},"image":{"@id":"https:\/\/www.sonoraenequipo.com.mx\/avanza-vacunacion-contra-covid-19-en-sonora-secretaria-de-salud\/#primaryimage"},"thumbnailUrl":"https:\/\/www.sonoraenequipo.com.mx\/storage\/2021\/05\/sigue-vacunacion_opt.jpg","articleSection":["Sonora"],"inLanguage":"es","potentialAction":[{"@type":"CommentAction","name":"Comment","target":["https:\/\/www.sonoraenequipo.com.mx\/avanza-vacunacion-contra-covid-19-en-sonora-secretaria-de-salud\/#respond"]}]},{"@type":"WebPage","@id":"https:\/\/www.sonoraenequipo.com.mx\/avanza-vacunacion-contra-covid-19-en-sonora-secretaria-de-salud\/","url":"https:\/\/www.sonoraenequipo.com.mx\/avanza-vacunacion-contra-covid-19-en-sonora-secretaria-de-salud\/","name":"Sonora en Equipo. Avanza vacunaci\u00f3n contra COVID-19 en Sonora: Secretar\u00eda de Salud Sonora","isPartOf":{"@id":"https:\/\/www.sonoraenequipo.com.mx\/#website"},"primaryImageOfPage":{"@id":"https:\/\/www.sonoraenequipo.com.mx\/avanza-vacunacion-contra-covid-19-en-sonora-secretaria-de-salud\/#primaryimage"},"image":{"@id":"https:\/\/www.sonoraenequipo.com.mx\/avanza-vacunacion-contra-covid-19-en-sonora-secretaria-de-salud\/#primaryimage"},"thumbnailUrl":"https:\/\/www.sonoraenequipo.com.mx\/storage\/2021\/05\/sigue-vacunacion_opt.jpg","datePublished":"2021-05-06T01:32:24+00:00","dateModified":"2021-05-06T02:12:50+00:00","description":"HERMOSILLO, SONORA. MX. \u2014 La vacunaci\u00f3n contra COVID-19 avanza en Sonora con la aplicaci\u00f3n de la segunda dosis para completar el esquema en adultos En Sonora en Equipo publicamos toda la informaci\u00f3n de Sonora, M\u00e9xico y el Mundo de manera oportuna y busca que la libertad de expresi\u00f3n sea real. Visita nuestro medio informativo publicado desde Hermosillo, Sonora. %","breadcrumb":{"@id":"https:\/\/www.sonoraenequipo.com.mx\/avanza-vacunacion-contra-covid-19-en-sonora-secretaria-de-salud\/#breadcrumb"},"inLanguage":"es","potentialAction":[{"@type":"ReadAction","target":["https:\/\/www.sonoraenequipo.com.mx\/avanza-vacunacion-contra-covid-19-en-sonora-secretaria-de-salud\/"]}]},{"@type":"ImageObject","inLanguage":"es","@id":"https:\/\/www.sonoraenequipo.com.mx\/avanza-vacunacion-contra-covid-19-en-sonora-secretaria-de-salud\/#primaryimage","url":"https:\/\/www.sonoraenequipo.com.mx\/storage\/2021\/05\/sigue-vacunacion_opt.jpg","contentUrl":"https:\/\/www.sonoraenequipo.com.mx\/storage\/2021\/05\/sigue-vacunacion_opt.jpg","width":824,"height":450},{"@type":"BreadcrumbList","@id":"https:\/\/www.sonoraenequipo.com.mx\/avanza-vacunacion-contra-covid-19-en-sonora-secretaria-de-salud\/#breadcrumb","itemListElement":[{"@type":"ListItem","position":1,"name":"Portada","item":"https:\/\/www.sonoraenequipo.com.mx\/"},{"@type":"ListItem","position":2,"name":"Avanza vacunaci\u00f3n contra COVID-19 en Sonora: Secretar\u00eda de Salud"}]},{"@type":"WebSite","@id":"https:\/\/www.sonoraenequipo.com.mx\/#website","url":"https:\/\/www.sonoraenequipo.com.mx\/","name":"Sonora en Equipo.","description":"Diario en l\u00ednea con Noticias desde Hermosillo, Sonora","publisher":{"@id":"https:\/\/www.sonoraenequipo.com.mx\/#organization"},"potentialAction":[{"@type":"SearchAction","target":{"@type":"EntryPoint","urlTemplate":"https:\/\/www.sonoraenequipo.com.mx\/?s={search_term_string}"},"query-input":{"@type":"PropertyValueSpecification","valueRequired":true,"valueName":"search_term_string"}}],"inLanguage":"es"},{"@type":"Organization","@id":"https:\/\/www.sonoraenequipo.com.mx\/#organization","name":"Sonoraenequipo.com.mx","url":"https:\/\/www.sonoraenequipo.com.mx\/","logo":{"@type":"ImageObject","inLanguage":"es","@id":"https:\/\/www.sonoraenequipo.com.mx\/#\/schema\/logo\/image\/","url":"https:\/\/www.sonoraenequipo.com.mx\/storage\/2019\/01\/sonoraenequipo_opt.png","contentUrl":"https:\/\/www.sonoraenequipo.com.mx\/storage\/2019\/01\/sonoraenequipo_opt.png","width":375,"height":125,"caption":"Sonoraenequipo.com.mx"},"image":{"@id":"https:\/\/www.sonoraenequipo.com.mx\/#\/schema\/logo\/image\/"},"sameAs":["https:\/\/www.facebook.com\/SonoraEE\/","https:\/\/x.com\/sonoraenequipo","https:\/\/www.youtube.com\/channel\/UC338nW-lPEYmJQs4ZABQ1SQ"]},{"@type":"Person","@id":"https:\/\/www.sonoraenequipo.com.mx\/#\/schema\/person\/50102df0fb23a8fa9e8effad8fa81386","name":"enequipo","image":{"@type":"ImageObject","inLanguage":"es","@id":"https:\/\/www.sonoraenequipo.com.mx\/#\/schema\/person\/image\/","url":"https:\/\/secure.gravatar.com\/avatar\/049821681b589dabc0bc20695993ccebb09f5b5d4d790cd9251b97faac7c652b?s=96&d=blank&r=g","contentUrl":"https:\/\/secure.gravatar.com\/avatar\/049821681b589dabc0bc20695993ccebb09f5b5d4d790cd9251b97faac7c652b?s=96&d=blank&r=g","caption":"enequipo"},"sameAs":["https:\/\/www.facebook.com\/SonoraEE"]}]}},"jetpack_featured_media_url":"https:\/\/www.sonoraenequipo.com.mx\/storage\/2021\/05\/sigue-vacunacion_opt.jpg","_links":{"self":[{"href":"https:\/\/www.sonoraenequipo.com.mx\/api\/wp\/v2\/posts\/113239","targetHints":{"allow":["GET"]}}],"collection":[{"href":"https:\/\/www.sonoraenequipo.com.mx\/api\/wp\/v2\/posts"}],"about":[{"href":"https:\/\/www.sonoraenequipo.com.mx\/api\/wp\/v2\/types\/post"}],"author":[{"embeddable":true,"href":"https:\/\/www.sonoraenequipo.com.mx\/api\/wp\/v2\/users\/1"}],"replies":[{"embeddable":true,"href":"https:\/\/www.sonoraenequipo.com.mx\/api\/wp\/v2\/comments?post=113239"}],"version-history":[{"count":1,"href":"https:\/\/www.sonoraenequipo.com.mx\/api\/wp\/v2\/posts\/113239\/revisions"}],"predecessor-version":[{"id":113244,"href":"https:\/\/www.sonoraenequipo.com.mx\/api\/wp\/v2\/posts\/113239\/revisions\/113244"}],"wp:featuredmedia":[{"embeddable":true,"href":"https:\/\/www.sonoraenequipo.com.mx\/api\/wp\/v2\/media\/113243"}],"wp:attachment":[{"href":"https:\/\/www.sonoraenequipo.com.mx\/api\/wp\/v2\/media?parent=113239"}],"wp:term":[{"taxonomy":"category","embeddable":true,"href":"https:\/\/www.sonoraenequipo.com.mx\/api\/wp\/v2\/categories?post=113239"},{"taxonomy":"post_tag","embeddable":true,"href":"https:\/\/www.sonoraenequipo.com.mx\/api\/wp\/v2\/tags?post=113239"}],"curies":[{"name":"wp","href":"https:\/\/api.w.org\/{rel}","templated":true}]}}