{"id":113267,"date":"2021-05-05T20:59:07","date_gmt":"2021-05-06T03:59:07","guid":{"rendered":"https:\/\/www.sonoraenequipo.com.mx\/?p=113267"},"modified":"2021-05-05T20:59:07","modified_gmt":"2021-05-06T03:59:07","slug":"alta-movilidad-es-fuente-de-contagios-de-covid-19-no-debemos-confiarnos-clausen","status":"publish","type":"post","link":"https:\/\/www.sonoraenequipo.com.mx\/alta-movilidad-es-fuente-de-contagios-de-covid-19-no-debemos-confiarnos-clausen\/","title":{"rendered":"Alta movilidad es fuente de contagios de COVID.19, no debemos confiarnos: Clausen"},"content":{"rendered":"<p>\u25baLa Secretar\u00eda de Salud confirm\u00f3 4 decesos y 88 nuevos casos por Covid-19 en Sonora<\/p>\n<p>&nbsp;<\/p>\n<p>HERMOSILLO, SONORA,MX.\u2500\u2500\u00a0 La alta movilidad de las personas es la mayor fuente de contagios por COVID-19 y para evitarlo es necesario guardar distancia entre las personas y usar correctamente el cubrebocas, destac\u00f3 Enrique Clausen Iberri, luego de confirmarse 4 decesos m\u00e1s y 88 nuevos casos en Sonora.<\/p>\n<p>&nbsp;<\/p>\n<p>El secretario de Salud record\u00f3 que una convivencia cercana entre personas puede generar riesgo de contagios, por lo que una distancia segura deber\u00eda ser de al menos de 1.5 metros y llam\u00f3 a la poblaci\u00f3n a no caer en excesos de confianza, ya que la pandemia ha costado m\u00e1s de 72 mil contagios en Sonora y m\u00e1s de 6 mil muertes.<\/p>\n<p>&nbsp;<\/p>\n<p>\u201cEl COVID-19 se desplaza a la velocidad que los humanos nos movemos y su mayor fuente de contagios es la convivencia cercana de menos de 1.5 metros con otras personas sin cubrebocas. Por tu salud, por la de tu familia, disminuye tu movilidad y realiza las acciones contra contagios: usa cubrebocas, lava tus manos y respeta la sana distancia. Evita aglomeraciones\u201d, se\u00f1al\u00f3.<\/p>\n<p>&nbsp;<\/p>\n<p>Este d\u00eda se confirmaron 4 decesos por COVID-19 en 3 hombres y 1 mujer, residentes de Caborca 2; Benito Ju\u00e1rez y Navojoa 1 cada uno; con lo que se acumulan 6 mil 266 defunciones.<\/p>\n<p>&nbsp;<\/p>\n<p>Hoy se sumaron 88 nuevos casos por COVID-19, en 47 mujeres y 41 hombres, residentes de: Hermosillo 45; San Luis R\u00edo Colorado 12; San Luis R\u00edo Colorado 12; Caborca 7; Empalme 5; Nogales y Guaymas 4 cada uno; Navojoa y Benjam\u00edn Hill 3 cada uno; \u00c1lamos 2; Huatabampo, Cajeme y Cananea 1 cada uno. Con ello se acumulan 73 mil 146 casos desde el inicio de la pandemia.<\/p>\n<p>&nbsp;<\/p>\n<p>Este d\u00eda se confirm\u00f3 1 caso pedi\u00e1trico en 1 ni\u00f1a, acumul\u00e1ndose mil 353 en total, y se sum\u00f3 1 caso en mujeres embarazadas, alcanzando un total de 492 casos.<\/p>\n<p>&nbsp;<\/p>\n<p>Al momento, se han realizado 129 mil 694 pruebas, de las cuales 73 mil 146 han sido casos confirmados y 56 mil 548 casos descartados. Con cuadro leve se tiene un registro de 9 mil 656 personas, de las cuales 617 son casos activos y 9 mil 039 con seguimiento terminado; 74 personas se encuentran hospitalizadas, entre las que 10 son estables, 43 graves, y 21 cr\u00edticos. A la fecha, se han recuperado 66 mil 189 personas de Covid-19 en Sonora.<\/p>\n<p>&nbsp;<\/p>\n<p>Casos COVID-19 en Sonora 73,146 casos confirmados y 6,266 defunciones<\/p>\n<p>&nbsp;<\/p>\n<p>Defunciones registradas el 5 de mayo de 2021: 4<\/p>\n<p>Fecha de publicaci\u00f3n \u00a0mi\u00e9rcoles \/ 5\u00a0 \/ mayo \/ 2021<\/p>\n<p>&nbsp;<\/p>\n","protected":false},"excerpt":{"rendered":"<p>\u25baLa Secretar\u00eda de Salud confirm\u00f3 4 decesos y 88 nuevos casos por Covid-19 en Sonora&#8230;<\/p>\n","protected":false},"author":1,"featured_media":109610,"comment_status":"open","ping_status":"open","sticky":false,"template":"","format":"standard","meta":{"_monsterinsights_skip_tracking":false,"_monsterinsights_sitenote_active":false,"_monsterinsights_sitenote_note":"","_monsterinsights_sitenote_category":0,"footnotes":""},"categories":[22],"tags":[4249,15],"class_list":["post"],"yoast_head":" \n<title>Sonora en Equipo. Alta movilidad es fuente de contagios de COVID.19, no debemos confiarnos: Clausen Sonora<\/title>\n<meta name=\"description\" content=\"\u25baLa Secretar\u00eda de Salud confirm\u00f3 4 decesos y 88 nuevos casos por Covid-19 en Sonora &nbsp; HERMOSILLO, SONORA,MX.\u2500\u2500\u00a0 La alta movilidad de las personas es En Sonora en Equipo publicamos toda la informaci\u00f3n de Sonora, M\u00e9xico y el Mundo de manera oportuna y busca que la libertad de expresi\u00f3n sea real. Visita nuestro medio informativo publicado desde Hermosillo, Sonora. %\" \/>\n<meta name=\"robots\" content=\"index, follow, max-snippet:-1, max-image-preview:large, max-video-preview:-1\" \/>\n<link rel=\"canonical\" href=\"https:\/\/www.sonoraenequipo.com.mx\/alta-movilidad-es-fuente-de-contagios-de-covid-19-no-debemos-confiarnos-clausen\/\" \/>\n<meta property=\"og:locale\" content=\"es_ES\" \/>\n<meta property=\"og:type\" content=\"article\" \/>\n<meta property=\"og:title\" content=\"Sonora en Equipo. Alta movilidad es fuente de contagios de COVID.19, no debemos confiarnos: Clausen Sonora\" \/>\n<meta property=\"og:description\" content=\"\u25baLa Secretar\u00eda de Salud confirm\u00f3 4 decesos y 88 nuevos casos por Covid-19 en Sonora &nbsp; HERMOSILLO, SONORA,MX.\u2500\u2500\u00a0 La alta movilidad de las personas es En Sonora en Equipo publicamos toda la informaci\u00f3n de Sonora, M\u00e9xico y el Mundo de manera oportuna y busca que la libertad de expresi\u00f3n sea real. Visita nuestro medio informativo publicado desde Hermosillo, Sonora. %\" \/>\n<meta property=\"og:url\" content=\"https:\/\/www.sonoraenequipo.com.mx\/alta-movilidad-es-fuente-de-contagios-de-covid-19-no-debemos-confiarnos-clausen\/\" \/>\n<meta property=\"og:site_name\" content=\"Sonora en Equipo.\" \/>\n<meta property=\"article:publisher\" content=\"https:\/\/www.facebook.com\/SonoraEE\/\" \/>\n<meta property=\"article:author\" content=\"https:\/\/www.facebook.com\/SonoraEE\" \/>\n<meta property=\"article:published_time\" content=\"2021-05-06T03:59:07+00:00\" \/>\n<meta property=\"og:image\" content=\"https:\/\/www.sonoraenequipo.com.mx\/storage\/2021\/03\/clausen__opt.jpg\" \/>\n\t<meta property=\"og:image:width\" content=\"713\" \/>\n\t<meta property=\"og:image:height\" content=\"400\" \/>\n\t<meta property=\"og:image:type\" content=\"image\/jpeg\" \/>\n<meta name=\"author\" content=\"enequipo\" \/>\n<meta name=\"twitter:card\" content=\"summary_large_image\" \/>\n<meta name=\"twitter:creator\" content=\"@sonoraenequipo\" \/>\n<meta name=\"twitter:site\" content=\"@sonoraenequipo\" \/>\n<meta name=\"twitter:label1\" content=\"Escrito por\" \/>\n\t<meta name=\"twitter:data1\" content=\"enequipo\" \/>\n\t<meta name=\"twitter:label2\" content=\"Tiempo de lectura\" \/>\n\t<meta name=\"twitter:data2\" content=\"2 minutos\" \/>\n<script type=\"application\/ld+json\" class=\"yoast-schema-graph\">{\"@context\":\"https:\/\/schema.org\",\"@graph\":[{\"@type\":\"Article\",\"@id\":\"https:\/\/www.sonoraenequipo.com.mx\/alta-movilidad-es-fuente-de-contagios-de-covid-19-no-debemos-confiarnos-clausen\/#article\",\"isPartOf\":{\"@id\":\"https:\/\/www.sonoraenequipo.com.mx\/alta-movilidad-es-fuente-de-contagios-de-covid-19-no-debemos-confiarnos-clausen\/\"},\"author\":{\"name\":\"enequipo\",\"@id\":\"https:\/\/www.sonoraenequipo.com.mx\/#\/schema\/person\/50102df0fb23a8fa9e8effad8fa81386\"},\"headline\":\"Alta movilidad es fuente de contagios de COVID.19, no debemos confiarnos: Clausen\",\"datePublished\":\"2021-05-06T03:59:07+00:00\",\"mainEntityOfPage\":{\"@id\":\"https:\/\/www.sonoraenequipo.com.mx\/alta-movilidad-es-fuente-de-contagios-de-covid-19-no-debemos-confiarnos-clausen\/\"},\"wordCount\":407,\"commentCount\":0,\"publisher\":{\"@id\":\"https:\/\/www.sonoraenequipo.com.mx\/#organization\"},\"image\":{\"@id\":\"https:\/\/www.sonoraenequipo.com.mx\/alta-movilidad-es-fuente-de-contagios-de-covid-19-no-debemos-confiarnos-clausen\/#primaryimage\"},\"thumbnailUrl\":\"https:\/\/www.sonoraenequipo.com.mx\/storage\/2021\/03\/clausen__opt.jpg\",\"keywords\":[\"covid\",\"Sonora\"],\"articleSection\":[\"Sonora\"],\"inLanguage\":\"es\",\"potentialAction\":[{\"@type\":\"CommentAction\",\"name\":\"Comment\",\"target\":[\"https:\/\/www.sonoraenequipo.com.mx\/alta-movilidad-es-fuente-de-contagios-de-covid-19-no-debemos-confiarnos-clausen\/#respond\"]}]},{\"@type\":\"WebPage\",\"@id\":\"https:\/\/www.sonoraenequipo.com.mx\/alta-movilidad-es-fuente-de-contagios-de-covid-19-no-debemos-confiarnos-clausen\/\",\"url\":\"https:\/\/www.sonoraenequipo.com.mx\/alta-movilidad-es-fuente-de-contagios-de-covid-19-no-debemos-confiarnos-clausen\/\",\"name\":\"Sonora en Equipo. Alta movilidad es fuente de contagios de COVID.19, no debemos confiarnos: Clausen Sonora\",\"isPartOf\":{\"@id\":\"https:\/\/www.sonoraenequipo.com.mx\/#website\"},\"primaryImageOfPage\":{\"@id\":\"https:\/\/www.sonoraenequipo.com.mx\/alta-movilidad-es-fuente-de-contagios-de-covid-19-no-debemos-confiarnos-clausen\/#primaryimage\"},\"image\":{\"@id\":\"https:\/\/www.sonoraenequipo.com.mx\/alta-movilidad-es-fuente-de-contagios-de-covid-19-no-debemos-confiarnos-clausen\/#primaryimage\"},\"thumbnailUrl\":\"https:\/\/www.sonoraenequipo.com.mx\/storage\/2021\/03\/clausen__opt.jpg\",\"datePublished\":\"2021-05-06T03:59:07+00:00\",\"description\":\"\u25baLa Secretar\u00eda de Salud confirm\u00f3 4 decesos y 88 nuevos casos por Covid-19 en Sonora &nbsp; HERMOSILLO, SONORA,MX.\u2500\u2500\u00a0 La alta movilidad de las personas es En Sonora en Equipo publicamos toda la informaci\u00f3n de Sonora, M\u00e9xico y el Mundo de manera oportuna y busca que la libertad de expresi\u00f3n sea real. Visita nuestro medio informativo publicado desde Hermosillo, Sonora. %\",\"breadcrumb\":{\"@id\":\"https:\/\/www.sonoraenequipo.com.mx\/alta-movilidad-es-fuente-de-contagios-de-covid-19-no-debemos-confiarnos-clausen\/#breadcrumb\"},\"inLanguage\":\"es\",\"potentialAction\":[{\"@type\":\"ReadAction\",\"target\":[\"https:\/\/www.sonoraenequipo.com.mx\/alta-movilidad-es-fuente-de-contagios-de-covid-19-no-debemos-confiarnos-clausen\/\"]}]},{\"@type\":\"ImageObject\",\"inLanguage\":\"es\",\"@id\":\"https:\/\/www.sonoraenequipo.com.mx\/alta-movilidad-es-fuente-de-contagios-de-covid-19-no-debemos-confiarnos-clausen\/#primaryimage\",\"url\":\"https:\/\/www.sonoraenequipo.com.mx\/storage\/2021\/03\/clausen__opt.jpg\",\"contentUrl\":\"https:\/\/www.sonoraenequipo.com.mx\/storage\/2021\/03\/clausen__opt.jpg\",\"width\":713,\"height\":400},{\"@type\":\"BreadcrumbList\",\"@id\":\"https:\/\/www.sonoraenequipo.com.mx\/alta-movilidad-es-fuente-de-contagios-de-covid-19-no-debemos-confiarnos-clausen\/#breadcrumb\",\"itemListElement\":[{\"@type\":\"ListItem\",\"position\":1,\"name\":\"Portada\",\"item\":\"https:\/\/www.sonoraenequipo.com.mx\/\"},{\"@type\":\"ListItem\",\"position\":2,\"name\":\"Alta movilidad es fuente de contagios de COVID.19, no debemos confiarnos: Clausen\"}]},{\"@type\":\"WebSite\",\"@id\":\"https:\/\/www.sonoraenequipo.com.mx\/#website\",\"url\":\"https:\/\/www.sonoraenequipo.com.mx\/\",\"name\":\"Sonora en Equipo.\",\"description\":\"Diario en l\u00ednea con Noticias desde Hermosillo, Sonora\",\"publisher\":{\"@id\":\"https:\/\/www.sonoraenequipo.com.mx\/#organization\"},\"potentialAction\":[{\"@type\":\"SearchAction\",\"target\":{\"@type\":\"EntryPoint\",\"urlTemplate\":\"https:\/\/www.sonoraenequipo.com.mx\/?s={search_term_string}\"},\"query-input\":{\"@type\":\"PropertyValueSpecification\",\"valueRequired\":true,\"valueName\":\"search_term_string\"}}],\"inLanguage\":\"es\"},{\"@type\":\"Organization\",\"@id\":\"https:\/\/www.sonoraenequipo.com.mx\/#organization\",\"name\":\"Sonoraenequipo.com.mx\",\"url\":\"https:\/\/www.sonoraenequipo.com.mx\/\",\"logo\":{\"@type\":\"ImageObject\",\"inLanguage\":\"es\",\"@id\":\"https:\/\/www.sonoraenequipo.com.mx\/#\/schema\/logo\/image\/\",\"url\":\"https:\/\/www.sonoraenequipo.com.mx\/storage\/2019\/01\/sonoraenequipo_opt.png\",\"contentUrl\":\"https:\/\/www.sonoraenequipo.com.mx\/storage\/2019\/01\/sonoraenequipo_opt.png\",\"width\":375,\"height\":125,\"caption\":\"Sonoraenequipo.com.mx\"},\"image\":{\"@id\":\"https:\/\/www.sonoraenequipo.com.mx\/#\/schema\/logo\/image\/\"},\"sameAs\":[\"https:\/\/www.facebook.com\/SonoraEE\/\",\"https:\/\/x.com\/sonoraenequipo\",\"https:\/\/www.youtube.com\/channel\/UC338nW-lPEYmJQs4ZABQ1SQ\"]},{\"@type\":\"Person\",\"@id\":\"https:\/\/www.sonoraenequipo.com.mx\/#\/schema\/person\/50102df0fb23a8fa9e8effad8fa81386\",\"name\":\"enequipo\",\"image\":{\"@type\":\"ImageObject\",\"inLanguage\":\"es\",\"@id\":\"https:\/\/www.sonoraenequipo.com.mx\/#\/schema\/person\/image\/\",\"url\":\"https:\/\/secure.gravatar.com\/avatar\/049821681b589dabc0bc20695993ccebb09f5b5d4d790cd9251b97faac7c652b?s=96&d=blank&r=g\",\"contentUrl\":\"https:\/\/secure.gravatar.com\/avatar\/049821681b589dabc0bc20695993ccebb09f5b5d4d790cd9251b97faac7c652b?s=96&d=blank&r=g\",\"caption\":\"enequipo\"},\"sameAs\":[\"https:\/\/www.facebook.com\/SonoraEE\"]}]}<\/script>\n ","yoast_head_json":{"title":"Sonora en Equipo. Alta movilidad es fuente de contagios de COVID.19, no debemos confiarnos: Clausen Sonora","description":"\u25baLa Secretar\u00eda de Salud confirm\u00f3 4 decesos y 88 nuevos casos por Covid-19 en Sonora &nbsp; HERMOSILLO, SONORA,MX.\u2500\u2500\u00a0 La alta movilidad de las personas es En Sonora en Equipo publicamos toda la informaci\u00f3n de Sonora, M\u00e9xico y el Mundo de manera oportuna y busca que la libertad de expresi\u00f3n sea real. Visita nuestro medio informativo publicado desde Hermosillo, Sonora. %","robots":{"index":"index","follow":"follow","max-snippet":"max-snippet:-1","max-image-preview":"max-image-preview:large","max-video-preview":"max-video-preview:-1"},"canonical":"https:\/\/www.sonoraenequipo.com.mx\/alta-movilidad-es-fuente-de-contagios-de-covid-19-no-debemos-confiarnos-clausen\/","og_locale":"es_ES","og_type":"article","og_title":"Sonora en Equipo. Alta movilidad es fuente de contagios de COVID.19, no debemos confiarnos: Clausen Sonora","og_description":"\u25baLa Secretar\u00eda de Salud confirm\u00f3 4 decesos y 88 nuevos casos por Covid-19 en Sonora &nbsp; HERMOSILLO, SONORA,MX.\u2500\u2500\u00a0 La alta movilidad de las personas es En Sonora en Equipo publicamos toda la informaci\u00f3n de Sonora, M\u00e9xico y el Mundo de manera oportuna y busca que la libertad de expresi\u00f3n sea real. Visita nuestro medio informativo publicado desde Hermosillo, Sonora. %","og_url":"https:\/\/www.sonoraenequipo.com.mx\/alta-movilidad-es-fuente-de-contagios-de-covid-19-no-debemos-confiarnos-clausen\/","og_site_name":"Sonora en Equipo.","article_publisher":"https:\/\/www.facebook.com\/SonoraEE\/","article_author":"https:\/\/www.facebook.com\/SonoraEE","article_published_time":"2021-05-06T03:59:07+00:00","og_image":[{"width":713,"height":400,"url":"https:\/\/www.sonoraenequipo.com.mx\/storage\/2021\/03\/clausen__opt.jpg","type":"image\/jpeg"}],"author":"enequipo","twitter_card":"summary_large_image","twitter_creator":"@sonoraenequipo","twitter_site":"@sonoraenequipo","twitter_misc":{"Escrito por":"enequipo","Tiempo de lectura":"2 minutos"},"schema":{"@context":"https:\/\/schema.org","@graph":[{"@type":"Article","@id":"https:\/\/www.sonoraenequipo.com.mx\/alta-movilidad-es-fuente-de-contagios-de-covid-19-no-debemos-confiarnos-clausen\/#article","isPartOf":{"@id":"https:\/\/www.sonoraenequipo.com.mx\/alta-movilidad-es-fuente-de-contagios-de-covid-19-no-debemos-confiarnos-clausen\/"},"author":{"name":"enequipo","@id":"https:\/\/www.sonoraenequipo.com.mx\/#\/schema\/person\/50102df0fb23a8fa9e8effad8fa81386"},"headline":"Alta movilidad es fuente de contagios de COVID.19, no debemos confiarnos: Clausen","datePublished":"2021-05-06T03:59:07+00:00","mainEntityOfPage":{"@id":"https:\/\/www.sonoraenequipo.com.mx\/alta-movilidad-es-fuente-de-contagios-de-covid-19-no-debemos-confiarnos-clausen\/"},"wordCount":407,"commentCount":0,"publisher":{"@id":"https:\/\/www.sonoraenequipo.com.mx\/#organization"},"image":{"@id":"https:\/\/www.sonoraenequipo.com.mx\/alta-movilidad-es-fuente-de-contagios-de-covid-19-no-debemos-confiarnos-clausen\/#primaryimage"},"thumbnailUrl":"https:\/\/www.sonoraenequipo.com.mx\/storage\/2021\/03\/clausen__opt.jpg","keywords":["covid","Sonora"],"articleSection":["Sonora"],"inLanguage":"es","potentialAction":[{"@type":"CommentAction","name":"Comment","target":["https:\/\/www.sonoraenequipo.com.mx\/alta-movilidad-es-fuente-de-contagios-de-covid-19-no-debemos-confiarnos-clausen\/#respond"]}]},{"@type":"WebPage","@id":"https:\/\/www.sonoraenequipo.com.mx\/alta-movilidad-es-fuente-de-contagios-de-covid-19-no-debemos-confiarnos-clausen\/","url":"https:\/\/www.sonoraenequipo.com.mx\/alta-movilidad-es-fuente-de-contagios-de-covid-19-no-debemos-confiarnos-clausen\/","name":"Sonora en Equipo. Alta movilidad es fuente de contagios de COVID.19, no debemos confiarnos: Clausen Sonora","isPartOf":{"@id":"https:\/\/www.sonoraenequipo.com.mx\/#website"},"primaryImageOfPage":{"@id":"https:\/\/www.sonoraenequipo.com.mx\/alta-movilidad-es-fuente-de-contagios-de-covid-19-no-debemos-confiarnos-clausen\/#primaryimage"},"image":{"@id":"https:\/\/www.sonoraenequipo.com.mx\/alta-movilidad-es-fuente-de-contagios-de-covid-19-no-debemos-confiarnos-clausen\/#primaryimage"},"thumbnailUrl":"https:\/\/www.sonoraenequipo.com.mx\/storage\/2021\/03\/clausen__opt.jpg","datePublished":"2021-05-06T03:59:07+00:00","description":"\u25baLa Secretar\u00eda de Salud confirm\u00f3 4 decesos y 88 nuevos casos por Covid-19 en Sonora &nbsp; HERMOSILLO, SONORA,MX.\u2500\u2500\u00a0 La alta movilidad de las personas es En Sonora en Equipo publicamos toda la informaci\u00f3n de Sonora, M\u00e9xico y el Mundo de manera oportuna y busca que la libertad de expresi\u00f3n sea real. Visita nuestro medio informativo publicado desde Hermosillo, Sonora. %","breadcrumb":{"@id":"https:\/\/www.sonoraenequipo.com.mx\/alta-movilidad-es-fuente-de-contagios-de-covid-19-no-debemos-confiarnos-clausen\/#breadcrumb"},"inLanguage":"es","potentialAction":[{"@type":"ReadAction","target":["https:\/\/www.sonoraenequipo.com.mx\/alta-movilidad-es-fuente-de-contagios-de-covid-19-no-debemos-confiarnos-clausen\/"]}]},{"@type":"ImageObject","inLanguage":"es","@id":"https:\/\/www.sonoraenequipo.com.mx\/alta-movilidad-es-fuente-de-contagios-de-covid-19-no-debemos-confiarnos-clausen\/#primaryimage","url":"https:\/\/www.sonoraenequipo.com.mx\/storage\/2021\/03\/clausen__opt.jpg","contentUrl":"https:\/\/www.sonoraenequipo.com.mx\/storage\/2021\/03\/clausen__opt.jpg","width":713,"height":400},{"@type":"BreadcrumbList","@id":"https:\/\/www.sonoraenequipo.com.mx\/alta-movilidad-es-fuente-de-contagios-de-covid-19-no-debemos-confiarnos-clausen\/#breadcrumb","itemListElement":[{"@type":"ListItem","position":1,"name":"Portada","item":"https:\/\/www.sonoraenequipo.com.mx\/"},{"@type":"ListItem","position":2,"name":"Alta movilidad es fuente de contagios de COVID.19, no debemos confiarnos: Clausen"}]},{"@type":"WebSite","@id":"https:\/\/www.sonoraenequipo.com.mx\/#website","url":"https:\/\/www.sonoraenequipo.com.mx\/","name":"Sonora en Equipo.","description":"Diario en l\u00ednea con Noticias desde Hermosillo, Sonora","publisher":{"@id":"https:\/\/www.sonoraenequipo.com.mx\/#organization"},"potentialAction":[{"@type":"SearchAction","target":{"@type":"EntryPoint","urlTemplate":"https:\/\/www.sonoraenequipo.com.mx\/?s={search_term_string}"},"query-input":{"@type":"PropertyValueSpecification","valueRequired":true,"valueName":"search_term_string"}}],"inLanguage":"es"},{"@type":"Organization","@id":"https:\/\/www.sonoraenequipo.com.mx\/#organization","name":"Sonoraenequipo.com.mx","url":"https:\/\/www.sonoraenequipo.com.mx\/","logo":{"@type":"ImageObject","inLanguage":"es","@id":"https:\/\/www.sonoraenequipo.com.mx\/#\/schema\/logo\/image\/","url":"https:\/\/www.sonoraenequipo.com.mx\/storage\/2019\/01\/sonoraenequipo_opt.png","contentUrl":"https:\/\/www.sonoraenequipo.com.mx\/storage\/2019\/01\/sonoraenequipo_opt.png","width":375,"height":125,"caption":"Sonoraenequipo.com.mx"},"image":{"@id":"https:\/\/www.sonoraenequipo.com.mx\/#\/schema\/logo\/image\/"},"sameAs":["https:\/\/www.facebook.com\/SonoraEE\/","https:\/\/x.com\/sonoraenequipo","https:\/\/www.youtube.com\/channel\/UC338nW-lPEYmJQs4ZABQ1SQ"]},{"@type":"Person","@id":"https:\/\/www.sonoraenequipo.com.mx\/#\/schema\/person\/50102df0fb23a8fa9e8effad8fa81386","name":"enequipo","image":{"@type":"ImageObject","inLanguage":"es","@id":"https:\/\/www.sonoraenequipo.com.mx\/#\/schema\/person\/image\/","url":"https:\/\/secure.gravatar.com\/avatar\/049821681b589dabc0bc20695993ccebb09f5b5d4d790cd9251b97faac7c652b?s=96&d=blank&r=g","contentUrl":"https:\/\/secure.gravatar.com\/avatar\/049821681b589dabc0bc20695993ccebb09f5b5d4d790cd9251b97faac7c652b?s=96&d=blank&r=g","caption":"enequipo"},"sameAs":["https:\/\/www.facebook.com\/SonoraEE"]}]}},"jetpack_featured_media_url":"https:\/\/www.sonoraenequipo.com.mx\/storage\/2021\/03\/clausen__opt.jpg","_links":{"self":[{"href":"https:\/\/www.sonoraenequipo.com.mx\/api\/wp\/v2\/posts\/113267","targetHints":{"allow":["GET"]}}],"collection":[{"href":"https:\/\/www.sonoraenequipo.com.mx\/api\/wp\/v2\/posts"}],"about":[{"href":"https:\/\/www.sonoraenequipo.com.mx\/api\/wp\/v2\/types\/post"}],"author":[{"embeddable":true,"href":"https:\/\/www.sonoraenequipo.com.mx\/api\/wp\/v2\/users\/1"}],"replies":[{"embeddable":true,"href":"https:\/\/www.sonoraenequipo.com.mx\/api\/wp\/v2\/comments?post=113267"}],"version-history":[{"count":1,"href":"https:\/\/www.sonoraenequipo.com.mx\/api\/wp\/v2\/posts\/113267\/revisions"}],"predecessor-version":[{"id":113268,"href":"https:\/\/www.sonoraenequipo.com.mx\/api\/wp\/v2\/posts\/113267\/revisions\/113268"}],"wp:featuredmedia":[{"embeddable":true,"href":"https:\/\/www.sonoraenequipo.com.mx\/api\/wp\/v2\/media\/109610"}],"wp:attachment":[{"href":"https:\/\/www.sonoraenequipo.com.mx\/api\/wp\/v2\/media?parent=113267"}],"wp:term":[{"taxonomy":"category","embeddable":true,"href":"https:\/\/www.sonoraenequipo.com.mx\/api\/wp\/v2\/categories?post=113267"},{"taxonomy":"post_tag","embeddable":true,"href":"https:\/\/www.sonoraenequipo.com.mx\/api\/wp\/v2\/tags?post=113267"}],"curies":[{"name":"wp","href":"https:\/\/api.w.org\/{rel}","templated":true}]}}