{"id":113321,"date":"2021-05-06T15:00:28","date_gmt":"2021-05-06T22:00:28","guid":{"rendered":"https:\/\/www.sonoraenequipo.com.mx\/?p=113321"},"modified":"2021-05-06T18:33:23","modified_gmt":"2021-05-07T01:33:23","slug":"invita-ssp-sonora-a-practica-estatal-de-tiro-combate-2021","status":"publish","type":"post","link":"https:\/\/www.sonoraenequipo.com.mx\/invita-ssp-sonora-a-practica-estatal-de-tiro-combate-2021\/","title":{"rendered":"Invita SSP Sonora a Pr\u00e1ctica Estatal de Tiro Combate 2021"},"content":{"rendered":"<p>HERMOSILLO, SONORA. MX. \u2014 Para fomentar el esp\u00edritu competitivo y fortalecer la convivencia entre corporaciones policiales, la Secretar\u00eda de Seguridad P\u00fablica del Estado lanz\u00f3 la convocatoria anual de la Pr\u00e1ctica Estatal de Tiro Combate 2021.<\/p>\n<p>&nbsp;<\/p>\n<p> <\/p>\n<p>El director del Registro Estatal de Armamento de la SSP y coordinador del evento, Jos\u00e9 Calixto Acu\u00f1a Carrasco, dio a conocer que la pr\u00e1ctica se realizar\u00e1 con estrictos protocolos sanitarios en las instalaciones del Instituto Superior de Seguridad P\u00fablica del Estado (Isspe) los d\u00edas 14 y 15 de mayo, a partir de las 9:00 horas, en las categor\u00edas varonil, femenil y por tercias.<\/p>\n<p>&nbsp;<\/p>\n<p>Acu\u00f1a Carrasco indic\u00f3 que la invitaci\u00f3n va dirigida a personal de las distintas instituciones que resguardan la seguridad en el estado y precis\u00f3 que las inscripciones ser\u00e1n en el Isspe el d\u00eda del evento, en mesa de registro, as\u00ed como v\u00eda correo a calixto221080@hotmail.com y al tel\u00e9fono 6621270468.<\/p>\n<p>&nbsp;<\/p>\n<p>Adem\u00e1s, explic\u00f3, en la pr\u00e1ctica se utilizar\u00e1n siluetas met\u00e1licas, se tendr\u00e1 un valor de 10 puntos por cada impacto efectivo y cada tirador deber\u00e1 utilizar cubrebocas, chaleco bal\u00edstico, casco, protecci\u00f3n auditiva, visual y fornitura completa.<img loading=\"lazy\" decoding=\"async\" class=\"size-medium  x-right\" src=\"https:\/\/www.sonoraenequipo.com.mx\/storage\/2021\/05\/Practica-Estatal-de-Tiro-Combate-2021_opt-548x365.jpg\" alt=\"\" width=\"548\" height=\"365\" \/><\/p>\n<p>&nbsp;<\/p>\n<p>Puntualiz\u00f3 que para obtener la calificaci\u00f3n se sumar\u00e1n los puntos obtenidos y el tiempo realizado y se sacar\u00e1 un factor de operaci\u00f3n que consiste en dividir la puntuaci\u00f3n alcanzada entre tiempo del recorrido.<\/p>\n<p>&nbsp;<\/p>\n<p>Se otorgar\u00e1, dijo, premio a primero, segundo y tercer lugar en las categor\u00edas femenil, varonil y por tercias y lo ganar\u00e1n quienes obtengan el factor de la operaci\u00f3n respecto a puntuaci\u00f3n y tiempo m\u00e1s alto.<\/p>\n<p>&nbsp;<\/p>\n<p>Asimismo, inform\u00f3 que los 30 tiradores con los factores m\u00e1s altos obtendr\u00e1n un pase autom\u00e1tico para participar el d\u00eda 30 de mayo en una competencia avalada por la Federaci\u00f3n Mexicana de Tiro (FemetI) en \u201cel Club de tiro Hermosillense\u201d.<\/p>\n<p>&nbsp;<\/p>\n<p>&nbsp;<\/p>\n<p>(Publicada el 06\/05\/2021)<\/p>\n","protected":false},"excerpt":{"rendered":"<p>HERMOSILLO, SONORA. MX. \u2014 Para fomentar el esp\u00edritu competitivo y fortalecer la convivencia entre corporaciones&#8230;<\/p>\n","protected":false},"author":1,"featured_media":113308,"comment_status":"open","ping_status":"open","sticky":false,"template":"","format":"standard","meta":{"_monsterinsights_skip_tracking":false,"_monsterinsights_sitenote_active":false,"_monsterinsights_sitenote_note":"","_monsterinsights_sitenote_category":0,"footnotes":""},"categories":[22],"tags":[],"class_list":["post"],"yoast_head":" \n<title>Sonora en Equipo. Invita SSP Sonora a Pr\u00e1ctica Estatal de Tiro Combate 2021 Sonora<\/title>\n<meta name=\"description\" content=\"HERMOSILLO, SONORA. MX. \u2014 Para fomentar el esp\u00edritu competitivo y fortalecer la convivencia entre corporaciones policiales, la Secretar\u00eda de Seguridad En Sonora en Equipo publicamos toda la informaci\u00f3n de Sonora, M\u00e9xico y el Mundo de manera oportuna y busca que la libertad de expresi\u00f3n sea real. Visita nuestro medio informativo publicado desde Hermosillo, Sonora. %\" \/>\n<meta name=\"robots\" content=\"index, follow, max-snippet:-1, max-image-preview:large, max-video-preview:-1\" \/>\n<link rel=\"canonical\" href=\"https:\/\/www.sonoraenequipo.com.mx\/invita-ssp-sonora-a-practica-estatal-de-tiro-combate-2021\/\" \/>\n<meta property=\"og:locale\" content=\"es_ES\" \/>\n<meta property=\"og:type\" content=\"article\" \/>\n<meta property=\"og:title\" content=\"Sonora en Equipo. Invita SSP Sonora a Pr\u00e1ctica Estatal de Tiro Combate 2021 Sonora\" \/>\n<meta property=\"og:description\" content=\"HERMOSILLO, SONORA. MX. \u2014 Para fomentar el esp\u00edritu competitivo y fortalecer la convivencia entre corporaciones policiales, la Secretar\u00eda de Seguridad En Sonora en Equipo publicamos toda la informaci\u00f3n de Sonora, M\u00e9xico y el Mundo de manera oportuna y busca que la libertad de expresi\u00f3n sea real. Visita nuestro medio informativo publicado desde Hermosillo, Sonora. %\" \/>\n<meta property=\"og:url\" content=\"https:\/\/www.sonoraenequipo.com.mx\/invita-ssp-sonora-a-practica-estatal-de-tiro-combate-2021\/\" \/>\n<meta property=\"og:site_name\" content=\"Sonora en Equipo.\" \/>\n<meta property=\"article:publisher\" content=\"https:\/\/www.facebook.com\/SonoraEE\/\" \/>\n<meta property=\"article:author\" content=\"https:\/\/www.facebook.com\/SonoraEE\" \/>\n<meta property=\"article:published_time\" content=\"2021-05-06T22:00:28+00:00\" \/>\n<meta property=\"article:modified_time\" content=\"2021-05-07T01:33:23+00:00\" \/>\n<meta property=\"og:image\" content=\"https:\/\/www.sonoraenequipo.com.mx\/storage\/2021\/05\/Practica-de-Tiro-Combate-2021_opt.jpg\" \/>\n\t<meta property=\"og:image:width\" content=\"600\" \/>\n\t<meta property=\"og:image:height\" content=\"400\" \/>\n\t<meta property=\"og:image:type\" content=\"image\/jpeg\" \/>\n<meta name=\"author\" content=\"enequipo\" \/>\n<meta name=\"twitter:card\" content=\"summary_large_image\" \/>\n<meta name=\"twitter:creator\" content=\"@sonoraenequipo\" \/>\n<meta name=\"twitter:site\" content=\"@sonoraenequipo\" \/>\n<meta name=\"twitter:label1\" content=\"Escrito por\" \/>\n\t<meta name=\"twitter:data1\" content=\"enequipo\" \/>\n\t<meta name=\"twitter:label2\" content=\"Tiempo de lectura\" \/>\n\t<meta name=\"twitter:data2\" content=\"2 minutos\" \/>\n<script type=\"application\/ld+json\" class=\"yoast-schema-graph\">{\"@context\":\"https:\/\/schema.org\",\"@graph\":[{\"@type\":\"Article\",\"@id\":\"https:\/\/www.sonoraenequipo.com.mx\/invita-ssp-sonora-a-practica-estatal-de-tiro-combate-2021\/#article\",\"isPartOf\":{\"@id\":\"https:\/\/www.sonoraenequipo.com.mx\/invita-ssp-sonora-a-practica-estatal-de-tiro-combate-2021\/\"},\"author\":{\"name\":\"enequipo\",\"@id\":\"https:\/\/www.sonoraenequipo.com.mx\/#\/schema\/person\/50102df0fb23a8fa9e8effad8fa81386\"},\"headline\":\"Invita SSP Sonora a Pr\u00e1ctica Estatal de Tiro Combate 2021\",\"datePublished\":\"2021-05-06T22:00:28+00:00\",\"dateModified\":\"2021-05-07T01:33:23+00:00\",\"mainEntityOfPage\":{\"@id\":\"https:\/\/www.sonoraenequipo.com.mx\/invita-ssp-sonora-a-practica-estatal-de-tiro-combate-2021\/\"},\"wordCount\":336,\"commentCount\":0,\"publisher\":{\"@id\":\"https:\/\/www.sonoraenequipo.com.mx\/#organization\"},\"image\":{\"@id\":\"https:\/\/www.sonoraenequipo.com.mx\/invita-ssp-sonora-a-practica-estatal-de-tiro-combate-2021\/#primaryimage\"},\"thumbnailUrl\":\"https:\/\/www.sonoraenequipo.com.mx\/storage\/2021\/05\/Practica-de-Tiro-Combate-2021_opt.jpg\",\"articleSection\":[\"Sonora\"],\"inLanguage\":\"es\",\"potentialAction\":[{\"@type\":\"CommentAction\",\"name\":\"Comment\",\"target\":[\"https:\/\/www.sonoraenequipo.com.mx\/invita-ssp-sonora-a-practica-estatal-de-tiro-combate-2021\/#respond\"]}]},{\"@type\":\"WebPage\",\"@id\":\"https:\/\/www.sonoraenequipo.com.mx\/invita-ssp-sonora-a-practica-estatal-de-tiro-combate-2021\/\",\"url\":\"https:\/\/www.sonoraenequipo.com.mx\/invita-ssp-sonora-a-practica-estatal-de-tiro-combate-2021\/\",\"name\":\"Sonora en Equipo. Invita SSP Sonora a Pr\u00e1ctica Estatal de Tiro Combate 2021 Sonora\",\"isPartOf\":{\"@id\":\"https:\/\/www.sonoraenequipo.com.mx\/#website\"},\"primaryImageOfPage\":{\"@id\":\"https:\/\/www.sonoraenequipo.com.mx\/invita-ssp-sonora-a-practica-estatal-de-tiro-combate-2021\/#primaryimage\"},\"image\":{\"@id\":\"https:\/\/www.sonoraenequipo.com.mx\/invita-ssp-sonora-a-practica-estatal-de-tiro-combate-2021\/#primaryimage\"},\"thumbnailUrl\":\"https:\/\/www.sonoraenequipo.com.mx\/storage\/2021\/05\/Practica-de-Tiro-Combate-2021_opt.jpg\",\"datePublished\":\"2021-05-06T22:00:28+00:00\",\"dateModified\":\"2021-05-07T01:33:23+00:00\",\"description\":\"HERMOSILLO, SONORA. MX. \u2014 Para fomentar el esp\u00edritu competitivo y fortalecer la convivencia entre corporaciones policiales, la Secretar\u00eda de Seguridad En Sonora en Equipo publicamos toda la informaci\u00f3n de Sonora, M\u00e9xico y el Mundo de manera oportuna y busca que la libertad de expresi\u00f3n sea real. Visita nuestro medio informativo publicado desde Hermosillo, Sonora. %\",\"breadcrumb\":{\"@id\":\"https:\/\/www.sonoraenequipo.com.mx\/invita-ssp-sonora-a-practica-estatal-de-tiro-combate-2021\/#breadcrumb\"},\"inLanguage\":\"es\",\"potentialAction\":[{\"@type\":\"ReadAction\",\"target\":[\"https:\/\/www.sonoraenequipo.com.mx\/invita-ssp-sonora-a-practica-estatal-de-tiro-combate-2021\/\"]}]},{\"@type\":\"ImageObject\",\"inLanguage\":\"es\",\"@id\":\"https:\/\/www.sonoraenequipo.com.mx\/invita-ssp-sonora-a-practica-estatal-de-tiro-combate-2021\/#primaryimage\",\"url\":\"https:\/\/www.sonoraenequipo.com.mx\/storage\/2021\/05\/Practica-de-Tiro-Combate-2021_opt.jpg\",\"contentUrl\":\"https:\/\/www.sonoraenequipo.com.mx\/storage\/2021\/05\/Practica-de-Tiro-Combate-2021_opt.jpg\",\"width\":600,\"height\":400},{\"@type\":\"BreadcrumbList\",\"@id\":\"https:\/\/www.sonoraenequipo.com.mx\/invita-ssp-sonora-a-practica-estatal-de-tiro-combate-2021\/#breadcrumb\",\"itemListElement\":[{\"@type\":\"ListItem\",\"position\":1,\"name\":\"Portada\",\"item\":\"https:\/\/www.sonoraenequipo.com.mx\/\"},{\"@type\":\"ListItem\",\"position\":2,\"name\":\"Invita SSP Sonora a Pr\u00e1ctica Estatal de Tiro Combate 2021\"}]},{\"@type\":\"WebSite\",\"@id\":\"https:\/\/www.sonoraenequipo.com.mx\/#website\",\"url\":\"https:\/\/www.sonoraenequipo.com.mx\/\",\"name\":\"Sonora en Equipo.\",\"description\":\"Diario en l\u00ednea con Noticias desde Hermosillo, Sonora\",\"publisher\":{\"@id\":\"https:\/\/www.sonoraenequipo.com.mx\/#organization\"},\"potentialAction\":[{\"@type\":\"SearchAction\",\"target\":{\"@type\":\"EntryPoint\",\"urlTemplate\":\"https:\/\/www.sonoraenequipo.com.mx\/?s={search_term_string}\"},\"query-input\":{\"@type\":\"PropertyValueSpecification\",\"valueRequired\":true,\"valueName\":\"search_term_string\"}}],\"inLanguage\":\"es\"},{\"@type\":\"Organization\",\"@id\":\"https:\/\/www.sonoraenequipo.com.mx\/#organization\",\"name\":\"Sonoraenequipo.com.mx\",\"url\":\"https:\/\/www.sonoraenequipo.com.mx\/\",\"logo\":{\"@type\":\"ImageObject\",\"inLanguage\":\"es\",\"@id\":\"https:\/\/www.sonoraenequipo.com.mx\/#\/schema\/logo\/image\/\",\"url\":\"https:\/\/www.sonoraenequipo.com.mx\/storage\/2019\/01\/sonoraenequipo_opt.png\",\"contentUrl\":\"https:\/\/www.sonoraenequipo.com.mx\/storage\/2019\/01\/sonoraenequipo_opt.png\",\"width\":375,\"height\":125,\"caption\":\"Sonoraenequipo.com.mx\"},\"image\":{\"@id\":\"https:\/\/www.sonoraenequipo.com.mx\/#\/schema\/logo\/image\/\"},\"sameAs\":[\"https:\/\/www.facebook.com\/SonoraEE\/\",\"https:\/\/x.com\/sonoraenequipo\",\"https:\/\/www.youtube.com\/channel\/UC338nW-lPEYmJQs4ZABQ1SQ\"]},{\"@type\":\"Person\",\"@id\":\"https:\/\/www.sonoraenequipo.com.mx\/#\/schema\/person\/50102df0fb23a8fa9e8effad8fa81386\",\"name\":\"enequipo\",\"image\":{\"@type\":\"ImageObject\",\"inLanguage\":\"es\",\"@id\":\"https:\/\/www.sonoraenequipo.com.mx\/#\/schema\/person\/image\/\",\"url\":\"https:\/\/secure.gravatar.com\/avatar\/049821681b589dabc0bc20695993ccebb09f5b5d4d790cd9251b97faac7c652b?s=96&d=blank&r=g\",\"contentUrl\":\"https:\/\/secure.gravatar.com\/avatar\/049821681b589dabc0bc20695993ccebb09f5b5d4d790cd9251b97faac7c652b?s=96&d=blank&r=g\",\"caption\":\"enequipo\"},\"sameAs\":[\"https:\/\/www.facebook.com\/SonoraEE\"]}]}<\/script>\n ","yoast_head_json":{"title":"Sonora en Equipo. Invita SSP Sonora a Pr\u00e1ctica Estatal de Tiro Combate 2021 Sonora","description":"HERMOSILLO, SONORA. MX. \u2014 Para fomentar el esp\u00edritu competitivo y fortalecer la convivencia entre corporaciones policiales, la Secretar\u00eda de Seguridad En Sonora en Equipo publicamos toda la informaci\u00f3n de Sonora, M\u00e9xico y el Mundo de manera oportuna y busca que la libertad de expresi\u00f3n sea real. Visita nuestro medio informativo publicado desde Hermosillo, Sonora. %","robots":{"index":"index","follow":"follow","max-snippet":"max-snippet:-1","max-image-preview":"max-image-preview:large","max-video-preview":"max-video-preview:-1"},"canonical":"https:\/\/www.sonoraenequipo.com.mx\/invita-ssp-sonora-a-practica-estatal-de-tiro-combate-2021\/","og_locale":"es_ES","og_type":"article","og_title":"Sonora en Equipo. Invita SSP Sonora a Pr\u00e1ctica Estatal de Tiro Combate 2021 Sonora","og_description":"HERMOSILLO, SONORA. MX. \u2014 Para fomentar el esp\u00edritu competitivo y fortalecer la convivencia entre corporaciones policiales, la Secretar\u00eda de Seguridad En Sonora en Equipo publicamos toda la informaci\u00f3n de Sonora, M\u00e9xico y el Mundo de manera oportuna y busca que la libertad de expresi\u00f3n sea real. Visita nuestro medio informativo publicado desde Hermosillo, Sonora. %","og_url":"https:\/\/www.sonoraenequipo.com.mx\/invita-ssp-sonora-a-practica-estatal-de-tiro-combate-2021\/","og_site_name":"Sonora en Equipo.","article_publisher":"https:\/\/www.facebook.com\/SonoraEE\/","article_author":"https:\/\/www.facebook.com\/SonoraEE","article_published_time":"2021-05-06T22:00:28+00:00","article_modified_time":"2021-05-07T01:33:23+00:00","og_image":[{"width":600,"height":400,"url":"https:\/\/www.sonoraenequipo.com.mx\/storage\/2021\/05\/Practica-de-Tiro-Combate-2021_opt.jpg","type":"image\/jpeg"}],"author":"enequipo","twitter_card":"summary_large_image","twitter_creator":"@sonoraenequipo","twitter_site":"@sonoraenequipo","twitter_misc":{"Escrito por":"enequipo","Tiempo de lectura":"2 minutos"},"schema":{"@context":"https:\/\/schema.org","@graph":[{"@type":"Article","@id":"https:\/\/www.sonoraenequipo.com.mx\/invita-ssp-sonora-a-practica-estatal-de-tiro-combate-2021\/#article","isPartOf":{"@id":"https:\/\/www.sonoraenequipo.com.mx\/invita-ssp-sonora-a-practica-estatal-de-tiro-combate-2021\/"},"author":{"name":"enequipo","@id":"https:\/\/www.sonoraenequipo.com.mx\/#\/schema\/person\/50102df0fb23a8fa9e8effad8fa81386"},"headline":"Invita SSP Sonora a Pr\u00e1ctica Estatal de Tiro Combate 2021","datePublished":"2021-05-06T22:00:28+00:00","dateModified":"2021-05-07T01:33:23+00:00","mainEntityOfPage":{"@id":"https:\/\/www.sonoraenequipo.com.mx\/invita-ssp-sonora-a-practica-estatal-de-tiro-combate-2021\/"},"wordCount":336,"commentCount":0,"publisher":{"@id":"https:\/\/www.sonoraenequipo.com.mx\/#organization"},"image":{"@id":"https:\/\/www.sonoraenequipo.com.mx\/invita-ssp-sonora-a-practica-estatal-de-tiro-combate-2021\/#primaryimage"},"thumbnailUrl":"https:\/\/www.sonoraenequipo.com.mx\/storage\/2021\/05\/Practica-de-Tiro-Combate-2021_opt.jpg","articleSection":["Sonora"],"inLanguage":"es","potentialAction":[{"@type":"CommentAction","name":"Comment","target":["https:\/\/www.sonoraenequipo.com.mx\/invita-ssp-sonora-a-practica-estatal-de-tiro-combate-2021\/#respond"]}]},{"@type":"WebPage","@id":"https:\/\/www.sonoraenequipo.com.mx\/invita-ssp-sonora-a-practica-estatal-de-tiro-combate-2021\/","url":"https:\/\/www.sonoraenequipo.com.mx\/invita-ssp-sonora-a-practica-estatal-de-tiro-combate-2021\/","name":"Sonora en Equipo. Invita SSP Sonora a Pr\u00e1ctica Estatal de Tiro Combate 2021 Sonora","isPartOf":{"@id":"https:\/\/www.sonoraenequipo.com.mx\/#website"},"primaryImageOfPage":{"@id":"https:\/\/www.sonoraenequipo.com.mx\/invita-ssp-sonora-a-practica-estatal-de-tiro-combate-2021\/#primaryimage"},"image":{"@id":"https:\/\/www.sonoraenequipo.com.mx\/invita-ssp-sonora-a-practica-estatal-de-tiro-combate-2021\/#primaryimage"},"thumbnailUrl":"https:\/\/www.sonoraenequipo.com.mx\/storage\/2021\/05\/Practica-de-Tiro-Combate-2021_opt.jpg","datePublished":"2021-05-06T22:00:28+00:00","dateModified":"2021-05-07T01:33:23+00:00","description":"HERMOSILLO, SONORA. MX. \u2014 Para fomentar el esp\u00edritu competitivo y fortalecer la convivencia entre corporaciones policiales, la Secretar\u00eda de Seguridad En Sonora en Equipo publicamos toda la informaci\u00f3n de Sonora, M\u00e9xico y el Mundo de manera oportuna y busca que la libertad de expresi\u00f3n sea real. Visita nuestro medio informativo publicado desde Hermosillo, Sonora. %","breadcrumb":{"@id":"https:\/\/www.sonoraenequipo.com.mx\/invita-ssp-sonora-a-practica-estatal-de-tiro-combate-2021\/#breadcrumb"},"inLanguage":"es","potentialAction":[{"@type":"ReadAction","target":["https:\/\/www.sonoraenequipo.com.mx\/invita-ssp-sonora-a-practica-estatal-de-tiro-combate-2021\/"]}]},{"@type":"ImageObject","inLanguage":"es","@id":"https:\/\/www.sonoraenequipo.com.mx\/invita-ssp-sonora-a-practica-estatal-de-tiro-combate-2021\/#primaryimage","url":"https:\/\/www.sonoraenequipo.com.mx\/storage\/2021\/05\/Practica-de-Tiro-Combate-2021_opt.jpg","contentUrl":"https:\/\/www.sonoraenequipo.com.mx\/storage\/2021\/05\/Practica-de-Tiro-Combate-2021_opt.jpg","width":600,"height":400},{"@type":"BreadcrumbList","@id":"https:\/\/www.sonoraenequipo.com.mx\/invita-ssp-sonora-a-practica-estatal-de-tiro-combate-2021\/#breadcrumb","itemListElement":[{"@type":"ListItem","position":1,"name":"Portada","item":"https:\/\/www.sonoraenequipo.com.mx\/"},{"@type":"ListItem","position":2,"name":"Invita SSP Sonora a Pr\u00e1ctica Estatal de Tiro Combate 2021"}]},{"@type":"WebSite","@id":"https:\/\/www.sonoraenequipo.com.mx\/#website","url":"https:\/\/www.sonoraenequipo.com.mx\/","name":"Sonora en Equipo.","description":"Diario en l\u00ednea con Noticias desde Hermosillo, Sonora","publisher":{"@id":"https:\/\/www.sonoraenequipo.com.mx\/#organization"},"potentialAction":[{"@type":"SearchAction","target":{"@type":"EntryPoint","urlTemplate":"https:\/\/www.sonoraenequipo.com.mx\/?s={search_term_string}"},"query-input":{"@type":"PropertyValueSpecification","valueRequired":true,"valueName":"search_term_string"}}],"inLanguage":"es"},{"@type":"Organization","@id":"https:\/\/www.sonoraenequipo.com.mx\/#organization","name":"Sonoraenequipo.com.mx","url":"https:\/\/www.sonoraenequipo.com.mx\/","logo":{"@type":"ImageObject","inLanguage":"es","@id":"https:\/\/www.sonoraenequipo.com.mx\/#\/schema\/logo\/image\/","url":"https:\/\/www.sonoraenequipo.com.mx\/storage\/2019\/01\/sonoraenequipo_opt.png","contentUrl":"https:\/\/www.sonoraenequipo.com.mx\/storage\/2019\/01\/sonoraenequipo_opt.png","width":375,"height":125,"caption":"Sonoraenequipo.com.mx"},"image":{"@id":"https:\/\/www.sonoraenequipo.com.mx\/#\/schema\/logo\/image\/"},"sameAs":["https:\/\/www.facebook.com\/SonoraEE\/","https:\/\/x.com\/sonoraenequipo","https:\/\/www.youtube.com\/channel\/UC338nW-lPEYmJQs4ZABQ1SQ"]},{"@type":"Person","@id":"https:\/\/www.sonoraenequipo.com.mx\/#\/schema\/person\/50102df0fb23a8fa9e8effad8fa81386","name":"enequipo","image":{"@type":"ImageObject","inLanguage":"es","@id":"https:\/\/www.sonoraenequipo.com.mx\/#\/schema\/person\/image\/","url":"https:\/\/secure.gravatar.com\/avatar\/049821681b589dabc0bc20695993ccebb09f5b5d4d790cd9251b97faac7c652b?s=96&d=blank&r=g","contentUrl":"https:\/\/secure.gravatar.com\/avatar\/049821681b589dabc0bc20695993ccebb09f5b5d4d790cd9251b97faac7c652b?s=96&d=blank&r=g","caption":"enequipo"},"sameAs":["https:\/\/www.facebook.com\/SonoraEE"]}]}},"jetpack_featured_media_url":"https:\/\/www.sonoraenequipo.com.mx\/storage\/2021\/05\/Practica-de-Tiro-Combate-2021_opt.jpg","_links":{"self":[{"href":"https:\/\/www.sonoraenequipo.com.mx\/api\/wp\/v2\/posts\/113321","targetHints":{"allow":["GET"]}}],"collection":[{"href":"https:\/\/www.sonoraenequipo.com.mx\/api\/wp\/v2\/posts"}],"about":[{"href":"https:\/\/www.sonoraenequipo.com.mx\/api\/wp\/v2\/types\/post"}],"author":[{"embeddable":true,"href":"https:\/\/www.sonoraenequipo.com.mx\/api\/wp\/v2\/users\/1"}],"replies":[{"embeddable":true,"href":"https:\/\/www.sonoraenequipo.com.mx\/api\/wp\/v2\/comments?post=113321"}],"version-history":[{"count":1,"href":"https:\/\/www.sonoraenequipo.com.mx\/api\/wp\/v2\/posts\/113321\/revisions"}],"predecessor-version":[{"id":113322,"href":"https:\/\/www.sonoraenequipo.com.mx\/api\/wp\/v2\/posts\/113321\/revisions\/113322"}],"wp:featuredmedia":[{"embeddable":true,"href":"https:\/\/www.sonoraenequipo.com.mx\/api\/wp\/v2\/media\/113308"}],"wp:attachment":[{"href":"https:\/\/www.sonoraenequipo.com.mx\/api\/wp\/v2\/media?parent=113321"}],"wp:term":[{"taxonomy":"category","embeddable":true,"href":"https:\/\/www.sonoraenequipo.com.mx\/api\/wp\/v2\/categories?post=113321"},{"taxonomy":"post_tag","embeddable":true,"href":"https:\/\/www.sonoraenequipo.com.mx\/api\/wp\/v2\/tags?post=113321"}],"curies":[{"name":"wp","href":"https:\/\/api.w.org\/{rel}","templated":true}]}}