{"id":113327,"date":"2021-05-06T17:53:12","date_gmt":"2021-05-07T00:53:12","guid":{"rendered":"https:\/\/www.sonoraenequipo.com.mx\/?p=113327"},"modified":"2021-05-06T19:14:56","modified_gmt":"2021-05-07T02:14:56","slug":"busca-diputado-carlos-navarrete-aguirre-que-reparen-la-carretera-federal-2","status":"publish","type":"post","link":"https:\/\/www.sonoraenequipo.com.mx\/busca-diputado-carlos-navarrete-aguirre-que-reparen-la-carretera-federal-2\/","title":{"rendered":"Busca diputado Carlos Navarrete Aguirre que reparen la Carretera Federal 2"},"content":{"rendered":"<p>HERMOSILLO, SONORA. MX. \u2014 Siempre pensando en la seguridad de los ciudadanos del s\u00e9ptimo distrito, el diputado Carlos Navarrete Aguirre, en voz de su compa\u00f1era de bancada Marcia Camarena Moncada, hizo un llamado al titular de la Secretar\u00eda de Comunicaciones y Transportes (SCT) para que se hagan las reparaciones pertinentes en dos tramos de la Carretera Federal 2.<\/p>\n<p>&nbsp;<\/p>\n<p> <\/p>\n<p>&nbsp;<\/p>\n<p>El legislador explic\u00f3 que en esta ruta los tramos conocidos como el Ramal Naco y el trayecto entre el Ejido Zaragoza y Cananea presentan serios da\u00f1os mismos que ponen en riesgo a la poblaci\u00f3n.<\/p>\n<p>&nbsp;<\/p>\n<p>&nbsp;<\/p>\n<p><em>\u00abDesde hace varios a\u00f1os hemos venido solicitando que se reparen esos tramos carreteros, no podemos jugar con la vida de las personas, exponerlos y ponerlos en riesgo\u00bb,<\/em> manifest\u00f3.<\/p>\n<p>&nbsp;<\/p>\n<p>&nbsp;<\/p>\n<p>De igual forma, record\u00f3 que muchos pacientes que requieren traslados por sus situaciones m\u00e9dicas pueden ver sus vidas comprometidas, debido a que la situaci\u00f3n de los caminos impide que las ambulancias puedan desplazarse de forma apropiada, lo que en el contexto de la situaci\u00f3n sanitaria actual puede representar un riesgo fatal.<\/p>\n<p>&nbsp;<\/p>\n<p>&nbsp;<\/p>\n<p><em>\u00abCuando existen emergencias m\u00e9dicas y se necesitan traslados, estos no pueden realizarse en menos tiempo, porque las ambulancias tienen que ir a muy baja velocidad, para no exponer m\u00e1s al paciente ni ellos mismos, porque pudieran sufrir un percance en la carretera\u00bb,<\/em> lament\u00f3.<\/p>\n<p>&nbsp;<\/p>\n<p>&nbsp;<\/p>\n<p>Por lo anterior y en vista del \u00e9xito logrado al hacer un llamado similar para la reparaci\u00f3n del tramo \u00cdmuris &#8211; Cananea, el legislador hizo un en\u00e9rgico llamado para resolver la situaci\u00f3n de la carretera Federal 2, esperando una pronta respuesta por parte de la SCT.<\/p>\n<p>&nbsp;<\/p>\n<p>(Publicada el 06\/05\/2021)<\/p>\n","protected":false},"excerpt":{"rendered":"<p>HERMOSILLO, SONORA. MX. \u2014 Siempre pensando en la seguridad de los ciudadanos del s\u00e9ptimo distrito,&#8230;<\/p>\n","protected":false},"author":1,"featured_media":113328,"comment_status":"open","ping_status":"open","sticky":false,"template":"","format":"standard","meta":{"_monsterinsights_skip_tracking":false,"_monsterinsights_sitenote_active":false,"_monsterinsights_sitenote_note":"","_monsterinsights_sitenote_category":0,"footnotes":""},"categories":[3281],"tags":[],"class_list":["post"],"yoast_head":" \n<title>Sonora en Equipo. Busca diputado Carlos Navarrete Aguirre que reparen la Carretera Federal 2 Congreso<\/title>\n<meta name=\"description\" content=\"HERMOSILLO, SONORA. MX. \u2014 Siempre pensando en la seguridad de los ciudadanos del s\u00e9ptimo distrito, el diputado Carlos Navarrete Aguirre, en voz de su En Sonora en Equipo publicamos toda la informaci\u00f3n de Sonora, M\u00e9xico y el Mundo de manera oportuna y busca que la libertad de expresi\u00f3n sea real. Visita nuestro medio informativo publicado desde Hermosillo, Sonora. %\" \/>\n<meta name=\"robots\" content=\"index, follow, max-snippet:-1, max-image-preview:large, max-video-preview:-1\" \/>\n<link rel=\"canonical\" href=\"https:\/\/www.sonoraenequipo.com.mx\/busca-diputado-carlos-navarrete-aguirre-que-reparen-la-carretera-federal-2\/\" \/>\n<meta property=\"og:locale\" content=\"es_ES\" \/>\n<meta property=\"og:type\" content=\"article\" \/>\n<meta property=\"og:title\" content=\"Sonora en Equipo. Busca diputado Carlos Navarrete Aguirre que reparen la Carretera Federal 2 Congreso\" \/>\n<meta property=\"og:description\" content=\"HERMOSILLO, SONORA. MX. \u2014 Siempre pensando en la seguridad de los ciudadanos del s\u00e9ptimo distrito, el diputado Carlos Navarrete Aguirre, en voz de su En Sonora en Equipo publicamos toda la informaci\u00f3n de Sonora, M\u00e9xico y el Mundo de manera oportuna y busca que la libertad de expresi\u00f3n sea real. Visita nuestro medio informativo publicado desde Hermosillo, Sonora. %\" \/>\n<meta property=\"og:url\" content=\"https:\/\/www.sonoraenequipo.com.mx\/busca-diputado-carlos-navarrete-aguirre-que-reparen-la-carretera-federal-2\/\" \/>\n<meta property=\"og:site_name\" content=\"Sonora en Equipo.\" \/>\n<meta property=\"article:publisher\" content=\"https:\/\/www.facebook.com\/SonoraEE\/\" \/>\n<meta property=\"article:author\" content=\"https:\/\/www.facebook.com\/SonoraEE\" \/>\n<meta property=\"article:published_time\" content=\"2021-05-07T00:53:12+00:00\" \/>\n<meta property=\"article:modified_time\" content=\"2021-05-07T02:14:56+00:00\" \/>\n<meta property=\"og:image\" content=\"https:\/\/www.sonoraenequipo.com.mx\/storage\/2021\/05\/dip-carlos-navarrete_opt.jpg\" \/>\n\t<meta property=\"og:image:width\" content=\"690\" \/>\n\t<meta property=\"og:image:height\" content=\"460\" \/>\n\t<meta property=\"og:image:type\" content=\"image\/jpeg\" \/>\n<meta name=\"author\" content=\"enequipo\" \/>\n<meta name=\"twitter:card\" content=\"summary_large_image\" \/>\n<meta name=\"twitter:creator\" content=\"@sonoraenequipo\" \/>\n<meta name=\"twitter:site\" content=\"@sonoraenequipo\" \/>\n<meta name=\"twitter:label1\" content=\"Escrito por\" \/>\n\t<meta name=\"twitter:data1\" content=\"enequipo\" \/>\n\t<meta name=\"twitter:label2\" content=\"Tiempo de lectura\" \/>\n\t<meta name=\"twitter:data2\" content=\"2 minutos\" \/>\n<script type=\"application\/ld+json\" class=\"yoast-schema-graph\">{\"@context\":\"https:\/\/schema.org\",\"@graph\":[{\"@type\":\"Article\",\"@id\":\"https:\/\/www.sonoraenequipo.com.mx\/busca-diputado-carlos-navarrete-aguirre-que-reparen-la-carretera-federal-2\/#article\",\"isPartOf\":{\"@id\":\"https:\/\/www.sonoraenequipo.com.mx\/busca-diputado-carlos-navarrete-aguirre-que-reparen-la-carretera-federal-2\/\"},\"author\":{\"name\":\"enequipo\",\"@id\":\"https:\/\/www.sonoraenequipo.com.mx\/#\/schema\/person\/50102df0fb23a8fa9e8effad8fa81386\"},\"headline\":\"Busca diputado Carlos Navarrete Aguirre que reparen la Carretera Federal 2\",\"datePublished\":\"2021-05-07T00:53:12+00:00\",\"dateModified\":\"2021-05-07T02:14:56+00:00\",\"mainEntityOfPage\":{\"@id\":\"https:\/\/www.sonoraenequipo.com.mx\/busca-diputado-carlos-navarrete-aguirre-que-reparen-la-carretera-federal-2\/\"},\"wordCount\":294,\"commentCount\":0,\"publisher\":{\"@id\":\"https:\/\/www.sonoraenequipo.com.mx\/#organization\"},\"image\":{\"@id\":\"https:\/\/www.sonoraenequipo.com.mx\/busca-diputado-carlos-navarrete-aguirre-que-reparen-la-carretera-federal-2\/#primaryimage\"},\"thumbnailUrl\":\"https:\/\/www.sonoraenequipo.com.mx\/storage\/2021\/05\/dip-carlos-navarrete_opt.jpg\",\"articleSection\":[\"Congreso\"],\"inLanguage\":\"es\",\"potentialAction\":[{\"@type\":\"CommentAction\",\"name\":\"Comment\",\"target\":[\"https:\/\/www.sonoraenequipo.com.mx\/busca-diputado-carlos-navarrete-aguirre-que-reparen-la-carretera-federal-2\/#respond\"]}]},{\"@type\":\"WebPage\",\"@id\":\"https:\/\/www.sonoraenequipo.com.mx\/busca-diputado-carlos-navarrete-aguirre-que-reparen-la-carretera-federal-2\/\",\"url\":\"https:\/\/www.sonoraenequipo.com.mx\/busca-diputado-carlos-navarrete-aguirre-que-reparen-la-carretera-federal-2\/\",\"name\":\"Sonora en Equipo. Busca diputado Carlos Navarrete Aguirre que reparen la Carretera Federal 2 Congreso\",\"isPartOf\":{\"@id\":\"https:\/\/www.sonoraenequipo.com.mx\/#website\"},\"primaryImageOfPage\":{\"@id\":\"https:\/\/www.sonoraenequipo.com.mx\/busca-diputado-carlos-navarrete-aguirre-que-reparen-la-carretera-federal-2\/#primaryimage\"},\"image\":{\"@id\":\"https:\/\/www.sonoraenequipo.com.mx\/busca-diputado-carlos-navarrete-aguirre-que-reparen-la-carretera-federal-2\/#primaryimage\"},\"thumbnailUrl\":\"https:\/\/www.sonoraenequipo.com.mx\/storage\/2021\/05\/dip-carlos-navarrete_opt.jpg\",\"datePublished\":\"2021-05-07T00:53:12+00:00\",\"dateModified\":\"2021-05-07T02:14:56+00:00\",\"description\":\"HERMOSILLO, SONORA. MX. \u2014 Siempre pensando en la seguridad de los ciudadanos del s\u00e9ptimo distrito, el diputado Carlos Navarrete Aguirre, en voz de su En Sonora en Equipo publicamos toda la informaci\u00f3n de Sonora, M\u00e9xico y el Mundo de manera oportuna y busca que la libertad de expresi\u00f3n sea real. Visita nuestro medio informativo publicado desde Hermosillo, Sonora. %\",\"breadcrumb\":{\"@id\":\"https:\/\/www.sonoraenequipo.com.mx\/busca-diputado-carlos-navarrete-aguirre-que-reparen-la-carretera-federal-2\/#breadcrumb\"},\"inLanguage\":\"es\",\"potentialAction\":[{\"@type\":\"ReadAction\",\"target\":[\"https:\/\/www.sonoraenequipo.com.mx\/busca-diputado-carlos-navarrete-aguirre-que-reparen-la-carretera-federal-2\/\"]}]},{\"@type\":\"ImageObject\",\"inLanguage\":\"es\",\"@id\":\"https:\/\/www.sonoraenequipo.com.mx\/busca-diputado-carlos-navarrete-aguirre-que-reparen-la-carretera-federal-2\/#primaryimage\",\"url\":\"https:\/\/www.sonoraenequipo.com.mx\/storage\/2021\/05\/dip-carlos-navarrete_opt.jpg\",\"contentUrl\":\"https:\/\/www.sonoraenequipo.com.mx\/storage\/2021\/05\/dip-carlos-navarrete_opt.jpg\",\"width\":690,\"height\":460},{\"@type\":\"BreadcrumbList\",\"@id\":\"https:\/\/www.sonoraenequipo.com.mx\/busca-diputado-carlos-navarrete-aguirre-que-reparen-la-carretera-federal-2\/#breadcrumb\",\"itemListElement\":[{\"@type\":\"ListItem\",\"position\":1,\"name\":\"Portada\",\"item\":\"https:\/\/www.sonoraenequipo.com.mx\/\"},{\"@type\":\"ListItem\",\"position\":2,\"name\":\"Busca diputado Carlos Navarrete Aguirre que reparen la Carretera Federal 2\"}]},{\"@type\":\"WebSite\",\"@id\":\"https:\/\/www.sonoraenequipo.com.mx\/#website\",\"url\":\"https:\/\/www.sonoraenequipo.com.mx\/\",\"name\":\"Sonora en Equipo.\",\"description\":\"Diario en l\u00ednea con Noticias desde Hermosillo, Sonora\",\"publisher\":{\"@id\":\"https:\/\/www.sonoraenequipo.com.mx\/#organization\"},\"potentialAction\":[{\"@type\":\"SearchAction\",\"target\":{\"@type\":\"EntryPoint\",\"urlTemplate\":\"https:\/\/www.sonoraenequipo.com.mx\/?s={search_term_string}\"},\"query-input\":{\"@type\":\"PropertyValueSpecification\",\"valueRequired\":true,\"valueName\":\"search_term_string\"}}],\"inLanguage\":\"es\"},{\"@type\":\"Organization\",\"@id\":\"https:\/\/www.sonoraenequipo.com.mx\/#organization\",\"name\":\"Sonoraenequipo.com.mx\",\"url\":\"https:\/\/www.sonoraenequipo.com.mx\/\",\"logo\":{\"@type\":\"ImageObject\",\"inLanguage\":\"es\",\"@id\":\"https:\/\/www.sonoraenequipo.com.mx\/#\/schema\/logo\/image\/\",\"url\":\"https:\/\/www.sonoraenequipo.com.mx\/storage\/2019\/01\/sonoraenequipo_opt.png\",\"contentUrl\":\"https:\/\/www.sonoraenequipo.com.mx\/storage\/2019\/01\/sonoraenequipo_opt.png\",\"width\":375,\"height\":125,\"caption\":\"Sonoraenequipo.com.mx\"},\"image\":{\"@id\":\"https:\/\/www.sonoraenequipo.com.mx\/#\/schema\/logo\/image\/\"},\"sameAs\":[\"https:\/\/www.facebook.com\/SonoraEE\/\",\"https:\/\/x.com\/sonoraenequipo\",\"https:\/\/www.youtube.com\/channel\/UC338nW-lPEYmJQs4ZABQ1SQ\"]},{\"@type\":\"Person\",\"@id\":\"https:\/\/www.sonoraenequipo.com.mx\/#\/schema\/person\/50102df0fb23a8fa9e8effad8fa81386\",\"name\":\"enequipo\",\"image\":{\"@type\":\"ImageObject\",\"inLanguage\":\"es\",\"@id\":\"https:\/\/www.sonoraenequipo.com.mx\/#\/schema\/person\/image\/\",\"url\":\"https:\/\/secure.gravatar.com\/avatar\/049821681b589dabc0bc20695993ccebb09f5b5d4d790cd9251b97faac7c652b?s=96&d=blank&r=g\",\"contentUrl\":\"https:\/\/secure.gravatar.com\/avatar\/049821681b589dabc0bc20695993ccebb09f5b5d4d790cd9251b97faac7c652b?s=96&d=blank&r=g\",\"caption\":\"enequipo\"},\"sameAs\":[\"https:\/\/www.facebook.com\/SonoraEE\"]}]}<\/script>\n ","yoast_head_json":{"title":"Sonora en Equipo. Busca diputado Carlos Navarrete Aguirre que reparen la Carretera Federal 2 Congreso","description":"HERMOSILLO, SONORA. MX. \u2014 Siempre pensando en la seguridad de los ciudadanos del s\u00e9ptimo distrito, el diputado Carlos Navarrete Aguirre, en voz de su En Sonora en Equipo publicamos toda la informaci\u00f3n de Sonora, M\u00e9xico y el Mundo de manera oportuna y busca que la libertad de expresi\u00f3n sea real. Visita nuestro medio informativo publicado desde Hermosillo, Sonora. %","robots":{"index":"index","follow":"follow","max-snippet":"max-snippet:-1","max-image-preview":"max-image-preview:large","max-video-preview":"max-video-preview:-1"},"canonical":"https:\/\/www.sonoraenequipo.com.mx\/busca-diputado-carlos-navarrete-aguirre-que-reparen-la-carretera-federal-2\/","og_locale":"es_ES","og_type":"article","og_title":"Sonora en Equipo. Busca diputado Carlos Navarrete Aguirre que reparen la Carretera Federal 2 Congreso","og_description":"HERMOSILLO, SONORA. MX. \u2014 Siempre pensando en la seguridad de los ciudadanos del s\u00e9ptimo distrito, el diputado Carlos Navarrete Aguirre, en voz de su En Sonora en Equipo publicamos toda la informaci\u00f3n de Sonora, M\u00e9xico y el Mundo de manera oportuna y busca que la libertad de expresi\u00f3n sea real. Visita nuestro medio informativo publicado desde Hermosillo, Sonora. %","og_url":"https:\/\/www.sonoraenequipo.com.mx\/busca-diputado-carlos-navarrete-aguirre-que-reparen-la-carretera-federal-2\/","og_site_name":"Sonora en Equipo.","article_publisher":"https:\/\/www.facebook.com\/SonoraEE\/","article_author":"https:\/\/www.facebook.com\/SonoraEE","article_published_time":"2021-05-07T00:53:12+00:00","article_modified_time":"2021-05-07T02:14:56+00:00","og_image":[{"width":690,"height":460,"url":"https:\/\/www.sonoraenequipo.com.mx\/storage\/2021\/05\/dip-carlos-navarrete_opt.jpg","type":"image\/jpeg"}],"author":"enequipo","twitter_card":"summary_large_image","twitter_creator":"@sonoraenequipo","twitter_site":"@sonoraenequipo","twitter_misc":{"Escrito por":"enequipo","Tiempo de lectura":"2 minutos"},"schema":{"@context":"https:\/\/schema.org","@graph":[{"@type":"Article","@id":"https:\/\/www.sonoraenequipo.com.mx\/busca-diputado-carlos-navarrete-aguirre-que-reparen-la-carretera-federal-2\/#article","isPartOf":{"@id":"https:\/\/www.sonoraenequipo.com.mx\/busca-diputado-carlos-navarrete-aguirre-que-reparen-la-carretera-federal-2\/"},"author":{"name":"enequipo","@id":"https:\/\/www.sonoraenequipo.com.mx\/#\/schema\/person\/50102df0fb23a8fa9e8effad8fa81386"},"headline":"Busca diputado Carlos Navarrete Aguirre que reparen la Carretera Federal 2","datePublished":"2021-05-07T00:53:12+00:00","dateModified":"2021-05-07T02:14:56+00:00","mainEntityOfPage":{"@id":"https:\/\/www.sonoraenequipo.com.mx\/busca-diputado-carlos-navarrete-aguirre-que-reparen-la-carretera-federal-2\/"},"wordCount":294,"commentCount":0,"publisher":{"@id":"https:\/\/www.sonoraenequipo.com.mx\/#organization"},"image":{"@id":"https:\/\/www.sonoraenequipo.com.mx\/busca-diputado-carlos-navarrete-aguirre-que-reparen-la-carretera-federal-2\/#primaryimage"},"thumbnailUrl":"https:\/\/www.sonoraenequipo.com.mx\/storage\/2021\/05\/dip-carlos-navarrete_opt.jpg","articleSection":["Congreso"],"inLanguage":"es","potentialAction":[{"@type":"CommentAction","name":"Comment","target":["https:\/\/www.sonoraenequipo.com.mx\/busca-diputado-carlos-navarrete-aguirre-que-reparen-la-carretera-federal-2\/#respond"]}]},{"@type":"WebPage","@id":"https:\/\/www.sonoraenequipo.com.mx\/busca-diputado-carlos-navarrete-aguirre-que-reparen-la-carretera-federal-2\/","url":"https:\/\/www.sonoraenequipo.com.mx\/busca-diputado-carlos-navarrete-aguirre-que-reparen-la-carretera-federal-2\/","name":"Sonora en Equipo. Busca diputado Carlos Navarrete Aguirre que reparen la Carretera Federal 2 Congreso","isPartOf":{"@id":"https:\/\/www.sonoraenequipo.com.mx\/#website"},"primaryImageOfPage":{"@id":"https:\/\/www.sonoraenequipo.com.mx\/busca-diputado-carlos-navarrete-aguirre-que-reparen-la-carretera-federal-2\/#primaryimage"},"image":{"@id":"https:\/\/www.sonoraenequipo.com.mx\/busca-diputado-carlos-navarrete-aguirre-que-reparen-la-carretera-federal-2\/#primaryimage"},"thumbnailUrl":"https:\/\/www.sonoraenequipo.com.mx\/storage\/2021\/05\/dip-carlos-navarrete_opt.jpg","datePublished":"2021-05-07T00:53:12+00:00","dateModified":"2021-05-07T02:14:56+00:00","description":"HERMOSILLO, SONORA. MX. \u2014 Siempre pensando en la seguridad de los ciudadanos del s\u00e9ptimo distrito, el diputado Carlos Navarrete Aguirre, en voz de su En Sonora en Equipo publicamos toda la informaci\u00f3n de Sonora, M\u00e9xico y el Mundo de manera oportuna y busca que la libertad de expresi\u00f3n sea real. Visita nuestro medio informativo publicado desde Hermosillo, Sonora. %","breadcrumb":{"@id":"https:\/\/www.sonoraenequipo.com.mx\/busca-diputado-carlos-navarrete-aguirre-que-reparen-la-carretera-federal-2\/#breadcrumb"},"inLanguage":"es","potentialAction":[{"@type":"ReadAction","target":["https:\/\/www.sonoraenequipo.com.mx\/busca-diputado-carlos-navarrete-aguirre-que-reparen-la-carretera-federal-2\/"]}]},{"@type":"ImageObject","inLanguage":"es","@id":"https:\/\/www.sonoraenequipo.com.mx\/busca-diputado-carlos-navarrete-aguirre-que-reparen-la-carretera-federal-2\/#primaryimage","url":"https:\/\/www.sonoraenequipo.com.mx\/storage\/2021\/05\/dip-carlos-navarrete_opt.jpg","contentUrl":"https:\/\/www.sonoraenequipo.com.mx\/storage\/2021\/05\/dip-carlos-navarrete_opt.jpg","width":690,"height":460},{"@type":"BreadcrumbList","@id":"https:\/\/www.sonoraenequipo.com.mx\/busca-diputado-carlos-navarrete-aguirre-que-reparen-la-carretera-federal-2\/#breadcrumb","itemListElement":[{"@type":"ListItem","position":1,"name":"Portada","item":"https:\/\/www.sonoraenequipo.com.mx\/"},{"@type":"ListItem","position":2,"name":"Busca diputado Carlos Navarrete Aguirre que reparen la Carretera Federal 2"}]},{"@type":"WebSite","@id":"https:\/\/www.sonoraenequipo.com.mx\/#website","url":"https:\/\/www.sonoraenequipo.com.mx\/","name":"Sonora en Equipo.","description":"Diario en l\u00ednea con Noticias desde Hermosillo, Sonora","publisher":{"@id":"https:\/\/www.sonoraenequipo.com.mx\/#organization"},"potentialAction":[{"@type":"SearchAction","target":{"@type":"EntryPoint","urlTemplate":"https:\/\/www.sonoraenequipo.com.mx\/?s={search_term_string}"},"query-input":{"@type":"PropertyValueSpecification","valueRequired":true,"valueName":"search_term_string"}}],"inLanguage":"es"},{"@type":"Organization","@id":"https:\/\/www.sonoraenequipo.com.mx\/#organization","name":"Sonoraenequipo.com.mx","url":"https:\/\/www.sonoraenequipo.com.mx\/","logo":{"@type":"ImageObject","inLanguage":"es","@id":"https:\/\/www.sonoraenequipo.com.mx\/#\/schema\/logo\/image\/","url":"https:\/\/www.sonoraenequipo.com.mx\/storage\/2019\/01\/sonoraenequipo_opt.png","contentUrl":"https:\/\/www.sonoraenequipo.com.mx\/storage\/2019\/01\/sonoraenequipo_opt.png","width":375,"height":125,"caption":"Sonoraenequipo.com.mx"},"image":{"@id":"https:\/\/www.sonoraenequipo.com.mx\/#\/schema\/logo\/image\/"},"sameAs":["https:\/\/www.facebook.com\/SonoraEE\/","https:\/\/x.com\/sonoraenequipo","https:\/\/www.youtube.com\/channel\/UC338nW-lPEYmJQs4ZABQ1SQ"]},{"@type":"Person","@id":"https:\/\/www.sonoraenequipo.com.mx\/#\/schema\/person\/50102df0fb23a8fa9e8effad8fa81386","name":"enequipo","image":{"@type":"ImageObject","inLanguage":"es","@id":"https:\/\/www.sonoraenequipo.com.mx\/#\/schema\/person\/image\/","url":"https:\/\/secure.gravatar.com\/avatar\/049821681b589dabc0bc20695993ccebb09f5b5d4d790cd9251b97faac7c652b?s=96&d=blank&r=g","contentUrl":"https:\/\/secure.gravatar.com\/avatar\/049821681b589dabc0bc20695993ccebb09f5b5d4d790cd9251b97faac7c652b?s=96&d=blank&r=g","caption":"enequipo"},"sameAs":["https:\/\/www.facebook.com\/SonoraEE"]}]}},"jetpack_featured_media_url":"https:\/\/www.sonoraenequipo.com.mx\/storage\/2021\/05\/dip-carlos-navarrete_opt.jpg","_links":{"self":[{"href":"https:\/\/www.sonoraenequipo.com.mx\/api\/wp\/v2\/posts\/113327","targetHints":{"allow":["GET"]}}],"collection":[{"href":"https:\/\/www.sonoraenequipo.com.mx\/api\/wp\/v2\/posts"}],"about":[{"href":"https:\/\/www.sonoraenequipo.com.mx\/api\/wp\/v2\/types\/post"}],"author":[{"embeddable":true,"href":"https:\/\/www.sonoraenequipo.com.mx\/api\/wp\/v2\/users\/1"}],"replies":[{"embeddable":true,"href":"https:\/\/www.sonoraenequipo.com.mx\/api\/wp\/v2\/comments?post=113327"}],"version-history":[{"count":1,"href":"https:\/\/www.sonoraenequipo.com.mx\/api\/wp\/v2\/posts\/113327\/revisions"}],"predecessor-version":[{"id":113329,"href":"https:\/\/www.sonoraenequipo.com.mx\/api\/wp\/v2\/posts\/113327\/revisions\/113329"}],"wp:featuredmedia":[{"embeddable":true,"href":"https:\/\/www.sonoraenequipo.com.mx\/api\/wp\/v2\/media\/113328"}],"wp:attachment":[{"href":"https:\/\/www.sonoraenequipo.com.mx\/api\/wp\/v2\/media?parent=113327"}],"wp:term":[{"taxonomy":"category","embeddable":true,"href":"https:\/\/www.sonoraenequipo.com.mx\/api\/wp\/v2\/categories?post=113327"},{"taxonomy":"post_tag","embeddable":true,"href":"https:\/\/www.sonoraenequipo.com.mx\/api\/wp\/v2\/tags?post=113327"}],"curies":[{"name":"wp","href":"https:\/\/api.w.org\/{rel}","templated":true}]}}