{"id":113330,"date":"2021-05-06T18:27:34","date_gmt":"2021-05-07T01:27:34","guid":{"rendered":"https:\/\/www.sonoraenequipo.com.mx\/?p=113330"},"modified":"2021-05-06T19:25:30","modified_gmt":"2021-05-07T02:25:30","slug":"realizan-foro-turismo-de-salud-y-retiro-oportunidades-en-el-mercado-de-sonora","status":"publish","type":"post","link":"https:\/\/www.sonoraenequipo.com.mx\/realizan-foro-turismo-de-salud-y-retiro-oportunidades-en-el-mercado-de-sonora\/","title":{"rendered":"Realizan Foro Turismo de Salud y Retiro \u201cOportunidades en el mercado de Sonora\u201d"},"content":{"rendered":"<p>HERMOSILLO ,SONORA. MX. \u2014 Por sus servicios de calidad, m\u00e9dicos certificados, su privilegiada ubicaci\u00f3n geogr\u00e1fica, avanzada tecnolog\u00eda, conectividad e infraestructura hospitalaria, Sonora se ha posicionado dentro de las primeras elecciones referentes a turismo m\u00e9dico en M\u00e9xico, destac\u00f3 Luis N\u00fa\u00f1ez Noriega, al inaugurar el Foro Turismo de Salud y Retiro <em>\u201cOportunidades en el mercado de Sonora\u201d.<\/em><\/p>\n<p>&nbsp;<\/p>\n<p> <\/p>\n<p>&nbsp;<\/p>\n<p>El coordinador general de la Comisi\u00f3n de Fomento al Turismo (Cofetur) en Sonora indic\u00f3 que M\u00e9xico tiene una gran ventaja competitiva al tener como vecinos a los principales emisores de turismo m\u00e9dico del mundo: Estados Unidos y Canad\u00e1.<\/p>\n<p>&nbsp;<\/p>\n<p>En el caso de Sonora, dijo, gracias al aprovechamiento de esta ventaja competitiva, se han logrado grandes avances en el cuidado de la salud, pasando de ser reconocidos por ofrecer servicios odontol\u00f3gicos o cirug\u00edas cosm\u00e9ticas en las ciudades fronterizas a convertirnos en un centro global de atenci\u00f3n m\u00e9dica de calidad.<\/p>\n<p>&nbsp;<\/p>\n<p><em>\u201cLa demanda internacional por servicios de calidad, m\u00e9dicos certificados, privilegiada ubicaci\u00f3n geogr\u00e1fica, avanzada tecnolog\u00eda, enfoques cient\u00edficos de vanguardia, conectividad e infraestructura hospitalaria nos han posicionado destacadamente dentro de las primeras elecciones referentes a turismo m\u00e9dico\u201d,<\/em> dijo.<\/p>\n<p>&nbsp;<\/p>\n<p><img loading=\"lazy\" decoding=\"async\" class=\"size-medium  x-right\" src=\"https:\/\/www.sonoraenequipo.com.mx\/storage\/2021\/05\/luis-nunez-noriega_opt-680x317.jpg\" alt=\"\" width=\"680\" height=\"317\" \/>El precio, aunado a las dem\u00e1s ventajas, es uno de los principales motivos del fortalecimiento del turismo de salud en la entidad, apunt\u00f3, ya que de acuerdo con la Secretar\u00eda de Salud, los precios competitivos de los servicios m\u00e9dicos en nuestro pa\u00eds permiten ahorros entre 35 por ciento y 38 por ciento en varios tratamientos y procedimientos quir\u00fargicos, en comparaci\u00f3n con otros pa\u00edses como Estados Unidos, Canad\u00e1 y Reino Unido.<\/p>\n<p>&nbsp;<\/p>\n<p>El funcionario estatal agreg\u00f3 que, adem\u00e1s de los atractivos precios para los consumidores del turismo m\u00e9dico, la abundancia de especialistas representa la gran fortaleza que tiene el pa\u00eds sobre sus competidores. La proporci\u00f3n de m\u00e9dicos especialistas entre m\u00e9dicos generales en M\u00e9xico es de 63.4 por ciento, cifra superior al promedio de 57.7 por ciento de los pa\u00edses de la Organizaci\u00f3n para la Cooperaci\u00f3n y Desarrollo Econ\u00f3mico (OCDE).<\/p>\n<p>&nbsp;<\/p>\n<p><em>\u201cMe gustar\u00eda que hici\u00e9ramos un an\u00e1lisis, \u00bfqu\u00e9 pasar\u00eda si orient\u00e1ramos muchas de nuestras actividades de promoci\u00f3n e inversi\u00f3n, p\u00fablicas y privadas hacia esta industria en crecimiento; d\u00f3nde estar\u00eda Sonora en unos a\u00f1os? Bueno, este foro justo tiene esta finalidad, que hagamos esta reflexi\u00f3n y sumemos esfuerzos de promoci\u00f3n y difusi\u00f3n de nuestros destinos\u201d<\/em>, afirm\u00f3.<\/p>\n<p>&nbsp;<\/p>\n<p>En el foro participaron Teresa Not\u00f3 Fern\u00e1ndez, subdirectora m\u00e9dica de la cl\u00ednica central Cira Garc\u00eda (Cuba); Javier Govi, presidente de la Asociaci\u00f3n Mexicana de Asistencia para el Retiro (Tucson); Abraham S\u00e1nchez Frehem, presidente del cl\u00faster de M\u00e9dicos de Tijuana; Enrique P\u00e9rez Gras, consultor internacional del Hospital Austral (Argentina); Ricardo Granados, especialista en cirug\u00eda general, bari\u00e1trica y laparosc\u00f3pica avanzada; Jaime Le\u00f3n, presidente del cl\u00faster de Turismo de Salud; \u00d3scar Molina, del cl\u00faster de Costa Rica; Jes\u00fas Gil G\u00e1mez, cirujano general, bariatra y metab\u00f3lico; y Gustavo Azcona, especialista en traumatolog\u00eda deportiva, cirug\u00eda de rodilla y artroscopia.<\/p>\n<p>&nbsp;<\/p>\n<p>&nbsp;<\/p>\n<p>(Publicada el 06\/05\/2021)<\/p>\n","protected":false},"excerpt":{"rendered":"<p>HERMOSILLO ,SONORA. MX. \u2014 Por sus servicios de calidad, m\u00e9dicos certificados, su privilegiada ubicaci\u00f3n geogr\u00e1fica,&#8230;<\/p>\n","protected":false},"author":1,"featured_media":113312,"comment_status":"open","ping_status":"open","sticky":false,"template":"","format":"standard","meta":{"_monsterinsights_skip_tracking":false,"_monsterinsights_sitenote_active":false,"_monsterinsights_sitenote_note":"","_monsterinsights_sitenote_category":0,"footnotes":""},"categories":[22],"tags":[],"class_list":["post"],"yoast_head":" \n<title>Sonora en Equipo. Realizan Foro Turismo de Salud y Retiro \u201cOportunidades en el mercado de Sonora\u201d Sonora<\/title>\n<meta name=\"description\" content=\"HERMOSILLO ,SONORA. MX. \u2014 Por sus servicios de calidad, m\u00e9dicos certificados, su privilegiada ubicaci\u00f3n geogr\u00e1fica, avanzada tecnolog\u00eda, conectividad e En Sonora en Equipo publicamos toda la informaci\u00f3n de Sonora, M\u00e9xico y el Mundo de manera oportuna y busca que la libertad de expresi\u00f3n sea real. Visita nuestro medio informativo publicado desde Hermosillo, Sonora. %\" \/>\n<meta name=\"robots\" content=\"index, follow, max-snippet:-1, max-image-preview:large, max-video-preview:-1\" \/>\n<link rel=\"canonical\" href=\"https:\/\/www.sonoraenequipo.com.mx\/realizan-foro-turismo-de-salud-y-retiro-oportunidades-en-el-mercado-de-sonora\/\" \/>\n<meta property=\"og:locale\" content=\"es_ES\" \/>\n<meta property=\"og:type\" content=\"article\" \/>\n<meta property=\"og:title\" content=\"Sonora en Equipo. Realizan Foro Turismo de Salud y Retiro \u201cOportunidades en el mercado de Sonora\u201d Sonora\" \/>\n<meta property=\"og:description\" content=\"HERMOSILLO ,SONORA. MX. \u2014 Por sus servicios de calidad, m\u00e9dicos certificados, su privilegiada ubicaci\u00f3n geogr\u00e1fica, avanzada tecnolog\u00eda, conectividad e En Sonora en Equipo publicamos toda la informaci\u00f3n de Sonora, M\u00e9xico y el Mundo de manera oportuna y busca que la libertad de expresi\u00f3n sea real. Visita nuestro medio informativo publicado desde Hermosillo, Sonora. %\" \/>\n<meta property=\"og:url\" content=\"https:\/\/www.sonoraenequipo.com.mx\/realizan-foro-turismo-de-salud-y-retiro-oportunidades-en-el-mercado-de-sonora\/\" \/>\n<meta property=\"og:site_name\" content=\"Sonora en Equipo.\" \/>\n<meta property=\"article:publisher\" content=\"https:\/\/www.facebook.com\/SonoraEE\/\" \/>\n<meta property=\"article:author\" content=\"https:\/\/www.facebook.com\/SonoraEE\" \/>\n<meta property=\"article:published_time\" content=\"2021-05-07T01:27:34+00:00\" \/>\n<meta property=\"article:modified_time\" content=\"2021-05-07T02:25:30+00:00\" \/>\n<meta property=\"og:image\" content=\"https:\/\/www.sonoraenequipo.com.mx\/storage\/2021\/05\/turismo-salud-y-retiro_opt.jpg\" \/>\n\t<meta property=\"og:image:width\" content=\"676\" \/>\n\t<meta property=\"og:image:height\" content=\"400\" \/>\n\t<meta property=\"og:image:type\" content=\"image\/jpeg\" \/>\n<meta name=\"author\" content=\"enequipo\" \/>\n<meta name=\"twitter:card\" content=\"summary_large_image\" \/>\n<meta name=\"twitter:creator\" content=\"@sonoraenequipo\" \/>\n<meta name=\"twitter:site\" content=\"@sonoraenequipo\" \/>\n<meta name=\"twitter:label1\" content=\"Escrito por\" \/>\n\t<meta name=\"twitter:data1\" content=\"enequipo\" \/>\n\t<meta name=\"twitter:label2\" content=\"Tiempo de lectura\" \/>\n\t<meta name=\"twitter:data2\" content=\"3 minutos\" \/>\n<script type=\"application\/ld+json\" class=\"yoast-schema-graph\">{\"@context\":\"https:\/\/schema.org\",\"@graph\":[{\"@type\":\"Article\",\"@id\":\"https:\/\/www.sonoraenequipo.com.mx\/realizan-foro-turismo-de-salud-y-retiro-oportunidades-en-el-mercado-de-sonora\/#article\",\"isPartOf\":{\"@id\":\"https:\/\/www.sonoraenequipo.com.mx\/realizan-foro-turismo-de-salud-y-retiro-oportunidades-en-el-mercado-de-sonora\/\"},\"author\":{\"name\":\"enequipo\",\"@id\":\"https:\/\/www.sonoraenequipo.com.mx\/#\/schema\/person\/50102df0fb23a8fa9e8effad8fa81386\"},\"headline\":\"Realizan Foro Turismo de Salud y Retiro \u201cOportunidades en el mercado de Sonora\u201d\",\"datePublished\":\"2021-05-07T01:27:34+00:00\",\"dateModified\":\"2021-05-07T02:25:30+00:00\",\"mainEntityOfPage\":{\"@id\":\"https:\/\/www.sonoraenequipo.com.mx\/realizan-foro-turismo-de-salud-y-retiro-oportunidades-en-el-mercado-de-sonora\/\"},\"wordCount\":557,\"commentCount\":0,\"publisher\":{\"@id\":\"https:\/\/www.sonoraenequipo.com.mx\/#organization\"},\"image\":{\"@id\":\"https:\/\/www.sonoraenequipo.com.mx\/realizan-foro-turismo-de-salud-y-retiro-oportunidades-en-el-mercado-de-sonora\/#primaryimage\"},\"thumbnailUrl\":\"https:\/\/www.sonoraenequipo.com.mx\/storage\/2021\/05\/turismo-salud-y-retiro_opt.jpg\",\"articleSection\":[\"Sonora\"],\"inLanguage\":\"es\",\"potentialAction\":[{\"@type\":\"CommentAction\",\"name\":\"Comment\",\"target\":[\"https:\/\/www.sonoraenequipo.com.mx\/realizan-foro-turismo-de-salud-y-retiro-oportunidades-en-el-mercado-de-sonora\/#respond\"]}]},{\"@type\":\"WebPage\",\"@id\":\"https:\/\/www.sonoraenequipo.com.mx\/realizan-foro-turismo-de-salud-y-retiro-oportunidades-en-el-mercado-de-sonora\/\",\"url\":\"https:\/\/www.sonoraenequipo.com.mx\/realizan-foro-turismo-de-salud-y-retiro-oportunidades-en-el-mercado-de-sonora\/\",\"name\":\"Sonora en Equipo. Realizan Foro Turismo de Salud y Retiro \u201cOportunidades en el mercado de Sonora\u201d Sonora\",\"isPartOf\":{\"@id\":\"https:\/\/www.sonoraenequipo.com.mx\/#website\"},\"primaryImageOfPage\":{\"@id\":\"https:\/\/www.sonoraenequipo.com.mx\/realizan-foro-turismo-de-salud-y-retiro-oportunidades-en-el-mercado-de-sonora\/#primaryimage\"},\"image\":{\"@id\":\"https:\/\/www.sonoraenequipo.com.mx\/realizan-foro-turismo-de-salud-y-retiro-oportunidades-en-el-mercado-de-sonora\/#primaryimage\"},\"thumbnailUrl\":\"https:\/\/www.sonoraenequipo.com.mx\/storage\/2021\/05\/turismo-salud-y-retiro_opt.jpg\",\"datePublished\":\"2021-05-07T01:27:34+00:00\",\"dateModified\":\"2021-05-07T02:25:30+00:00\",\"description\":\"HERMOSILLO ,SONORA. MX. \u2014 Por sus servicios de calidad, m\u00e9dicos certificados, su privilegiada ubicaci\u00f3n geogr\u00e1fica, avanzada tecnolog\u00eda, conectividad e En Sonora en Equipo publicamos toda la informaci\u00f3n de Sonora, M\u00e9xico y el Mundo de manera oportuna y busca que la libertad de expresi\u00f3n sea real. Visita nuestro medio informativo publicado desde Hermosillo, Sonora. %\",\"breadcrumb\":{\"@id\":\"https:\/\/www.sonoraenequipo.com.mx\/realizan-foro-turismo-de-salud-y-retiro-oportunidades-en-el-mercado-de-sonora\/#breadcrumb\"},\"inLanguage\":\"es\",\"potentialAction\":[{\"@type\":\"ReadAction\",\"target\":[\"https:\/\/www.sonoraenequipo.com.mx\/realizan-foro-turismo-de-salud-y-retiro-oportunidades-en-el-mercado-de-sonora\/\"]}]},{\"@type\":\"ImageObject\",\"inLanguage\":\"es\",\"@id\":\"https:\/\/www.sonoraenequipo.com.mx\/realizan-foro-turismo-de-salud-y-retiro-oportunidades-en-el-mercado-de-sonora\/#primaryimage\",\"url\":\"https:\/\/www.sonoraenequipo.com.mx\/storage\/2021\/05\/turismo-salud-y-retiro_opt.jpg\",\"contentUrl\":\"https:\/\/www.sonoraenequipo.com.mx\/storage\/2021\/05\/turismo-salud-y-retiro_opt.jpg\",\"width\":676,\"height\":400},{\"@type\":\"BreadcrumbList\",\"@id\":\"https:\/\/www.sonoraenequipo.com.mx\/realizan-foro-turismo-de-salud-y-retiro-oportunidades-en-el-mercado-de-sonora\/#breadcrumb\",\"itemListElement\":[{\"@type\":\"ListItem\",\"position\":1,\"name\":\"Portada\",\"item\":\"https:\/\/www.sonoraenequipo.com.mx\/\"},{\"@type\":\"ListItem\",\"position\":2,\"name\":\"Realizan Foro Turismo de Salud y Retiro \u201cOportunidades en el mercado de Sonora\u201d\"}]},{\"@type\":\"WebSite\",\"@id\":\"https:\/\/www.sonoraenequipo.com.mx\/#website\",\"url\":\"https:\/\/www.sonoraenequipo.com.mx\/\",\"name\":\"Sonora en Equipo.\",\"description\":\"Diario en l\u00ednea con Noticias desde Hermosillo, Sonora\",\"publisher\":{\"@id\":\"https:\/\/www.sonoraenequipo.com.mx\/#organization\"},\"potentialAction\":[{\"@type\":\"SearchAction\",\"target\":{\"@type\":\"EntryPoint\",\"urlTemplate\":\"https:\/\/www.sonoraenequipo.com.mx\/?s={search_term_string}\"},\"query-input\":{\"@type\":\"PropertyValueSpecification\",\"valueRequired\":true,\"valueName\":\"search_term_string\"}}],\"inLanguage\":\"es\"},{\"@type\":\"Organization\",\"@id\":\"https:\/\/www.sonoraenequipo.com.mx\/#organization\",\"name\":\"Sonoraenequipo.com.mx\",\"url\":\"https:\/\/www.sonoraenequipo.com.mx\/\",\"logo\":{\"@type\":\"ImageObject\",\"inLanguage\":\"es\",\"@id\":\"https:\/\/www.sonoraenequipo.com.mx\/#\/schema\/logo\/image\/\",\"url\":\"https:\/\/www.sonoraenequipo.com.mx\/storage\/2019\/01\/sonoraenequipo_opt.png\",\"contentUrl\":\"https:\/\/www.sonoraenequipo.com.mx\/storage\/2019\/01\/sonoraenequipo_opt.png\",\"width\":375,\"height\":125,\"caption\":\"Sonoraenequipo.com.mx\"},\"image\":{\"@id\":\"https:\/\/www.sonoraenequipo.com.mx\/#\/schema\/logo\/image\/\"},\"sameAs\":[\"https:\/\/www.facebook.com\/SonoraEE\/\",\"https:\/\/x.com\/sonoraenequipo\",\"https:\/\/www.youtube.com\/channel\/UC338nW-lPEYmJQs4ZABQ1SQ\"]},{\"@type\":\"Person\",\"@id\":\"https:\/\/www.sonoraenequipo.com.mx\/#\/schema\/person\/50102df0fb23a8fa9e8effad8fa81386\",\"name\":\"enequipo\",\"image\":{\"@type\":\"ImageObject\",\"inLanguage\":\"es\",\"@id\":\"https:\/\/www.sonoraenequipo.com.mx\/#\/schema\/person\/image\/\",\"url\":\"https:\/\/secure.gravatar.com\/avatar\/049821681b589dabc0bc20695993ccebb09f5b5d4d790cd9251b97faac7c652b?s=96&d=blank&r=g\",\"contentUrl\":\"https:\/\/secure.gravatar.com\/avatar\/049821681b589dabc0bc20695993ccebb09f5b5d4d790cd9251b97faac7c652b?s=96&d=blank&r=g\",\"caption\":\"enequipo\"},\"sameAs\":[\"https:\/\/www.facebook.com\/SonoraEE\"]}]}<\/script>\n ","yoast_head_json":{"title":"Sonora en Equipo. Realizan Foro Turismo de Salud y Retiro \u201cOportunidades en el mercado de Sonora\u201d Sonora","description":"HERMOSILLO ,SONORA. MX. \u2014 Por sus servicios de calidad, m\u00e9dicos certificados, su privilegiada ubicaci\u00f3n geogr\u00e1fica, avanzada tecnolog\u00eda, conectividad e En Sonora en Equipo publicamos toda la informaci\u00f3n de Sonora, M\u00e9xico y el Mundo de manera oportuna y busca que la libertad de expresi\u00f3n sea real. Visita nuestro medio informativo publicado desde Hermosillo, Sonora. %","robots":{"index":"index","follow":"follow","max-snippet":"max-snippet:-1","max-image-preview":"max-image-preview:large","max-video-preview":"max-video-preview:-1"},"canonical":"https:\/\/www.sonoraenequipo.com.mx\/realizan-foro-turismo-de-salud-y-retiro-oportunidades-en-el-mercado-de-sonora\/","og_locale":"es_ES","og_type":"article","og_title":"Sonora en Equipo. Realizan Foro Turismo de Salud y Retiro \u201cOportunidades en el mercado de Sonora\u201d Sonora","og_description":"HERMOSILLO ,SONORA. MX. \u2014 Por sus servicios de calidad, m\u00e9dicos certificados, su privilegiada ubicaci\u00f3n geogr\u00e1fica, avanzada tecnolog\u00eda, conectividad e En Sonora en Equipo publicamos toda la informaci\u00f3n de Sonora, M\u00e9xico y el Mundo de manera oportuna y busca que la libertad de expresi\u00f3n sea real. Visita nuestro medio informativo publicado desde Hermosillo, Sonora. %","og_url":"https:\/\/www.sonoraenequipo.com.mx\/realizan-foro-turismo-de-salud-y-retiro-oportunidades-en-el-mercado-de-sonora\/","og_site_name":"Sonora en Equipo.","article_publisher":"https:\/\/www.facebook.com\/SonoraEE\/","article_author":"https:\/\/www.facebook.com\/SonoraEE","article_published_time":"2021-05-07T01:27:34+00:00","article_modified_time":"2021-05-07T02:25:30+00:00","og_image":[{"width":676,"height":400,"url":"https:\/\/www.sonoraenequipo.com.mx\/storage\/2021\/05\/turismo-salud-y-retiro_opt.jpg","type":"image\/jpeg"}],"author":"enequipo","twitter_card":"summary_large_image","twitter_creator":"@sonoraenequipo","twitter_site":"@sonoraenequipo","twitter_misc":{"Escrito por":"enequipo","Tiempo de lectura":"3 minutos"},"schema":{"@context":"https:\/\/schema.org","@graph":[{"@type":"Article","@id":"https:\/\/www.sonoraenequipo.com.mx\/realizan-foro-turismo-de-salud-y-retiro-oportunidades-en-el-mercado-de-sonora\/#article","isPartOf":{"@id":"https:\/\/www.sonoraenequipo.com.mx\/realizan-foro-turismo-de-salud-y-retiro-oportunidades-en-el-mercado-de-sonora\/"},"author":{"name":"enequipo","@id":"https:\/\/www.sonoraenequipo.com.mx\/#\/schema\/person\/50102df0fb23a8fa9e8effad8fa81386"},"headline":"Realizan Foro Turismo de Salud y Retiro \u201cOportunidades en el mercado de Sonora\u201d","datePublished":"2021-05-07T01:27:34+00:00","dateModified":"2021-05-07T02:25:30+00:00","mainEntityOfPage":{"@id":"https:\/\/www.sonoraenequipo.com.mx\/realizan-foro-turismo-de-salud-y-retiro-oportunidades-en-el-mercado-de-sonora\/"},"wordCount":557,"commentCount":0,"publisher":{"@id":"https:\/\/www.sonoraenequipo.com.mx\/#organization"},"image":{"@id":"https:\/\/www.sonoraenequipo.com.mx\/realizan-foro-turismo-de-salud-y-retiro-oportunidades-en-el-mercado-de-sonora\/#primaryimage"},"thumbnailUrl":"https:\/\/www.sonoraenequipo.com.mx\/storage\/2021\/05\/turismo-salud-y-retiro_opt.jpg","articleSection":["Sonora"],"inLanguage":"es","potentialAction":[{"@type":"CommentAction","name":"Comment","target":["https:\/\/www.sonoraenequipo.com.mx\/realizan-foro-turismo-de-salud-y-retiro-oportunidades-en-el-mercado-de-sonora\/#respond"]}]},{"@type":"WebPage","@id":"https:\/\/www.sonoraenequipo.com.mx\/realizan-foro-turismo-de-salud-y-retiro-oportunidades-en-el-mercado-de-sonora\/","url":"https:\/\/www.sonoraenequipo.com.mx\/realizan-foro-turismo-de-salud-y-retiro-oportunidades-en-el-mercado-de-sonora\/","name":"Sonora en Equipo. Realizan Foro Turismo de Salud y Retiro \u201cOportunidades en el mercado de Sonora\u201d Sonora","isPartOf":{"@id":"https:\/\/www.sonoraenequipo.com.mx\/#website"},"primaryImageOfPage":{"@id":"https:\/\/www.sonoraenequipo.com.mx\/realizan-foro-turismo-de-salud-y-retiro-oportunidades-en-el-mercado-de-sonora\/#primaryimage"},"image":{"@id":"https:\/\/www.sonoraenequipo.com.mx\/realizan-foro-turismo-de-salud-y-retiro-oportunidades-en-el-mercado-de-sonora\/#primaryimage"},"thumbnailUrl":"https:\/\/www.sonoraenequipo.com.mx\/storage\/2021\/05\/turismo-salud-y-retiro_opt.jpg","datePublished":"2021-05-07T01:27:34+00:00","dateModified":"2021-05-07T02:25:30+00:00","description":"HERMOSILLO ,SONORA. MX. \u2014 Por sus servicios de calidad, m\u00e9dicos certificados, su privilegiada ubicaci\u00f3n geogr\u00e1fica, avanzada tecnolog\u00eda, conectividad e En Sonora en Equipo publicamos toda la informaci\u00f3n de Sonora, M\u00e9xico y el Mundo de manera oportuna y busca que la libertad de expresi\u00f3n sea real. Visita nuestro medio informativo publicado desde Hermosillo, Sonora. %","breadcrumb":{"@id":"https:\/\/www.sonoraenequipo.com.mx\/realizan-foro-turismo-de-salud-y-retiro-oportunidades-en-el-mercado-de-sonora\/#breadcrumb"},"inLanguage":"es","potentialAction":[{"@type":"ReadAction","target":["https:\/\/www.sonoraenequipo.com.mx\/realizan-foro-turismo-de-salud-y-retiro-oportunidades-en-el-mercado-de-sonora\/"]}]},{"@type":"ImageObject","inLanguage":"es","@id":"https:\/\/www.sonoraenequipo.com.mx\/realizan-foro-turismo-de-salud-y-retiro-oportunidades-en-el-mercado-de-sonora\/#primaryimage","url":"https:\/\/www.sonoraenequipo.com.mx\/storage\/2021\/05\/turismo-salud-y-retiro_opt.jpg","contentUrl":"https:\/\/www.sonoraenequipo.com.mx\/storage\/2021\/05\/turismo-salud-y-retiro_opt.jpg","width":676,"height":400},{"@type":"BreadcrumbList","@id":"https:\/\/www.sonoraenequipo.com.mx\/realizan-foro-turismo-de-salud-y-retiro-oportunidades-en-el-mercado-de-sonora\/#breadcrumb","itemListElement":[{"@type":"ListItem","position":1,"name":"Portada","item":"https:\/\/www.sonoraenequipo.com.mx\/"},{"@type":"ListItem","position":2,"name":"Realizan Foro Turismo de Salud y Retiro \u201cOportunidades en el mercado de Sonora\u201d"}]},{"@type":"WebSite","@id":"https:\/\/www.sonoraenequipo.com.mx\/#website","url":"https:\/\/www.sonoraenequipo.com.mx\/","name":"Sonora en Equipo.","description":"Diario en l\u00ednea con Noticias desde Hermosillo, Sonora","publisher":{"@id":"https:\/\/www.sonoraenequipo.com.mx\/#organization"},"potentialAction":[{"@type":"SearchAction","target":{"@type":"EntryPoint","urlTemplate":"https:\/\/www.sonoraenequipo.com.mx\/?s={search_term_string}"},"query-input":{"@type":"PropertyValueSpecification","valueRequired":true,"valueName":"search_term_string"}}],"inLanguage":"es"},{"@type":"Organization","@id":"https:\/\/www.sonoraenequipo.com.mx\/#organization","name":"Sonoraenequipo.com.mx","url":"https:\/\/www.sonoraenequipo.com.mx\/","logo":{"@type":"ImageObject","inLanguage":"es","@id":"https:\/\/www.sonoraenequipo.com.mx\/#\/schema\/logo\/image\/","url":"https:\/\/www.sonoraenequipo.com.mx\/storage\/2019\/01\/sonoraenequipo_opt.png","contentUrl":"https:\/\/www.sonoraenequipo.com.mx\/storage\/2019\/01\/sonoraenequipo_opt.png","width":375,"height":125,"caption":"Sonoraenequipo.com.mx"},"image":{"@id":"https:\/\/www.sonoraenequipo.com.mx\/#\/schema\/logo\/image\/"},"sameAs":["https:\/\/www.facebook.com\/SonoraEE\/","https:\/\/x.com\/sonoraenequipo","https:\/\/www.youtube.com\/channel\/UC338nW-lPEYmJQs4ZABQ1SQ"]},{"@type":"Person","@id":"https:\/\/www.sonoraenequipo.com.mx\/#\/schema\/person\/50102df0fb23a8fa9e8effad8fa81386","name":"enequipo","image":{"@type":"ImageObject","inLanguage":"es","@id":"https:\/\/www.sonoraenequipo.com.mx\/#\/schema\/person\/image\/","url":"https:\/\/secure.gravatar.com\/avatar\/049821681b589dabc0bc20695993ccebb09f5b5d4d790cd9251b97faac7c652b?s=96&d=blank&r=g","contentUrl":"https:\/\/secure.gravatar.com\/avatar\/049821681b589dabc0bc20695993ccebb09f5b5d4d790cd9251b97faac7c652b?s=96&d=blank&r=g","caption":"enequipo"},"sameAs":["https:\/\/www.facebook.com\/SonoraEE"]}]}},"jetpack_featured_media_url":"https:\/\/www.sonoraenequipo.com.mx\/storage\/2021\/05\/turismo-salud-y-retiro_opt.jpg","_links":{"self":[{"href":"https:\/\/www.sonoraenequipo.com.mx\/api\/wp\/v2\/posts\/113330","targetHints":{"allow":["GET"]}}],"collection":[{"href":"https:\/\/www.sonoraenequipo.com.mx\/api\/wp\/v2\/posts"}],"about":[{"href":"https:\/\/www.sonoraenequipo.com.mx\/api\/wp\/v2\/types\/post"}],"author":[{"embeddable":true,"href":"https:\/\/www.sonoraenequipo.com.mx\/api\/wp\/v2\/users\/1"}],"replies":[{"embeddable":true,"href":"https:\/\/www.sonoraenequipo.com.mx\/api\/wp\/v2\/comments?post=113330"}],"version-history":[{"count":1,"href":"https:\/\/www.sonoraenequipo.com.mx\/api\/wp\/v2\/posts\/113330\/revisions"}],"predecessor-version":[{"id":113331,"href":"https:\/\/www.sonoraenequipo.com.mx\/api\/wp\/v2\/posts\/113330\/revisions\/113331"}],"wp:featuredmedia":[{"embeddable":true,"href":"https:\/\/www.sonoraenequipo.com.mx\/api\/wp\/v2\/media\/113312"}],"wp:attachment":[{"href":"https:\/\/www.sonoraenequipo.com.mx\/api\/wp\/v2\/media?parent=113330"}],"wp:term":[{"taxonomy":"category","embeddable":true,"href":"https:\/\/www.sonoraenequipo.com.mx\/api\/wp\/v2\/categories?post=113330"},{"taxonomy":"post_tag","embeddable":true,"href":"https:\/\/www.sonoraenequipo.com.mx\/api\/wp\/v2\/tags?post=113330"}],"curies":[{"name":"wp","href":"https:\/\/api.w.org\/{rel}","templated":true}]}}