{"id":113332,"date":"2021-05-06T19:34:10","date_gmt":"2021-05-07T02:34:10","guid":{"rendered":"https:\/\/www.sonoraenequipo.com.mx\/?p=113332"},"modified":"2021-05-06T19:34:10","modified_gmt":"2021-05-07T02:34:10","slug":"se-reune-gobernadora-pavlovich-con-secretaria-de-seguridad-y-proteccion-ciudadana-en-mexico","status":"publish","type":"post","link":"https:\/\/www.sonoraenequipo.com.mx\/se-reune-gobernadora-pavlovich-con-secretaria-de-seguridad-y-proteccion-ciudadana-en-mexico\/","title":{"rendered":"Se re\u00fane Gobernadora Pavlovich con Secretaria de Seguridad y Protecci\u00f3n Ciudadana en M\u00e9xico"},"content":{"rendered":"<p>CIUDAD DE M\u00c9XICO. MX.\u2014\u00a0 Para analizar las estrategias y acciones que permitan fortalecer las acciones preventivas en materia de seguridad p\u00fablica en Sonora y reducir los hechos delictivos en las zonas m\u00e1s complicadas del estado, la gobernadora Claudia Pavlovich Arellano se reuni\u00f3 este jueves con la secretaria de Seguridad y Protecci\u00f3n Ciudadana del Gobierno de M\u00e9xico, Rosa Icela Rodr\u00edguez Vel\u00e1zquez.<\/p>\n<p>&nbsp;<\/p>\n<p> <\/p>\n<p>&nbsp;<\/p>\n<p>En reuni\u00f3n privada, celebrada en la capital del pa\u00eds, y acompa\u00f1ada de la Fiscal General de Justicia en Sonora, Claudia Indira Contreras C\u00f3rdova y del secretario de Seguridad P\u00fablica, David Anaya Cooley, la mandataria sonorense expuso, adem\u00e1s, la necesidad de esclarecer de fondo los lamentables sucesos de este mi\u00e9rcoles en el municipio de Caborca, donde elementos de la Guardia Nacional, dependientes de esa instancia federal, probablemente por error, balearon un veh\u00edculo que conduc\u00edan dos elementos de la FGJE y uno de ellos perdi\u00f3 la vida.<\/p>\n<p>&nbsp;<\/p>\n<p>A este respecto, la secretaria de Seguridad y Protecci\u00f3n Ciudadana del gobierno federal ofreci\u00f3 su total apoyo para que se investiguen los hechos y se haga justicia, coincidiendo en que no deben quedar impunes estos hechos, que lament\u00f3 hayan ocurrido. Tambi\u00e9n, escuch\u00f3 los planteamientos de la jefa del Ejecutivo sonorense sobre la importancia de seguir trabajando coordinadamente a favor de la seguridad en el estado.<\/p>\n<p>&nbsp;<\/p>\n<p>La gobernadora Pavlovich se\u00f1al\u00f3 que es el tema de la seguridad p\u00fablica uno de los m\u00e1s importantes para las y los sonorenses, por lo que es necesario focalizar estrategias sobre todo en regiones que han vivido situaciones y hechos delictivos que generan intranquilidad, dolor y enojo en los ciudadanos y las familias de Sonora merecen sentirse seguras.<\/p>\n<p>&nbsp;<\/p>\n<p>(Publicada el 06\/05\/2021)<\/p>\n","protected":false},"excerpt":{"rendered":"<p>CIUDAD DE M\u00c9XICO. MX.\u2014\u00a0 Para analizar las estrategias y acciones que permitan fortalecer las acciones&#8230;<\/p>\n","protected":false},"author":1,"featured_media":113302,"comment_status":"open","ping_status":"open","sticky":false,"template":"","format":"standard","meta":{"_monsterinsights_skip_tracking":false,"_monsterinsights_sitenote_active":false,"_monsterinsights_sitenote_note":"","_monsterinsights_sitenote_category":0,"footnotes":""},"categories":[5],"tags":[],"class_list":["post"],"yoast_head":" \n<title>Sonora en Equipo. Se re\u00fane Gobernadora Pavlovich con Secretaria de Seguridad y Protecci\u00f3n Ciudadana en M\u00e9xico Rep\u00fablica<\/title>\n<meta name=\"description\" content=\"CIUDAD DE M\u00c9XICO. MX.\u2014\u00a0 Para analizar las estrategias y acciones que permitan fortalecer las acciones preventivas en materia de seguridad p\u00fablica en En Sonora en Equipo publicamos toda la informaci\u00f3n de Sonora, M\u00e9xico y el Mundo de manera oportuna y busca que la libertad de expresi\u00f3n sea real. Visita nuestro medio informativo publicado desde Hermosillo, Sonora. %\" \/>\n<meta name=\"robots\" content=\"index, follow, max-snippet:-1, max-image-preview:large, max-video-preview:-1\" \/>\n<link rel=\"canonical\" href=\"https:\/\/www.sonoraenequipo.com.mx\/se-reune-gobernadora-pavlovich-con-secretaria-de-seguridad-y-proteccion-ciudadana-en-mexico\/\" \/>\n<meta property=\"og:locale\" content=\"es_ES\" \/>\n<meta property=\"og:type\" content=\"article\" \/>\n<meta property=\"og:title\" content=\"Sonora en Equipo. Se re\u00fane Gobernadora Pavlovich con Secretaria de Seguridad y Protecci\u00f3n Ciudadana en M\u00e9xico Rep\u00fablica\" \/>\n<meta property=\"og:description\" content=\"CIUDAD DE M\u00c9XICO. MX.\u2014\u00a0 Para analizar las estrategias y acciones que permitan fortalecer las acciones preventivas en materia de seguridad p\u00fablica en En Sonora en Equipo publicamos toda la informaci\u00f3n de Sonora, M\u00e9xico y el Mundo de manera oportuna y busca que la libertad de expresi\u00f3n sea real. Visita nuestro medio informativo publicado desde Hermosillo, Sonora. %\" \/>\n<meta property=\"og:url\" content=\"https:\/\/www.sonoraenequipo.com.mx\/se-reune-gobernadora-pavlovich-con-secretaria-de-seguridad-y-proteccion-ciudadana-en-mexico\/\" \/>\n<meta property=\"og:site_name\" content=\"Sonora en Equipo.\" \/>\n<meta property=\"article:publisher\" content=\"https:\/\/www.facebook.com\/SonoraEE\/\" \/>\n<meta property=\"article:author\" content=\"https:\/\/www.facebook.com\/SonoraEE\" \/>\n<meta property=\"article:published_time\" content=\"2021-05-07T02:34:10+00:00\" \/>\n<meta property=\"og:image\" content=\"https:\/\/www.sonoraenequipo.com.mx\/storage\/2021\/05\/gobernadora-sonora_opt.jpg\" \/>\n\t<meta property=\"og:image:width\" content=\"558\" \/>\n\t<meta property=\"og:image:height\" content=\"400\" \/>\n\t<meta property=\"og:image:type\" content=\"image\/jpeg\" \/>\n<meta name=\"author\" content=\"enequipo\" \/>\n<meta name=\"twitter:card\" content=\"summary_large_image\" \/>\n<meta name=\"twitter:creator\" content=\"@sonoraenequipo\" \/>\n<meta name=\"twitter:site\" content=\"@sonoraenequipo\" \/>\n<meta name=\"twitter:label1\" content=\"Escrito por\" \/>\n\t<meta name=\"twitter:data1\" content=\"enequipo\" \/>\n\t<meta name=\"twitter:label2\" content=\"Tiempo de lectura\" \/>\n\t<meta name=\"twitter:data2\" content=\"2 minutos\" \/>\n<script type=\"application\/ld+json\" class=\"yoast-schema-graph\">{\"@context\":\"https:\/\/schema.org\",\"@graph\":[{\"@type\":\"Article\",\"@id\":\"https:\/\/www.sonoraenequipo.com.mx\/se-reune-gobernadora-pavlovich-con-secretaria-de-seguridad-y-proteccion-ciudadana-en-mexico\/#article\",\"isPartOf\":{\"@id\":\"https:\/\/www.sonoraenequipo.com.mx\/se-reune-gobernadora-pavlovich-con-secretaria-de-seguridad-y-proteccion-ciudadana-en-mexico\/\"},\"author\":{\"name\":\"enequipo\",\"@id\":\"https:\/\/www.sonoraenequipo.com.mx\/#\/schema\/person\/50102df0fb23a8fa9e8effad8fa81386\"},\"headline\":\"Se re\u00fane Gobernadora Pavlovich con Secretaria de Seguridad y Protecci\u00f3n Ciudadana en M\u00e9xico\",\"datePublished\":\"2021-05-07T02:34:10+00:00\",\"mainEntityOfPage\":{\"@id\":\"https:\/\/www.sonoraenequipo.com.mx\/se-reune-gobernadora-pavlovich-con-secretaria-de-seguridad-y-proteccion-ciudadana-en-mexico\/\"},\"wordCount\":311,\"commentCount\":0,\"publisher\":{\"@id\":\"https:\/\/www.sonoraenequipo.com.mx\/#organization\"},\"image\":{\"@id\":\"https:\/\/www.sonoraenequipo.com.mx\/se-reune-gobernadora-pavlovich-con-secretaria-de-seguridad-y-proteccion-ciudadana-en-mexico\/#primaryimage\"},\"thumbnailUrl\":\"https:\/\/www.sonoraenequipo.com.mx\/storage\/2021\/05\/gobernadora-sonora_opt.jpg\",\"articleSection\":[\"Rep\u00fablica\"],\"inLanguage\":\"es\",\"potentialAction\":[{\"@type\":\"CommentAction\",\"name\":\"Comment\",\"target\":[\"https:\/\/www.sonoraenequipo.com.mx\/se-reune-gobernadora-pavlovich-con-secretaria-de-seguridad-y-proteccion-ciudadana-en-mexico\/#respond\"]}]},{\"@type\":\"WebPage\",\"@id\":\"https:\/\/www.sonoraenequipo.com.mx\/se-reune-gobernadora-pavlovich-con-secretaria-de-seguridad-y-proteccion-ciudadana-en-mexico\/\",\"url\":\"https:\/\/www.sonoraenequipo.com.mx\/se-reune-gobernadora-pavlovich-con-secretaria-de-seguridad-y-proteccion-ciudadana-en-mexico\/\",\"name\":\"Sonora en Equipo. Se re\u00fane Gobernadora Pavlovich con Secretaria de Seguridad y Protecci\u00f3n Ciudadana en M\u00e9xico Rep\u00fablica\",\"isPartOf\":{\"@id\":\"https:\/\/www.sonoraenequipo.com.mx\/#website\"},\"primaryImageOfPage\":{\"@id\":\"https:\/\/www.sonoraenequipo.com.mx\/se-reune-gobernadora-pavlovich-con-secretaria-de-seguridad-y-proteccion-ciudadana-en-mexico\/#primaryimage\"},\"image\":{\"@id\":\"https:\/\/www.sonoraenequipo.com.mx\/se-reune-gobernadora-pavlovich-con-secretaria-de-seguridad-y-proteccion-ciudadana-en-mexico\/#primaryimage\"},\"thumbnailUrl\":\"https:\/\/www.sonoraenequipo.com.mx\/storage\/2021\/05\/gobernadora-sonora_opt.jpg\",\"datePublished\":\"2021-05-07T02:34:10+00:00\",\"description\":\"CIUDAD DE M\u00c9XICO. MX.\u2014\u00a0 Para analizar las estrategias y acciones que permitan fortalecer las acciones preventivas en materia de seguridad p\u00fablica en En Sonora en Equipo publicamos toda la informaci\u00f3n de Sonora, M\u00e9xico y el Mundo de manera oportuna y busca que la libertad de expresi\u00f3n sea real. Visita nuestro medio informativo publicado desde Hermosillo, Sonora. %\",\"breadcrumb\":{\"@id\":\"https:\/\/www.sonoraenequipo.com.mx\/se-reune-gobernadora-pavlovich-con-secretaria-de-seguridad-y-proteccion-ciudadana-en-mexico\/#breadcrumb\"},\"inLanguage\":\"es\",\"potentialAction\":[{\"@type\":\"ReadAction\",\"target\":[\"https:\/\/www.sonoraenequipo.com.mx\/se-reune-gobernadora-pavlovich-con-secretaria-de-seguridad-y-proteccion-ciudadana-en-mexico\/\"]}]},{\"@type\":\"ImageObject\",\"inLanguage\":\"es\",\"@id\":\"https:\/\/www.sonoraenequipo.com.mx\/se-reune-gobernadora-pavlovich-con-secretaria-de-seguridad-y-proteccion-ciudadana-en-mexico\/#primaryimage\",\"url\":\"https:\/\/www.sonoraenequipo.com.mx\/storage\/2021\/05\/gobernadora-sonora_opt.jpg\",\"contentUrl\":\"https:\/\/www.sonoraenequipo.com.mx\/storage\/2021\/05\/gobernadora-sonora_opt.jpg\",\"width\":558,\"height\":400},{\"@type\":\"BreadcrumbList\",\"@id\":\"https:\/\/www.sonoraenequipo.com.mx\/se-reune-gobernadora-pavlovich-con-secretaria-de-seguridad-y-proteccion-ciudadana-en-mexico\/#breadcrumb\",\"itemListElement\":[{\"@type\":\"ListItem\",\"position\":1,\"name\":\"Portada\",\"item\":\"https:\/\/www.sonoraenequipo.com.mx\/\"},{\"@type\":\"ListItem\",\"position\":2,\"name\":\"Se re\u00fane Gobernadora Pavlovich con Secretaria de Seguridad y Protecci\u00f3n Ciudadana en M\u00e9xico\"}]},{\"@type\":\"WebSite\",\"@id\":\"https:\/\/www.sonoraenequipo.com.mx\/#website\",\"url\":\"https:\/\/www.sonoraenequipo.com.mx\/\",\"name\":\"Sonora en Equipo.\",\"description\":\"Diario en l\u00ednea con Noticias desde Hermosillo, Sonora\",\"publisher\":{\"@id\":\"https:\/\/www.sonoraenequipo.com.mx\/#organization\"},\"potentialAction\":[{\"@type\":\"SearchAction\",\"target\":{\"@type\":\"EntryPoint\",\"urlTemplate\":\"https:\/\/www.sonoraenequipo.com.mx\/?s={search_term_string}\"},\"query-input\":{\"@type\":\"PropertyValueSpecification\",\"valueRequired\":true,\"valueName\":\"search_term_string\"}}],\"inLanguage\":\"es\"},{\"@type\":\"Organization\",\"@id\":\"https:\/\/www.sonoraenequipo.com.mx\/#organization\",\"name\":\"Sonoraenequipo.com.mx\",\"url\":\"https:\/\/www.sonoraenequipo.com.mx\/\",\"logo\":{\"@type\":\"ImageObject\",\"inLanguage\":\"es\",\"@id\":\"https:\/\/www.sonoraenequipo.com.mx\/#\/schema\/logo\/image\/\",\"url\":\"https:\/\/www.sonoraenequipo.com.mx\/storage\/2019\/01\/sonoraenequipo_opt.png\",\"contentUrl\":\"https:\/\/www.sonoraenequipo.com.mx\/storage\/2019\/01\/sonoraenequipo_opt.png\",\"width\":375,\"height\":125,\"caption\":\"Sonoraenequipo.com.mx\"},\"image\":{\"@id\":\"https:\/\/www.sonoraenequipo.com.mx\/#\/schema\/logo\/image\/\"},\"sameAs\":[\"https:\/\/www.facebook.com\/SonoraEE\/\",\"https:\/\/x.com\/sonoraenequipo\",\"https:\/\/www.youtube.com\/channel\/UC338nW-lPEYmJQs4ZABQ1SQ\"]},{\"@type\":\"Person\",\"@id\":\"https:\/\/www.sonoraenequipo.com.mx\/#\/schema\/person\/50102df0fb23a8fa9e8effad8fa81386\",\"name\":\"enequipo\",\"image\":{\"@type\":\"ImageObject\",\"inLanguage\":\"es\",\"@id\":\"https:\/\/www.sonoraenequipo.com.mx\/#\/schema\/person\/image\/\",\"url\":\"https:\/\/secure.gravatar.com\/avatar\/049821681b589dabc0bc20695993ccebb09f5b5d4d790cd9251b97faac7c652b?s=96&d=blank&r=g\",\"contentUrl\":\"https:\/\/secure.gravatar.com\/avatar\/049821681b589dabc0bc20695993ccebb09f5b5d4d790cd9251b97faac7c652b?s=96&d=blank&r=g\",\"caption\":\"enequipo\"},\"sameAs\":[\"https:\/\/www.facebook.com\/SonoraEE\"]}]}<\/script>\n ","yoast_head_json":{"title":"Sonora en Equipo. Se re\u00fane Gobernadora Pavlovich con Secretaria de Seguridad y Protecci\u00f3n Ciudadana en M\u00e9xico Rep\u00fablica","description":"CIUDAD DE M\u00c9XICO. MX.\u2014\u00a0 Para analizar las estrategias y acciones que permitan fortalecer las acciones preventivas en materia de seguridad p\u00fablica en En Sonora en Equipo publicamos toda la informaci\u00f3n de Sonora, M\u00e9xico y el Mundo de manera oportuna y busca que la libertad de expresi\u00f3n sea real. Visita nuestro medio informativo publicado desde Hermosillo, Sonora. %","robots":{"index":"index","follow":"follow","max-snippet":"max-snippet:-1","max-image-preview":"max-image-preview:large","max-video-preview":"max-video-preview:-1"},"canonical":"https:\/\/www.sonoraenequipo.com.mx\/se-reune-gobernadora-pavlovich-con-secretaria-de-seguridad-y-proteccion-ciudadana-en-mexico\/","og_locale":"es_ES","og_type":"article","og_title":"Sonora en Equipo. Se re\u00fane Gobernadora Pavlovich con Secretaria de Seguridad y Protecci\u00f3n Ciudadana en M\u00e9xico Rep\u00fablica","og_description":"CIUDAD DE M\u00c9XICO. MX.\u2014\u00a0 Para analizar las estrategias y acciones que permitan fortalecer las acciones preventivas en materia de seguridad p\u00fablica en En Sonora en Equipo publicamos toda la informaci\u00f3n de Sonora, M\u00e9xico y el Mundo de manera oportuna y busca que la libertad de expresi\u00f3n sea real. Visita nuestro medio informativo publicado desde Hermosillo, Sonora. %","og_url":"https:\/\/www.sonoraenequipo.com.mx\/se-reune-gobernadora-pavlovich-con-secretaria-de-seguridad-y-proteccion-ciudadana-en-mexico\/","og_site_name":"Sonora en Equipo.","article_publisher":"https:\/\/www.facebook.com\/SonoraEE\/","article_author":"https:\/\/www.facebook.com\/SonoraEE","article_published_time":"2021-05-07T02:34:10+00:00","og_image":[{"width":558,"height":400,"url":"https:\/\/www.sonoraenequipo.com.mx\/storage\/2021\/05\/gobernadora-sonora_opt.jpg","type":"image\/jpeg"}],"author":"enequipo","twitter_card":"summary_large_image","twitter_creator":"@sonoraenequipo","twitter_site":"@sonoraenequipo","twitter_misc":{"Escrito por":"enequipo","Tiempo de lectura":"2 minutos"},"schema":{"@context":"https:\/\/schema.org","@graph":[{"@type":"Article","@id":"https:\/\/www.sonoraenequipo.com.mx\/se-reune-gobernadora-pavlovich-con-secretaria-de-seguridad-y-proteccion-ciudadana-en-mexico\/#article","isPartOf":{"@id":"https:\/\/www.sonoraenequipo.com.mx\/se-reune-gobernadora-pavlovich-con-secretaria-de-seguridad-y-proteccion-ciudadana-en-mexico\/"},"author":{"name":"enequipo","@id":"https:\/\/www.sonoraenequipo.com.mx\/#\/schema\/person\/50102df0fb23a8fa9e8effad8fa81386"},"headline":"Se re\u00fane Gobernadora Pavlovich con Secretaria de Seguridad y Protecci\u00f3n Ciudadana en M\u00e9xico","datePublished":"2021-05-07T02:34:10+00:00","mainEntityOfPage":{"@id":"https:\/\/www.sonoraenequipo.com.mx\/se-reune-gobernadora-pavlovich-con-secretaria-de-seguridad-y-proteccion-ciudadana-en-mexico\/"},"wordCount":311,"commentCount":0,"publisher":{"@id":"https:\/\/www.sonoraenequipo.com.mx\/#organization"},"image":{"@id":"https:\/\/www.sonoraenequipo.com.mx\/se-reune-gobernadora-pavlovich-con-secretaria-de-seguridad-y-proteccion-ciudadana-en-mexico\/#primaryimage"},"thumbnailUrl":"https:\/\/www.sonoraenequipo.com.mx\/storage\/2021\/05\/gobernadora-sonora_opt.jpg","articleSection":["Rep\u00fablica"],"inLanguage":"es","potentialAction":[{"@type":"CommentAction","name":"Comment","target":["https:\/\/www.sonoraenequipo.com.mx\/se-reune-gobernadora-pavlovich-con-secretaria-de-seguridad-y-proteccion-ciudadana-en-mexico\/#respond"]}]},{"@type":"WebPage","@id":"https:\/\/www.sonoraenequipo.com.mx\/se-reune-gobernadora-pavlovich-con-secretaria-de-seguridad-y-proteccion-ciudadana-en-mexico\/","url":"https:\/\/www.sonoraenequipo.com.mx\/se-reune-gobernadora-pavlovich-con-secretaria-de-seguridad-y-proteccion-ciudadana-en-mexico\/","name":"Sonora en Equipo. Se re\u00fane Gobernadora Pavlovich con Secretaria de Seguridad y Protecci\u00f3n Ciudadana en M\u00e9xico Rep\u00fablica","isPartOf":{"@id":"https:\/\/www.sonoraenequipo.com.mx\/#website"},"primaryImageOfPage":{"@id":"https:\/\/www.sonoraenequipo.com.mx\/se-reune-gobernadora-pavlovich-con-secretaria-de-seguridad-y-proteccion-ciudadana-en-mexico\/#primaryimage"},"image":{"@id":"https:\/\/www.sonoraenequipo.com.mx\/se-reune-gobernadora-pavlovich-con-secretaria-de-seguridad-y-proteccion-ciudadana-en-mexico\/#primaryimage"},"thumbnailUrl":"https:\/\/www.sonoraenequipo.com.mx\/storage\/2021\/05\/gobernadora-sonora_opt.jpg","datePublished":"2021-05-07T02:34:10+00:00","description":"CIUDAD DE M\u00c9XICO. MX.\u2014\u00a0 Para analizar las estrategias y acciones que permitan fortalecer las acciones preventivas en materia de seguridad p\u00fablica en En Sonora en Equipo publicamos toda la informaci\u00f3n de Sonora, M\u00e9xico y el Mundo de manera oportuna y busca que la libertad de expresi\u00f3n sea real. Visita nuestro medio informativo publicado desde Hermosillo, Sonora. %","breadcrumb":{"@id":"https:\/\/www.sonoraenequipo.com.mx\/se-reune-gobernadora-pavlovich-con-secretaria-de-seguridad-y-proteccion-ciudadana-en-mexico\/#breadcrumb"},"inLanguage":"es","potentialAction":[{"@type":"ReadAction","target":["https:\/\/www.sonoraenequipo.com.mx\/se-reune-gobernadora-pavlovich-con-secretaria-de-seguridad-y-proteccion-ciudadana-en-mexico\/"]}]},{"@type":"ImageObject","inLanguage":"es","@id":"https:\/\/www.sonoraenequipo.com.mx\/se-reune-gobernadora-pavlovich-con-secretaria-de-seguridad-y-proteccion-ciudadana-en-mexico\/#primaryimage","url":"https:\/\/www.sonoraenequipo.com.mx\/storage\/2021\/05\/gobernadora-sonora_opt.jpg","contentUrl":"https:\/\/www.sonoraenequipo.com.mx\/storage\/2021\/05\/gobernadora-sonora_opt.jpg","width":558,"height":400},{"@type":"BreadcrumbList","@id":"https:\/\/www.sonoraenequipo.com.mx\/se-reune-gobernadora-pavlovich-con-secretaria-de-seguridad-y-proteccion-ciudadana-en-mexico\/#breadcrumb","itemListElement":[{"@type":"ListItem","position":1,"name":"Portada","item":"https:\/\/www.sonoraenequipo.com.mx\/"},{"@type":"ListItem","position":2,"name":"Se re\u00fane Gobernadora Pavlovich con Secretaria de Seguridad y Protecci\u00f3n Ciudadana en M\u00e9xico"}]},{"@type":"WebSite","@id":"https:\/\/www.sonoraenequipo.com.mx\/#website","url":"https:\/\/www.sonoraenequipo.com.mx\/","name":"Sonora en Equipo.","description":"Diario en l\u00ednea con Noticias desde Hermosillo, Sonora","publisher":{"@id":"https:\/\/www.sonoraenequipo.com.mx\/#organization"},"potentialAction":[{"@type":"SearchAction","target":{"@type":"EntryPoint","urlTemplate":"https:\/\/www.sonoraenequipo.com.mx\/?s={search_term_string}"},"query-input":{"@type":"PropertyValueSpecification","valueRequired":true,"valueName":"search_term_string"}}],"inLanguage":"es"},{"@type":"Organization","@id":"https:\/\/www.sonoraenequipo.com.mx\/#organization","name":"Sonoraenequipo.com.mx","url":"https:\/\/www.sonoraenequipo.com.mx\/","logo":{"@type":"ImageObject","inLanguage":"es","@id":"https:\/\/www.sonoraenequipo.com.mx\/#\/schema\/logo\/image\/","url":"https:\/\/www.sonoraenequipo.com.mx\/storage\/2019\/01\/sonoraenequipo_opt.png","contentUrl":"https:\/\/www.sonoraenequipo.com.mx\/storage\/2019\/01\/sonoraenequipo_opt.png","width":375,"height":125,"caption":"Sonoraenequipo.com.mx"},"image":{"@id":"https:\/\/www.sonoraenequipo.com.mx\/#\/schema\/logo\/image\/"},"sameAs":["https:\/\/www.facebook.com\/SonoraEE\/","https:\/\/x.com\/sonoraenequipo","https:\/\/www.youtube.com\/channel\/UC338nW-lPEYmJQs4ZABQ1SQ"]},{"@type":"Person","@id":"https:\/\/www.sonoraenequipo.com.mx\/#\/schema\/person\/50102df0fb23a8fa9e8effad8fa81386","name":"enequipo","image":{"@type":"ImageObject","inLanguage":"es","@id":"https:\/\/www.sonoraenequipo.com.mx\/#\/schema\/person\/image\/","url":"https:\/\/secure.gravatar.com\/avatar\/049821681b589dabc0bc20695993ccebb09f5b5d4d790cd9251b97faac7c652b?s=96&d=blank&r=g","contentUrl":"https:\/\/secure.gravatar.com\/avatar\/049821681b589dabc0bc20695993ccebb09f5b5d4d790cd9251b97faac7c652b?s=96&d=blank&r=g","caption":"enequipo"},"sameAs":["https:\/\/www.facebook.com\/SonoraEE"]}]}},"jetpack_featured_media_url":"https:\/\/www.sonoraenequipo.com.mx\/storage\/2021\/05\/gobernadora-sonora_opt.jpg","_links":{"self":[{"href":"https:\/\/www.sonoraenequipo.com.mx\/api\/wp\/v2\/posts\/113332","targetHints":{"allow":["GET"]}}],"collection":[{"href":"https:\/\/www.sonoraenequipo.com.mx\/api\/wp\/v2\/posts"}],"about":[{"href":"https:\/\/www.sonoraenequipo.com.mx\/api\/wp\/v2\/types\/post"}],"author":[{"embeddable":true,"href":"https:\/\/www.sonoraenequipo.com.mx\/api\/wp\/v2\/users\/1"}],"replies":[{"embeddable":true,"href":"https:\/\/www.sonoraenequipo.com.mx\/api\/wp\/v2\/comments?post=113332"}],"version-history":[{"count":1,"href":"https:\/\/www.sonoraenequipo.com.mx\/api\/wp\/v2\/posts\/113332\/revisions"}],"predecessor-version":[{"id":113333,"href":"https:\/\/www.sonoraenequipo.com.mx\/api\/wp\/v2\/posts\/113332\/revisions\/113333"}],"wp:featuredmedia":[{"embeddable":true,"href":"https:\/\/www.sonoraenequipo.com.mx\/api\/wp\/v2\/media\/113302"}],"wp:attachment":[{"href":"https:\/\/www.sonoraenequipo.com.mx\/api\/wp\/v2\/media?parent=113332"}],"wp:term":[{"taxonomy":"category","embeddable":true,"href":"https:\/\/www.sonoraenequipo.com.mx\/api\/wp\/v2\/categories?post=113332"},{"taxonomy":"post_tag","embeddable":true,"href":"https:\/\/www.sonoraenequipo.com.mx\/api\/wp\/v2\/tags?post=113332"}],"curies":[{"name":"wp","href":"https:\/\/api.w.org\/{rel}","templated":true}]}}