{"id":113334,"date":"2021-05-06T20:25:41","date_gmt":"2021-05-07T03:25:41","guid":{"rendered":"https:\/\/www.sonoraenequipo.com.mx\/?p=113334"},"modified":"2021-05-06T19:44:10","modified_gmt":"2021-05-07T02:44:10","slug":"sonora-sin-casos-de-rabia-humana-desde-hace-30-anos-secretaria-de-salud","status":"publish","type":"post","link":"https:\/\/www.sonoraenequipo.com.mx\/sonora-sin-casos-de-rabia-humana-desde-hace-30-anos-secretaria-de-salud\/","title":{"rendered":"Sonora sin casos de rabia humana desde hace 30 a\u00f1os: Secretar\u00eda de Salud."},"content":{"rendered":"<p>HERMOSILLO, SONORA. MX. \u2014 Sonora mantiene 30 a\u00f1os sin casos de rabia humana y 14 a\u00f1os sin casos de rabia canina, esto gracias a las acciones preventivas que se han realizado entre ella la vacunaci\u00f3n antirr\u00e1bica, inform\u00f3 Enrique Clausen Iberri.<\/p>\n<p>&nbsp;<\/p>\n<p> <\/p>\n<p>&nbsp;<\/p>\n<p>El secretario de Salud en el estado detall\u00f3 que del 2016 a febrero de 2021 en la entidad se han aplicado 1 mill\u00f3n 704 mil 810 dosis de vacunas antirr\u00e1bicas. Estas acciones, dijo, contin\u00faan en la entidad y se tiene programado aplicar hasta septiembre del presente a\u00f1o otras 185 mil 165 vacunas a perros y gatos.<\/p>\n<p>&nbsp;<\/p>\n<p>&nbsp;<\/p>\n<p><em>\u201cEn Sonora, el \u00faltimo caso de rabia humana ocurri\u00f3 en 1991 en el municipio de Navojoa y fue transmitido por agresi\u00f3n canina; los dos \u00faltimos casos de rabia canina registrados en el estado ocurrieron en el a\u00f1o 2007 en la ciudad de Hermosillo\u2019\u2019,<\/em> explic\u00f3.<\/p>\n<p>&nbsp;<\/p>\n<p>&nbsp;<\/p>\n<p>Clausen Iberri detall\u00f3 que, en atenci\u00f3n a pacientes agredidos por animales sospechosos a rabia, se ha brindado atenci\u00f3n a 7 mil 756 pacientes, de los cuales mil 395 requirieron iniciar tratamiento con vacuna antirr\u00e1bica humana en el periodo del 2016 al 15 de febrero del a\u00f1o en curso.<\/p>\n<p>&nbsp;<\/p>\n<p>&nbsp;<\/p>\n<p>Agreg\u00f3 que, en el mismo periodo, la Secretar\u00eda de Salud ha procesado mil 682 muestras de laboratorio de cerebros de animales para el monitoreo de virus r\u00e1bico en el territorio de la entidad.<\/p>\n<p>&nbsp;<\/p>\n<p>&nbsp;<\/p>\n<p>El secretario coment\u00f3 que en 2019 M\u00e9xico se convirti\u00f3 en el primer pa\u00eds del mundo en recibir la validaci\u00f3n, por parte de la Organizaci\u00f3n Mundial de la Salud (OMS), por haber eliminado como problema de salud p\u00fablica la rabia transmitida por el perro.<\/p>\n<p>&nbsp;<\/p>\n<p>&nbsp;<\/p>\n<p>(Publicada el 06\/05\/2021)<\/p>\n","protected":false},"excerpt":{"rendered":"<p>HERMOSILLO, SONORA. MX. \u2014 Sonora mantiene 30 a\u00f1os sin casos de rabia humana y 14&#8230;<\/p>\n","protected":false},"author":1,"featured_media":113335,"comment_status":"open","ping_status":"open","sticky":false,"template":"","format":"standard","meta":{"_monsterinsights_skip_tracking":false,"_monsterinsights_sitenote_active":false,"_monsterinsights_sitenote_note":"","_monsterinsights_sitenote_category":0,"footnotes":""},"categories":[22],"tags":[],"class_list":["post"],"yoast_head":" \n<title>Sonora en Equipo. Sonora sin casos de rabia humana desde hace 30 a\u00f1os: Secretar\u00eda de Salud. Sonora<\/title>\n<meta name=\"description\" content=\"HERMOSILLO, SONORA. MX. \u2014 Sonora mantiene 30 a\u00f1os sin casos de rabia humana y 14 a\u00f1os sin casos de rabia canina, esto gracias a las acciones preventivas En Sonora en Equipo publicamos toda la informaci\u00f3n de Sonora, M\u00e9xico y el Mundo de manera oportuna y busca que la libertad de expresi\u00f3n sea real. Visita nuestro medio informativo publicado desde Hermosillo, Sonora. %\" \/>\n<meta name=\"robots\" content=\"index, follow, max-snippet:-1, max-image-preview:large, max-video-preview:-1\" \/>\n<link rel=\"canonical\" href=\"https:\/\/www.sonoraenequipo.com.mx\/sonora-sin-casos-de-rabia-humana-desde-hace-30-anos-secretaria-de-salud\/\" \/>\n<meta property=\"og:locale\" content=\"es_ES\" \/>\n<meta property=\"og:type\" content=\"article\" \/>\n<meta property=\"og:title\" content=\"Sonora en Equipo. Sonora sin casos de rabia humana desde hace 30 a\u00f1os: Secretar\u00eda de Salud. Sonora\" \/>\n<meta property=\"og:description\" content=\"HERMOSILLO, SONORA. MX. \u2014 Sonora mantiene 30 a\u00f1os sin casos de rabia humana y 14 a\u00f1os sin casos de rabia canina, esto gracias a las acciones preventivas En Sonora en Equipo publicamos toda la informaci\u00f3n de Sonora, M\u00e9xico y el Mundo de manera oportuna y busca que la libertad de expresi\u00f3n sea real. Visita nuestro medio informativo publicado desde Hermosillo, Sonora. %\" \/>\n<meta property=\"og:url\" content=\"https:\/\/www.sonoraenequipo.com.mx\/sonora-sin-casos-de-rabia-humana-desde-hace-30-anos-secretaria-de-salud\/\" \/>\n<meta property=\"og:site_name\" content=\"Sonora en Equipo.\" \/>\n<meta property=\"article:publisher\" content=\"https:\/\/www.facebook.com\/SonoraEE\/\" \/>\n<meta property=\"article:author\" content=\"https:\/\/www.facebook.com\/SonoraEE\" \/>\n<meta property=\"article:published_time\" content=\"2021-05-07T03:25:41+00:00\" \/>\n<meta property=\"og:image\" content=\"https:\/\/www.sonoraenequipo.com.mx\/storage\/2021\/05\/sonora-sin-rabia_opt.jpg\" \/>\n\t<meta property=\"og:image:width\" content=\"819\" \/>\n\t<meta property=\"og:image:height\" content=\"460\" \/>\n\t<meta property=\"og:image:type\" content=\"image\/jpeg\" \/>\n<meta name=\"author\" content=\"enequipo\" \/>\n<meta name=\"twitter:card\" content=\"summary_large_image\" \/>\n<meta name=\"twitter:creator\" content=\"@sonoraenequipo\" \/>\n<meta name=\"twitter:site\" content=\"@sonoraenequipo\" \/>\n<meta name=\"twitter:label1\" content=\"Escrito por\" \/>\n\t<meta name=\"twitter:data1\" content=\"enequipo\" \/>\n\t<meta name=\"twitter:label2\" content=\"Tiempo de lectura\" \/>\n\t<meta name=\"twitter:data2\" content=\"2 minutos\" \/>\n<script type=\"application\/ld+json\" class=\"yoast-schema-graph\">{\"@context\":\"https:\/\/schema.org\",\"@graph\":[{\"@type\":\"Article\",\"@id\":\"https:\/\/www.sonoraenequipo.com.mx\/sonora-sin-casos-de-rabia-humana-desde-hace-30-anos-secretaria-de-salud\/#article\",\"isPartOf\":{\"@id\":\"https:\/\/www.sonoraenequipo.com.mx\/sonora-sin-casos-de-rabia-humana-desde-hace-30-anos-secretaria-de-salud\/\"},\"author\":{\"name\":\"enequipo\",\"@id\":\"https:\/\/www.sonoraenequipo.com.mx\/#\/schema\/person\/50102df0fb23a8fa9e8effad8fa81386\"},\"headline\":\"Sonora sin casos de rabia humana desde hace 30 a\u00f1os: Secretar\u00eda de Salud.\",\"datePublished\":\"2021-05-07T03:25:41+00:00\",\"mainEntityOfPage\":{\"@id\":\"https:\/\/www.sonoraenequipo.com.mx\/sonora-sin-casos-de-rabia-humana-desde-hace-30-anos-secretaria-de-salud\/\"},\"wordCount\":294,\"commentCount\":0,\"publisher\":{\"@id\":\"https:\/\/www.sonoraenequipo.com.mx\/#organization\"},\"image\":{\"@id\":\"https:\/\/www.sonoraenequipo.com.mx\/sonora-sin-casos-de-rabia-humana-desde-hace-30-anos-secretaria-de-salud\/#primaryimage\"},\"thumbnailUrl\":\"https:\/\/www.sonoraenequipo.com.mx\/storage\/2021\/05\/sonora-sin-rabia_opt.jpg\",\"articleSection\":[\"Sonora\"],\"inLanguage\":\"es\",\"potentialAction\":[{\"@type\":\"CommentAction\",\"name\":\"Comment\",\"target\":[\"https:\/\/www.sonoraenequipo.com.mx\/sonora-sin-casos-de-rabia-humana-desde-hace-30-anos-secretaria-de-salud\/#respond\"]}]},{\"@type\":\"WebPage\",\"@id\":\"https:\/\/www.sonoraenequipo.com.mx\/sonora-sin-casos-de-rabia-humana-desde-hace-30-anos-secretaria-de-salud\/\",\"url\":\"https:\/\/www.sonoraenequipo.com.mx\/sonora-sin-casos-de-rabia-humana-desde-hace-30-anos-secretaria-de-salud\/\",\"name\":\"Sonora en Equipo. Sonora sin casos de rabia humana desde hace 30 a\u00f1os: Secretar\u00eda de Salud. Sonora\",\"isPartOf\":{\"@id\":\"https:\/\/www.sonoraenequipo.com.mx\/#website\"},\"primaryImageOfPage\":{\"@id\":\"https:\/\/www.sonoraenequipo.com.mx\/sonora-sin-casos-de-rabia-humana-desde-hace-30-anos-secretaria-de-salud\/#primaryimage\"},\"image\":{\"@id\":\"https:\/\/www.sonoraenequipo.com.mx\/sonora-sin-casos-de-rabia-humana-desde-hace-30-anos-secretaria-de-salud\/#primaryimage\"},\"thumbnailUrl\":\"https:\/\/www.sonoraenequipo.com.mx\/storage\/2021\/05\/sonora-sin-rabia_opt.jpg\",\"datePublished\":\"2021-05-07T03:25:41+00:00\",\"description\":\"HERMOSILLO, SONORA. MX. \u2014 Sonora mantiene 30 a\u00f1os sin casos de rabia humana y 14 a\u00f1os sin casos de rabia canina, esto gracias a las acciones preventivas En Sonora en Equipo publicamos toda la informaci\u00f3n de Sonora, M\u00e9xico y el Mundo de manera oportuna y busca que la libertad de expresi\u00f3n sea real. Visita nuestro medio informativo publicado desde Hermosillo, Sonora. %\",\"breadcrumb\":{\"@id\":\"https:\/\/www.sonoraenequipo.com.mx\/sonora-sin-casos-de-rabia-humana-desde-hace-30-anos-secretaria-de-salud\/#breadcrumb\"},\"inLanguage\":\"es\",\"potentialAction\":[{\"@type\":\"ReadAction\",\"target\":[\"https:\/\/www.sonoraenequipo.com.mx\/sonora-sin-casos-de-rabia-humana-desde-hace-30-anos-secretaria-de-salud\/\"]}]},{\"@type\":\"ImageObject\",\"inLanguage\":\"es\",\"@id\":\"https:\/\/www.sonoraenequipo.com.mx\/sonora-sin-casos-de-rabia-humana-desde-hace-30-anos-secretaria-de-salud\/#primaryimage\",\"url\":\"https:\/\/www.sonoraenequipo.com.mx\/storage\/2021\/05\/sonora-sin-rabia_opt.jpg\",\"contentUrl\":\"https:\/\/www.sonoraenequipo.com.mx\/storage\/2021\/05\/sonora-sin-rabia_opt.jpg\",\"width\":819,\"height\":460},{\"@type\":\"BreadcrumbList\",\"@id\":\"https:\/\/www.sonoraenequipo.com.mx\/sonora-sin-casos-de-rabia-humana-desde-hace-30-anos-secretaria-de-salud\/#breadcrumb\",\"itemListElement\":[{\"@type\":\"ListItem\",\"position\":1,\"name\":\"Portada\",\"item\":\"https:\/\/www.sonoraenequipo.com.mx\/\"},{\"@type\":\"ListItem\",\"position\":2,\"name\":\"Sonora sin casos de rabia humana desde hace 30 a\u00f1os: Secretar\u00eda de Salud.\"}]},{\"@type\":\"WebSite\",\"@id\":\"https:\/\/www.sonoraenequipo.com.mx\/#website\",\"url\":\"https:\/\/www.sonoraenequipo.com.mx\/\",\"name\":\"Sonora en Equipo.\",\"description\":\"Diario en l\u00ednea con Noticias desde Hermosillo, Sonora\",\"publisher\":{\"@id\":\"https:\/\/www.sonoraenequipo.com.mx\/#organization\"},\"potentialAction\":[{\"@type\":\"SearchAction\",\"target\":{\"@type\":\"EntryPoint\",\"urlTemplate\":\"https:\/\/www.sonoraenequipo.com.mx\/?s={search_term_string}\"},\"query-input\":{\"@type\":\"PropertyValueSpecification\",\"valueRequired\":true,\"valueName\":\"search_term_string\"}}],\"inLanguage\":\"es\"},{\"@type\":\"Organization\",\"@id\":\"https:\/\/www.sonoraenequipo.com.mx\/#organization\",\"name\":\"Sonoraenequipo.com.mx\",\"url\":\"https:\/\/www.sonoraenequipo.com.mx\/\",\"logo\":{\"@type\":\"ImageObject\",\"inLanguage\":\"es\",\"@id\":\"https:\/\/www.sonoraenequipo.com.mx\/#\/schema\/logo\/image\/\",\"url\":\"https:\/\/www.sonoraenequipo.com.mx\/storage\/2019\/01\/sonoraenequipo_opt.png\",\"contentUrl\":\"https:\/\/www.sonoraenequipo.com.mx\/storage\/2019\/01\/sonoraenequipo_opt.png\",\"width\":375,\"height\":125,\"caption\":\"Sonoraenequipo.com.mx\"},\"image\":{\"@id\":\"https:\/\/www.sonoraenequipo.com.mx\/#\/schema\/logo\/image\/\"},\"sameAs\":[\"https:\/\/www.facebook.com\/SonoraEE\/\",\"https:\/\/x.com\/sonoraenequipo\",\"https:\/\/www.youtube.com\/channel\/UC338nW-lPEYmJQs4ZABQ1SQ\"]},{\"@type\":\"Person\",\"@id\":\"https:\/\/www.sonoraenequipo.com.mx\/#\/schema\/person\/50102df0fb23a8fa9e8effad8fa81386\",\"name\":\"enequipo\",\"image\":{\"@type\":\"ImageObject\",\"inLanguage\":\"es\",\"@id\":\"https:\/\/www.sonoraenequipo.com.mx\/#\/schema\/person\/image\/\",\"url\":\"https:\/\/secure.gravatar.com\/avatar\/049821681b589dabc0bc20695993ccebb09f5b5d4d790cd9251b97faac7c652b?s=96&d=blank&r=g\",\"contentUrl\":\"https:\/\/secure.gravatar.com\/avatar\/049821681b589dabc0bc20695993ccebb09f5b5d4d790cd9251b97faac7c652b?s=96&d=blank&r=g\",\"caption\":\"enequipo\"},\"sameAs\":[\"https:\/\/www.facebook.com\/SonoraEE\"]}]}<\/script>\n ","yoast_head_json":{"title":"Sonora en Equipo. Sonora sin casos de rabia humana desde hace 30 a\u00f1os: Secretar\u00eda de Salud. Sonora","description":"HERMOSILLO, SONORA. MX. \u2014 Sonora mantiene 30 a\u00f1os sin casos de rabia humana y 14 a\u00f1os sin casos de rabia canina, esto gracias a las acciones preventivas En Sonora en Equipo publicamos toda la informaci\u00f3n de Sonora, M\u00e9xico y el Mundo de manera oportuna y busca que la libertad de expresi\u00f3n sea real. Visita nuestro medio informativo publicado desde Hermosillo, Sonora. %","robots":{"index":"index","follow":"follow","max-snippet":"max-snippet:-1","max-image-preview":"max-image-preview:large","max-video-preview":"max-video-preview:-1"},"canonical":"https:\/\/www.sonoraenequipo.com.mx\/sonora-sin-casos-de-rabia-humana-desde-hace-30-anos-secretaria-de-salud\/","og_locale":"es_ES","og_type":"article","og_title":"Sonora en Equipo. Sonora sin casos de rabia humana desde hace 30 a\u00f1os: Secretar\u00eda de Salud. Sonora","og_description":"HERMOSILLO, SONORA. MX. \u2014 Sonora mantiene 30 a\u00f1os sin casos de rabia humana y 14 a\u00f1os sin casos de rabia canina, esto gracias a las acciones preventivas En Sonora en Equipo publicamos toda la informaci\u00f3n de Sonora, M\u00e9xico y el Mundo de manera oportuna y busca que la libertad de expresi\u00f3n sea real. Visita nuestro medio informativo publicado desde Hermosillo, Sonora. %","og_url":"https:\/\/www.sonoraenequipo.com.mx\/sonora-sin-casos-de-rabia-humana-desde-hace-30-anos-secretaria-de-salud\/","og_site_name":"Sonora en Equipo.","article_publisher":"https:\/\/www.facebook.com\/SonoraEE\/","article_author":"https:\/\/www.facebook.com\/SonoraEE","article_published_time":"2021-05-07T03:25:41+00:00","og_image":[{"width":819,"height":460,"url":"https:\/\/www.sonoraenequipo.com.mx\/storage\/2021\/05\/sonora-sin-rabia_opt.jpg","type":"image\/jpeg"}],"author":"enequipo","twitter_card":"summary_large_image","twitter_creator":"@sonoraenequipo","twitter_site":"@sonoraenequipo","twitter_misc":{"Escrito por":"enequipo","Tiempo de lectura":"2 minutos"},"schema":{"@context":"https:\/\/schema.org","@graph":[{"@type":"Article","@id":"https:\/\/www.sonoraenequipo.com.mx\/sonora-sin-casos-de-rabia-humana-desde-hace-30-anos-secretaria-de-salud\/#article","isPartOf":{"@id":"https:\/\/www.sonoraenequipo.com.mx\/sonora-sin-casos-de-rabia-humana-desde-hace-30-anos-secretaria-de-salud\/"},"author":{"name":"enequipo","@id":"https:\/\/www.sonoraenequipo.com.mx\/#\/schema\/person\/50102df0fb23a8fa9e8effad8fa81386"},"headline":"Sonora sin casos de rabia humana desde hace 30 a\u00f1os: Secretar\u00eda de Salud.","datePublished":"2021-05-07T03:25:41+00:00","mainEntityOfPage":{"@id":"https:\/\/www.sonoraenequipo.com.mx\/sonora-sin-casos-de-rabia-humana-desde-hace-30-anos-secretaria-de-salud\/"},"wordCount":294,"commentCount":0,"publisher":{"@id":"https:\/\/www.sonoraenequipo.com.mx\/#organization"},"image":{"@id":"https:\/\/www.sonoraenequipo.com.mx\/sonora-sin-casos-de-rabia-humana-desde-hace-30-anos-secretaria-de-salud\/#primaryimage"},"thumbnailUrl":"https:\/\/www.sonoraenequipo.com.mx\/storage\/2021\/05\/sonora-sin-rabia_opt.jpg","articleSection":["Sonora"],"inLanguage":"es","potentialAction":[{"@type":"CommentAction","name":"Comment","target":["https:\/\/www.sonoraenequipo.com.mx\/sonora-sin-casos-de-rabia-humana-desde-hace-30-anos-secretaria-de-salud\/#respond"]}]},{"@type":"WebPage","@id":"https:\/\/www.sonoraenequipo.com.mx\/sonora-sin-casos-de-rabia-humana-desde-hace-30-anos-secretaria-de-salud\/","url":"https:\/\/www.sonoraenequipo.com.mx\/sonora-sin-casos-de-rabia-humana-desde-hace-30-anos-secretaria-de-salud\/","name":"Sonora en Equipo. Sonora sin casos de rabia humana desde hace 30 a\u00f1os: Secretar\u00eda de Salud. Sonora","isPartOf":{"@id":"https:\/\/www.sonoraenequipo.com.mx\/#website"},"primaryImageOfPage":{"@id":"https:\/\/www.sonoraenequipo.com.mx\/sonora-sin-casos-de-rabia-humana-desde-hace-30-anos-secretaria-de-salud\/#primaryimage"},"image":{"@id":"https:\/\/www.sonoraenequipo.com.mx\/sonora-sin-casos-de-rabia-humana-desde-hace-30-anos-secretaria-de-salud\/#primaryimage"},"thumbnailUrl":"https:\/\/www.sonoraenequipo.com.mx\/storage\/2021\/05\/sonora-sin-rabia_opt.jpg","datePublished":"2021-05-07T03:25:41+00:00","description":"HERMOSILLO, SONORA. MX. \u2014 Sonora mantiene 30 a\u00f1os sin casos de rabia humana y 14 a\u00f1os sin casos de rabia canina, esto gracias a las acciones preventivas En Sonora en Equipo publicamos toda la informaci\u00f3n de Sonora, M\u00e9xico y el Mundo de manera oportuna y busca que la libertad de expresi\u00f3n sea real. Visita nuestro medio informativo publicado desde Hermosillo, Sonora. %","breadcrumb":{"@id":"https:\/\/www.sonoraenequipo.com.mx\/sonora-sin-casos-de-rabia-humana-desde-hace-30-anos-secretaria-de-salud\/#breadcrumb"},"inLanguage":"es","potentialAction":[{"@type":"ReadAction","target":["https:\/\/www.sonoraenequipo.com.mx\/sonora-sin-casos-de-rabia-humana-desde-hace-30-anos-secretaria-de-salud\/"]}]},{"@type":"ImageObject","inLanguage":"es","@id":"https:\/\/www.sonoraenequipo.com.mx\/sonora-sin-casos-de-rabia-humana-desde-hace-30-anos-secretaria-de-salud\/#primaryimage","url":"https:\/\/www.sonoraenequipo.com.mx\/storage\/2021\/05\/sonora-sin-rabia_opt.jpg","contentUrl":"https:\/\/www.sonoraenequipo.com.mx\/storage\/2021\/05\/sonora-sin-rabia_opt.jpg","width":819,"height":460},{"@type":"BreadcrumbList","@id":"https:\/\/www.sonoraenequipo.com.mx\/sonora-sin-casos-de-rabia-humana-desde-hace-30-anos-secretaria-de-salud\/#breadcrumb","itemListElement":[{"@type":"ListItem","position":1,"name":"Portada","item":"https:\/\/www.sonoraenequipo.com.mx\/"},{"@type":"ListItem","position":2,"name":"Sonora sin casos de rabia humana desde hace 30 a\u00f1os: Secretar\u00eda de Salud."}]},{"@type":"WebSite","@id":"https:\/\/www.sonoraenequipo.com.mx\/#website","url":"https:\/\/www.sonoraenequipo.com.mx\/","name":"Sonora en Equipo.","description":"Diario en l\u00ednea con Noticias desde Hermosillo, Sonora","publisher":{"@id":"https:\/\/www.sonoraenequipo.com.mx\/#organization"},"potentialAction":[{"@type":"SearchAction","target":{"@type":"EntryPoint","urlTemplate":"https:\/\/www.sonoraenequipo.com.mx\/?s={search_term_string}"},"query-input":{"@type":"PropertyValueSpecification","valueRequired":true,"valueName":"search_term_string"}}],"inLanguage":"es"},{"@type":"Organization","@id":"https:\/\/www.sonoraenequipo.com.mx\/#organization","name":"Sonoraenequipo.com.mx","url":"https:\/\/www.sonoraenequipo.com.mx\/","logo":{"@type":"ImageObject","inLanguage":"es","@id":"https:\/\/www.sonoraenequipo.com.mx\/#\/schema\/logo\/image\/","url":"https:\/\/www.sonoraenequipo.com.mx\/storage\/2019\/01\/sonoraenequipo_opt.png","contentUrl":"https:\/\/www.sonoraenequipo.com.mx\/storage\/2019\/01\/sonoraenequipo_opt.png","width":375,"height":125,"caption":"Sonoraenequipo.com.mx"},"image":{"@id":"https:\/\/www.sonoraenequipo.com.mx\/#\/schema\/logo\/image\/"},"sameAs":["https:\/\/www.facebook.com\/SonoraEE\/","https:\/\/x.com\/sonoraenequipo","https:\/\/www.youtube.com\/channel\/UC338nW-lPEYmJQs4ZABQ1SQ"]},{"@type":"Person","@id":"https:\/\/www.sonoraenequipo.com.mx\/#\/schema\/person\/50102df0fb23a8fa9e8effad8fa81386","name":"enequipo","image":{"@type":"ImageObject","inLanguage":"es","@id":"https:\/\/www.sonoraenequipo.com.mx\/#\/schema\/person\/image\/","url":"https:\/\/secure.gravatar.com\/avatar\/049821681b589dabc0bc20695993ccebb09f5b5d4d790cd9251b97faac7c652b?s=96&d=blank&r=g","contentUrl":"https:\/\/secure.gravatar.com\/avatar\/049821681b589dabc0bc20695993ccebb09f5b5d4d790cd9251b97faac7c652b?s=96&d=blank&r=g","caption":"enequipo"},"sameAs":["https:\/\/www.facebook.com\/SonoraEE"]}]}},"jetpack_featured_media_url":"https:\/\/www.sonoraenequipo.com.mx\/storage\/2021\/05\/sonora-sin-rabia_opt.jpg","_links":{"self":[{"href":"https:\/\/www.sonoraenequipo.com.mx\/api\/wp\/v2\/posts\/113334","targetHints":{"allow":["GET"]}}],"collection":[{"href":"https:\/\/www.sonoraenequipo.com.mx\/api\/wp\/v2\/posts"}],"about":[{"href":"https:\/\/www.sonoraenequipo.com.mx\/api\/wp\/v2\/types\/post"}],"author":[{"embeddable":true,"href":"https:\/\/www.sonoraenequipo.com.mx\/api\/wp\/v2\/users\/1"}],"replies":[{"embeddable":true,"href":"https:\/\/www.sonoraenequipo.com.mx\/api\/wp\/v2\/comments?post=113334"}],"version-history":[{"count":1,"href":"https:\/\/www.sonoraenequipo.com.mx\/api\/wp\/v2\/posts\/113334\/revisions"}],"predecessor-version":[{"id":113336,"href":"https:\/\/www.sonoraenequipo.com.mx\/api\/wp\/v2\/posts\/113334\/revisions\/113336"}],"wp:featuredmedia":[{"embeddable":true,"href":"https:\/\/www.sonoraenequipo.com.mx\/api\/wp\/v2\/media\/113335"}],"wp:attachment":[{"href":"https:\/\/www.sonoraenequipo.com.mx\/api\/wp\/v2\/media?parent=113334"}],"wp:term":[{"taxonomy":"category","embeddable":true,"href":"https:\/\/www.sonoraenequipo.com.mx\/api\/wp\/v2\/categories?post=113334"},{"taxonomy":"post_tag","embeddable":true,"href":"https:\/\/www.sonoraenequipo.com.mx\/api\/wp\/v2\/tags?post=113334"}],"curies":[{"name":"wp","href":"https:\/\/api.w.org\/{rel}","templated":true}]}}