{"id":113337,"date":"2021-05-06T23:15:05","date_gmt":"2021-05-07T06:15:05","guid":{"rendered":"https:\/\/www.sonoraenequipo.com.mx\/?p=113337"},"modified":"2021-05-06T21:22:29","modified_gmt":"2021-05-07T04:22:29","slug":"sheinbaum-asegura-que-retiro-de-vagones-siniestrados-no-afectara-el-peritaje","status":"publish","type":"post","link":"https:\/\/www.sonoraenequipo.com.mx\/sheinbaum-asegura-que-retiro-de-vagones-siniestrados-no-afectara-el-peritaje\/","title":{"rendered":"Sheinbaum asegura que retiro de vagones siniestrados no afectar\u00e1 el peritaje"},"content":{"rendered":"<p>CIUDAD DE M\u00c9XICO. MX. \u2014 La jefa de Gobierno de la Ciudad de M\u00e9xico, Claudia Sheinbaum, inform\u00f3 que el hecho de retirar los vagones siniestrados de la zona del colapso no afectar\u00e1 el peritaje, esto tras anunciar que se reunir\u00e1 con los directivos de la empresa noruega que realizar\u00e1 el peritaje externo por el colapso en la L\u00ednea 12 del Metro.<\/p>\n<p>&nbsp;<\/p>\n<p> <\/p>\n<p><em>\u201cMe voy a reunir personalmente con la empresa o con los directivos de la empresa que est\u00e1n aqu\u00ed en M\u00e9xico que va a realizar este peritaje externo para poder conocer sus alcances, los tiempos que est\u00e1n determinando\u201d,<\/em> inform\u00f3 la jefa de gobierno, Claudia Sheinbaum.<\/p>\n<p>&nbsp;<\/p>\n<p>&nbsp;<\/p>\n<p>Garantiz\u00f3 que todas las instancias del gobierno de la ciudad estar\u00e1n a su disposici\u00f3n, las cuales les proporcionar\u00e1n la informaci\u00f3n que requieran del lugar.<\/p>\n<p>&nbsp;<\/p>\n<p>&nbsp;<\/p>\n<p>Explic\u00f3 que el hecho de retirar los vagones siniestrados de la zona del colapso no afectar\u00e1 el peritaje, pues los especialistas tendr\u00e1n acceso a todos los materiales que permanecen en el lugar del incidente, como la trabe.<\/p>\n<p>&nbsp;<\/p>\n<p>&nbsp;<\/p>\n<p>A la par, la Fiscal\u00eda General de Justicia har\u00e1 otro peritaje apoyado con el Colegio de Ingenieros y distintas asociaciones. Revisar\u00e1n todo el tramo elevado de la l\u00ednea 12 y algunos otros tramos elevados del Metro.<\/p>\n<p>&nbsp;<\/p>\n<p>&nbsp;<\/p>\n<p>Por otra parte, dijo que la Fiscal\u00eda de Justicia informar\u00e1 en torno a las carpetas de investigaci\u00f3n que se abrieron y har\u00e1n p\u00fablicas las bit\u00e1coras de mantenimiento del Metro.<\/p>\n<p>&nbsp;<\/p>\n<p>&nbsp;<\/p>\n<p><em>\u201cQue se den a conocer todas las bit\u00e1coras\u2026 No hay absolutamente nada que esconder; es muy importante que toda esta informaci\u00f3n sea p\u00fablica<\/em>\u201d declar\u00f3 Sheinbaum.<\/p>\n<p>&nbsp;<\/p>\n<p>En la conferencia de prensa, la Secretaria de Finanzas local rechaz\u00f3 que hubo un subejercicio en el presupuesto de 2020. Explic\u00f3 que, si bien el presupuesto se modific\u00f3 porque hubo menores ingresos en tarifas por la pandemia, el gobierno dio dinero extra para no afectar el mantenimiento.<\/p>\n<p>&nbsp;<\/p>\n<p><em>\u201cSe ha dicho que el Metro presenta un subejercicio en 2020 esto no es correcto. El ejercido del 2020 son 14 mil 290 millones de pesos que es igual al presupuesto modificado. Transportamos 40% de pasajeros menos en el a\u00f1o, por lo tanto, los ingresos de tarifas ligados a esta transportaci\u00f3n se redujeron, no as\u00ed el gasto en mantenimiento, no as\u00ed la operaci\u00f3n general del Metro\u201d,<\/em> dijo Luz Elena Gonz\u00e1lez, secretaria de Administraci\u00f3n y Finanzas de la CDMX<\/p>\n<p>&nbsp;<\/p>\n<p>Por su parte, la Jefa de Gobierno dijo que es falso que el dinero para mantenimiento del Metro baj\u00f3 por razones de austeridad y garantiz\u00f3 que no se va a escatimar los recursos para ese fin.<\/p>\n<p>&nbsp;<\/p>\n<p>&nbsp;<\/p>\n<p>(Publicada el 06\/05\/2021 \/ Con informaci\u00f3n de Guadalupe Flores)<\/p>\n","protected":false},"excerpt":{"rendered":"<p>CIUDAD DE M\u00c9XICO. MX. \u2014 La jefa de Gobierno de la Ciudad de M\u00e9xico, Claudia&#8230;<\/p>\n","protected":false},"author":1,"featured_media":0,"comment_status":"open","ping_status":"open","sticky":false,"template":"","format":"standard","meta":{"_monsterinsights_skip_tracking":false,"_monsterinsights_sitenote_active":false,"_monsterinsights_sitenote_note":"","_monsterinsights_sitenote_category":0,"footnotes":""},"categories":[5],"tags":[],"class_list":["post"],"yoast_head":" \n<title>Sonora en Equipo. Sheinbaum asegura que retiro de vagones siniestrados no afectar\u00e1 el peritaje Rep\u00fablica<\/title>\n<meta name=\"description\" content=\"CIUDAD DE M\u00c9XICO. MX. \u2014 La jefa de Gobierno de la Ciudad de M\u00e9xico, Claudia Sheinbaum, inform\u00f3 que el hecho de retirar los vagones siniestrados de la zona En Sonora en Equipo publicamos toda la informaci\u00f3n de Sonora, M\u00e9xico y el Mundo de manera oportuna y busca que la libertad de expresi\u00f3n sea real. Visita nuestro medio informativo publicado desde Hermosillo, Sonora. %\" \/>\n<meta name=\"robots\" content=\"index, follow, max-snippet:-1, max-image-preview:large, max-video-preview:-1\" \/>\n<link rel=\"canonical\" href=\"https:\/\/www.sonoraenequipo.com.mx\/sheinbaum-asegura-que-retiro-de-vagones-siniestrados-no-afectara-el-peritaje\/\" \/>\n<meta property=\"og:locale\" content=\"es_ES\" \/>\n<meta property=\"og:type\" content=\"article\" \/>\n<meta property=\"og:title\" content=\"Sonora en Equipo. Sheinbaum asegura que retiro de vagones siniestrados no afectar\u00e1 el peritaje Rep\u00fablica\" \/>\n<meta property=\"og:description\" content=\"CIUDAD DE M\u00c9XICO. MX. \u2014 La jefa de Gobierno de la Ciudad de M\u00e9xico, Claudia Sheinbaum, inform\u00f3 que el hecho de retirar los vagones siniestrados de la zona En Sonora en Equipo publicamos toda la informaci\u00f3n de Sonora, M\u00e9xico y el Mundo de manera oportuna y busca que la libertad de expresi\u00f3n sea real. Visita nuestro medio informativo publicado desde Hermosillo, Sonora. %\" \/>\n<meta property=\"og:url\" content=\"https:\/\/www.sonoraenequipo.com.mx\/sheinbaum-asegura-que-retiro-de-vagones-siniestrados-no-afectara-el-peritaje\/\" \/>\n<meta property=\"og:site_name\" content=\"Sonora en Equipo.\" \/>\n<meta property=\"article:publisher\" content=\"https:\/\/www.facebook.com\/SonoraEE\/\" \/>\n<meta property=\"article:author\" content=\"https:\/\/www.facebook.com\/SonoraEE\" \/>\n<meta property=\"article:published_time\" content=\"2021-05-07T06:15:05+00:00\" \/>\n<meta name=\"author\" content=\"enequipo\" \/>\n<meta name=\"twitter:card\" content=\"summary_large_image\" \/>\n<meta name=\"twitter:creator\" content=\"@sonoraenequipo\" \/>\n<meta name=\"twitter:site\" content=\"@sonoraenequipo\" \/>\n<meta name=\"twitter:label1\" content=\"Escrito por\" \/>\n\t<meta name=\"twitter:data1\" content=\"enequipo\" \/>\n\t<meta name=\"twitter:label2\" content=\"Tiempo de lectura\" \/>\n\t<meta name=\"twitter:data2\" content=\"2 minutos\" \/>\n<script type=\"application\/ld+json\" class=\"yoast-schema-graph\">{\"@context\":\"https:\/\/schema.org\",\"@graph\":[{\"@type\":\"Article\",\"@id\":\"https:\/\/www.sonoraenequipo.com.mx\/sheinbaum-asegura-que-retiro-de-vagones-siniestrados-no-afectara-el-peritaje\/#article\",\"isPartOf\":{\"@id\":\"https:\/\/www.sonoraenequipo.com.mx\/sheinbaum-asegura-que-retiro-de-vagones-siniestrados-no-afectara-el-peritaje\/\"},\"author\":{\"name\":\"enequipo\",\"@id\":\"https:\/\/www.sonoraenequipo.com.mx\/#\/schema\/person\/50102df0fb23a8fa9e8effad8fa81386\"},\"headline\":\"Sheinbaum asegura que retiro de vagones siniestrados no afectar\u00e1 el peritaje\",\"datePublished\":\"2021-05-07T06:15:05+00:00\",\"mainEntityOfPage\":{\"@id\":\"https:\/\/www.sonoraenequipo.com.mx\/sheinbaum-asegura-que-retiro-de-vagones-siniestrados-no-afectara-el-peritaje\/\"},\"wordCount\":470,\"commentCount\":0,\"publisher\":{\"@id\":\"https:\/\/www.sonoraenequipo.com.mx\/#organization\"},\"articleSection\":[\"Rep\u00fablica\"],\"inLanguage\":\"es\",\"potentialAction\":[{\"@type\":\"CommentAction\",\"name\":\"Comment\",\"target\":[\"https:\/\/www.sonoraenequipo.com.mx\/sheinbaum-asegura-que-retiro-de-vagones-siniestrados-no-afectara-el-peritaje\/#respond\"]}]},{\"@type\":\"WebPage\",\"@id\":\"https:\/\/www.sonoraenequipo.com.mx\/sheinbaum-asegura-que-retiro-de-vagones-siniestrados-no-afectara-el-peritaje\/\",\"url\":\"https:\/\/www.sonoraenequipo.com.mx\/sheinbaum-asegura-que-retiro-de-vagones-siniestrados-no-afectara-el-peritaje\/\",\"name\":\"Sonora en Equipo. Sheinbaum asegura que retiro de vagones siniestrados no afectar\u00e1 el peritaje Rep\u00fablica\",\"isPartOf\":{\"@id\":\"https:\/\/www.sonoraenequipo.com.mx\/#website\"},\"datePublished\":\"2021-05-07T06:15:05+00:00\",\"description\":\"CIUDAD DE M\u00c9XICO. MX. \u2014 La jefa de Gobierno de la Ciudad de M\u00e9xico, Claudia Sheinbaum, inform\u00f3 que el hecho de retirar los vagones siniestrados de la zona En Sonora en Equipo publicamos toda la informaci\u00f3n de Sonora, M\u00e9xico y el Mundo de manera oportuna y busca que la libertad de expresi\u00f3n sea real. Visita nuestro medio informativo publicado desde Hermosillo, Sonora. %\",\"breadcrumb\":{\"@id\":\"https:\/\/www.sonoraenequipo.com.mx\/sheinbaum-asegura-que-retiro-de-vagones-siniestrados-no-afectara-el-peritaje\/#breadcrumb\"},\"inLanguage\":\"es\",\"potentialAction\":[{\"@type\":\"ReadAction\",\"target\":[\"https:\/\/www.sonoraenequipo.com.mx\/sheinbaum-asegura-que-retiro-de-vagones-siniestrados-no-afectara-el-peritaje\/\"]}]},{\"@type\":\"BreadcrumbList\",\"@id\":\"https:\/\/www.sonoraenequipo.com.mx\/sheinbaum-asegura-que-retiro-de-vagones-siniestrados-no-afectara-el-peritaje\/#breadcrumb\",\"itemListElement\":[{\"@type\":\"ListItem\",\"position\":1,\"name\":\"Portada\",\"item\":\"https:\/\/www.sonoraenequipo.com.mx\/\"},{\"@type\":\"ListItem\",\"position\":2,\"name\":\"Sheinbaum asegura que retiro de vagones siniestrados no afectar\u00e1 el peritaje\"}]},{\"@type\":\"WebSite\",\"@id\":\"https:\/\/www.sonoraenequipo.com.mx\/#website\",\"url\":\"https:\/\/www.sonoraenequipo.com.mx\/\",\"name\":\"Sonora en Equipo.\",\"description\":\"Diario en l\u00ednea con Noticias desde Hermosillo, Sonora\",\"publisher\":{\"@id\":\"https:\/\/www.sonoraenequipo.com.mx\/#organization\"},\"potentialAction\":[{\"@type\":\"SearchAction\",\"target\":{\"@type\":\"EntryPoint\",\"urlTemplate\":\"https:\/\/www.sonoraenequipo.com.mx\/?s={search_term_string}\"},\"query-input\":{\"@type\":\"PropertyValueSpecification\",\"valueRequired\":true,\"valueName\":\"search_term_string\"}}],\"inLanguage\":\"es\"},{\"@type\":\"Organization\",\"@id\":\"https:\/\/www.sonoraenequipo.com.mx\/#organization\",\"name\":\"Sonoraenequipo.com.mx\",\"url\":\"https:\/\/www.sonoraenequipo.com.mx\/\",\"logo\":{\"@type\":\"ImageObject\",\"inLanguage\":\"es\",\"@id\":\"https:\/\/www.sonoraenequipo.com.mx\/#\/schema\/logo\/image\/\",\"url\":\"https:\/\/www.sonoraenequipo.com.mx\/storage\/2019\/01\/sonoraenequipo_opt.png\",\"contentUrl\":\"https:\/\/www.sonoraenequipo.com.mx\/storage\/2019\/01\/sonoraenequipo_opt.png\",\"width\":375,\"height\":125,\"caption\":\"Sonoraenequipo.com.mx\"},\"image\":{\"@id\":\"https:\/\/www.sonoraenequipo.com.mx\/#\/schema\/logo\/image\/\"},\"sameAs\":[\"https:\/\/www.facebook.com\/SonoraEE\/\",\"https:\/\/x.com\/sonoraenequipo\",\"https:\/\/www.youtube.com\/channel\/UC338nW-lPEYmJQs4ZABQ1SQ\"]},{\"@type\":\"Person\",\"@id\":\"https:\/\/www.sonoraenequipo.com.mx\/#\/schema\/person\/50102df0fb23a8fa9e8effad8fa81386\",\"name\":\"enequipo\",\"image\":{\"@type\":\"ImageObject\",\"inLanguage\":\"es\",\"@id\":\"https:\/\/www.sonoraenequipo.com.mx\/#\/schema\/person\/image\/\",\"url\":\"https:\/\/secure.gravatar.com\/avatar\/049821681b589dabc0bc20695993ccebb09f5b5d4d790cd9251b97faac7c652b?s=96&d=blank&r=g\",\"contentUrl\":\"https:\/\/secure.gravatar.com\/avatar\/049821681b589dabc0bc20695993ccebb09f5b5d4d790cd9251b97faac7c652b?s=96&d=blank&r=g\",\"caption\":\"enequipo\"},\"sameAs\":[\"https:\/\/www.facebook.com\/SonoraEE\"]}]}<\/script>\n ","yoast_head_json":{"title":"Sonora en Equipo. Sheinbaum asegura que retiro de vagones siniestrados no afectar\u00e1 el peritaje Rep\u00fablica","description":"CIUDAD DE M\u00c9XICO. MX. \u2014 La jefa de Gobierno de la Ciudad de M\u00e9xico, Claudia Sheinbaum, inform\u00f3 que el hecho de retirar los vagones siniestrados de la zona En Sonora en Equipo publicamos toda la informaci\u00f3n de Sonora, M\u00e9xico y el Mundo de manera oportuna y busca que la libertad de expresi\u00f3n sea real. Visita nuestro medio informativo publicado desde Hermosillo, Sonora. %","robots":{"index":"index","follow":"follow","max-snippet":"max-snippet:-1","max-image-preview":"max-image-preview:large","max-video-preview":"max-video-preview:-1"},"canonical":"https:\/\/www.sonoraenequipo.com.mx\/sheinbaum-asegura-que-retiro-de-vagones-siniestrados-no-afectara-el-peritaje\/","og_locale":"es_ES","og_type":"article","og_title":"Sonora en Equipo. Sheinbaum asegura que retiro de vagones siniestrados no afectar\u00e1 el peritaje Rep\u00fablica","og_description":"CIUDAD DE M\u00c9XICO. MX. \u2014 La jefa de Gobierno de la Ciudad de M\u00e9xico, Claudia Sheinbaum, inform\u00f3 que el hecho de retirar los vagones siniestrados de la zona En Sonora en Equipo publicamos toda la informaci\u00f3n de Sonora, M\u00e9xico y el Mundo de manera oportuna y busca que la libertad de expresi\u00f3n sea real. Visita nuestro medio informativo publicado desde Hermosillo, Sonora. %","og_url":"https:\/\/www.sonoraenequipo.com.mx\/sheinbaum-asegura-que-retiro-de-vagones-siniestrados-no-afectara-el-peritaje\/","og_site_name":"Sonora en Equipo.","article_publisher":"https:\/\/www.facebook.com\/SonoraEE\/","article_author":"https:\/\/www.facebook.com\/SonoraEE","article_published_time":"2021-05-07T06:15:05+00:00","author":"enequipo","twitter_card":"summary_large_image","twitter_creator":"@sonoraenequipo","twitter_site":"@sonoraenequipo","twitter_misc":{"Escrito por":"enequipo","Tiempo de lectura":"2 minutos"},"schema":{"@context":"https:\/\/schema.org","@graph":[{"@type":"Article","@id":"https:\/\/www.sonoraenequipo.com.mx\/sheinbaum-asegura-que-retiro-de-vagones-siniestrados-no-afectara-el-peritaje\/#article","isPartOf":{"@id":"https:\/\/www.sonoraenequipo.com.mx\/sheinbaum-asegura-que-retiro-de-vagones-siniestrados-no-afectara-el-peritaje\/"},"author":{"name":"enequipo","@id":"https:\/\/www.sonoraenequipo.com.mx\/#\/schema\/person\/50102df0fb23a8fa9e8effad8fa81386"},"headline":"Sheinbaum asegura que retiro de vagones siniestrados no afectar\u00e1 el peritaje","datePublished":"2021-05-07T06:15:05+00:00","mainEntityOfPage":{"@id":"https:\/\/www.sonoraenequipo.com.mx\/sheinbaum-asegura-que-retiro-de-vagones-siniestrados-no-afectara-el-peritaje\/"},"wordCount":470,"commentCount":0,"publisher":{"@id":"https:\/\/www.sonoraenequipo.com.mx\/#organization"},"articleSection":["Rep\u00fablica"],"inLanguage":"es","potentialAction":[{"@type":"CommentAction","name":"Comment","target":["https:\/\/www.sonoraenequipo.com.mx\/sheinbaum-asegura-que-retiro-de-vagones-siniestrados-no-afectara-el-peritaje\/#respond"]}]},{"@type":"WebPage","@id":"https:\/\/www.sonoraenequipo.com.mx\/sheinbaum-asegura-que-retiro-de-vagones-siniestrados-no-afectara-el-peritaje\/","url":"https:\/\/www.sonoraenequipo.com.mx\/sheinbaum-asegura-que-retiro-de-vagones-siniestrados-no-afectara-el-peritaje\/","name":"Sonora en Equipo. Sheinbaum asegura que retiro de vagones siniestrados no afectar\u00e1 el peritaje Rep\u00fablica","isPartOf":{"@id":"https:\/\/www.sonoraenequipo.com.mx\/#website"},"datePublished":"2021-05-07T06:15:05+00:00","description":"CIUDAD DE M\u00c9XICO. MX. \u2014 La jefa de Gobierno de la Ciudad de M\u00e9xico, Claudia Sheinbaum, inform\u00f3 que el hecho de retirar los vagones siniestrados de la zona En Sonora en Equipo publicamos toda la informaci\u00f3n de Sonora, M\u00e9xico y el Mundo de manera oportuna y busca que la libertad de expresi\u00f3n sea real. Visita nuestro medio informativo publicado desde Hermosillo, Sonora. %","breadcrumb":{"@id":"https:\/\/www.sonoraenequipo.com.mx\/sheinbaum-asegura-que-retiro-de-vagones-siniestrados-no-afectara-el-peritaje\/#breadcrumb"},"inLanguage":"es","potentialAction":[{"@type":"ReadAction","target":["https:\/\/www.sonoraenequipo.com.mx\/sheinbaum-asegura-que-retiro-de-vagones-siniestrados-no-afectara-el-peritaje\/"]}]},{"@type":"BreadcrumbList","@id":"https:\/\/www.sonoraenequipo.com.mx\/sheinbaum-asegura-que-retiro-de-vagones-siniestrados-no-afectara-el-peritaje\/#breadcrumb","itemListElement":[{"@type":"ListItem","position":1,"name":"Portada","item":"https:\/\/www.sonoraenequipo.com.mx\/"},{"@type":"ListItem","position":2,"name":"Sheinbaum asegura que retiro de vagones siniestrados no afectar\u00e1 el peritaje"}]},{"@type":"WebSite","@id":"https:\/\/www.sonoraenequipo.com.mx\/#website","url":"https:\/\/www.sonoraenequipo.com.mx\/","name":"Sonora en Equipo.","description":"Diario en l\u00ednea con Noticias desde Hermosillo, Sonora","publisher":{"@id":"https:\/\/www.sonoraenequipo.com.mx\/#organization"},"potentialAction":[{"@type":"SearchAction","target":{"@type":"EntryPoint","urlTemplate":"https:\/\/www.sonoraenequipo.com.mx\/?s={search_term_string}"},"query-input":{"@type":"PropertyValueSpecification","valueRequired":true,"valueName":"search_term_string"}}],"inLanguage":"es"},{"@type":"Organization","@id":"https:\/\/www.sonoraenequipo.com.mx\/#organization","name":"Sonoraenequipo.com.mx","url":"https:\/\/www.sonoraenequipo.com.mx\/","logo":{"@type":"ImageObject","inLanguage":"es","@id":"https:\/\/www.sonoraenequipo.com.mx\/#\/schema\/logo\/image\/","url":"https:\/\/www.sonoraenequipo.com.mx\/storage\/2019\/01\/sonoraenequipo_opt.png","contentUrl":"https:\/\/www.sonoraenequipo.com.mx\/storage\/2019\/01\/sonoraenequipo_opt.png","width":375,"height":125,"caption":"Sonoraenequipo.com.mx"},"image":{"@id":"https:\/\/www.sonoraenequipo.com.mx\/#\/schema\/logo\/image\/"},"sameAs":["https:\/\/www.facebook.com\/SonoraEE\/","https:\/\/x.com\/sonoraenequipo","https:\/\/www.youtube.com\/channel\/UC338nW-lPEYmJQs4ZABQ1SQ"]},{"@type":"Person","@id":"https:\/\/www.sonoraenequipo.com.mx\/#\/schema\/person\/50102df0fb23a8fa9e8effad8fa81386","name":"enequipo","image":{"@type":"ImageObject","inLanguage":"es","@id":"https:\/\/www.sonoraenequipo.com.mx\/#\/schema\/person\/image\/","url":"https:\/\/secure.gravatar.com\/avatar\/049821681b589dabc0bc20695993ccebb09f5b5d4d790cd9251b97faac7c652b?s=96&d=blank&r=g","contentUrl":"https:\/\/secure.gravatar.com\/avatar\/049821681b589dabc0bc20695993ccebb09f5b5d4d790cd9251b97faac7c652b?s=96&d=blank&r=g","caption":"enequipo"},"sameAs":["https:\/\/www.facebook.com\/SonoraEE"]}]}},"jetpack_featured_media_url":"","_links":{"self":[{"href":"https:\/\/www.sonoraenequipo.com.mx\/api\/wp\/v2\/posts\/113337","targetHints":{"allow":["GET"]}}],"collection":[{"href":"https:\/\/www.sonoraenequipo.com.mx\/api\/wp\/v2\/posts"}],"about":[{"href":"https:\/\/www.sonoraenequipo.com.mx\/api\/wp\/v2\/types\/post"}],"author":[{"embeddable":true,"href":"https:\/\/www.sonoraenequipo.com.mx\/api\/wp\/v2\/users\/1"}],"replies":[{"embeddable":true,"href":"https:\/\/www.sonoraenequipo.com.mx\/api\/wp\/v2\/comments?post=113337"}],"version-history":[{"count":1,"href":"https:\/\/www.sonoraenequipo.com.mx\/api\/wp\/v2\/posts\/113337\/revisions"}],"predecessor-version":[{"id":113341,"href":"https:\/\/www.sonoraenequipo.com.mx\/api\/wp\/v2\/posts\/113337\/revisions\/113341"}],"wp:attachment":[{"href":"https:\/\/www.sonoraenequipo.com.mx\/api\/wp\/v2\/media?parent=113337"}],"wp:term":[{"taxonomy":"category","embeddable":true,"href":"https:\/\/www.sonoraenequipo.com.mx\/api\/wp\/v2\/categories?post=113337"},{"taxonomy":"post_tag","embeddable":true,"href":"https:\/\/www.sonoraenequipo.com.mx\/api\/wp\/v2\/tags?post=113337"}],"curies":[{"name":"wp","href":"https:\/\/api.w.org\/{rel}","templated":true}]}}