{"id":113350,"date":"2021-05-06T21:50:30","date_gmt":"2021-05-07T04:50:30","guid":{"rendered":"https:\/\/www.sonoraenequipo.com.mx\/?p=113350"},"modified":"2021-05-07T13:44:09","modified_gmt":"2021-05-07T20:44:09","slug":"nasa-alerta-por-intensa-sequia-que-afecta-a-mexico","status":"publish","type":"post","link":"https:\/\/www.sonoraenequipo.com.mx\/nasa-alerta-por-intensa-sequia-que-afecta-a-mexico\/","title":{"rendered":"Nasa alerta por intensa sequ\u00eda que afecta a M\u00e9xico"},"content":{"rendered":"<p>ESTADOS UNIDOS. \u2014 La Administraci\u00f3n Nacional de Aeron\u00e1utica y el Espacio de Estados Unidos (NASA), advirti\u00f3 que M\u00e9xico est\u00e1 viviendo una de las sequ\u00edas m\u00e1s generalizadas e intensas en d\u00e9cadas, ya que casi el 85 por ciento del pa\u00eds enfrenta condiciones de sequ\u00eda.<\/p>\n<p>&nbsp;<\/p>\n<p> <\/p>\n<p>&nbsp;<\/p>\n<p>&nbsp;<\/p>\n<p><img loading=\"lazy\" decoding=\"async\" class=\"size-medium  x-right\" src=\"https:\/\/www.sonoraenequipo.com.mx\/storage\/2021\/05\/mapa-sequias_opt-549x365.jpg\" alt=\"\" width=\"549\" height=\"365\" \/>Grandes presas en todo M\u00e9xico se encuentran en niveles excepcionalmente bajos, lo que agota los recursos h\u00eddricos para beber, cultivar y regar. Autoridades de la Ciudad de M\u00e9xico la calificaron como la peor sequ\u00eda en 30 a\u00f1os para la ciudad, que alberga a unos 9 millones de personas.<\/p>\n<p>&nbsp;<\/p>\n<p>La Nasa mostr\u00f3 unas im\u00e1genes que muestran la disminuci\u00f3n de los niveles de agua de la presa Villa Victoria, que se encuentra aproximadamente un tercio de su capacidad normal.<\/p>\n<p>&nbsp;<\/p>\n<p>&nbsp;<\/p>\n<p>Casi el 85 por ciento de M\u00e9xico est\u00e1 experimentando sequ\u00eda. Grandes embalses del pa\u00eds, como la Presa Villa Victoria, est\u00e1n en niveles excepcionalmente bajos.https:\/\/t.co\/w1NygHkp4l pic.twitter.com\/8KfxUKrmsV<\/p>\n<p><a class=\"twitter-timeline\" data-width=\"640\" data-height=\"960\" data-dnt=\"true\" href=\"https:\/\/twitter.com\/NASA_es?ref_src=twsrc%5Etfw\">Tweets by NASA_es<\/a><script async src=\"https:\/\/platform.twitter.com\/widgets.js\" charset=\"utf-8\"><\/script><\/p>\n<p>&nbsp;<\/p>\n<p>&nbsp;<\/p>\n<p>&nbsp;<\/p>\n<p>\u2014 NASA en espa\u00f1ol (@NASA_es) May 6, 2021<\/p>\n<p>Adem\u00e1s, indic\u00f3 que cerca de 60 presas grandes, principalmente en el norte y centro de M\u00e9xico, est\u00e1n por debajo del 25 por ciento de su capacidad. Debido al bajo suministro, los administradores gubernamentales han reducido el flujo de agua desde los embalses, por lo que algunos habitantes se han quedado sin agua corriente.<\/p>\n<p>&nbsp;<\/p>\n<p>Tambi\u00e9n mostr\u00f3 un mapa que resalta los efectos de la sequ\u00eda al mostrar d\u00f3nde la vegetaci\u00f3n est\u00e1 estresada debido a la falta de agua.<\/p>\n<p>.<\/p>\n<p>&nbsp;<\/p>\n<p>(Publicada el 06\/05\/2021 \/ Con informaci\u00f3n de la Nasa)<\/p>\n","protected":false},"excerpt":{"rendered":"<p>ESTADOS UNIDOS. \u2014 La Administraci\u00f3n Nacional de Aeron\u00e1utica y el Espacio de Estados Unidos (NASA),&#8230;<\/p>\n","protected":false},"author":1,"featured_media":113354,"comment_status":"open","ping_status":"open","sticky":false,"template":"","format":"standard","meta":{"_monsterinsights_skip_tracking":false,"_monsterinsights_sitenote_active":false,"_monsterinsights_sitenote_note":"","_monsterinsights_sitenote_category":0,"footnotes":""},"categories":[12],"tags":[],"class_list":["post"],"yoast_head":" \n<title>Sonora en Equipo. Nasa alerta por intensa sequ\u00eda que afecta a M\u00e9xico Especiales<\/title>\n<meta name=\"description\" content=\"ESTADOS UNIDOS. \u2014 La Administraci\u00f3n Nacional de Aeron\u00e1utica y el Espacio de Estados Unidos (NASA), advirti\u00f3 que M\u00e9xico est\u00e1 viviendo una de las sequ\u00edas En Sonora en Equipo publicamos toda la informaci\u00f3n de Sonora, M\u00e9xico y el Mundo de manera oportuna y busca que la libertad de expresi\u00f3n sea real. Visita nuestro medio informativo publicado desde Hermosillo, Sonora. %\" \/>\n<meta name=\"robots\" content=\"index, follow, max-snippet:-1, max-image-preview:large, max-video-preview:-1\" \/>\n<link rel=\"canonical\" href=\"https:\/\/www.sonoraenequipo.com.mx\/nasa-alerta-por-intensa-sequia-que-afecta-a-mexico\/\" \/>\n<meta property=\"og:locale\" content=\"es_ES\" \/>\n<meta property=\"og:type\" content=\"article\" \/>\n<meta property=\"og:title\" content=\"Sonora en Equipo. Nasa alerta por intensa sequ\u00eda que afecta a M\u00e9xico Especiales\" \/>\n<meta property=\"og:description\" content=\"ESTADOS UNIDOS. \u2014 La Administraci\u00f3n Nacional de Aeron\u00e1utica y el Espacio de Estados Unidos (NASA), advirti\u00f3 que M\u00e9xico est\u00e1 viviendo una de las sequ\u00edas En Sonora en Equipo publicamos toda la informaci\u00f3n de Sonora, M\u00e9xico y el Mundo de manera oportuna y busca que la libertad de expresi\u00f3n sea real. Visita nuestro medio informativo publicado desde Hermosillo, Sonora. %\" \/>\n<meta property=\"og:url\" content=\"https:\/\/www.sonoraenequipo.com.mx\/nasa-alerta-por-intensa-sequia-que-afecta-a-mexico\/\" \/>\n<meta property=\"og:site_name\" content=\"Sonora en Equipo.\" \/>\n<meta property=\"article:publisher\" content=\"https:\/\/www.facebook.com\/SonoraEE\/\" \/>\n<meta property=\"article:author\" content=\"https:\/\/www.facebook.com\/SonoraEE\" \/>\n<meta property=\"article:published_time\" content=\"2021-05-07T04:50:30+00:00\" \/>\n<meta property=\"article:modified_time\" content=\"2021-05-07T20:44:09+00:00\" \/>\n<meta property=\"og:image\" content=\"https:\/\/www.sonoraenequipo.com.mx\/storage\/2021\/05\/sequia-presa-villa-victoria_opt.jpg\" \/>\n\t<meta property=\"og:image:width\" content=\"711\" \/>\n\t<meta property=\"og:image:height\" content=\"400\" \/>\n\t<meta property=\"og:image:type\" content=\"image\/jpeg\" \/>\n<meta name=\"author\" content=\"enequipo\" \/>\n<meta name=\"twitter:card\" content=\"summary_large_image\" \/>\n<meta name=\"twitter:creator\" content=\"@sonoraenequipo\" \/>\n<meta name=\"twitter:site\" content=\"@sonoraenequipo\" \/>\n<meta name=\"twitter:label1\" content=\"Escrito por\" \/>\n\t<meta name=\"twitter:data1\" content=\"enequipo\" \/>\n\t<meta name=\"twitter:label2\" content=\"Tiempo de lectura\" \/>\n\t<meta name=\"twitter:data2\" content=\"2 minutos\" \/>\n<script type=\"application\/ld+json\" class=\"yoast-schema-graph\">{\"@context\":\"https:\/\/schema.org\",\"@graph\":[{\"@type\":\"Article\",\"@id\":\"https:\/\/www.sonoraenequipo.com.mx\/nasa-alerta-por-intensa-sequia-que-afecta-a-mexico\/#article\",\"isPartOf\":{\"@id\":\"https:\/\/www.sonoraenequipo.com.mx\/nasa-alerta-por-intensa-sequia-que-afecta-a-mexico\/\"},\"author\":{\"name\":\"enequipo\",\"@id\":\"https:\/\/www.sonoraenequipo.com.mx\/#\/schema\/person\/50102df0fb23a8fa9e8effad8fa81386\"},\"headline\":\"Nasa alerta por intensa sequ\u00eda que afecta a M\u00e9xico\",\"datePublished\":\"2021-05-07T04:50:30+00:00\",\"dateModified\":\"2021-05-07T20:44:09+00:00\",\"mainEntityOfPage\":{\"@id\":\"https:\/\/www.sonoraenequipo.com.mx\/nasa-alerta-por-intensa-sequia-que-afecta-a-mexico\/\"},\"wordCount\":292,\"commentCount\":0,\"publisher\":{\"@id\":\"https:\/\/www.sonoraenequipo.com.mx\/#organization\"},\"image\":{\"@id\":\"https:\/\/www.sonoraenequipo.com.mx\/nasa-alerta-por-intensa-sequia-que-afecta-a-mexico\/#primaryimage\"},\"thumbnailUrl\":\"https:\/\/www.sonoraenequipo.com.mx\/storage\/2021\/05\/sequia-presa-villa-victoria_opt.jpg\",\"articleSection\":[\"Especiales\"],\"inLanguage\":\"es\",\"potentialAction\":[{\"@type\":\"CommentAction\",\"name\":\"Comment\",\"target\":[\"https:\/\/www.sonoraenequipo.com.mx\/nasa-alerta-por-intensa-sequia-que-afecta-a-mexico\/#respond\"]}]},{\"@type\":\"WebPage\",\"@id\":\"https:\/\/www.sonoraenequipo.com.mx\/nasa-alerta-por-intensa-sequia-que-afecta-a-mexico\/\",\"url\":\"https:\/\/www.sonoraenequipo.com.mx\/nasa-alerta-por-intensa-sequia-que-afecta-a-mexico\/\",\"name\":\"Sonora en Equipo. Nasa alerta por intensa sequ\u00eda que afecta a M\u00e9xico Especiales\",\"isPartOf\":{\"@id\":\"https:\/\/www.sonoraenequipo.com.mx\/#website\"},\"primaryImageOfPage\":{\"@id\":\"https:\/\/www.sonoraenequipo.com.mx\/nasa-alerta-por-intensa-sequia-que-afecta-a-mexico\/#primaryimage\"},\"image\":{\"@id\":\"https:\/\/www.sonoraenequipo.com.mx\/nasa-alerta-por-intensa-sequia-que-afecta-a-mexico\/#primaryimage\"},\"thumbnailUrl\":\"https:\/\/www.sonoraenequipo.com.mx\/storage\/2021\/05\/sequia-presa-villa-victoria_opt.jpg\",\"datePublished\":\"2021-05-07T04:50:30+00:00\",\"dateModified\":\"2021-05-07T20:44:09+00:00\",\"description\":\"ESTADOS UNIDOS. \u2014 La Administraci\u00f3n Nacional de Aeron\u00e1utica y el Espacio de Estados Unidos (NASA), advirti\u00f3 que M\u00e9xico est\u00e1 viviendo una de las sequ\u00edas En Sonora en Equipo publicamos toda la informaci\u00f3n de Sonora, M\u00e9xico y el Mundo de manera oportuna y busca que la libertad de expresi\u00f3n sea real. Visita nuestro medio informativo publicado desde Hermosillo, Sonora. %\",\"breadcrumb\":{\"@id\":\"https:\/\/www.sonoraenequipo.com.mx\/nasa-alerta-por-intensa-sequia-que-afecta-a-mexico\/#breadcrumb\"},\"inLanguage\":\"es\",\"potentialAction\":[{\"@type\":\"ReadAction\",\"target\":[\"https:\/\/www.sonoraenequipo.com.mx\/nasa-alerta-por-intensa-sequia-que-afecta-a-mexico\/\"]}]},{\"@type\":\"ImageObject\",\"inLanguage\":\"es\",\"@id\":\"https:\/\/www.sonoraenequipo.com.mx\/nasa-alerta-por-intensa-sequia-que-afecta-a-mexico\/#primaryimage\",\"url\":\"https:\/\/www.sonoraenequipo.com.mx\/storage\/2021\/05\/sequia-presa-villa-victoria_opt.jpg\",\"contentUrl\":\"https:\/\/www.sonoraenequipo.com.mx\/storage\/2021\/05\/sequia-presa-villa-victoria_opt.jpg\",\"width\":711,\"height\":400},{\"@type\":\"BreadcrumbList\",\"@id\":\"https:\/\/www.sonoraenequipo.com.mx\/nasa-alerta-por-intensa-sequia-que-afecta-a-mexico\/#breadcrumb\",\"itemListElement\":[{\"@type\":\"ListItem\",\"position\":1,\"name\":\"Portada\",\"item\":\"https:\/\/www.sonoraenequipo.com.mx\/\"},{\"@type\":\"ListItem\",\"position\":2,\"name\":\"Nasa alerta por intensa sequ\u00eda que afecta a M\u00e9xico\"}]},{\"@type\":\"WebSite\",\"@id\":\"https:\/\/www.sonoraenequipo.com.mx\/#website\",\"url\":\"https:\/\/www.sonoraenequipo.com.mx\/\",\"name\":\"Sonora en Equipo.\",\"description\":\"Diario en l\u00ednea con Noticias desde Hermosillo, Sonora\",\"publisher\":{\"@id\":\"https:\/\/www.sonoraenequipo.com.mx\/#organization\"},\"potentialAction\":[{\"@type\":\"SearchAction\",\"target\":{\"@type\":\"EntryPoint\",\"urlTemplate\":\"https:\/\/www.sonoraenequipo.com.mx\/?s={search_term_string}\"},\"query-input\":{\"@type\":\"PropertyValueSpecification\",\"valueRequired\":true,\"valueName\":\"search_term_string\"}}],\"inLanguage\":\"es\"},{\"@type\":\"Organization\",\"@id\":\"https:\/\/www.sonoraenequipo.com.mx\/#organization\",\"name\":\"Sonoraenequipo.com.mx\",\"url\":\"https:\/\/www.sonoraenequipo.com.mx\/\",\"logo\":{\"@type\":\"ImageObject\",\"inLanguage\":\"es\",\"@id\":\"https:\/\/www.sonoraenequipo.com.mx\/#\/schema\/logo\/image\/\",\"url\":\"https:\/\/www.sonoraenequipo.com.mx\/storage\/2019\/01\/sonoraenequipo_opt.png\",\"contentUrl\":\"https:\/\/www.sonoraenequipo.com.mx\/storage\/2019\/01\/sonoraenequipo_opt.png\",\"width\":375,\"height\":125,\"caption\":\"Sonoraenequipo.com.mx\"},\"image\":{\"@id\":\"https:\/\/www.sonoraenequipo.com.mx\/#\/schema\/logo\/image\/\"},\"sameAs\":[\"https:\/\/www.facebook.com\/SonoraEE\/\",\"https:\/\/x.com\/sonoraenequipo\",\"https:\/\/www.youtube.com\/channel\/UC338nW-lPEYmJQs4ZABQ1SQ\"]},{\"@type\":\"Person\",\"@id\":\"https:\/\/www.sonoraenequipo.com.mx\/#\/schema\/person\/50102df0fb23a8fa9e8effad8fa81386\",\"name\":\"enequipo\",\"image\":{\"@type\":\"ImageObject\",\"inLanguage\":\"es\",\"@id\":\"https:\/\/www.sonoraenequipo.com.mx\/#\/schema\/person\/image\/\",\"url\":\"https:\/\/secure.gravatar.com\/avatar\/049821681b589dabc0bc20695993ccebb09f5b5d4d790cd9251b97faac7c652b?s=96&d=blank&r=g\",\"contentUrl\":\"https:\/\/secure.gravatar.com\/avatar\/049821681b589dabc0bc20695993ccebb09f5b5d4d790cd9251b97faac7c652b?s=96&d=blank&r=g\",\"caption\":\"enequipo\"},\"sameAs\":[\"https:\/\/www.facebook.com\/SonoraEE\"]}]}<\/script>\n ","yoast_head_json":{"title":"Sonora en Equipo. Nasa alerta por intensa sequ\u00eda que afecta a M\u00e9xico Especiales","description":"ESTADOS UNIDOS. \u2014 La Administraci\u00f3n Nacional de Aeron\u00e1utica y el Espacio de Estados Unidos (NASA), advirti\u00f3 que M\u00e9xico est\u00e1 viviendo una de las sequ\u00edas En Sonora en Equipo publicamos toda la informaci\u00f3n de Sonora, M\u00e9xico y el Mundo de manera oportuna y busca que la libertad de expresi\u00f3n sea real. Visita nuestro medio informativo publicado desde Hermosillo, Sonora. %","robots":{"index":"index","follow":"follow","max-snippet":"max-snippet:-1","max-image-preview":"max-image-preview:large","max-video-preview":"max-video-preview:-1"},"canonical":"https:\/\/www.sonoraenequipo.com.mx\/nasa-alerta-por-intensa-sequia-que-afecta-a-mexico\/","og_locale":"es_ES","og_type":"article","og_title":"Sonora en Equipo. Nasa alerta por intensa sequ\u00eda que afecta a M\u00e9xico Especiales","og_description":"ESTADOS UNIDOS. \u2014 La Administraci\u00f3n Nacional de Aeron\u00e1utica y el Espacio de Estados Unidos (NASA), advirti\u00f3 que M\u00e9xico est\u00e1 viviendo una de las sequ\u00edas En Sonora en Equipo publicamos toda la informaci\u00f3n de Sonora, M\u00e9xico y el Mundo de manera oportuna y busca que la libertad de expresi\u00f3n sea real. Visita nuestro medio informativo publicado desde Hermosillo, Sonora. %","og_url":"https:\/\/www.sonoraenequipo.com.mx\/nasa-alerta-por-intensa-sequia-que-afecta-a-mexico\/","og_site_name":"Sonora en Equipo.","article_publisher":"https:\/\/www.facebook.com\/SonoraEE\/","article_author":"https:\/\/www.facebook.com\/SonoraEE","article_published_time":"2021-05-07T04:50:30+00:00","article_modified_time":"2021-05-07T20:44:09+00:00","og_image":[{"width":711,"height":400,"url":"https:\/\/www.sonoraenequipo.com.mx\/storage\/2021\/05\/sequia-presa-villa-victoria_opt.jpg","type":"image\/jpeg"}],"author":"enequipo","twitter_card":"summary_large_image","twitter_creator":"@sonoraenequipo","twitter_site":"@sonoraenequipo","twitter_misc":{"Escrito por":"enequipo","Tiempo de lectura":"2 minutos"},"schema":{"@context":"https:\/\/schema.org","@graph":[{"@type":"Article","@id":"https:\/\/www.sonoraenequipo.com.mx\/nasa-alerta-por-intensa-sequia-que-afecta-a-mexico\/#article","isPartOf":{"@id":"https:\/\/www.sonoraenequipo.com.mx\/nasa-alerta-por-intensa-sequia-que-afecta-a-mexico\/"},"author":{"name":"enequipo","@id":"https:\/\/www.sonoraenequipo.com.mx\/#\/schema\/person\/50102df0fb23a8fa9e8effad8fa81386"},"headline":"Nasa alerta por intensa sequ\u00eda que afecta a M\u00e9xico","datePublished":"2021-05-07T04:50:30+00:00","dateModified":"2021-05-07T20:44:09+00:00","mainEntityOfPage":{"@id":"https:\/\/www.sonoraenequipo.com.mx\/nasa-alerta-por-intensa-sequia-que-afecta-a-mexico\/"},"wordCount":292,"commentCount":0,"publisher":{"@id":"https:\/\/www.sonoraenequipo.com.mx\/#organization"},"image":{"@id":"https:\/\/www.sonoraenequipo.com.mx\/nasa-alerta-por-intensa-sequia-que-afecta-a-mexico\/#primaryimage"},"thumbnailUrl":"https:\/\/www.sonoraenequipo.com.mx\/storage\/2021\/05\/sequia-presa-villa-victoria_opt.jpg","articleSection":["Especiales"],"inLanguage":"es","potentialAction":[{"@type":"CommentAction","name":"Comment","target":["https:\/\/www.sonoraenequipo.com.mx\/nasa-alerta-por-intensa-sequia-que-afecta-a-mexico\/#respond"]}]},{"@type":"WebPage","@id":"https:\/\/www.sonoraenequipo.com.mx\/nasa-alerta-por-intensa-sequia-que-afecta-a-mexico\/","url":"https:\/\/www.sonoraenequipo.com.mx\/nasa-alerta-por-intensa-sequia-que-afecta-a-mexico\/","name":"Sonora en Equipo. Nasa alerta por intensa sequ\u00eda que afecta a M\u00e9xico Especiales","isPartOf":{"@id":"https:\/\/www.sonoraenequipo.com.mx\/#website"},"primaryImageOfPage":{"@id":"https:\/\/www.sonoraenequipo.com.mx\/nasa-alerta-por-intensa-sequia-que-afecta-a-mexico\/#primaryimage"},"image":{"@id":"https:\/\/www.sonoraenequipo.com.mx\/nasa-alerta-por-intensa-sequia-que-afecta-a-mexico\/#primaryimage"},"thumbnailUrl":"https:\/\/www.sonoraenequipo.com.mx\/storage\/2021\/05\/sequia-presa-villa-victoria_opt.jpg","datePublished":"2021-05-07T04:50:30+00:00","dateModified":"2021-05-07T20:44:09+00:00","description":"ESTADOS UNIDOS. \u2014 La Administraci\u00f3n Nacional de Aeron\u00e1utica y el Espacio de Estados Unidos (NASA), advirti\u00f3 que M\u00e9xico est\u00e1 viviendo una de las sequ\u00edas En Sonora en Equipo publicamos toda la informaci\u00f3n de Sonora, M\u00e9xico y el Mundo de manera oportuna y busca que la libertad de expresi\u00f3n sea real. Visita nuestro medio informativo publicado desde Hermosillo, Sonora. %","breadcrumb":{"@id":"https:\/\/www.sonoraenequipo.com.mx\/nasa-alerta-por-intensa-sequia-que-afecta-a-mexico\/#breadcrumb"},"inLanguage":"es","potentialAction":[{"@type":"ReadAction","target":["https:\/\/www.sonoraenequipo.com.mx\/nasa-alerta-por-intensa-sequia-que-afecta-a-mexico\/"]}]},{"@type":"ImageObject","inLanguage":"es","@id":"https:\/\/www.sonoraenequipo.com.mx\/nasa-alerta-por-intensa-sequia-que-afecta-a-mexico\/#primaryimage","url":"https:\/\/www.sonoraenequipo.com.mx\/storage\/2021\/05\/sequia-presa-villa-victoria_opt.jpg","contentUrl":"https:\/\/www.sonoraenequipo.com.mx\/storage\/2021\/05\/sequia-presa-villa-victoria_opt.jpg","width":711,"height":400},{"@type":"BreadcrumbList","@id":"https:\/\/www.sonoraenequipo.com.mx\/nasa-alerta-por-intensa-sequia-que-afecta-a-mexico\/#breadcrumb","itemListElement":[{"@type":"ListItem","position":1,"name":"Portada","item":"https:\/\/www.sonoraenequipo.com.mx\/"},{"@type":"ListItem","position":2,"name":"Nasa alerta por intensa sequ\u00eda que afecta a M\u00e9xico"}]},{"@type":"WebSite","@id":"https:\/\/www.sonoraenequipo.com.mx\/#website","url":"https:\/\/www.sonoraenequipo.com.mx\/","name":"Sonora en Equipo.","description":"Diario en l\u00ednea con Noticias desde Hermosillo, Sonora","publisher":{"@id":"https:\/\/www.sonoraenequipo.com.mx\/#organization"},"potentialAction":[{"@type":"SearchAction","target":{"@type":"EntryPoint","urlTemplate":"https:\/\/www.sonoraenequipo.com.mx\/?s={search_term_string}"},"query-input":{"@type":"PropertyValueSpecification","valueRequired":true,"valueName":"search_term_string"}}],"inLanguage":"es"},{"@type":"Organization","@id":"https:\/\/www.sonoraenequipo.com.mx\/#organization","name":"Sonoraenequipo.com.mx","url":"https:\/\/www.sonoraenequipo.com.mx\/","logo":{"@type":"ImageObject","inLanguage":"es","@id":"https:\/\/www.sonoraenequipo.com.mx\/#\/schema\/logo\/image\/","url":"https:\/\/www.sonoraenequipo.com.mx\/storage\/2019\/01\/sonoraenequipo_opt.png","contentUrl":"https:\/\/www.sonoraenequipo.com.mx\/storage\/2019\/01\/sonoraenequipo_opt.png","width":375,"height":125,"caption":"Sonoraenequipo.com.mx"},"image":{"@id":"https:\/\/www.sonoraenequipo.com.mx\/#\/schema\/logo\/image\/"},"sameAs":["https:\/\/www.facebook.com\/SonoraEE\/","https:\/\/x.com\/sonoraenequipo","https:\/\/www.youtube.com\/channel\/UC338nW-lPEYmJQs4ZABQ1SQ"]},{"@type":"Person","@id":"https:\/\/www.sonoraenequipo.com.mx\/#\/schema\/person\/50102df0fb23a8fa9e8effad8fa81386","name":"enequipo","image":{"@type":"ImageObject","inLanguage":"es","@id":"https:\/\/www.sonoraenequipo.com.mx\/#\/schema\/person\/image\/","url":"https:\/\/secure.gravatar.com\/avatar\/049821681b589dabc0bc20695993ccebb09f5b5d4d790cd9251b97faac7c652b?s=96&d=blank&r=g","contentUrl":"https:\/\/secure.gravatar.com\/avatar\/049821681b589dabc0bc20695993ccebb09f5b5d4d790cd9251b97faac7c652b?s=96&d=blank&r=g","caption":"enequipo"},"sameAs":["https:\/\/www.facebook.com\/SonoraEE"]}]}},"jetpack_featured_media_url":"https:\/\/www.sonoraenequipo.com.mx\/storage\/2021\/05\/sequia-presa-villa-victoria_opt.jpg","_links":{"self":[{"href":"https:\/\/www.sonoraenequipo.com.mx\/api\/wp\/v2\/posts\/113350","targetHints":{"allow":["GET"]}}],"collection":[{"href":"https:\/\/www.sonoraenequipo.com.mx\/api\/wp\/v2\/posts"}],"about":[{"href":"https:\/\/www.sonoraenequipo.com.mx\/api\/wp\/v2\/types\/post"}],"author":[{"embeddable":true,"href":"https:\/\/www.sonoraenequipo.com.mx\/api\/wp\/v2\/users\/1"}],"replies":[{"embeddable":true,"href":"https:\/\/www.sonoraenequipo.com.mx\/api\/wp\/v2\/comments?post=113350"}],"version-history":[{"count":1,"href":"https:\/\/www.sonoraenequipo.com.mx\/api\/wp\/v2\/posts\/113350\/revisions"}],"predecessor-version":[{"id":113357,"href":"https:\/\/www.sonoraenequipo.com.mx\/api\/wp\/v2\/posts\/113350\/revisions\/113357"}],"wp:featuredmedia":[{"embeddable":true,"href":"https:\/\/www.sonoraenequipo.com.mx\/api\/wp\/v2\/media\/113354"}],"wp:attachment":[{"href":"https:\/\/www.sonoraenequipo.com.mx\/api\/wp\/v2\/media?parent=113350"}],"wp:term":[{"taxonomy":"category","embeddable":true,"href":"https:\/\/www.sonoraenequipo.com.mx\/api\/wp\/v2\/categories?post=113350"},{"taxonomy":"post_tag","embeddable":true,"href":"https:\/\/www.sonoraenequipo.com.mx\/api\/wp\/v2\/tags?post=113350"}],"curies":[{"name":"wp","href":"https:\/\/api.w.org\/{rel}","templated":true}]}}