{"id":113352,"date":"2021-05-06T21:46:08","date_gmt":"2021-05-07T04:46:08","guid":{"rendered":"https:\/\/www.sonoraenequipo.com.mx\/?p=113352"},"modified":"2021-05-06T21:47:10","modified_gmt":"2021-05-07T04:47:10","slug":"rehabilitacion-de-escuelas-previo-al-regreso-a-clases-propone-el-borrego-gandara","status":"publish","type":"post","link":"https:\/\/www.sonoraenequipo.com.mx\/rehabilitacion-de-escuelas-previo-al-regreso-a-clases-propone-el-borrego-gandara\/","title":{"rendered":"Rehabilitaci\u00f3n de escuelas previo al regreso a clases propone el \u201cBorrego\u201d G\u00e1ndara"},"content":{"rendered":"<p>HERMOSILLO, SONORA,MX.\u2500\u2500 Previo al regreso a clases presenciales para el pr\u00f3ximo ciclo escolar, Ernesto el \u201cBorrego\u201d G\u00e1ndara, anunci\u00f3 una bolsa de 300 millones de pesos para impulsar una emergente reactivaci\u00f3n educativa y rehabilitar las escuelas p\u00fablicas que se han deteriorado durante la pandemia por el Covid-19.<\/p>\n<p>&nbsp;<\/p>\n<p>\u201cS\u00ed traigo un plan de alrededor de 250 a 300 millones para empezar, \u00bfqu\u00e9 de donde los voy a sacar? De un presupuesto de alrededor de 70 mil millones del estado que son muchos gastos en seguridad, en el sector salud, pero hay que hacer un esfuerzo, as\u00ed como lo hacen ustedes en sus empresas, en sus familias\u201d, expuso frente a los l\u00edderes y consejeros de los c\u00e1maras empresariales.<\/p>\n<p>&nbsp;<\/p>\n<p>En una reuni\u00f3n con miembros y l\u00edderes de Coparmex, Canacope, Canaco y Canacintra; el candidato de la Alianza \u201cVa por Sonora\u201d, invit\u00f3 a los organismos empresariales a hacer equipo, partiendo de un antes y un despu\u00e9s del Covid-19 con propuestas que construyan y hagan acuerdos para trabajar en equipo con mini, peque\u00f1as y medianas empresas\u00a0 para obtener resultados a prontitud.<\/p>\n<p>&nbsp;<\/p>\n<p>\u201cTengo una propuesta para reactivar lo m\u00e1s pronto posible al Estado, reactivaci\u00f3n econ\u00f3mica, reactivaci\u00f3n de las condiciones de educaci\u00f3n como es la rehabilitaci\u00f3n de escuelas, si se permite ya poder volver a clases el pr\u00f3ximo mes de septiembre seg\u00fan las autoridades de salud, y reactivaci\u00f3n de la calidad de vida, espacios p\u00fablicos y seguridad, desde luego calidad en la salud, en el medio ambiente y en el entorno humano\u201d;\u00a0 expuso en su di\u00e1logo con empresarios de Hermosillo.<\/p>\n<p>&nbsp;<\/p>\n<p>El Candidato detall\u00f3 que el Fondo Emergente Temporal, contempla facilitar tr\u00e1mites burocr\u00e1ticos, capacitaci\u00f3n constante para empresas y trabajadores, apoyos para madres solteras trabajadoras, y la vinculaci\u00f3n entre instituciones con negocios; todo enfocado, dijo hacia las mini, peque\u00f1as y medianas empresas que representan el 75 por ciento de los empleos de Sonora.<\/p>\n<p>&nbsp;<\/p>\n<p>\u201cNaturalmente creo que hay condiciones para que Sonora vuelva a crecer mucho m\u00e1s r\u00e1pido que otros estados, tambi\u00e9n nosotros tenemos que trabajar en este plan de reactivaci\u00f3n de la econom\u00eda, en este plan en donde queremos crear y no con m\u00e1s burocracia, ni con m\u00e1s recursos, sino con los mismos, la Agencia de Innovaci\u00f3n y Emprendimiento y desde luego un Fondo Emergente\u201d, propuso G\u00e1ndara Camou en sus reuniones con c\u00e1maras empresariales.<\/p>\n<p>&nbsp;<\/p>\n<p>En las reuniones de este jueves, Ernesto G\u00e1ndara escuch\u00f3 sus necesidades de los empresarios y les propuso que por cada empleo que genere una micro o peque\u00f1a empresa, el Estado reembolsar\u00e1 cinco d\u00edas de salario m\u00ednimo por 12 meses, adem\u00e1s de comprometerse con los abarroteros para crecer sus negocios con capacitaciones, asesor\u00edas y est\u00edmulos econ\u00f3micos que los ayude a competir con los supermercados.<\/p>\n<p>Fecha de publicaci\u00f3n \u00a0mi\u00e9rcoles \/ 5\u00a0 \/ mayo \/ 2021<\/p>\n<p>&nbsp;<\/p>\n","protected":false},"excerpt":{"rendered":"<p>HERMOSILLO, SONORA,MX.\u2500\u2500 Previo al regreso a clases presenciales para el pr\u00f3ximo ciclo escolar, Ernesto el&#8230;<\/p>\n","protected":false},"author":1,"featured_media":0,"comment_status":"open","ping_status":"open","sticky":false,"template":"","format":"standard","meta":{"_monsterinsights_skip_tracking":false,"_monsterinsights_sitenote_active":false,"_monsterinsights_sitenote_note":"","_monsterinsights_sitenote_category":0,"footnotes":""},"categories":[8],"tags":[5498,111,5261],"class_list":["post"],"yoast_head":" \n<title>Sonora en Equipo. Rehabilitaci\u00f3n de escuelas previo al regreso a clases propone el \u201cBorrego\u201d G\u00e1ndara LA ELECCION 2024<\/title>\n<meta name=\"description\" content=\"HERMOSILLO, SONORA,MX.\u2500\u2500 Previo al regreso a clases presenciales para el pr\u00f3ximo ciclo escolar, Ernesto el \u201cBorrego\u201d G\u00e1ndara, anunci\u00f3 una bolsa de 300 En Sonora en Equipo publicamos toda la informaci\u00f3n de Sonora, M\u00e9xico y el Mundo de manera oportuna y busca que la libertad de expresi\u00f3n sea real. Visita nuestro medio informativo publicado desde Hermosillo, Sonora. %\" \/>\n<meta name=\"robots\" content=\"index, follow, max-snippet:-1, max-image-preview:large, max-video-preview:-1\" \/>\n<link rel=\"canonical\" href=\"https:\/\/www.sonoraenequipo.com.mx\/rehabilitacion-de-escuelas-previo-al-regreso-a-clases-propone-el-borrego-gandara\/\" \/>\n<meta property=\"og:locale\" content=\"es_ES\" \/>\n<meta property=\"og:type\" content=\"article\" \/>\n<meta property=\"og:title\" content=\"Sonora en Equipo. Rehabilitaci\u00f3n de escuelas previo al regreso a clases propone el \u201cBorrego\u201d G\u00e1ndara LA ELECCION 2024\" \/>\n<meta property=\"og:description\" content=\"HERMOSILLO, SONORA,MX.\u2500\u2500 Previo al regreso a clases presenciales para el pr\u00f3ximo ciclo escolar, Ernesto el \u201cBorrego\u201d G\u00e1ndara, anunci\u00f3 una bolsa de 300 En Sonora en Equipo publicamos toda la informaci\u00f3n de Sonora, M\u00e9xico y el Mundo de manera oportuna y busca que la libertad de expresi\u00f3n sea real. Visita nuestro medio informativo publicado desde Hermosillo, Sonora. %\" \/>\n<meta property=\"og:url\" content=\"https:\/\/www.sonoraenequipo.com.mx\/rehabilitacion-de-escuelas-previo-al-regreso-a-clases-propone-el-borrego-gandara\/\" \/>\n<meta property=\"og:site_name\" content=\"Sonora en Equipo.\" \/>\n<meta property=\"article:publisher\" content=\"https:\/\/www.facebook.com\/SonoraEE\/\" \/>\n<meta property=\"article:author\" content=\"https:\/\/www.facebook.com\/SonoraEE\" \/>\n<meta property=\"article:published_time\" content=\"2021-05-07T04:46:08+00:00\" \/>\n<meta property=\"article:modified_time\" content=\"2021-05-07T04:47:10+00:00\" \/>\n<meta name=\"author\" content=\"enequipo\" \/>\n<meta name=\"twitter:card\" content=\"summary_large_image\" \/>\n<meta name=\"twitter:creator\" content=\"@sonoraenequipo\" \/>\n<meta name=\"twitter:site\" content=\"@sonoraenequipo\" \/>\n<meta name=\"twitter:label1\" content=\"Escrito por\" \/>\n\t<meta name=\"twitter:data1\" content=\"enequipo\" \/>\n\t<meta name=\"twitter:label2\" content=\"Tiempo de lectura\" \/>\n\t<meta name=\"twitter:data2\" content=\"2 minutos\" \/>\n<script type=\"application\/ld+json\" class=\"yoast-schema-graph\">{\"@context\":\"https:\/\/schema.org\",\"@graph\":[{\"@type\":\"Article\",\"@id\":\"https:\/\/www.sonoraenequipo.com.mx\/rehabilitacion-de-escuelas-previo-al-regreso-a-clases-propone-el-borrego-gandara\/#article\",\"isPartOf\":{\"@id\":\"https:\/\/www.sonoraenequipo.com.mx\/rehabilitacion-de-escuelas-previo-al-regreso-a-clases-propone-el-borrego-gandara\/\"},\"author\":{\"name\":\"enequipo\",\"@id\":\"https:\/\/www.sonoraenequipo.com.mx\/#\/schema\/person\/50102df0fb23a8fa9e8effad8fa81386\"},\"headline\":\"Rehabilitaci\u00f3n de escuelas previo al regreso a clases propone el \u201cBorrego\u201d G\u00e1ndara\",\"datePublished\":\"2021-05-07T04:46:08+00:00\",\"dateModified\":\"2021-05-07T04:47:10+00:00\",\"mainEntityOfPage\":{\"@id\":\"https:\/\/www.sonoraenequipo.com.mx\/rehabilitacion-de-escuelas-previo-al-regreso-a-clases-propone-el-borrego-gandara\/\"},\"wordCount\":504,\"commentCount\":0,\"publisher\":{\"@id\":\"https:\/\/www.sonoraenequipo.com.mx\/#organization\"},\"keywords\":[\"borregogandara\",\"elecciones\",\"sonora2021\"],\"articleSection\":[\"LA ELECCION 2024\"],\"inLanguage\":\"es\",\"potentialAction\":[{\"@type\":\"CommentAction\",\"name\":\"Comment\",\"target\":[\"https:\/\/www.sonoraenequipo.com.mx\/rehabilitacion-de-escuelas-previo-al-regreso-a-clases-propone-el-borrego-gandara\/#respond\"]}]},{\"@type\":\"WebPage\",\"@id\":\"https:\/\/www.sonoraenequipo.com.mx\/rehabilitacion-de-escuelas-previo-al-regreso-a-clases-propone-el-borrego-gandara\/\",\"url\":\"https:\/\/www.sonoraenequipo.com.mx\/rehabilitacion-de-escuelas-previo-al-regreso-a-clases-propone-el-borrego-gandara\/\",\"name\":\"Sonora en Equipo. Rehabilitaci\u00f3n de escuelas previo al regreso a clases propone el \u201cBorrego\u201d G\u00e1ndara LA ELECCION 2024\",\"isPartOf\":{\"@id\":\"https:\/\/www.sonoraenequipo.com.mx\/#website\"},\"datePublished\":\"2021-05-07T04:46:08+00:00\",\"dateModified\":\"2021-05-07T04:47:10+00:00\",\"description\":\"HERMOSILLO, SONORA,MX.\u2500\u2500 Previo al regreso a clases presenciales para el pr\u00f3ximo ciclo escolar, Ernesto el \u201cBorrego\u201d G\u00e1ndara, anunci\u00f3 una bolsa de 300 En Sonora en Equipo publicamos toda la informaci\u00f3n de Sonora, M\u00e9xico y el Mundo de manera oportuna y busca que la libertad de expresi\u00f3n sea real. Visita nuestro medio informativo publicado desde Hermosillo, Sonora. %\",\"breadcrumb\":{\"@id\":\"https:\/\/www.sonoraenequipo.com.mx\/rehabilitacion-de-escuelas-previo-al-regreso-a-clases-propone-el-borrego-gandara\/#breadcrumb\"},\"inLanguage\":\"es\",\"potentialAction\":[{\"@type\":\"ReadAction\",\"target\":[\"https:\/\/www.sonoraenequipo.com.mx\/rehabilitacion-de-escuelas-previo-al-regreso-a-clases-propone-el-borrego-gandara\/\"]}]},{\"@type\":\"BreadcrumbList\",\"@id\":\"https:\/\/www.sonoraenequipo.com.mx\/rehabilitacion-de-escuelas-previo-al-regreso-a-clases-propone-el-borrego-gandara\/#breadcrumb\",\"itemListElement\":[{\"@type\":\"ListItem\",\"position\":1,\"name\":\"Portada\",\"item\":\"https:\/\/www.sonoraenequipo.com.mx\/\"},{\"@type\":\"ListItem\",\"position\":2,\"name\":\"Rehabilitaci\u00f3n de escuelas previo al regreso a clases propone el \u201cBorrego\u201d G\u00e1ndara\"}]},{\"@type\":\"WebSite\",\"@id\":\"https:\/\/www.sonoraenequipo.com.mx\/#website\",\"url\":\"https:\/\/www.sonoraenequipo.com.mx\/\",\"name\":\"Sonora en Equipo.\",\"description\":\"Diario en l\u00ednea con Noticias desde Hermosillo, Sonora\",\"publisher\":{\"@id\":\"https:\/\/www.sonoraenequipo.com.mx\/#organization\"},\"potentialAction\":[{\"@type\":\"SearchAction\",\"target\":{\"@type\":\"EntryPoint\",\"urlTemplate\":\"https:\/\/www.sonoraenequipo.com.mx\/?s={search_term_string}\"},\"query-input\":{\"@type\":\"PropertyValueSpecification\",\"valueRequired\":true,\"valueName\":\"search_term_string\"}}],\"inLanguage\":\"es\"},{\"@type\":\"Organization\",\"@id\":\"https:\/\/www.sonoraenequipo.com.mx\/#organization\",\"name\":\"Sonoraenequipo.com.mx\",\"url\":\"https:\/\/www.sonoraenequipo.com.mx\/\",\"logo\":{\"@type\":\"ImageObject\",\"inLanguage\":\"es\",\"@id\":\"https:\/\/www.sonoraenequipo.com.mx\/#\/schema\/logo\/image\/\",\"url\":\"https:\/\/www.sonoraenequipo.com.mx\/storage\/2019\/01\/sonoraenequipo_opt.png\",\"contentUrl\":\"https:\/\/www.sonoraenequipo.com.mx\/storage\/2019\/01\/sonoraenequipo_opt.png\",\"width\":375,\"height\":125,\"caption\":\"Sonoraenequipo.com.mx\"},\"image\":{\"@id\":\"https:\/\/www.sonoraenequipo.com.mx\/#\/schema\/logo\/image\/\"},\"sameAs\":[\"https:\/\/www.facebook.com\/SonoraEE\/\",\"https:\/\/x.com\/sonoraenequipo\",\"https:\/\/www.youtube.com\/channel\/UC338nW-lPEYmJQs4ZABQ1SQ\"]},{\"@type\":\"Person\",\"@id\":\"https:\/\/www.sonoraenequipo.com.mx\/#\/schema\/person\/50102df0fb23a8fa9e8effad8fa81386\",\"name\":\"enequipo\",\"image\":{\"@type\":\"ImageObject\",\"inLanguage\":\"es\",\"@id\":\"https:\/\/www.sonoraenequipo.com.mx\/#\/schema\/person\/image\/\",\"url\":\"https:\/\/secure.gravatar.com\/avatar\/049821681b589dabc0bc20695993ccebb09f5b5d4d790cd9251b97faac7c652b?s=96&d=blank&r=g\",\"contentUrl\":\"https:\/\/secure.gravatar.com\/avatar\/049821681b589dabc0bc20695993ccebb09f5b5d4d790cd9251b97faac7c652b?s=96&d=blank&r=g\",\"caption\":\"enequipo\"},\"sameAs\":[\"https:\/\/www.facebook.com\/SonoraEE\"]}]}<\/script>\n ","yoast_head_json":{"title":"Sonora en Equipo. Rehabilitaci\u00f3n de escuelas previo al regreso a clases propone el \u201cBorrego\u201d G\u00e1ndara LA ELECCION 2024","description":"HERMOSILLO, SONORA,MX.\u2500\u2500 Previo al regreso a clases presenciales para el pr\u00f3ximo ciclo escolar, Ernesto el \u201cBorrego\u201d G\u00e1ndara, anunci\u00f3 una bolsa de 300 En Sonora en Equipo publicamos toda la informaci\u00f3n de Sonora, M\u00e9xico y el Mundo de manera oportuna y busca que la libertad de expresi\u00f3n sea real. Visita nuestro medio informativo publicado desde Hermosillo, Sonora. %","robots":{"index":"index","follow":"follow","max-snippet":"max-snippet:-1","max-image-preview":"max-image-preview:large","max-video-preview":"max-video-preview:-1"},"canonical":"https:\/\/www.sonoraenequipo.com.mx\/rehabilitacion-de-escuelas-previo-al-regreso-a-clases-propone-el-borrego-gandara\/","og_locale":"es_ES","og_type":"article","og_title":"Sonora en Equipo. Rehabilitaci\u00f3n de escuelas previo al regreso a clases propone el \u201cBorrego\u201d G\u00e1ndara LA ELECCION 2024","og_description":"HERMOSILLO, SONORA,MX.\u2500\u2500 Previo al regreso a clases presenciales para el pr\u00f3ximo ciclo escolar, Ernesto el \u201cBorrego\u201d G\u00e1ndara, anunci\u00f3 una bolsa de 300 En Sonora en Equipo publicamos toda la informaci\u00f3n de Sonora, M\u00e9xico y el Mundo de manera oportuna y busca que la libertad de expresi\u00f3n sea real. Visita nuestro medio informativo publicado desde Hermosillo, Sonora. %","og_url":"https:\/\/www.sonoraenequipo.com.mx\/rehabilitacion-de-escuelas-previo-al-regreso-a-clases-propone-el-borrego-gandara\/","og_site_name":"Sonora en Equipo.","article_publisher":"https:\/\/www.facebook.com\/SonoraEE\/","article_author":"https:\/\/www.facebook.com\/SonoraEE","article_published_time":"2021-05-07T04:46:08+00:00","article_modified_time":"2021-05-07T04:47:10+00:00","author":"enequipo","twitter_card":"summary_large_image","twitter_creator":"@sonoraenequipo","twitter_site":"@sonoraenequipo","twitter_misc":{"Escrito por":"enequipo","Tiempo de lectura":"2 minutos"},"schema":{"@context":"https:\/\/schema.org","@graph":[{"@type":"Article","@id":"https:\/\/www.sonoraenequipo.com.mx\/rehabilitacion-de-escuelas-previo-al-regreso-a-clases-propone-el-borrego-gandara\/#article","isPartOf":{"@id":"https:\/\/www.sonoraenequipo.com.mx\/rehabilitacion-de-escuelas-previo-al-regreso-a-clases-propone-el-borrego-gandara\/"},"author":{"name":"enequipo","@id":"https:\/\/www.sonoraenequipo.com.mx\/#\/schema\/person\/50102df0fb23a8fa9e8effad8fa81386"},"headline":"Rehabilitaci\u00f3n de escuelas previo al regreso a clases propone el \u201cBorrego\u201d G\u00e1ndara","datePublished":"2021-05-07T04:46:08+00:00","dateModified":"2021-05-07T04:47:10+00:00","mainEntityOfPage":{"@id":"https:\/\/www.sonoraenequipo.com.mx\/rehabilitacion-de-escuelas-previo-al-regreso-a-clases-propone-el-borrego-gandara\/"},"wordCount":504,"commentCount":0,"publisher":{"@id":"https:\/\/www.sonoraenequipo.com.mx\/#organization"},"keywords":["borregogandara","elecciones","sonora2021"],"articleSection":["LA ELECCION 2024"],"inLanguage":"es","potentialAction":[{"@type":"CommentAction","name":"Comment","target":["https:\/\/www.sonoraenequipo.com.mx\/rehabilitacion-de-escuelas-previo-al-regreso-a-clases-propone-el-borrego-gandara\/#respond"]}]},{"@type":"WebPage","@id":"https:\/\/www.sonoraenequipo.com.mx\/rehabilitacion-de-escuelas-previo-al-regreso-a-clases-propone-el-borrego-gandara\/","url":"https:\/\/www.sonoraenequipo.com.mx\/rehabilitacion-de-escuelas-previo-al-regreso-a-clases-propone-el-borrego-gandara\/","name":"Sonora en Equipo. Rehabilitaci\u00f3n de escuelas previo al regreso a clases propone el \u201cBorrego\u201d G\u00e1ndara LA ELECCION 2024","isPartOf":{"@id":"https:\/\/www.sonoraenequipo.com.mx\/#website"},"datePublished":"2021-05-07T04:46:08+00:00","dateModified":"2021-05-07T04:47:10+00:00","description":"HERMOSILLO, SONORA,MX.\u2500\u2500 Previo al regreso a clases presenciales para el pr\u00f3ximo ciclo escolar, Ernesto el \u201cBorrego\u201d G\u00e1ndara, anunci\u00f3 una bolsa de 300 En Sonora en Equipo publicamos toda la informaci\u00f3n de Sonora, M\u00e9xico y el Mundo de manera oportuna y busca que la libertad de expresi\u00f3n sea real. Visita nuestro medio informativo publicado desde Hermosillo, Sonora. %","breadcrumb":{"@id":"https:\/\/www.sonoraenequipo.com.mx\/rehabilitacion-de-escuelas-previo-al-regreso-a-clases-propone-el-borrego-gandara\/#breadcrumb"},"inLanguage":"es","potentialAction":[{"@type":"ReadAction","target":["https:\/\/www.sonoraenequipo.com.mx\/rehabilitacion-de-escuelas-previo-al-regreso-a-clases-propone-el-borrego-gandara\/"]}]},{"@type":"BreadcrumbList","@id":"https:\/\/www.sonoraenequipo.com.mx\/rehabilitacion-de-escuelas-previo-al-regreso-a-clases-propone-el-borrego-gandara\/#breadcrumb","itemListElement":[{"@type":"ListItem","position":1,"name":"Portada","item":"https:\/\/www.sonoraenequipo.com.mx\/"},{"@type":"ListItem","position":2,"name":"Rehabilitaci\u00f3n de escuelas previo al regreso a clases propone el \u201cBorrego\u201d G\u00e1ndara"}]},{"@type":"WebSite","@id":"https:\/\/www.sonoraenequipo.com.mx\/#website","url":"https:\/\/www.sonoraenequipo.com.mx\/","name":"Sonora en Equipo.","description":"Diario en l\u00ednea con Noticias desde Hermosillo, Sonora","publisher":{"@id":"https:\/\/www.sonoraenequipo.com.mx\/#organization"},"potentialAction":[{"@type":"SearchAction","target":{"@type":"EntryPoint","urlTemplate":"https:\/\/www.sonoraenequipo.com.mx\/?s={search_term_string}"},"query-input":{"@type":"PropertyValueSpecification","valueRequired":true,"valueName":"search_term_string"}}],"inLanguage":"es"},{"@type":"Organization","@id":"https:\/\/www.sonoraenequipo.com.mx\/#organization","name":"Sonoraenequipo.com.mx","url":"https:\/\/www.sonoraenequipo.com.mx\/","logo":{"@type":"ImageObject","inLanguage":"es","@id":"https:\/\/www.sonoraenequipo.com.mx\/#\/schema\/logo\/image\/","url":"https:\/\/www.sonoraenequipo.com.mx\/storage\/2019\/01\/sonoraenequipo_opt.png","contentUrl":"https:\/\/www.sonoraenequipo.com.mx\/storage\/2019\/01\/sonoraenequipo_opt.png","width":375,"height":125,"caption":"Sonoraenequipo.com.mx"},"image":{"@id":"https:\/\/www.sonoraenequipo.com.mx\/#\/schema\/logo\/image\/"},"sameAs":["https:\/\/www.facebook.com\/SonoraEE\/","https:\/\/x.com\/sonoraenequipo","https:\/\/www.youtube.com\/channel\/UC338nW-lPEYmJQs4ZABQ1SQ"]},{"@type":"Person","@id":"https:\/\/www.sonoraenequipo.com.mx\/#\/schema\/person\/50102df0fb23a8fa9e8effad8fa81386","name":"enequipo","image":{"@type":"ImageObject","inLanguage":"es","@id":"https:\/\/www.sonoraenequipo.com.mx\/#\/schema\/person\/image\/","url":"https:\/\/secure.gravatar.com\/avatar\/049821681b589dabc0bc20695993ccebb09f5b5d4d790cd9251b97faac7c652b?s=96&d=blank&r=g","contentUrl":"https:\/\/secure.gravatar.com\/avatar\/049821681b589dabc0bc20695993ccebb09f5b5d4d790cd9251b97faac7c652b?s=96&d=blank&r=g","caption":"enequipo"},"sameAs":["https:\/\/www.facebook.com\/SonoraEE"]}]}},"jetpack_featured_media_url":"","_links":{"self":[{"href":"https:\/\/www.sonoraenequipo.com.mx\/api\/wp\/v2\/posts\/113352","targetHints":{"allow":["GET"]}}],"collection":[{"href":"https:\/\/www.sonoraenequipo.com.mx\/api\/wp\/v2\/posts"}],"about":[{"href":"https:\/\/www.sonoraenequipo.com.mx\/api\/wp\/v2\/types\/post"}],"author":[{"embeddable":true,"href":"https:\/\/www.sonoraenequipo.com.mx\/api\/wp\/v2\/users\/1"}],"replies":[{"embeddable":true,"href":"https:\/\/www.sonoraenequipo.com.mx\/api\/wp\/v2\/comments?post=113352"}],"version-history":[{"count":2,"href":"https:\/\/www.sonoraenequipo.com.mx\/api\/wp\/v2\/posts\/113352\/revisions"}],"predecessor-version":[{"id":113358,"href":"https:\/\/www.sonoraenequipo.com.mx\/api\/wp\/v2\/posts\/113352\/revisions\/113358"}],"wp:attachment":[{"href":"https:\/\/www.sonoraenequipo.com.mx\/api\/wp\/v2\/media?parent=113352"}],"wp:term":[{"taxonomy":"category","embeddable":true,"href":"https:\/\/www.sonoraenequipo.com.mx\/api\/wp\/v2\/categories?post=113352"},{"taxonomy":"post_tag","embeddable":true,"href":"https:\/\/www.sonoraenequipo.com.mx\/api\/wp\/v2\/tags?post=113352"}],"curies":[{"name":"wp","href":"https:\/\/api.w.org\/{rel}","templated":true}]}}