{"id":113359,"date":"2021-05-07T08:50:40","date_gmt":"2021-05-07T15:50:40","guid":{"rendered":"https:\/\/www.sonoraenequipo.com.mx\/?p=113359"},"modified":"2021-05-07T14:10:42","modified_gmt":"2021-05-07T21:10:42","slug":"tepjf-exhorta-a-amlo-a-que-sea-imparcial-de-cara-a-las-elecciones","status":"publish","type":"post","link":"https:\/\/www.sonoraenequipo.com.mx\/tepjf-exhorta-a-amlo-a-que-sea-imparcial-de-cara-a-las-elecciones\/","title":{"rendered":"TEPJF exhorta a AMLO a que sea imparcial de cara a las elecciones"},"content":{"rendered":"<p>CIUDAD DE M\u00c9XICO. MX. \u2014 Luego de que el presidente Andr\u00e9s Manuel L\u00f3pez Obrador sumara tres d\u00edas consecutivos violando la veda electoral, la Sala Regional Especializada del Tribunal Electoral del Poder Judicial de la Federaci\u00f3n (TEPJF) aprob\u00f3 darle un exhorto para que se conduzca con especial cuidado en sus ma\u00f1aneras.<\/p>\n<p>&nbsp;<\/p>\n<p> <\/p>\n<p>&nbsp;<\/p>\n<p>De acuerdo con la informaci\u00f3n de Milenio, se pedir\u00e1 al Ejecutivo Federal que se remita a sus obligaciones constitucionales durante sus conferencias de prensa matutinas<\/p>\n<p>&nbsp;<\/p>\n<p><em>\u201cSe propone exhortar al Poder Ejecutivo Federal, por conducto de su Consejer\u00eda Jur\u00eddica para que durante las campa\u00f1as de los procesos electorales concurrentes en curso y hasta la conclusi\u00f3n de la jornada electoral de 2021, la informaci\u00f3n que se difunda se ajuste a las excepciones constitucionales de propaganda gubernamental\u201c<\/em>, se\u00f1alan.<\/p>\n<p>&nbsp;<\/p>\n<p>&nbsp;<\/p>\n<p>En la reuni\u00f3n, los magistrados analizaron una queja del Partido de la Revoluci\u00f3n Democr\u00e1tica (PRD) con respecto al informe \u201cLos primeros 100 d\u00edas del tercer a\u00f1o de gobierno\u201d, no obstante, s\u00ed acordaron pedirle que sea imparcial y neutral.<\/p>\n<p>&nbsp;<\/p>\n<p>Por otro lado, la Sala rechaz\u00f3 ordenar al Presidente y al vocero, Jes\u00fas Ram\u00edrez Cuevas, la creaci\u00f3n de un protocolo sobre c\u00f3mo se conducir\u00e1n las llamadas ma\u00f1aneras.<\/p>\n<p>&nbsp;<\/p>\n<p>De igual forma, los magistrados se opusieron a eliminar la conferencia del 25 de marzo realizada en Campeche en donde AMLO habl\u00f3 sobre Morena y la mayor\u00eda en el Congreso.<\/p>\n<p>&nbsp;<\/p>\n<p>(Publicada el 07\/05\/2021\/MILENIO)<\/p>\n","protected":false},"excerpt":{"rendered":"<p>CIUDAD DE M\u00c9XICO. MX. \u2014 Luego de que el presidente Andr\u00e9s Manuel L\u00f3pez Obrador sumara&#8230;<\/p>\n","protected":false},"author":1,"featured_media":113378,"comment_status":"open","ping_status":"open","sticky":false,"template":"","format":"standard","meta":{"_monsterinsights_skip_tracking":false,"_monsterinsights_sitenote_active":false,"_monsterinsights_sitenote_note":"","_monsterinsights_sitenote_category":0,"footnotes":""},"categories":[5],"tags":[],"class_list":["post"],"yoast_head":" \n<title>Sonora en Equipo. TEPJF exhorta a AMLO a que sea imparcial de cara a las elecciones Rep\u00fablica<\/title>\n<meta name=\"description\" content=\"CIUDAD DE M\u00c9XICO. MX. \u2014 Luego de que el presidente Andr\u00e9s Manuel L\u00f3pez Obrador sumara tres d\u00edas consecutivos violando la veda electoral, la Sala Regional En Sonora en Equipo publicamos toda la informaci\u00f3n de Sonora, M\u00e9xico y el Mundo de manera oportuna y busca que la libertad de expresi\u00f3n sea real. Visita nuestro medio informativo publicado desde Hermosillo, Sonora. %\" \/>\n<meta name=\"robots\" content=\"index, follow, max-snippet:-1, max-image-preview:large, max-video-preview:-1\" \/>\n<link rel=\"canonical\" href=\"https:\/\/www.sonoraenequipo.com.mx\/tepjf-exhorta-a-amlo-a-que-sea-imparcial-de-cara-a-las-elecciones\/\" \/>\n<meta property=\"og:locale\" content=\"es_ES\" \/>\n<meta property=\"og:type\" content=\"article\" \/>\n<meta property=\"og:title\" content=\"Sonora en Equipo. TEPJF exhorta a AMLO a que sea imparcial de cara a las elecciones Rep\u00fablica\" \/>\n<meta property=\"og:description\" content=\"CIUDAD DE M\u00c9XICO. MX. \u2014 Luego de que el presidente Andr\u00e9s Manuel L\u00f3pez Obrador sumara tres d\u00edas consecutivos violando la veda electoral, la Sala Regional En Sonora en Equipo publicamos toda la informaci\u00f3n de Sonora, M\u00e9xico y el Mundo de manera oportuna y busca que la libertad de expresi\u00f3n sea real. Visita nuestro medio informativo publicado desde Hermosillo, Sonora. %\" \/>\n<meta property=\"og:url\" content=\"https:\/\/www.sonoraenequipo.com.mx\/tepjf-exhorta-a-amlo-a-que-sea-imparcial-de-cara-a-las-elecciones\/\" \/>\n<meta property=\"og:site_name\" content=\"Sonora en Equipo.\" \/>\n<meta property=\"article:publisher\" content=\"https:\/\/www.facebook.com\/SonoraEE\/\" \/>\n<meta property=\"article:author\" content=\"https:\/\/www.facebook.com\/SonoraEE\" \/>\n<meta property=\"article:published_time\" content=\"2021-05-07T15:50:40+00:00\" \/>\n<meta property=\"article:modified_time\" content=\"2021-05-07T21:10:42+00:00\" \/>\n<meta property=\"og:image\" content=\"https:\/\/www.sonoraenequipo.com.mx\/storage\/2021\/05\/lopez-obrador_mananera_opt.jpg\" \/>\n\t<meta property=\"og:image:width\" content=\"891\" \/>\n\t<meta property=\"og:image:height\" content=\"500\" \/>\n\t<meta property=\"og:image:type\" content=\"image\/jpeg\" \/>\n<meta name=\"author\" content=\"enequipo\" \/>\n<meta name=\"twitter:card\" content=\"summary_large_image\" \/>\n<meta name=\"twitter:creator\" content=\"@sonoraenequipo\" \/>\n<meta name=\"twitter:site\" content=\"@sonoraenequipo\" \/>\n<meta name=\"twitter:label1\" content=\"Escrito por\" \/>\n\t<meta name=\"twitter:data1\" content=\"enequipo\" \/>\n\t<meta name=\"twitter:label2\" content=\"Tiempo de lectura\" \/>\n\t<meta name=\"twitter:data2\" content=\"1 minuto\" \/>\n<script type=\"application\/ld+json\" class=\"yoast-schema-graph\">{\"@context\":\"https:\/\/schema.org\",\"@graph\":[{\"@type\":\"Article\",\"@id\":\"https:\/\/www.sonoraenequipo.com.mx\/tepjf-exhorta-a-amlo-a-que-sea-imparcial-de-cara-a-las-elecciones\/#article\",\"isPartOf\":{\"@id\":\"https:\/\/www.sonoraenequipo.com.mx\/tepjf-exhorta-a-amlo-a-que-sea-imparcial-de-cara-a-las-elecciones\/\"},\"author\":{\"name\":\"enequipo\",\"@id\":\"https:\/\/www.sonoraenequipo.com.mx\/#\/schema\/person\/50102df0fb23a8fa9e8effad8fa81386\"},\"headline\":\"TEPJF exhorta a AMLO a que sea imparcial de cara a las elecciones\",\"datePublished\":\"2021-05-07T15:50:40+00:00\",\"dateModified\":\"2021-05-07T21:10:42+00:00\",\"mainEntityOfPage\":{\"@id\":\"https:\/\/www.sonoraenequipo.com.mx\/tepjf-exhorta-a-amlo-a-que-sea-imparcial-de-cara-a-las-elecciones\/\"},\"wordCount\":265,\"commentCount\":0,\"publisher\":{\"@id\":\"https:\/\/www.sonoraenequipo.com.mx\/#organization\"},\"image\":{\"@id\":\"https:\/\/www.sonoraenequipo.com.mx\/tepjf-exhorta-a-amlo-a-que-sea-imparcial-de-cara-a-las-elecciones\/#primaryimage\"},\"thumbnailUrl\":\"https:\/\/www.sonoraenequipo.com.mx\/storage\/2021\/05\/lopez-obrador_mananera_opt.jpg\",\"articleSection\":[\"Rep\u00fablica\"],\"inLanguage\":\"es\",\"potentialAction\":[{\"@type\":\"CommentAction\",\"name\":\"Comment\",\"target\":[\"https:\/\/www.sonoraenequipo.com.mx\/tepjf-exhorta-a-amlo-a-que-sea-imparcial-de-cara-a-las-elecciones\/#respond\"]}]},{\"@type\":\"WebPage\",\"@id\":\"https:\/\/www.sonoraenequipo.com.mx\/tepjf-exhorta-a-amlo-a-que-sea-imparcial-de-cara-a-las-elecciones\/\",\"url\":\"https:\/\/www.sonoraenequipo.com.mx\/tepjf-exhorta-a-amlo-a-que-sea-imparcial-de-cara-a-las-elecciones\/\",\"name\":\"Sonora en Equipo. TEPJF exhorta a AMLO a que sea imparcial de cara a las elecciones Rep\u00fablica\",\"isPartOf\":{\"@id\":\"https:\/\/www.sonoraenequipo.com.mx\/#website\"},\"primaryImageOfPage\":{\"@id\":\"https:\/\/www.sonoraenequipo.com.mx\/tepjf-exhorta-a-amlo-a-que-sea-imparcial-de-cara-a-las-elecciones\/#primaryimage\"},\"image\":{\"@id\":\"https:\/\/www.sonoraenequipo.com.mx\/tepjf-exhorta-a-amlo-a-que-sea-imparcial-de-cara-a-las-elecciones\/#primaryimage\"},\"thumbnailUrl\":\"https:\/\/www.sonoraenequipo.com.mx\/storage\/2021\/05\/lopez-obrador_mananera_opt.jpg\",\"datePublished\":\"2021-05-07T15:50:40+00:00\",\"dateModified\":\"2021-05-07T21:10:42+00:00\",\"description\":\"CIUDAD DE M\u00c9XICO. MX. \u2014 Luego de que el presidente Andr\u00e9s Manuel L\u00f3pez Obrador sumara tres d\u00edas consecutivos violando la veda electoral, la Sala Regional En Sonora en Equipo publicamos toda la informaci\u00f3n de Sonora, M\u00e9xico y el Mundo de manera oportuna y busca que la libertad de expresi\u00f3n sea real. Visita nuestro medio informativo publicado desde Hermosillo, Sonora. %\",\"breadcrumb\":{\"@id\":\"https:\/\/www.sonoraenequipo.com.mx\/tepjf-exhorta-a-amlo-a-que-sea-imparcial-de-cara-a-las-elecciones\/#breadcrumb\"},\"inLanguage\":\"es\",\"potentialAction\":[{\"@type\":\"ReadAction\",\"target\":[\"https:\/\/www.sonoraenequipo.com.mx\/tepjf-exhorta-a-amlo-a-que-sea-imparcial-de-cara-a-las-elecciones\/\"]}]},{\"@type\":\"ImageObject\",\"inLanguage\":\"es\",\"@id\":\"https:\/\/www.sonoraenequipo.com.mx\/tepjf-exhorta-a-amlo-a-que-sea-imparcial-de-cara-a-las-elecciones\/#primaryimage\",\"url\":\"https:\/\/www.sonoraenequipo.com.mx\/storage\/2021\/05\/lopez-obrador_mananera_opt.jpg\",\"contentUrl\":\"https:\/\/www.sonoraenequipo.com.mx\/storage\/2021\/05\/lopez-obrador_mananera_opt.jpg\",\"width\":891,\"height\":500},{\"@type\":\"BreadcrumbList\",\"@id\":\"https:\/\/www.sonoraenequipo.com.mx\/tepjf-exhorta-a-amlo-a-que-sea-imparcial-de-cara-a-las-elecciones\/#breadcrumb\",\"itemListElement\":[{\"@type\":\"ListItem\",\"position\":1,\"name\":\"Portada\",\"item\":\"https:\/\/www.sonoraenequipo.com.mx\/\"},{\"@type\":\"ListItem\",\"position\":2,\"name\":\"TEPJF exhorta a AMLO a que sea imparcial de cara a las elecciones\"}]},{\"@type\":\"WebSite\",\"@id\":\"https:\/\/www.sonoraenequipo.com.mx\/#website\",\"url\":\"https:\/\/www.sonoraenequipo.com.mx\/\",\"name\":\"Sonora en Equipo.\",\"description\":\"Diario en l\u00ednea con Noticias desde Hermosillo, Sonora\",\"publisher\":{\"@id\":\"https:\/\/www.sonoraenequipo.com.mx\/#organization\"},\"potentialAction\":[{\"@type\":\"SearchAction\",\"target\":{\"@type\":\"EntryPoint\",\"urlTemplate\":\"https:\/\/www.sonoraenequipo.com.mx\/?s={search_term_string}\"},\"query-input\":{\"@type\":\"PropertyValueSpecification\",\"valueRequired\":true,\"valueName\":\"search_term_string\"}}],\"inLanguage\":\"es\"},{\"@type\":\"Organization\",\"@id\":\"https:\/\/www.sonoraenequipo.com.mx\/#organization\",\"name\":\"Sonoraenequipo.com.mx\",\"url\":\"https:\/\/www.sonoraenequipo.com.mx\/\",\"logo\":{\"@type\":\"ImageObject\",\"inLanguage\":\"es\",\"@id\":\"https:\/\/www.sonoraenequipo.com.mx\/#\/schema\/logo\/image\/\",\"url\":\"https:\/\/www.sonoraenequipo.com.mx\/storage\/2019\/01\/sonoraenequipo_opt.png\",\"contentUrl\":\"https:\/\/www.sonoraenequipo.com.mx\/storage\/2019\/01\/sonoraenequipo_opt.png\",\"width\":375,\"height\":125,\"caption\":\"Sonoraenequipo.com.mx\"},\"image\":{\"@id\":\"https:\/\/www.sonoraenequipo.com.mx\/#\/schema\/logo\/image\/\"},\"sameAs\":[\"https:\/\/www.facebook.com\/SonoraEE\/\",\"https:\/\/x.com\/sonoraenequipo\",\"https:\/\/www.youtube.com\/channel\/UC338nW-lPEYmJQs4ZABQ1SQ\"]},{\"@type\":\"Person\",\"@id\":\"https:\/\/www.sonoraenequipo.com.mx\/#\/schema\/person\/50102df0fb23a8fa9e8effad8fa81386\",\"name\":\"enequipo\",\"image\":{\"@type\":\"ImageObject\",\"inLanguage\":\"es\",\"@id\":\"https:\/\/www.sonoraenequipo.com.mx\/#\/schema\/person\/image\/\",\"url\":\"https:\/\/secure.gravatar.com\/avatar\/049821681b589dabc0bc20695993ccebb09f5b5d4d790cd9251b97faac7c652b?s=96&d=blank&r=g\",\"contentUrl\":\"https:\/\/secure.gravatar.com\/avatar\/049821681b589dabc0bc20695993ccebb09f5b5d4d790cd9251b97faac7c652b?s=96&d=blank&r=g\",\"caption\":\"enequipo\"},\"sameAs\":[\"https:\/\/www.facebook.com\/SonoraEE\"]}]}<\/script>\n ","yoast_head_json":{"title":"Sonora en Equipo. TEPJF exhorta a AMLO a que sea imparcial de cara a las elecciones Rep\u00fablica","description":"CIUDAD DE M\u00c9XICO. MX. \u2014 Luego de que el presidente Andr\u00e9s Manuel L\u00f3pez Obrador sumara tres d\u00edas consecutivos violando la veda electoral, la Sala Regional En Sonora en Equipo publicamos toda la informaci\u00f3n de Sonora, M\u00e9xico y el Mundo de manera oportuna y busca que la libertad de expresi\u00f3n sea real. Visita nuestro medio informativo publicado desde Hermosillo, Sonora. %","robots":{"index":"index","follow":"follow","max-snippet":"max-snippet:-1","max-image-preview":"max-image-preview:large","max-video-preview":"max-video-preview:-1"},"canonical":"https:\/\/www.sonoraenequipo.com.mx\/tepjf-exhorta-a-amlo-a-que-sea-imparcial-de-cara-a-las-elecciones\/","og_locale":"es_ES","og_type":"article","og_title":"Sonora en Equipo. TEPJF exhorta a AMLO a que sea imparcial de cara a las elecciones Rep\u00fablica","og_description":"CIUDAD DE M\u00c9XICO. MX. \u2014 Luego de que el presidente Andr\u00e9s Manuel L\u00f3pez Obrador sumara tres d\u00edas consecutivos violando la veda electoral, la Sala Regional En Sonora en Equipo publicamos toda la informaci\u00f3n de Sonora, M\u00e9xico y el Mundo de manera oportuna y busca que la libertad de expresi\u00f3n sea real. Visita nuestro medio informativo publicado desde Hermosillo, Sonora. %","og_url":"https:\/\/www.sonoraenequipo.com.mx\/tepjf-exhorta-a-amlo-a-que-sea-imparcial-de-cara-a-las-elecciones\/","og_site_name":"Sonora en Equipo.","article_publisher":"https:\/\/www.facebook.com\/SonoraEE\/","article_author":"https:\/\/www.facebook.com\/SonoraEE","article_published_time":"2021-05-07T15:50:40+00:00","article_modified_time":"2021-05-07T21:10:42+00:00","og_image":[{"width":891,"height":500,"url":"https:\/\/www.sonoraenequipo.com.mx\/storage\/2021\/05\/lopez-obrador_mananera_opt.jpg","type":"image\/jpeg"}],"author":"enequipo","twitter_card":"summary_large_image","twitter_creator":"@sonoraenequipo","twitter_site":"@sonoraenequipo","twitter_misc":{"Escrito por":"enequipo","Tiempo de lectura":"1 minuto"},"schema":{"@context":"https:\/\/schema.org","@graph":[{"@type":"Article","@id":"https:\/\/www.sonoraenequipo.com.mx\/tepjf-exhorta-a-amlo-a-que-sea-imparcial-de-cara-a-las-elecciones\/#article","isPartOf":{"@id":"https:\/\/www.sonoraenequipo.com.mx\/tepjf-exhorta-a-amlo-a-que-sea-imparcial-de-cara-a-las-elecciones\/"},"author":{"name":"enequipo","@id":"https:\/\/www.sonoraenequipo.com.mx\/#\/schema\/person\/50102df0fb23a8fa9e8effad8fa81386"},"headline":"TEPJF exhorta a AMLO a que sea imparcial de cara a las elecciones","datePublished":"2021-05-07T15:50:40+00:00","dateModified":"2021-05-07T21:10:42+00:00","mainEntityOfPage":{"@id":"https:\/\/www.sonoraenequipo.com.mx\/tepjf-exhorta-a-amlo-a-que-sea-imparcial-de-cara-a-las-elecciones\/"},"wordCount":265,"commentCount":0,"publisher":{"@id":"https:\/\/www.sonoraenequipo.com.mx\/#organization"},"image":{"@id":"https:\/\/www.sonoraenequipo.com.mx\/tepjf-exhorta-a-amlo-a-que-sea-imparcial-de-cara-a-las-elecciones\/#primaryimage"},"thumbnailUrl":"https:\/\/www.sonoraenequipo.com.mx\/storage\/2021\/05\/lopez-obrador_mananera_opt.jpg","articleSection":["Rep\u00fablica"],"inLanguage":"es","potentialAction":[{"@type":"CommentAction","name":"Comment","target":["https:\/\/www.sonoraenequipo.com.mx\/tepjf-exhorta-a-amlo-a-que-sea-imparcial-de-cara-a-las-elecciones\/#respond"]}]},{"@type":"WebPage","@id":"https:\/\/www.sonoraenequipo.com.mx\/tepjf-exhorta-a-amlo-a-que-sea-imparcial-de-cara-a-las-elecciones\/","url":"https:\/\/www.sonoraenequipo.com.mx\/tepjf-exhorta-a-amlo-a-que-sea-imparcial-de-cara-a-las-elecciones\/","name":"Sonora en Equipo. TEPJF exhorta a AMLO a que sea imparcial de cara a las elecciones Rep\u00fablica","isPartOf":{"@id":"https:\/\/www.sonoraenequipo.com.mx\/#website"},"primaryImageOfPage":{"@id":"https:\/\/www.sonoraenequipo.com.mx\/tepjf-exhorta-a-amlo-a-que-sea-imparcial-de-cara-a-las-elecciones\/#primaryimage"},"image":{"@id":"https:\/\/www.sonoraenequipo.com.mx\/tepjf-exhorta-a-amlo-a-que-sea-imparcial-de-cara-a-las-elecciones\/#primaryimage"},"thumbnailUrl":"https:\/\/www.sonoraenequipo.com.mx\/storage\/2021\/05\/lopez-obrador_mananera_opt.jpg","datePublished":"2021-05-07T15:50:40+00:00","dateModified":"2021-05-07T21:10:42+00:00","description":"CIUDAD DE M\u00c9XICO. MX. \u2014 Luego de que el presidente Andr\u00e9s Manuel L\u00f3pez Obrador sumara tres d\u00edas consecutivos violando la veda electoral, la Sala Regional En Sonora en Equipo publicamos toda la informaci\u00f3n de Sonora, M\u00e9xico y el Mundo de manera oportuna y busca que la libertad de expresi\u00f3n sea real. Visita nuestro medio informativo publicado desde Hermosillo, Sonora. %","breadcrumb":{"@id":"https:\/\/www.sonoraenequipo.com.mx\/tepjf-exhorta-a-amlo-a-que-sea-imparcial-de-cara-a-las-elecciones\/#breadcrumb"},"inLanguage":"es","potentialAction":[{"@type":"ReadAction","target":["https:\/\/www.sonoraenequipo.com.mx\/tepjf-exhorta-a-amlo-a-que-sea-imparcial-de-cara-a-las-elecciones\/"]}]},{"@type":"ImageObject","inLanguage":"es","@id":"https:\/\/www.sonoraenequipo.com.mx\/tepjf-exhorta-a-amlo-a-que-sea-imparcial-de-cara-a-las-elecciones\/#primaryimage","url":"https:\/\/www.sonoraenequipo.com.mx\/storage\/2021\/05\/lopez-obrador_mananera_opt.jpg","contentUrl":"https:\/\/www.sonoraenequipo.com.mx\/storage\/2021\/05\/lopez-obrador_mananera_opt.jpg","width":891,"height":500},{"@type":"BreadcrumbList","@id":"https:\/\/www.sonoraenequipo.com.mx\/tepjf-exhorta-a-amlo-a-que-sea-imparcial-de-cara-a-las-elecciones\/#breadcrumb","itemListElement":[{"@type":"ListItem","position":1,"name":"Portada","item":"https:\/\/www.sonoraenequipo.com.mx\/"},{"@type":"ListItem","position":2,"name":"TEPJF exhorta a AMLO a que sea imparcial de cara a las elecciones"}]},{"@type":"WebSite","@id":"https:\/\/www.sonoraenequipo.com.mx\/#website","url":"https:\/\/www.sonoraenequipo.com.mx\/","name":"Sonora en Equipo.","description":"Diario en l\u00ednea con Noticias desde Hermosillo, Sonora","publisher":{"@id":"https:\/\/www.sonoraenequipo.com.mx\/#organization"},"potentialAction":[{"@type":"SearchAction","target":{"@type":"EntryPoint","urlTemplate":"https:\/\/www.sonoraenequipo.com.mx\/?s={search_term_string}"},"query-input":{"@type":"PropertyValueSpecification","valueRequired":true,"valueName":"search_term_string"}}],"inLanguage":"es"},{"@type":"Organization","@id":"https:\/\/www.sonoraenequipo.com.mx\/#organization","name":"Sonoraenequipo.com.mx","url":"https:\/\/www.sonoraenequipo.com.mx\/","logo":{"@type":"ImageObject","inLanguage":"es","@id":"https:\/\/www.sonoraenequipo.com.mx\/#\/schema\/logo\/image\/","url":"https:\/\/www.sonoraenequipo.com.mx\/storage\/2019\/01\/sonoraenequipo_opt.png","contentUrl":"https:\/\/www.sonoraenequipo.com.mx\/storage\/2019\/01\/sonoraenequipo_opt.png","width":375,"height":125,"caption":"Sonoraenequipo.com.mx"},"image":{"@id":"https:\/\/www.sonoraenequipo.com.mx\/#\/schema\/logo\/image\/"},"sameAs":["https:\/\/www.facebook.com\/SonoraEE\/","https:\/\/x.com\/sonoraenequipo","https:\/\/www.youtube.com\/channel\/UC338nW-lPEYmJQs4ZABQ1SQ"]},{"@type":"Person","@id":"https:\/\/www.sonoraenequipo.com.mx\/#\/schema\/person\/50102df0fb23a8fa9e8effad8fa81386","name":"enequipo","image":{"@type":"ImageObject","inLanguage":"es","@id":"https:\/\/www.sonoraenequipo.com.mx\/#\/schema\/person\/image\/","url":"https:\/\/secure.gravatar.com\/avatar\/049821681b589dabc0bc20695993ccebb09f5b5d4d790cd9251b97faac7c652b?s=96&d=blank&r=g","contentUrl":"https:\/\/secure.gravatar.com\/avatar\/049821681b589dabc0bc20695993ccebb09f5b5d4d790cd9251b97faac7c652b?s=96&d=blank&r=g","caption":"enequipo"},"sameAs":["https:\/\/www.facebook.com\/SonoraEE"]}]}},"jetpack_featured_media_url":"https:\/\/www.sonoraenequipo.com.mx\/storage\/2021\/05\/lopez-obrador_mananera_opt.jpg","_links":{"self":[{"href":"https:\/\/www.sonoraenequipo.com.mx\/api\/wp\/v2\/posts\/113359","targetHints":{"allow":["GET"]}}],"collection":[{"href":"https:\/\/www.sonoraenequipo.com.mx\/api\/wp\/v2\/posts"}],"about":[{"href":"https:\/\/www.sonoraenequipo.com.mx\/api\/wp\/v2\/types\/post"}],"author":[{"embeddable":true,"href":"https:\/\/www.sonoraenequipo.com.mx\/api\/wp\/v2\/users\/1"}],"replies":[{"embeddable":true,"href":"https:\/\/www.sonoraenequipo.com.mx\/api\/wp\/v2\/comments?post=113359"}],"version-history":[{"count":1,"href":"https:\/\/www.sonoraenequipo.com.mx\/api\/wp\/v2\/posts\/113359\/revisions"}],"predecessor-version":[{"id":113379,"href":"https:\/\/www.sonoraenequipo.com.mx\/api\/wp\/v2\/posts\/113359\/revisions\/113379"}],"wp:featuredmedia":[{"embeddable":true,"href":"https:\/\/www.sonoraenequipo.com.mx\/api\/wp\/v2\/media\/113378"}],"wp:attachment":[{"href":"https:\/\/www.sonoraenequipo.com.mx\/api\/wp\/v2\/media?parent=113359"}],"wp:term":[{"taxonomy":"category","embeddable":true,"href":"https:\/\/www.sonoraenequipo.com.mx\/api\/wp\/v2\/categories?post=113359"},{"taxonomy":"post_tag","embeddable":true,"href":"https:\/\/www.sonoraenequipo.com.mx\/api\/wp\/v2\/tags?post=113359"}],"curies":[{"name":"wp","href":"https:\/\/api.w.org\/{rel}","templated":true}]}}