{"id":113382,"date":"2021-05-07T09:16:06","date_gmt":"2021-05-07T16:16:06","guid":{"rendered":"https:\/\/www.sonoraenequipo.com.mx\/?p=113382"},"modified":"2021-05-07T14:28:07","modified_gmt":"2021-05-07T21:28:07","slug":"relaciones-exteriores-presenta-nota-diplomatica-a-estados-unidos-por-intervencionismo","status":"publish","type":"post","link":"https:\/\/www.sonoraenequipo.com.mx\/relaciones-exteriores-presenta-nota-diplomatica-a-estados-unidos-por-intervencionismo\/","title":{"rendered":"Relaciones exteriores presenta nota diplom\u00e1tica a Estados Unidos por intervenci\u00f3nismo"},"content":{"rendered":"<p>CIUDAD DE M\u00c9XICO.MX. \u2014 El presidente Andr\u00e9s Manuel L\u00f3pez Obrador finalmente cumpli\u00f3 su advertencia de que presentar\u00eda una nota diplom\u00e1tica a Estados Unidos, luego que en el d\u00eda de ayer una periodista le preguntar\u00eda sobre su opini\u00f3n sobre que ese pa\u00eds presuntamente transfiriera entre 2019 y 2020 25.7 millones de pesos a la organizaci\u00f3n <em>\u00abMexicanos Contra la Corrupci\u00f3n y la Impunidad\u00bb.<\/em><\/p>\n<p>&nbsp;<\/p>\n<p> <\/p>\n<p>&nbsp;<\/p>\n<p><em>\u00abSi es cierto lo que t\u00fa planteas, amerita una nota diplom\u00e1tica al gobierno de Estados Unidos y lo har\u00edamos\u00bb,<\/em> fue la respuesta del presidente, quien este viernes anunci\u00f3 que la queja fue presentada ayer mismo por instrucci\u00f3n del canciller Marcelo Ebrard para pedir una explicaci\u00f3n sobre ello.<\/p>\n<p>&nbsp;<\/p>\n<p>&nbsp;<\/p>\n<p><em>\u00abDesde el 2018 est\u00e1n financiando a este grupo. Es algo reprobable que un grupo opositor a nuestro Gobierno, que se ha dedicado a obstaculizar todas las obras que se est\u00e1n llevando a cabo mediante la promoci\u00f3n de amparos, se den estos financiamientos de un Gobierno extranjero\u00bb,<\/em> dijo el presidente, quien exhibi\u00f3 el recibo de una supuesta transferencia a la agrupaci\u00f3n de parte de la Agencia de Desarrollo Internacional de la Embajada de los Estados Unidos de Norteam\u00e9rica.<\/p>\n<p>&nbsp;<\/p>\n<h3><strong>Crecen las cr\u00edticas internacionales a los ataques de AMLO a la prensa<\/strong><\/h3>\n<p>&nbsp;<\/p>\n<p>El presidente ley\u00f3 en la ma\u00f1anera que fue presentada, en la que la Secretar\u00eda de Relaciones Exteriores dice alentar, respetar y alentar la lucha de la sociedad civil, m\u00e1s si se trata de pelear contra la corrupci\u00f3n, pero a\u00f1ade que miembros de dicha organizaci\u00f3n, como Claudio X. Gonz\u00e1lez, <em>\u00abhan sido expl\u00edcitos en su militancia en contra del Gobierno de M\u00e9xico\u00bb.<\/em><\/p>\n<p>&nbsp;<\/p>\n<p>&nbsp;<\/p>\n<p><em>\u00abSobre el particular, solicitamos que esa embajada confirme si se ha apoyado a esta organizaci\u00f3n, y de ser as\u00ed, solicitamos atentamente que la agencia correspondiente considere suspender el apoyo financiero en virtud que proporciona a la organizaci\u00f3n Mexicanos Contra la Corrupci\u00f3n y la Impunidad. Lo anterior en virtud de que el financiamiento a actores pol\u00edticos va en contra de las relaciones de respeto mutuo y no intervenci\u00f3n propias de la relaci\u00f3n entre el Gobierno de la administraci\u00f3n (de nosotros) con la administraci\u00f3n del presidente de Biden\u00bb,<\/em> concluye la nota.<\/p>\n<p>&nbsp;<\/p>\n<p>El presidente dijo que era necesario esta acci\u00f3n porque la Constituci\u00f3n mexicana proh\u00edbe el financiamiento de actores extranjeros, algo que tild\u00f3 de injerencia, intervencionismo y promover el golpismo\u00bb.<\/p>\n<p>&nbsp;<\/p>\n<p><em>\u00abQue PRI y PAN se unan por Claudio X. es una muestra inequ\u00edvoca de su debilidad\u00bb<\/em><\/p>\n<p>&nbsp;<\/p>\n<p>Y enfatiz\u00f3: <em>\u00abNo se puede recibir dinero de otro pa\u00eds para prop\u00f3sitos pol\u00edticos, es traici\u00f3n a la patria\u00bb.<\/em><\/p>\n<p>&nbsp;<\/p>\n<p>Adem\u00e1s, record\u00f3 que el padre de Claudio X, hab\u00eda llegado a decir que si AMLO ganaba en el 2006, <em>\u00abiban a tener que recurrir a lo que se hizo en Chile en 1973 cuando el golpe de Estado\u00bb<\/em>. M\u00e1s adelante volvi\u00f3 a recurrir a la historia al recordar que en el golpe contra Madero <em>\u00abintervino el embajador de Estados Unidos\u00bb.<\/em><\/p>\n<p>&nbsp;<\/p>\n<p>&nbsp;<\/p>\n<p>De todas formas, el presidente descart\u00f3 abordar el asunto en su charla de este viernes con la vice de EU, Kamala Harris, ya que dijo que la llamada girar\u00e1 en torno a la migraci\u00f3n centroamericana y su propuesta de llevar sus programas Sembrando vida y J\u00f3venes construyendo futuro a esa regi\u00f3n.<\/p>\n<p>&nbsp;<\/p>\n<p>&nbsp;<\/p>\n<p>(Publicada el 07\/05\/2021)<\/p>\n","protected":false},"excerpt":{"rendered":"<p>CIUDAD DE M\u00c9XICO.MX. \u2014 El presidente Andr\u00e9s Manuel L\u00f3pez Obrador finalmente cumpli\u00f3 su advertencia de&#8230;<\/p>\n","protected":false},"author":1,"featured_media":113383,"comment_status":"open","ping_status":"open","sticky":false,"template":"","format":"standard","meta":{"_monsterinsights_skip_tracking":false,"_monsterinsights_sitenote_active":false,"_monsterinsights_sitenote_note":"","_monsterinsights_sitenote_category":0,"footnotes":""},"categories":[5],"tags":[],"class_list":["post"],"yoast_head":" \n<title>Sonora en Equipo. Relaciones exteriores presenta nota diplom\u00e1tica a Estados Unidos por intervenci\u00f3nismo Rep\u00fablica<\/title>\n<meta name=\"description\" content=\"CIUDAD DE M\u00c9XICO.MX. \u2014 El presidente Andr\u00e9s Manuel L\u00f3pez Obrador finalmente cumpli\u00f3 su advertencia de que presentar\u00eda una nota diplom\u00e1tica a Estados En Sonora en Equipo publicamos toda la informaci\u00f3n de Sonora, M\u00e9xico y el Mundo de manera oportuna y busca que la libertad de expresi\u00f3n sea real. Visita nuestro medio informativo publicado desde Hermosillo, Sonora. %\" \/>\n<meta name=\"robots\" content=\"index, follow, max-snippet:-1, max-image-preview:large, max-video-preview:-1\" \/>\n<link rel=\"canonical\" href=\"https:\/\/www.sonoraenequipo.com.mx\/relaciones-exteriores-presenta-nota-diplomatica-a-estados-unidos-por-intervencionismo\/\" \/>\n<meta property=\"og:locale\" content=\"es_ES\" \/>\n<meta property=\"og:type\" content=\"article\" \/>\n<meta property=\"og:title\" content=\"Sonora en Equipo. Relaciones exteriores presenta nota diplom\u00e1tica a Estados Unidos por intervenci\u00f3nismo Rep\u00fablica\" \/>\n<meta property=\"og:description\" content=\"CIUDAD DE M\u00c9XICO.MX. \u2014 El presidente Andr\u00e9s Manuel L\u00f3pez Obrador finalmente cumpli\u00f3 su advertencia de que presentar\u00eda una nota diplom\u00e1tica a Estados En Sonora en Equipo publicamos toda la informaci\u00f3n de Sonora, M\u00e9xico y el Mundo de manera oportuna y busca que la libertad de expresi\u00f3n sea real. Visita nuestro medio informativo publicado desde Hermosillo, Sonora. %\" \/>\n<meta property=\"og:url\" content=\"https:\/\/www.sonoraenequipo.com.mx\/relaciones-exteriores-presenta-nota-diplomatica-a-estados-unidos-por-intervencionismo\/\" \/>\n<meta property=\"og:site_name\" content=\"Sonora en Equipo.\" \/>\n<meta property=\"article:publisher\" content=\"https:\/\/www.facebook.com\/SonoraEE\/\" \/>\n<meta property=\"article:author\" content=\"https:\/\/www.facebook.com\/SonoraEE\" \/>\n<meta property=\"article:published_time\" content=\"2021-05-07T16:16:06+00:00\" \/>\n<meta property=\"article:modified_time\" content=\"2021-05-07T21:28:07+00:00\" \/>\n<meta property=\"og:image\" content=\"https:\/\/www.sonoraenequipo.com.mx\/storage\/2021\/05\/070521-lOPEZ-Obrador_opt.jpg\" \/>\n\t<meta property=\"og:image:width\" content=\"682\" \/>\n\t<meta property=\"og:image:height\" content=\"450\" \/>\n\t<meta property=\"og:image:type\" content=\"image\/jpeg\" \/>\n<meta name=\"author\" content=\"enequipo\" \/>\n<meta name=\"twitter:card\" content=\"summary_large_image\" \/>\n<meta name=\"twitter:creator\" content=\"@sonoraenequipo\" \/>\n<meta name=\"twitter:site\" content=\"@sonoraenequipo\" \/>\n<meta name=\"twitter:label1\" content=\"Escrito por\" \/>\n\t<meta name=\"twitter:data1\" content=\"enequipo\" \/>\n\t<meta name=\"twitter:label2\" content=\"Tiempo de lectura\" \/>\n\t<meta name=\"twitter:data2\" content=\"3 minutos\" \/>\n<script type=\"application\/ld+json\" class=\"yoast-schema-graph\">{\"@context\":\"https:\/\/schema.org\",\"@graph\":[{\"@type\":\"Article\",\"@id\":\"https:\/\/www.sonoraenequipo.com.mx\/relaciones-exteriores-presenta-nota-diplomatica-a-estados-unidos-por-intervencionismo\/#article\",\"isPartOf\":{\"@id\":\"https:\/\/www.sonoraenequipo.com.mx\/relaciones-exteriores-presenta-nota-diplomatica-a-estados-unidos-por-intervencionismo\/\"},\"author\":{\"name\":\"enequipo\",\"@id\":\"https:\/\/www.sonoraenequipo.com.mx\/#\/schema\/person\/50102df0fb23a8fa9e8effad8fa81386\"},\"headline\":\"Relaciones exteriores presenta nota diplom\u00e1tica a Estados Unidos por intervenci\u00f3nismo\",\"datePublished\":\"2021-05-07T16:16:06+00:00\",\"dateModified\":\"2021-05-07T21:28:07+00:00\",\"mainEntityOfPage\":{\"@id\":\"https:\/\/www.sonoraenequipo.com.mx\/relaciones-exteriores-presenta-nota-diplomatica-a-estados-unidos-por-intervencionismo\/\"},\"wordCount\":595,\"commentCount\":0,\"publisher\":{\"@id\":\"https:\/\/www.sonoraenequipo.com.mx\/#organization\"},\"image\":{\"@id\":\"https:\/\/www.sonoraenequipo.com.mx\/relaciones-exteriores-presenta-nota-diplomatica-a-estados-unidos-por-intervencionismo\/#primaryimage\"},\"thumbnailUrl\":\"https:\/\/www.sonoraenequipo.com.mx\/storage\/2021\/05\/070521-lOPEZ-Obrador_opt.jpg\",\"articleSection\":[\"Rep\u00fablica\"],\"inLanguage\":\"es\",\"potentialAction\":[{\"@type\":\"CommentAction\",\"name\":\"Comment\",\"target\":[\"https:\/\/www.sonoraenequipo.com.mx\/relaciones-exteriores-presenta-nota-diplomatica-a-estados-unidos-por-intervencionismo\/#respond\"]}]},{\"@type\":\"WebPage\",\"@id\":\"https:\/\/www.sonoraenequipo.com.mx\/relaciones-exteriores-presenta-nota-diplomatica-a-estados-unidos-por-intervencionismo\/\",\"url\":\"https:\/\/www.sonoraenequipo.com.mx\/relaciones-exteriores-presenta-nota-diplomatica-a-estados-unidos-por-intervencionismo\/\",\"name\":\"Sonora en Equipo. Relaciones exteriores presenta nota diplom\u00e1tica a Estados Unidos por intervenci\u00f3nismo Rep\u00fablica\",\"isPartOf\":{\"@id\":\"https:\/\/www.sonoraenequipo.com.mx\/#website\"},\"primaryImageOfPage\":{\"@id\":\"https:\/\/www.sonoraenequipo.com.mx\/relaciones-exteriores-presenta-nota-diplomatica-a-estados-unidos-por-intervencionismo\/#primaryimage\"},\"image\":{\"@id\":\"https:\/\/www.sonoraenequipo.com.mx\/relaciones-exteriores-presenta-nota-diplomatica-a-estados-unidos-por-intervencionismo\/#primaryimage\"},\"thumbnailUrl\":\"https:\/\/www.sonoraenequipo.com.mx\/storage\/2021\/05\/070521-lOPEZ-Obrador_opt.jpg\",\"datePublished\":\"2021-05-07T16:16:06+00:00\",\"dateModified\":\"2021-05-07T21:28:07+00:00\",\"description\":\"CIUDAD DE M\u00c9XICO.MX. \u2014 El presidente Andr\u00e9s Manuel L\u00f3pez Obrador finalmente cumpli\u00f3 su advertencia de que presentar\u00eda una nota diplom\u00e1tica a Estados En Sonora en Equipo publicamos toda la informaci\u00f3n de Sonora, M\u00e9xico y el Mundo de manera oportuna y busca que la libertad de expresi\u00f3n sea real. Visita nuestro medio informativo publicado desde Hermosillo, Sonora. %\",\"breadcrumb\":{\"@id\":\"https:\/\/www.sonoraenequipo.com.mx\/relaciones-exteriores-presenta-nota-diplomatica-a-estados-unidos-por-intervencionismo\/#breadcrumb\"},\"inLanguage\":\"es\",\"potentialAction\":[{\"@type\":\"ReadAction\",\"target\":[\"https:\/\/www.sonoraenequipo.com.mx\/relaciones-exteriores-presenta-nota-diplomatica-a-estados-unidos-por-intervencionismo\/\"]}]},{\"@type\":\"ImageObject\",\"inLanguage\":\"es\",\"@id\":\"https:\/\/www.sonoraenequipo.com.mx\/relaciones-exteriores-presenta-nota-diplomatica-a-estados-unidos-por-intervencionismo\/#primaryimage\",\"url\":\"https:\/\/www.sonoraenequipo.com.mx\/storage\/2021\/05\/070521-lOPEZ-Obrador_opt.jpg\",\"contentUrl\":\"https:\/\/www.sonoraenequipo.com.mx\/storage\/2021\/05\/070521-lOPEZ-Obrador_opt.jpg\",\"width\":682,\"height\":450},{\"@type\":\"BreadcrumbList\",\"@id\":\"https:\/\/www.sonoraenequipo.com.mx\/relaciones-exteriores-presenta-nota-diplomatica-a-estados-unidos-por-intervencionismo\/#breadcrumb\",\"itemListElement\":[{\"@type\":\"ListItem\",\"position\":1,\"name\":\"Portada\",\"item\":\"https:\/\/www.sonoraenequipo.com.mx\/\"},{\"@type\":\"ListItem\",\"position\":2,\"name\":\"Relaciones exteriores presenta nota diplom\u00e1tica a Estados Unidos por intervenci\u00f3nismo\"}]},{\"@type\":\"WebSite\",\"@id\":\"https:\/\/www.sonoraenequipo.com.mx\/#website\",\"url\":\"https:\/\/www.sonoraenequipo.com.mx\/\",\"name\":\"Sonora en Equipo.\",\"description\":\"Diario en l\u00ednea con Noticias desde Hermosillo, Sonora\",\"publisher\":{\"@id\":\"https:\/\/www.sonoraenequipo.com.mx\/#organization\"},\"potentialAction\":[{\"@type\":\"SearchAction\",\"target\":{\"@type\":\"EntryPoint\",\"urlTemplate\":\"https:\/\/www.sonoraenequipo.com.mx\/?s={search_term_string}\"},\"query-input\":{\"@type\":\"PropertyValueSpecification\",\"valueRequired\":true,\"valueName\":\"search_term_string\"}}],\"inLanguage\":\"es\"},{\"@type\":\"Organization\",\"@id\":\"https:\/\/www.sonoraenequipo.com.mx\/#organization\",\"name\":\"Sonoraenequipo.com.mx\",\"url\":\"https:\/\/www.sonoraenequipo.com.mx\/\",\"logo\":{\"@type\":\"ImageObject\",\"inLanguage\":\"es\",\"@id\":\"https:\/\/www.sonoraenequipo.com.mx\/#\/schema\/logo\/image\/\",\"url\":\"https:\/\/www.sonoraenequipo.com.mx\/storage\/2019\/01\/sonoraenequipo_opt.png\",\"contentUrl\":\"https:\/\/www.sonoraenequipo.com.mx\/storage\/2019\/01\/sonoraenequipo_opt.png\",\"width\":375,\"height\":125,\"caption\":\"Sonoraenequipo.com.mx\"},\"image\":{\"@id\":\"https:\/\/www.sonoraenequipo.com.mx\/#\/schema\/logo\/image\/\"},\"sameAs\":[\"https:\/\/www.facebook.com\/SonoraEE\/\",\"https:\/\/x.com\/sonoraenequipo\",\"https:\/\/www.youtube.com\/channel\/UC338nW-lPEYmJQs4ZABQ1SQ\"]},{\"@type\":\"Person\",\"@id\":\"https:\/\/www.sonoraenequipo.com.mx\/#\/schema\/person\/50102df0fb23a8fa9e8effad8fa81386\",\"name\":\"enequipo\",\"image\":{\"@type\":\"ImageObject\",\"inLanguage\":\"es\",\"@id\":\"https:\/\/www.sonoraenequipo.com.mx\/#\/schema\/person\/image\/\",\"url\":\"https:\/\/secure.gravatar.com\/avatar\/049821681b589dabc0bc20695993ccebb09f5b5d4d790cd9251b97faac7c652b?s=96&d=blank&r=g\",\"contentUrl\":\"https:\/\/secure.gravatar.com\/avatar\/049821681b589dabc0bc20695993ccebb09f5b5d4d790cd9251b97faac7c652b?s=96&d=blank&r=g\",\"caption\":\"enequipo\"},\"sameAs\":[\"https:\/\/www.facebook.com\/SonoraEE\"]}]}<\/script>\n ","yoast_head_json":{"title":"Sonora en Equipo. Relaciones exteriores presenta nota diplom\u00e1tica a Estados Unidos por intervenci\u00f3nismo Rep\u00fablica","description":"CIUDAD DE M\u00c9XICO.MX. \u2014 El presidente Andr\u00e9s Manuel L\u00f3pez Obrador finalmente cumpli\u00f3 su advertencia de que presentar\u00eda una nota diplom\u00e1tica a Estados En Sonora en Equipo publicamos toda la informaci\u00f3n de Sonora, M\u00e9xico y el Mundo de manera oportuna y busca que la libertad de expresi\u00f3n sea real. Visita nuestro medio informativo publicado desde Hermosillo, Sonora. %","robots":{"index":"index","follow":"follow","max-snippet":"max-snippet:-1","max-image-preview":"max-image-preview:large","max-video-preview":"max-video-preview:-1"},"canonical":"https:\/\/www.sonoraenequipo.com.mx\/relaciones-exteriores-presenta-nota-diplomatica-a-estados-unidos-por-intervencionismo\/","og_locale":"es_ES","og_type":"article","og_title":"Sonora en Equipo. Relaciones exteriores presenta nota diplom\u00e1tica a Estados Unidos por intervenci\u00f3nismo Rep\u00fablica","og_description":"CIUDAD DE M\u00c9XICO.MX. \u2014 El presidente Andr\u00e9s Manuel L\u00f3pez Obrador finalmente cumpli\u00f3 su advertencia de que presentar\u00eda una nota diplom\u00e1tica a Estados En Sonora en Equipo publicamos toda la informaci\u00f3n de Sonora, M\u00e9xico y el Mundo de manera oportuna y busca que la libertad de expresi\u00f3n sea real. Visita nuestro medio informativo publicado desde Hermosillo, Sonora. %","og_url":"https:\/\/www.sonoraenequipo.com.mx\/relaciones-exteriores-presenta-nota-diplomatica-a-estados-unidos-por-intervencionismo\/","og_site_name":"Sonora en Equipo.","article_publisher":"https:\/\/www.facebook.com\/SonoraEE\/","article_author":"https:\/\/www.facebook.com\/SonoraEE","article_published_time":"2021-05-07T16:16:06+00:00","article_modified_time":"2021-05-07T21:28:07+00:00","og_image":[{"width":682,"height":450,"url":"https:\/\/www.sonoraenequipo.com.mx\/storage\/2021\/05\/070521-lOPEZ-Obrador_opt.jpg","type":"image\/jpeg"}],"author":"enequipo","twitter_card":"summary_large_image","twitter_creator":"@sonoraenequipo","twitter_site":"@sonoraenequipo","twitter_misc":{"Escrito por":"enequipo","Tiempo de lectura":"3 minutos"},"schema":{"@context":"https:\/\/schema.org","@graph":[{"@type":"Article","@id":"https:\/\/www.sonoraenequipo.com.mx\/relaciones-exteriores-presenta-nota-diplomatica-a-estados-unidos-por-intervencionismo\/#article","isPartOf":{"@id":"https:\/\/www.sonoraenequipo.com.mx\/relaciones-exteriores-presenta-nota-diplomatica-a-estados-unidos-por-intervencionismo\/"},"author":{"name":"enequipo","@id":"https:\/\/www.sonoraenequipo.com.mx\/#\/schema\/person\/50102df0fb23a8fa9e8effad8fa81386"},"headline":"Relaciones exteriores presenta nota diplom\u00e1tica a Estados Unidos por intervenci\u00f3nismo","datePublished":"2021-05-07T16:16:06+00:00","dateModified":"2021-05-07T21:28:07+00:00","mainEntityOfPage":{"@id":"https:\/\/www.sonoraenequipo.com.mx\/relaciones-exteriores-presenta-nota-diplomatica-a-estados-unidos-por-intervencionismo\/"},"wordCount":595,"commentCount":0,"publisher":{"@id":"https:\/\/www.sonoraenequipo.com.mx\/#organization"},"image":{"@id":"https:\/\/www.sonoraenequipo.com.mx\/relaciones-exteriores-presenta-nota-diplomatica-a-estados-unidos-por-intervencionismo\/#primaryimage"},"thumbnailUrl":"https:\/\/www.sonoraenequipo.com.mx\/storage\/2021\/05\/070521-lOPEZ-Obrador_opt.jpg","articleSection":["Rep\u00fablica"],"inLanguage":"es","potentialAction":[{"@type":"CommentAction","name":"Comment","target":["https:\/\/www.sonoraenequipo.com.mx\/relaciones-exteriores-presenta-nota-diplomatica-a-estados-unidos-por-intervencionismo\/#respond"]}]},{"@type":"WebPage","@id":"https:\/\/www.sonoraenequipo.com.mx\/relaciones-exteriores-presenta-nota-diplomatica-a-estados-unidos-por-intervencionismo\/","url":"https:\/\/www.sonoraenequipo.com.mx\/relaciones-exteriores-presenta-nota-diplomatica-a-estados-unidos-por-intervencionismo\/","name":"Sonora en Equipo. Relaciones exteriores presenta nota diplom\u00e1tica a Estados Unidos por intervenci\u00f3nismo Rep\u00fablica","isPartOf":{"@id":"https:\/\/www.sonoraenequipo.com.mx\/#website"},"primaryImageOfPage":{"@id":"https:\/\/www.sonoraenequipo.com.mx\/relaciones-exteriores-presenta-nota-diplomatica-a-estados-unidos-por-intervencionismo\/#primaryimage"},"image":{"@id":"https:\/\/www.sonoraenequipo.com.mx\/relaciones-exteriores-presenta-nota-diplomatica-a-estados-unidos-por-intervencionismo\/#primaryimage"},"thumbnailUrl":"https:\/\/www.sonoraenequipo.com.mx\/storage\/2021\/05\/070521-lOPEZ-Obrador_opt.jpg","datePublished":"2021-05-07T16:16:06+00:00","dateModified":"2021-05-07T21:28:07+00:00","description":"CIUDAD DE M\u00c9XICO.MX. \u2014 El presidente Andr\u00e9s Manuel L\u00f3pez Obrador finalmente cumpli\u00f3 su advertencia de que presentar\u00eda una nota diplom\u00e1tica a Estados En Sonora en Equipo publicamos toda la informaci\u00f3n de Sonora, M\u00e9xico y el Mundo de manera oportuna y busca que la libertad de expresi\u00f3n sea real. Visita nuestro medio informativo publicado desde Hermosillo, Sonora. %","breadcrumb":{"@id":"https:\/\/www.sonoraenequipo.com.mx\/relaciones-exteriores-presenta-nota-diplomatica-a-estados-unidos-por-intervencionismo\/#breadcrumb"},"inLanguage":"es","potentialAction":[{"@type":"ReadAction","target":["https:\/\/www.sonoraenequipo.com.mx\/relaciones-exteriores-presenta-nota-diplomatica-a-estados-unidos-por-intervencionismo\/"]}]},{"@type":"ImageObject","inLanguage":"es","@id":"https:\/\/www.sonoraenequipo.com.mx\/relaciones-exteriores-presenta-nota-diplomatica-a-estados-unidos-por-intervencionismo\/#primaryimage","url":"https:\/\/www.sonoraenequipo.com.mx\/storage\/2021\/05\/070521-lOPEZ-Obrador_opt.jpg","contentUrl":"https:\/\/www.sonoraenequipo.com.mx\/storage\/2021\/05\/070521-lOPEZ-Obrador_opt.jpg","width":682,"height":450},{"@type":"BreadcrumbList","@id":"https:\/\/www.sonoraenequipo.com.mx\/relaciones-exteriores-presenta-nota-diplomatica-a-estados-unidos-por-intervencionismo\/#breadcrumb","itemListElement":[{"@type":"ListItem","position":1,"name":"Portada","item":"https:\/\/www.sonoraenequipo.com.mx\/"},{"@type":"ListItem","position":2,"name":"Relaciones exteriores presenta nota diplom\u00e1tica a Estados Unidos por intervenci\u00f3nismo"}]},{"@type":"WebSite","@id":"https:\/\/www.sonoraenequipo.com.mx\/#website","url":"https:\/\/www.sonoraenequipo.com.mx\/","name":"Sonora en Equipo.","description":"Diario en l\u00ednea con Noticias desde Hermosillo, Sonora","publisher":{"@id":"https:\/\/www.sonoraenequipo.com.mx\/#organization"},"potentialAction":[{"@type":"SearchAction","target":{"@type":"EntryPoint","urlTemplate":"https:\/\/www.sonoraenequipo.com.mx\/?s={search_term_string}"},"query-input":{"@type":"PropertyValueSpecification","valueRequired":true,"valueName":"search_term_string"}}],"inLanguage":"es"},{"@type":"Organization","@id":"https:\/\/www.sonoraenequipo.com.mx\/#organization","name":"Sonoraenequipo.com.mx","url":"https:\/\/www.sonoraenequipo.com.mx\/","logo":{"@type":"ImageObject","inLanguage":"es","@id":"https:\/\/www.sonoraenequipo.com.mx\/#\/schema\/logo\/image\/","url":"https:\/\/www.sonoraenequipo.com.mx\/storage\/2019\/01\/sonoraenequipo_opt.png","contentUrl":"https:\/\/www.sonoraenequipo.com.mx\/storage\/2019\/01\/sonoraenequipo_opt.png","width":375,"height":125,"caption":"Sonoraenequipo.com.mx"},"image":{"@id":"https:\/\/www.sonoraenequipo.com.mx\/#\/schema\/logo\/image\/"},"sameAs":["https:\/\/www.facebook.com\/SonoraEE\/","https:\/\/x.com\/sonoraenequipo","https:\/\/www.youtube.com\/channel\/UC338nW-lPEYmJQs4ZABQ1SQ"]},{"@type":"Person","@id":"https:\/\/www.sonoraenequipo.com.mx\/#\/schema\/person\/50102df0fb23a8fa9e8effad8fa81386","name":"enequipo","image":{"@type":"ImageObject","inLanguage":"es","@id":"https:\/\/www.sonoraenequipo.com.mx\/#\/schema\/person\/image\/","url":"https:\/\/secure.gravatar.com\/avatar\/049821681b589dabc0bc20695993ccebb09f5b5d4d790cd9251b97faac7c652b?s=96&d=blank&r=g","contentUrl":"https:\/\/secure.gravatar.com\/avatar\/049821681b589dabc0bc20695993ccebb09f5b5d4d790cd9251b97faac7c652b?s=96&d=blank&r=g","caption":"enequipo"},"sameAs":["https:\/\/www.facebook.com\/SonoraEE"]}]}},"jetpack_featured_media_url":"https:\/\/www.sonoraenequipo.com.mx\/storage\/2021\/05\/070521-lOPEZ-Obrador_opt.jpg","_links":{"self":[{"href":"https:\/\/www.sonoraenequipo.com.mx\/api\/wp\/v2\/posts\/113382","targetHints":{"allow":["GET"]}}],"collection":[{"href":"https:\/\/www.sonoraenequipo.com.mx\/api\/wp\/v2\/posts"}],"about":[{"href":"https:\/\/www.sonoraenequipo.com.mx\/api\/wp\/v2\/types\/post"}],"author":[{"embeddable":true,"href":"https:\/\/www.sonoraenequipo.com.mx\/api\/wp\/v2\/users\/1"}],"replies":[{"embeddable":true,"href":"https:\/\/www.sonoraenequipo.com.mx\/api\/wp\/v2\/comments?post=113382"}],"version-history":[{"count":1,"href":"https:\/\/www.sonoraenequipo.com.mx\/api\/wp\/v2\/posts\/113382\/revisions"}],"predecessor-version":[{"id":113384,"href":"https:\/\/www.sonoraenequipo.com.mx\/api\/wp\/v2\/posts\/113382\/revisions\/113384"}],"wp:featuredmedia":[{"embeddable":true,"href":"https:\/\/www.sonoraenequipo.com.mx\/api\/wp\/v2\/media\/113383"}],"wp:attachment":[{"href":"https:\/\/www.sonoraenequipo.com.mx\/api\/wp\/v2\/media?parent=113382"}],"wp:term":[{"taxonomy":"category","embeddable":true,"href":"https:\/\/www.sonoraenequipo.com.mx\/api\/wp\/v2\/categories?post=113382"},{"taxonomy":"post_tag","embeddable":true,"href":"https:\/\/www.sonoraenequipo.com.mx\/api\/wp\/v2\/tags?post=113382"}],"curies":[{"name":"wp","href":"https:\/\/api.w.org\/{rel}","templated":true}]}}