{"id":113385,"date":"2021-05-07T11:28:18","date_gmt":"2021-05-07T18:28:18","guid":{"rendered":"https:\/\/www.sonoraenequipo.com.mx\/?p=113385"},"modified":"2021-05-07T14:36:15","modified_gmt":"2021-05-07T21:36:15","slug":"la-cdmx-pasa-al-semaforo-amarillo-por-primera-vez-desde-inicio-de-pandemia","status":"publish","type":"post","link":"https:\/\/www.sonoraenequipo.com.mx\/la-cdmx-pasa-al-semaforo-amarillo-por-primera-vez-desde-inicio-de-pandemia\/","title":{"rendered":"La CDMX pasa al sem\u00e1foro amarillo por primera vez desde inicio de pandemia"},"content":{"rendered":"<p>CIUDAD DE M\u00c9XICO. MX. \u2014 El gobierno capitalino inform\u00f3 este viernes que, luego de varias semanas asegurando que estaban muy cerca de abandonar el sem\u00e1foro naranja, finalmente la capital mexicana estar\u00e1 en amarillo desde el pr\u00f3ximo lunes, la primera vez que alcanza ese color epidemiol\u00f3gico, que representa un riesgo de contagio medio.<\/p>\n<p>&nbsp;<\/p>\n<p> <\/p>\n<p>&nbsp;<\/p>\n<p>La Ciudad de M\u00e9xico se manten\u00eda hace dos meses en sem\u00e1foro naranja, luego de haber regresado al rojo a mediados de diciembre hasta mediados del mes de febrero, cuando rigi\u00f3 un confinamiento duro.<\/p>\n<p>&nbsp;<\/p>\n<p><em>\u00abPor primera vez durante toda la pandemia pasamos a sem\u00e1foro amarillo, derivado de las mejor\u00edas continuas desde la segunda semana de enero a la fecha. De acuerdo al sem\u00e1foro del Gobierno de M\u00e9xico se nos notific\u00f3 que ya cumplimos las condiciones para pasar al amarillo\u00bb ,<\/em> explic\u00f3 Eduardo Clark Garc\u00eda, director general de Gobierno Digital de la Agencia Digital de Innovaci\u00f3n P\u00fablica.<\/p>\n<p>&nbsp;<\/p>\n<p>Seg\u00fan precis\u00f3, las ocupaciones hospitalarias pasaron en la \u00faltima semana de 1,681 personas ingresadas a 1,404, mientras que en la Zona Metropolitana del Valle de M\u00e9xico pasaron de 2,188 a 1,806.<\/p>\n<p>&nbsp;<\/p>\n<p><em>\u00abContin\u00faan las mejor\u00edas en la \u00faltima semana. Tenemos una ocupaci\u00f3n hospitalaria general del 16.5%, tambi\u00e9n es la m\u00e1s baja que se ha registrado durante toda la pandemia\u00bb<\/em>, explic\u00f3.<\/p>\n<p>&nbsp;<\/p>\n<p>Debido al avance en el sem\u00e1foro, el funcionario anunci\u00f3 el aliviamiento de numerosas restricciones, pese a que limitantes como el porcentaje de aforo todav\u00eda permanecen.<\/p>\n<p>&nbsp;<\/p>\n<h3>\nLos cines podr\u00e1n aumentar su aforo desde este lunes.<\/h3>\n<p>&nbsp;<\/p>\n<p>Por ejemplo, Clark precis\u00ed que a partir de este lunes, los bancos podr\u00e1n operar sin restricciones de horarios, mientras que comercios con aforo y cines tradicionales podr\u00e1n hacerlo al 40% de su capacidad, mientras que en las salas de cine VIP esa cifra llega al 60%.<\/p>\n<p>&nbsp;<\/p>\n<p>En tanto, desde el mi\u00e9rcoles los eventos deportivos podr\u00e1n operar al aire libre al 25%, mientras que casinos, parques de diversiones y billares pueden estar abiertos hasta las 22 horas.<\/p>\n<p>&nbsp;<\/p>\n<p>Adem\u00e1s, las salas de entretenimiento con una capacidad m\u00e1xima de 1,500 personas podr\u00e1n reiniciar actividades con un aforo del 30%.<\/p>\n<p>&nbsp;<\/p>\n<p>&nbsp;<\/p>\n<p>(Publicada el 07\/05\/2021)<\/p>\n","protected":false},"excerpt":{"rendered":"<p>CIUDAD DE M\u00c9XICO. MX. \u2014 El gobierno capitalino inform\u00f3 este viernes que, luego de varias&#8230;<\/p>\n","protected":false},"author":1,"featured_media":113386,"comment_status":"open","ping_status":"open","sticky":false,"template":"","format":"standard","meta":{"_monsterinsights_skip_tracking":false,"_monsterinsights_sitenote_active":false,"_monsterinsights_sitenote_note":"","_monsterinsights_sitenote_category":0,"footnotes":""},"categories":[5],"tags":[],"class_list":["post"],"yoast_head":" \n<title>Sonora en Equipo. La CDMX pasa al sem\u00e1foro amarillo por primera vez desde inicio de pandemia Rep\u00fablica<\/title>\n<meta name=\"description\" content=\"CIUDAD DE M\u00c9XICO. MX. \u2014 El gobierno capitalino inform\u00f3 este viernes que, luego de varias semanas asegurando que estaban muy cerca de abandonar el sem\u00e1foro En Sonora en Equipo publicamos toda la informaci\u00f3n de Sonora, M\u00e9xico y el Mundo de manera oportuna y busca que la libertad de expresi\u00f3n sea real. Visita nuestro medio informativo publicado desde Hermosillo, Sonora. %\" \/>\n<meta name=\"robots\" content=\"index, follow, max-snippet:-1, max-image-preview:large, max-video-preview:-1\" \/>\n<link rel=\"canonical\" href=\"https:\/\/www.sonoraenequipo.com.mx\/la-cdmx-pasa-al-semaforo-amarillo-por-primera-vez-desde-inicio-de-pandemia\/\" \/>\n<meta property=\"og:locale\" content=\"es_ES\" \/>\n<meta property=\"og:type\" content=\"article\" \/>\n<meta property=\"og:title\" content=\"Sonora en Equipo. La CDMX pasa al sem\u00e1foro amarillo por primera vez desde inicio de pandemia Rep\u00fablica\" \/>\n<meta property=\"og:description\" content=\"CIUDAD DE M\u00c9XICO. MX. \u2014 El gobierno capitalino inform\u00f3 este viernes que, luego de varias semanas asegurando que estaban muy cerca de abandonar el sem\u00e1foro En Sonora en Equipo publicamos toda la informaci\u00f3n de Sonora, M\u00e9xico y el Mundo de manera oportuna y busca que la libertad de expresi\u00f3n sea real. Visita nuestro medio informativo publicado desde Hermosillo, Sonora. %\" \/>\n<meta property=\"og:url\" content=\"https:\/\/www.sonoraenequipo.com.mx\/la-cdmx-pasa-al-semaforo-amarillo-por-primera-vez-desde-inicio-de-pandemia\/\" \/>\n<meta property=\"og:site_name\" content=\"Sonora en Equipo.\" \/>\n<meta property=\"article:publisher\" content=\"https:\/\/www.facebook.com\/SonoraEE\/\" \/>\n<meta property=\"article:author\" content=\"https:\/\/www.facebook.com\/SonoraEE\" \/>\n<meta property=\"article:published_time\" content=\"2021-05-07T18:28:18+00:00\" \/>\n<meta property=\"article:modified_time\" content=\"2021-05-07T21:36:15+00:00\" \/>\n<meta property=\"og:image\" content=\"https:\/\/www.sonoraenequipo.com.mx\/storage\/2021\/05\/CDMX-pasa-a-semaforo-amarillo_opt.jpg\" \/>\n\t<meta property=\"og:image:width\" content=\"900\" \/>\n\t<meta property=\"og:image:height\" content=\"450\" \/>\n\t<meta property=\"og:image:type\" content=\"image\/jpeg\" \/>\n<meta name=\"author\" content=\"enequipo\" \/>\n<meta name=\"twitter:card\" content=\"summary_large_image\" \/>\n<meta name=\"twitter:creator\" content=\"@sonoraenequipo\" \/>\n<meta name=\"twitter:site\" content=\"@sonoraenequipo\" \/>\n<meta name=\"twitter:label1\" content=\"Escrito por\" \/>\n\t<meta name=\"twitter:data1\" content=\"enequipo\" \/>\n\t<meta name=\"twitter:label2\" content=\"Tiempo de lectura\" \/>\n\t<meta name=\"twitter:data2\" content=\"2 minutos\" \/>\n<script type=\"application\/ld+json\" class=\"yoast-schema-graph\">{\"@context\":\"https:\/\/schema.org\",\"@graph\":[{\"@type\":\"Article\",\"@id\":\"https:\/\/www.sonoraenequipo.com.mx\/la-cdmx-pasa-al-semaforo-amarillo-por-primera-vez-desde-inicio-de-pandemia\/#article\",\"isPartOf\":{\"@id\":\"https:\/\/www.sonoraenequipo.com.mx\/la-cdmx-pasa-al-semaforo-amarillo-por-primera-vez-desde-inicio-de-pandemia\/\"},\"author\":{\"name\":\"enequipo\",\"@id\":\"https:\/\/www.sonoraenequipo.com.mx\/#\/schema\/person\/50102df0fb23a8fa9e8effad8fa81386\"},\"headline\":\"La CDMX pasa al sem\u00e1foro amarillo por primera vez desde inicio de pandemia\",\"datePublished\":\"2021-05-07T18:28:18+00:00\",\"dateModified\":\"2021-05-07T21:36:15+00:00\",\"mainEntityOfPage\":{\"@id\":\"https:\/\/www.sonoraenequipo.com.mx\/la-cdmx-pasa-al-semaforo-amarillo-por-primera-vez-desde-inicio-de-pandemia\/\"},\"wordCount\":382,\"commentCount\":0,\"publisher\":{\"@id\":\"https:\/\/www.sonoraenequipo.com.mx\/#organization\"},\"image\":{\"@id\":\"https:\/\/www.sonoraenequipo.com.mx\/la-cdmx-pasa-al-semaforo-amarillo-por-primera-vez-desde-inicio-de-pandemia\/#primaryimage\"},\"thumbnailUrl\":\"https:\/\/www.sonoraenequipo.com.mx\/storage\/2021\/05\/CDMX-pasa-a-semaforo-amarillo_opt.jpg\",\"articleSection\":[\"Rep\u00fablica\"],\"inLanguage\":\"es\",\"potentialAction\":[{\"@type\":\"CommentAction\",\"name\":\"Comment\",\"target\":[\"https:\/\/www.sonoraenequipo.com.mx\/la-cdmx-pasa-al-semaforo-amarillo-por-primera-vez-desde-inicio-de-pandemia\/#respond\"]}]},{\"@type\":\"WebPage\",\"@id\":\"https:\/\/www.sonoraenequipo.com.mx\/la-cdmx-pasa-al-semaforo-amarillo-por-primera-vez-desde-inicio-de-pandemia\/\",\"url\":\"https:\/\/www.sonoraenequipo.com.mx\/la-cdmx-pasa-al-semaforo-amarillo-por-primera-vez-desde-inicio-de-pandemia\/\",\"name\":\"Sonora en Equipo. La CDMX pasa al sem\u00e1foro amarillo por primera vez desde inicio de pandemia Rep\u00fablica\",\"isPartOf\":{\"@id\":\"https:\/\/www.sonoraenequipo.com.mx\/#website\"},\"primaryImageOfPage\":{\"@id\":\"https:\/\/www.sonoraenequipo.com.mx\/la-cdmx-pasa-al-semaforo-amarillo-por-primera-vez-desde-inicio-de-pandemia\/#primaryimage\"},\"image\":{\"@id\":\"https:\/\/www.sonoraenequipo.com.mx\/la-cdmx-pasa-al-semaforo-amarillo-por-primera-vez-desde-inicio-de-pandemia\/#primaryimage\"},\"thumbnailUrl\":\"https:\/\/www.sonoraenequipo.com.mx\/storage\/2021\/05\/CDMX-pasa-a-semaforo-amarillo_opt.jpg\",\"datePublished\":\"2021-05-07T18:28:18+00:00\",\"dateModified\":\"2021-05-07T21:36:15+00:00\",\"description\":\"CIUDAD DE M\u00c9XICO. MX. \u2014 El gobierno capitalino inform\u00f3 este viernes que, luego de varias semanas asegurando que estaban muy cerca de abandonar el sem\u00e1foro En Sonora en Equipo publicamos toda la informaci\u00f3n de Sonora, M\u00e9xico y el Mundo de manera oportuna y busca que la libertad de expresi\u00f3n sea real. Visita nuestro medio informativo publicado desde Hermosillo, Sonora. %\",\"breadcrumb\":{\"@id\":\"https:\/\/www.sonoraenequipo.com.mx\/la-cdmx-pasa-al-semaforo-amarillo-por-primera-vez-desde-inicio-de-pandemia\/#breadcrumb\"},\"inLanguage\":\"es\",\"potentialAction\":[{\"@type\":\"ReadAction\",\"target\":[\"https:\/\/www.sonoraenequipo.com.mx\/la-cdmx-pasa-al-semaforo-amarillo-por-primera-vez-desde-inicio-de-pandemia\/\"]}]},{\"@type\":\"ImageObject\",\"inLanguage\":\"es\",\"@id\":\"https:\/\/www.sonoraenequipo.com.mx\/la-cdmx-pasa-al-semaforo-amarillo-por-primera-vez-desde-inicio-de-pandemia\/#primaryimage\",\"url\":\"https:\/\/www.sonoraenequipo.com.mx\/storage\/2021\/05\/CDMX-pasa-a-semaforo-amarillo_opt.jpg\",\"contentUrl\":\"https:\/\/www.sonoraenequipo.com.mx\/storage\/2021\/05\/CDMX-pasa-a-semaforo-amarillo_opt.jpg\",\"width\":900,\"height\":450},{\"@type\":\"BreadcrumbList\",\"@id\":\"https:\/\/www.sonoraenequipo.com.mx\/la-cdmx-pasa-al-semaforo-amarillo-por-primera-vez-desde-inicio-de-pandemia\/#breadcrumb\",\"itemListElement\":[{\"@type\":\"ListItem\",\"position\":1,\"name\":\"Portada\",\"item\":\"https:\/\/www.sonoraenequipo.com.mx\/\"},{\"@type\":\"ListItem\",\"position\":2,\"name\":\"La CDMX pasa al sem\u00e1foro amarillo por primera vez desde inicio de pandemia\"}]},{\"@type\":\"WebSite\",\"@id\":\"https:\/\/www.sonoraenequipo.com.mx\/#website\",\"url\":\"https:\/\/www.sonoraenequipo.com.mx\/\",\"name\":\"Sonora en Equipo.\",\"description\":\"Diario en l\u00ednea con Noticias desde Hermosillo, Sonora\",\"publisher\":{\"@id\":\"https:\/\/www.sonoraenequipo.com.mx\/#organization\"},\"potentialAction\":[{\"@type\":\"SearchAction\",\"target\":{\"@type\":\"EntryPoint\",\"urlTemplate\":\"https:\/\/www.sonoraenequipo.com.mx\/?s={search_term_string}\"},\"query-input\":{\"@type\":\"PropertyValueSpecification\",\"valueRequired\":true,\"valueName\":\"search_term_string\"}}],\"inLanguage\":\"es\"},{\"@type\":\"Organization\",\"@id\":\"https:\/\/www.sonoraenequipo.com.mx\/#organization\",\"name\":\"Sonoraenequipo.com.mx\",\"url\":\"https:\/\/www.sonoraenequipo.com.mx\/\",\"logo\":{\"@type\":\"ImageObject\",\"inLanguage\":\"es\",\"@id\":\"https:\/\/www.sonoraenequipo.com.mx\/#\/schema\/logo\/image\/\",\"url\":\"https:\/\/www.sonoraenequipo.com.mx\/storage\/2019\/01\/sonoraenequipo_opt.png\",\"contentUrl\":\"https:\/\/www.sonoraenequipo.com.mx\/storage\/2019\/01\/sonoraenequipo_opt.png\",\"width\":375,\"height\":125,\"caption\":\"Sonoraenequipo.com.mx\"},\"image\":{\"@id\":\"https:\/\/www.sonoraenequipo.com.mx\/#\/schema\/logo\/image\/\"},\"sameAs\":[\"https:\/\/www.facebook.com\/SonoraEE\/\",\"https:\/\/x.com\/sonoraenequipo\",\"https:\/\/www.youtube.com\/channel\/UC338nW-lPEYmJQs4ZABQ1SQ\"]},{\"@type\":\"Person\",\"@id\":\"https:\/\/www.sonoraenequipo.com.mx\/#\/schema\/person\/50102df0fb23a8fa9e8effad8fa81386\",\"name\":\"enequipo\",\"image\":{\"@type\":\"ImageObject\",\"inLanguage\":\"es\",\"@id\":\"https:\/\/www.sonoraenequipo.com.mx\/#\/schema\/person\/image\/\",\"url\":\"https:\/\/secure.gravatar.com\/avatar\/049821681b589dabc0bc20695993ccebb09f5b5d4d790cd9251b97faac7c652b?s=96&d=blank&r=g\",\"contentUrl\":\"https:\/\/secure.gravatar.com\/avatar\/049821681b589dabc0bc20695993ccebb09f5b5d4d790cd9251b97faac7c652b?s=96&d=blank&r=g\",\"caption\":\"enequipo\"},\"sameAs\":[\"https:\/\/www.facebook.com\/SonoraEE\"]}]}<\/script>\n ","yoast_head_json":{"title":"Sonora en Equipo. La CDMX pasa al sem\u00e1foro amarillo por primera vez desde inicio de pandemia Rep\u00fablica","description":"CIUDAD DE M\u00c9XICO. MX. \u2014 El gobierno capitalino inform\u00f3 este viernes que, luego de varias semanas asegurando que estaban muy cerca de abandonar el sem\u00e1foro En Sonora en Equipo publicamos toda la informaci\u00f3n de Sonora, M\u00e9xico y el Mundo de manera oportuna y busca que la libertad de expresi\u00f3n sea real. Visita nuestro medio informativo publicado desde Hermosillo, Sonora. %","robots":{"index":"index","follow":"follow","max-snippet":"max-snippet:-1","max-image-preview":"max-image-preview:large","max-video-preview":"max-video-preview:-1"},"canonical":"https:\/\/www.sonoraenequipo.com.mx\/la-cdmx-pasa-al-semaforo-amarillo-por-primera-vez-desde-inicio-de-pandemia\/","og_locale":"es_ES","og_type":"article","og_title":"Sonora en Equipo. La CDMX pasa al sem\u00e1foro amarillo por primera vez desde inicio de pandemia Rep\u00fablica","og_description":"CIUDAD DE M\u00c9XICO. MX. \u2014 El gobierno capitalino inform\u00f3 este viernes que, luego de varias semanas asegurando que estaban muy cerca de abandonar el sem\u00e1foro En Sonora en Equipo publicamos toda la informaci\u00f3n de Sonora, M\u00e9xico y el Mundo de manera oportuna y busca que la libertad de expresi\u00f3n sea real. Visita nuestro medio informativo publicado desde Hermosillo, Sonora. %","og_url":"https:\/\/www.sonoraenequipo.com.mx\/la-cdmx-pasa-al-semaforo-amarillo-por-primera-vez-desde-inicio-de-pandemia\/","og_site_name":"Sonora en Equipo.","article_publisher":"https:\/\/www.facebook.com\/SonoraEE\/","article_author":"https:\/\/www.facebook.com\/SonoraEE","article_published_time":"2021-05-07T18:28:18+00:00","article_modified_time":"2021-05-07T21:36:15+00:00","og_image":[{"width":900,"height":450,"url":"https:\/\/www.sonoraenequipo.com.mx\/storage\/2021\/05\/CDMX-pasa-a-semaforo-amarillo_opt.jpg","type":"image\/jpeg"}],"author":"enequipo","twitter_card":"summary_large_image","twitter_creator":"@sonoraenequipo","twitter_site":"@sonoraenequipo","twitter_misc":{"Escrito por":"enequipo","Tiempo de lectura":"2 minutos"},"schema":{"@context":"https:\/\/schema.org","@graph":[{"@type":"Article","@id":"https:\/\/www.sonoraenequipo.com.mx\/la-cdmx-pasa-al-semaforo-amarillo-por-primera-vez-desde-inicio-de-pandemia\/#article","isPartOf":{"@id":"https:\/\/www.sonoraenequipo.com.mx\/la-cdmx-pasa-al-semaforo-amarillo-por-primera-vez-desde-inicio-de-pandemia\/"},"author":{"name":"enequipo","@id":"https:\/\/www.sonoraenequipo.com.mx\/#\/schema\/person\/50102df0fb23a8fa9e8effad8fa81386"},"headline":"La CDMX pasa al sem\u00e1foro amarillo por primera vez desde inicio de pandemia","datePublished":"2021-05-07T18:28:18+00:00","dateModified":"2021-05-07T21:36:15+00:00","mainEntityOfPage":{"@id":"https:\/\/www.sonoraenequipo.com.mx\/la-cdmx-pasa-al-semaforo-amarillo-por-primera-vez-desde-inicio-de-pandemia\/"},"wordCount":382,"commentCount":0,"publisher":{"@id":"https:\/\/www.sonoraenequipo.com.mx\/#organization"},"image":{"@id":"https:\/\/www.sonoraenequipo.com.mx\/la-cdmx-pasa-al-semaforo-amarillo-por-primera-vez-desde-inicio-de-pandemia\/#primaryimage"},"thumbnailUrl":"https:\/\/www.sonoraenequipo.com.mx\/storage\/2021\/05\/CDMX-pasa-a-semaforo-amarillo_opt.jpg","articleSection":["Rep\u00fablica"],"inLanguage":"es","potentialAction":[{"@type":"CommentAction","name":"Comment","target":["https:\/\/www.sonoraenequipo.com.mx\/la-cdmx-pasa-al-semaforo-amarillo-por-primera-vez-desde-inicio-de-pandemia\/#respond"]}]},{"@type":"WebPage","@id":"https:\/\/www.sonoraenequipo.com.mx\/la-cdmx-pasa-al-semaforo-amarillo-por-primera-vez-desde-inicio-de-pandemia\/","url":"https:\/\/www.sonoraenequipo.com.mx\/la-cdmx-pasa-al-semaforo-amarillo-por-primera-vez-desde-inicio-de-pandemia\/","name":"Sonora en Equipo. La CDMX pasa al sem\u00e1foro amarillo por primera vez desde inicio de pandemia Rep\u00fablica","isPartOf":{"@id":"https:\/\/www.sonoraenequipo.com.mx\/#website"},"primaryImageOfPage":{"@id":"https:\/\/www.sonoraenequipo.com.mx\/la-cdmx-pasa-al-semaforo-amarillo-por-primera-vez-desde-inicio-de-pandemia\/#primaryimage"},"image":{"@id":"https:\/\/www.sonoraenequipo.com.mx\/la-cdmx-pasa-al-semaforo-amarillo-por-primera-vez-desde-inicio-de-pandemia\/#primaryimage"},"thumbnailUrl":"https:\/\/www.sonoraenequipo.com.mx\/storage\/2021\/05\/CDMX-pasa-a-semaforo-amarillo_opt.jpg","datePublished":"2021-05-07T18:28:18+00:00","dateModified":"2021-05-07T21:36:15+00:00","description":"CIUDAD DE M\u00c9XICO. MX. \u2014 El gobierno capitalino inform\u00f3 este viernes que, luego de varias semanas asegurando que estaban muy cerca de abandonar el sem\u00e1foro En Sonora en Equipo publicamos toda la informaci\u00f3n de Sonora, M\u00e9xico y el Mundo de manera oportuna y busca que la libertad de expresi\u00f3n sea real. Visita nuestro medio informativo publicado desde Hermosillo, Sonora. %","breadcrumb":{"@id":"https:\/\/www.sonoraenequipo.com.mx\/la-cdmx-pasa-al-semaforo-amarillo-por-primera-vez-desde-inicio-de-pandemia\/#breadcrumb"},"inLanguage":"es","potentialAction":[{"@type":"ReadAction","target":["https:\/\/www.sonoraenequipo.com.mx\/la-cdmx-pasa-al-semaforo-amarillo-por-primera-vez-desde-inicio-de-pandemia\/"]}]},{"@type":"ImageObject","inLanguage":"es","@id":"https:\/\/www.sonoraenequipo.com.mx\/la-cdmx-pasa-al-semaforo-amarillo-por-primera-vez-desde-inicio-de-pandemia\/#primaryimage","url":"https:\/\/www.sonoraenequipo.com.mx\/storage\/2021\/05\/CDMX-pasa-a-semaforo-amarillo_opt.jpg","contentUrl":"https:\/\/www.sonoraenequipo.com.mx\/storage\/2021\/05\/CDMX-pasa-a-semaforo-amarillo_opt.jpg","width":900,"height":450},{"@type":"BreadcrumbList","@id":"https:\/\/www.sonoraenequipo.com.mx\/la-cdmx-pasa-al-semaforo-amarillo-por-primera-vez-desde-inicio-de-pandemia\/#breadcrumb","itemListElement":[{"@type":"ListItem","position":1,"name":"Portada","item":"https:\/\/www.sonoraenequipo.com.mx\/"},{"@type":"ListItem","position":2,"name":"La CDMX pasa al sem\u00e1foro amarillo por primera vez desde inicio de pandemia"}]},{"@type":"WebSite","@id":"https:\/\/www.sonoraenequipo.com.mx\/#website","url":"https:\/\/www.sonoraenequipo.com.mx\/","name":"Sonora en Equipo.","description":"Diario en l\u00ednea con Noticias desde Hermosillo, Sonora","publisher":{"@id":"https:\/\/www.sonoraenequipo.com.mx\/#organization"},"potentialAction":[{"@type":"SearchAction","target":{"@type":"EntryPoint","urlTemplate":"https:\/\/www.sonoraenequipo.com.mx\/?s={search_term_string}"},"query-input":{"@type":"PropertyValueSpecification","valueRequired":true,"valueName":"search_term_string"}}],"inLanguage":"es"},{"@type":"Organization","@id":"https:\/\/www.sonoraenequipo.com.mx\/#organization","name":"Sonoraenequipo.com.mx","url":"https:\/\/www.sonoraenequipo.com.mx\/","logo":{"@type":"ImageObject","inLanguage":"es","@id":"https:\/\/www.sonoraenequipo.com.mx\/#\/schema\/logo\/image\/","url":"https:\/\/www.sonoraenequipo.com.mx\/storage\/2019\/01\/sonoraenequipo_opt.png","contentUrl":"https:\/\/www.sonoraenequipo.com.mx\/storage\/2019\/01\/sonoraenequipo_opt.png","width":375,"height":125,"caption":"Sonoraenequipo.com.mx"},"image":{"@id":"https:\/\/www.sonoraenequipo.com.mx\/#\/schema\/logo\/image\/"},"sameAs":["https:\/\/www.facebook.com\/SonoraEE\/","https:\/\/x.com\/sonoraenequipo","https:\/\/www.youtube.com\/channel\/UC338nW-lPEYmJQs4ZABQ1SQ"]},{"@type":"Person","@id":"https:\/\/www.sonoraenequipo.com.mx\/#\/schema\/person\/50102df0fb23a8fa9e8effad8fa81386","name":"enequipo","image":{"@type":"ImageObject","inLanguage":"es","@id":"https:\/\/www.sonoraenequipo.com.mx\/#\/schema\/person\/image\/","url":"https:\/\/secure.gravatar.com\/avatar\/049821681b589dabc0bc20695993ccebb09f5b5d4d790cd9251b97faac7c652b?s=96&d=blank&r=g","contentUrl":"https:\/\/secure.gravatar.com\/avatar\/049821681b589dabc0bc20695993ccebb09f5b5d4d790cd9251b97faac7c652b?s=96&d=blank&r=g","caption":"enequipo"},"sameAs":["https:\/\/www.facebook.com\/SonoraEE"]}]}},"jetpack_featured_media_url":"https:\/\/www.sonoraenequipo.com.mx\/storage\/2021\/05\/CDMX-pasa-a-semaforo-amarillo_opt.jpg","_links":{"self":[{"href":"https:\/\/www.sonoraenequipo.com.mx\/api\/wp\/v2\/posts\/113385","targetHints":{"allow":["GET"]}}],"collection":[{"href":"https:\/\/www.sonoraenequipo.com.mx\/api\/wp\/v2\/posts"}],"about":[{"href":"https:\/\/www.sonoraenequipo.com.mx\/api\/wp\/v2\/types\/post"}],"author":[{"embeddable":true,"href":"https:\/\/www.sonoraenequipo.com.mx\/api\/wp\/v2\/users\/1"}],"replies":[{"embeddable":true,"href":"https:\/\/www.sonoraenequipo.com.mx\/api\/wp\/v2\/comments?post=113385"}],"version-history":[{"count":1,"href":"https:\/\/www.sonoraenequipo.com.mx\/api\/wp\/v2\/posts\/113385\/revisions"}],"predecessor-version":[{"id":113387,"href":"https:\/\/www.sonoraenequipo.com.mx\/api\/wp\/v2\/posts\/113385\/revisions\/113387"}],"wp:featuredmedia":[{"embeddable":true,"href":"https:\/\/www.sonoraenequipo.com.mx\/api\/wp\/v2\/media\/113386"}],"wp:attachment":[{"href":"https:\/\/www.sonoraenequipo.com.mx\/api\/wp\/v2\/media?parent=113385"}],"wp:term":[{"taxonomy":"category","embeddable":true,"href":"https:\/\/www.sonoraenequipo.com.mx\/api\/wp\/v2\/categories?post=113385"},{"taxonomy":"post_tag","embeddable":true,"href":"https:\/\/www.sonoraenequipo.com.mx\/api\/wp\/v2\/tags?post=113385"}],"curies":[{"name":"wp","href":"https:\/\/api.w.org\/{rel}","templated":true}]}}