{"id":113388,"date":"2021-05-07T07:37:41","date_gmt":"2021-05-07T14:37:41","guid":{"rendered":"https:\/\/www.sonoraenequipo.com.mx\/?p=113388"},"modified":"2021-05-07T14:47:30","modified_gmt":"2021-05-07T21:47:30","slug":"presidente-denuncia-que-ine-esta-actuando-facciosamente","status":"publish","type":"post","link":"https:\/\/www.sonoraenequipo.com.mx\/presidente-denuncia-que-ine-esta-actuando-facciosamente\/","title":{"rendered":"Presidente denuncia que INE esta actuando facciosamente"},"content":{"rendered":"<h2>\u00abYa quitaron dos registros y ahora van por otro\u00bb<\/h2>\n<p> <\/p>\n<p>&nbsp;<\/p>\n<p>El presidente Andr\u00e9s Manuel L\u00f3pez Obrador hizo referencia este viernes a la iniciativa del INE para quitarle el registro a la candidata morenista en San Luis Potos\u00ed, M\u00f3nica Rangel, luego que se filtrara el proyecto de la Unidad de Fiscalizaci\u00f3n del organismo electoral denunciando que no present\u00f3 gastos de precampa\u00f1a en publicidad en redes sociales.<\/p>\n<p>&nbsp;<\/p>\n<p><em>\u00abYa el INE est\u00e1 pensando en quitarle el registro a otra candidata al Gobierno de San Luis Potos\u00ed, de Morena. Eso es lo m\u00e1s faccioso que puede haber, ya le quitaron el registro a dos y ahora van por otra\u00bb<\/em>, dijo el mandatario, quien compar\u00f3 esta situaci\u00f3n con la entrega de tarjetas para las mujeres con la promesa de dinero si gana los comicios por parte de Adri\u00e1n de la Garza, algo que el presidente exhibi\u00f3 por tercer d\u00eda consecutivo.<\/p>\n<p>&nbsp;<\/p>\n<h3>Peligra la candidatura de M\u00f3nica Rangel en San Luis Potos\u00ed: el INE analiza votar su cancelaci\u00f3n<\/h3>\n<p>&nbsp;<\/p>\n<p><strong>\u00ab\u00bfEso se tolera?\u00bb<\/strong>, pregunt\u00f3 AMLO, quien ayer hab\u00eda acusado al candidato pri\u00edsta en Nuevo Leon directamente de querer \u00abcomprar votos\u00bb. De la Garza respondi\u00f3 diciendo que no se trata de un delito electoral y que el presidente hizo un pacto con Samuel Garc\u00eda tras el desplome en las encuestas de su candidata Clara Luz Flores, lo que se\u00f1al\u00f3 explica los ataques en su contra.<\/p>\n<p>&nbsp;<\/p>\n<p>Ayer por la noche, el presidente de Morena, Mario Delgado, subi\u00f3 un video a sus redes sociales en el que acus\u00f3 a \u00abalgunos consejeros\u00bb del INE de estar persiguiendo a los candidatos de la 4T en connivencia con la oposici\u00f3n.<\/p>\n<p>&nbsp;<\/p>\n<p><em>\u00abEs una cacer\u00eda disfrazada de fiscalizaci\u00f3n, ahora como en el caso de Guerrero y Michoac\u00e1n, pretenden hacer lo mismo con M\u00f3nica Rangel, nuestra candidata en San Luis Potos\u00ed\u00bb<\/em>, dijo\u00bb.<\/p>\n<p>&nbsp;<\/p>\n<p>Y a\u00f1adi\u00f3: \u00ab<em>Exigimos a las autoridades electorales que act\u00faen con responsabilidad, honestidad e imparcialidad\u00bb.<\/em><\/p>\n<p>&nbsp;<\/p>\n<p>Por su parte, desde el INE informaron que el Consejo General se reuni\u00f3 ayer pero que no se trat\u00f3 el tema de la candidatura de Rangel, y no precisaron fecha para hacerlo, pese a que los comicios se realizar\u00e1n a menos de un mes.<\/p>\n<p>&nbsp;<\/p>\n<p>&nbsp;<\/p>\n<p>(Publicada el 07\/05\/2021)<\/p>\n","protected":false},"excerpt":{"rendered":"<p>\u00abYa quitaron dos registros y ahora van por otro\u00bb<\/p>\n","protected":false},"author":1,"featured_media":113389,"comment_status":"open","ping_status":"open","sticky":false,"template":"","format":"standard","meta":{"_monsterinsights_skip_tracking":false,"_monsterinsights_sitenote_active":false,"_monsterinsights_sitenote_note":"","_monsterinsights_sitenote_category":0,"footnotes":""},"categories":[5],"tags":[],"class_list":["post"],"yoast_head":" \n<title>Sonora en Equipo. Presidente denuncia que INE esta actuando facciosamente Rep\u00fablica<\/title>\n<meta name=\"description\" content=\"&quot;Ya quitaron dos registros y ahora van por otro&quot; &nbsp; El presidente Andr\u00e9s Manuel L\u00f3pez Obrador hizo referencia este viernes a la iniciativa del INE En Sonora en Equipo publicamos toda la informaci\u00f3n de Sonora, M\u00e9xico y el Mundo de manera oportuna y busca que la libertad de expresi\u00f3n sea real. Visita nuestro medio informativo publicado desde Hermosillo, Sonora. %\" \/>\n<meta name=\"robots\" content=\"index, follow, max-snippet:-1, max-image-preview:large, max-video-preview:-1\" \/>\n<link rel=\"canonical\" href=\"https:\/\/www.sonoraenequipo.com.mx\/presidente-denuncia-que-ine-esta-actuando-facciosamente\/\" \/>\n<meta property=\"og:locale\" content=\"es_ES\" \/>\n<meta property=\"og:type\" content=\"article\" \/>\n<meta property=\"og:title\" content=\"Sonora en Equipo. Presidente denuncia que INE esta actuando facciosamente Rep\u00fablica\" \/>\n<meta property=\"og:description\" content=\"&quot;Ya quitaron dos registros y ahora van por otro&quot; &nbsp; El presidente Andr\u00e9s Manuel L\u00f3pez Obrador hizo referencia este viernes a la iniciativa del INE En Sonora en Equipo publicamos toda la informaci\u00f3n de Sonora, M\u00e9xico y el Mundo de manera oportuna y busca que la libertad de expresi\u00f3n sea real. Visita nuestro medio informativo publicado desde Hermosillo, Sonora. %\" \/>\n<meta property=\"og:url\" content=\"https:\/\/www.sonoraenequipo.com.mx\/presidente-denuncia-que-ine-esta-actuando-facciosamente\/\" \/>\n<meta property=\"og:site_name\" content=\"Sonora en Equipo.\" \/>\n<meta property=\"article:publisher\" content=\"https:\/\/www.facebook.com\/SonoraEE\/\" \/>\n<meta property=\"article:author\" content=\"https:\/\/www.facebook.com\/SonoraEE\" \/>\n<meta property=\"article:published_time\" content=\"2021-05-07T14:37:41+00:00\" \/>\n<meta property=\"article:modified_time\" content=\"2021-05-07T21:47:30+00:00\" \/>\n<meta property=\"og:image\" content=\"https:\/\/www.sonoraenequipo.com.mx\/storage\/2021\/05\/ine_consejeros_opt.jpg\" \/>\n\t<meta property=\"og:image:width\" content=\"730\" \/>\n\t<meta property=\"og:image:height\" content=\"450\" \/>\n\t<meta property=\"og:image:type\" content=\"image\/jpeg\" \/>\n<meta name=\"author\" content=\"enequipo\" \/>\n<meta name=\"twitter:card\" content=\"summary_large_image\" \/>\n<meta name=\"twitter:creator\" content=\"@sonoraenequipo\" \/>\n<meta name=\"twitter:site\" content=\"@sonoraenequipo\" \/>\n<meta name=\"twitter:label1\" content=\"Escrito por\" \/>\n\t<meta name=\"twitter:data1\" content=\"enequipo\" \/>\n\t<meta name=\"twitter:label2\" content=\"Tiempo de lectura\" \/>\n\t<meta name=\"twitter:data2\" content=\"2 minutos\" \/>\n<script type=\"application\/ld+json\" class=\"yoast-schema-graph\">{\"@context\":\"https:\/\/schema.org\",\"@graph\":[{\"@type\":\"Article\",\"@id\":\"https:\/\/www.sonoraenequipo.com.mx\/presidente-denuncia-que-ine-esta-actuando-facciosamente\/#article\",\"isPartOf\":{\"@id\":\"https:\/\/www.sonoraenequipo.com.mx\/presidente-denuncia-que-ine-esta-actuando-facciosamente\/\"},\"author\":{\"name\":\"enequipo\",\"@id\":\"https:\/\/www.sonoraenequipo.com.mx\/#\/schema\/person\/50102df0fb23a8fa9e8effad8fa81386\"},\"headline\":\"Presidente denuncia que INE esta actuando facciosamente\",\"datePublished\":\"2021-05-07T14:37:41+00:00\",\"dateModified\":\"2021-05-07T21:47:30+00:00\",\"mainEntityOfPage\":{\"@id\":\"https:\/\/www.sonoraenequipo.com.mx\/presidente-denuncia-que-ine-esta-actuando-facciosamente\/\"},\"wordCount\":393,\"commentCount\":0,\"publisher\":{\"@id\":\"https:\/\/www.sonoraenequipo.com.mx\/#organization\"},\"image\":{\"@id\":\"https:\/\/www.sonoraenequipo.com.mx\/presidente-denuncia-que-ine-esta-actuando-facciosamente\/#primaryimage\"},\"thumbnailUrl\":\"https:\/\/www.sonoraenequipo.com.mx\/storage\/2021\/05\/ine_consejeros_opt.jpg\",\"articleSection\":[\"Rep\u00fablica\"],\"inLanguage\":\"es\",\"potentialAction\":[{\"@type\":\"CommentAction\",\"name\":\"Comment\",\"target\":[\"https:\/\/www.sonoraenequipo.com.mx\/presidente-denuncia-que-ine-esta-actuando-facciosamente\/#respond\"]}]},{\"@type\":\"WebPage\",\"@id\":\"https:\/\/www.sonoraenequipo.com.mx\/presidente-denuncia-que-ine-esta-actuando-facciosamente\/\",\"url\":\"https:\/\/www.sonoraenequipo.com.mx\/presidente-denuncia-que-ine-esta-actuando-facciosamente\/\",\"name\":\"Sonora en Equipo. Presidente denuncia que INE esta actuando facciosamente Rep\u00fablica\",\"isPartOf\":{\"@id\":\"https:\/\/www.sonoraenequipo.com.mx\/#website\"},\"primaryImageOfPage\":{\"@id\":\"https:\/\/www.sonoraenequipo.com.mx\/presidente-denuncia-que-ine-esta-actuando-facciosamente\/#primaryimage\"},\"image\":{\"@id\":\"https:\/\/www.sonoraenequipo.com.mx\/presidente-denuncia-que-ine-esta-actuando-facciosamente\/#primaryimage\"},\"thumbnailUrl\":\"https:\/\/www.sonoraenequipo.com.mx\/storage\/2021\/05\/ine_consejeros_opt.jpg\",\"datePublished\":\"2021-05-07T14:37:41+00:00\",\"dateModified\":\"2021-05-07T21:47:30+00:00\",\"description\":\"\\\"Ya quitaron dos registros y ahora van por otro\\\" &nbsp; El presidente Andr\u00e9s Manuel L\u00f3pez Obrador hizo referencia este viernes a la iniciativa del INE En Sonora en Equipo publicamos toda la informaci\u00f3n de Sonora, M\u00e9xico y el Mundo de manera oportuna y busca que la libertad de expresi\u00f3n sea real. Visita nuestro medio informativo publicado desde Hermosillo, Sonora. %\",\"breadcrumb\":{\"@id\":\"https:\/\/www.sonoraenequipo.com.mx\/presidente-denuncia-que-ine-esta-actuando-facciosamente\/#breadcrumb\"},\"inLanguage\":\"es\",\"potentialAction\":[{\"@type\":\"ReadAction\",\"target\":[\"https:\/\/www.sonoraenequipo.com.mx\/presidente-denuncia-que-ine-esta-actuando-facciosamente\/\"]}]},{\"@type\":\"ImageObject\",\"inLanguage\":\"es\",\"@id\":\"https:\/\/www.sonoraenequipo.com.mx\/presidente-denuncia-que-ine-esta-actuando-facciosamente\/#primaryimage\",\"url\":\"https:\/\/www.sonoraenequipo.com.mx\/storage\/2021\/05\/ine_consejeros_opt.jpg\",\"contentUrl\":\"https:\/\/www.sonoraenequipo.com.mx\/storage\/2021\/05\/ine_consejeros_opt.jpg\",\"width\":730,\"height\":450},{\"@type\":\"BreadcrumbList\",\"@id\":\"https:\/\/www.sonoraenequipo.com.mx\/presidente-denuncia-que-ine-esta-actuando-facciosamente\/#breadcrumb\",\"itemListElement\":[{\"@type\":\"ListItem\",\"position\":1,\"name\":\"Portada\",\"item\":\"https:\/\/www.sonoraenequipo.com.mx\/\"},{\"@type\":\"ListItem\",\"position\":2,\"name\":\"Presidente denuncia que INE esta actuando facciosamente\"}]},{\"@type\":\"WebSite\",\"@id\":\"https:\/\/www.sonoraenequipo.com.mx\/#website\",\"url\":\"https:\/\/www.sonoraenequipo.com.mx\/\",\"name\":\"Sonora en Equipo.\",\"description\":\"Diario en l\u00ednea con Noticias desde Hermosillo, Sonora\",\"publisher\":{\"@id\":\"https:\/\/www.sonoraenequipo.com.mx\/#organization\"},\"potentialAction\":[{\"@type\":\"SearchAction\",\"target\":{\"@type\":\"EntryPoint\",\"urlTemplate\":\"https:\/\/www.sonoraenequipo.com.mx\/?s={search_term_string}\"},\"query-input\":{\"@type\":\"PropertyValueSpecification\",\"valueRequired\":true,\"valueName\":\"search_term_string\"}}],\"inLanguage\":\"es\"},{\"@type\":\"Organization\",\"@id\":\"https:\/\/www.sonoraenequipo.com.mx\/#organization\",\"name\":\"Sonoraenequipo.com.mx\",\"url\":\"https:\/\/www.sonoraenequipo.com.mx\/\",\"logo\":{\"@type\":\"ImageObject\",\"inLanguage\":\"es\",\"@id\":\"https:\/\/www.sonoraenequipo.com.mx\/#\/schema\/logo\/image\/\",\"url\":\"https:\/\/www.sonoraenequipo.com.mx\/storage\/2019\/01\/sonoraenequipo_opt.png\",\"contentUrl\":\"https:\/\/www.sonoraenequipo.com.mx\/storage\/2019\/01\/sonoraenequipo_opt.png\",\"width\":375,\"height\":125,\"caption\":\"Sonoraenequipo.com.mx\"},\"image\":{\"@id\":\"https:\/\/www.sonoraenequipo.com.mx\/#\/schema\/logo\/image\/\"},\"sameAs\":[\"https:\/\/www.facebook.com\/SonoraEE\/\",\"https:\/\/x.com\/sonoraenequipo\",\"https:\/\/www.youtube.com\/channel\/UC338nW-lPEYmJQs4ZABQ1SQ\"]},{\"@type\":\"Person\",\"@id\":\"https:\/\/www.sonoraenequipo.com.mx\/#\/schema\/person\/50102df0fb23a8fa9e8effad8fa81386\",\"name\":\"enequipo\",\"image\":{\"@type\":\"ImageObject\",\"inLanguage\":\"es\",\"@id\":\"https:\/\/www.sonoraenequipo.com.mx\/#\/schema\/person\/image\/\",\"url\":\"https:\/\/secure.gravatar.com\/avatar\/049821681b589dabc0bc20695993ccebb09f5b5d4d790cd9251b97faac7c652b?s=96&d=blank&r=g\",\"contentUrl\":\"https:\/\/secure.gravatar.com\/avatar\/049821681b589dabc0bc20695993ccebb09f5b5d4d790cd9251b97faac7c652b?s=96&d=blank&r=g\",\"caption\":\"enequipo\"},\"sameAs\":[\"https:\/\/www.facebook.com\/SonoraEE\"]}]}<\/script>\n ","yoast_head_json":{"title":"Sonora en Equipo. Presidente denuncia que INE esta actuando facciosamente Rep\u00fablica","description":"\"Ya quitaron dos registros y ahora van por otro\" &nbsp; El presidente Andr\u00e9s Manuel L\u00f3pez Obrador hizo referencia este viernes a la iniciativa del INE En Sonora en Equipo publicamos toda la informaci\u00f3n de Sonora, M\u00e9xico y el Mundo de manera oportuna y busca que la libertad de expresi\u00f3n sea real. Visita nuestro medio informativo publicado desde Hermosillo, Sonora. %","robots":{"index":"index","follow":"follow","max-snippet":"max-snippet:-1","max-image-preview":"max-image-preview:large","max-video-preview":"max-video-preview:-1"},"canonical":"https:\/\/www.sonoraenequipo.com.mx\/presidente-denuncia-que-ine-esta-actuando-facciosamente\/","og_locale":"es_ES","og_type":"article","og_title":"Sonora en Equipo. Presidente denuncia que INE esta actuando facciosamente Rep\u00fablica","og_description":"\"Ya quitaron dos registros y ahora van por otro\" &nbsp; El presidente Andr\u00e9s Manuel L\u00f3pez Obrador hizo referencia este viernes a la iniciativa del INE En Sonora en Equipo publicamos toda la informaci\u00f3n de Sonora, M\u00e9xico y el Mundo de manera oportuna y busca que la libertad de expresi\u00f3n sea real. Visita nuestro medio informativo publicado desde Hermosillo, Sonora. %","og_url":"https:\/\/www.sonoraenequipo.com.mx\/presidente-denuncia-que-ine-esta-actuando-facciosamente\/","og_site_name":"Sonora en Equipo.","article_publisher":"https:\/\/www.facebook.com\/SonoraEE\/","article_author":"https:\/\/www.facebook.com\/SonoraEE","article_published_time":"2021-05-07T14:37:41+00:00","article_modified_time":"2021-05-07T21:47:30+00:00","og_image":[{"width":730,"height":450,"url":"https:\/\/www.sonoraenequipo.com.mx\/storage\/2021\/05\/ine_consejeros_opt.jpg","type":"image\/jpeg"}],"author":"enequipo","twitter_card":"summary_large_image","twitter_creator":"@sonoraenequipo","twitter_site":"@sonoraenequipo","twitter_misc":{"Escrito por":"enequipo","Tiempo de lectura":"2 minutos"},"schema":{"@context":"https:\/\/schema.org","@graph":[{"@type":"Article","@id":"https:\/\/www.sonoraenequipo.com.mx\/presidente-denuncia-que-ine-esta-actuando-facciosamente\/#article","isPartOf":{"@id":"https:\/\/www.sonoraenequipo.com.mx\/presidente-denuncia-que-ine-esta-actuando-facciosamente\/"},"author":{"name":"enequipo","@id":"https:\/\/www.sonoraenequipo.com.mx\/#\/schema\/person\/50102df0fb23a8fa9e8effad8fa81386"},"headline":"Presidente denuncia que INE esta actuando facciosamente","datePublished":"2021-05-07T14:37:41+00:00","dateModified":"2021-05-07T21:47:30+00:00","mainEntityOfPage":{"@id":"https:\/\/www.sonoraenequipo.com.mx\/presidente-denuncia-que-ine-esta-actuando-facciosamente\/"},"wordCount":393,"commentCount":0,"publisher":{"@id":"https:\/\/www.sonoraenequipo.com.mx\/#organization"},"image":{"@id":"https:\/\/www.sonoraenequipo.com.mx\/presidente-denuncia-que-ine-esta-actuando-facciosamente\/#primaryimage"},"thumbnailUrl":"https:\/\/www.sonoraenequipo.com.mx\/storage\/2021\/05\/ine_consejeros_opt.jpg","articleSection":["Rep\u00fablica"],"inLanguage":"es","potentialAction":[{"@type":"CommentAction","name":"Comment","target":["https:\/\/www.sonoraenequipo.com.mx\/presidente-denuncia-que-ine-esta-actuando-facciosamente\/#respond"]}]},{"@type":"WebPage","@id":"https:\/\/www.sonoraenequipo.com.mx\/presidente-denuncia-que-ine-esta-actuando-facciosamente\/","url":"https:\/\/www.sonoraenequipo.com.mx\/presidente-denuncia-que-ine-esta-actuando-facciosamente\/","name":"Sonora en Equipo. Presidente denuncia que INE esta actuando facciosamente Rep\u00fablica","isPartOf":{"@id":"https:\/\/www.sonoraenequipo.com.mx\/#website"},"primaryImageOfPage":{"@id":"https:\/\/www.sonoraenequipo.com.mx\/presidente-denuncia-que-ine-esta-actuando-facciosamente\/#primaryimage"},"image":{"@id":"https:\/\/www.sonoraenequipo.com.mx\/presidente-denuncia-que-ine-esta-actuando-facciosamente\/#primaryimage"},"thumbnailUrl":"https:\/\/www.sonoraenequipo.com.mx\/storage\/2021\/05\/ine_consejeros_opt.jpg","datePublished":"2021-05-07T14:37:41+00:00","dateModified":"2021-05-07T21:47:30+00:00","description":"\"Ya quitaron dos registros y ahora van por otro\" &nbsp; El presidente Andr\u00e9s Manuel L\u00f3pez Obrador hizo referencia este viernes a la iniciativa del INE En Sonora en Equipo publicamos toda la informaci\u00f3n de Sonora, M\u00e9xico y el Mundo de manera oportuna y busca que la libertad de expresi\u00f3n sea real. Visita nuestro medio informativo publicado desde Hermosillo, Sonora. %","breadcrumb":{"@id":"https:\/\/www.sonoraenequipo.com.mx\/presidente-denuncia-que-ine-esta-actuando-facciosamente\/#breadcrumb"},"inLanguage":"es","potentialAction":[{"@type":"ReadAction","target":["https:\/\/www.sonoraenequipo.com.mx\/presidente-denuncia-que-ine-esta-actuando-facciosamente\/"]}]},{"@type":"ImageObject","inLanguage":"es","@id":"https:\/\/www.sonoraenequipo.com.mx\/presidente-denuncia-que-ine-esta-actuando-facciosamente\/#primaryimage","url":"https:\/\/www.sonoraenequipo.com.mx\/storage\/2021\/05\/ine_consejeros_opt.jpg","contentUrl":"https:\/\/www.sonoraenequipo.com.mx\/storage\/2021\/05\/ine_consejeros_opt.jpg","width":730,"height":450},{"@type":"BreadcrumbList","@id":"https:\/\/www.sonoraenequipo.com.mx\/presidente-denuncia-que-ine-esta-actuando-facciosamente\/#breadcrumb","itemListElement":[{"@type":"ListItem","position":1,"name":"Portada","item":"https:\/\/www.sonoraenequipo.com.mx\/"},{"@type":"ListItem","position":2,"name":"Presidente denuncia que INE esta actuando facciosamente"}]},{"@type":"WebSite","@id":"https:\/\/www.sonoraenequipo.com.mx\/#website","url":"https:\/\/www.sonoraenequipo.com.mx\/","name":"Sonora en Equipo.","description":"Diario en l\u00ednea con Noticias desde Hermosillo, Sonora","publisher":{"@id":"https:\/\/www.sonoraenequipo.com.mx\/#organization"},"potentialAction":[{"@type":"SearchAction","target":{"@type":"EntryPoint","urlTemplate":"https:\/\/www.sonoraenequipo.com.mx\/?s={search_term_string}"},"query-input":{"@type":"PropertyValueSpecification","valueRequired":true,"valueName":"search_term_string"}}],"inLanguage":"es"},{"@type":"Organization","@id":"https:\/\/www.sonoraenequipo.com.mx\/#organization","name":"Sonoraenequipo.com.mx","url":"https:\/\/www.sonoraenequipo.com.mx\/","logo":{"@type":"ImageObject","inLanguage":"es","@id":"https:\/\/www.sonoraenequipo.com.mx\/#\/schema\/logo\/image\/","url":"https:\/\/www.sonoraenequipo.com.mx\/storage\/2019\/01\/sonoraenequipo_opt.png","contentUrl":"https:\/\/www.sonoraenequipo.com.mx\/storage\/2019\/01\/sonoraenequipo_opt.png","width":375,"height":125,"caption":"Sonoraenequipo.com.mx"},"image":{"@id":"https:\/\/www.sonoraenequipo.com.mx\/#\/schema\/logo\/image\/"},"sameAs":["https:\/\/www.facebook.com\/SonoraEE\/","https:\/\/x.com\/sonoraenequipo","https:\/\/www.youtube.com\/channel\/UC338nW-lPEYmJQs4ZABQ1SQ"]},{"@type":"Person","@id":"https:\/\/www.sonoraenequipo.com.mx\/#\/schema\/person\/50102df0fb23a8fa9e8effad8fa81386","name":"enequipo","image":{"@type":"ImageObject","inLanguage":"es","@id":"https:\/\/www.sonoraenequipo.com.mx\/#\/schema\/person\/image\/","url":"https:\/\/secure.gravatar.com\/avatar\/049821681b589dabc0bc20695993ccebb09f5b5d4d790cd9251b97faac7c652b?s=96&d=blank&r=g","contentUrl":"https:\/\/secure.gravatar.com\/avatar\/049821681b589dabc0bc20695993ccebb09f5b5d4d790cd9251b97faac7c652b?s=96&d=blank&r=g","caption":"enequipo"},"sameAs":["https:\/\/www.facebook.com\/SonoraEE"]}]}},"jetpack_featured_media_url":"https:\/\/www.sonoraenequipo.com.mx\/storage\/2021\/05\/ine_consejeros_opt.jpg","_links":{"self":[{"href":"https:\/\/www.sonoraenequipo.com.mx\/api\/wp\/v2\/posts\/113388","targetHints":{"allow":["GET"]}}],"collection":[{"href":"https:\/\/www.sonoraenequipo.com.mx\/api\/wp\/v2\/posts"}],"about":[{"href":"https:\/\/www.sonoraenequipo.com.mx\/api\/wp\/v2\/types\/post"}],"author":[{"embeddable":true,"href":"https:\/\/www.sonoraenequipo.com.mx\/api\/wp\/v2\/users\/1"}],"replies":[{"embeddable":true,"href":"https:\/\/www.sonoraenequipo.com.mx\/api\/wp\/v2\/comments?post=113388"}],"version-history":[{"count":3,"href":"https:\/\/www.sonoraenequipo.com.mx\/api\/wp\/v2\/posts\/113388\/revisions"}],"predecessor-version":[{"id":113392,"href":"https:\/\/www.sonoraenequipo.com.mx\/api\/wp\/v2\/posts\/113388\/revisions\/113392"}],"wp:featuredmedia":[{"embeddable":true,"href":"https:\/\/www.sonoraenequipo.com.mx\/api\/wp\/v2\/media\/113389"}],"wp:attachment":[{"href":"https:\/\/www.sonoraenequipo.com.mx\/api\/wp\/v2\/media?parent=113388"}],"wp:term":[{"taxonomy":"category","embeddable":true,"href":"https:\/\/www.sonoraenequipo.com.mx\/api\/wp\/v2\/categories?post=113388"},{"taxonomy":"post_tag","embeddable":true,"href":"https:\/\/www.sonoraenequipo.com.mx\/api\/wp\/v2\/tags?post=113388"}],"curies":[{"name":"wp","href":"https:\/\/api.w.org\/{rel}","templated":true}]}}