{"id":113403,"date":"2021-05-07T12:14:45","date_gmt":"2021-05-07T19:14:45","guid":{"rendered":"https:\/\/www.sonoraenequipo.com.mx\/?p=113403"},"modified":"2021-05-07T18:51:34","modified_gmt":"2021-05-08T01:51:34","slug":"inflacion-de-abril-se-queda-en-6-08-la-mas-alta-desde-2017","status":"publish","type":"post","link":"https:\/\/www.sonoraenequipo.com.mx\/inflacion-de-abril-se-queda-en-6-08-la-mas-alta-desde-2017\/","title":{"rendered":"Inflaci\u00f3n de abril se queda en 6.08%, la m\u00e1s alta desde 2017"},"content":{"rendered":"<p>CIUDAD DE M\u00c9XICO.MX. \u2014 En el mes de abril, el \u00cdndice Nacional de Precios al Consumidor (INPC) present\u00f3 una inflaci\u00f3n de 0.33 por ciento respecto al mes inmediato anterior, as\u00ed como una inflaci\u00f3n general anual de 6.08%, la m\u00e1s alta desde finales del 2017.<\/p>\n<p>&nbsp;<\/p>\n<p> <\/p>\n<p>&nbsp;<\/p>\n<p>De acuerdo con la informaci\u00f3n revelada este viernes por el Instituto Nacional de Estad\u00edstica y Geograf\u00eda (Inegi), se trata de una de las mayores inflaciones registradas desde diciembre de 2017, cuando se qued\u00f3 en 6.7 por ciento.<\/p>\n<p>&nbsp;<\/p>\n<p>&nbsp;<\/p>\n<p>Ello tambi\u00e9n supone que el indicador est\u00e1 por encima de lo estimado por analistas del Banco de M\u00e9xico (Banxico), quienes lo colocan en entre 3 puntos porcentuales +\/- un punto.<\/p>\n<p>&nbsp;<\/p>\n<p>El \u00edndice de precios subyacente registr\u00f3 un crecimiento mensual de 0.37 por ciento y anual de 4.13 por ciento; por su parte, el \u00edndice de precios no subyacente aument\u00f3 0.21 por ciento mensual y 12.34 por ciento anual.<\/p>\n<p>&nbsp;<\/p>\n<p>&nbsp;<\/p>\n<p>En el \u00edndice de precios subyacente, los precios de las mercanc\u00edas se incrementaron 0.44% mensual y los de los servicios 0.28 por ciento.<\/p>\n<p>&nbsp;<\/p>\n<p>&nbsp;<\/p>\n<p>Al interior del \u00edndice de precios no subyacente, los precios de los productos agropecuarios subieron 2.6%, mientras que los de los energ\u00e9ticos y tarifas autorizadas por el gobierno retrocedieron 1.49% mensual.<\/p>\n<p>&nbsp;<\/p>\n<p>&nbsp;<\/p>\n<p>Entre los bienes y servicios que subieron de precio est\u00e1n: el jitomate, aguacate, tortillas de ma\u00edz, chile serrano, huevo, tomate verde, gasolinda de bajo octanaje, pollo y vivienda propia.<\/p>\n<p>&nbsp;<\/p>\n<p>Entre los bienes y servicios que bajaron de precio est\u00e1n: electricidad, papa y tub\u00e9rculos, gas dom\u00e9stico LP, servicios tur\u00edticos en paquete, cerveza, calabacita, chayote, suavizantes y limpiadores, nopales y frijoles.<\/p>\n<p><a class=\"twitter-timeline\" data-width=\"640\" data-height=\"960\" data-dnt=\"true\" href=\"https:\/\/twitter.com\/INEGI_INFORMA?ref_src=twsrc%5Etfw\">Tweets by INEGI_INFORMA<\/a><script async src=\"https:\/\/platform.twitter.com\/widgets.js\" charset=\"utf-8\"><\/script><\/p>\n<p>(Publicada el 07\/05\/2021\/AFP)<\/p>\n","protected":false},"excerpt":{"rendered":"<p>CIUDAD DE M\u00c9XICO.MX. \u2014 En el mes de abril, el \u00cdndice Nacional de Precios al&#8230;<\/p>\n","protected":false},"author":1,"featured_media":113367,"comment_status":"open","ping_status":"open","sticky":false,"template":"","format":"standard","meta":{"_monsterinsights_skip_tracking":false,"_monsterinsights_sitenote_active":false,"_monsterinsights_sitenote_note":"","_monsterinsights_sitenote_category":0,"footnotes":""},"categories":[5],"tags":[],"class_list":["post"],"yoast_head":" \n<title>Sonora en Equipo. Inflaci\u00f3n de abril se queda en 6.08%, la m\u00e1s alta desde 2017 Rep\u00fablica<\/title>\n<meta name=\"description\" content=\"CIUDAD DE M\u00c9XICO.MX. \u2014 En el mes de abril, el \u00cdndice Nacional de Precios al Consumidor (INPC) present\u00f3 una inflaci\u00f3n de 0.33 por ciento respecto al mes En Sonora en Equipo publicamos toda la informaci\u00f3n de Sonora, M\u00e9xico y el Mundo de manera oportuna y busca que la libertad de expresi\u00f3n sea real. Visita nuestro medio informativo publicado desde Hermosillo, Sonora. %\" \/>\n<meta name=\"robots\" content=\"index, follow, max-snippet:-1, max-image-preview:large, max-video-preview:-1\" \/>\n<link rel=\"canonical\" href=\"https:\/\/www.sonoraenequipo.com.mx\/inflacion-de-abril-se-queda-en-6-08-la-mas-alta-desde-2017\/\" \/>\n<meta property=\"og:locale\" content=\"es_ES\" \/>\n<meta property=\"og:type\" content=\"article\" \/>\n<meta property=\"og:title\" content=\"Sonora en Equipo. Inflaci\u00f3n de abril se queda en 6.08%, la m\u00e1s alta desde 2017 Rep\u00fablica\" \/>\n<meta property=\"og:description\" content=\"CIUDAD DE M\u00c9XICO.MX. \u2014 En el mes de abril, el \u00cdndice Nacional de Precios al Consumidor (INPC) present\u00f3 una inflaci\u00f3n de 0.33 por ciento respecto al mes En Sonora en Equipo publicamos toda la informaci\u00f3n de Sonora, M\u00e9xico y el Mundo de manera oportuna y busca que la libertad de expresi\u00f3n sea real. Visita nuestro medio informativo publicado desde Hermosillo, Sonora. %\" \/>\n<meta property=\"og:url\" content=\"https:\/\/www.sonoraenequipo.com.mx\/inflacion-de-abril-se-queda-en-6-08-la-mas-alta-desde-2017\/\" \/>\n<meta property=\"og:site_name\" content=\"Sonora en Equipo.\" \/>\n<meta property=\"article:publisher\" content=\"https:\/\/www.facebook.com\/SonoraEE\/\" \/>\n<meta property=\"article:author\" content=\"https:\/\/www.facebook.com\/SonoraEE\" \/>\n<meta property=\"article:published_time\" content=\"2021-05-07T19:14:45+00:00\" \/>\n<meta property=\"article:modified_time\" content=\"2021-05-08T01:51:34+00:00\" \/>\n<meta property=\"og:image\" content=\"https:\/\/www.sonoraenequipo.com.mx\/storage\/2021\/05\/Inflacion-mx_opt.jpg\" \/>\n\t<meta property=\"og:image:width\" content=\"600\" \/>\n\t<meta property=\"og:image:height\" content=\"400\" \/>\n\t<meta property=\"og:image:type\" content=\"image\/jpeg\" \/>\n<meta name=\"author\" content=\"enequipo\" \/>\n<meta name=\"twitter:card\" content=\"summary_large_image\" \/>\n<meta name=\"twitter:creator\" content=\"@sonoraenequipo\" \/>\n<meta name=\"twitter:site\" content=\"@sonoraenequipo\" \/>\n<meta name=\"twitter:label1\" content=\"Escrito por\" \/>\n\t<meta name=\"twitter:data1\" content=\"enequipo\" \/>\n\t<meta name=\"twitter:label2\" content=\"Tiempo de lectura\" \/>\n\t<meta name=\"twitter:data2\" content=\"2 minutos\" \/>\n<script type=\"application\/ld+json\" class=\"yoast-schema-graph\">{\"@context\":\"https:\/\/schema.org\",\"@graph\":[{\"@type\":\"Article\",\"@id\":\"https:\/\/www.sonoraenequipo.com.mx\/inflacion-de-abril-se-queda-en-6-08-la-mas-alta-desde-2017\/#article\",\"isPartOf\":{\"@id\":\"https:\/\/www.sonoraenequipo.com.mx\/inflacion-de-abril-se-queda-en-6-08-la-mas-alta-desde-2017\/\"},\"author\":{\"name\":\"enequipo\",\"@id\":\"https:\/\/www.sonoraenequipo.com.mx\/#\/schema\/person\/50102df0fb23a8fa9e8effad8fa81386\"},\"headline\":\"Inflaci\u00f3n de abril se queda en 6.08%, la m\u00e1s alta desde 2017\",\"datePublished\":\"2021-05-07T19:14:45+00:00\",\"dateModified\":\"2021-05-08T01:51:34+00:00\",\"mainEntityOfPage\":{\"@id\":\"https:\/\/www.sonoraenequipo.com.mx\/inflacion-de-abril-se-queda-en-6-08-la-mas-alta-desde-2017\/\"},\"wordCount\":297,\"commentCount\":0,\"publisher\":{\"@id\":\"https:\/\/www.sonoraenequipo.com.mx\/#organization\"},\"image\":{\"@id\":\"https:\/\/www.sonoraenequipo.com.mx\/inflacion-de-abril-se-queda-en-6-08-la-mas-alta-desde-2017\/#primaryimage\"},\"thumbnailUrl\":\"https:\/\/www.sonoraenequipo.com.mx\/storage\/2021\/05\/Inflacion-mx_opt.jpg\",\"articleSection\":[\"Rep\u00fablica\"],\"inLanguage\":\"es\",\"potentialAction\":[{\"@type\":\"CommentAction\",\"name\":\"Comment\",\"target\":[\"https:\/\/www.sonoraenequipo.com.mx\/inflacion-de-abril-se-queda-en-6-08-la-mas-alta-desde-2017\/#respond\"]}]},{\"@type\":\"WebPage\",\"@id\":\"https:\/\/www.sonoraenequipo.com.mx\/inflacion-de-abril-se-queda-en-6-08-la-mas-alta-desde-2017\/\",\"url\":\"https:\/\/www.sonoraenequipo.com.mx\/inflacion-de-abril-se-queda-en-6-08-la-mas-alta-desde-2017\/\",\"name\":\"Sonora en Equipo. Inflaci\u00f3n de abril se queda en 6.08%, la m\u00e1s alta desde 2017 Rep\u00fablica\",\"isPartOf\":{\"@id\":\"https:\/\/www.sonoraenequipo.com.mx\/#website\"},\"primaryImageOfPage\":{\"@id\":\"https:\/\/www.sonoraenequipo.com.mx\/inflacion-de-abril-se-queda-en-6-08-la-mas-alta-desde-2017\/#primaryimage\"},\"image\":{\"@id\":\"https:\/\/www.sonoraenequipo.com.mx\/inflacion-de-abril-se-queda-en-6-08-la-mas-alta-desde-2017\/#primaryimage\"},\"thumbnailUrl\":\"https:\/\/www.sonoraenequipo.com.mx\/storage\/2021\/05\/Inflacion-mx_opt.jpg\",\"datePublished\":\"2021-05-07T19:14:45+00:00\",\"dateModified\":\"2021-05-08T01:51:34+00:00\",\"description\":\"CIUDAD DE M\u00c9XICO.MX. \u2014 En el mes de abril, el \u00cdndice Nacional de Precios al Consumidor (INPC) present\u00f3 una inflaci\u00f3n de 0.33 por ciento respecto al mes En Sonora en Equipo publicamos toda la informaci\u00f3n de Sonora, M\u00e9xico y el Mundo de manera oportuna y busca que la libertad de expresi\u00f3n sea real. Visita nuestro medio informativo publicado desde Hermosillo, Sonora. %\",\"breadcrumb\":{\"@id\":\"https:\/\/www.sonoraenequipo.com.mx\/inflacion-de-abril-se-queda-en-6-08-la-mas-alta-desde-2017\/#breadcrumb\"},\"inLanguage\":\"es\",\"potentialAction\":[{\"@type\":\"ReadAction\",\"target\":[\"https:\/\/www.sonoraenequipo.com.mx\/inflacion-de-abril-se-queda-en-6-08-la-mas-alta-desde-2017\/\"]}]},{\"@type\":\"ImageObject\",\"inLanguage\":\"es\",\"@id\":\"https:\/\/www.sonoraenequipo.com.mx\/inflacion-de-abril-se-queda-en-6-08-la-mas-alta-desde-2017\/#primaryimage\",\"url\":\"https:\/\/www.sonoraenequipo.com.mx\/storage\/2021\/05\/Inflacion-mx_opt.jpg\",\"contentUrl\":\"https:\/\/www.sonoraenequipo.com.mx\/storage\/2021\/05\/Inflacion-mx_opt.jpg\",\"width\":600,\"height\":400},{\"@type\":\"BreadcrumbList\",\"@id\":\"https:\/\/www.sonoraenequipo.com.mx\/inflacion-de-abril-se-queda-en-6-08-la-mas-alta-desde-2017\/#breadcrumb\",\"itemListElement\":[{\"@type\":\"ListItem\",\"position\":1,\"name\":\"Portada\",\"item\":\"https:\/\/www.sonoraenequipo.com.mx\/\"},{\"@type\":\"ListItem\",\"position\":2,\"name\":\"Inflaci\u00f3n de abril se queda en 6.08%, la m\u00e1s alta desde 2017\"}]},{\"@type\":\"WebSite\",\"@id\":\"https:\/\/www.sonoraenequipo.com.mx\/#website\",\"url\":\"https:\/\/www.sonoraenequipo.com.mx\/\",\"name\":\"Sonora en Equipo.\",\"description\":\"Diario en l\u00ednea con Noticias desde Hermosillo, Sonora\",\"publisher\":{\"@id\":\"https:\/\/www.sonoraenequipo.com.mx\/#organization\"},\"potentialAction\":[{\"@type\":\"SearchAction\",\"target\":{\"@type\":\"EntryPoint\",\"urlTemplate\":\"https:\/\/www.sonoraenequipo.com.mx\/?s={search_term_string}\"},\"query-input\":{\"@type\":\"PropertyValueSpecification\",\"valueRequired\":true,\"valueName\":\"search_term_string\"}}],\"inLanguage\":\"es\"},{\"@type\":\"Organization\",\"@id\":\"https:\/\/www.sonoraenequipo.com.mx\/#organization\",\"name\":\"Sonoraenequipo.com.mx\",\"url\":\"https:\/\/www.sonoraenequipo.com.mx\/\",\"logo\":{\"@type\":\"ImageObject\",\"inLanguage\":\"es\",\"@id\":\"https:\/\/www.sonoraenequipo.com.mx\/#\/schema\/logo\/image\/\",\"url\":\"https:\/\/www.sonoraenequipo.com.mx\/storage\/2019\/01\/sonoraenequipo_opt.png\",\"contentUrl\":\"https:\/\/www.sonoraenequipo.com.mx\/storage\/2019\/01\/sonoraenequipo_opt.png\",\"width\":375,\"height\":125,\"caption\":\"Sonoraenequipo.com.mx\"},\"image\":{\"@id\":\"https:\/\/www.sonoraenequipo.com.mx\/#\/schema\/logo\/image\/\"},\"sameAs\":[\"https:\/\/www.facebook.com\/SonoraEE\/\",\"https:\/\/x.com\/sonoraenequipo\",\"https:\/\/www.youtube.com\/channel\/UC338nW-lPEYmJQs4ZABQ1SQ\"]},{\"@type\":\"Person\",\"@id\":\"https:\/\/www.sonoraenequipo.com.mx\/#\/schema\/person\/50102df0fb23a8fa9e8effad8fa81386\",\"name\":\"enequipo\",\"image\":{\"@type\":\"ImageObject\",\"inLanguage\":\"es\",\"@id\":\"https:\/\/www.sonoraenequipo.com.mx\/#\/schema\/person\/image\/\",\"url\":\"https:\/\/secure.gravatar.com\/avatar\/049821681b589dabc0bc20695993ccebb09f5b5d4d790cd9251b97faac7c652b?s=96&d=blank&r=g\",\"contentUrl\":\"https:\/\/secure.gravatar.com\/avatar\/049821681b589dabc0bc20695993ccebb09f5b5d4d790cd9251b97faac7c652b?s=96&d=blank&r=g\",\"caption\":\"enequipo\"},\"sameAs\":[\"https:\/\/www.facebook.com\/SonoraEE\"]}]}<\/script>\n ","yoast_head_json":{"title":"Sonora en Equipo. Inflaci\u00f3n de abril se queda en 6.08%, la m\u00e1s alta desde 2017 Rep\u00fablica","description":"CIUDAD DE M\u00c9XICO.MX. \u2014 En el mes de abril, el \u00cdndice Nacional de Precios al Consumidor (INPC) present\u00f3 una inflaci\u00f3n de 0.33 por ciento respecto al mes En Sonora en Equipo publicamos toda la informaci\u00f3n de Sonora, M\u00e9xico y el Mundo de manera oportuna y busca que la libertad de expresi\u00f3n sea real. Visita nuestro medio informativo publicado desde Hermosillo, Sonora. %","robots":{"index":"index","follow":"follow","max-snippet":"max-snippet:-1","max-image-preview":"max-image-preview:large","max-video-preview":"max-video-preview:-1"},"canonical":"https:\/\/www.sonoraenequipo.com.mx\/inflacion-de-abril-se-queda-en-6-08-la-mas-alta-desde-2017\/","og_locale":"es_ES","og_type":"article","og_title":"Sonora en Equipo. Inflaci\u00f3n de abril se queda en 6.08%, la m\u00e1s alta desde 2017 Rep\u00fablica","og_description":"CIUDAD DE M\u00c9XICO.MX. \u2014 En el mes de abril, el \u00cdndice Nacional de Precios al Consumidor (INPC) present\u00f3 una inflaci\u00f3n de 0.33 por ciento respecto al mes En Sonora en Equipo publicamos toda la informaci\u00f3n de Sonora, M\u00e9xico y el Mundo de manera oportuna y busca que la libertad de expresi\u00f3n sea real. Visita nuestro medio informativo publicado desde Hermosillo, Sonora. %","og_url":"https:\/\/www.sonoraenequipo.com.mx\/inflacion-de-abril-se-queda-en-6-08-la-mas-alta-desde-2017\/","og_site_name":"Sonora en Equipo.","article_publisher":"https:\/\/www.facebook.com\/SonoraEE\/","article_author":"https:\/\/www.facebook.com\/SonoraEE","article_published_time":"2021-05-07T19:14:45+00:00","article_modified_time":"2021-05-08T01:51:34+00:00","og_image":[{"width":600,"height":400,"url":"https:\/\/www.sonoraenequipo.com.mx\/storage\/2021\/05\/Inflacion-mx_opt.jpg","type":"image\/jpeg"}],"author":"enequipo","twitter_card":"summary_large_image","twitter_creator":"@sonoraenequipo","twitter_site":"@sonoraenequipo","twitter_misc":{"Escrito por":"enequipo","Tiempo de lectura":"2 minutos"},"schema":{"@context":"https:\/\/schema.org","@graph":[{"@type":"Article","@id":"https:\/\/www.sonoraenequipo.com.mx\/inflacion-de-abril-se-queda-en-6-08-la-mas-alta-desde-2017\/#article","isPartOf":{"@id":"https:\/\/www.sonoraenequipo.com.mx\/inflacion-de-abril-se-queda-en-6-08-la-mas-alta-desde-2017\/"},"author":{"name":"enequipo","@id":"https:\/\/www.sonoraenequipo.com.mx\/#\/schema\/person\/50102df0fb23a8fa9e8effad8fa81386"},"headline":"Inflaci\u00f3n de abril se queda en 6.08%, la m\u00e1s alta desde 2017","datePublished":"2021-05-07T19:14:45+00:00","dateModified":"2021-05-08T01:51:34+00:00","mainEntityOfPage":{"@id":"https:\/\/www.sonoraenequipo.com.mx\/inflacion-de-abril-se-queda-en-6-08-la-mas-alta-desde-2017\/"},"wordCount":297,"commentCount":0,"publisher":{"@id":"https:\/\/www.sonoraenequipo.com.mx\/#organization"},"image":{"@id":"https:\/\/www.sonoraenequipo.com.mx\/inflacion-de-abril-se-queda-en-6-08-la-mas-alta-desde-2017\/#primaryimage"},"thumbnailUrl":"https:\/\/www.sonoraenequipo.com.mx\/storage\/2021\/05\/Inflacion-mx_opt.jpg","articleSection":["Rep\u00fablica"],"inLanguage":"es","potentialAction":[{"@type":"CommentAction","name":"Comment","target":["https:\/\/www.sonoraenequipo.com.mx\/inflacion-de-abril-se-queda-en-6-08-la-mas-alta-desde-2017\/#respond"]}]},{"@type":"WebPage","@id":"https:\/\/www.sonoraenequipo.com.mx\/inflacion-de-abril-se-queda-en-6-08-la-mas-alta-desde-2017\/","url":"https:\/\/www.sonoraenequipo.com.mx\/inflacion-de-abril-se-queda-en-6-08-la-mas-alta-desde-2017\/","name":"Sonora en Equipo. Inflaci\u00f3n de abril se queda en 6.08%, la m\u00e1s alta desde 2017 Rep\u00fablica","isPartOf":{"@id":"https:\/\/www.sonoraenequipo.com.mx\/#website"},"primaryImageOfPage":{"@id":"https:\/\/www.sonoraenequipo.com.mx\/inflacion-de-abril-se-queda-en-6-08-la-mas-alta-desde-2017\/#primaryimage"},"image":{"@id":"https:\/\/www.sonoraenequipo.com.mx\/inflacion-de-abril-se-queda-en-6-08-la-mas-alta-desde-2017\/#primaryimage"},"thumbnailUrl":"https:\/\/www.sonoraenequipo.com.mx\/storage\/2021\/05\/Inflacion-mx_opt.jpg","datePublished":"2021-05-07T19:14:45+00:00","dateModified":"2021-05-08T01:51:34+00:00","description":"CIUDAD DE M\u00c9XICO.MX. \u2014 En el mes de abril, el \u00cdndice Nacional de Precios al Consumidor (INPC) present\u00f3 una inflaci\u00f3n de 0.33 por ciento respecto al mes En Sonora en Equipo publicamos toda la informaci\u00f3n de Sonora, M\u00e9xico y el Mundo de manera oportuna y busca que la libertad de expresi\u00f3n sea real. Visita nuestro medio informativo publicado desde Hermosillo, Sonora. %","breadcrumb":{"@id":"https:\/\/www.sonoraenequipo.com.mx\/inflacion-de-abril-se-queda-en-6-08-la-mas-alta-desde-2017\/#breadcrumb"},"inLanguage":"es","potentialAction":[{"@type":"ReadAction","target":["https:\/\/www.sonoraenequipo.com.mx\/inflacion-de-abril-se-queda-en-6-08-la-mas-alta-desde-2017\/"]}]},{"@type":"ImageObject","inLanguage":"es","@id":"https:\/\/www.sonoraenequipo.com.mx\/inflacion-de-abril-se-queda-en-6-08-la-mas-alta-desde-2017\/#primaryimage","url":"https:\/\/www.sonoraenequipo.com.mx\/storage\/2021\/05\/Inflacion-mx_opt.jpg","contentUrl":"https:\/\/www.sonoraenequipo.com.mx\/storage\/2021\/05\/Inflacion-mx_opt.jpg","width":600,"height":400},{"@type":"BreadcrumbList","@id":"https:\/\/www.sonoraenequipo.com.mx\/inflacion-de-abril-se-queda-en-6-08-la-mas-alta-desde-2017\/#breadcrumb","itemListElement":[{"@type":"ListItem","position":1,"name":"Portada","item":"https:\/\/www.sonoraenequipo.com.mx\/"},{"@type":"ListItem","position":2,"name":"Inflaci\u00f3n de abril se queda en 6.08%, la m\u00e1s alta desde 2017"}]},{"@type":"WebSite","@id":"https:\/\/www.sonoraenequipo.com.mx\/#website","url":"https:\/\/www.sonoraenequipo.com.mx\/","name":"Sonora en Equipo.","description":"Diario en l\u00ednea con Noticias desde Hermosillo, Sonora","publisher":{"@id":"https:\/\/www.sonoraenequipo.com.mx\/#organization"},"potentialAction":[{"@type":"SearchAction","target":{"@type":"EntryPoint","urlTemplate":"https:\/\/www.sonoraenequipo.com.mx\/?s={search_term_string}"},"query-input":{"@type":"PropertyValueSpecification","valueRequired":true,"valueName":"search_term_string"}}],"inLanguage":"es"},{"@type":"Organization","@id":"https:\/\/www.sonoraenequipo.com.mx\/#organization","name":"Sonoraenequipo.com.mx","url":"https:\/\/www.sonoraenequipo.com.mx\/","logo":{"@type":"ImageObject","inLanguage":"es","@id":"https:\/\/www.sonoraenequipo.com.mx\/#\/schema\/logo\/image\/","url":"https:\/\/www.sonoraenequipo.com.mx\/storage\/2019\/01\/sonoraenequipo_opt.png","contentUrl":"https:\/\/www.sonoraenequipo.com.mx\/storage\/2019\/01\/sonoraenequipo_opt.png","width":375,"height":125,"caption":"Sonoraenequipo.com.mx"},"image":{"@id":"https:\/\/www.sonoraenequipo.com.mx\/#\/schema\/logo\/image\/"},"sameAs":["https:\/\/www.facebook.com\/SonoraEE\/","https:\/\/x.com\/sonoraenequipo","https:\/\/www.youtube.com\/channel\/UC338nW-lPEYmJQs4ZABQ1SQ"]},{"@type":"Person","@id":"https:\/\/www.sonoraenequipo.com.mx\/#\/schema\/person\/50102df0fb23a8fa9e8effad8fa81386","name":"enequipo","image":{"@type":"ImageObject","inLanguage":"es","@id":"https:\/\/www.sonoraenequipo.com.mx\/#\/schema\/person\/image\/","url":"https:\/\/secure.gravatar.com\/avatar\/049821681b589dabc0bc20695993ccebb09f5b5d4d790cd9251b97faac7c652b?s=96&d=blank&r=g","contentUrl":"https:\/\/secure.gravatar.com\/avatar\/049821681b589dabc0bc20695993ccebb09f5b5d4d790cd9251b97faac7c652b?s=96&d=blank&r=g","caption":"enequipo"},"sameAs":["https:\/\/www.facebook.com\/SonoraEE"]}]}},"jetpack_featured_media_url":"https:\/\/www.sonoraenequipo.com.mx\/storage\/2021\/05\/Inflacion-mx_opt.jpg","_links":{"self":[{"href":"https:\/\/www.sonoraenequipo.com.mx\/api\/wp\/v2\/posts\/113403","targetHints":{"allow":["GET"]}}],"collection":[{"href":"https:\/\/www.sonoraenequipo.com.mx\/api\/wp\/v2\/posts"}],"about":[{"href":"https:\/\/www.sonoraenequipo.com.mx\/api\/wp\/v2\/types\/post"}],"author":[{"embeddable":true,"href":"https:\/\/www.sonoraenequipo.com.mx\/api\/wp\/v2\/users\/1"}],"replies":[{"embeddable":true,"href":"https:\/\/www.sonoraenequipo.com.mx\/api\/wp\/v2\/comments?post=113403"}],"version-history":[{"count":1,"href":"https:\/\/www.sonoraenequipo.com.mx\/api\/wp\/v2\/posts\/113403\/revisions"}],"predecessor-version":[{"id":113404,"href":"https:\/\/www.sonoraenequipo.com.mx\/api\/wp\/v2\/posts\/113403\/revisions\/113404"}],"wp:featuredmedia":[{"embeddable":true,"href":"https:\/\/www.sonoraenequipo.com.mx\/api\/wp\/v2\/media\/113367"}],"wp:attachment":[{"href":"https:\/\/www.sonoraenequipo.com.mx\/api\/wp\/v2\/media?parent=113403"}],"wp:term":[{"taxonomy":"category","embeddable":true,"href":"https:\/\/www.sonoraenequipo.com.mx\/api\/wp\/v2\/categories?post=113403"},{"taxonomy":"post_tag","embeddable":true,"href":"https:\/\/www.sonoraenequipo.com.mx\/api\/wp\/v2\/tags?post=113403"}],"curies":[{"name":"wp","href":"https:\/\/api.w.org\/{rel}","templated":true}]}}