{"id":113413,"date":"2021-05-07T18:30:47","date_gmt":"2021-05-08T01:30:47","guid":{"rendered":"https:\/\/www.sonoraenequipo.com.mx\/?p=113413"},"modified":"2021-05-07T19:02:50","modified_gmt":"2021-05-08T02:02:50","slug":"coordinador-de-campana-de-candidato-de-morena-en-chalco-recibe-al-menos-4-disparos","status":"publish","type":"post","link":"https:\/\/www.sonoraenequipo.com.mx\/coordinador-de-campana-de-candidato-de-morena-en-chalco-recibe-al-menos-4-disparos\/","title":{"rendered":"Coordinador de campa\u00f1a de candidato de Morena en Chalco recibe al menos 4 disparos"},"content":{"rendered":"<p>CHALCO, ESTADO DE M\u00c9XICO. MX. \u2014 Fabian \u201cN\u201d, coordinador de campa\u00f1a de Miguel Guti\u00e9rrez Morales, candidato de Morena a la presidencia municipal de Chalco, Estado de M\u00e9xico, fue baleado por sujetos armados al interior de su negocio ubicado en dicho municipio.<\/p>\n<p>&nbsp;<\/p>\n<p> <\/p>\n<p>&nbsp;<\/p>\n<p>Los hechos ocurrieron alrededor de las 21:00 horas del jueves 6 de mayo, cuando la v\u00edctima se encontraba en un local ubicado en la calle Francisco Villa, casi esquina con Aquiles Serd\u00e1n, colonia Ejidal, en Chalco.<\/p>\n<p>&nbsp;<\/p>\n<p>De acuerdo con los reportes preliminares, Fabian \u201cN\u201d fue sorprendido por sujetos armados a bordo de una motocicleta, quienes, sin mediar palabra, irrumpieron al establecimiento y dispararon en su contra en diversas ocasiones. Posteriormente, se dieron a la fuga.<\/p>\n<p>&nbsp;<\/p>\n<p>&nbsp;<\/p>\n<p>En el ataque, Fabi\u00e1n \u201cN\u201d recibi\u00f3 al menos cuatro impactos de bala en el cuerpo, por lo que tuvo que ser trasladado por elementos De la Cruz Roja de Chalco en un helic\u00f3ptero Rel\u00e1mpago de la Secretar\u00eda de Seguridad ciudadana del estado de M\u00e9xico a un hospital de la Ciudad de M\u00e9xico, en donde fue reportado en grave su estado de salud.<\/p>\n<p>&nbsp;<\/p>\n<p><em>\u201cFabi\u00e1n, la persona que lesionaron, ahorita no est\u00e1 conciencie al 100 por ciento. Lleva cuatro impactos de bala y por lo tanto no podemos determinar qu\u00e9 fue lo que sucedi\u00f3. Considero que s\u00ed tenemos que tomar cartas en el asunto, una vez que este estable \u00e9l y que pueda declarar ya la autoridad competente determinara que es lo que sucedi\u00f3<\/em>\u201d, se\u00f1al\u00f3 el candidato en una entrevista.<\/p>\n<p>&nbsp;<\/p>\n<p>&nbsp;<\/p>\n<p>Por otra parte, Miguel Guti\u00e9rrez Morales conden\u00f3 los hechos y exigi\u00f3 a la Fiscal\u00eda General de Justicia del Estado de M\u00e9xico (FGJEM) el esclarecimiento de la agresi\u00f3n.<\/p>\n<p>&nbsp;<\/p>\n<p>&nbsp;<\/p>\n<p>(Publicada el 07\/05\/2021\/Con informaci\u00f3n de la Silla Rota)<\/p>\n","protected":false},"excerpt":{"rendered":"<p>CHALCO, ESTADO DE M\u00c9XICO. MX. \u2014 Fabian \u201cN\u201d, coordinador de campa\u00f1a de Miguel Guti\u00e9rrez Morales,&#8230;<\/p>\n","protected":false},"author":1,"featured_media":113376,"comment_status":"open","ping_status":"open","sticky":false,"template":"","format":"standard","meta":{"_monsterinsights_skip_tracking":false,"_monsterinsights_sitenote_active":false,"_monsterinsights_sitenote_note":"","_monsterinsights_sitenote_category":0,"footnotes":""},"categories":[5],"tags":[],"class_list":["post"],"yoast_head":" \n<title>Sonora en Equipo. Coordinador de campa\u00f1a de candidato de Morena en Chalco recibe al menos 4 disparos Rep\u00fablica<\/title>\n<meta name=\"description\" content=\"CHALCO, ESTADO DE M\u00c9XICO. MX. \u2014 Fabian \u201cN\u201d, coordinador de campa\u00f1a de Miguel Guti\u00e9rrez Morales, candidato de Morena a la presidencia municipal de Chalco, En Sonora en Equipo publicamos toda la informaci\u00f3n de Sonora, M\u00e9xico y el Mundo de manera oportuna y busca que la libertad de expresi\u00f3n sea real. Visita nuestro medio informativo publicado desde Hermosillo, Sonora. %\" \/>\n<meta name=\"robots\" content=\"index, follow, max-snippet:-1, max-image-preview:large, max-video-preview:-1\" \/>\n<link rel=\"canonical\" href=\"https:\/\/www.sonoraenequipo.com.mx\/coordinador-de-campana-de-candidato-de-morena-en-chalco-recibe-al-menos-4-disparos\/\" \/>\n<meta property=\"og:locale\" content=\"es_ES\" \/>\n<meta property=\"og:type\" content=\"article\" \/>\n<meta property=\"og:title\" content=\"Sonora en Equipo. Coordinador de campa\u00f1a de candidato de Morena en Chalco recibe al menos 4 disparos Rep\u00fablica\" \/>\n<meta property=\"og:description\" content=\"CHALCO, ESTADO DE M\u00c9XICO. MX. \u2014 Fabian \u201cN\u201d, coordinador de campa\u00f1a de Miguel Guti\u00e9rrez Morales, candidato de Morena a la presidencia municipal de Chalco, En Sonora en Equipo publicamos toda la informaci\u00f3n de Sonora, M\u00e9xico y el Mundo de manera oportuna y busca que la libertad de expresi\u00f3n sea real. Visita nuestro medio informativo publicado desde Hermosillo, Sonora. %\" \/>\n<meta property=\"og:url\" content=\"https:\/\/www.sonoraenequipo.com.mx\/coordinador-de-campana-de-candidato-de-morena-en-chalco-recibe-al-menos-4-disparos\/\" \/>\n<meta property=\"og:site_name\" content=\"Sonora en Equipo.\" \/>\n<meta property=\"article:publisher\" content=\"https:\/\/www.facebook.com\/SonoraEE\/\" \/>\n<meta property=\"article:author\" content=\"https:\/\/www.facebook.com\/SonoraEE\" \/>\n<meta property=\"article:published_time\" content=\"2021-05-08T01:30:47+00:00\" \/>\n<meta property=\"article:modified_time\" content=\"2021-05-08T02:02:50+00:00\" \/>\n<meta property=\"og:image\" content=\"https:\/\/www.sonoraenequipo.com.mx\/storage\/2021\/05\/Candidato-Chalco_opt.jpg\" \/>\n\t<meta property=\"og:image:width\" content=\"889\" \/>\n\t<meta property=\"og:image:height\" content=\"500\" \/>\n\t<meta property=\"og:image:type\" content=\"image\/jpeg\" \/>\n<meta name=\"author\" content=\"enequipo\" \/>\n<meta name=\"twitter:card\" content=\"summary_large_image\" \/>\n<meta name=\"twitter:creator\" content=\"@sonoraenequipo\" \/>\n<meta name=\"twitter:site\" content=\"@sonoraenequipo\" \/>\n<meta name=\"twitter:label1\" content=\"Escrito por\" \/>\n\t<meta name=\"twitter:data1\" content=\"enequipo\" \/>\n\t<meta name=\"twitter:label2\" content=\"Tiempo de lectura\" \/>\n\t<meta name=\"twitter:data2\" content=\"2 minutos\" \/>\n<script type=\"application\/ld+json\" class=\"yoast-schema-graph\">{\"@context\":\"https:\/\/schema.org\",\"@graph\":[{\"@type\":\"Article\",\"@id\":\"https:\/\/www.sonoraenequipo.com.mx\/coordinador-de-campana-de-candidato-de-morena-en-chalco-recibe-al-menos-4-disparos\/#article\",\"isPartOf\":{\"@id\":\"https:\/\/www.sonoraenequipo.com.mx\/coordinador-de-campana-de-candidato-de-morena-en-chalco-recibe-al-menos-4-disparos\/\"},\"author\":{\"name\":\"enequipo\",\"@id\":\"https:\/\/www.sonoraenequipo.com.mx\/#\/schema\/person\/50102df0fb23a8fa9e8effad8fa81386\"},\"headline\":\"Coordinador de campa\u00f1a de candidato de Morena en Chalco recibe al menos 4 disparos\",\"datePublished\":\"2021-05-08T01:30:47+00:00\",\"dateModified\":\"2021-05-08T02:02:50+00:00\",\"mainEntityOfPage\":{\"@id\":\"https:\/\/www.sonoraenequipo.com.mx\/coordinador-de-campana-de-candidato-de-morena-en-chalco-recibe-al-menos-4-disparos\/\"},\"wordCount\":318,\"commentCount\":0,\"publisher\":{\"@id\":\"https:\/\/www.sonoraenequipo.com.mx\/#organization\"},\"image\":{\"@id\":\"https:\/\/www.sonoraenequipo.com.mx\/coordinador-de-campana-de-candidato-de-morena-en-chalco-recibe-al-menos-4-disparos\/#primaryimage\"},\"thumbnailUrl\":\"https:\/\/www.sonoraenequipo.com.mx\/storage\/2021\/05\/Candidato-Chalco_opt.jpg\",\"articleSection\":[\"Rep\u00fablica\"],\"inLanguage\":\"es\",\"potentialAction\":[{\"@type\":\"CommentAction\",\"name\":\"Comment\",\"target\":[\"https:\/\/www.sonoraenequipo.com.mx\/coordinador-de-campana-de-candidato-de-morena-en-chalco-recibe-al-menos-4-disparos\/#respond\"]}]},{\"@type\":\"WebPage\",\"@id\":\"https:\/\/www.sonoraenequipo.com.mx\/coordinador-de-campana-de-candidato-de-morena-en-chalco-recibe-al-menos-4-disparos\/\",\"url\":\"https:\/\/www.sonoraenequipo.com.mx\/coordinador-de-campana-de-candidato-de-morena-en-chalco-recibe-al-menos-4-disparos\/\",\"name\":\"Sonora en Equipo. Coordinador de campa\u00f1a de candidato de Morena en Chalco recibe al menos 4 disparos Rep\u00fablica\",\"isPartOf\":{\"@id\":\"https:\/\/www.sonoraenequipo.com.mx\/#website\"},\"primaryImageOfPage\":{\"@id\":\"https:\/\/www.sonoraenequipo.com.mx\/coordinador-de-campana-de-candidato-de-morena-en-chalco-recibe-al-menos-4-disparos\/#primaryimage\"},\"image\":{\"@id\":\"https:\/\/www.sonoraenequipo.com.mx\/coordinador-de-campana-de-candidato-de-morena-en-chalco-recibe-al-menos-4-disparos\/#primaryimage\"},\"thumbnailUrl\":\"https:\/\/www.sonoraenequipo.com.mx\/storage\/2021\/05\/Candidato-Chalco_opt.jpg\",\"datePublished\":\"2021-05-08T01:30:47+00:00\",\"dateModified\":\"2021-05-08T02:02:50+00:00\",\"description\":\"CHALCO, ESTADO DE M\u00c9XICO. MX. \u2014 Fabian \u201cN\u201d, coordinador de campa\u00f1a de Miguel Guti\u00e9rrez Morales, candidato de Morena a la presidencia municipal de Chalco, En Sonora en Equipo publicamos toda la informaci\u00f3n de Sonora, M\u00e9xico y el Mundo de manera oportuna y busca que la libertad de expresi\u00f3n sea real. Visita nuestro medio informativo publicado desde Hermosillo, Sonora. %\",\"breadcrumb\":{\"@id\":\"https:\/\/www.sonoraenequipo.com.mx\/coordinador-de-campana-de-candidato-de-morena-en-chalco-recibe-al-menos-4-disparos\/#breadcrumb\"},\"inLanguage\":\"es\",\"potentialAction\":[{\"@type\":\"ReadAction\",\"target\":[\"https:\/\/www.sonoraenequipo.com.mx\/coordinador-de-campana-de-candidato-de-morena-en-chalco-recibe-al-menos-4-disparos\/\"]}]},{\"@type\":\"ImageObject\",\"inLanguage\":\"es\",\"@id\":\"https:\/\/www.sonoraenequipo.com.mx\/coordinador-de-campana-de-candidato-de-morena-en-chalco-recibe-al-menos-4-disparos\/#primaryimage\",\"url\":\"https:\/\/www.sonoraenequipo.com.mx\/storage\/2021\/05\/Candidato-Chalco_opt.jpg\",\"contentUrl\":\"https:\/\/www.sonoraenequipo.com.mx\/storage\/2021\/05\/Candidato-Chalco_opt.jpg\",\"width\":889,\"height\":500},{\"@type\":\"BreadcrumbList\",\"@id\":\"https:\/\/www.sonoraenequipo.com.mx\/coordinador-de-campana-de-candidato-de-morena-en-chalco-recibe-al-menos-4-disparos\/#breadcrumb\",\"itemListElement\":[{\"@type\":\"ListItem\",\"position\":1,\"name\":\"Portada\",\"item\":\"https:\/\/www.sonoraenequipo.com.mx\/\"},{\"@type\":\"ListItem\",\"position\":2,\"name\":\"Coordinador de campa\u00f1a de candidato de Morena en Chalco recibe al menos 4 disparos\"}]},{\"@type\":\"WebSite\",\"@id\":\"https:\/\/www.sonoraenequipo.com.mx\/#website\",\"url\":\"https:\/\/www.sonoraenequipo.com.mx\/\",\"name\":\"Sonora en Equipo.\",\"description\":\"Diario en l\u00ednea con Noticias desde Hermosillo, Sonora\",\"publisher\":{\"@id\":\"https:\/\/www.sonoraenequipo.com.mx\/#organization\"},\"potentialAction\":[{\"@type\":\"SearchAction\",\"target\":{\"@type\":\"EntryPoint\",\"urlTemplate\":\"https:\/\/www.sonoraenequipo.com.mx\/?s={search_term_string}\"},\"query-input\":{\"@type\":\"PropertyValueSpecification\",\"valueRequired\":true,\"valueName\":\"search_term_string\"}}],\"inLanguage\":\"es\"},{\"@type\":\"Organization\",\"@id\":\"https:\/\/www.sonoraenequipo.com.mx\/#organization\",\"name\":\"Sonoraenequipo.com.mx\",\"url\":\"https:\/\/www.sonoraenequipo.com.mx\/\",\"logo\":{\"@type\":\"ImageObject\",\"inLanguage\":\"es\",\"@id\":\"https:\/\/www.sonoraenequipo.com.mx\/#\/schema\/logo\/image\/\",\"url\":\"https:\/\/www.sonoraenequipo.com.mx\/storage\/2019\/01\/sonoraenequipo_opt.png\",\"contentUrl\":\"https:\/\/www.sonoraenequipo.com.mx\/storage\/2019\/01\/sonoraenequipo_opt.png\",\"width\":375,\"height\":125,\"caption\":\"Sonoraenequipo.com.mx\"},\"image\":{\"@id\":\"https:\/\/www.sonoraenequipo.com.mx\/#\/schema\/logo\/image\/\"},\"sameAs\":[\"https:\/\/www.facebook.com\/SonoraEE\/\",\"https:\/\/x.com\/sonoraenequipo\",\"https:\/\/www.youtube.com\/channel\/UC338nW-lPEYmJQs4ZABQ1SQ\"]},{\"@type\":\"Person\",\"@id\":\"https:\/\/www.sonoraenequipo.com.mx\/#\/schema\/person\/50102df0fb23a8fa9e8effad8fa81386\",\"name\":\"enequipo\",\"image\":{\"@type\":\"ImageObject\",\"inLanguage\":\"es\",\"@id\":\"https:\/\/www.sonoraenequipo.com.mx\/#\/schema\/person\/image\/\",\"url\":\"https:\/\/secure.gravatar.com\/avatar\/049821681b589dabc0bc20695993ccebb09f5b5d4d790cd9251b97faac7c652b?s=96&d=blank&r=g\",\"contentUrl\":\"https:\/\/secure.gravatar.com\/avatar\/049821681b589dabc0bc20695993ccebb09f5b5d4d790cd9251b97faac7c652b?s=96&d=blank&r=g\",\"caption\":\"enequipo\"},\"sameAs\":[\"https:\/\/www.facebook.com\/SonoraEE\"]}]}<\/script>\n ","yoast_head_json":{"title":"Sonora en Equipo. Coordinador de campa\u00f1a de candidato de Morena en Chalco recibe al menos 4 disparos Rep\u00fablica","description":"CHALCO, ESTADO DE M\u00c9XICO. MX. \u2014 Fabian \u201cN\u201d, coordinador de campa\u00f1a de Miguel Guti\u00e9rrez Morales, candidato de Morena a la presidencia municipal de Chalco, En Sonora en Equipo publicamos toda la informaci\u00f3n de Sonora, M\u00e9xico y el Mundo de manera oportuna y busca que la libertad de expresi\u00f3n sea real. Visita nuestro medio informativo publicado desde Hermosillo, Sonora. %","robots":{"index":"index","follow":"follow","max-snippet":"max-snippet:-1","max-image-preview":"max-image-preview:large","max-video-preview":"max-video-preview:-1"},"canonical":"https:\/\/www.sonoraenequipo.com.mx\/coordinador-de-campana-de-candidato-de-morena-en-chalco-recibe-al-menos-4-disparos\/","og_locale":"es_ES","og_type":"article","og_title":"Sonora en Equipo. Coordinador de campa\u00f1a de candidato de Morena en Chalco recibe al menos 4 disparos Rep\u00fablica","og_description":"CHALCO, ESTADO DE M\u00c9XICO. MX. \u2014 Fabian \u201cN\u201d, coordinador de campa\u00f1a de Miguel Guti\u00e9rrez Morales, candidato de Morena a la presidencia municipal de Chalco, En Sonora en Equipo publicamos toda la informaci\u00f3n de Sonora, M\u00e9xico y el Mundo de manera oportuna y busca que la libertad de expresi\u00f3n sea real. Visita nuestro medio informativo publicado desde Hermosillo, Sonora. %","og_url":"https:\/\/www.sonoraenequipo.com.mx\/coordinador-de-campana-de-candidato-de-morena-en-chalco-recibe-al-menos-4-disparos\/","og_site_name":"Sonora en Equipo.","article_publisher":"https:\/\/www.facebook.com\/SonoraEE\/","article_author":"https:\/\/www.facebook.com\/SonoraEE","article_published_time":"2021-05-08T01:30:47+00:00","article_modified_time":"2021-05-08T02:02:50+00:00","og_image":[{"width":889,"height":500,"url":"https:\/\/www.sonoraenequipo.com.mx\/storage\/2021\/05\/Candidato-Chalco_opt.jpg","type":"image\/jpeg"}],"author":"enequipo","twitter_card":"summary_large_image","twitter_creator":"@sonoraenequipo","twitter_site":"@sonoraenequipo","twitter_misc":{"Escrito por":"enequipo","Tiempo de lectura":"2 minutos"},"schema":{"@context":"https:\/\/schema.org","@graph":[{"@type":"Article","@id":"https:\/\/www.sonoraenequipo.com.mx\/coordinador-de-campana-de-candidato-de-morena-en-chalco-recibe-al-menos-4-disparos\/#article","isPartOf":{"@id":"https:\/\/www.sonoraenequipo.com.mx\/coordinador-de-campana-de-candidato-de-morena-en-chalco-recibe-al-menos-4-disparos\/"},"author":{"name":"enequipo","@id":"https:\/\/www.sonoraenequipo.com.mx\/#\/schema\/person\/50102df0fb23a8fa9e8effad8fa81386"},"headline":"Coordinador de campa\u00f1a de candidato de Morena en Chalco recibe al menos 4 disparos","datePublished":"2021-05-08T01:30:47+00:00","dateModified":"2021-05-08T02:02:50+00:00","mainEntityOfPage":{"@id":"https:\/\/www.sonoraenequipo.com.mx\/coordinador-de-campana-de-candidato-de-morena-en-chalco-recibe-al-menos-4-disparos\/"},"wordCount":318,"commentCount":0,"publisher":{"@id":"https:\/\/www.sonoraenequipo.com.mx\/#organization"},"image":{"@id":"https:\/\/www.sonoraenequipo.com.mx\/coordinador-de-campana-de-candidato-de-morena-en-chalco-recibe-al-menos-4-disparos\/#primaryimage"},"thumbnailUrl":"https:\/\/www.sonoraenequipo.com.mx\/storage\/2021\/05\/Candidato-Chalco_opt.jpg","articleSection":["Rep\u00fablica"],"inLanguage":"es","potentialAction":[{"@type":"CommentAction","name":"Comment","target":["https:\/\/www.sonoraenequipo.com.mx\/coordinador-de-campana-de-candidato-de-morena-en-chalco-recibe-al-menos-4-disparos\/#respond"]}]},{"@type":"WebPage","@id":"https:\/\/www.sonoraenequipo.com.mx\/coordinador-de-campana-de-candidato-de-morena-en-chalco-recibe-al-menos-4-disparos\/","url":"https:\/\/www.sonoraenequipo.com.mx\/coordinador-de-campana-de-candidato-de-morena-en-chalco-recibe-al-menos-4-disparos\/","name":"Sonora en Equipo. Coordinador de campa\u00f1a de candidato de Morena en Chalco recibe al menos 4 disparos Rep\u00fablica","isPartOf":{"@id":"https:\/\/www.sonoraenequipo.com.mx\/#website"},"primaryImageOfPage":{"@id":"https:\/\/www.sonoraenequipo.com.mx\/coordinador-de-campana-de-candidato-de-morena-en-chalco-recibe-al-menos-4-disparos\/#primaryimage"},"image":{"@id":"https:\/\/www.sonoraenequipo.com.mx\/coordinador-de-campana-de-candidato-de-morena-en-chalco-recibe-al-menos-4-disparos\/#primaryimage"},"thumbnailUrl":"https:\/\/www.sonoraenequipo.com.mx\/storage\/2021\/05\/Candidato-Chalco_opt.jpg","datePublished":"2021-05-08T01:30:47+00:00","dateModified":"2021-05-08T02:02:50+00:00","description":"CHALCO, ESTADO DE M\u00c9XICO. MX. \u2014 Fabian \u201cN\u201d, coordinador de campa\u00f1a de Miguel Guti\u00e9rrez Morales, candidato de Morena a la presidencia municipal de Chalco, En Sonora en Equipo publicamos toda la informaci\u00f3n de Sonora, M\u00e9xico y el Mundo de manera oportuna y busca que la libertad de expresi\u00f3n sea real. Visita nuestro medio informativo publicado desde Hermosillo, Sonora. %","breadcrumb":{"@id":"https:\/\/www.sonoraenequipo.com.mx\/coordinador-de-campana-de-candidato-de-morena-en-chalco-recibe-al-menos-4-disparos\/#breadcrumb"},"inLanguage":"es","potentialAction":[{"@type":"ReadAction","target":["https:\/\/www.sonoraenequipo.com.mx\/coordinador-de-campana-de-candidato-de-morena-en-chalco-recibe-al-menos-4-disparos\/"]}]},{"@type":"ImageObject","inLanguage":"es","@id":"https:\/\/www.sonoraenequipo.com.mx\/coordinador-de-campana-de-candidato-de-morena-en-chalco-recibe-al-menos-4-disparos\/#primaryimage","url":"https:\/\/www.sonoraenequipo.com.mx\/storage\/2021\/05\/Candidato-Chalco_opt.jpg","contentUrl":"https:\/\/www.sonoraenequipo.com.mx\/storage\/2021\/05\/Candidato-Chalco_opt.jpg","width":889,"height":500},{"@type":"BreadcrumbList","@id":"https:\/\/www.sonoraenequipo.com.mx\/coordinador-de-campana-de-candidato-de-morena-en-chalco-recibe-al-menos-4-disparos\/#breadcrumb","itemListElement":[{"@type":"ListItem","position":1,"name":"Portada","item":"https:\/\/www.sonoraenequipo.com.mx\/"},{"@type":"ListItem","position":2,"name":"Coordinador de campa\u00f1a de candidato de Morena en Chalco recibe al menos 4 disparos"}]},{"@type":"WebSite","@id":"https:\/\/www.sonoraenequipo.com.mx\/#website","url":"https:\/\/www.sonoraenequipo.com.mx\/","name":"Sonora en Equipo.","description":"Diario en l\u00ednea con Noticias desde Hermosillo, Sonora","publisher":{"@id":"https:\/\/www.sonoraenequipo.com.mx\/#organization"},"potentialAction":[{"@type":"SearchAction","target":{"@type":"EntryPoint","urlTemplate":"https:\/\/www.sonoraenequipo.com.mx\/?s={search_term_string}"},"query-input":{"@type":"PropertyValueSpecification","valueRequired":true,"valueName":"search_term_string"}}],"inLanguage":"es"},{"@type":"Organization","@id":"https:\/\/www.sonoraenequipo.com.mx\/#organization","name":"Sonoraenequipo.com.mx","url":"https:\/\/www.sonoraenequipo.com.mx\/","logo":{"@type":"ImageObject","inLanguage":"es","@id":"https:\/\/www.sonoraenequipo.com.mx\/#\/schema\/logo\/image\/","url":"https:\/\/www.sonoraenequipo.com.mx\/storage\/2019\/01\/sonoraenequipo_opt.png","contentUrl":"https:\/\/www.sonoraenequipo.com.mx\/storage\/2019\/01\/sonoraenequipo_opt.png","width":375,"height":125,"caption":"Sonoraenequipo.com.mx"},"image":{"@id":"https:\/\/www.sonoraenequipo.com.mx\/#\/schema\/logo\/image\/"},"sameAs":["https:\/\/www.facebook.com\/SonoraEE\/","https:\/\/x.com\/sonoraenequipo","https:\/\/www.youtube.com\/channel\/UC338nW-lPEYmJQs4ZABQ1SQ"]},{"@type":"Person","@id":"https:\/\/www.sonoraenequipo.com.mx\/#\/schema\/person\/50102df0fb23a8fa9e8effad8fa81386","name":"enequipo","image":{"@type":"ImageObject","inLanguage":"es","@id":"https:\/\/www.sonoraenequipo.com.mx\/#\/schema\/person\/image\/","url":"https:\/\/secure.gravatar.com\/avatar\/049821681b589dabc0bc20695993ccebb09f5b5d4d790cd9251b97faac7c652b?s=96&d=blank&r=g","contentUrl":"https:\/\/secure.gravatar.com\/avatar\/049821681b589dabc0bc20695993ccebb09f5b5d4d790cd9251b97faac7c652b?s=96&d=blank&r=g","caption":"enequipo"},"sameAs":["https:\/\/www.facebook.com\/SonoraEE"]}]}},"jetpack_featured_media_url":"https:\/\/www.sonoraenequipo.com.mx\/storage\/2021\/05\/Candidato-Chalco_opt.jpg","_links":{"self":[{"href":"https:\/\/www.sonoraenequipo.com.mx\/api\/wp\/v2\/posts\/113413","targetHints":{"allow":["GET"]}}],"collection":[{"href":"https:\/\/www.sonoraenequipo.com.mx\/api\/wp\/v2\/posts"}],"about":[{"href":"https:\/\/www.sonoraenequipo.com.mx\/api\/wp\/v2\/types\/post"}],"author":[{"embeddable":true,"href":"https:\/\/www.sonoraenequipo.com.mx\/api\/wp\/v2\/users\/1"}],"replies":[{"embeddable":true,"href":"https:\/\/www.sonoraenequipo.com.mx\/api\/wp\/v2\/comments?post=113413"}],"version-history":[{"count":1,"href":"https:\/\/www.sonoraenequipo.com.mx\/api\/wp\/v2\/posts\/113413\/revisions"}],"predecessor-version":[{"id":113414,"href":"https:\/\/www.sonoraenequipo.com.mx\/api\/wp\/v2\/posts\/113413\/revisions\/113414"}],"wp:featuredmedia":[{"embeddable":true,"href":"https:\/\/www.sonoraenequipo.com.mx\/api\/wp\/v2\/media\/113376"}],"wp:attachment":[{"href":"https:\/\/www.sonoraenequipo.com.mx\/api\/wp\/v2\/media?parent=113413"}],"wp:term":[{"taxonomy":"category","embeddable":true,"href":"https:\/\/www.sonoraenequipo.com.mx\/api\/wp\/v2\/categories?post=113413"},{"taxonomy":"post_tag","embeddable":true,"href":"https:\/\/www.sonoraenequipo.com.mx\/api\/wp\/v2\/tags?post=113413"}],"curies":[{"name":"wp","href":"https:\/\/api.w.org\/{rel}","templated":true}]}}