{"id":113426,"date":"2021-05-07T20:25:05","date_gmt":"2021-05-08T03:25:05","guid":{"rendered":"https:\/\/www.sonoraenequipo.com.mx\/?p=113426"},"modified":"2021-05-07T21:14:07","modified_gmt":"2021-05-08T04:14:07","slug":"encuentra-kimberly-a-traves-del-programa-familias-solidarias-un-hogar-para-crecer","status":"publish","type":"post","link":"https:\/\/www.sonoraenequipo.com.mx\/encuentra-kimberly-a-traves-del-programa-familias-solidarias-un-hogar-para-crecer\/","title":{"rendered":"Encuentra Kimberly a trav\u00e9s del programa \u201cFamilias Solidarias\u201d un hogar para crecer"},"content":{"rendered":"<p>HERMOSILLO, SONORA.MX. \u2014 La alegr\u00eda de encontrar un hogar e integrarse a una familia llen\u00f3 la vida de Kimberly, una joven de 16 a\u00f1os que a partir de este viernes integra una \u201cFamilia Solidaria\u201d.<\/p>\n<p>&nbsp;<\/p>\n<p> <\/p>\n<p>&nbsp;<\/p>\n<p><em>\u201cEstamos muy contentos, estas noticias dan valor al trabajo que se realiza con tanto esmero por parte del personal de la Procuradur\u00eda de Protecci\u00f3n de Ni\u00f1as, Ni\u00f1os y Adolescentes; encontrar un hogar, una familia de acogida que garantice el derecho a una vida digna\u201d,<\/em> se\u00f1al\u00f3 Wenceslao Cota Amador.<\/p>\n<p>&nbsp;<\/p>\n<p>&nbsp;<\/p>\n<p>El director general de DIF Sonora dijo que el Programa \u201cFamilias Solidarias\u201d, que impulsa la gobernadora Claudia Pavlovich Arellano, logr\u00f3 la integraci\u00f3n de la estudiante de segundo semestre de preparatoria, quien siempre ha mostrado su intenci\u00f3n de salir adelante e integrase al n\u00facleo familiar.<\/p>\n<p>&nbsp;<\/p>\n<p>Agradeci\u00f3 el inter\u00e9s de personas como Sandra, quien desde que conoci\u00f3 a la adolescente sinti\u00f3 empat\u00eda y busc\u00f3 la forma de integrarla a su hogar, por lo que acudi\u00f3 a DIF Sonora a realizar el protocolo que no lleva m\u00e1s de dos meses.<\/p>\n<p>&nbsp;<\/p>\n<p><em>\u201cPersonas como Sandra demuestran que tenemos mucho que darle a los dem\u00e1s, ella es una persona con dos hijos adultos y casados, con un gran coraz\u00f3n y disposici\u00f3n para ayudar a quienes nos necesitan, estamos seguros que Kimbely estar\u00e1 segura y feliz\u201d<\/em>, se\u00f1al\u00f3.<\/p>\n<p>&nbsp;<\/p>\n<p>As\u00ed tambi\u00e9n, el director del organismo, invit\u00f3 a la comunidad sonorense a promover la adopci\u00f3n de ni\u00f1os mayores de 8 a\u00f1os, quienes se encuentran bajo la tutela de la instituci\u00f3n y buscan un hogar que los cobije con amor y una oportunidad de una vida plena.<\/p>\n<p>&nbsp;<\/p>\n<p>(Publicada el 07\/05\/2021\/AFP)<\/p>\n","protected":false},"excerpt":{"rendered":"<p>HERMOSILLO, SONORA.MX. \u2014 La alegr\u00eda de encontrar un hogar e integrarse a una familia llen\u00f3&#8230;<\/p>\n","protected":false},"author":1,"featured_media":113428,"comment_status":"open","ping_status":"open","sticky":false,"template":"","format":"standard","meta":{"_monsterinsights_skip_tracking":false,"_monsterinsights_sitenote_active":false,"_monsterinsights_sitenote_note":"","_monsterinsights_sitenote_category":0,"footnotes":""},"categories":[22],"tags":[],"class_list":["post"],"yoast_head":" \n<title>Sonora en Equipo. Encuentra Kimberly a trav\u00e9s del programa \u201cFamilias Solidarias\u201d un hogar para crecer Sonora<\/title>\n<meta name=\"description\" content=\"HERMOSILLO, SONORA.MX. \u2014 La alegr\u00eda de encontrar un hogar e integrarse a una familia llen\u00f3 la vida de Kimberly, una joven de 16 a\u00f1os que a partir de este En Sonora en Equipo publicamos toda la informaci\u00f3n de Sonora, M\u00e9xico y el Mundo de manera oportuna y busca que la libertad de expresi\u00f3n sea real. Visita nuestro medio informativo publicado desde Hermosillo, Sonora. %\" \/>\n<meta name=\"robots\" content=\"index, follow, max-snippet:-1, max-image-preview:large, max-video-preview:-1\" \/>\n<link rel=\"canonical\" href=\"https:\/\/www.sonoraenequipo.com.mx\/encuentra-kimberly-a-traves-del-programa-familias-solidarias-un-hogar-para-crecer\/\" \/>\n<meta property=\"og:locale\" content=\"es_ES\" \/>\n<meta property=\"og:type\" content=\"article\" \/>\n<meta property=\"og:title\" content=\"Sonora en Equipo. Encuentra Kimberly a trav\u00e9s del programa \u201cFamilias Solidarias\u201d un hogar para crecer Sonora\" \/>\n<meta property=\"og:description\" content=\"HERMOSILLO, SONORA.MX. \u2014 La alegr\u00eda de encontrar un hogar e integrarse a una familia llen\u00f3 la vida de Kimberly, una joven de 16 a\u00f1os que a partir de este En Sonora en Equipo publicamos toda la informaci\u00f3n de Sonora, M\u00e9xico y el Mundo de manera oportuna y busca que la libertad de expresi\u00f3n sea real. Visita nuestro medio informativo publicado desde Hermosillo, Sonora. %\" \/>\n<meta property=\"og:url\" content=\"https:\/\/www.sonoraenequipo.com.mx\/encuentra-kimberly-a-traves-del-programa-familias-solidarias-un-hogar-para-crecer\/\" \/>\n<meta property=\"og:site_name\" content=\"Sonora en Equipo.\" \/>\n<meta property=\"article:publisher\" content=\"https:\/\/www.facebook.com\/SonoraEE\/\" \/>\n<meta property=\"article:author\" content=\"https:\/\/www.facebook.com\/SonoraEE\" \/>\n<meta property=\"article:published_time\" content=\"2021-05-08T03:25:05+00:00\" \/>\n<meta property=\"article:modified_time\" content=\"2021-05-08T04:14:07+00:00\" \/>\n<meta property=\"og:image\" content=\"https:\/\/www.sonoraenequipo.com.mx\/storage\/2021\/05\/Familias-Solidarias_opt.jpg\" \/>\n\t<meta property=\"og:image:width\" content=\"600\" \/>\n\t<meta property=\"og:image:height\" content=\"400\" \/>\n\t<meta property=\"og:image:type\" content=\"image\/jpeg\" \/>\n<meta name=\"author\" content=\"enequipo\" \/>\n<meta name=\"twitter:card\" content=\"summary_large_image\" \/>\n<meta name=\"twitter:creator\" content=\"@sonoraenequipo\" \/>\n<meta name=\"twitter:site\" content=\"@sonoraenequipo\" \/>\n<meta name=\"twitter:label1\" content=\"Escrito por\" \/>\n\t<meta name=\"twitter:data1\" content=\"enequipo\" \/>\n\t<meta name=\"twitter:label2\" content=\"Tiempo de lectura\" \/>\n\t<meta name=\"twitter:data2\" content=\"2 minutos\" \/>\n<script type=\"application\/ld+json\" class=\"yoast-schema-graph\">{\"@context\":\"https:\/\/schema.org\",\"@graph\":[{\"@type\":\"Article\",\"@id\":\"https:\/\/www.sonoraenequipo.com.mx\/encuentra-kimberly-a-traves-del-programa-familias-solidarias-un-hogar-para-crecer\/#article\",\"isPartOf\":{\"@id\":\"https:\/\/www.sonoraenequipo.com.mx\/encuentra-kimberly-a-traves-del-programa-familias-solidarias-un-hogar-para-crecer\/\"},\"author\":{\"name\":\"enequipo\",\"@id\":\"https:\/\/www.sonoraenequipo.com.mx\/#\/schema\/person\/50102df0fb23a8fa9e8effad8fa81386\"},\"headline\":\"Encuentra Kimberly a trav\u00e9s del programa \u201cFamilias Solidarias\u201d un hogar para crecer\",\"datePublished\":\"2021-05-08T03:25:05+00:00\",\"dateModified\":\"2021-05-08T04:14:07+00:00\",\"mainEntityOfPage\":{\"@id\":\"https:\/\/www.sonoraenequipo.com.mx\/encuentra-kimberly-a-traves-del-programa-familias-solidarias-un-hogar-para-crecer\/\"},\"wordCount\":302,\"commentCount\":0,\"publisher\":{\"@id\":\"https:\/\/www.sonoraenequipo.com.mx\/#organization\"},\"image\":{\"@id\":\"https:\/\/www.sonoraenequipo.com.mx\/encuentra-kimberly-a-traves-del-programa-familias-solidarias-un-hogar-para-crecer\/#primaryimage\"},\"thumbnailUrl\":\"https:\/\/www.sonoraenequipo.com.mx\/storage\/2021\/05\/Familias-Solidarias_opt.jpg\",\"articleSection\":[\"Sonora\"],\"inLanguage\":\"es\",\"potentialAction\":[{\"@type\":\"CommentAction\",\"name\":\"Comment\",\"target\":[\"https:\/\/www.sonoraenequipo.com.mx\/encuentra-kimberly-a-traves-del-programa-familias-solidarias-un-hogar-para-crecer\/#respond\"]}]},{\"@type\":\"WebPage\",\"@id\":\"https:\/\/www.sonoraenequipo.com.mx\/encuentra-kimberly-a-traves-del-programa-familias-solidarias-un-hogar-para-crecer\/\",\"url\":\"https:\/\/www.sonoraenequipo.com.mx\/encuentra-kimberly-a-traves-del-programa-familias-solidarias-un-hogar-para-crecer\/\",\"name\":\"Sonora en Equipo. Encuentra Kimberly a trav\u00e9s del programa \u201cFamilias Solidarias\u201d un hogar para crecer Sonora\",\"isPartOf\":{\"@id\":\"https:\/\/www.sonoraenequipo.com.mx\/#website\"},\"primaryImageOfPage\":{\"@id\":\"https:\/\/www.sonoraenequipo.com.mx\/encuentra-kimberly-a-traves-del-programa-familias-solidarias-un-hogar-para-crecer\/#primaryimage\"},\"image\":{\"@id\":\"https:\/\/www.sonoraenequipo.com.mx\/encuentra-kimberly-a-traves-del-programa-familias-solidarias-un-hogar-para-crecer\/#primaryimage\"},\"thumbnailUrl\":\"https:\/\/www.sonoraenequipo.com.mx\/storage\/2021\/05\/Familias-Solidarias_opt.jpg\",\"datePublished\":\"2021-05-08T03:25:05+00:00\",\"dateModified\":\"2021-05-08T04:14:07+00:00\",\"description\":\"HERMOSILLO, SONORA.MX. \u2014 La alegr\u00eda de encontrar un hogar e integrarse a una familia llen\u00f3 la vida de Kimberly, una joven de 16 a\u00f1os que a partir de este En Sonora en Equipo publicamos toda la informaci\u00f3n de Sonora, M\u00e9xico y el Mundo de manera oportuna y busca que la libertad de expresi\u00f3n sea real. Visita nuestro medio informativo publicado desde Hermosillo, Sonora. %\",\"breadcrumb\":{\"@id\":\"https:\/\/www.sonoraenequipo.com.mx\/encuentra-kimberly-a-traves-del-programa-familias-solidarias-un-hogar-para-crecer\/#breadcrumb\"},\"inLanguage\":\"es\",\"potentialAction\":[{\"@type\":\"ReadAction\",\"target\":[\"https:\/\/www.sonoraenequipo.com.mx\/encuentra-kimberly-a-traves-del-programa-familias-solidarias-un-hogar-para-crecer\/\"]}]},{\"@type\":\"ImageObject\",\"inLanguage\":\"es\",\"@id\":\"https:\/\/www.sonoraenequipo.com.mx\/encuentra-kimberly-a-traves-del-programa-familias-solidarias-un-hogar-para-crecer\/#primaryimage\",\"url\":\"https:\/\/www.sonoraenequipo.com.mx\/storage\/2021\/05\/Familias-Solidarias_opt.jpg\",\"contentUrl\":\"https:\/\/www.sonoraenequipo.com.mx\/storage\/2021\/05\/Familias-Solidarias_opt.jpg\",\"width\":600,\"height\":400},{\"@type\":\"BreadcrumbList\",\"@id\":\"https:\/\/www.sonoraenequipo.com.mx\/encuentra-kimberly-a-traves-del-programa-familias-solidarias-un-hogar-para-crecer\/#breadcrumb\",\"itemListElement\":[{\"@type\":\"ListItem\",\"position\":1,\"name\":\"Portada\",\"item\":\"https:\/\/www.sonoraenequipo.com.mx\/\"},{\"@type\":\"ListItem\",\"position\":2,\"name\":\"Encuentra Kimberly a trav\u00e9s del programa \u201cFamilias Solidarias\u201d un hogar para crecer\"}]},{\"@type\":\"WebSite\",\"@id\":\"https:\/\/www.sonoraenequipo.com.mx\/#website\",\"url\":\"https:\/\/www.sonoraenequipo.com.mx\/\",\"name\":\"Sonora en Equipo.\",\"description\":\"Diario en l\u00ednea con Noticias desde Hermosillo, Sonora\",\"publisher\":{\"@id\":\"https:\/\/www.sonoraenequipo.com.mx\/#organization\"},\"potentialAction\":[{\"@type\":\"SearchAction\",\"target\":{\"@type\":\"EntryPoint\",\"urlTemplate\":\"https:\/\/www.sonoraenequipo.com.mx\/?s={search_term_string}\"},\"query-input\":{\"@type\":\"PropertyValueSpecification\",\"valueRequired\":true,\"valueName\":\"search_term_string\"}}],\"inLanguage\":\"es\"},{\"@type\":\"Organization\",\"@id\":\"https:\/\/www.sonoraenequipo.com.mx\/#organization\",\"name\":\"Sonoraenequipo.com.mx\",\"url\":\"https:\/\/www.sonoraenequipo.com.mx\/\",\"logo\":{\"@type\":\"ImageObject\",\"inLanguage\":\"es\",\"@id\":\"https:\/\/www.sonoraenequipo.com.mx\/#\/schema\/logo\/image\/\",\"url\":\"https:\/\/www.sonoraenequipo.com.mx\/storage\/2019\/01\/sonoraenequipo_opt.png\",\"contentUrl\":\"https:\/\/www.sonoraenequipo.com.mx\/storage\/2019\/01\/sonoraenequipo_opt.png\",\"width\":375,\"height\":125,\"caption\":\"Sonoraenequipo.com.mx\"},\"image\":{\"@id\":\"https:\/\/www.sonoraenequipo.com.mx\/#\/schema\/logo\/image\/\"},\"sameAs\":[\"https:\/\/www.facebook.com\/SonoraEE\/\",\"https:\/\/x.com\/sonoraenequipo\",\"https:\/\/www.youtube.com\/channel\/UC338nW-lPEYmJQs4ZABQ1SQ\"]},{\"@type\":\"Person\",\"@id\":\"https:\/\/www.sonoraenequipo.com.mx\/#\/schema\/person\/50102df0fb23a8fa9e8effad8fa81386\",\"name\":\"enequipo\",\"image\":{\"@type\":\"ImageObject\",\"inLanguage\":\"es\",\"@id\":\"https:\/\/www.sonoraenequipo.com.mx\/#\/schema\/person\/image\/\",\"url\":\"https:\/\/secure.gravatar.com\/avatar\/049821681b589dabc0bc20695993ccebb09f5b5d4d790cd9251b97faac7c652b?s=96&d=blank&r=g\",\"contentUrl\":\"https:\/\/secure.gravatar.com\/avatar\/049821681b589dabc0bc20695993ccebb09f5b5d4d790cd9251b97faac7c652b?s=96&d=blank&r=g\",\"caption\":\"enequipo\"},\"sameAs\":[\"https:\/\/www.facebook.com\/SonoraEE\"]}]}<\/script>\n ","yoast_head_json":{"title":"Sonora en Equipo. Encuentra Kimberly a trav\u00e9s del programa \u201cFamilias Solidarias\u201d un hogar para crecer Sonora","description":"HERMOSILLO, SONORA.MX. \u2014 La alegr\u00eda de encontrar un hogar e integrarse a una familia llen\u00f3 la vida de Kimberly, una joven de 16 a\u00f1os que a partir de este En Sonora en Equipo publicamos toda la informaci\u00f3n de Sonora, M\u00e9xico y el Mundo de manera oportuna y busca que la libertad de expresi\u00f3n sea real. Visita nuestro medio informativo publicado desde Hermosillo, Sonora. %","robots":{"index":"index","follow":"follow","max-snippet":"max-snippet:-1","max-image-preview":"max-image-preview:large","max-video-preview":"max-video-preview:-1"},"canonical":"https:\/\/www.sonoraenequipo.com.mx\/encuentra-kimberly-a-traves-del-programa-familias-solidarias-un-hogar-para-crecer\/","og_locale":"es_ES","og_type":"article","og_title":"Sonora en Equipo. Encuentra Kimberly a trav\u00e9s del programa \u201cFamilias Solidarias\u201d un hogar para crecer Sonora","og_description":"HERMOSILLO, SONORA.MX. \u2014 La alegr\u00eda de encontrar un hogar e integrarse a una familia llen\u00f3 la vida de Kimberly, una joven de 16 a\u00f1os que a partir de este En Sonora en Equipo publicamos toda la informaci\u00f3n de Sonora, M\u00e9xico y el Mundo de manera oportuna y busca que la libertad de expresi\u00f3n sea real. Visita nuestro medio informativo publicado desde Hermosillo, Sonora. %","og_url":"https:\/\/www.sonoraenequipo.com.mx\/encuentra-kimberly-a-traves-del-programa-familias-solidarias-un-hogar-para-crecer\/","og_site_name":"Sonora en Equipo.","article_publisher":"https:\/\/www.facebook.com\/SonoraEE\/","article_author":"https:\/\/www.facebook.com\/SonoraEE","article_published_time":"2021-05-08T03:25:05+00:00","article_modified_time":"2021-05-08T04:14:07+00:00","og_image":[{"width":600,"height":400,"url":"https:\/\/www.sonoraenequipo.com.mx\/storage\/2021\/05\/Familias-Solidarias_opt.jpg","type":"image\/jpeg"}],"author":"enequipo","twitter_card":"summary_large_image","twitter_creator":"@sonoraenequipo","twitter_site":"@sonoraenequipo","twitter_misc":{"Escrito por":"enequipo","Tiempo de lectura":"2 minutos"},"schema":{"@context":"https:\/\/schema.org","@graph":[{"@type":"Article","@id":"https:\/\/www.sonoraenequipo.com.mx\/encuentra-kimberly-a-traves-del-programa-familias-solidarias-un-hogar-para-crecer\/#article","isPartOf":{"@id":"https:\/\/www.sonoraenequipo.com.mx\/encuentra-kimberly-a-traves-del-programa-familias-solidarias-un-hogar-para-crecer\/"},"author":{"name":"enequipo","@id":"https:\/\/www.sonoraenequipo.com.mx\/#\/schema\/person\/50102df0fb23a8fa9e8effad8fa81386"},"headline":"Encuentra Kimberly a trav\u00e9s del programa \u201cFamilias Solidarias\u201d un hogar para crecer","datePublished":"2021-05-08T03:25:05+00:00","dateModified":"2021-05-08T04:14:07+00:00","mainEntityOfPage":{"@id":"https:\/\/www.sonoraenequipo.com.mx\/encuentra-kimberly-a-traves-del-programa-familias-solidarias-un-hogar-para-crecer\/"},"wordCount":302,"commentCount":0,"publisher":{"@id":"https:\/\/www.sonoraenequipo.com.mx\/#organization"},"image":{"@id":"https:\/\/www.sonoraenequipo.com.mx\/encuentra-kimberly-a-traves-del-programa-familias-solidarias-un-hogar-para-crecer\/#primaryimage"},"thumbnailUrl":"https:\/\/www.sonoraenequipo.com.mx\/storage\/2021\/05\/Familias-Solidarias_opt.jpg","articleSection":["Sonora"],"inLanguage":"es","potentialAction":[{"@type":"CommentAction","name":"Comment","target":["https:\/\/www.sonoraenequipo.com.mx\/encuentra-kimberly-a-traves-del-programa-familias-solidarias-un-hogar-para-crecer\/#respond"]}]},{"@type":"WebPage","@id":"https:\/\/www.sonoraenequipo.com.mx\/encuentra-kimberly-a-traves-del-programa-familias-solidarias-un-hogar-para-crecer\/","url":"https:\/\/www.sonoraenequipo.com.mx\/encuentra-kimberly-a-traves-del-programa-familias-solidarias-un-hogar-para-crecer\/","name":"Sonora en Equipo. Encuentra Kimberly a trav\u00e9s del programa \u201cFamilias Solidarias\u201d un hogar para crecer Sonora","isPartOf":{"@id":"https:\/\/www.sonoraenequipo.com.mx\/#website"},"primaryImageOfPage":{"@id":"https:\/\/www.sonoraenequipo.com.mx\/encuentra-kimberly-a-traves-del-programa-familias-solidarias-un-hogar-para-crecer\/#primaryimage"},"image":{"@id":"https:\/\/www.sonoraenequipo.com.mx\/encuentra-kimberly-a-traves-del-programa-familias-solidarias-un-hogar-para-crecer\/#primaryimage"},"thumbnailUrl":"https:\/\/www.sonoraenequipo.com.mx\/storage\/2021\/05\/Familias-Solidarias_opt.jpg","datePublished":"2021-05-08T03:25:05+00:00","dateModified":"2021-05-08T04:14:07+00:00","description":"HERMOSILLO, SONORA.MX. \u2014 La alegr\u00eda de encontrar un hogar e integrarse a una familia llen\u00f3 la vida de Kimberly, una joven de 16 a\u00f1os que a partir de este En Sonora en Equipo publicamos toda la informaci\u00f3n de Sonora, M\u00e9xico y el Mundo de manera oportuna y busca que la libertad de expresi\u00f3n sea real. Visita nuestro medio informativo publicado desde Hermosillo, Sonora. %","breadcrumb":{"@id":"https:\/\/www.sonoraenequipo.com.mx\/encuentra-kimberly-a-traves-del-programa-familias-solidarias-un-hogar-para-crecer\/#breadcrumb"},"inLanguage":"es","potentialAction":[{"@type":"ReadAction","target":["https:\/\/www.sonoraenequipo.com.mx\/encuentra-kimberly-a-traves-del-programa-familias-solidarias-un-hogar-para-crecer\/"]}]},{"@type":"ImageObject","inLanguage":"es","@id":"https:\/\/www.sonoraenequipo.com.mx\/encuentra-kimberly-a-traves-del-programa-familias-solidarias-un-hogar-para-crecer\/#primaryimage","url":"https:\/\/www.sonoraenequipo.com.mx\/storage\/2021\/05\/Familias-Solidarias_opt.jpg","contentUrl":"https:\/\/www.sonoraenequipo.com.mx\/storage\/2021\/05\/Familias-Solidarias_opt.jpg","width":600,"height":400},{"@type":"BreadcrumbList","@id":"https:\/\/www.sonoraenequipo.com.mx\/encuentra-kimberly-a-traves-del-programa-familias-solidarias-un-hogar-para-crecer\/#breadcrumb","itemListElement":[{"@type":"ListItem","position":1,"name":"Portada","item":"https:\/\/www.sonoraenequipo.com.mx\/"},{"@type":"ListItem","position":2,"name":"Encuentra Kimberly a trav\u00e9s del programa \u201cFamilias Solidarias\u201d un hogar para crecer"}]},{"@type":"WebSite","@id":"https:\/\/www.sonoraenequipo.com.mx\/#website","url":"https:\/\/www.sonoraenequipo.com.mx\/","name":"Sonora en Equipo.","description":"Diario en l\u00ednea con Noticias desde Hermosillo, Sonora","publisher":{"@id":"https:\/\/www.sonoraenequipo.com.mx\/#organization"},"potentialAction":[{"@type":"SearchAction","target":{"@type":"EntryPoint","urlTemplate":"https:\/\/www.sonoraenequipo.com.mx\/?s={search_term_string}"},"query-input":{"@type":"PropertyValueSpecification","valueRequired":true,"valueName":"search_term_string"}}],"inLanguage":"es"},{"@type":"Organization","@id":"https:\/\/www.sonoraenequipo.com.mx\/#organization","name":"Sonoraenequipo.com.mx","url":"https:\/\/www.sonoraenequipo.com.mx\/","logo":{"@type":"ImageObject","inLanguage":"es","@id":"https:\/\/www.sonoraenequipo.com.mx\/#\/schema\/logo\/image\/","url":"https:\/\/www.sonoraenequipo.com.mx\/storage\/2019\/01\/sonoraenequipo_opt.png","contentUrl":"https:\/\/www.sonoraenequipo.com.mx\/storage\/2019\/01\/sonoraenequipo_opt.png","width":375,"height":125,"caption":"Sonoraenequipo.com.mx"},"image":{"@id":"https:\/\/www.sonoraenequipo.com.mx\/#\/schema\/logo\/image\/"},"sameAs":["https:\/\/www.facebook.com\/SonoraEE\/","https:\/\/x.com\/sonoraenequipo","https:\/\/www.youtube.com\/channel\/UC338nW-lPEYmJQs4ZABQ1SQ"]},{"@type":"Person","@id":"https:\/\/www.sonoraenequipo.com.mx\/#\/schema\/person\/50102df0fb23a8fa9e8effad8fa81386","name":"enequipo","image":{"@type":"ImageObject","inLanguage":"es","@id":"https:\/\/www.sonoraenequipo.com.mx\/#\/schema\/person\/image\/","url":"https:\/\/secure.gravatar.com\/avatar\/049821681b589dabc0bc20695993ccebb09f5b5d4d790cd9251b97faac7c652b?s=96&d=blank&r=g","contentUrl":"https:\/\/secure.gravatar.com\/avatar\/049821681b589dabc0bc20695993ccebb09f5b5d4d790cd9251b97faac7c652b?s=96&d=blank&r=g","caption":"enequipo"},"sameAs":["https:\/\/www.facebook.com\/SonoraEE"]}]}},"jetpack_featured_media_url":"https:\/\/www.sonoraenequipo.com.mx\/storage\/2021\/05\/Familias-Solidarias_opt.jpg","_links":{"self":[{"href":"https:\/\/www.sonoraenequipo.com.mx\/api\/wp\/v2\/posts\/113426","targetHints":{"allow":["GET"]}}],"collection":[{"href":"https:\/\/www.sonoraenequipo.com.mx\/api\/wp\/v2\/posts"}],"about":[{"href":"https:\/\/www.sonoraenequipo.com.mx\/api\/wp\/v2\/types\/post"}],"author":[{"embeddable":true,"href":"https:\/\/www.sonoraenequipo.com.mx\/api\/wp\/v2\/users\/1"}],"replies":[{"embeddable":true,"href":"https:\/\/www.sonoraenequipo.com.mx\/api\/wp\/v2\/comments?post=113426"}],"version-history":[{"count":3,"href":"https:\/\/www.sonoraenequipo.com.mx\/api\/wp\/v2\/posts\/113426\/revisions"}],"predecessor-version":[{"id":113432,"href":"https:\/\/www.sonoraenequipo.com.mx\/api\/wp\/v2\/posts\/113426\/revisions\/113432"}],"wp:featuredmedia":[{"embeddable":true,"href":"https:\/\/www.sonoraenequipo.com.mx\/api\/wp\/v2\/media\/113428"}],"wp:attachment":[{"href":"https:\/\/www.sonoraenequipo.com.mx\/api\/wp\/v2\/media?parent=113426"}],"wp:term":[{"taxonomy":"category","embeddable":true,"href":"https:\/\/www.sonoraenequipo.com.mx\/api\/wp\/v2\/categories?post=113426"},{"taxonomy":"post_tag","embeddable":true,"href":"https:\/\/www.sonoraenequipo.com.mx\/api\/wp\/v2\/tags?post=113426"}],"curies":[{"name":"wp","href":"https:\/\/api.w.org\/{rel}","templated":true}]}}