{"id":113433,"date":"2021-05-07T19:00:27","date_gmt":"2021-05-08T02:00:27","guid":{"rendered":"https:\/\/www.sonoraenequipo.com.mx\/?p=113433"},"modified":"2021-05-07T21:48:45","modified_gmt":"2021-05-08T04:48:45","slug":"la-secretaria-de-salud-federal-mueve-a-sonora-para-las-siguientes-dos-semanas-en-semaforo-verde","status":"publish","type":"post","link":"https:\/\/www.sonoraenequipo.com.mx\/la-secretaria-de-salud-federal-mueve-a-sonora-para-las-siguientes-dos-semanas-en-semaforo-verde\/","title":{"rendered":"La Secretar\u00eda de Salud federal mueve a Sonora, para las siguientes dos semanas, en sem\u00e1foro verde"},"content":{"rendered":"<p>HERMOSILLO, SONORA. MX. \u2014 Que Sonora haya pasado de amarillo a verde en el Sem\u00e1foro Epidemiol\u00f3gico Nacional no debe alentar a la poblaci\u00f3n a creer que la pandemia ha terminado, por el contrario, se debe seguir con las acciones preventivas de contagios, recalc\u00f3 Enrique Clausen Iberri, luego de conocerse que el estado, a partir del lunes 10 de Mayo y por las siguientes dos semanas estar\u00e1 en el color verde.<\/p>\n<p>&nbsp;<\/p>\n<p> <\/p>\n<p>&nbsp;<\/p>\n<p>El secretario de Salud en Sonora extern\u00f3 que el color verde donde se situ\u00f3 este viernes a la entidad es resultado de los indicadores con los que califica la Secretar\u00eda de Salud Federal, sin embargo, no existe color nulo de riesgos.<\/p>\n<p>&nbsp;<\/p>\n<p>\u2018\u2019<em>Cu\u00eddate mucho y protege a tus seres queridos. No es momento de festejar, es momento de mantener la cordura, sigamos cuid\u00e1ndonos como si estuvi\u00e9ramos en sem\u00e1foro rojo. Este viernes el Gobierno Federal pas\u00f3 a Sonora a color verde en el sem\u00e1foro epidemiol\u00f3gico nacional. Este resultado con el que nos califica la Secretar\u00eda de Salud Federal no te debe, por ning\u00fan motivo, alentar a salir como si el COVID se hubiera ido\u2019\u2019,<\/em> apunt\u00f3.<\/p>\n<p>&nbsp;<\/p>\n<p>Clausen Iberri record\u00f3 que siempre ha dicho que no importa el color en el que se sit\u00fae al estado en el sem\u00e1foro epidemiol\u00f3gico, se debe mantener una actitud preventiva y, ahora, aplicar la regla de cuatro: uso correcto del cubrebocas, lavado de manos, sana distancia y procurar estar en lugares ventilados.<\/p>\n<p>&nbsp;<\/p>\n<p><em>\u2018\u2019Mucho ojo con esto, ponte trucha, no debemos bajar la guardia. El coronavirus no se ha ido a ninguna parte, sigue esperando a que te descuides para contagiarte\u2019\u2019<\/em>, advirti\u00f3.<\/p>\n<p>&nbsp;<\/p>\n<p>Por \u00faltimo, record\u00f3 que la pandemia por COVID-19 ha dejado en Sonora 73 mil 277 personas contagiadas del virus y 6 mil 281 defunciones, por lo cual es primordial que la poblaci\u00f3n siga con las acciones preventivas de contagios.<\/p>\n<p>&nbsp;<\/p>\n<p>&nbsp;<\/p>\n<p>(Publicada el 07\/05\/2021\/AFP)<\/p>\n","protected":false},"excerpt":{"rendered":"<p>HERMOSILLO, SONORA. MX. \u2014 Que Sonora haya pasado de amarillo a verde en el Sem\u00e1foro&#8230;<\/p>\n","protected":false},"author":1,"featured_media":113435,"comment_status":"open","ping_status":"open","sticky":false,"template":"","format":"standard","meta":{"_monsterinsights_skip_tracking":false,"_monsterinsights_sitenote_active":false,"_monsterinsights_sitenote_note":"","_monsterinsights_sitenote_category":0,"footnotes":""},"categories":[22],"tags":[],"class_list":["post"],"yoast_head":" \n<title>Sonora en Equipo. La Secretar\u00eda de Salud federal mueve a Sonora, para las siguientes dos semanas, en sem\u00e1foro verde Sonora<\/title>\n<meta name=\"description\" content=\"HERMOSILLO, SONORA. MX. \u2014 Que Sonora haya pasado de amarillo a verde en el Sem\u00e1foro Epidemiol\u00f3gico Nacional no debe alentar a la poblaci\u00f3n a creer que la En Sonora en Equipo publicamos toda la informaci\u00f3n de Sonora, M\u00e9xico y el Mundo de manera oportuna y busca que la libertad de expresi\u00f3n sea real. Visita nuestro medio informativo publicado desde Hermosillo, Sonora. %\" \/>\n<meta name=\"robots\" content=\"index, follow, max-snippet:-1, max-image-preview:large, max-video-preview:-1\" \/>\n<link rel=\"canonical\" href=\"https:\/\/www.sonoraenequipo.com.mx\/la-secretaria-de-salud-federal-mueve-a-sonora-para-las-siguientes-dos-semanas-en-semaforo-verde\/\" \/>\n<meta property=\"og:locale\" content=\"es_ES\" \/>\n<meta property=\"og:type\" content=\"article\" \/>\n<meta property=\"og:title\" content=\"Sonora en Equipo. La Secretar\u00eda de Salud federal mueve a Sonora, para las siguientes dos semanas, en sem\u00e1foro verde Sonora\" \/>\n<meta property=\"og:description\" content=\"HERMOSILLO, SONORA. MX. \u2014 Que Sonora haya pasado de amarillo a verde en el Sem\u00e1foro Epidemiol\u00f3gico Nacional no debe alentar a la poblaci\u00f3n a creer que la En Sonora en Equipo publicamos toda la informaci\u00f3n de Sonora, M\u00e9xico y el Mundo de manera oportuna y busca que la libertad de expresi\u00f3n sea real. Visita nuestro medio informativo publicado desde Hermosillo, Sonora. %\" \/>\n<meta property=\"og:url\" content=\"https:\/\/www.sonoraenequipo.com.mx\/la-secretaria-de-salud-federal-mueve-a-sonora-para-las-siguientes-dos-semanas-en-semaforo-verde\/\" \/>\n<meta property=\"og:site_name\" content=\"Sonora en Equipo.\" \/>\n<meta property=\"article:publisher\" content=\"https:\/\/www.facebook.com\/SonoraEE\/\" \/>\n<meta property=\"article:author\" content=\"https:\/\/www.facebook.com\/SonoraEE\" \/>\n<meta property=\"article:published_time\" content=\"2021-05-08T02:00:27+00:00\" \/>\n<meta property=\"article:modified_time\" content=\"2021-05-08T04:48:45+00:00\" \/>\n<meta property=\"og:image\" content=\"https:\/\/www.sonoraenequipo.com.mx\/storage\/2021\/05\/claussen1_opt.jpg\" \/>\n\t<meta property=\"og:image:width\" content=\"711\" \/>\n\t<meta property=\"og:image:height\" content=\"400\" \/>\n\t<meta property=\"og:image:type\" content=\"image\/jpeg\" \/>\n<meta name=\"author\" content=\"enequipo\" \/>\n<meta name=\"twitter:card\" content=\"summary_large_image\" \/>\n<meta name=\"twitter:creator\" content=\"@sonoraenequipo\" \/>\n<meta name=\"twitter:site\" content=\"@sonoraenequipo\" \/>\n<meta name=\"twitter:label1\" content=\"Escrito por\" \/>\n\t<meta name=\"twitter:data1\" content=\"enequipo\" \/>\n\t<meta name=\"twitter:label2\" content=\"Tiempo de lectura\" \/>\n\t<meta name=\"twitter:data2\" content=\"2 minutos\" \/>\n<script type=\"application\/ld+json\" class=\"yoast-schema-graph\">{\"@context\":\"https:\/\/schema.org\",\"@graph\":[{\"@type\":\"Article\",\"@id\":\"https:\/\/www.sonoraenequipo.com.mx\/la-secretaria-de-salud-federal-mueve-a-sonora-para-las-siguientes-dos-semanas-en-semaforo-verde\/#article\",\"isPartOf\":{\"@id\":\"https:\/\/www.sonoraenequipo.com.mx\/la-secretaria-de-salud-federal-mueve-a-sonora-para-las-siguientes-dos-semanas-en-semaforo-verde\/\"},\"author\":{\"name\":\"enequipo\",\"@id\":\"https:\/\/www.sonoraenequipo.com.mx\/#\/schema\/person\/50102df0fb23a8fa9e8effad8fa81386\"},\"headline\":\"La Secretar\u00eda de Salud federal mueve a Sonora, para las siguientes dos semanas, en sem\u00e1foro verde\",\"datePublished\":\"2021-05-08T02:00:27+00:00\",\"dateModified\":\"2021-05-08T04:48:45+00:00\",\"mainEntityOfPage\":{\"@id\":\"https:\/\/www.sonoraenequipo.com.mx\/la-secretaria-de-salud-federal-mueve-a-sonora-para-las-siguientes-dos-semanas-en-semaforo-verde\/\"},\"wordCount\":341,\"commentCount\":0,\"publisher\":{\"@id\":\"https:\/\/www.sonoraenequipo.com.mx\/#organization\"},\"image\":{\"@id\":\"https:\/\/www.sonoraenequipo.com.mx\/la-secretaria-de-salud-federal-mueve-a-sonora-para-las-siguientes-dos-semanas-en-semaforo-verde\/#primaryimage\"},\"thumbnailUrl\":\"https:\/\/www.sonoraenequipo.com.mx\/storage\/2021\/05\/claussen1_opt.jpg\",\"articleSection\":[\"Sonora\"],\"inLanguage\":\"es\",\"potentialAction\":[{\"@type\":\"CommentAction\",\"name\":\"Comment\",\"target\":[\"https:\/\/www.sonoraenequipo.com.mx\/la-secretaria-de-salud-federal-mueve-a-sonora-para-las-siguientes-dos-semanas-en-semaforo-verde\/#respond\"]}]},{\"@type\":\"WebPage\",\"@id\":\"https:\/\/www.sonoraenequipo.com.mx\/la-secretaria-de-salud-federal-mueve-a-sonora-para-las-siguientes-dos-semanas-en-semaforo-verde\/\",\"url\":\"https:\/\/www.sonoraenequipo.com.mx\/la-secretaria-de-salud-federal-mueve-a-sonora-para-las-siguientes-dos-semanas-en-semaforo-verde\/\",\"name\":\"Sonora en Equipo. La Secretar\u00eda de Salud federal mueve a Sonora, para las siguientes dos semanas, en sem\u00e1foro verde Sonora\",\"isPartOf\":{\"@id\":\"https:\/\/www.sonoraenequipo.com.mx\/#website\"},\"primaryImageOfPage\":{\"@id\":\"https:\/\/www.sonoraenequipo.com.mx\/la-secretaria-de-salud-federal-mueve-a-sonora-para-las-siguientes-dos-semanas-en-semaforo-verde\/#primaryimage\"},\"image\":{\"@id\":\"https:\/\/www.sonoraenequipo.com.mx\/la-secretaria-de-salud-federal-mueve-a-sonora-para-las-siguientes-dos-semanas-en-semaforo-verde\/#primaryimage\"},\"thumbnailUrl\":\"https:\/\/www.sonoraenequipo.com.mx\/storage\/2021\/05\/claussen1_opt.jpg\",\"datePublished\":\"2021-05-08T02:00:27+00:00\",\"dateModified\":\"2021-05-08T04:48:45+00:00\",\"description\":\"HERMOSILLO, SONORA. MX. \u2014 Que Sonora haya pasado de amarillo a verde en el Sem\u00e1foro Epidemiol\u00f3gico Nacional no debe alentar a la poblaci\u00f3n a creer que la En Sonora en Equipo publicamos toda la informaci\u00f3n de Sonora, M\u00e9xico y el Mundo de manera oportuna y busca que la libertad de expresi\u00f3n sea real. Visita nuestro medio informativo publicado desde Hermosillo, Sonora. %\",\"breadcrumb\":{\"@id\":\"https:\/\/www.sonoraenequipo.com.mx\/la-secretaria-de-salud-federal-mueve-a-sonora-para-las-siguientes-dos-semanas-en-semaforo-verde\/#breadcrumb\"},\"inLanguage\":\"es\",\"potentialAction\":[{\"@type\":\"ReadAction\",\"target\":[\"https:\/\/www.sonoraenequipo.com.mx\/la-secretaria-de-salud-federal-mueve-a-sonora-para-las-siguientes-dos-semanas-en-semaforo-verde\/\"]}]},{\"@type\":\"ImageObject\",\"inLanguage\":\"es\",\"@id\":\"https:\/\/www.sonoraenequipo.com.mx\/la-secretaria-de-salud-federal-mueve-a-sonora-para-las-siguientes-dos-semanas-en-semaforo-verde\/#primaryimage\",\"url\":\"https:\/\/www.sonoraenequipo.com.mx\/storage\/2021\/05\/claussen1_opt.jpg\",\"contentUrl\":\"https:\/\/www.sonoraenequipo.com.mx\/storage\/2021\/05\/claussen1_opt.jpg\",\"width\":711,\"height\":400},{\"@type\":\"BreadcrumbList\",\"@id\":\"https:\/\/www.sonoraenequipo.com.mx\/la-secretaria-de-salud-federal-mueve-a-sonora-para-las-siguientes-dos-semanas-en-semaforo-verde\/#breadcrumb\",\"itemListElement\":[{\"@type\":\"ListItem\",\"position\":1,\"name\":\"Portada\",\"item\":\"https:\/\/www.sonoraenequipo.com.mx\/\"},{\"@type\":\"ListItem\",\"position\":2,\"name\":\"La Secretar\u00eda de Salud federal mueve a Sonora, para las siguientes dos semanas, en sem\u00e1foro verde\"}]},{\"@type\":\"WebSite\",\"@id\":\"https:\/\/www.sonoraenequipo.com.mx\/#website\",\"url\":\"https:\/\/www.sonoraenequipo.com.mx\/\",\"name\":\"Sonora en Equipo.\",\"description\":\"Diario en l\u00ednea con Noticias desde Hermosillo, Sonora\",\"publisher\":{\"@id\":\"https:\/\/www.sonoraenequipo.com.mx\/#organization\"},\"potentialAction\":[{\"@type\":\"SearchAction\",\"target\":{\"@type\":\"EntryPoint\",\"urlTemplate\":\"https:\/\/www.sonoraenequipo.com.mx\/?s={search_term_string}\"},\"query-input\":{\"@type\":\"PropertyValueSpecification\",\"valueRequired\":true,\"valueName\":\"search_term_string\"}}],\"inLanguage\":\"es\"},{\"@type\":\"Organization\",\"@id\":\"https:\/\/www.sonoraenequipo.com.mx\/#organization\",\"name\":\"Sonoraenequipo.com.mx\",\"url\":\"https:\/\/www.sonoraenequipo.com.mx\/\",\"logo\":{\"@type\":\"ImageObject\",\"inLanguage\":\"es\",\"@id\":\"https:\/\/www.sonoraenequipo.com.mx\/#\/schema\/logo\/image\/\",\"url\":\"https:\/\/www.sonoraenequipo.com.mx\/storage\/2019\/01\/sonoraenequipo_opt.png\",\"contentUrl\":\"https:\/\/www.sonoraenequipo.com.mx\/storage\/2019\/01\/sonoraenequipo_opt.png\",\"width\":375,\"height\":125,\"caption\":\"Sonoraenequipo.com.mx\"},\"image\":{\"@id\":\"https:\/\/www.sonoraenequipo.com.mx\/#\/schema\/logo\/image\/\"},\"sameAs\":[\"https:\/\/www.facebook.com\/SonoraEE\/\",\"https:\/\/x.com\/sonoraenequipo\",\"https:\/\/www.youtube.com\/channel\/UC338nW-lPEYmJQs4ZABQ1SQ\"]},{\"@type\":\"Person\",\"@id\":\"https:\/\/www.sonoraenequipo.com.mx\/#\/schema\/person\/50102df0fb23a8fa9e8effad8fa81386\",\"name\":\"enequipo\",\"image\":{\"@type\":\"ImageObject\",\"inLanguage\":\"es\",\"@id\":\"https:\/\/www.sonoraenequipo.com.mx\/#\/schema\/person\/image\/\",\"url\":\"https:\/\/secure.gravatar.com\/avatar\/049821681b589dabc0bc20695993ccebb09f5b5d4d790cd9251b97faac7c652b?s=96&d=blank&r=g\",\"contentUrl\":\"https:\/\/secure.gravatar.com\/avatar\/049821681b589dabc0bc20695993ccebb09f5b5d4d790cd9251b97faac7c652b?s=96&d=blank&r=g\",\"caption\":\"enequipo\"},\"sameAs\":[\"https:\/\/www.facebook.com\/SonoraEE\"]}]}<\/script>\n ","yoast_head_json":{"title":"Sonora en Equipo. La Secretar\u00eda de Salud federal mueve a Sonora, para las siguientes dos semanas, en sem\u00e1foro verde Sonora","description":"HERMOSILLO, SONORA. MX. \u2014 Que Sonora haya pasado de amarillo a verde en el Sem\u00e1foro Epidemiol\u00f3gico Nacional no debe alentar a la poblaci\u00f3n a creer que la En Sonora en Equipo publicamos toda la informaci\u00f3n de Sonora, M\u00e9xico y el Mundo de manera oportuna y busca que la libertad de expresi\u00f3n sea real. Visita nuestro medio informativo publicado desde Hermosillo, Sonora. %","robots":{"index":"index","follow":"follow","max-snippet":"max-snippet:-1","max-image-preview":"max-image-preview:large","max-video-preview":"max-video-preview:-1"},"canonical":"https:\/\/www.sonoraenequipo.com.mx\/la-secretaria-de-salud-federal-mueve-a-sonora-para-las-siguientes-dos-semanas-en-semaforo-verde\/","og_locale":"es_ES","og_type":"article","og_title":"Sonora en Equipo. La Secretar\u00eda de Salud federal mueve a Sonora, para las siguientes dos semanas, en sem\u00e1foro verde Sonora","og_description":"HERMOSILLO, SONORA. MX. \u2014 Que Sonora haya pasado de amarillo a verde en el Sem\u00e1foro Epidemiol\u00f3gico Nacional no debe alentar a la poblaci\u00f3n a creer que la En Sonora en Equipo publicamos toda la informaci\u00f3n de Sonora, M\u00e9xico y el Mundo de manera oportuna y busca que la libertad de expresi\u00f3n sea real. Visita nuestro medio informativo publicado desde Hermosillo, Sonora. %","og_url":"https:\/\/www.sonoraenequipo.com.mx\/la-secretaria-de-salud-federal-mueve-a-sonora-para-las-siguientes-dos-semanas-en-semaforo-verde\/","og_site_name":"Sonora en Equipo.","article_publisher":"https:\/\/www.facebook.com\/SonoraEE\/","article_author":"https:\/\/www.facebook.com\/SonoraEE","article_published_time":"2021-05-08T02:00:27+00:00","article_modified_time":"2021-05-08T04:48:45+00:00","og_image":[{"width":711,"height":400,"url":"https:\/\/www.sonoraenequipo.com.mx\/storage\/2021\/05\/claussen1_opt.jpg","type":"image\/jpeg"}],"author":"enequipo","twitter_card":"summary_large_image","twitter_creator":"@sonoraenequipo","twitter_site":"@sonoraenequipo","twitter_misc":{"Escrito por":"enequipo","Tiempo de lectura":"2 minutos"},"schema":{"@context":"https:\/\/schema.org","@graph":[{"@type":"Article","@id":"https:\/\/www.sonoraenequipo.com.mx\/la-secretaria-de-salud-federal-mueve-a-sonora-para-las-siguientes-dos-semanas-en-semaforo-verde\/#article","isPartOf":{"@id":"https:\/\/www.sonoraenequipo.com.mx\/la-secretaria-de-salud-federal-mueve-a-sonora-para-las-siguientes-dos-semanas-en-semaforo-verde\/"},"author":{"name":"enequipo","@id":"https:\/\/www.sonoraenequipo.com.mx\/#\/schema\/person\/50102df0fb23a8fa9e8effad8fa81386"},"headline":"La Secretar\u00eda de Salud federal mueve a Sonora, para las siguientes dos semanas, en sem\u00e1foro verde","datePublished":"2021-05-08T02:00:27+00:00","dateModified":"2021-05-08T04:48:45+00:00","mainEntityOfPage":{"@id":"https:\/\/www.sonoraenequipo.com.mx\/la-secretaria-de-salud-federal-mueve-a-sonora-para-las-siguientes-dos-semanas-en-semaforo-verde\/"},"wordCount":341,"commentCount":0,"publisher":{"@id":"https:\/\/www.sonoraenequipo.com.mx\/#organization"},"image":{"@id":"https:\/\/www.sonoraenequipo.com.mx\/la-secretaria-de-salud-federal-mueve-a-sonora-para-las-siguientes-dos-semanas-en-semaforo-verde\/#primaryimage"},"thumbnailUrl":"https:\/\/www.sonoraenequipo.com.mx\/storage\/2021\/05\/claussen1_opt.jpg","articleSection":["Sonora"],"inLanguage":"es","potentialAction":[{"@type":"CommentAction","name":"Comment","target":["https:\/\/www.sonoraenequipo.com.mx\/la-secretaria-de-salud-federal-mueve-a-sonora-para-las-siguientes-dos-semanas-en-semaforo-verde\/#respond"]}]},{"@type":"WebPage","@id":"https:\/\/www.sonoraenequipo.com.mx\/la-secretaria-de-salud-federal-mueve-a-sonora-para-las-siguientes-dos-semanas-en-semaforo-verde\/","url":"https:\/\/www.sonoraenequipo.com.mx\/la-secretaria-de-salud-federal-mueve-a-sonora-para-las-siguientes-dos-semanas-en-semaforo-verde\/","name":"Sonora en Equipo. La Secretar\u00eda de Salud federal mueve a Sonora, para las siguientes dos semanas, en sem\u00e1foro verde Sonora","isPartOf":{"@id":"https:\/\/www.sonoraenequipo.com.mx\/#website"},"primaryImageOfPage":{"@id":"https:\/\/www.sonoraenequipo.com.mx\/la-secretaria-de-salud-federal-mueve-a-sonora-para-las-siguientes-dos-semanas-en-semaforo-verde\/#primaryimage"},"image":{"@id":"https:\/\/www.sonoraenequipo.com.mx\/la-secretaria-de-salud-federal-mueve-a-sonora-para-las-siguientes-dos-semanas-en-semaforo-verde\/#primaryimage"},"thumbnailUrl":"https:\/\/www.sonoraenequipo.com.mx\/storage\/2021\/05\/claussen1_opt.jpg","datePublished":"2021-05-08T02:00:27+00:00","dateModified":"2021-05-08T04:48:45+00:00","description":"HERMOSILLO, SONORA. MX. \u2014 Que Sonora haya pasado de amarillo a verde en el Sem\u00e1foro Epidemiol\u00f3gico Nacional no debe alentar a la poblaci\u00f3n a creer que la En Sonora en Equipo publicamos toda la informaci\u00f3n de Sonora, M\u00e9xico y el Mundo de manera oportuna y busca que la libertad de expresi\u00f3n sea real. Visita nuestro medio informativo publicado desde Hermosillo, Sonora. %","breadcrumb":{"@id":"https:\/\/www.sonoraenequipo.com.mx\/la-secretaria-de-salud-federal-mueve-a-sonora-para-las-siguientes-dos-semanas-en-semaforo-verde\/#breadcrumb"},"inLanguage":"es","potentialAction":[{"@type":"ReadAction","target":["https:\/\/www.sonoraenequipo.com.mx\/la-secretaria-de-salud-federal-mueve-a-sonora-para-las-siguientes-dos-semanas-en-semaforo-verde\/"]}]},{"@type":"ImageObject","inLanguage":"es","@id":"https:\/\/www.sonoraenequipo.com.mx\/la-secretaria-de-salud-federal-mueve-a-sonora-para-las-siguientes-dos-semanas-en-semaforo-verde\/#primaryimage","url":"https:\/\/www.sonoraenequipo.com.mx\/storage\/2021\/05\/claussen1_opt.jpg","contentUrl":"https:\/\/www.sonoraenequipo.com.mx\/storage\/2021\/05\/claussen1_opt.jpg","width":711,"height":400},{"@type":"BreadcrumbList","@id":"https:\/\/www.sonoraenequipo.com.mx\/la-secretaria-de-salud-federal-mueve-a-sonora-para-las-siguientes-dos-semanas-en-semaforo-verde\/#breadcrumb","itemListElement":[{"@type":"ListItem","position":1,"name":"Portada","item":"https:\/\/www.sonoraenequipo.com.mx\/"},{"@type":"ListItem","position":2,"name":"La Secretar\u00eda de Salud federal mueve a Sonora, para las siguientes dos semanas, en sem\u00e1foro verde"}]},{"@type":"WebSite","@id":"https:\/\/www.sonoraenequipo.com.mx\/#website","url":"https:\/\/www.sonoraenequipo.com.mx\/","name":"Sonora en Equipo.","description":"Diario en l\u00ednea con Noticias desde Hermosillo, Sonora","publisher":{"@id":"https:\/\/www.sonoraenequipo.com.mx\/#organization"},"potentialAction":[{"@type":"SearchAction","target":{"@type":"EntryPoint","urlTemplate":"https:\/\/www.sonoraenequipo.com.mx\/?s={search_term_string}"},"query-input":{"@type":"PropertyValueSpecification","valueRequired":true,"valueName":"search_term_string"}}],"inLanguage":"es"},{"@type":"Organization","@id":"https:\/\/www.sonoraenequipo.com.mx\/#organization","name":"Sonoraenequipo.com.mx","url":"https:\/\/www.sonoraenequipo.com.mx\/","logo":{"@type":"ImageObject","inLanguage":"es","@id":"https:\/\/www.sonoraenequipo.com.mx\/#\/schema\/logo\/image\/","url":"https:\/\/www.sonoraenequipo.com.mx\/storage\/2019\/01\/sonoraenequipo_opt.png","contentUrl":"https:\/\/www.sonoraenequipo.com.mx\/storage\/2019\/01\/sonoraenequipo_opt.png","width":375,"height":125,"caption":"Sonoraenequipo.com.mx"},"image":{"@id":"https:\/\/www.sonoraenequipo.com.mx\/#\/schema\/logo\/image\/"},"sameAs":["https:\/\/www.facebook.com\/SonoraEE\/","https:\/\/x.com\/sonoraenequipo","https:\/\/www.youtube.com\/channel\/UC338nW-lPEYmJQs4ZABQ1SQ"]},{"@type":"Person","@id":"https:\/\/www.sonoraenequipo.com.mx\/#\/schema\/person\/50102df0fb23a8fa9e8effad8fa81386","name":"enequipo","image":{"@type":"ImageObject","inLanguage":"es","@id":"https:\/\/www.sonoraenequipo.com.mx\/#\/schema\/person\/image\/","url":"https:\/\/secure.gravatar.com\/avatar\/049821681b589dabc0bc20695993ccebb09f5b5d4d790cd9251b97faac7c652b?s=96&d=blank&r=g","contentUrl":"https:\/\/secure.gravatar.com\/avatar\/049821681b589dabc0bc20695993ccebb09f5b5d4d790cd9251b97faac7c652b?s=96&d=blank&r=g","caption":"enequipo"},"sameAs":["https:\/\/www.facebook.com\/SonoraEE"]}]}},"jetpack_featured_media_url":"https:\/\/www.sonoraenequipo.com.mx\/storage\/2021\/05\/claussen1_opt.jpg","_links":{"self":[{"href":"https:\/\/www.sonoraenequipo.com.mx\/api\/wp\/v2\/posts\/113433","targetHints":{"allow":["GET"]}}],"collection":[{"href":"https:\/\/www.sonoraenequipo.com.mx\/api\/wp\/v2\/posts"}],"about":[{"href":"https:\/\/www.sonoraenequipo.com.mx\/api\/wp\/v2\/types\/post"}],"author":[{"embeddable":true,"href":"https:\/\/www.sonoraenequipo.com.mx\/api\/wp\/v2\/users\/1"}],"replies":[{"embeddable":true,"href":"https:\/\/www.sonoraenequipo.com.mx\/api\/wp\/v2\/comments?post=113433"}],"version-history":[{"count":1,"href":"https:\/\/www.sonoraenequipo.com.mx\/api\/wp\/v2\/posts\/113433\/revisions"}],"predecessor-version":[{"id":113436,"href":"https:\/\/www.sonoraenequipo.com.mx\/api\/wp\/v2\/posts\/113433\/revisions\/113436"}],"wp:featuredmedia":[{"embeddable":true,"href":"https:\/\/www.sonoraenequipo.com.mx\/api\/wp\/v2\/media\/113435"}],"wp:attachment":[{"href":"https:\/\/www.sonoraenequipo.com.mx\/api\/wp\/v2\/media?parent=113433"}],"wp:term":[{"taxonomy":"category","embeddable":true,"href":"https:\/\/www.sonoraenequipo.com.mx\/api\/wp\/v2\/categories?post=113433"},{"taxonomy":"post_tag","embeddable":true,"href":"https:\/\/www.sonoraenequipo.com.mx\/api\/wp\/v2\/tags?post=113433"}],"curies":[{"name":"wp","href":"https:\/\/api.w.org\/{rel}","templated":true}]}}