{"id":113653,"date":"2021-05-10T23:15:37","date_gmt":"2021-05-11T06:15:37","guid":{"rendered":"https:\/\/www.sonoraenequipo.com.mx\/?p=113653"},"modified":"2021-05-11T11:07:35","modified_gmt":"2021-05-11T18:07:35","slug":"indigenas-tzeltales-queman-camion-con-propaganda-del-pvem-en-chiapas","status":"publish","type":"post","link":"https:\/\/www.sonoraenequipo.com.mx\/indigenas-tzeltales-queman-camion-con-propaganda-del-pvem-en-chiapas\/","title":{"rendered":"Ind\u00edgenas tzeltales queman cami\u00f3n con propaganda del PVEM en Chiapas"},"content":{"rendered":"<p>OCOSINGO, CHIAPAS. MX. \u2014 Ind\u00edgenas tzeltales de comunidades del municipio de Ocosingo, interceptaron un cami\u00f3n con propaganda y playeras del candidato del Partido Verde Ecologista de M\u00e9xico (PVEM), a la alcald\u00eda, Gilberto de los Santos Rodr\u00edguez, para destruirlo y quemarlo.<\/p>\n<p>&nbsp;<\/p>\n<p> <\/p>\n<p>&nbsp;<\/p>\n<p>En varios videos que fueron enviados a los medios de comunicaci\u00f3n, se puede observar cuando los ind\u00edgenas de Ocosingo interceptan un cami\u00f3n cargado con propaganda y proceden a quemarlo<\/p>\n<p>&nbsp;<\/p>\n<p>Los tzeltales exigen a Gilberto de los Santos Rodr\u00edguez, que no vuelva a las comunidades para realizar actos de proselitismo en b\u00fasqueda del voto.<\/p>\n<p>&nbsp;<\/p>\n<p>En el cami\u00f3n eran transportados lonas, banderines y playeras que fueron quemadas sobre la carretera.<\/p>\n<p>&nbsp;<\/p>\n<p>Tambi\u00e9n, ind\u00edgenas del ejido San Manuel, municipio de Palenque, corrieron al candidato a la alcald\u00eda, Jorge Cabrera a quien exigieron que no vuelva al lugar.<\/p>\n<p>&nbsp;<\/p>\n<p>El aspirante tuvo que huir del lugar a bordo de camionetas todo terreno en las que se mueve para realizar actos de proselitismo en la zona rural.<\/p>\n<p>&nbsp;<\/p>\n<p>En Palenque se inform\u00f3 que presuntos representantes de Jorge Cabrera, visitan las comunidades para firmar un documento, para la entrega de tinacos y herramientas de trabajo, siempre y cuando se comprometan votar por candidatos del PVEM.<\/p>\n<p>&nbsp;<\/p>\n<p>&nbsp;<\/p>\n<p>(Publicada el 10\/05\/2021)<\/p>\n","protected":false},"excerpt":{"rendered":"<p>OCOSINGO, CHIAPAS. MX. \u2014 Ind\u00edgenas tzeltales de comunidades del municipio de Ocosingo, interceptaron un cami\u00f3n&#8230;<\/p>\n","protected":false},"author":1,"featured_media":113654,"comment_status":"open","ping_status":"open","sticky":false,"template":"","format":"standard","meta":{"_monsterinsights_skip_tracking":false,"_monsterinsights_sitenote_active":false,"_monsterinsights_sitenote_note":"","_monsterinsights_sitenote_category":0,"footnotes":""},"categories":[5],"tags":[],"class_list":["post"],"yoast_head":" \n<title>Sonora en Equipo. Ind\u00edgenas tzeltales queman cami\u00f3n con propaganda del PVEM en Chiapas Rep\u00fablica<\/title>\n<meta name=\"description\" content=\"OCOSINGO, CHIAPAS. MX. \u2014 Ind\u00edgenas tzeltales de comunidades del municipio de Ocosingo, interceptaron un cami\u00f3n con propaganda y playeras del candidato del En Sonora en Equipo publicamos toda la informaci\u00f3n de Sonora, M\u00e9xico y el Mundo de manera oportuna y busca que la libertad de expresi\u00f3n sea real. Visita nuestro medio informativo publicado desde Hermosillo, Sonora. %\" \/>\n<meta name=\"robots\" content=\"index, follow, max-snippet:-1, max-image-preview:large, max-video-preview:-1\" \/>\n<link rel=\"canonical\" href=\"https:\/\/www.sonoraenequipo.com.mx\/indigenas-tzeltales-queman-camion-con-propaganda-del-pvem-en-chiapas\/\" \/>\n<meta property=\"og:locale\" content=\"es_ES\" \/>\n<meta property=\"og:type\" content=\"article\" \/>\n<meta property=\"og:title\" content=\"Sonora en Equipo. Ind\u00edgenas tzeltales queman cami\u00f3n con propaganda del PVEM en Chiapas Rep\u00fablica\" \/>\n<meta property=\"og:description\" content=\"OCOSINGO, CHIAPAS. MX. \u2014 Ind\u00edgenas tzeltales de comunidades del municipio de Ocosingo, interceptaron un cami\u00f3n con propaganda y playeras del candidato del En Sonora en Equipo publicamos toda la informaci\u00f3n de Sonora, M\u00e9xico y el Mundo de manera oportuna y busca que la libertad de expresi\u00f3n sea real. Visita nuestro medio informativo publicado desde Hermosillo, Sonora. %\" \/>\n<meta property=\"og:url\" content=\"https:\/\/www.sonoraenequipo.com.mx\/indigenas-tzeltales-queman-camion-con-propaganda-del-pvem-en-chiapas\/\" \/>\n<meta property=\"og:site_name\" content=\"Sonora en Equipo.\" \/>\n<meta property=\"article:publisher\" content=\"https:\/\/www.facebook.com\/SonoraEE\/\" \/>\n<meta property=\"article:author\" content=\"https:\/\/www.facebook.com\/SonoraEE\" \/>\n<meta property=\"article:published_time\" content=\"2021-05-11T06:15:37+00:00\" \/>\n<meta property=\"article:modified_time\" content=\"2021-05-11T18:07:35+00:00\" \/>\n<meta property=\"og:image\" content=\"https:\/\/www.sonoraenequipo.com.mx\/storage\/2021\/05\/propaganda-politica-ocosingo_opt.jpg\" \/>\n\t<meta property=\"og:image:width\" content=\"817\" \/>\n\t<meta property=\"og:image:height\" content=\"400\" \/>\n\t<meta property=\"og:image:type\" content=\"image\/jpeg\" \/>\n<meta name=\"author\" content=\"enequipo\" \/>\n<meta name=\"twitter:card\" content=\"summary_large_image\" \/>\n<meta name=\"twitter:creator\" content=\"@sonoraenequipo\" \/>\n<meta name=\"twitter:site\" content=\"@sonoraenequipo\" \/>\n<meta name=\"twitter:label1\" content=\"Escrito por\" \/>\n\t<meta name=\"twitter:data1\" content=\"enequipo\" \/>\n\t<meta name=\"twitter:label2\" content=\"Tiempo de lectura\" \/>\n\t<meta name=\"twitter:data2\" content=\"1 minuto\" \/>\n<script type=\"application\/ld+json\" class=\"yoast-schema-graph\">{\"@context\":\"https:\/\/schema.org\",\"@graph\":[{\"@type\":\"Article\",\"@id\":\"https:\/\/www.sonoraenequipo.com.mx\/indigenas-tzeltales-queman-camion-con-propaganda-del-pvem-en-chiapas\/#article\",\"isPartOf\":{\"@id\":\"https:\/\/www.sonoraenequipo.com.mx\/indigenas-tzeltales-queman-camion-con-propaganda-del-pvem-en-chiapas\/\"},\"author\":{\"name\":\"enequipo\",\"@id\":\"https:\/\/www.sonoraenequipo.com.mx\/#\/schema\/person\/50102df0fb23a8fa9e8effad8fa81386\"},\"headline\":\"Ind\u00edgenas tzeltales queman cami\u00f3n con propaganda del PVEM en Chiapas\",\"datePublished\":\"2021-05-11T06:15:37+00:00\",\"dateModified\":\"2021-05-11T18:07:35+00:00\",\"mainEntityOfPage\":{\"@id\":\"https:\/\/www.sonoraenequipo.com.mx\/indigenas-tzeltales-queman-camion-con-propaganda-del-pvem-en-chiapas\/\"},\"wordCount\":232,\"commentCount\":0,\"publisher\":{\"@id\":\"https:\/\/www.sonoraenequipo.com.mx\/#organization\"},\"image\":{\"@id\":\"https:\/\/www.sonoraenequipo.com.mx\/indigenas-tzeltales-queman-camion-con-propaganda-del-pvem-en-chiapas\/#primaryimage\"},\"thumbnailUrl\":\"https:\/\/www.sonoraenequipo.com.mx\/storage\/2021\/05\/propaganda-politica-ocosingo_opt.jpg\",\"articleSection\":[\"Rep\u00fablica\"],\"inLanguage\":\"es\",\"potentialAction\":[{\"@type\":\"CommentAction\",\"name\":\"Comment\",\"target\":[\"https:\/\/www.sonoraenequipo.com.mx\/indigenas-tzeltales-queman-camion-con-propaganda-del-pvem-en-chiapas\/#respond\"]}]},{\"@type\":\"WebPage\",\"@id\":\"https:\/\/www.sonoraenequipo.com.mx\/indigenas-tzeltales-queman-camion-con-propaganda-del-pvem-en-chiapas\/\",\"url\":\"https:\/\/www.sonoraenequipo.com.mx\/indigenas-tzeltales-queman-camion-con-propaganda-del-pvem-en-chiapas\/\",\"name\":\"Sonora en Equipo. Ind\u00edgenas tzeltales queman cami\u00f3n con propaganda del PVEM en Chiapas Rep\u00fablica\",\"isPartOf\":{\"@id\":\"https:\/\/www.sonoraenequipo.com.mx\/#website\"},\"primaryImageOfPage\":{\"@id\":\"https:\/\/www.sonoraenequipo.com.mx\/indigenas-tzeltales-queman-camion-con-propaganda-del-pvem-en-chiapas\/#primaryimage\"},\"image\":{\"@id\":\"https:\/\/www.sonoraenequipo.com.mx\/indigenas-tzeltales-queman-camion-con-propaganda-del-pvem-en-chiapas\/#primaryimage\"},\"thumbnailUrl\":\"https:\/\/www.sonoraenequipo.com.mx\/storage\/2021\/05\/propaganda-politica-ocosingo_opt.jpg\",\"datePublished\":\"2021-05-11T06:15:37+00:00\",\"dateModified\":\"2021-05-11T18:07:35+00:00\",\"description\":\"OCOSINGO, CHIAPAS. MX. \u2014 Ind\u00edgenas tzeltales de comunidades del municipio de Ocosingo, interceptaron un cami\u00f3n con propaganda y playeras del candidato del En Sonora en Equipo publicamos toda la informaci\u00f3n de Sonora, M\u00e9xico y el Mundo de manera oportuna y busca que la libertad de expresi\u00f3n sea real. Visita nuestro medio informativo publicado desde Hermosillo, Sonora. %\",\"breadcrumb\":{\"@id\":\"https:\/\/www.sonoraenequipo.com.mx\/indigenas-tzeltales-queman-camion-con-propaganda-del-pvem-en-chiapas\/#breadcrumb\"},\"inLanguage\":\"es\",\"potentialAction\":[{\"@type\":\"ReadAction\",\"target\":[\"https:\/\/www.sonoraenequipo.com.mx\/indigenas-tzeltales-queman-camion-con-propaganda-del-pvem-en-chiapas\/\"]}]},{\"@type\":\"ImageObject\",\"inLanguage\":\"es\",\"@id\":\"https:\/\/www.sonoraenequipo.com.mx\/indigenas-tzeltales-queman-camion-con-propaganda-del-pvem-en-chiapas\/#primaryimage\",\"url\":\"https:\/\/www.sonoraenequipo.com.mx\/storage\/2021\/05\/propaganda-politica-ocosingo_opt.jpg\",\"contentUrl\":\"https:\/\/www.sonoraenequipo.com.mx\/storage\/2021\/05\/propaganda-politica-ocosingo_opt.jpg\",\"width\":817,\"height\":400},{\"@type\":\"BreadcrumbList\",\"@id\":\"https:\/\/www.sonoraenequipo.com.mx\/indigenas-tzeltales-queman-camion-con-propaganda-del-pvem-en-chiapas\/#breadcrumb\",\"itemListElement\":[{\"@type\":\"ListItem\",\"position\":1,\"name\":\"Portada\",\"item\":\"https:\/\/www.sonoraenequipo.com.mx\/\"},{\"@type\":\"ListItem\",\"position\":2,\"name\":\"Ind\u00edgenas tzeltales queman cami\u00f3n con propaganda del PVEM en Chiapas\"}]},{\"@type\":\"WebSite\",\"@id\":\"https:\/\/www.sonoraenequipo.com.mx\/#website\",\"url\":\"https:\/\/www.sonoraenequipo.com.mx\/\",\"name\":\"Sonora en Equipo.\",\"description\":\"Diario en l\u00ednea con Noticias desde Hermosillo, Sonora\",\"publisher\":{\"@id\":\"https:\/\/www.sonoraenequipo.com.mx\/#organization\"},\"potentialAction\":[{\"@type\":\"SearchAction\",\"target\":{\"@type\":\"EntryPoint\",\"urlTemplate\":\"https:\/\/www.sonoraenequipo.com.mx\/?s={search_term_string}\"},\"query-input\":{\"@type\":\"PropertyValueSpecification\",\"valueRequired\":true,\"valueName\":\"search_term_string\"}}],\"inLanguage\":\"es\"},{\"@type\":\"Organization\",\"@id\":\"https:\/\/www.sonoraenequipo.com.mx\/#organization\",\"name\":\"Sonoraenequipo.com.mx\",\"url\":\"https:\/\/www.sonoraenequipo.com.mx\/\",\"logo\":{\"@type\":\"ImageObject\",\"inLanguage\":\"es\",\"@id\":\"https:\/\/www.sonoraenequipo.com.mx\/#\/schema\/logo\/image\/\",\"url\":\"https:\/\/www.sonoraenequipo.com.mx\/storage\/2019\/01\/sonoraenequipo_opt.png\",\"contentUrl\":\"https:\/\/www.sonoraenequipo.com.mx\/storage\/2019\/01\/sonoraenequipo_opt.png\",\"width\":375,\"height\":125,\"caption\":\"Sonoraenequipo.com.mx\"},\"image\":{\"@id\":\"https:\/\/www.sonoraenequipo.com.mx\/#\/schema\/logo\/image\/\"},\"sameAs\":[\"https:\/\/www.facebook.com\/SonoraEE\/\",\"https:\/\/x.com\/sonoraenequipo\",\"https:\/\/www.youtube.com\/channel\/UC338nW-lPEYmJQs4ZABQ1SQ\"]},{\"@type\":\"Person\",\"@id\":\"https:\/\/www.sonoraenequipo.com.mx\/#\/schema\/person\/50102df0fb23a8fa9e8effad8fa81386\",\"name\":\"enequipo\",\"image\":{\"@type\":\"ImageObject\",\"inLanguage\":\"es\",\"@id\":\"https:\/\/www.sonoraenequipo.com.mx\/#\/schema\/person\/image\/\",\"url\":\"https:\/\/secure.gravatar.com\/avatar\/049821681b589dabc0bc20695993ccebb09f5b5d4d790cd9251b97faac7c652b?s=96&d=blank&r=g\",\"contentUrl\":\"https:\/\/secure.gravatar.com\/avatar\/049821681b589dabc0bc20695993ccebb09f5b5d4d790cd9251b97faac7c652b?s=96&d=blank&r=g\",\"caption\":\"enequipo\"},\"sameAs\":[\"https:\/\/www.facebook.com\/SonoraEE\"]}]}<\/script>\n ","yoast_head_json":{"title":"Sonora en Equipo. Ind\u00edgenas tzeltales queman cami\u00f3n con propaganda del PVEM en Chiapas Rep\u00fablica","description":"OCOSINGO, CHIAPAS. MX. \u2014 Ind\u00edgenas tzeltales de comunidades del municipio de Ocosingo, interceptaron un cami\u00f3n con propaganda y playeras del candidato del En Sonora en Equipo publicamos toda la informaci\u00f3n de Sonora, M\u00e9xico y el Mundo de manera oportuna y busca que la libertad de expresi\u00f3n sea real. Visita nuestro medio informativo publicado desde Hermosillo, Sonora. %","robots":{"index":"index","follow":"follow","max-snippet":"max-snippet:-1","max-image-preview":"max-image-preview:large","max-video-preview":"max-video-preview:-1"},"canonical":"https:\/\/www.sonoraenequipo.com.mx\/indigenas-tzeltales-queman-camion-con-propaganda-del-pvem-en-chiapas\/","og_locale":"es_ES","og_type":"article","og_title":"Sonora en Equipo. Ind\u00edgenas tzeltales queman cami\u00f3n con propaganda del PVEM en Chiapas Rep\u00fablica","og_description":"OCOSINGO, CHIAPAS. MX. \u2014 Ind\u00edgenas tzeltales de comunidades del municipio de Ocosingo, interceptaron un cami\u00f3n con propaganda y playeras del candidato del En Sonora en Equipo publicamos toda la informaci\u00f3n de Sonora, M\u00e9xico y el Mundo de manera oportuna y busca que la libertad de expresi\u00f3n sea real. Visita nuestro medio informativo publicado desde Hermosillo, Sonora. %","og_url":"https:\/\/www.sonoraenequipo.com.mx\/indigenas-tzeltales-queman-camion-con-propaganda-del-pvem-en-chiapas\/","og_site_name":"Sonora en Equipo.","article_publisher":"https:\/\/www.facebook.com\/SonoraEE\/","article_author":"https:\/\/www.facebook.com\/SonoraEE","article_published_time":"2021-05-11T06:15:37+00:00","article_modified_time":"2021-05-11T18:07:35+00:00","og_image":[{"width":817,"height":400,"url":"https:\/\/www.sonoraenequipo.com.mx\/storage\/2021\/05\/propaganda-politica-ocosingo_opt.jpg","type":"image\/jpeg"}],"author":"enequipo","twitter_card":"summary_large_image","twitter_creator":"@sonoraenequipo","twitter_site":"@sonoraenequipo","twitter_misc":{"Escrito por":"enequipo","Tiempo de lectura":"1 minuto"},"schema":{"@context":"https:\/\/schema.org","@graph":[{"@type":"Article","@id":"https:\/\/www.sonoraenequipo.com.mx\/indigenas-tzeltales-queman-camion-con-propaganda-del-pvem-en-chiapas\/#article","isPartOf":{"@id":"https:\/\/www.sonoraenequipo.com.mx\/indigenas-tzeltales-queman-camion-con-propaganda-del-pvem-en-chiapas\/"},"author":{"name":"enequipo","@id":"https:\/\/www.sonoraenequipo.com.mx\/#\/schema\/person\/50102df0fb23a8fa9e8effad8fa81386"},"headline":"Ind\u00edgenas tzeltales queman cami\u00f3n con propaganda del PVEM en Chiapas","datePublished":"2021-05-11T06:15:37+00:00","dateModified":"2021-05-11T18:07:35+00:00","mainEntityOfPage":{"@id":"https:\/\/www.sonoraenequipo.com.mx\/indigenas-tzeltales-queman-camion-con-propaganda-del-pvem-en-chiapas\/"},"wordCount":232,"commentCount":0,"publisher":{"@id":"https:\/\/www.sonoraenequipo.com.mx\/#organization"},"image":{"@id":"https:\/\/www.sonoraenequipo.com.mx\/indigenas-tzeltales-queman-camion-con-propaganda-del-pvem-en-chiapas\/#primaryimage"},"thumbnailUrl":"https:\/\/www.sonoraenequipo.com.mx\/storage\/2021\/05\/propaganda-politica-ocosingo_opt.jpg","articleSection":["Rep\u00fablica"],"inLanguage":"es","potentialAction":[{"@type":"CommentAction","name":"Comment","target":["https:\/\/www.sonoraenequipo.com.mx\/indigenas-tzeltales-queman-camion-con-propaganda-del-pvem-en-chiapas\/#respond"]}]},{"@type":"WebPage","@id":"https:\/\/www.sonoraenequipo.com.mx\/indigenas-tzeltales-queman-camion-con-propaganda-del-pvem-en-chiapas\/","url":"https:\/\/www.sonoraenequipo.com.mx\/indigenas-tzeltales-queman-camion-con-propaganda-del-pvem-en-chiapas\/","name":"Sonora en Equipo. Ind\u00edgenas tzeltales queman cami\u00f3n con propaganda del PVEM en Chiapas Rep\u00fablica","isPartOf":{"@id":"https:\/\/www.sonoraenequipo.com.mx\/#website"},"primaryImageOfPage":{"@id":"https:\/\/www.sonoraenequipo.com.mx\/indigenas-tzeltales-queman-camion-con-propaganda-del-pvem-en-chiapas\/#primaryimage"},"image":{"@id":"https:\/\/www.sonoraenequipo.com.mx\/indigenas-tzeltales-queman-camion-con-propaganda-del-pvem-en-chiapas\/#primaryimage"},"thumbnailUrl":"https:\/\/www.sonoraenequipo.com.mx\/storage\/2021\/05\/propaganda-politica-ocosingo_opt.jpg","datePublished":"2021-05-11T06:15:37+00:00","dateModified":"2021-05-11T18:07:35+00:00","description":"OCOSINGO, CHIAPAS. MX. \u2014 Ind\u00edgenas tzeltales de comunidades del municipio de Ocosingo, interceptaron un cami\u00f3n con propaganda y playeras del candidato del En Sonora en Equipo publicamos toda la informaci\u00f3n de Sonora, M\u00e9xico y el Mundo de manera oportuna y busca que la libertad de expresi\u00f3n sea real. Visita nuestro medio informativo publicado desde Hermosillo, Sonora. %","breadcrumb":{"@id":"https:\/\/www.sonoraenequipo.com.mx\/indigenas-tzeltales-queman-camion-con-propaganda-del-pvem-en-chiapas\/#breadcrumb"},"inLanguage":"es","potentialAction":[{"@type":"ReadAction","target":["https:\/\/www.sonoraenequipo.com.mx\/indigenas-tzeltales-queman-camion-con-propaganda-del-pvem-en-chiapas\/"]}]},{"@type":"ImageObject","inLanguage":"es","@id":"https:\/\/www.sonoraenequipo.com.mx\/indigenas-tzeltales-queman-camion-con-propaganda-del-pvem-en-chiapas\/#primaryimage","url":"https:\/\/www.sonoraenequipo.com.mx\/storage\/2021\/05\/propaganda-politica-ocosingo_opt.jpg","contentUrl":"https:\/\/www.sonoraenequipo.com.mx\/storage\/2021\/05\/propaganda-politica-ocosingo_opt.jpg","width":817,"height":400},{"@type":"BreadcrumbList","@id":"https:\/\/www.sonoraenequipo.com.mx\/indigenas-tzeltales-queman-camion-con-propaganda-del-pvem-en-chiapas\/#breadcrumb","itemListElement":[{"@type":"ListItem","position":1,"name":"Portada","item":"https:\/\/www.sonoraenequipo.com.mx\/"},{"@type":"ListItem","position":2,"name":"Ind\u00edgenas tzeltales queman cami\u00f3n con propaganda del PVEM en Chiapas"}]},{"@type":"WebSite","@id":"https:\/\/www.sonoraenequipo.com.mx\/#website","url":"https:\/\/www.sonoraenequipo.com.mx\/","name":"Sonora en Equipo.","description":"Diario en l\u00ednea con Noticias desde Hermosillo, Sonora","publisher":{"@id":"https:\/\/www.sonoraenequipo.com.mx\/#organization"},"potentialAction":[{"@type":"SearchAction","target":{"@type":"EntryPoint","urlTemplate":"https:\/\/www.sonoraenequipo.com.mx\/?s={search_term_string}"},"query-input":{"@type":"PropertyValueSpecification","valueRequired":true,"valueName":"search_term_string"}}],"inLanguage":"es"},{"@type":"Organization","@id":"https:\/\/www.sonoraenequipo.com.mx\/#organization","name":"Sonoraenequipo.com.mx","url":"https:\/\/www.sonoraenequipo.com.mx\/","logo":{"@type":"ImageObject","inLanguage":"es","@id":"https:\/\/www.sonoraenequipo.com.mx\/#\/schema\/logo\/image\/","url":"https:\/\/www.sonoraenequipo.com.mx\/storage\/2019\/01\/sonoraenequipo_opt.png","contentUrl":"https:\/\/www.sonoraenequipo.com.mx\/storage\/2019\/01\/sonoraenequipo_opt.png","width":375,"height":125,"caption":"Sonoraenequipo.com.mx"},"image":{"@id":"https:\/\/www.sonoraenequipo.com.mx\/#\/schema\/logo\/image\/"},"sameAs":["https:\/\/www.facebook.com\/SonoraEE\/","https:\/\/x.com\/sonoraenequipo","https:\/\/www.youtube.com\/channel\/UC338nW-lPEYmJQs4ZABQ1SQ"]},{"@type":"Person","@id":"https:\/\/www.sonoraenequipo.com.mx\/#\/schema\/person\/50102df0fb23a8fa9e8effad8fa81386","name":"enequipo","image":{"@type":"ImageObject","inLanguage":"es","@id":"https:\/\/www.sonoraenequipo.com.mx\/#\/schema\/person\/image\/","url":"https:\/\/secure.gravatar.com\/avatar\/049821681b589dabc0bc20695993ccebb09f5b5d4d790cd9251b97faac7c652b?s=96&d=blank&r=g","contentUrl":"https:\/\/secure.gravatar.com\/avatar\/049821681b589dabc0bc20695993ccebb09f5b5d4d790cd9251b97faac7c652b?s=96&d=blank&r=g","caption":"enequipo"},"sameAs":["https:\/\/www.facebook.com\/SonoraEE"]}]}},"jetpack_featured_media_url":"https:\/\/www.sonoraenequipo.com.mx\/storage\/2021\/05\/propaganda-politica-ocosingo_opt.jpg","_links":{"self":[{"href":"https:\/\/www.sonoraenequipo.com.mx\/api\/wp\/v2\/posts\/113653","targetHints":{"allow":["GET"]}}],"collection":[{"href":"https:\/\/www.sonoraenequipo.com.mx\/api\/wp\/v2\/posts"}],"about":[{"href":"https:\/\/www.sonoraenequipo.com.mx\/api\/wp\/v2\/types\/post"}],"author":[{"embeddable":true,"href":"https:\/\/www.sonoraenequipo.com.mx\/api\/wp\/v2\/users\/1"}],"replies":[{"embeddable":true,"href":"https:\/\/www.sonoraenequipo.com.mx\/api\/wp\/v2\/comments?post=113653"}],"version-history":[{"count":1,"href":"https:\/\/www.sonoraenequipo.com.mx\/api\/wp\/v2\/posts\/113653\/revisions"}],"predecessor-version":[{"id":113655,"href":"https:\/\/www.sonoraenequipo.com.mx\/api\/wp\/v2\/posts\/113653\/revisions\/113655"}],"wp:featuredmedia":[{"embeddable":true,"href":"https:\/\/www.sonoraenequipo.com.mx\/api\/wp\/v2\/media\/113654"}],"wp:attachment":[{"href":"https:\/\/www.sonoraenequipo.com.mx\/api\/wp\/v2\/media?parent=113653"}],"wp:term":[{"taxonomy":"category","embeddable":true,"href":"https:\/\/www.sonoraenequipo.com.mx\/api\/wp\/v2\/categories?post=113653"},{"taxonomy":"post_tag","embeddable":true,"href":"https:\/\/www.sonoraenequipo.com.mx\/api\/wp\/v2\/tags?post=113653"}],"curies":[{"name":"wp","href":"https:\/\/api.w.org\/{rel}","templated":true}]}}