{"id":113671,"date":"2021-05-11T11:20:29","date_gmt":"2021-05-11T18:20:29","guid":{"rendered":"https:\/\/www.sonoraenequipo.com.mx\/?p=113671"},"modified":"2021-05-11T12:53:28","modified_gmt":"2021-05-11T19:53:28","slug":"al-menos-16-expertos-participaran-en-las-investigaciones-del-accidente-de-la-l-12-del-metro","status":"publish","type":"post","link":"https:\/\/www.sonoraenequipo.com.mx\/al-menos-16-expertos-participaran-en-las-investigaciones-del-accidente-de-la-l-12-del-metro\/","title":{"rendered":"Al menos 16 expertos participar\u00e1n en las investigaciones del accidente de la L-12 del Metro"},"content":{"rendered":"<p>CIUDAD DE M\u00c9XICO. MX. \u2014 El peritaje externo que se realizar\u00e1 para conocer las causas del accidente en la L\u00ednea 12 del Sistema de Transporte Colectivo (STC) Metro costar\u00e1 aproximadamente 20 millones de pesos, as\u00ed lo estim\u00f3 la Secretar\u00eda de Gesti\u00f3n Integral de Riesgos y Protecci\u00f3n Civil de la capital.<\/p>\n<p>&nbsp;<\/p>\n<p> <\/p>\n<p>&nbsp;<\/p>\n<p>En conferencia de prensa en donde tambi\u00e9n estuvo presente Claudia Sheinbaum, la titular de la dependencia Myriam Urz\u00faa se\u00f1al\u00f3 que la empresa noruega DNV a\u00fan se encuentra determinando cu\u00e1l ser\u00e1 el costo final.<\/p>\n<p>&nbsp;<\/p>\n<p>En dicho peritaje participan 16 expertos de diversos pa\u00edses como Alemania, Estados Unidos, Espa\u00f1a, Brasil, M\u00e9xico y se estima que los primeros resultados est\u00e9n listos en cinco semanas, es decir, a mediados de junio.<\/p>\n<p>&nbsp;<\/p>\n<p><em>\u201cEstamos terminando de afinar todas las actividades, sus presupuestos y sus costos, porque habr\u00e1 16 expertos, profesionales, que van a estar viniendo al lugar\u201d,<\/em> indic\u00f3.<\/p>\n<p>&nbsp;<\/p>\n<p>Por su parte, Sheinbaum Pardo precis\u00f3 que el dinero saldr\u00e1 del presupuesto destinado al gobierno de la CDMX.<\/p>\n<p>&nbsp;<\/p>\n<p>Por otro lado, este martes iniciaron las labores de remoci\u00f3n de escombros en el tramo Olivos-Tezonco, que colaps\u00f3 el pasado 3 de mayo y que a la fecha dej\u00f3 26 muertos y m\u00e1s de 70 heridos.<\/p>\n<p><a class=\"twitter-timeline\" data-width=\"640\" data-height=\"960\" data-dnt=\"true\" href=\"https:\/\/twitter.com\/Claudiashein?ref_src=twsrc%5Etfw\">Tweets by Claudiashein<\/a><script async src=\"https:\/\/platform.twitter.com\/widgets.js\" charset=\"utf-8\"><\/script><\/p>\n<p>&nbsp;<\/p>\n<p>&nbsp;<\/p>\n<p>&nbsp;<\/p>\n<p>(Publicada el 11\/05\/2021)<\/p>\n","protected":false},"excerpt":{"rendered":"<p>CIUDAD DE M\u00c9XICO. MX. \u2014 El peritaje externo que se realizar\u00e1 para conocer las causas&#8230;<\/p>\n","protected":false},"author":1,"featured_media":113672,"comment_status":"open","ping_status":"open","sticky":false,"template":"","format":"standard","meta":{"_monsterinsights_skip_tracking":false,"_monsterinsights_sitenote_active":false,"_monsterinsights_sitenote_note":"","_monsterinsights_sitenote_category":0,"footnotes":""},"categories":[5],"tags":[],"class_list":["post"],"yoast_head":" \n<title>Sonora en Equipo. Al menos 16 expertos participar\u00e1n en las investigaciones del accidente de la L-12 del Metro Rep\u00fablica<\/title>\n<meta name=\"description\" content=\"CIUDAD DE M\u00c9XICO. MX. \u2014 El peritaje externo que se realizar\u00e1 para conocer las causas del accidente en la L\u00ednea 12 del Sistema de Transporte Colectivo En Sonora en Equipo publicamos toda la informaci\u00f3n de Sonora, M\u00e9xico y el Mundo de manera oportuna y busca que la libertad de expresi\u00f3n sea real. Visita nuestro medio informativo publicado desde Hermosillo, Sonora. %\" \/>\n<meta name=\"robots\" content=\"index, follow, max-snippet:-1, max-image-preview:large, max-video-preview:-1\" \/>\n<link rel=\"canonical\" href=\"https:\/\/www.sonoraenequipo.com.mx\/al-menos-16-expertos-participaran-en-las-investigaciones-del-accidente-de-la-l-12-del-metro\/\" \/>\n<meta property=\"og:locale\" content=\"es_ES\" \/>\n<meta property=\"og:type\" content=\"article\" \/>\n<meta property=\"og:title\" content=\"Sonora en Equipo. Al menos 16 expertos participar\u00e1n en las investigaciones del accidente de la L-12 del Metro Rep\u00fablica\" \/>\n<meta property=\"og:description\" content=\"CIUDAD DE M\u00c9XICO. MX. \u2014 El peritaje externo que se realizar\u00e1 para conocer las causas del accidente en la L\u00ednea 12 del Sistema de Transporte Colectivo En Sonora en Equipo publicamos toda la informaci\u00f3n de Sonora, M\u00e9xico y el Mundo de manera oportuna y busca que la libertad de expresi\u00f3n sea real. Visita nuestro medio informativo publicado desde Hermosillo, Sonora. %\" \/>\n<meta property=\"og:url\" content=\"https:\/\/www.sonoraenequipo.com.mx\/al-menos-16-expertos-participaran-en-las-investigaciones-del-accidente-de-la-l-12-del-metro\/\" \/>\n<meta property=\"og:site_name\" content=\"Sonora en Equipo.\" \/>\n<meta property=\"article:publisher\" content=\"https:\/\/www.facebook.com\/SonoraEE\/\" \/>\n<meta property=\"article:author\" content=\"https:\/\/www.facebook.com\/SonoraEE\" \/>\n<meta property=\"article:published_time\" content=\"2021-05-11T18:20:29+00:00\" \/>\n<meta property=\"article:modified_time\" content=\"2021-05-11T19:53:28+00:00\" \/>\n<meta property=\"og:image\" content=\"https:\/\/www.sonoraenequipo.com.mx\/storage\/2021\/05\/peritaje-Linea-12_opt.jpg\" \/>\n\t<meta property=\"og:image:width\" content=\"711\" \/>\n\t<meta property=\"og:image:height\" content=\"400\" \/>\n\t<meta property=\"og:image:type\" content=\"image\/jpeg\" \/>\n<meta name=\"author\" content=\"enequipo\" \/>\n<meta name=\"twitter:card\" content=\"summary_large_image\" \/>\n<meta name=\"twitter:creator\" content=\"@sonoraenequipo\" \/>\n<meta name=\"twitter:site\" content=\"@sonoraenequipo\" \/>\n<meta name=\"twitter:label1\" content=\"Escrito por\" \/>\n\t<meta name=\"twitter:data1\" content=\"enequipo\" \/>\n\t<meta name=\"twitter:label2\" content=\"Tiempo de lectura\" \/>\n\t<meta name=\"twitter:data2\" content=\"1 minuto\" \/>\n<script type=\"application\/ld+json\" class=\"yoast-schema-graph\">{\"@context\":\"https:\/\/schema.org\",\"@graph\":[{\"@type\":\"Article\",\"@id\":\"https:\/\/www.sonoraenequipo.com.mx\/al-menos-16-expertos-participaran-en-las-investigaciones-del-accidente-de-la-l-12-del-metro\/#article\",\"isPartOf\":{\"@id\":\"https:\/\/www.sonoraenequipo.com.mx\/al-menos-16-expertos-participaran-en-las-investigaciones-del-accidente-de-la-l-12-del-metro\/\"},\"author\":{\"name\":\"enequipo\",\"@id\":\"https:\/\/www.sonoraenequipo.com.mx\/#\/schema\/person\/50102df0fb23a8fa9e8effad8fa81386\"},\"headline\":\"Al menos 16 expertos participar\u00e1n en las investigaciones del accidente de la L-12 del Metro\",\"datePublished\":\"2021-05-11T18:20:29+00:00\",\"dateModified\":\"2021-05-11T19:53:28+00:00\",\"mainEntityOfPage\":{\"@id\":\"https:\/\/www.sonoraenequipo.com.mx\/al-menos-16-expertos-participaran-en-las-investigaciones-del-accidente-de-la-l-12-del-metro\/\"},\"wordCount\":234,\"commentCount\":0,\"publisher\":{\"@id\":\"https:\/\/www.sonoraenequipo.com.mx\/#organization\"},\"image\":{\"@id\":\"https:\/\/www.sonoraenequipo.com.mx\/al-menos-16-expertos-participaran-en-las-investigaciones-del-accidente-de-la-l-12-del-metro\/#primaryimage\"},\"thumbnailUrl\":\"https:\/\/www.sonoraenequipo.com.mx\/storage\/2021\/05\/peritaje-Linea-12_opt.jpg\",\"articleSection\":[\"Rep\u00fablica\"],\"inLanguage\":\"es\",\"potentialAction\":[{\"@type\":\"CommentAction\",\"name\":\"Comment\",\"target\":[\"https:\/\/www.sonoraenequipo.com.mx\/al-menos-16-expertos-participaran-en-las-investigaciones-del-accidente-de-la-l-12-del-metro\/#respond\"]}]},{\"@type\":\"WebPage\",\"@id\":\"https:\/\/www.sonoraenequipo.com.mx\/al-menos-16-expertos-participaran-en-las-investigaciones-del-accidente-de-la-l-12-del-metro\/\",\"url\":\"https:\/\/www.sonoraenequipo.com.mx\/al-menos-16-expertos-participaran-en-las-investigaciones-del-accidente-de-la-l-12-del-metro\/\",\"name\":\"Sonora en Equipo. Al menos 16 expertos participar\u00e1n en las investigaciones del accidente de la L-12 del Metro Rep\u00fablica\",\"isPartOf\":{\"@id\":\"https:\/\/www.sonoraenequipo.com.mx\/#website\"},\"primaryImageOfPage\":{\"@id\":\"https:\/\/www.sonoraenequipo.com.mx\/al-menos-16-expertos-participaran-en-las-investigaciones-del-accidente-de-la-l-12-del-metro\/#primaryimage\"},\"image\":{\"@id\":\"https:\/\/www.sonoraenequipo.com.mx\/al-menos-16-expertos-participaran-en-las-investigaciones-del-accidente-de-la-l-12-del-metro\/#primaryimage\"},\"thumbnailUrl\":\"https:\/\/www.sonoraenequipo.com.mx\/storage\/2021\/05\/peritaje-Linea-12_opt.jpg\",\"datePublished\":\"2021-05-11T18:20:29+00:00\",\"dateModified\":\"2021-05-11T19:53:28+00:00\",\"description\":\"CIUDAD DE M\u00c9XICO. MX. \u2014 El peritaje externo que se realizar\u00e1 para conocer las causas del accidente en la L\u00ednea 12 del Sistema de Transporte Colectivo En Sonora en Equipo publicamos toda la informaci\u00f3n de Sonora, M\u00e9xico y el Mundo de manera oportuna y busca que la libertad de expresi\u00f3n sea real. Visita nuestro medio informativo publicado desde Hermosillo, Sonora. %\",\"breadcrumb\":{\"@id\":\"https:\/\/www.sonoraenequipo.com.mx\/al-menos-16-expertos-participaran-en-las-investigaciones-del-accidente-de-la-l-12-del-metro\/#breadcrumb\"},\"inLanguage\":\"es\",\"potentialAction\":[{\"@type\":\"ReadAction\",\"target\":[\"https:\/\/www.sonoraenequipo.com.mx\/al-menos-16-expertos-participaran-en-las-investigaciones-del-accidente-de-la-l-12-del-metro\/\"]}]},{\"@type\":\"ImageObject\",\"inLanguage\":\"es\",\"@id\":\"https:\/\/www.sonoraenequipo.com.mx\/al-menos-16-expertos-participaran-en-las-investigaciones-del-accidente-de-la-l-12-del-metro\/#primaryimage\",\"url\":\"https:\/\/www.sonoraenequipo.com.mx\/storage\/2021\/05\/peritaje-Linea-12_opt.jpg\",\"contentUrl\":\"https:\/\/www.sonoraenequipo.com.mx\/storage\/2021\/05\/peritaje-Linea-12_opt.jpg\",\"width\":711,\"height\":400},{\"@type\":\"BreadcrumbList\",\"@id\":\"https:\/\/www.sonoraenequipo.com.mx\/al-menos-16-expertos-participaran-en-las-investigaciones-del-accidente-de-la-l-12-del-metro\/#breadcrumb\",\"itemListElement\":[{\"@type\":\"ListItem\",\"position\":1,\"name\":\"Portada\",\"item\":\"https:\/\/www.sonoraenequipo.com.mx\/\"},{\"@type\":\"ListItem\",\"position\":2,\"name\":\"Al menos 16 expertos participar\u00e1n en las investigaciones del accidente de la L-12 del Metro\"}]},{\"@type\":\"WebSite\",\"@id\":\"https:\/\/www.sonoraenequipo.com.mx\/#website\",\"url\":\"https:\/\/www.sonoraenequipo.com.mx\/\",\"name\":\"Sonora en Equipo.\",\"description\":\"Diario en l\u00ednea con Noticias desde Hermosillo, Sonora\",\"publisher\":{\"@id\":\"https:\/\/www.sonoraenequipo.com.mx\/#organization\"},\"potentialAction\":[{\"@type\":\"SearchAction\",\"target\":{\"@type\":\"EntryPoint\",\"urlTemplate\":\"https:\/\/www.sonoraenequipo.com.mx\/?s={search_term_string}\"},\"query-input\":{\"@type\":\"PropertyValueSpecification\",\"valueRequired\":true,\"valueName\":\"search_term_string\"}}],\"inLanguage\":\"es\"},{\"@type\":\"Organization\",\"@id\":\"https:\/\/www.sonoraenequipo.com.mx\/#organization\",\"name\":\"Sonoraenequipo.com.mx\",\"url\":\"https:\/\/www.sonoraenequipo.com.mx\/\",\"logo\":{\"@type\":\"ImageObject\",\"inLanguage\":\"es\",\"@id\":\"https:\/\/www.sonoraenequipo.com.mx\/#\/schema\/logo\/image\/\",\"url\":\"https:\/\/www.sonoraenequipo.com.mx\/storage\/2019\/01\/sonoraenequipo_opt.png\",\"contentUrl\":\"https:\/\/www.sonoraenequipo.com.mx\/storage\/2019\/01\/sonoraenequipo_opt.png\",\"width\":375,\"height\":125,\"caption\":\"Sonoraenequipo.com.mx\"},\"image\":{\"@id\":\"https:\/\/www.sonoraenequipo.com.mx\/#\/schema\/logo\/image\/\"},\"sameAs\":[\"https:\/\/www.facebook.com\/SonoraEE\/\",\"https:\/\/x.com\/sonoraenequipo\",\"https:\/\/www.youtube.com\/channel\/UC338nW-lPEYmJQs4ZABQ1SQ\"]},{\"@type\":\"Person\",\"@id\":\"https:\/\/www.sonoraenequipo.com.mx\/#\/schema\/person\/50102df0fb23a8fa9e8effad8fa81386\",\"name\":\"enequipo\",\"image\":{\"@type\":\"ImageObject\",\"inLanguage\":\"es\",\"@id\":\"https:\/\/www.sonoraenequipo.com.mx\/#\/schema\/person\/image\/\",\"url\":\"https:\/\/secure.gravatar.com\/avatar\/049821681b589dabc0bc20695993ccebb09f5b5d4d790cd9251b97faac7c652b?s=96&d=blank&r=g\",\"contentUrl\":\"https:\/\/secure.gravatar.com\/avatar\/049821681b589dabc0bc20695993ccebb09f5b5d4d790cd9251b97faac7c652b?s=96&d=blank&r=g\",\"caption\":\"enequipo\"},\"sameAs\":[\"https:\/\/www.facebook.com\/SonoraEE\"]}]}<\/script>\n ","yoast_head_json":{"title":"Sonora en Equipo. Al menos 16 expertos participar\u00e1n en las investigaciones del accidente de la L-12 del Metro Rep\u00fablica","description":"CIUDAD DE M\u00c9XICO. MX. \u2014 El peritaje externo que se realizar\u00e1 para conocer las causas del accidente en la L\u00ednea 12 del Sistema de Transporte Colectivo En Sonora en Equipo publicamos toda la informaci\u00f3n de Sonora, M\u00e9xico y el Mundo de manera oportuna y busca que la libertad de expresi\u00f3n sea real. Visita nuestro medio informativo publicado desde Hermosillo, Sonora. %","robots":{"index":"index","follow":"follow","max-snippet":"max-snippet:-1","max-image-preview":"max-image-preview:large","max-video-preview":"max-video-preview:-1"},"canonical":"https:\/\/www.sonoraenequipo.com.mx\/al-menos-16-expertos-participaran-en-las-investigaciones-del-accidente-de-la-l-12-del-metro\/","og_locale":"es_ES","og_type":"article","og_title":"Sonora en Equipo. Al menos 16 expertos participar\u00e1n en las investigaciones del accidente de la L-12 del Metro Rep\u00fablica","og_description":"CIUDAD DE M\u00c9XICO. MX. \u2014 El peritaje externo que se realizar\u00e1 para conocer las causas del accidente en la L\u00ednea 12 del Sistema de Transporte Colectivo En Sonora en Equipo publicamos toda la informaci\u00f3n de Sonora, M\u00e9xico y el Mundo de manera oportuna y busca que la libertad de expresi\u00f3n sea real. Visita nuestro medio informativo publicado desde Hermosillo, Sonora. %","og_url":"https:\/\/www.sonoraenequipo.com.mx\/al-menos-16-expertos-participaran-en-las-investigaciones-del-accidente-de-la-l-12-del-metro\/","og_site_name":"Sonora en Equipo.","article_publisher":"https:\/\/www.facebook.com\/SonoraEE\/","article_author":"https:\/\/www.facebook.com\/SonoraEE","article_published_time":"2021-05-11T18:20:29+00:00","article_modified_time":"2021-05-11T19:53:28+00:00","og_image":[{"width":711,"height":400,"url":"https:\/\/www.sonoraenequipo.com.mx\/storage\/2021\/05\/peritaje-Linea-12_opt.jpg","type":"image\/jpeg"}],"author":"enequipo","twitter_card":"summary_large_image","twitter_creator":"@sonoraenequipo","twitter_site":"@sonoraenequipo","twitter_misc":{"Escrito por":"enequipo","Tiempo de lectura":"1 minuto"},"schema":{"@context":"https:\/\/schema.org","@graph":[{"@type":"Article","@id":"https:\/\/www.sonoraenequipo.com.mx\/al-menos-16-expertos-participaran-en-las-investigaciones-del-accidente-de-la-l-12-del-metro\/#article","isPartOf":{"@id":"https:\/\/www.sonoraenequipo.com.mx\/al-menos-16-expertos-participaran-en-las-investigaciones-del-accidente-de-la-l-12-del-metro\/"},"author":{"name":"enequipo","@id":"https:\/\/www.sonoraenequipo.com.mx\/#\/schema\/person\/50102df0fb23a8fa9e8effad8fa81386"},"headline":"Al menos 16 expertos participar\u00e1n en las investigaciones del accidente de la L-12 del Metro","datePublished":"2021-05-11T18:20:29+00:00","dateModified":"2021-05-11T19:53:28+00:00","mainEntityOfPage":{"@id":"https:\/\/www.sonoraenequipo.com.mx\/al-menos-16-expertos-participaran-en-las-investigaciones-del-accidente-de-la-l-12-del-metro\/"},"wordCount":234,"commentCount":0,"publisher":{"@id":"https:\/\/www.sonoraenequipo.com.mx\/#organization"},"image":{"@id":"https:\/\/www.sonoraenequipo.com.mx\/al-menos-16-expertos-participaran-en-las-investigaciones-del-accidente-de-la-l-12-del-metro\/#primaryimage"},"thumbnailUrl":"https:\/\/www.sonoraenequipo.com.mx\/storage\/2021\/05\/peritaje-Linea-12_opt.jpg","articleSection":["Rep\u00fablica"],"inLanguage":"es","potentialAction":[{"@type":"CommentAction","name":"Comment","target":["https:\/\/www.sonoraenequipo.com.mx\/al-menos-16-expertos-participaran-en-las-investigaciones-del-accidente-de-la-l-12-del-metro\/#respond"]}]},{"@type":"WebPage","@id":"https:\/\/www.sonoraenequipo.com.mx\/al-menos-16-expertos-participaran-en-las-investigaciones-del-accidente-de-la-l-12-del-metro\/","url":"https:\/\/www.sonoraenequipo.com.mx\/al-menos-16-expertos-participaran-en-las-investigaciones-del-accidente-de-la-l-12-del-metro\/","name":"Sonora en Equipo. Al menos 16 expertos participar\u00e1n en las investigaciones del accidente de la L-12 del Metro Rep\u00fablica","isPartOf":{"@id":"https:\/\/www.sonoraenequipo.com.mx\/#website"},"primaryImageOfPage":{"@id":"https:\/\/www.sonoraenequipo.com.mx\/al-menos-16-expertos-participaran-en-las-investigaciones-del-accidente-de-la-l-12-del-metro\/#primaryimage"},"image":{"@id":"https:\/\/www.sonoraenequipo.com.mx\/al-menos-16-expertos-participaran-en-las-investigaciones-del-accidente-de-la-l-12-del-metro\/#primaryimage"},"thumbnailUrl":"https:\/\/www.sonoraenequipo.com.mx\/storage\/2021\/05\/peritaje-Linea-12_opt.jpg","datePublished":"2021-05-11T18:20:29+00:00","dateModified":"2021-05-11T19:53:28+00:00","description":"CIUDAD DE M\u00c9XICO. MX. \u2014 El peritaje externo que se realizar\u00e1 para conocer las causas del accidente en la L\u00ednea 12 del Sistema de Transporte Colectivo En Sonora en Equipo publicamos toda la informaci\u00f3n de Sonora, M\u00e9xico y el Mundo de manera oportuna y busca que la libertad de expresi\u00f3n sea real. Visita nuestro medio informativo publicado desde Hermosillo, Sonora. %","breadcrumb":{"@id":"https:\/\/www.sonoraenequipo.com.mx\/al-menos-16-expertos-participaran-en-las-investigaciones-del-accidente-de-la-l-12-del-metro\/#breadcrumb"},"inLanguage":"es","potentialAction":[{"@type":"ReadAction","target":["https:\/\/www.sonoraenequipo.com.mx\/al-menos-16-expertos-participaran-en-las-investigaciones-del-accidente-de-la-l-12-del-metro\/"]}]},{"@type":"ImageObject","inLanguage":"es","@id":"https:\/\/www.sonoraenequipo.com.mx\/al-menos-16-expertos-participaran-en-las-investigaciones-del-accidente-de-la-l-12-del-metro\/#primaryimage","url":"https:\/\/www.sonoraenequipo.com.mx\/storage\/2021\/05\/peritaje-Linea-12_opt.jpg","contentUrl":"https:\/\/www.sonoraenequipo.com.mx\/storage\/2021\/05\/peritaje-Linea-12_opt.jpg","width":711,"height":400},{"@type":"BreadcrumbList","@id":"https:\/\/www.sonoraenequipo.com.mx\/al-menos-16-expertos-participaran-en-las-investigaciones-del-accidente-de-la-l-12-del-metro\/#breadcrumb","itemListElement":[{"@type":"ListItem","position":1,"name":"Portada","item":"https:\/\/www.sonoraenequipo.com.mx\/"},{"@type":"ListItem","position":2,"name":"Al menos 16 expertos participar\u00e1n en las investigaciones del accidente de la L-12 del Metro"}]},{"@type":"WebSite","@id":"https:\/\/www.sonoraenequipo.com.mx\/#website","url":"https:\/\/www.sonoraenequipo.com.mx\/","name":"Sonora en Equipo.","description":"Diario en l\u00ednea con Noticias desde Hermosillo, Sonora","publisher":{"@id":"https:\/\/www.sonoraenequipo.com.mx\/#organization"},"potentialAction":[{"@type":"SearchAction","target":{"@type":"EntryPoint","urlTemplate":"https:\/\/www.sonoraenequipo.com.mx\/?s={search_term_string}"},"query-input":{"@type":"PropertyValueSpecification","valueRequired":true,"valueName":"search_term_string"}}],"inLanguage":"es"},{"@type":"Organization","@id":"https:\/\/www.sonoraenequipo.com.mx\/#organization","name":"Sonoraenequipo.com.mx","url":"https:\/\/www.sonoraenequipo.com.mx\/","logo":{"@type":"ImageObject","inLanguage":"es","@id":"https:\/\/www.sonoraenequipo.com.mx\/#\/schema\/logo\/image\/","url":"https:\/\/www.sonoraenequipo.com.mx\/storage\/2019\/01\/sonoraenequipo_opt.png","contentUrl":"https:\/\/www.sonoraenequipo.com.mx\/storage\/2019\/01\/sonoraenequipo_opt.png","width":375,"height":125,"caption":"Sonoraenequipo.com.mx"},"image":{"@id":"https:\/\/www.sonoraenequipo.com.mx\/#\/schema\/logo\/image\/"},"sameAs":["https:\/\/www.facebook.com\/SonoraEE\/","https:\/\/x.com\/sonoraenequipo","https:\/\/www.youtube.com\/channel\/UC338nW-lPEYmJQs4ZABQ1SQ"]},{"@type":"Person","@id":"https:\/\/www.sonoraenequipo.com.mx\/#\/schema\/person\/50102df0fb23a8fa9e8effad8fa81386","name":"enequipo","image":{"@type":"ImageObject","inLanguage":"es","@id":"https:\/\/www.sonoraenequipo.com.mx\/#\/schema\/person\/image\/","url":"https:\/\/secure.gravatar.com\/avatar\/049821681b589dabc0bc20695993ccebb09f5b5d4d790cd9251b97faac7c652b?s=96&d=blank&r=g","contentUrl":"https:\/\/secure.gravatar.com\/avatar\/049821681b589dabc0bc20695993ccebb09f5b5d4d790cd9251b97faac7c652b?s=96&d=blank&r=g","caption":"enequipo"},"sameAs":["https:\/\/www.facebook.com\/SonoraEE"]}]}},"jetpack_featured_media_url":"https:\/\/www.sonoraenequipo.com.mx\/storage\/2021\/05\/peritaje-Linea-12_opt.jpg","_links":{"self":[{"href":"https:\/\/www.sonoraenequipo.com.mx\/api\/wp\/v2\/posts\/113671","targetHints":{"allow":["GET"]}}],"collection":[{"href":"https:\/\/www.sonoraenequipo.com.mx\/api\/wp\/v2\/posts"}],"about":[{"href":"https:\/\/www.sonoraenequipo.com.mx\/api\/wp\/v2\/types\/post"}],"author":[{"embeddable":true,"href":"https:\/\/www.sonoraenequipo.com.mx\/api\/wp\/v2\/users\/1"}],"replies":[{"embeddable":true,"href":"https:\/\/www.sonoraenequipo.com.mx\/api\/wp\/v2\/comments?post=113671"}],"version-history":[{"count":1,"href":"https:\/\/www.sonoraenequipo.com.mx\/api\/wp\/v2\/posts\/113671\/revisions"}],"predecessor-version":[{"id":113673,"href":"https:\/\/www.sonoraenequipo.com.mx\/api\/wp\/v2\/posts\/113671\/revisions\/113673"}],"wp:featuredmedia":[{"embeddable":true,"href":"https:\/\/www.sonoraenequipo.com.mx\/api\/wp\/v2\/media\/113672"}],"wp:attachment":[{"href":"https:\/\/www.sonoraenequipo.com.mx\/api\/wp\/v2\/media?parent=113671"}],"wp:term":[{"taxonomy":"category","embeddable":true,"href":"https:\/\/www.sonoraenequipo.com.mx\/api\/wp\/v2\/categories?post=113671"},{"taxonomy":"post_tag","embeddable":true,"href":"https:\/\/www.sonoraenequipo.com.mx\/api\/wp\/v2\/tags?post=113671"}],"curies":[{"name":"wp","href":"https:\/\/api.w.org\/{rel}","templated":true}]}}