{"id":113675,"date":"2021-05-11T10:30:00","date_gmt":"2021-05-11T17:30:00","guid":{"rendered":"https:\/\/www.sonoraenequipo.com.mx\/?p=113675"},"modified":"2021-05-11T13:18:00","modified_gmt":"2021-05-11T20:18:00","slug":"indaga-fgj-capitalina-homicidio-lesiones-y-dano-a-la-propiedad-por-linea-12","status":"publish","type":"post","link":"https:\/\/www.sonoraenequipo.com.mx\/indaga-fgj-capitalina-homicidio-lesiones-y-dano-a-la-propiedad-por-linea-12\/","title":{"rendered":"Indaga FGJ capitalina homicidio, lesiones y da\u00f1o a la propiedad por L\u00ednea 12"},"content":{"rendered":"<p>CIUDAD DE M\u00c9XICO. MX. \u2014 El vocero de la Fiscal\u00eda General de Justicia de la Ciudad de M\u00e9xico (FGJ-CDMX), Ulises Lara L\u00f3pez, dio a conocer que en el desplome de la L\u00ednea 12 del Sistema de Transporte Colectivo (STC) Metro se siguen tres delitos principales.<\/p>\n<p>&nbsp;<\/p>\n<p> <\/p>\n<p>&nbsp;<\/p>\n<p>En conferencia de prensa virtual para dar a conocer el plan de investigaci\u00f3n, el funcionario detall\u00f3 que hay tres delitos identificados: homicidio, lesiones y da\u00f1o a la propiedad.<\/p>\n<p>&nbsp;<\/p>\n<p>Por su parte, la fiscal Ernestina Godoy precis\u00f3 que se cuentan con los mejores peritos en la materia y se garantizar\u00e1 la justicia para las v\u00edctimas directas, indirectas y a la poblaci\u00f3n de la CDMX.<\/p>\n<p>&nbsp;<\/p>\n<p>Decirle a la poblaci\u00f3n en general y en especial a las v\u00edctimas que<em> \u00abhabr\u00e1 justicia y no se encubrir\u00e1 a nadie, revele lo que revele la investigaci\u00f3n y tope hasta donde tope\u201d,<\/em> se\u00f1alaron.<\/p>\n<p>&nbsp;<\/p>\n<p><em>\u201cEstamos comprometidas con la justicia y la verdad para todas las v\u00edctimas\u201d,<\/em> reiter\u00f3.<\/p>\n<p>&nbsp;<\/p>\n<p>Ulises Lara coment\u00f3 que la investigaci\u00f3n seguir\u00e1 tres puntos: el derecho a la verdad de las v\u00edctimas y sociedad en general; el establecer responsabilidades penales; y la reparaci\u00f3n del da\u00f1o.<\/p>\n<p>&nbsp;<\/p>\n<p>Sobre el plan de investigaci\u00f3n, se busca saber cu\u00e1l es la causa espec\u00edfica del colapso en la L\u00ednea Dorada, saber por qu\u00e9 se desplom\u00f3 y qu\u00e9 fall\u00f3 en la causa ra\u00edz. Se espera que el peritaje de la Fiscal\u00eda est\u00e9 listo en seis semanas.<\/p>\n<p>&nbsp;<\/p>\n<p>En el peritaje participar\u00e1n elementos del \u00e1rea de criminal\u00edstica, fotograf\u00eda, video, ingenier\u00eda mec\u00e1nica, topograf\u00eda; as\u00ed como especialistas contratados y la asesor\u00eda del Colegio de Ingenieros Civiles de M\u00e9xico.<\/p>\n<p>&nbsp;<\/p>\n<p>La FGJ capitalina destac\u00f3 que el Miniterio P\u00fablico, Servicios Periciales y la Polic\u00eda de Investigaci\u00f3n estuvo desde del d\u00eda uno del colapso en el lugar para ayudar a las v\u00edctimas (traslado, identificaci\u00f3n y levantamiento de cuerpos), llegar a cabo el levantamiento de evidencia y planeaci\u00f3n.<\/p>\n<p>&nbsp;<\/p>\n<p>Adem\u00e1s, se ha dado asesor\u00eda de servicios funerarios, devoluci\u00f3n de pertenencias, acompa\u00f1amiento a hospitalizados, servicios psicologicos y asesor\u00eda jur\u00eddica.<\/p>\n<p>&nbsp;<\/p>\n<p><a href=\"https:\/\/twitter.com\/i\/broadcasts\/1OdKrVvWXapKX\">https:\/\/twitter.com\/i\/broadcasts\/1OdKrVvWXapKX<\/a><\/p>\n<p>&nbsp;<\/p>\n<p>&nbsp;<\/p>\n<p>(Publicada el 11\/05\/2021)<\/p>\n","protected":false},"excerpt":{"rendered":"<p>CIUDAD DE M\u00c9XICO. MX. \u2014 El vocero de la Fiscal\u00eda General de Justicia de la&#8230;<\/p>\n","protected":false},"author":1,"featured_media":113676,"comment_status":"open","ping_status":"open","sticky":false,"template":"","format":"standard","meta":{"_monsterinsights_skip_tracking":false,"_monsterinsights_sitenote_active":false,"_monsterinsights_sitenote_note":"","_monsterinsights_sitenote_category":0,"footnotes":""},"categories":[5],"tags":[],"class_list":["post"],"yoast_head":" \n<title>Sonora en Equipo. Indaga FGJ capitalina homicidio, lesiones y da\u00f1o a la propiedad por L\u00ednea 12 Rep\u00fablica<\/title>\n<meta name=\"description\" content=\"CIUDAD DE M\u00c9XICO. MX. \u2014 El vocero de la Fiscal\u00eda General de Justicia de la Ciudad de M\u00e9xico (FGJ-CDMX), Ulises Lara L\u00f3pez, dio a conocer que en el En Sonora en Equipo publicamos toda la informaci\u00f3n de Sonora, M\u00e9xico y el Mundo de manera oportuna y busca que la libertad de expresi\u00f3n sea real. Visita nuestro medio informativo publicado desde Hermosillo, Sonora. %\" \/>\n<meta name=\"robots\" content=\"index, follow, max-snippet:-1, max-image-preview:large, max-video-preview:-1\" \/>\n<link rel=\"canonical\" href=\"https:\/\/www.sonoraenequipo.com.mx\/indaga-fgj-capitalina-homicidio-lesiones-y-dano-a-la-propiedad-por-linea-12\/\" \/>\n<meta property=\"og:locale\" content=\"es_ES\" \/>\n<meta property=\"og:type\" content=\"article\" \/>\n<meta property=\"og:title\" content=\"Sonora en Equipo. Indaga FGJ capitalina homicidio, lesiones y da\u00f1o a la propiedad por L\u00ednea 12 Rep\u00fablica\" \/>\n<meta property=\"og:description\" content=\"CIUDAD DE M\u00c9XICO. MX. \u2014 El vocero de la Fiscal\u00eda General de Justicia de la Ciudad de M\u00e9xico (FGJ-CDMX), Ulises Lara L\u00f3pez, dio a conocer que en el En Sonora en Equipo publicamos toda la informaci\u00f3n de Sonora, M\u00e9xico y el Mundo de manera oportuna y busca que la libertad de expresi\u00f3n sea real. Visita nuestro medio informativo publicado desde Hermosillo, Sonora. %\" \/>\n<meta property=\"og:url\" content=\"https:\/\/www.sonoraenequipo.com.mx\/indaga-fgj-capitalina-homicidio-lesiones-y-dano-a-la-propiedad-por-linea-12\/\" \/>\n<meta property=\"og:site_name\" content=\"Sonora en Equipo.\" \/>\n<meta property=\"article:publisher\" content=\"https:\/\/www.facebook.com\/SonoraEE\/\" \/>\n<meta property=\"article:author\" content=\"https:\/\/www.facebook.com\/SonoraEE\" \/>\n<meta property=\"article:published_time\" content=\"2021-05-11T17:30:00+00:00\" \/>\n<meta property=\"article:modified_time\" content=\"2021-05-11T20:18:00+00:00\" \/>\n<meta property=\"og:image\" content=\"https:\/\/www.sonoraenequipo.com.mx\/storage\/2021\/05\/colapso-Li\u0301nea-12_opt.jpg\" \/>\n\t<meta property=\"og:image:width\" content=\"711\" \/>\n\t<meta property=\"og:image:height\" content=\"400\" \/>\n\t<meta property=\"og:image:type\" content=\"image\/jpeg\" \/>\n<meta name=\"author\" content=\"enequipo\" \/>\n<meta name=\"twitter:card\" content=\"summary_large_image\" \/>\n<meta name=\"twitter:creator\" content=\"@sonoraenequipo\" \/>\n<meta name=\"twitter:site\" content=\"@sonoraenequipo\" \/>\n<meta name=\"twitter:label1\" content=\"Escrito por\" \/>\n\t<meta name=\"twitter:data1\" content=\"enequipo\" \/>\n\t<meta name=\"twitter:label2\" content=\"Tiempo de lectura\" \/>\n\t<meta name=\"twitter:data2\" content=\"2 minutos\" \/>\n<script type=\"application\/ld+json\" class=\"yoast-schema-graph\">{\"@context\":\"https:\/\/schema.org\",\"@graph\":[{\"@type\":\"Article\",\"@id\":\"https:\/\/www.sonoraenequipo.com.mx\/indaga-fgj-capitalina-homicidio-lesiones-y-dano-a-la-propiedad-por-linea-12\/#article\",\"isPartOf\":{\"@id\":\"https:\/\/www.sonoraenequipo.com.mx\/indaga-fgj-capitalina-homicidio-lesiones-y-dano-a-la-propiedad-por-linea-12\/\"},\"author\":{\"name\":\"enequipo\",\"@id\":\"https:\/\/www.sonoraenequipo.com.mx\/#\/schema\/person\/50102df0fb23a8fa9e8effad8fa81386\"},\"headline\":\"Indaga FGJ capitalina homicidio, lesiones y da\u00f1o a la propiedad por L\u00ednea 12\",\"datePublished\":\"2021-05-11T17:30:00+00:00\",\"dateModified\":\"2021-05-11T20:18:00+00:00\",\"mainEntityOfPage\":{\"@id\":\"https:\/\/www.sonoraenequipo.com.mx\/indaga-fgj-capitalina-homicidio-lesiones-y-dano-a-la-propiedad-por-linea-12\/\"},\"wordCount\":398,\"commentCount\":0,\"publisher\":{\"@id\":\"https:\/\/www.sonoraenequipo.com.mx\/#organization\"},\"image\":{\"@id\":\"https:\/\/www.sonoraenequipo.com.mx\/indaga-fgj-capitalina-homicidio-lesiones-y-dano-a-la-propiedad-por-linea-12\/#primaryimage\"},\"thumbnailUrl\":\"https:\/\/www.sonoraenequipo.com.mx\/storage\/2021\/05\/colapso-Li\u0301nea-12_opt.jpg\",\"articleSection\":[\"Rep\u00fablica\"],\"inLanguage\":\"es\",\"potentialAction\":[{\"@type\":\"CommentAction\",\"name\":\"Comment\",\"target\":[\"https:\/\/www.sonoraenequipo.com.mx\/indaga-fgj-capitalina-homicidio-lesiones-y-dano-a-la-propiedad-por-linea-12\/#respond\"]}]},{\"@type\":\"WebPage\",\"@id\":\"https:\/\/www.sonoraenequipo.com.mx\/indaga-fgj-capitalina-homicidio-lesiones-y-dano-a-la-propiedad-por-linea-12\/\",\"url\":\"https:\/\/www.sonoraenequipo.com.mx\/indaga-fgj-capitalina-homicidio-lesiones-y-dano-a-la-propiedad-por-linea-12\/\",\"name\":\"Sonora en Equipo. Indaga FGJ capitalina homicidio, lesiones y da\u00f1o a la propiedad por L\u00ednea 12 Rep\u00fablica\",\"isPartOf\":{\"@id\":\"https:\/\/www.sonoraenequipo.com.mx\/#website\"},\"primaryImageOfPage\":{\"@id\":\"https:\/\/www.sonoraenequipo.com.mx\/indaga-fgj-capitalina-homicidio-lesiones-y-dano-a-la-propiedad-por-linea-12\/#primaryimage\"},\"image\":{\"@id\":\"https:\/\/www.sonoraenequipo.com.mx\/indaga-fgj-capitalina-homicidio-lesiones-y-dano-a-la-propiedad-por-linea-12\/#primaryimage\"},\"thumbnailUrl\":\"https:\/\/www.sonoraenequipo.com.mx\/storage\/2021\/05\/colapso-Li\u0301nea-12_opt.jpg\",\"datePublished\":\"2021-05-11T17:30:00+00:00\",\"dateModified\":\"2021-05-11T20:18:00+00:00\",\"description\":\"CIUDAD DE M\u00c9XICO. MX. \u2014 El vocero de la Fiscal\u00eda General de Justicia de la Ciudad de M\u00e9xico (FGJ-CDMX), Ulises Lara L\u00f3pez, dio a conocer que en el En Sonora en Equipo publicamos toda la informaci\u00f3n de Sonora, M\u00e9xico y el Mundo de manera oportuna y busca que la libertad de expresi\u00f3n sea real. Visita nuestro medio informativo publicado desde Hermosillo, Sonora. %\",\"breadcrumb\":{\"@id\":\"https:\/\/www.sonoraenequipo.com.mx\/indaga-fgj-capitalina-homicidio-lesiones-y-dano-a-la-propiedad-por-linea-12\/#breadcrumb\"},\"inLanguage\":\"es\",\"potentialAction\":[{\"@type\":\"ReadAction\",\"target\":[\"https:\/\/www.sonoraenequipo.com.mx\/indaga-fgj-capitalina-homicidio-lesiones-y-dano-a-la-propiedad-por-linea-12\/\"]}]},{\"@type\":\"ImageObject\",\"inLanguage\":\"es\",\"@id\":\"https:\/\/www.sonoraenequipo.com.mx\/indaga-fgj-capitalina-homicidio-lesiones-y-dano-a-la-propiedad-por-linea-12\/#primaryimage\",\"url\":\"https:\/\/www.sonoraenequipo.com.mx\/storage\/2021\/05\/colapso-Li\u0301nea-12_opt.jpg\",\"contentUrl\":\"https:\/\/www.sonoraenequipo.com.mx\/storage\/2021\/05\/colapso-Li\u0301nea-12_opt.jpg\",\"width\":711,\"height\":400},{\"@type\":\"BreadcrumbList\",\"@id\":\"https:\/\/www.sonoraenequipo.com.mx\/indaga-fgj-capitalina-homicidio-lesiones-y-dano-a-la-propiedad-por-linea-12\/#breadcrumb\",\"itemListElement\":[{\"@type\":\"ListItem\",\"position\":1,\"name\":\"Portada\",\"item\":\"https:\/\/www.sonoraenequipo.com.mx\/\"},{\"@type\":\"ListItem\",\"position\":2,\"name\":\"Indaga FGJ capitalina homicidio, lesiones y da\u00f1o a la propiedad por L\u00ednea 12\"}]},{\"@type\":\"WebSite\",\"@id\":\"https:\/\/www.sonoraenequipo.com.mx\/#website\",\"url\":\"https:\/\/www.sonoraenequipo.com.mx\/\",\"name\":\"Sonora en Equipo.\",\"description\":\"Diario en l\u00ednea con Noticias desde Hermosillo, Sonora\",\"publisher\":{\"@id\":\"https:\/\/www.sonoraenequipo.com.mx\/#organization\"},\"potentialAction\":[{\"@type\":\"SearchAction\",\"target\":{\"@type\":\"EntryPoint\",\"urlTemplate\":\"https:\/\/www.sonoraenequipo.com.mx\/?s={search_term_string}\"},\"query-input\":{\"@type\":\"PropertyValueSpecification\",\"valueRequired\":true,\"valueName\":\"search_term_string\"}}],\"inLanguage\":\"es\"},{\"@type\":\"Organization\",\"@id\":\"https:\/\/www.sonoraenequipo.com.mx\/#organization\",\"name\":\"Sonoraenequipo.com.mx\",\"url\":\"https:\/\/www.sonoraenequipo.com.mx\/\",\"logo\":{\"@type\":\"ImageObject\",\"inLanguage\":\"es\",\"@id\":\"https:\/\/www.sonoraenequipo.com.mx\/#\/schema\/logo\/image\/\",\"url\":\"https:\/\/www.sonoraenequipo.com.mx\/storage\/2019\/01\/sonoraenequipo_opt.png\",\"contentUrl\":\"https:\/\/www.sonoraenequipo.com.mx\/storage\/2019\/01\/sonoraenequipo_opt.png\",\"width\":375,\"height\":125,\"caption\":\"Sonoraenequipo.com.mx\"},\"image\":{\"@id\":\"https:\/\/www.sonoraenequipo.com.mx\/#\/schema\/logo\/image\/\"},\"sameAs\":[\"https:\/\/www.facebook.com\/SonoraEE\/\",\"https:\/\/x.com\/sonoraenequipo\",\"https:\/\/www.youtube.com\/channel\/UC338nW-lPEYmJQs4ZABQ1SQ\"]},{\"@type\":\"Person\",\"@id\":\"https:\/\/www.sonoraenequipo.com.mx\/#\/schema\/person\/50102df0fb23a8fa9e8effad8fa81386\",\"name\":\"enequipo\",\"image\":{\"@type\":\"ImageObject\",\"inLanguage\":\"es\",\"@id\":\"https:\/\/www.sonoraenequipo.com.mx\/#\/schema\/person\/image\/\",\"url\":\"https:\/\/secure.gravatar.com\/avatar\/049821681b589dabc0bc20695993ccebb09f5b5d4d790cd9251b97faac7c652b?s=96&d=blank&r=g\",\"contentUrl\":\"https:\/\/secure.gravatar.com\/avatar\/049821681b589dabc0bc20695993ccebb09f5b5d4d790cd9251b97faac7c652b?s=96&d=blank&r=g\",\"caption\":\"enequipo\"},\"sameAs\":[\"https:\/\/www.facebook.com\/SonoraEE\"]}]}<\/script>\n ","yoast_head_json":{"title":"Sonora en Equipo. Indaga FGJ capitalina homicidio, lesiones y da\u00f1o a la propiedad por L\u00ednea 12 Rep\u00fablica","description":"CIUDAD DE M\u00c9XICO. MX. \u2014 El vocero de la Fiscal\u00eda General de Justicia de la Ciudad de M\u00e9xico (FGJ-CDMX), Ulises Lara L\u00f3pez, dio a conocer que en el En Sonora en Equipo publicamos toda la informaci\u00f3n de Sonora, M\u00e9xico y el Mundo de manera oportuna y busca que la libertad de expresi\u00f3n sea real. Visita nuestro medio informativo publicado desde Hermosillo, Sonora. %","robots":{"index":"index","follow":"follow","max-snippet":"max-snippet:-1","max-image-preview":"max-image-preview:large","max-video-preview":"max-video-preview:-1"},"canonical":"https:\/\/www.sonoraenequipo.com.mx\/indaga-fgj-capitalina-homicidio-lesiones-y-dano-a-la-propiedad-por-linea-12\/","og_locale":"es_ES","og_type":"article","og_title":"Sonora en Equipo. Indaga FGJ capitalina homicidio, lesiones y da\u00f1o a la propiedad por L\u00ednea 12 Rep\u00fablica","og_description":"CIUDAD DE M\u00c9XICO. MX. \u2014 El vocero de la Fiscal\u00eda General de Justicia de la Ciudad de M\u00e9xico (FGJ-CDMX), Ulises Lara L\u00f3pez, dio a conocer que en el En Sonora en Equipo publicamos toda la informaci\u00f3n de Sonora, M\u00e9xico y el Mundo de manera oportuna y busca que la libertad de expresi\u00f3n sea real. Visita nuestro medio informativo publicado desde Hermosillo, Sonora. %","og_url":"https:\/\/www.sonoraenequipo.com.mx\/indaga-fgj-capitalina-homicidio-lesiones-y-dano-a-la-propiedad-por-linea-12\/","og_site_name":"Sonora en Equipo.","article_publisher":"https:\/\/www.facebook.com\/SonoraEE\/","article_author":"https:\/\/www.facebook.com\/SonoraEE","article_published_time":"2021-05-11T17:30:00+00:00","article_modified_time":"2021-05-11T20:18:00+00:00","og_image":[{"width":711,"height":400,"url":"https:\/\/www.sonoraenequipo.com.mx\/storage\/2021\/05\/colapso-Li\u0301nea-12_opt.jpg","type":"image\/jpeg"}],"author":"enequipo","twitter_card":"summary_large_image","twitter_creator":"@sonoraenequipo","twitter_site":"@sonoraenequipo","twitter_misc":{"Escrito por":"enequipo","Tiempo de lectura":"2 minutos"},"schema":{"@context":"https:\/\/schema.org","@graph":[{"@type":"Article","@id":"https:\/\/www.sonoraenequipo.com.mx\/indaga-fgj-capitalina-homicidio-lesiones-y-dano-a-la-propiedad-por-linea-12\/#article","isPartOf":{"@id":"https:\/\/www.sonoraenequipo.com.mx\/indaga-fgj-capitalina-homicidio-lesiones-y-dano-a-la-propiedad-por-linea-12\/"},"author":{"name":"enequipo","@id":"https:\/\/www.sonoraenequipo.com.mx\/#\/schema\/person\/50102df0fb23a8fa9e8effad8fa81386"},"headline":"Indaga FGJ capitalina homicidio, lesiones y da\u00f1o a la propiedad por L\u00ednea 12","datePublished":"2021-05-11T17:30:00+00:00","dateModified":"2021-05-11T20:18:00+00:00","mainEntityOfPage":{"@id":"https:\/\/www.sonoraenequipo.com.mx\/indaga-fgj-capitalina-homicidio-lesiones-y-dano-a-la-propiedad-por-linea-12\/"},"wordCount":398,"commentCount":0,"publisher":{"@id":"https:\/\/www.sonoraenequipo.com.mx\/#organization"},"image":{"@id":"https:\/\/www.sonoraenequipo.com.mx\/indaga-fgj-capitalina-homicidio-lesiones-y-dano-a-la-propiedad-por-linea-12\/#primaryimage"},"thumbnailUrl":"https:\/\/www.sonoraenequipo.com.mx\/storage\/2021\/05\/colapso-Li\u0301nea-12_opt.jpg","articleSection":["Rep\u00fablica"],"inLanguage":"es","potentialAction":[{"@type":"CommentAction","name":"Comment","target":["https:\/\/www.sonoraenequipo.com.mx\/indaga-fgj-capitalina-homicidio-lesiones-y-dano-a-la-propiedad-por-linea-12\/#respond"]}]},{"@type":"WebPage","@id":"https:\/\/www.sonoraenequipo.com.mx\/indaga-fgj-capitalina-homicidio-lesiones-y-dano-a-la-propiedad-por-linea-12\/","url":"https:\/\/www.sonoraenequipo.com.mx\/indaga-fgj-capitalina-homicidio-lesiones-y-dano-a-la-propiedad-por-linea-12\/","name":"Sonora en Equipo. Indaga FGJ capitalina homicidio, lesiones y da\u00f1o a la propiedad por L\u00ednea 12 Rep\u00fablica","isPartOf":{"@id":"https:\/\/www.sonoraenequipo.com.mx\/#website"},"primaryImageOfPage":{"@id":"https:\/\/www.sonoraenequipo.com.mx\/indaga-fgj-capitalina-homicidio-lesiones-y-dano-a-la-propiedad-por-linea-12\/#primaryimage"},"image":{"@id":"https:\/\/www.sonoraenequipo.com.mx\/indaga-fgj-capitalina-homicidio-lesiones-y-dano-a-la-propiedad-por-linea-12\/#primaryimage"},"thumbnailUrl":"https:\/\/www.sonoraenequipo.com.mx\/storage\/2021\/05\/colapso-Li\u0301nea-12_opt.jpg","datePublished":"2021-05-11T17:30:00+00:00","dateModified":"2021-05-11T20:18:00+00:00","description":"CIUDAD DE M\u00c9XICO. MX. \u2014 El vocero de la Fiscal\u00eda General de Justicia de la Ciudad de M\u00e9xico (FGJ-CDMX), Ulises Lara L\u00f3pez, dio a conocer que en el En Sonora en Equipo publicamos toda la informaci\u00f3n de Sonora, M\u00e9xico y el Mundo de manera oportuna y busca que la libertad de expresi\u00f3n sea real. Visita nuestro medio informativo publicado desde Hermosillo, Sonora. %","breadcrumb":{"@id":"https:\/\/www.sonoraenequipo.com.mx\/indaga-fgj-capitalina-homicidio-lesiones-y-dano-a-la-propiedad-por-linea-12\/#breadcrumb"},"inLanguage":"es","potentialAction":[{"@type":"ReadAction","target":["https:\/\/www.sonoraenequipo.com.mx\/indaga-fgj-capitalina-homicidio-lesiones-y-dano-a-la-propiedad-por-linea-12\/"]}]},{"@type":"ImageObject","inLanguage":"es","@id":"https:\/\/www.sonoraenequipo.com.mx\/indaga-fgj-capitalina-homicidio-lesiones-y-dano-a-la-propiedad-por-linea-12\/#primaryimage","url":"https:\/\/www.sonoraenequipo.com.mx\/storage\/2021\/05\/colapso-Li\u0301nea-12_opt.jpg","contentUrl":"https:\/\/www.sonoraenequipo.com.mx\/storage\/2021\/05\/colapso-Li\u0301nea-12_opt.jpg","width":711,"height":400},{"@type":"BreadcrumbList","@id":"https:\/\/www.sonoraenequipo.com.mx\/indaga-fgj-capitalina-homicidio-lesiones-y-dano-a-la-propiedad-por-linea-12\/#breadcrumb","itemListElement":[{"@type":"ListItem","position":1,"name":"Portada","item":"https:\/\/www.sonoraenequipo.com.mx\/"},{"@type":"ListItem","position":2,"name":"Indaga FGJ capitalina homicidio, lesiones y da\u00f1o a la propiedad por L\u00ednea 12"}]},{"@type":"WebSite","@id":"https:\/\/www.sonoraenequipo.com.mx\/#website","url":"https:\/\/www.sonoraenequipo.com.mx\/","name":"Sonora en Equipo.","description":"Diario en l\u00ednea con Noticias desde Hermosillo, Sonora","publisher":{"@id":"https:\/\/www.sonoraenequipo.com.mx\/#organization"},"potentialAction":[{"@type":"SearchAction","target":{"@type":"EntryPoint","urlTemplate":"https:\/\/www.sonoraenequipo.com.mx\/?s={search_term_string}"},"query-input":{"@type":"PropertyValueSpecification","valueRequired":true,"valueName":"search_term_string"}}],"inLanguage":"es"},{"@type":"Organization","@id":"https:\/\/www.sonoraenequipo.com.mx\/#organization","name":"Sonoraenequipo.com.mx","url":"https:\/\/www.sonoraenequipo.com.mx\/","logo":{"@type":"ImageObject","inLanguage":"es","@id":"https:\/\/www.sonoraenequipo.com.mx\/#\/schema\/logo\/image\/","url":"https:\/\/www.sonoraenequipo.com.mx\/storage\/2019\/01\/sonoraenequipo_opt.png","contentUrl":"https:\/\/www.sonoraenequipo.com.mx\/storage\/2019\/01\/sonoraenequipo_opt.png","width":375,"height":125,"caption":"Sonoraenequipo.com.mx"},"image":{"@id":"https:\/\/www.sonoraenequipo.com.mx\/#\/schema\/logo\/image\/"},"sameAs":["https:\/\/www.facebook.com\/SonoraEE\/","https:\/\/x.com\/sonoraenequipo","https:\/\/www.youtube.com\/channel\/UC338nW-lPEYmJQs4ZABQ1SQ"]},{"@type":"Person","@id":"https:\/\/www.sonoraenequipo.com.mx\/#\/schema\/person\/50102df0fb23a8fa9e8effad8fa81386","name":"enequipo","image":{"@type":"ImageObject","inLanguage":"es","@id":"https:\/\/www.sonoraenequipo.com.mx\/#\/schema\/person\/image\/","url":"https:\/\/secure.gravatar.com\/avatar\/049821681b589dabc0bc20695993ccebb09f5b5d4d790cd9251b97faac7c652b?s=96&d=blank&r=g","contentUrl":"https:\/\/secure.gravatar.com\/avatar\/049821681b589dabc0bc20695993ccebb09f5b5d4d790cd9251b97faac7c652b?s=96&d=blank&r=g","caption":"enequipo"},"sameAs":["https:\/\/www.facebook.com\/SonoraEE"]}]}},"jetpack_featured_media_url":"https:\/\/www.sonoraenequipo.com.mx\/storage\/2021\/05\/colapso-Li\u0301nea-12_opt.jpg","_links":{"self":[{"href":"https:\/\/www.sonoraenequipo.com.mx\/api\/wp\/v2\/posts\/113675","targetHints":{"allow":["GET"]}}],"collection":[{"href":"https:\/\/www.sonoraenequipo.com.mx\/api\/wp\/v2\/posts"}],"about":[{"href":"https:\/\/www.sonoraenequipo.com.mx\/api\/wp\/v2\/types\/post"}],"author":[{"embeddable":true,"href":"https:\/\/www.sonoraenequipo.com.mx\/api\/wp\/v2\/users\/1"}],"replies":[{"embeddable":true,"href":"https:\/\/www.sonoraenequipo.com.mx\/api\/wp\/v2\/comments?post=113675"}],"version-history":[{"count":1,"href":"https:\/\/www.sonoraenequipo.com.mx\/api\/wp\/v2\/posts\/113675\/revisions"}],"predecessor-version":[{"id":113677,"href":"https:\/\/www.sonoraenequipo.com.mx\/api\/wp\/v2\/posts\/113675\/revisions\/113677"}],"wp:featuredmedia":[{"embeddable":true,"href":"https:\/\/www.sonoraenequipo.com.mx\/api\/wp\/v2\/media\/113676"}],"wp:attachment":[{"href":"https:\/\/www.sonoraenequipo.com.mx\/api\/wp\/v2\/media?parent=113675"}],"wp:term":[{"taxonomy":"category","embeddable":true,"href":"https:\/\/www.sonoraenequipo.com.mx\/api\/wp\/v2\/categories?post=113675"},{"taxonomy":"post_tag","embeddable":true,"href":"https:\/\/www.sonoraenequipo.com.mx\/api\/wp\/v2\/tags?post=113675"}],"curies":[{"name":"wp","href":"https:\/\/api.w.org\/{rel}","templated":true}]}}