{"id":113683,"date":"2021-05-11T16:33:29","date_gmt":"2021-05-11T23:33:29","guid":{"rendered":"https:\/\/www.sonoraenequipo.com.mx\/?p=113683"},"modified":"2021-05-11T17:14:52","modified_gmt":"2021-05-12T00:14:52","slug":"eleccion-en-sonora-conoce-los-candidatos-a-gobernador","status":"publish","type":"post","link":"https:\/\/www.sonoraenequipo.com.mx\/eleccion-en-sonora-conoce-los-candidatos-a-gobernador\/","title":{"rendered":"Elecci\u00f3n en Sonora. Conoce los candidatos a Gobernador"},"content":{"rendered":"<p>HERMOSILLO, SONORA. MX.\u00a0 \u2014 El viernes (05.03.2021) iniciaron las campa\u00f1as electorales en Sonora. Los candidatos postulados por los partidos y validados por el Instituto Electoral estatal (IEES) tendri\u00e1n que dar lo mejor de s\u00ed y generar propuestas innovadoras para ganar el apoyo de los sonorenses.<\/p>\n<p>&nbsp;<\/p>\n<p> <\/p>\n<p>A tan solo unos cuantos d\u00edas para que termine la contienda, te ofrecemos la trayectoria pol\u00edtica de cada uno de los contendientes, para que puedas emitir un voto m\u00e1s informado al elegir al pr\u00f3ximo gobernador de Sonora, quien sustituir\u00e1 a Claudia Pavlovich en el cargo.<\/p>\n<h3>\nAlfonso Durazo, candidato de Morena<\/h3>\n<p><img loading=\"lazy\" decoding=\"async\" class=\"size-medium  x-left\" src=\"https:\/\/www.sonoraenequipo.com.mx\/storage\/2021\/05\/alfonso-durazo-montano_opt-648x365.jpg\" alt=\"\" width=\"648\" height=\"365\" \/>Es abanderado por la coalici\u00f3n entre Morena, Partido del Trabajo, Verde Ecologista de M\u00e9xico y Nueva Alianza.<\/p>\n<p>Naci\u00f3 en Bavispe, Sonora en 1954, es licenciado en Derecho por la Universidad Aut\u00f3noma Metropolitana (UAM) y cuenta con estudios de Ingenier\u00eda Civil en la Facultad de Ingenier\u00eda de la UNAM.<\/p>\n<p>&nbsp;<\/p>\n<p>Tiene una maestr\u00eda en Administraci\u00f3n P\u00fablica por el Instituto Sonorense de Administraci\u00f3n P\u00fablica, es doctor en Pol\u00edticas P\u00fablicas por el Instituto Tecnol\u00f3gico de Estudios Superiores de Monterrey y se titul\u00f3 con la tesis <em>\u201cLas Claves de la Nueva Gobernabilidad en M\u00e9xico\u201d.<\/em><\/p>\n<p>&nbsp;<\/p>\n<p>Fue diputado en la LXII Legislatura 2012-2015 y coordinador de la Fracci\u00f3n Parlamentaria del Morena en esa misma legislatura; fue integrante de la Junta de Coordinaci\u00f3n Pol\u00edtica de la C\u00e1mara de Diputados, presidente de la Comisi\u00f3n de Protecci\u00f3n Civil, secretario de la Comisi\u00f3n de Gobernaci\u00f3n y participante en las comisiones de Seguridad y Desarrollo Social.<\/p>\n<p>&nbsp;<\/p>\n<p>Ha sido Investigador en el Instituto de Investigaciones Jur\u00eddicas de la UNAM (1995 \u2013 1996) y editorialista en varios diarios del pa\u00eds, entre los que destacan: Reforma (Ciudad de M\u00e9xico); El Norte (Monterrey) y El Imparcial (Hermosillo), entre otros.<\/p>\n<p>&nbsp;<\/p>\n<p>Tom\u00f3 protesta como senador de la Rep\u00fablica y solicit\u00f3 licencia para tomar el cargo como secretario de Seguridad P\u00fablica cuando Andr\u00e9s Manuel L\u00f3pez Obrador gan\u00f3 la Presidencia.<\/p>\n<p>&nbsp;<\/p>\n<p><strong>Anterior a ello, presidi\u00f3 el Comit\u00e9 Ejecutivo Estatal de Morena en Sonora de 2015 a 2018<\/strong>.<\/p>\n<p>&nbsp;<\/p>\n<p>Coordin\u00f3 al grupo de trabajo<em> \u201c Sociedad Segura\u201d,<\/em> responsable de elaborar el cap\u00edtulo de seguridad de la plataforma y el plan de gobierno de la coalici\u00f3n <em>\u201cJuntos Haremos Historia\u201d.<\/em><\/p>\n<p>&nbsp;<\/p>\n<p>Fue candidato a senador de la Coalici\u00f3n <em>\u201cPor el Bien de Todos\u201d<\/em>, por el Estado de Sonora, en 2006; sin embargo, perdi\u00f3 la elecci\u00f3n.<\/p>\n<p>&nbsp;<\/p>\n<p>A partir de julio del 2000 se desempe\u00f1\u00f3 como secretario particular del ex presidente Vicente Fox Quezada y del 1\u00ba de diciembre del mismo a\u00f1o fue designado Secretario Particular del entonces presidente electo.<\/p>\n<p>&nbsp;<\/p>\n<p>En 1994 fue Secretario General de Desarrollo Social del propio Departamento del Distrito Federal.<\/p>\n<p>&nbsp;<\/p>\n<p>Trabaj\u00f3 en la Secretar\u00eda de Gobernaci\u00f3n de 1973 a 1982 y de nuevo en 1995. Colabor\u00f3 en las extintas secretar\u00edas de Programaci\u00f3n y Presupuesto y en la de Industria y Comercio.<\/p>\n<p>&nbsp;<\/p>\n<p>Form\u00f3 parte de las secretar\u00edas de Educaci\u00f3n P\u00fablica, Desarrollo Social y en el entonces departamento del Distrito Federal, donde fue subdelegado regional en la Zona Centro Tepito, de la Delegaci\u00f3n Cuauht\u00e9moc.<\/p>\n<p><em><strong>\u00abLos convoco a una lucha para recuperar la grandeza de #Sonora, a una lucha por la transformaci\u00f3n. Ya les toca a quienes nunca les ha tocado, est\u00e1 en nuestras manos un cambio verdadero para nuestro estado\u00bb<\/strong><\/em>. dijo Durazo Monta\u00f1o en las redes sociales<\/p>\n<p>Fungi\u00f3 como secretario particular de Luis Donaldo Colosio en su periodo como l\u00edder del PRI (1989-1992) ocup\u00f3 el mismo cargo cuando Colosio se convirti\u00f3 en candidato a la presidencia de M\u00e9xico de 1993 a 1994, a\u00f1o en que fue asesinado en Lomas Taurinas en Tijuana.<\/p>\n<p><a class=\"twitter-timeline\" data-width=\"640\" data-height=\"960\" data-dnt=\"true\" href=\"https:\/\/twitter.com\/AlfonsoDurazo?ref_src=twsrc%5Etfw\">Tweets by AlfonsoDurazo<\/a><script async src=\"https:\/\/platform.twitter.com\/widgets.js\" charset=\"utf-8\"><\/script><\/p>\n<h3>Ricardo Robinson Bours Castelo, candidato de Movimiento Ciudadano<\/h3>\n<p>&nbsp;<\/p>\n<p><img loading=\"lazy\" decoding=\"async\" class=\"size-medium  x-right\" src=\"https:\/\/www.sonoraenequipo.com.mx\/storage\/2021\/05\/ricardo-robinson-bours_opt-648x365.jpg\" alt=\"\" width=\"648\" height=\"365\" \/>Postulado por el partido Movimiento Ciudadano (MC), naci\u00f3 el 12 de julio de 1962 en Ciudad Obreg\u00f3n, Sonora; ah\u00ed estudi\u00f3 la educaci\u00f3n b\u00e1sica en el Instituto La Salle.<\/p>\n<p>&nbsp;<\/p>\n<p>Es contador p\u00fablico por el Instituto Tecnol\u00f3gico y de Estudios Superiores de Monterrey, campus Ciudad Obreg\u00f3n. Asimismo, asisti\u00f3 en Estados Unidos al Junior High en St. Catherine &#8216;s Military School en Anaheim, California; escuela militar de pr\u00e1cticas cat\u00f3licas.<\/p>\n<p>Cuenta con una maestr\u00eda en material fiscal por el Instituto Tecnol\u00f3gico Aut\u00f3nomo de M\u00e9xico (ITAM). Asimismo, fue presidente municipal de Cajeme, Sonora, en el periodo 2000-2003 abanderado por el Partido Revolucionario Institucional (PRI).<\/p>\n<p>&nbsp;<\/p>\n<p>Sin embargo, renunci\u00f3 a ese partido el 9 febrero de 2019 tras 41 a\u00f1os de militancia, pues advirti\u00f3 un proceso inequitativo para definir al candidato a la gubernatura de ese estado.<\/p>\n<p>&nbsp;<\/p>\n<p><em>\u201cHace unos minutos entregue a mi amigo y presidente del Comit\u00e9 Directivo Estatal del PRI en Sonora, Ernesto De Lucas, mi carta de renuncia al PRI despu\u00e9s de haber militado en \u00e9l desde 1978. No me voy molesto, ni resentido, prefiero hacerlo a tiempo! Tampoco veo signos que indiquen su apertura a la militancia!\u201d<\/em>, escribi\u00f3 en su cuenta de Twitter.<\/p>\n<p>&nbsp;<\/p>\n<p>Ricardo Bours es hijo de Mario Javier Robinson Bours Almada, uno de los empresarios fundadores de Bachoco\u200b y Megacable, quien tambi\u00e9n se desempe\u00f1\u00f3 como presidente municipal de Cajeme de 1967 a 1970, y diputado federal al Congreso de la Uni\u00f3n de 1970 a 1973.<\/p>\n<p>Aqu\u00ed nac\u00ed y aqu\u00ed pienso vivir toda mi vida, Sonora es mi casa y la voy a defender a tope. A m\u00ed me ense\u00f1aron a luchar por lo que amo, y yo amo esta tierra, por eso la voy a defender con valor y coraje.<\/p>\n<p>El abanderado por Movimiento Ciudadano es tambi\u00e9n hermano del ex gobernador sonorense Eduardo Bours, quien gobern\u00f3 la entidad de 2003 a 2009 y tambi\u00e9n fue senador del a\u00f1o 2000 al 2003.<\/p>\n<p>A la familia Bours se le relaciona con el monopolio pol\u00edtico y econ\u00f3mico del estado de Sonora, asimismo est\u00e1n vinculados al caso del incendio de la Guarder\u00eda ABC pues familiares del ex gobernador ten\u00edan guarder\u00edas a lo largo del territorio sonorense, por las cuales recib\u00edan alrededor de 4 millones de pesos como pago por los servicios prestados al Instituto Mexicano del Seguro Social (IMSS).<\/p>\n<p><a class=\"twitter-timeline\" data-width=\"640\" data-height=\"960\" data-dnt=\"true\" href=\"https:\/\/twitter.com\/r_rbc?ref_src=twsrc%5Etfw\">Tweets by r_rbc<\/a><script async src=\"https:\/\/platform.twitter.com\/widgets.js\" charset=\"utf-8\"><\/script><\/p>\n<h3>Ernesto G\u00e1ndara, candidato de PRI-PAN-PRD<\/h3>\n<p>&nbsp;<\/p>\n<p><img loading=\"lazy\" decoding=\"async\" class=\"size-medium  x-left\" src=\"https:\/\/www.sonoraenequipo.com.mx\/storage\/2021\/05\/ernesto-gandara1_opt-648x365.jpg\" alt=\"\" width=\"648\" height=\"365\" \/>Candidato de la coalici\u00f3n Va por Sonora, conformada por PRI, PAN, y PRD. Naci\u00f3 el 22 de septiembre de 1960 en Hermosillo, Sonora. Es licenciado en Derecho por la Facultad de Derecho de la Universidad Nacional Aut\u00f3noma de M\u00e9xico y cuenta con una Maestr\u00eda en Derecho Constitucional por la Universidad de Par\u00eds II Panth\u00e9on-Assas.<\/p>\n<p>&nbsp;<\/p>\n<p>G\u00e1ndara Camou fue presidente municipal del ayuntamiento de Hermosillo (2006-2009), tambi\u00e9n se desempe\u00f1\u00f3 como coordinador de la Comisi\u00f3n de Fomento al Turismo del Estado de Sonora (2004-2006).<\/p>\n<p>&nbsp;<\/p>\n<p>Fungi\u00f3 como director general de Peticiones y Audiencias de la Presidencia de la Rep\u00fablica del 2000 al 2002 y fue delegado federal de la Secretar\u00eda de Medio Ambiente, Recursos Naturales y Pesca en el Estado de Sonora (1995-1998).<\/p>\n<p>Tambi\u00e9n ejerci\u00f3 como subcoordinador de Giras Presidenciales de la Secretar\u00eda Particular de la Presidencia de la Rep\u00fablica (1986-1988).<\/p>\n<p>&nbsp;<\/p>\n<p>El 21 de enero de 2012 llev\u00f3 a cabo su registro como candidato al Senado de la Rep\u00fablica, contendiendo por el esca\u00f1o y resultando electo en las elecciones federales celebradas el 1 de julio de 2012. Tom\u00f3 protesta el 1 de septiembre de 2012 formando parte del grupo parlamentario del Partido Revolucionario Institucional (PRI).<\/p>\n<p>&nbsp;<\/p>\n<p>Tras 40 a\u00f1os de militancia, G\u00e1ndara Camou renunci\u00f3 al PRI para abanderar la coalici\u00f3n electoral que conforma el PRI, el PAN y el PRD para competir en los comicios del 2021 por el gobierno de Sonora.<\/p>\n<p><a class=\"twitter-timeline\" data-width=\"640\" data-height=\"960\" data-dnt=\"true\" href=\"https:\/\/twitter.com\/EGandaraC?ref_src=twsrc%5Etfw\">Tweets by EGandaraC<\/a><script async src=\"https:\/\/platform.twitter.com\/widgets.js\" charset=\"utf-8\"><\/script><\/p>\n<p>&nbsp;<\/p>\n<h3>David Cuauht\u00e9moc Galindo Delgado, candidato de RSP<\/h3>\n<p><img loading=\"lazy\" decoding=\"async\" class=\"size-medium  x-right\" src=\"https:\/\/www.sonoraenequipo.com.mx\/storage\/2021\/05\/david-cuauhtemoc-galindo_opt-648x365.jpg\" alt=\"\" width=\"648\" height=\"365\" \/>Naci\u00f3 el 7 de diciembre de 1975 en Nogales, Sonora. Tambi\u00e9n conocido como \u201c<em>Temo Galindo\u201d<\/em> es el candidato a la gubernatura por el partido Redes Sociales Progresistas, curs\u00f3 sus estudios de arquitectura en el Tecnol\u00f3gico de Monterrey Campus Sonora Norte.<\/p>\n<p>&nbsp;<\/p>\n<p>Ocup\u00f3 el cargo de secretario del ayuntamiento de Nogales en el periodo del 2006 al 2007, asimismo ha ocupado cargos de elecci\u00f3n popular entre los que destaca el de diputado local 2009-2012. Fue diputado federal de 2012 a 2015 por el distrito dos, tambi\u00e9n fungi\u00f3 como alcalde de Nogales.<\/p>\n<p>&nbsp;<\/p>\n<p>Asimismo, fue panista por m\u00e1s de 15 a\u00f1os, donde ocup\u00f3 diversos cargos como dirigente de los j\u00f3venes del PAN en Sonora, coordinador de la Campa\u00f1a de J\u00f3venes con Fox y secretario de Estrategias Electorales del Comit\u00e9 Directivo Estatal en Sonora.<\/p>\n<p>&nbsp;<\/p>\n<p>Es vicepresidente de la Asociaci\u00f3n Nacional de alcaldes y la Conferencia Nacional de Municipios de M\u00e9xico.<\/p>\n<p>&nbsp;<\/p>\n<p>De acuerdo con medios locales, en octubre de 2018, Galindo Delgado fue citado a comparecer por la desaparici\u00f3n de alrededor de 31 millones de pesos, producto de la renta de naves industriales a trav\u00e9s del Fopin (Fideicomiso Operador del Parque Industrial de Nogales); cabe destacar que no asisti\u00f3 a la cita.<\/p>\n<p><a class=\"twitter-timeline\" data-width=\"640\" data-height=\"960\" data-dnt=\"true\" href=\"https:\/\/twitter.com\/TemoGalindo?ref_src=twsrc%5Etfw\">Tweets by TemoGalindo<\/a><script async src=\"https:\/\/platform.twitter.com\/widgets.js\" charset=\"utf-8\"><\/script><\/p>\n<p>&nbsp;<\/p>\n<h3>Rosario F\u00e1tima Robles Robles, candidata de Fuerza x M\u00e9xico<\/h3>\n<p><img loading=\"lazy\" decoding=\"async\" class=\"size-medium  x-left\" src=\"https:\/\/www.sonoraenequipo.com.mx\/storage\/2021\/05\/rosario-fatima-robles_opt-648x365.jpg\" alt=\"\" width=\"648\" height=\"365\" \/>Es la \u00fanica mujer registrada para esta contienda abanderada por el partido Fuerza x M\u00e9xico, Robles Robles es profesora por la Universidad Estatal de Sonora, doctora en Ciencias Sociales por el Colegio de Sonora en la l\u00ednea de investigaci\u00f3n Desarrollo Econ\u00f3mico y Exclusi\u00f3n Social.<\/p>\n<p>&nbsp;<\/p>\n<p>Asimismo es colaboradora en el programa de radio universidad g\u00e9nero y sustentabilidad (2014 a la fecha). Fue responsable del Grupo de investigaci\u00f3n Procesos de Integraci\u00f3n Econ\u00f3mica y Sociedad (2014-2015).<\/p>\n<p>&nbsp;<\/p>\n<p>Tambi\u00e9n fue colaboradora de la Red de Relaciones Internacionales y Desarrollo Global, participante en el proyecto de investigaci\u00f3n internacional, estudio comparativo de los impactos del TLCAN y el MERCOSUR (2014-2015).<\/p>\n<p><a class=\"twitter-timeline\" data-width=\"640\" data-height=\"960\" data-dnt=\"true\" href=\"https:\/\/twitter.com\/ROBLESROBLESFXM?ref_src=twsrc%5Etfw\">Tweets by ROBLESROBLESFXM<\/a><script async src=\"https:\/\/platform.twitter.com\/widgets.js\" charset=\"utf-8\"><\/script><\/p>\n<h3>Carlos Ernesto Zatarain Gonz\u00e1lez, candidato del PES<\/h3>\n<p>&nbsp;<\/p>\n<p><img loading=\"lazy\" decoding=\"async\" class=\"size-medium  x-right\" src=\"https:\/\/www.sonoraenequipo.com.mx\/storage\/2021\/05\/carlos-ernesto-zatarain_opt-648x365.jpg\" alt=\"\" width=\"648\" height=\"365\" \/>Candidato por el Partido Encuentro Solidario (PES), Zatarain Gonz\u00e1lez, naci\u00f3 el 21 de agosto de 1961 en Guaymas, Sonora.<\/p>\n<p>Es abogado de profesi\u00f3n y en diciembre pasado Zatarain Gonz\u00e1lez present\u00f3 su renuncia al PRI despu\u00e9s de 35 a\u00f1os de militancia en donde se desempe\u00f1\u00f3 como secretario del Frente Juvenil Revolucionario, secretario de la Confederaci\u00f3n Nacional de Organizaciones Populares en Guaymas, secretario del Comit\u00e9 Municipal, presidente del Comit\u00e9 Municipal, consejero pol\u00edtico estatal y como presidente de la Fundaci\u00f3n Colosio Filial Guaymas.<\/p>\n<p>&nbsp;<\/p>\n<p>Tambi\u00e9n fue regidor en el ayuntamiento de Guaymas de 1988 a 1991; diputado local de mayor\u00eda relativa por el distrito XIII; presidente municipal en Guaymas en el trienio de 2003 al 2006; y diputado en el Congreso de la Uni\u00f3n por el distrito IV de Sonora, entre 2006 al 2009.<\/p>\n<p>&nbsp;<\/p>\n<p>Dentro de la administraci\u00f3n p\u00fablica local tuvo cargos como director del Consejo de Recursos para la Atenci\u00f3n a la Juventud as\u00ed como del Fideicomiso Guaymas Norte; tambi\u00e9n fue agente fiscal en Guaymas y director general del Instituto del Medio Ambiente y el Desarrollo Sustentable.<\/p>\n<p><a class=\"twitter-timeline\" data-width=\"640\" data-height=\"960\" data-dnt=\"true\" href=\"https:\/\/twitter.com\/BeboZatarain?ref_src=twsrc%5Etfw\">Tweets by BeboZatarain<\/a><script async src=\"https:\/\/platform.twitter.com\/widgets.js\" charset=\"utf-8\"><\/script><\/p>\n<p>&nbsp;<\/p>\n<p>(Publicada el 11\/05\/2021)<\/p>\n","protected":false},"excerpt":{"rendered":"<p>HERMOSILLO, SONORA. MX.\u00a0 \u2014 El viernes (05.03.2021) iniciaron las campa\u00f1as electorales en Sonora. Los candidatos&#8230;<\/p>\n","protected":false},"author":1,"featured_media":113688,"comment_status":"open","ping_status":"open","sticky":false,"template":"","format":"standard","meta":{"_monsterinsights_skip_tracking":false,"_monsterinsights_sitenote_active":false,"_monsterinsights_sitenote_note":"","_monsterinsights_sitenote_category":0,"footnotes":""},"categories":[8],"tags":[],"class_list":["post"],"yoast_head":" \n<title>Sonora en Equipo. Elecci\u00f3n en Sonora. Conoce los candidatos a Gobernador LA ELECCION 2024<\/title>\n<meta name=\"description\" content=\"HERMOSILLO, SONORA. MX.\u00a0 \u2014 El viernes (05.03.2021) iniciaron las campa\u00f1as electorales en Sonora. Los candidatos postulados por los partidos y validados En Sonora en Equipo publicamos toda la informaci\u00f3n de Sonora, M\u00e9xico y el Mundo de manera oportuna y busca que la libertad de expresi\u00f3n sea real. Visita nuestro medio informativo publicado desde Hermosillo, Sonora. %\" \/>\n<meta name=\"robots\" content=\"index, follow, max-snippet:-1, max-image-preview:large, max-video-preview:-1\" \/>\n<link rel=\"canonical\" href=\"https:\/\/www.sonoraenequipo.com.mx\/eleccion-en-sonora-conoce-los-candidatos-a-gobernador\/\" \/>\n<meta property=\"og:locale\" content=\"es_ES\" \/>\n<meta property=\"og:type\" content=\"article\" \/>\n<meta property=\"og:title\" content=\"Sonora en Equipo. Elecci\u00f3n en Sonora. Conoce los candidatos a Gobernador LA ELECCION 2024\" \/>\n<meta property=\"og:description\" content=\"HERMOSILLO, SONORA. MX.\u00a0 \u2014 El viernes (05.03.2021) iniciaron las campa\u00f1as electorales en Sonora. Los candidatos postulados por los partidos y validados En Sonora en Equipo publicamos toda la informaci\u00f3n de Sonora, M\u00e9xico y el Mundo de manera oportuna y busca que la libertad de expresi\u00f3n sea real. Visita nuestro medio informativo publicado desde Hermosillo, Sonora. %\" \/>\n<meta property=\"og:url\" content=\"https:\/\/www.sonoraenequipo.com.mx\/eleccion-en-sonora-conoce-los-candidatos-a-gobernador\/\" \/>\n<meta property=\"og:site_name\" content=\"Sonora en Equipo.\" \/>\n<meta property=\"article:publisher\" content=\"https:\/\/www.facebook.com\/SonoraEE\/\" \/>\n<meta property=\"article:author\" content=\"https:\/\/www.facebook.com\/SonoraEE\" \/>\n<meta property=\"article:published_time\" content=\"2021-05-11T23:33:29+00:00\" \/>\n<meta property=\"article:modified_time\" content=\"2021-05-12T00:14:52+00:00\" \/>\n<meta property=\"og:image\" content=\"https:\/\/www.sonoraenequipo.com.mx\/storage\/2021\/05\/candidatos-al-gobierno-sonora_opt.jpg\" \/>\n\t<meta property=\"og:image:width\" content=\"700\" \/>\n\t<meta property=\"og:image:height\" content=\"408\" \/>\n\t<meta property=\"og:image:type\" content=\"image\/jpeg\" \/>\n<meta name=\"author\" content=\"enequipo\" \/>\n<meta name=\"twitter:card\" content=\"summary_large_image\" \/>\n<meta name=\"twitter:creator\" content=\"@sonoraenequipo\" \/>\n<meta name=\"twitter:site\" content=\"@sonoraenequipo\" \/>\n<meta name=\"twitter:label1\" content=\"Escrito por\" \/>\n\t<meta name=\"twitter:data1\" content=\"enequipo\" \/>\n\t<meta name=\"twitter:label2\" content=\"Tiempo de lectura\" \/>\n\t<meta name=\"twitter:data2\" content=\"9 minutos\" \/>\n<script type=\"application\/ld+json\" class=\"yoast-schema-graph\">{\"@context\":\"https:\/\/schema.org\",\"@graph\":[{\"@type\":\"Article\",\"@id\":\"https:\/\/www.sonoraenequipo.com.mx\/eleccion-en-sonora-conoce-los-candidatos-a-gobernador\/#article\",\"isPartOf\":{\"@id\":\"https:\/\/www.sonoraenequipo.com.mx\/eleccion-en-sonora-conoce-los-candidatos-a-gobernador\/\"},\"author\":{\"name\":\"enequipo\",\"@id\":\"https:\/\/www.sonoraenequipo.com.mx\/#\/schema\/person\/50102df0fb23a8fa9e8effad8fa81386\"},\"headline\":\"Elecci\u00f3n en Sonora. Conoce los candidatos a Gobernador\",\"datePublished\":\"2021-05-11T23:33:29+00:00\",\"dateModified\":\"2021-05-12T00:14:52+00:00\",\"mainEntityOfPage\":{\"@id\":\"https:\/\/www.sonoraenequipo.com.mx\/eleccion-en-sonora-conoce-los-candidatos-a-gobernador\/\"},\"wordCount\":1831,\"commentCount\":0,\"publisher\":{\"@id\":\"https:\/\/www.sonoraenequipo.com.mx\/#organization\"},\"image\":{\"@id\":\"https:\/\/www.sonoraenequipo.com.mx\/eleccion-en-sonora-conoce-los-candidatos-a-gobernador\/#primaryimage\"},\"thumbnailUrl\":\"https:\/\/www.sonoraenequipo.com.mx\/storage\/2021\/05\/candidatos-al-gobierno-sonora_opt.jpg\",\"articleSection\":[\"LA ELECCION 2024\"],\"inLanguage\":\"es\",\"potentialAction\":[{\"@type\":\"CommentAction\",\"name\":\"Comment\",\"target\":[\"https:\/\/www.sonoraenequipo.com.mx\/eleccion-en-sonora-conoce-los-candidatos-a-gobernador\/#respond\"]}]},{\"@type\":\"WebPage\",\"@id\":\"https:\/\/www.sonoraenequipo.com.mx\/eleccion-en-sonora-conoce-los-candidatos-a-gobernador\/\",\"url\":\"https:\/\/www.sonoraenequipo.com.mx\/eleccion-en-sonora-conoce-los-candidatos-a-gobernador\/\",\"name\":\"Sonora en Equipo. Elecci\u00f3n en Sonora. Conoce los candidatos a Gobernador LA ELECCION 2024\",\"isPartOf\":{\"@id\":\"https:\/\/www.sonoraenequipo.com.mx\/#website\"},\"primaryImageOfPage\":{\"@id\":\"https:\/\/www.sonoraenequipo.com.mx\/eleccion-en-sonora-conoce-los-candidatos-a-gobernador\/#primaryimage\"},\"image\":{\"@id\":\"https:\/\/www.sonoraenequipo.com.mx\/eleccion-en-sonora-conoce-los-candidatos-a-gobernador\/#primaryimage\"},\"thumbnailUrl\":\"https:\/\/www.sonoraenequipo.com.mx\/storage\/2021\/05\/candidatos-al-gobierno-sonora_opt.jpg\",\"datePublished\":\"2021-05-11T23:33:29+00:00\",\"dateModified\":\"2021-05-12T00:14:52+00:00\",\"description\":\"HERMOSILLO, SONORA. MX.\u00a0 \u2014 El viernes (05.03.2021) iniciaron las campa\u00f1as electorales en Sonora. Los candidatos postulados por los partidos y validados En Sonora en Equipo publicamos toda la informaci\u00f3n de Sonora, M\u00e9xico y el Mundo de manera oportuna y busca que la libertad de expresi\u00f3n sea real. Visita nuestro medio informativo publicado desde Hermosillo, Sonora. %\",\"breadcrumb\":{\"@id\":\"https:\/\/www.sonoraenequipo.com.mx\/eleccion-en-sonora-conoce-los-candidatos-a-gobernador\/#breadcrumb\"},\"inLanguage\":\"es\",\"potentialAction\":[{\"@type\":\"ReadAction\",\"target\":[\"https:\/\/www.sonoraenequipo.com.mx\/eleccion-en-sonora-conoce-los-candidatos-a-gobernador\/\"]}]},{\"@type\":\"ImageObject\",\"inLanguage\":\"es\",\"@id\":\"https:\/\/www.sonoraenequipo.com.mx\/eleccion-en-sonora-conoce-los-candidatos-a-gobernador\/#primaryimage\",\"url\":\"https:\/\/www.sonoraenequipo.com.mx\/storage\/2021\/05\/candidatos-al-gobierno-sonora_opt.jpg\",\"contentUrl\":\"https:\/\/www.sonoraenequipo.com.mx\/storage\/2021\/05\/candidatos-al-gobierno-sonora_opt.jpg\",\"width\":700,\"height\":408},{\"@type\":\"BreadcrumbList\",\"@id\":\"https:\/\/www.sonoraenequipo.com.mx\/eleccion-en-sonora-conoce-los-candidatos-a-gobernador\/#breadcrumb\",\"itemListElement\":[{\"@type\":\"ListItem\",\"position\":1,\"name\":\"Portada\",\"item\":\"https:\/\/www.sonoraenequipo.com.mx\/\"},{\"@type\":\"ListItem\",\"position\":2,\"name\":\"Elecci\u00f3n en Sonora. Conoce los candidatos a Gobernador\"}]},{\"@type\":\"WebSite\",\"@id\":\"https:\/\/www.sonoraenequipo.com.mx\/#website\",\"url\":\"https:\/\/www.sonoraenequipo.com.mx\/\",\"name\":\"Sonora en Equipo.\",\"description\":\"Diario en l\u00ednea con Noticias desde Hermosillo, Sonora\",\"publisher\":{\"@id\":\"https:\/\/www.sonoraenequipo.com.mx\/#organization\"},\"potentialAction\":[{\"@type\":\"SearchAction\",\"target\":{\"@type\":\"EntryPoint\",\"urlTemplate\":\"https:\/\/www.sonoraenequipo.com.mx\/?s={search_term_string}\"},\"query-input\":{\"@type\":\"PropertyValueSpecification\",\"valueRequired\":true,\"valueName\":\"search_term_string\"}}],\"inLanguage\":\"es\"},{\"@type\":\"Organization\",\"@id\":\"https:\/\/www.sonoraenequipo.com.mx\/#organization\",\"name\":\"Sonoraenequipo.com.mx\",\"url\":\"https:\/\/www.sonoraenequipo.com.mx\/\",\"logo\":{\"@type\":\"ImageObject\",\"inLanguage\":\"es\",\"@id\":\"https:\/\/www.sonoraenequipo.com.mx\/#\/schema\/logo\/image\/\",\"url\":\"https:\/\/www.sonoraenequipo.com.mx\/storage\/2019\/01\/sonoraenequipo_opt.png\",\"contentUrl\":\"https:\/\/www.sonoraenequipo.com.mx\/storage\/2019\/01\/sonoraenequipo_opt.png\",\"width\":375,\"height\":125,\"caption\":\"Sonoraenequipo.com.mx\"},\"image\":{\"@id\":\"https:\/\/www.sonoraenequipo.com.mx\/#\/schema\/logo\/image\/\"},\"sameAs\":[\"https:\/\/www.facebook.com\/SonoraEE\/\",\"https:\/\/x.com\/sonoraenequipo\",\"https:\/\/www.youtube.com\/channel\/UC338nW-lPEYmJQs4ZABQ1SQ\"]},{\"@type\":\"Person\",\"@id\":\"https:\/\/www.sonoraenequipo.com.mx\/#\/schema\/person\/50102df0fb23a8fa9e8effad8fa81386\",\"name\":\"enequipo\",\"image\":{\"@type\":\"ImageObject\",\"inLanguage\":\"es\",\"@id\":\"https:\/\/www.sonoraenequipo.com.mx\/#\/schema\/person\/image\/\",\"url\":\"https:\/\/secure.gravatar.com\/avatar\/049821681b589dabc0bc20695993ccebb09f5b5d4d790cd9251b97faac7c652b?s=96&d=blank&r=g\",\"contentUrl\":\"https:\/\/secure.gravatar.com\/avatar\/049821681b589dabc0bc20695993ccebb09f5b5d4d790cd9251b97faac7c652b?s=96&d=blank&r=g\",\"caption\":\"enequipo\"},\"sameAs\":[\"https:\/\/www.facebook.com\/SonoraEE\"]}]}<\/script>\n ","yoast_head_json":{"title":"Sonora en Equipo. Elecci\u00f3n en Sonora. Conoce los candidatos a Gobernador LA ELECCION 2024","description":"HERMOSILLO, SONORA. MX.\u00a0 \u2014 El viernes (05.03.2021) iniciaron las campa\u00f1as electorales en Sonora. Los candidatos postulados por los partidos y validados En Sonora en Equipo publicamos toda la informaci\u00f3n de Sonora, M\u00e9xico y el Mundo de manera oportuna y busca que la libertad de expresi\u00f3n sea real. Visita nuestro medio informativo publicado desde Hermosillo, Sonora. %","robots":{"index":"index","follow":"follow","max-snippet":"max-snippet:-1","max-image-preview":"max-image-preview:large","max-video-preview":"max-video-preview:-1"},"canonical":"https:\/\/www.sonoraenequipo.com.mx\/eleccion-en-sonora-conoce-los-candidatos-a-gobernador\/","og_locale":"es_ES","og_type":"article","og_title":"Sonora en Equipo. Elecci\u00f3n en Sonora. Conoce los candidatos a Gobernador LA ELECCION 2024","og_description":"HERMOSILLO, SONORA. MX.\u00a0 \u2014 El viernes (05.03.2021) iniciaron las campa\u00f1as electorales en Sonora. Los candidatos postulados por los partidos y validados En Sonora en Equipo publicamos toda la informaci\u00f3n de Sonora, M\u00e9xico y el Mundo de manera oportuna y busca que la libertad de expresi\u00f3n sea real. Visita nuestro medio informativo publicado desde Hermosillo, Sonora. %","og_url":"https:\/\/www.sonoraenequipo.com.mx\/eleccion-en-sonora-conoce-los-candidatos-a-gobernador\/","og_site_name":"Sonora en Equipo.","article_publisher":"https:\/\/www.facebook.com\/SonoraEE\/","article_author":"https:\/\/www.facebook.com\/SonoraEE","article_published_time":"2021-05-11T23:33:29+00:00","article_modified_time":"2021-05-12T00:14:52+00:00","og_image":[{"width":700,"height":408,"url":"https:\/\/www.sonoraenequipo.com.mx\/storage\/2021\/05\/candidatos-al-gobierno-sonora_opt.jpg","type":"image\/jpeg"}],"author":"enequipo","twitter_card":"summary_large_image","twitter_creator":"@sonoraenequipo","twitter_site":"@sonoraenequipo","twitter_misc":{"Escrito por":"enequipo","Tiempo de lectura":"9 minutos"},"schema":{"@context":"https:\/\/schema.org","@graph":[{"@type":"Article","@id":"https:\/\/www.sonoraenequipo.com.mx\/eleccion-en-sonora-conoce-los-candidatos-a-gobernador\/#article","isPartOf":{"@id":"https:\/\/www.sonoraenequipo.com.mx\/eleccion-en-sonora-conoce-los-candidatos-a-gobernador\/"},"author":{"name":"enequipo","@id":"https:\/\/www.sonoraenequipo.com.mx\/#\/schema\/person\/50102df0fb23a8fa9e8effad8fa81386"},"headline":"Elecci\u00f3n en Sonora. Conoce los candidatos a Gobernador","datePublished":"2021-05-11T23:33:29+00:00","dateModified":"2021-05-12T00:14:52+00:00","mainEntityOfPage":{"@id":"https:\/\/www.sonoraenequipo.com.mx\/eleccion-en-sonora-conoce-los-candidatos-a-gobernador\/"},"wordCount":1831,"commentCount":0,"publisher":{"@id":"https:\/\/www.sonoraenequipo.com.mx\/#organization"},"image":{"@id":"https:\/\/www.sonoraenequipo.com.mx\/eleccion-en-sonora-conoce-los-candidatos-a-gobernador\/#primaryimage"},"thumbnailUrl":"https:\/\/www.sonoraenequipo.com.mx\/storage\/2021\/05\/candidatos-al-gobierno-sonora_opt.jpg","articleSection":["LA ELECCION 2024"],"inLanguage":"es","potentialAction":[{"@type":"CommentAction","name":"Comment","target":["https:\/\/www.sonoraenequipo.com.mx\/eleccion-en-sonora-conoce-los-candidatos-a-gobernador\/#respond"]}]},{"@type":"WebPage","@id":"https:\/\/www.sonoraenequipo.com.mx\/eleccion-en-sonora-conoce-los-candidatos-a-gobernador\/","url":"https:\/\/www.sonoraenequipo.com.mx\/eleccion-en-sonora-conoce-los-candidatos-a-gobernador\/","name":"Sonora en Equipo. Elecci\u00f3n en Sonora. Conoce los candidatos a Gobernador LA ELECCION 2024","isPartOf":{"@id":"https:\/\/www.sonoraenequipo.com.mx\/#website"},"primaryImageOfPage":{"@id":"https:\/\/www.sonoraenequipo.com.mx\/eleccion-en-sonora-conoce-los-candidatos-a-gobernador\/#primaryimage"},"image":{"@id":"https:\/\/www.sonoraenequipo.com.mx\/eleccion-en-sonora-conoce-los-candidatos-a-gobernador\/#primaryimage"},"thumbnailUrl":"https:\/\/www.sonoraenequipo.com.mx\/storage\/2021\/05\/candidatos-al-gobierno-sonora_opt.jpg","datePublished":"2021-05-11T23:33:29+00:00","dateModified":"2021-05-12T00:14:52+00:00","description":"HERMOSILLO, SONORA. MX.\u00a0 \u2014 El viernes (05.03.2021) iniciaron las campa\u00f1as electorales en Sonora. Los candidatos postulados por los partidos y validados En Sonora en Equipo publicamos toda la informaci\u00f3n de Sonora, M\u00e9xico y el Mundo de manera oportuna y busca que la libertad de expresi\u00f3n sea real. Visita nuestro medio informativo publicado desde Hermosillo, Sonora. %","breadcrumb":{"@id":"https:\/\/www.sonoraenequipo.com.mx\/eleccion-en-sonora-conoce-los-candidatos-a-gobernador\/#breadcrumb"},"inLanguage":"es","potentialAction":[{"@type":"ReadAction","target":["https:\/\/www.sonoraenequipo.com.mx\/eleccion-en-sonora-conoce-los-candidatos-a-gobernador\/"]}]},{"@type":"ImageObject","inLanguage":"es","@id":"https:\/\/www.sonoraenequipo.com.mx\/eleccion-en-sonora-conoce-los-candidatos-a-gobernador\/#primaryimage","url":"https:\/\/www.sonoraenequipo.com.mx\/storage\/2021\/05\/candidatos-al-gobierno-sonora_opt.jpg","contentUrl":"https:\/\/www.sonoraenequipo.com.mx\/storage\/2021\/05\/candidatos-al-gobierno-sonora_opt.jpg","width":700,"height":408},{"@type":"BreadcrumbList","@id":"https:\/\/www.sonoraenequipo.com.mx\/eleccion-en-sonora-conoce-los-candidatos-a-gobernador\/#breadcrumb","itemListElement":[{"@type":"ListItem","position":1,"name":"Portada","item":"https:\/\/www.sonoraenequipo.com.mx\/"},{"@type":"ListItem","position":2,"name":"Elecci\u00f3n en Sonora. Conoce los candidatos a Gobernador"}]},{"@type":"WebSite","@id":"https:\/\/www.sonoraenequipo.com.mx\/#website","url":"https:\/\/www.sonoraenequipo.com.mx\/","name":"Sonora en Equipo.","description":"Diario en l\u00ednea con Noticias desde Hermosillo, Sonora","publisher":{"@id":"https:\/\/www.sonoraenequipo.com.mx\/#organization"},"potentialAction":[{"@type":"SearchAction","target":{"@type":"EntryPoint","urlTemplate":"https:\/\/www.sonoraenequipo.com.mx\/?s={search_term_string}"},"query-input":{"@type":"PropertyValueSpecification","valueRequired":true,"valueName":"search_term_string"}}],"inLanguage":"es"},{"@type":"Organization","@id":"https:\/\/www.sonoraenequipo.com.mx\/#organization","name":"Sonoraenequipo.com.mx","url":"https:\/\/www.sonoraenequipo.com.mx\/","logo":{"@type":"ImageObject","inLanguage":"es","@id":"https:\/\/www.sonoraenequipo.com.mx\/#\/schema\/logo\/image\/","url":"https:\/\/www.sonoraenequipo.com.mx\/storage\/2019\/01\/sonoraenequipo_opt.png","contentUrl":"https:\/\/www.sonoraenequipo.com.mx\/storage\/2019\/01\/sonoraenequipo_opt.png","width":375,"height":125,"caption":"Sonoraenequipo.com.mx"},"image":{"@id":"https:\/\/www.sonoraenequipo.com.mx\/#\/schema\/logo\/image\/"},"sameAs":["https:\/\/www.facebook.com\/SonoraEE\/","https:\/\/x.com\/sonoraenequipo","https:\/\/www.youtube.com\/channel\/UC338nW-lPEYmJQs4ZABQ1SQ"]},{"@type":"Person","@id":"https:\/\/www.sonoraenequipo.com.mx\/#\/schema\/person\/50102df0fb23a8fa9e8effad8fa81386","name":"enequipo","image":{"@type":"ImageObject","inLanguage":"es","@id":"https:\/\/www.sonoraenequipo.com.mx\/#\/schema\/person\/image\/","url":"https:\/\/secure.gravatar.com\/avatar\/049821681b589dabc0bc20695993ccebb09f5b5d4d790cd9251b97faac7c652b?s=96&d=blank&r=g","contentUrl":"https:\/\/secure.gravatar.com\/avatar\/049821681b589dabc0bc20695993ccebb09f5b5d4d790cd9251b97faac7c652b?s=96&d=blank&r=g","caption":"enequipo"},"sameAs":["https:\/\/www.facebook.com\/SonoraEE"]}]}},"jetpack_featured_media_url":"https:\/\/www.sonoraenequipo.com.mx\/storage\/2021\/05\/candidatos-al-gobierno-sonora_opt.jpg","_links":{"self":[{"href":"https:\/\/www.sonoraenequipo.com.mx\/api\/wp\/v2\/posts\/113683","targetHints":{"allow":["GET"]}}],"collection":[{"href":"https:\/\/www.sonoraenequipo.com.mx\/api\/wp\/v2\/posts"}],"about":[{"href":"https:\/\/www.sonoraenequipo.com.mx\/api\/wp\/v2\/types\/post"}],"author":[{"embeddable":true,"href":"https:\/\/www.sonoraenequipo.com.mx\/api\/wp\/v2\/users\/1"}],"replies":[{"embeddable":true,"href":"https:\/\/www.sonoraenequipo.com.mx\/api\/wp\/v2\/comments?post=113683"}],"version-history":[{"count":1,"href":"https:\/\/www.sonoraenequipo.com.mx\/api\/wp\/v2\/posts\/113683\/revisions"}],"predecessor-version":[{"id":113696,"href":"https:\/\/www.sonoraenequipo.com.mx\/api\/wp\/v2\/posts\/113683\/revisions\/113696"}],"wp:featuredmedia":[{"embeddable":true,"href":"https:\/\/www.sonoraenequipo.com.mx\/api\/wp\/v2\/media\/113688"}],"wp:attachment":[{"href":"https:\/\/www.sonoraenequipo.com.mx\/api\/wp\/v2\/media?parent=113683"}],"wp:term":[{"taxonomy":"category","embeddable":true,"href":"https:\/\/www.sonoraenequipo.com.mx\/api\/wp\/v2\/categories?post=113683"},{"taxonomy":"post_tag","embeddable":true,"href":"https:\/\/www.sonoraenequipo.com.mx\/api\/wp\/v2\/tags?post=113683"}],"curies":[{"name":"wp","href":"https:\/\/api.w.org\/{rel}","templated":true}]}}