{"id":113698,"date":"2021-05-11T20:15:05","date_gmt":"2021-05-12T03:15:05","guid":{"rendered":"https:\/\/www.sonoraenequipo.com.mx\/?p=113698"},"modified":"2021-05-11T19:52:52","modified_gmt":"2021-05-12T02:52:52","slug":"mujeres-de-la-sociedad-civil-respaldan-el-programa-a-mi-tambien-me-paso-fgjs","status":"publish","type":"post","link":"https:\/\/www.sonoraenequipo.com.mx\/mujeres-de-la-sociedad-civil-respaldan-el-programa-a-mi-tambien-me-paso-fgjs\/","title":{"rendered":"Mujeres de la sociedad civil respaldan el programa \u00abA mi tambi\u00e9n me pas\u00f3&#8230;\u00bb FGJS"},"content":{"rendered":"<p>HERMOSILLO, SONORA. MX.\u2014 Como un llamado a tiempo a las mujeres de Sonora que pudieran estar viviendo circunstancias de violencia para que conozcan, y se acerquen a los Centros de Justicia para las Mujeres del Estado de Sonora a recibir protecci\u00f3n y orientaci\u00f3n legal, as\u00ed como el acompa\u00f1amiento al decidir interponen una denuncia, este d\u00eda se realiz\u00f3 la presentaci\u00f3n del programa de difusi\u00f3n denominado<em> \u201cA m\u00ed tambi\u00e9n me pas\u00f3\u2026\u201d.<\/em><\/p>\n<p>&nbsp;<\/p>\n<p> <\/p>\n<p>&nbsp;<\/p>\n<p>La Fiscal General del Estado de Sonora dio a conocer dicha propuesta que consiste en 9 versiones de spots, cuyos mensajes surgen de vivencias reales de mujeres usuarias de esta Fiscal\u00eda, que han transitado a una vida libre de violencia. En una propuesta creativa de fotograf\u00eda y producci\u00f3n, las mujeres comparten sus vivencias y buscan con ello la empat\u00eda de aquella ni\u00f1a, adolescente o mujer que pueda vivir una circunstancia similar.<\/p>\n<p>&nbsp;<\/p>\n<p>Frente a directivos de los principales medios de comunicaci\u00f3n en el Estado, mujeres representantes de la sociedad civil, organismos no gubernamentales, instituciones de asistencia privadas, c\u00e1maras empresariales, representantes de la academia y personal de la FGJE, se present\u00f3 el programa medi\u00e1tico.<\/p>\n<p>&nbsp;<\/p>\n<p>Acompa\u00f1ada por el Secretario de Seguridad P\u00fablica del Estado, la Rectora Electa de la Universidad de Sonora, la titular del Instituto Sonorense de la Mujeres y la Vicefiscal de Feminicidios y delitos por razones de g\u00e9nero de la FGJE, la Fiscal General de Justicia en el Estado al inicio del evento destac\u00f3: <em>\u201cEl estar todas y todos juntos aqu\u00ed, env\u00eda un mensaje muy claro, que trat\u00e1ndose de buscar las formas de c\u00f3mo prevenir, atender, sancionar y erradicar la violencia contra las mujeres en Sonora, las instituciones p\u00fablicas, la ciudadan\u00eda y los medios de comunicaci\u00f3n estamos dispuestos a sumar esfuerzos, ideas creativas porque nos une el mismo objetivo en com\u00fan, la igualdad de las mujeres y que merecemos vivir una vida libre de violencia, as\u00ed que muchas gracias por esto\u201d.<\/em><\/p>\n<p>&nbsp;<\/p>\n<p>Indic\u00f3 que realizar acciones afirmativas para erradicar la violencia contra las mujeres y crear espacios para motivar a quienes viven violencia al poner un alto en el maltrato, dar\u00e1 como resultado un incremento en la denuncia, sin embargo, este incremento ser\u00e1 un proceso natural, porque quienes han vivido calladas por a\u00f1os tendr\u00edan el valor de hablar sobre lo que padecen.<\/p>\n<p>&nbsp;<\/p>\n<p><em>\u201cComo Fiscal tom\u00e9 la determinaci\u00f3n de no preocuparme de que los n\u00fameros de denuncias por violencia familiar se incrementen, sino de abrir espacios seguros para las mujeres, conocer las causas y hacer acciones al respecto, no s\u00f3lo jur\u00eddicas, sino apoyar en la prevenci\u00f3n e incidir en la cultura de la denuncia, pues bien, reconocemos que esto es tarea de todas y todos, para paulatinamente cambiar la cultura basada en el respeto y la igualdad, y as\u00ed, hacer efectivos los derechos de todas las mujeres, esta es la finalidad del programa de difusi\u00f3n denominado \u2018A m\u00ed tambi\u00e9n me pas\u00f3\u2019 con el que damos voz a las narrativas de las mujeres en sus denuncias\u201d<\/em>, coment\u00f3.<\/p>\n<p>&nbsp;<\/p>\n<p>Durante el evento se entreg\u00f3 el reconocimiento denominado Imagen Solidaria a las 15 mujeres cuyo rostro ser\u00e1 la voz para presentar los mensajes y que \u00e9stos sean escuchados e incidan en el actuar de otras mujeres que se encuentran en situaciones similares.<\/p>\n<p>&nbsp;<\/p>\n<p>Tambi\u00e9n en el evento se cont\u00f3 con el testimonio presencial de Zenaida, una mujer de 22 a\u00f1os, perteneciente al pueblo originario Triqui, quien, mediante el apoyo recibido por parte del Centro de Justicia para las Mujeres de Hermosillo y el programa Alerta Amber, logr\u00f3 recuperar a sus hijos, que hab\u00edan sido sustra\u00eddos ilegalmente por el padre, con quien vivi\u00f3 violencia y que con enga\u00f1os se llev\u00f3 los ni\u00f1os a Chiapas sin el consentimiento de Zenaida, ahora de nuevo ella se encuentra feliz, pues est\u00e1n de regreso con ella. \u201cMe siento bien dichosa porque pens\u00e9 que no los iba a tener y ayer me la pas\u00e9 muy bien con ellos, por todo el proceso que pas\u00e9\u2026 \u00a1me la pas\u00e9 feliz con ellos!\u201d.<\/p>\n<p>&nbsp;<\/p>\n<p>El proyecto<em> \u201cA m\u00ed tambi\u00e9n me pas\u00f3\u2026\u201d f<\/em>ue muy bien recibido por mujeres organizadas en colectivos feministas, mujeres empresarias agremiadas a c\u00e1maras empresariales como Canaco y Coparmex, instituciones de asistencia privada y directivos de medios de comunicaci\u00f3n en el Estado, quienes se sumaron al esfuerzo de este programa de difusi\u00f3n para apoyar a que llegue a las mujeres que lo necesitan.<\/p>\n<p>&nbsp;<\/p>\n<p><em>\u201cCallar ya no es opci\u00f3n, hay que romper los esquemas del silencio\u201d<\/em> se\u00f1al\u00f3 Elda Molina, directora de Televisa Sonora, quien levant\u00f3 la mano para sumarse a la iniciativa y junto con ella lo hicieron Lourdes Lugo, directora Editorial del Peri\u00f3dico El Imparcial, Jos\u00e9 Cruz Victor\u00edn, secretario general del Stirtt, as\u00ed como Beatriz Paredones, Representante de Mujeres Coparmex.<\/p>\n<p>&nbsp;<\/p>\n<p>Se unieron tambi\u00e9n en favor de esta campa\u00f1a Elizabeth Quijada, directora de Mercadotecnia de Super de Norte, Manuelita Zazueta, de la asociaci\u00f3n Mediadoras de Sonora, A.C., y Patricia Alonso Ram\u00edrez de Casa de la Mujer Ind\u00edgena \u201cLa Paloma\u201d que enfatiz\u00f3 que compartir\u00e1 los mensajes con las mujeres del pueblo originario Mayo, de el Valle y desde Etchojoa en el Sur del Estado.<\/p>\n<p>&nbsp;<\/p>\n<p>La clausura del evento estuvo a cargo de Mar\u00eda Rita Placarte, Rectora electa de la Universidad de Sonora, quien tambi\u00e9n se sum\u00f3 a la campa\u00f1a y reflexion\u00f3 \u201c<em>hemos hablado en los \u00faltimos a\u00f1os de c\u00f3mo se ha normalizado la violencia de g\u00e9nero, al grado que se ha normalizado, eso quiere decir que tenemos que hacer algo m\u00e1s y un proyecto como el que presenta la Fiscal\u00eda General del Estado, que presenta la maestra Claudia Indira, es sin duda una de las formas que tienen que ver con estar trabajando de manera directa con productos que lleguen a la sociedad y vayan penetrando en la conciencia y penetrando en el imaginario.\u201d<\/em><\/p>\n<p>&nbsp;<\/p>\n<p>Ahora toca a la sociedad civil replicar estos mensajes, y hacerlo llegar a nuestras hijas, hermanas, amigas o quiz\u00e1s a nuestra madre o abuela, porque son quienes tuvieron la necesidad de normalizar la violencia por la etapa en que se viv\u00eda y ya deben saber que ninguna mujer est\u00e1 sola, que, si toman la decisi\u00f3n de tener una mejor calidad de vida, que les permita estar tranquilas y vivir en paz, pueden acercarse al Centro de Justicia para las Mujeres o bien, en los Centros de Atenci\u00f3n Temprana distribuidos a lo largo y ancho del Estado, para poner la denuncia y exponer su caso para ser orientadas y atendidas.<\/p>\n<p>&nbsp;<\/p>\n<p>&nbsp;<\/p>\n<p>(Publicada el 11\/05\/2021)<\/p>\n","protected":false},"excerpt":{"rendered":"<p>HERMOSILLO, SONORA. MX.\u2014 Como un llamado a tiempo a las mujeres de Sonora que pudieran&#8230;<\/p>\n","protected":false},"author":1,"featured_media":113699,"comment_status":"open","ping_status":"open","sticky":false,"template":"","format":"standard","meta":{"_monsterinsights_skip_tracking":false,"_monsterinsights_sitenote_active":false,"_monsterinsights_sitenote_note":"","_monsterinsights_sitenote_category":0,"footnotes":""},"categories":[22],"tags":[],"class_list":["post"],"yoast_head":" \n<title>Sonora en Equipo. Mujeres de la sociedad civil respaldan el programa &quot;A mi tambi\u00e9n me pas\u00f3...&quot; FGJS Sonora<\/title>\n<meta name=\"description\" content=\"HERMOSILLO, SONORA. MX.\u2014 Como un llamado a tiempo a las mujeres de Sonora que pudieran estar viviendo circunstancias de violencia para que conozcan, y se En Sonora en Equipo publicamos toda la informaci\u00f3n de Sonora, M\u00e9xico y el Mundo de manera oportuna y busca que la libertad de expresi\u00f3n sea real. Visita nuestro medio informativo publicado desde Hermosillo, Sonora. %\" \/>\n<meta name=\"robots\" content=\"index, follow, max-snippet:-1, max-image-preview:large, max-video-preview:-1\" \/>\n<link rel=\"canonical\" href=\"https:\/\/www.sonoraenequipo.com.mx\/mujeres-de-la-sociedad-civil-respaldan-el-programa-a-mi-tambien-me-paso-fgjs\/\" \/>\n<meta property=\"og:locale\" content=\"es_ES\" \/>\n<meta property=\"og:type\" content=\"article\" \/>\n<meta property=\"og:title\" content=\"Sonora en Equipo. Mujeres de la sociedad civil respaldan el programa &quot;A mi tambi\u00e9n me pas\u00f3...&quot; FGJS Sonora\" \/>\n<meta property=\"og:description\" content=\"HERMOSILLO, SONORA. MX.\u2014 Como un llamado a tiempo a las mujeres de Sonora que pudieran estar viviendo circunstancias de violencia para que conozcan, y se En Sonora en Equipo publicamos toda la informaci\u00f3n de Sonora, M\u00e9xico y el Mundo de manera oportuna y busca que la libertad de expresi\u00f3n sea real. Visita nuestro medio informativo publicado desde Hermosillo, Sonora. %\" \/>\n<meta property=\"og:url\" content=\"https:\/\/www.sonoraenequipo.com.mx\/mujeres-de-la-sociedad-civil-respaldan-el-programa-a-mi-tambien-me-paso-fgjs\/\" \/>\n<meta property=\"og:site_name\" content=\"Sonora en Equipo.\" \/>\n<meta property=\"article:publisher\" content=\"https:\/\/www.facebook.com\/SonoraEE\/\" \/>\n<meta property=\"article:author\" content=\"https:\/\/www.facebook.com\/SonoraEE\" \/>\n<meta property=\"article:published_time\" content=\"2021-05-12T03:15:05+00:00\" \/>\n<meta property=\"og:image\" content=\"https:\/\/www.sonoraenequipo.com.mx\/storage\/2021\/05\/FGJE002_opt.jpg\" \/>\n\t<meta property=\"og:image:width\" content=\"725\" \/>\n\t<meta property=\"og:image:height\" content=\"400\" \/>\n\t<meta property=\"og:image:type\" content=\"image\/jpeg\" \/>\n<meta name=\"author\" content=\"enequipo\" \/>\n<meta name=\"twitter:card\" content=\"summary_large_image\" \/>\n<meta name=\"twitter:creator\" content=\"@sonoraenequipo\" \/>\n<meta name=\"twitter:site\" content=\"@sonoraenequipo\" \/>\n<meta name=\"twitter:label1\" content=\"Escrito por\" \/>\n\t<meta name=\"twitter:data1\" content=\"enequipo\" \/>\n\t<meta name=\"twitter:label2\" content=\"Tiempo de lectura\" \/>\n\t<meta name=\"twitter:data2\" content=\"5 minutos\" \/>\n<script type=\"application\/ld+json\" class=\"yoast-schema-graph\">{\"@context\":\"https:\/\/schema.org\",\"@graph\":[{\"@type\":\"Article\",\"@id\":\"https:\/\/www.sonoraenequipo.com.mx\/mujeres-de-la-sociedad-civil-respaldan-el-programa-a-mi-tambien-me-paso-fgjs\/#article\",\"isPartOf\":{\"@id\":\"https:\/\/www.sonoraenequipo.com.mx\/mujeres-de-la-sociedad-civil-respaldan-el-programa-a-mi-tambien-me-paso-fgjs\/\"},\"author\":{\"name\":\"enequipo\",\"@id\":\"https:\/\/www.sonoraenequipo.com.mx\/#\/schema\/person\/50102df0fb23a8fa9e8effad8fa81386\"},\"headline\":\"Mujeres de la sociedad civil respaldan el programa \u00abA mi tambi\u00e9n me pas\u00f3&#8230;\u00bb FGJS\",\"datePublished\":\"2021-05-12T03:15:05+00:00\",\"mainEntityOfPage\":{\"@id\":\"https:\/\/www.sonoraenequipo.com.mx\/mujeres-de-la-sociedad-civil-respaldan-el-programa-a-mi-tambien-me-paso-fgjs\/\"},\"wordCount\":1141,\"commentCount\":0,\"publisher\":{\"@id\":\"https:\/\/www.sonoraenequipo.com.mx\/#organization\"},\"image\":{\"@id\":\"https:\/\/www.sonoraenequipo.com.mx\/mujeres-de-la-sociedad-civil-respaldan-el-programa-a-mi-tambien-me-paso-fgjs\/#primaryimage\"},\"thumbnailUrl\":\"https:\/\/www.sonoraenequipo.com.mx\/storage\/2021\/05\/FGJE002_opt.jpg\",\"articleSection\":[\"Sonora\"],\"inLanguage\":\"es\",\"potentialAction\":[{\"@type\":\"CommentAction\",\"name\":\"Comment\",\"target\":[\"https:\/\/www.sonoraenequipo.com.mx\/mujeres-de-la-sociedad-civil-respaldan-el-programa-a-mi-tambien-me-paso-fgjs\/#respond\"]}]},{\"@type\":\"WebPage\",\"@id\":\"https:\/\/www.sonoraenequipo.com.mx\/mujeres-de-la-sociedad-civil-respaldan-el-programa-a-mi-tambien-me-paso-fgjs\/\",\"url\":\"https:\/\/www.sonoraenequipo.com.mx\/mujeres-de-la-sociedad-civil-respaldan-el-programa-a-mi-tambien-me-paso-fgjs\/\",\"name\":\"Sonora en Equipo. Mujeres de la sociedad civil respaldan el programa \\\"A mi tambi\u00e9n me pas\u00f3...\\\" FGJS Sonora\",\"isPartOf\":{\"@id\":\"https:\/\/www.sonoraenequipo.com.mx\/#website\"},\"primaryImageOfPage\":{\"@id\":\"https:\/\/www.sonoraenequipo.com.mx\/mujeres-de-la-sociedad-civil-respaldan-el-programa-a-mi-tambien-me-paso-fgjs\/#primaryimage\"},\"image\":{\"@id\":\"https:\/\/www.sonoraenequipo.com.mx\/mujeres-de-la-sociedad-civil-respaldan-el-programa-a-mi-tambien-me-paso-fgjs\/#primaryimage\"},\"thumbnailUrl\":\"https:\/\/www.sonoraenequipo.com.mx\/storage\/2021\/05\/FGJE002_opt.jpg\",\"datePublished\":\"2021-05-12T03:15:05+00:00\",\"description\":\"HERMOSILLO, SONORA. MX.\u2014 Como un llamado a tiempo a las mujeres de Sonora que pudieran estar viviendo circunstancias de violencia para que conozcan, y se En Sonora en Equipo publicamos toda la informaci\u00f3n de Sonora, M\u00e9xico y el Mundo de manera oportuna y busca que la libertad de expresi\u00f3n sea real. Visita nuestro medio informativo publicado desde Hermosillo, Sonora. %\",\"breadcrumb\":{\"@id\":\"https:\/\/www.sonoraenequipo.com.mx\/mujeres-de-la-sociedad-civil-respaldan-el-programa-a-mi-tambien-me-paso-fgjs\/#breadcrumb\"},\"inLanguage\":\"es\",\"potentialAction\":[{\"@type\":\"ReadAction\",\"target\":[\"https:\/\/www.sonoraenequipo.com.mx\/mujeres-de-la-sociedad-civil-respaldan-el-programa-a-mi-tambien-me-paso-fgjs\/\"]}]},{\"@type\":\"ImageObject\",\"inLanguage\":\"es\",\"@id\":\"https:\/\/www.sonoraenequipo.com.mx\/mujeres-de-la-sociedad-civil-respaldan-el-programa-a-mi-tambien-me-paso-fgjs\/#primaryimage\",\"url\":\"https:\/\/www.sonoraenequipo.com.mx\/storage\/2021\/05\/FGJE002_opt.jpg\",\"contentUrl\":\"https:\/\/www.sonoraenequipo.com.mx\/storage\/2021\/05\/FGJE002_opt.jpg\",\"width\":725,\"height\":400},{\"@type\":\"BreadcrumbList\",\"@id\":\"https:\/\/www.sonoraenequipo.com.mx\/mujeres-de-la-sociedad-civil-respaldan-el-programa-a-mi-tambien-me-paso-fgjs\/#breadcrumb\",\"itemListElement\":[{\"@type\":\"ListItem\",\"position\":1,\"name\":\"Portada\",\"item\":\"https:\/\/www.sonoraenequipo.com.mx\/\"},{\"@type\":\"ListItem\",\"position\":2,\"name\":\"Mujeres de la sociedad civil respaldan el programa \u00abA mi tambi\u00e9n me pas\u00f3&#8230;\u00bb FGJS\"}]},{\"@type\":\"WebSite\",\"@id\":\"https:\/\/www.sonoraenequipo.com.mx\/#website\",\"url\":\"https:\/\/www.sonoraenequipo.com.mx\/\",\"name\":\"Sonora en Equipo.\",\"description\":\"Diario en l\u00ednea con Noticias desde Hermosillo, Sonora\",\"publisher\":{\"@id\":\"https:\/\/www.sonoraenequipo.com.mx\/#organization\"},\"potentialAction\":[{\"@type\":\"SearchAction\",\"target\":{\"@type\":\"EntryPoint\",\"urlTemplate\":\"https:\/\/www.sonoraenequipo.com.mx\/?s={search_term_string}\"},\"query-input\":{\"@type\":\"PropertyValueSpecification\",\"valueRequired\":true,\"valueName\":\"search_term_string\"}}],\"inLanguage\":\"es\"},{\"@type\":\"Organization\",\"@id\":\"https:\/\/www.sonoraenequipo.com.mx\/#organization\",\"name\":\"Sonoraenequipo.com.mx\",\"url\":\"https:\/\/www.sonoraenequipo.com.mx\/\",\"logo\":{\"@type\":\"ImageObject\",\"inLanguage\":\"es\",\"@id\":\"https:\/\/www.sonoraenequipo.com.mx\/#\/schema\/logo\/image\/\",\"url\":\"https:\/\/www.sonoraenequipo.com.mx\/storage\/2019\/01\/sonoraenequipo_opt.png\",\"contentUrl\":\"https:\/\/www.sonoraenequipo.com.mx\/storage\/2019\/01\/sonoraenequipo_opt.png\",\"width\":375,\"height\":125,\"caption\":\"Sonoraenequipo.com.mx\"},\"image\":{\"@id\":\"https:\/\/www.sonoraenequipo.com.mx\/#\/schema\/logo\/image\/\"},\"sameAs\":[\"https:\/\/www.facebook.com\/SonoraEE\/\",\"https:\/\/x.com\/sonoraenequipo\",\"https:\/\/www.youtube.com\/channel\/UC338nW-lPEYmJQs4ZABQ1SQ\"]},{\"@type\":\"Person\",\"@id\":\"https:\/\/www.sonoraenequipo.com.mx\/#\/schema\/person\/50102df0fb23a8fa9e8effad8fa81386\",\"name\":\"enequipo\",\"image\":{\"@type\":\"ImageObject\",\"inLanguage\":\"es\",\"@id\":\"https:\/\/www.sonoraenequipo.com.mx\/#\/schema\/person\/image\/\",\"url\":\"https:\/\/secure.gravatar.com\/avatar\/049821681b589dabc0bc20695993ccebb09f5b5d4d790cd9251b97faac7c652b?s=96&d=blank&r=g\",\"contentUrl\":\"https:\/\/secure.gravatar.com\/avatar\/049821681b589dabc0bc20695993ccebb09f5b5d4d790cd9251b97faac7c652b?s=96&d=blank&r=g\",\"caption\":\"enequipo\"},\"sameAs\":[\"https:\/\/www.facebook.com\/SonoraEE\"]}]}<\/script>\n ","yoast_head_json":{"title":"Sonora en Equipo. Mujeres de la sociedad civil respaldan el programa \"A mi tambi\u00e9n me pas\u00f3...\" FGJS Sonora","description":"HERMOSILLO, SONORA. MX.\u2014 Como un llamado a tiempo a las mujeres de Sonora que pudieran estar viviendo circunstancias de violencia para que conozcan, y se En Sonora en Equipo publicamos toda la informaci\u00f3n de Sonora, M\u00e9xico y el Mundo de manera oportuna y busca que la libertad de expresi\u00f3n sea real. Visita nuestro medio informativo publicado desde Hermosillo, Sonora. %","robots":{"index":"index","follow":"follow","max-snippet":"max-snippet:-1","max-image-preview":"max-image-preview:large","max-video-preview":"max-video-preview:-1"},"canonical":"https:\/\/www.sonoraenequipo.com.mx\/mujeres-de-la-sociedad-civil-respaldan-el-programa-a-mi-tambien-me-paso-fgjs\/","og_locale":"es_ES","og_type":"article","og_title":"Sonora en Equipo. Mujeres de la sociedad civil respaldan el programa \"A mi tambi\u00e9n me pas\u00f3...\" FGJS Sonora","og_description":"HERMOSILLO, SONORA. MX.\u2014 Como un llamado a tiempo a las mujeres de Sonora que pudieran estar viviendo circunstancias de violencia para que conozcan, y se En Sonora en Equipo publicamos toda la informaci\u00f3n de Sonora, M\u00e9xico y el Mundo de manera oportuna y busca que la libertad de expresi\u00f3n sea real. Visita nuestro medio informativo publicado desde Hermosillo, Sonora. %","og_url":"https:\/\/www.sonoraenequipo.com.mx\/mujeres-de-la-sociedad-civil-respaldan-el-programa-a-mi-tambien-me-paso-fgjs\/","og_site_name":"Sonora en Equipo.","article_publisher":"https:\/\/www.facebook.com\/SonoraEE\/","article_author":"https:\/\/www.facebook.com\/SonoraEE","article_published_time":"2021-05-12T03:15:05+00:00","og_image":[{"width":725,"height":400,"url":"https:\/\/www.sonoraenequipo.com.mx\/storage\/2021\/05\/FGJE002_opt.jpg","type":"image\/jpeg"}],"author":"enequipo","twitter_card":"summary_large_image","twitter_creator":"@sonoraenequipo","twitter_site":"@sonoraenequipo","twitter_misc":{"Escrito por":"enequipo","Tiempo de lectura":"5 minutos"},"schema":{"@context":"https:\/\/schema.org","@graph":[{"@type":"Article","@id":"https:\/\/www.sonoraenequipo.com.mx\/mujeres-de-la-sociedad-civil-respaldan-el-programa-a-mi-tambien-me-paso-fgjs\/#article","isPartOf":{"@id":"https:\/\/www.sonoraenequipo.com.mx\/mujeres-de-la-sociedad-civil-respaldan-el-programa-a-mi-tambien-me-paso-fgjs\/"},"author":{"name":"enequipo","@id":"https:\/\/www.sonoraenequipo.com.mx\/#\/schema\/person\/50102df0fb23a8fa9e8effad8fa81386"},"headline":"Mujeres de la sociedad civil respaldan el programa \u00abA mi tambi\u00e9n me pas\u00f3&#8230;\u00bb FGJS","datePublished":"2021-05-12T03:15:05+00:00","mainEntityOfPage":{"@id":"https:\/\/www.sonoraenequipo.com.mx\/mujeres-de-la-sociedad-civil-respaldan-el-programa-a-mi-tambien-me-paso-fgjs\/"},"wordCount":1141,"commentCount":0,"publisher":{"@id":"https:\/\/www.sonoraenequipo.com.mx\/#organization"},"image":{"@id":"https:\/\/www.sonoraenequipo.com.mx\/mujeres-de-la-sociedad-civil-respaldan-el-programa-a-mi-tambien-me-paso-fgjs\/#primaryimage"},"thumbnailUrl":"https:\/\/www.sonoraenequipo.com.mx\/storage\/2021\/05\/FGJE002_opt.jpg","articleSection":["Sonora"],"inLanguage":"es","potentialAction":[{"@type":"CommentAction","name":"Comment","target":["https:\/\/www.sonoraenequipo.com.mx\/mujeres-de-la-sociedad-civil-respaldan-el-programa-a-mi-tambien-me-paso-fgjs\/#respond"]}]},{"@type":"WebPage","@id":"https:\/\/www.sonoraenequipo.com.mx\/mujeres-de-la-sociedad-civil-respaldan-el-programa-a-mi-tambien-me-paso-fgjs\/","url":"https:\/\/www.sonoraenequipo.com.mx\/mujeres-de-la-sociedad-civil-respaldan-el-programa-a-mi-tambien-me-paso-fgjs\/","name":"Sonora en Equipo. Mujeres de la sociedad civil respaldan el programa \"A mi tambi\u00e9n me pas\u00f3...\" FGJS Sonora","isPartOf":{"@id":"https:\/\/www.sonoraenequipo.com.mx\/#website"},"primaryImageOfPage":{"@id":"https:\/\/www.sonoraenequipo.com.mx\/mujeres-de-la-sociedad-civil-respaldan-el-programa-a-mi-tambien-me-paso-fgjs\/#primaryimage"},"image":{"@id":"https:\/\/www.sonoraenequipo.com.mx\/mujeres-de-la-sociedad-civil-respaldan-el-programa-a-mi-tambien-me-paso-fgjs\/#primaryimage"},"thumbnailUrl":"https:\/\/www.sonoraenequipo.com.mx\/storage\/2021\/05\/FGJE002_opt.jpg","datePublished":"2021-05-12T03:15:05+00:00","description":"HERMOSILLO, SONORA. MX.\u2014 Como un llamado a tiempo a las mujeres de Sonora que pudieran estar viviendo circunstancias de violencia para que conozcan, y se En Sonora en Equipo publicamos toda la informaci\u00f3n de Sonora, M\u00e9xico y el Mundo de manera oportuna y busca que la libertad de expresi\u00f3n sea real. Visita nuestro medio informativo publicado desde Hermosillo, Sonora. %","breadcrumb":{"@id":"https:\/\/www.sonoraenequipo.com.mx\/mujeres-de-la-sociedad-civil-respaldan-el-programa-a-mi-tambien-me-paso-fgjs\/#breadcrumb"},"inLanguage":"es","potentialAction":[{"@type":"ReadAction","target":["https:\/\/www.sonoraenequipo.com.mx\/mujeres-de-la-sociedad-civil-respaldan-el-programa-a-mi-tambien-me-paso-fgjs\/"]}]},{"@type":"ImageObject","inLanguage":"es","@id":"https:\/\/www.sonoraenequipo.com.mx\/mujeres-de-la-sociedad-civil-respaldan-el-programa-a-mi-tambien-me-paso-fgjs\/#primaryimage","url":"https:\/\/www.sonoraenequipo.com.mx\/storage\/2021\/05\/FGJE002_opt.jpg","contentUrl":"https:\/\/www.sonoraenequipo.com.mx\/storage\/2021\/05\/FGJE002_opt.jpg","width":725,"height":400},{"@type":"BreadcrumbList","@id":"https:\/\/www.sonoraenequipo.com.mx\/mujeres-de-la-sociedad-civil-respaldan-el-programa-a-mi-tambien-me-paso-fgjs\/#breadcrumb","itemListElement":[{"@type":"ListItem","position":1,"name":"Portada","item":"https:\/\/www.sonoraenequipo.com.mx\/"},{"@type":"ListItem","position":2,"name":"Mujeres de la sociedad civil respaldan el programa \u00abA mi tambi\u00e9n me pas\u00f3&#8230;\u00bb FGJS"}]},{"@type":"WebSite","@id":"https:\/\/www.sonoraenequipo.com.mx\/#website","url":"https:\/\/www.sonoraenequipo.com.mx\/","name":"Sonora en Equipo.","description":"Diario en l\u00ednea con Noticias desde Hermosillo, Sonora","publisher":{"@id":"https:\/\/www.sonoraenequipo.com.mx\/#organization"},"potentialAction":[{"@type":"SearchAction","target":{"@type":"EntryPoint","urlTemplate":"https:\/\/www.sonoraenequipo.com.mx\/?s={search_term_string}"},"query-input":{"@type":"PropertyValueSpecification","valueRequired":true,"valueName":"search_term_string"}}],"inLanguage":"es"},{"@type":"Organization","@id":"https:\/\/www.sonoraenequipo.com.mx\/#organization","name":"Sonoraenequipo.com.mx","url":"https:\/\/www.sonoraenequipo.com.mx\/","logo":{"@type":"ImageObject","inLanguage":"es","@id":"https:\/\/www.sonoraenequipo.com.mx\/#\/schema\/logo\/image\/","url":"https:\/\/www.sonoraenequipo.com.mx\/storage\/2019\/01\/sonoraenequipo_opt.png","contentUrl":"https:\/\/www.sonoraenequipo.com.mx\/storage\/2019\/01\/sonoraenequipo_opt.png","width":375,"height":125,"caption":"Sonoraenequipo.com.mx"},"image":{"@id":"https:\/\/www.sonoraenequipo.com.mx\/#\/schema\/logo\/image\/"},"sameAs":["https:\/\/www.facebook.com\/SonoraEE\/","https:\/\/x.com\/sonoraenequipo","https:\/\/www.youtube.com\/channel\/UC338nW-lPEYmJQs4ZABQ1SQ"]},{"@type":"Person","@id":"https:\/\/www.sonoraenequipo.com.mx\/#\/schema\/person\/50102df0fb23a8fa9e8effad8fa81386","name":"enequipo","image":{"@type":"ImageObject","inLanguage":"es","@id":"https:\/\/www.sonoraenequipo.com.mx\/#\/schema\/person\/image\/","url":"https:\/\/secure.gravatar.com\/avatar\/049821681b589dabc0bc20695993ccebb09f5b5d4d790cd9251b97faac7c652b?s=96&d=blank&r=g","contentUrl":"https:\/\/secure.gravatar.com\/avatar\/049821681b589dabc0bc20695993ccebb09f5b5d4d790cd9251b97faac7c652b?s=96&d=blank&r=g","caption":"enequipo"},"sameAs":["https:\/\/www.facebook.com\/SonoraEE"]}]}},"jetpack_featured_media_url":"https:\/\/www.sonoraenequipo.com.mx\/storage\/2021\/05\/FGJE002_opt.jpg","_links":{"self":[{"href":"https:\/\/www.sonoraenequipo.com.mx\/api\/wp\/v2\/posts\/113698","targetHints":{"allow":["GET"]}}],"collection":[{"href":"https:\/\/www.sonoraenequipo.com.mx\/api\/wp\/v2\/posts"}],"about":[{"href":"https:\/\/www.sonoraenequipo.com.mx\/api\/wp\/v2\/types\/post"}],"author":[{"embeddable":true,"href":"https:\/\/www.sonoraenequipo.com.mx\/api\/wp\/v2\/users\/1"}],"replies":[{"embeddable":true,"href":"https:\/\/www.sonoraenequipo.com.mx\/api\/wp\/v2\/comments?post=113698"}],"version-history":[{"count":2,"href":"https:\/\/www.sonoraenequipo.com.mx\/api\/wp\/v2\/posts\/113698\/revisions"}],"predecessor-version":[{"id":113715,"href":"https:\/\/www.sonoraenequipo.com.mx\/api\/wp\/v2\/posts\/113698\/revisions\/113715"}],"wp:featuredmedia":[{"embeddable":true,"href":"https:\/\/www.sonoraenequipo.com.mx\/api\/wp\/v2\/media\/113699"}],"wp:attachment":[{"href":"https:\/\/www.sonoraenequipo.com.mx\/api\/wp\/v2\/media?parent=113698"}],"wp:term":[{"taxonomy":"category","embeddable":true,"href":"https:\/\/www.sonoraenequipo.com.mx\/api\/wp\/v2\/categories?post=113698"},{"taxonomy":"post_tag","embeddable":true,"href":"https:\/\/www.sonoraenequipo.com.mx\/api\/wp\/v2\/tags?post=113698"}],"curies":[{"name":"wp","href":"https:\/\/api.w.org\/{rel}","templated":true}]}}