{"id":113716,"date":"2021-05-11T10:40:56","date_gmt":"2021-05-11T17:40:56","guid":{"rendered":"https:\/\/www.sonoraenequipo.com.mx\/?p=113716"},"modified":"2021-05-11T20:25:22","modified_gmt":"2021-05-12T03:25:22","slug":"hermosillo-recuerda-transito-municipal-que-habra-cierres-de-vialidades-por-debates-electorales","status":"publish","type":"post","link":"https:\/\/www.sonoraenequipo.com.mx\/hermosillo-recuerda-transito-municipal-que-habra-cierres-de-vialidades-por-debates-electorales\/","title":{"rendered":"HERMOSILLO. Recuerda Tr\u00e1nsito Municipal que habr\u00e1 cierres de vialidades por debates electorales"},"content":{"rendered":"<p>HERMOSILLO, SONORA. MX. \u2014 La direcci\u00f3n de Tr\u00e1nsito Municipal recuerda a los capitalinos que con motivo de los debates electorales, organizados por el Instituto Estatal Electoral y de Participaci\u00f3n Ciudadana, se solicit\u00f3 el cierre de calles en el per\u00edmetro de sus instalaciones, inform\u00f3 Jos\u00e9 \u00c1ngel Rom\u00e1n Rodr\u00edguez.<\/p>\n<p>&nbsp;<\/p>\n<p> <\/p>\n<p>&nbsp;<\/p>\n<p>El director de Tr\u00e1nsito explic\u00f3 que los cierres iniciar\u00e1n hoy martes, en un horario de 15:00 a 21:00 horas, y se realizar\u00e1n hasta el pr\u00f3ximo domingo 16 y martes 18 de mayo, por lo que recomend\u00f3 el uso de v\u00edas alternas en ese horario.<\/p>\n<p>&nbsp;<\/p>\n<p>&nbsp;<\/p>\n<p><em>\u00abA solicitud del Instituto Estatal Electoral, por el tema de los debates, queremos recordarle a los ciudadanos y automovilistas que a partir del martes, y hasta el pr\u00f3ximo domingo, estar\u00e1n cerradas las vialidades desde las tres de la tarde hasta las nueve de la noche\u00bb<\/em>, indic\u00f3 el comandante.<\/p>\n<p>&nbsp;<\/p>\n<p>&nbsp;<\/p>\n<p>Las calles que se ver\u00e1n afectadas por estos cierres son, desde el bulevar Luis Encinas hacia el Sur, la calle Rosales.<\/p>\n<p>&nbsp;<\/p>\n<p>&nbsp;<\/p>\n<p>De igual forma, desde la calle Pino Suarez al poniente se cerrar\u00e1n las calles Sonora, Doctor Noriega, Monterrey, Serd\u00e1n y Obreg\u00f3n, as\u00ed como el bulevar Vild\u00f3sola a la altura de la avenida Cultura, al igual que el cruce de Cultura y Comonfort.<\/p>\n<p>&nbsp;<\/p>\n<p>&nbsp;<\/p>\n<p>En este mismo orden, desde la calle Reforma al oriente se cerrar\u00e1n los bulevares Colosio, Navarrete y Luis Encinas, as\u00ed como la calle Galeana a la altura del bulevar Colosio.<\/p>\n<p>&nbsp;<\/p>\n<p>&nbsp;<\/p>\n<p>Es de se\u00f1alarse que el tr\u00e1fico local estar\u00e1 permitido, por lo que no habr\u00e1 acto de molestia para los ciudadanos que viven en los sectores habitacionales que puedan verse afectados por el cierre parcial de vialidades.<\/p>\n<p>&nbsp;<\/p>\n<p>&nbsp;<\/p>\n<p>(Publicada el 11\/05\/2021)<\/p>\n","protected":false},"excerpt":{"rendered":"<p>HERMOSILLO, SONORA. MX. \u2014 La direcci\u00f3n de Tr\u00e1nsito Municipal recuerda a los capitalinos que con&#8230;<\/p>\n","protected":false},"author":1,"featured_media":113706,"comment_status":"open","ping_status":"open","sticky":false,"template":"","format":"standard","meta":{"_monsterinsights_skip_tracking":false,"_monsterinsights_sitenote_active":false,"_monsterinsights_sitenote_note":"","_monsterinsights_sitenote_category":0,"footnotes":""},"categories":[4],"tags":[],"class_list":["post"],"yoast_head":" \n<title>Sonora en Equipo. HERMOSILLO. Recuerda Tr\u00e1nsito Municipal que habr\u00e1 cierres de vialidades por debates electorales Municipios<\/title>\n<meta name=\"description\" content=\"HERMOSILLO, SONORA. MX. \u2014 La direcci\u00f3n de Tr\u00e1nsito Municipal recuerda a los capitalinos que con motivo de los debates electorales, organizados por el En Sonora en Equipo publicamos toda la informaci\u00f3n de Sonora, M\u00e9xico y el Mundo de manera oportuna y busca que la libertad de expresi\u00f3n sea real. Visita nuestro medio informativo publicado desde Hermosillo, Sonora. %\" \/>\n<meta name=\"robots\" content=\"index, follow, max-snippet:-1, max-image-preview:large, max-video-preview:-1\" \/>\n<link rel=\"canonical\" href=\"https:\/\/www.sonoraenequipo.com.mx\/hermosillo-recuerda-transito-municipal-que-habra-cierres-de-vialidades-por-debates-electorales\/\" \/>\n<meta property=\"og:locale\" content=\"es_ES\" \/>\n<meta property=\"og:type\" content=\"article\" \/>\n<meta property=\"og:title\" content=\"Sonora en Equipo. HERMOSILLO. Recuerda Tr\u00e1nsito Municipal que habr\u00e1 cierres de vialidades por debates electorales Municipios\" \/>\n<meta property=\"og:description\" content=\"HERMOSILLO, SONORA. MX. \u2014 La direcci\u00f3n de Tr\u00e1nsito Municipal recuerda a los capitalinos que con motivo de los debates electorales, organizados por el En Sonora en Equipo publicamos toda la informaci\u00f3n de Sonora, M\u00e9xico y el Mundo de manera oportuna y busca que la libertad de expresi\u00f3n sea real. Visita nuestro medio informativo publicado desde Hermosillo, Sonora. %\" \/>\n<meta property=\"og:url\" content=\"https:\/\/www.sonoraenequipo.com.mx\/hermosillo-recuerda-transito-municipal-que-habra-cierres-de-vialidades-por-debates-electorales\/\" \/>\n<meta property=\"og:site_name\" content=\"Sonora en Equipo.\" \/>\n<meta property=\"article:publisher\" content=\"https:\/\/www.facebook.com\/SonoraEE\/\" \/>\n<meta property=\"article:author\" content=\"https:\/\/www.facebook.com\/SonoraEE\" \/>\n<meta property=\"article:published_time\" content=\"2021-05-11T17:40:56+00:00\" \/>\n<meta property=\"article:modified_time\" content=\"2021-05-12T03:25:22+00:00\" \/>\n<meta property=\"og:image\" content=\"https:\/\/www.sonoraenequipo.com.mx\/storage\/2021\/05\/Jose-Angel-Roman-director-de-Transito_opt.jpg\" \/>\n\t<meta property=\"og:image:width\" content=\"704\" \/>\n\t<meta property=\"og:image:height\" content=\"500\" \/>\n\t<meta property=\"og:image:type\" content=\"image\/jpeg\" \/>\n<meta name=\"author\" content=\"enequipo\" \/>\n<meta name=\"twitter:card\" content=\"summary_large_image\" \/>\n<meta name=\"twitter:creator\" content=\"@sonoraenequipo\" \/>\n<meta name=\"twitter:site\" content=\"@sonoraenequipo\" \/>\n<meta name=\"twitter:label1\" content=\"Escrito por\" \/>\n\t<meta name=\"twitter:data1\" content=\"enequipo\" \/>\n\t<meta name=\"twitter:label2\" content=\"Tiempo de lectura\" \/>\n\t<meta name=\"twitter:data2\" content=\"2 minutos\" \/>\n<script type=\"application\/ld+json\" class=\"yoast-schema-graph\">{\"@context\":\"https:\/\/schema.org\",\"@graph\":[{\"@type\":\"Article\",\"@id\":\"https:\/\/www.sonoraenequipo.com.mx\/hermosillo-recuerda-transito-municipal-que-habra-cierres-de-vialidades-por-debates-electorales\/#article\",\"isPartOf\":{\"@id\":\"https:\/\/www.sonoraenequipo.com.mx\/hermosillo-recuerda-transito-municipal-que-habra-cierres-de-vialidades-por-debates-electorales\/\"},\"author\":{\"name\":\"enequipo\",\"@id\":\"https:\/\/www.sonoraenequipo.com.mx\/#\/schema\/person\/50102df0fb23a8fa9e8effad8fa81386\"},\"headline\":\"HERMOSILLO. Recuerda Tr\u00e1nsito Municipal que habr\u00e1 cierres de vialidades por debates electorales\",\"datePublished\":\"2021-05-11T17:40:56+00:00\",\"dateModified\":\"2021-05-12T03:25:22+00:00\",\"mainEntityOfPage\":{\"@id\":\"https:\/\/www.sonoraenequipo.com.mx\/hermosillo-recuerda-transito-municipal-que-habra-cierres-de-vialidades-por-debates-electorales\/\"},\"wordCount\":313,\"commentCount\":0,\"publisher\":{\"@id\":\"https:\/\/www.sonoraenequipo.com.mx\/#organization\"},\"image\":{\"@id\":\"https:\/\/www.sonoraenequipo.com.mx\/hermosillo-recuerda-transito-municipal-que-habra-cierres-de-vialidades-por-debates-electorales\/#primaryimage\"},\"thumbnailUrl\":\"https:\/\/www.sonoraenequipo.com.mx\/storage\/2021\/05\/Jose-Angel-Roman-director-de-Transito_opt.jpg\",\"articleSection\":[\"Municipios\"],\"inLanguage\":\"es\",\"potentialAction\":[{\"@type\":\"CommentAction\",\"name\":\"Comment\",\"target\":[\"https:\/\/www.sonoraenequipo.com.mx\/hermosillo-recuerda-transito-municipal-que-habra-cierres-de-vialidades-por-debates-electorales\/#respond\"]}]},{\"@type\":\"WebPage\",\"@id\":\"https:\/\/www.sonoraenequipo.com.mx\/hermosillo-recuerda-transito-municipal-que-habra-cierres-de-vialidades-por-debates-electorales\/\",\"url\":\"https:\/\/www.sonoraenequipo.com.mx\/hermosillo-recuerda-transito-municipal-que-habra-cierres-de-vialidades-por-debates-electorales\/\",\"name\":\"Sonora en Equipo. HERMOSILLO. Recuerda Tr\u00e1nsito Municipal que habr\u00e1 cierres de vialidades por debates electorales Municipios\",\"isPartOf\":{\"@id\":\"https:\/\/www.sonoraenequipo.com.mx\/#website\"},\"primaryImageOfPage\":{\"@id\":\"https:\/\/www.sonoraenequipo.com.mx\/hermosillo-recuerda-transito-municipal-que-habra-cierres-de-vialidades-por-debates-electorales\/#primaryimage\"},\"image\":{\"@id\":\"https:\/\/www.sonoraenequipo.com.mx\/hermosillo-recuerda-transito-municipal-que-habra-cierres-de-vialidades-por-debates-electorales\/#primaryimage\"},\"thumbnailUrl\":\"https:\/\/www.sonoraenequipo.com.mx\/storage\/2021\/05\/Jose-Angel-Roman-director-de-Transito_opt.jpg\",\"datePublished\":\"2021-05-11T17:40:56+00:00\",\"dateModified\":\"2021-05-12T03:25:22+00:00\",\"description\":\"HERMOSILLO, SONORA. MX. \u2014 La direcci\u00f3n de Tr\u00e1nsito Municipal recuerda a los capitalinos que con motivo de los debates electorales, organizados por el En Sonora en Equipo publicamos toda la informaci\u00f3n de Sonora, M\u00e9xico y el Mundo de manera oportuna y busca que la libertad de expresi\u00f3n sea real. Visita nuestro medio informativo publicado desde Hermosillo, Sonora. %\",\"breadcrumb\":{\"@id\":\"https:\/\/www.sonoraenequipo.com.mx\/hermosillo-recuerda-transito-municipal-que-habra-cierres-de-vialidades-por-debates-electorales\/#breadcrumb\"},\"inLanguage\":\"es\",\"potentialAction\":[{\"@type\":\"ReadAction\",\"target\":[\"https:\/\/www.sonoraenequipo.com.mx\/hermosillo-recuerda-transito-municipal-que-habra-cierres-de-vialidades-por-debates-electorales\/\"]}]},{\"@type\":\"ImageObject\",\"inLanguage\":\"es\",\"@id\":\"https:\/\/www.sonoraenequipo.com.mx\/hermosillo-recuerda-transito-municipal-que-habra-cierres-de-vialidades-por-debates-electorales\/#primaryimage\",\"url\":\"https:\/\/www.sonoraenequipo.com.mx\/storage\/2021\/05\/Jose-Angel-Roman-director-de-Transito_opt.jpg\",\"contentUrl\":\"https:\/\/www.sonoraenequipo.com.mx\/storage\/2021\/05\/Jose-Angel-Roman-director-de-Transito_opt.jpg\",\"width\":704,\"height\":500},{\"@type\":\"BreadcrumbList\",\"@id\":\"https:\/\/www.sonoraenequipo.com.mx\/hermosillo-recuerda-transito-municipal-que-habra-cierres-de-vialidades-por-debates-electorales\/#breadcrumb\",\"itemListElement\":[{\"@type\":\"ListItem\",\"position\":1,\"name\":\"Portada\",\"item\":\"https:\/\/www.sonoraenequipo.com.mx\/\"},{\"@type\":\"ListItem\",\"position\":2,\"name\":\"HERMOSILLO. Recuerda Tr\u00e1nsito Municipal que habr\u00e1 cierres de vialidades por debates electorales\"}]},{\"@type\":\"WebSite\",\"@id\":\"https:\/\/www.sonoraenequipo.com.mx\/#website\",\"url\":\"https:\/\/www.sonoraenequipo.com.mx\/\",\"name\":\"Sonora en Equipo.\",\"description\":\"Diario en l\u00ednea con Noticias desde Hermosillo, Sonora\",\"publisher\":{\"@id\":\"https:\/\/www.sonoraenequipo.com.mx\/#organization\"},\"potentialAction\":[{\"@type\":\"SearchAction\",\"target\":{\"@type\":\"EntryPoint\",\"urlTemplate\":\"https:\/\/www.sonoraenequipo.com.mx\/?s={search_term_string}\"},\"query-input\":{\"@type\":\"PropertyValueSpecification\",\"valueRequired\":true,\"valueName\":\"search_term_string\"}}],\"inLanguage\":\"es\"},{\"@type\":\"Organization\",\"@id\":\"https:\/\/www.sonoraenequipo.com.mx\/#organization\",\"name\":\"Sonoraenequipo.com.mx\",\"url\":\"https:\/\/www.sonoraenequipo.com.mx\/\",\"logo\":{\"@type\":\"ImageObject\",\"inLanguage\":\"es\",\"@id\":\"https:\/\/www.sonoraenequipo.com.mx\/#\/schema\/logo\/image\/\",\"url\":\"https:\/\/www.sonoraenequipo.com.mx\/storage\/2019\/01\/sonoraenequipo_opt.png\",\"contentUrl\":\"https:\/\/www.sonoraenequipo.com.mx\/storage\/2019\/01\/sonoraenequipo_opt.png\",\"width\":375,\"height\":125,\"caption\":\"Sonoraenequipo.com.mx\"},\"image\":{\"@id\":\"https:\/\/www.sonoraenequipo.com.mx\/#\/schema\/logo\/image\/\"},\"sameAs\":[\"https:\/\/www.facebook.com\/SonoraEE\/\",\"https:\/\/x.com\/sonoraenequipo\",\"https:\/\/www.youtube.com\/channel\/UC338nW-lPEYmJQs4ZABQ1SQ\"]},{\"@type\":\"Person\",\"@id\":\"https:\/\/www.sonoraenequipo.com.mx\/#\/schema\/person\/50102df0fb23a8fa9e8effad8fa81386\",\"name\":\"enequipo\",\"image\":{\"@type\":\"ImageObject\",\"inLanguage\":\"es\",\"@id\":\"https:\/\/www.sonoraenequipo.com.mx\/#\/schema\/person\/image\/\",\"url\":\"https:\/\/secure.gravatar.com\/avatar\/049821681b589dabc0bc20695993ccebb09f5b5d4d790cd9251b97faac7c652b?s=96&d=blank&r=g\",\"contentUrl\":\"https:\/\/secure.gravatar.com\/avatar\/049821681b589dabc0bc20695993ccebb09f5b5d4d790cd9251b97faac7c652b?s=96&d=blank&r=g\",\"caption\":\"enequipo\"},\"sameAs\":[\"https:\/\/www.facebook.com\/SonoraEE\"]}]}<\/script>\n ","yoast_head_json":{"title":"Sonora en Equipo. HERMOSILLO. Recuerda Tr\u00e1nsito Municipal que habr\u00e1 cierres de vialidades por debates electorales Municipios","description":"HERMOSILLO, SONORA. MX. \u2014 La direcci\u00f3n de Tr\u00e1nsito Municipal recuerda a los capitalinos que con motivo de los debates electorales, organizados por el En Sonora en Equipo publicamos toda la informaci\u00f3n de Sonora, M\u00e9xico y el Mundo de manera oportuna y busca que la libertad de expresi\u00f3n sea real. Visita nuestro medio informativo publicado desde Hermosillo, Sonora. %","robots":{"index":"index","follow":"follow","max-snippet":"max-snippet:-1","max-image-preview":"max-image-preview:large","max-video-preview":"max-video-preview:-1"},"canonical":"https:\/\/www.sonoraenequipo.com.mx\/hermosillo-recuerda-transito-municipal-que-habra-cierres-de-vialidades-por-debates-electorales\/","og_locale":"es_ES","og_type":"article","og_title":"Sonora en Equipo. HERMOSILLO. Recuerda Tr\u00e1nsito Municipal que habr\u00e1 cierres de vialidades por debates electorales Municipios","og_description":"HERMOSILLO, SONORA. MX. \u2014 La direcci\u00f3n de Tr\u00e1nsito Municipal recuerda a los capitalinos que con motivo de los debates electorales, organizados por el En Sonora en Equipo publicamos toda la informaci\u00f3n de Sonora, M\u00e9xico y el Mundo de manera oportuna y busca que la libertad de expresi\u00f3n sea real. Visita nuestro medio informativo publicado desde Hermosillo, Sonora. %","og_url":"https:\/\/www.sonoraenequipo.com.mx\/hermosillo-recuerda-transito-municipal-que-habra-cierres-de-vialidades-por-debates-electorales\/","og_site_name":"Sonora en Equipo.","article_publisher":"https:\/\/www.facebook.com\/SonoraEE\/","article_author":"https:\/\/www.facebook.com\/SonoraEE","article_published_time":"2021-05-11T17:40:56+00:00","article_modified_time":"2021-05-12T03:25:22+00:00","og_image":[{"width":704,"height":500,"url":"https:\/\/www.sonoraenequipo.com.mx\/storage\/2021\/05\/Jose-Angel-Roman-director-de-Transito_opt.jpg","type":"image\/jpeg"}],"author":"enequipo","twitter_card":"summary_large_image","twitter_creator":"@sonoraenequipo","twitter_site":"@sonoraenequipo","twitter_misc":{"Escrito por":"enequipo","Tiempo de lectura":"2 minutos"},"schema":{"@context":"https:\/\/schema.org","@graph":[{"@type":"Article","@id":"https:\/\/www.sonoraenequipo.com.mx\/hermosillo-recuerda-transito-municipal-que-habra-cierres-de-vialidades-por-debates-electorales\/#article","isPartOf":{"@id":"https:\/\/www.sonoraenequipo.com.mx\/hermosillo-recuerda-transito-municipal-que-habra-cierres-de-vialidades-por-debates-electorales\/"},"author":{"name":"enequipo","@id":"https:\/\/www.sonoraenequipo.com.mx\/#\/schema\/person\/50102df0fb23a8fa9e8effad8fa81386"},"headline":"HERMOSILLO. Recuerda Tr\u00e1nsito Municipal que habr\u00e1 cierres de vialidades por debates electorales","datePublished":"2021-05-11T17:40:56+00:00","dateModified":"2021-05-12T03:25:22+00:00","mainEntityOfPage":{"@id":"https:\/\/www.sonoraenequipo.com.mx\/hermosillo-recuerda-transito-municipal-que-habra-cierres-de-vialidades-por-debates-electorales\/"},"wordCount":313,"commentCount":0,"publisher":{"@id":"https:\/\/www.sonoraenequipo.com.mx\/#organization"},"image":{"@id":"https:\/\/www.sonoraenequipo.com.mx\/hermosillo-recuerda-transito-municipal-que-habra-cierres-de-vialidades-por-debates-electorales\/#primaryimage"},"thumbnailUrl":"https:\/\/www.sonoraenequipo.com.mx\/storage\/2021\/05\/Jose-Angel-Roman-director-de-Transito_opt.jpg","articleSection":["Municipios"],"inLanguage":"es","potentialAction":[{"@type":"CommentAction","name":"Comment","target":["https:\/\/www.sonoraenequipo.com.mx\/hermosillo-recuerda-transito-municipal-que-habra-cierres-de-vialidades-por-debates-electorales\/#respond"]}]},{"@type":"WebPage","@id":"https:\/\/www.sonoraenequipo.com.mx\/hermosillo-recuerda-transito-municipal-que-habra-cierres-de-vialidades-por-debates-electorales\/","url":"https:\/\/www.sonoraenequipo.com.mx\/hermosillo-recuerda-transito-municipal-que-habra-cierres-de-vialidades-por-debates-electorales\/","name":"Sonora en Equipo. HERMOSILLO. Recuerda Tr\u00e1nsito Municipal que habr\u00e1 cierres de vialidades por debates electorales Municipios","isPartOf":{"@id":"https:\/\/www.sonoraenequipo.com.mx\/#website"},"primaryImageOfPage":{"@id":"https:\/\/www.sonoraenequipo.com.mx\/hermosillo-recuerda-transito-municipal-que-habra-cierres-de-vialidades-por-debates-electorales\/#primaryimage"},"image":{"@id":"https:\/\/www.sonoraenequipo.com.mx\/hermosillo-recuerda-transito-municipal-que-habra-cierres-de-vialidades-por-debates-electorales\/#primaryimage"},"thumbnailUrl":"https:\/\/www.sonoraenequipo.com.mx\/storage\/2021\/05\/Jose-Angel-Roman-director-de-Transito_opt.jpg","datePublished":"2021-05-11T17:40:56+00:00","dateModified":"2021-05-12T03:25:22+00:00","description":"HERMOSILLO, SONORA. MX. \u2014 La direcci\u00f3n de Tr\u00e1nsito Municipal recuerda a los capitalinos que con motivo de los debates electorales, organizados por el En Sonora en Equipo publicamos toda la informaci\u00f3n de Sonora, M\u00e9xico y el Mundo de manera oportuna y busca que la libertad de expresi\u00f3n sea real. Visita nuestro medio informativo publicado desde Hermosillo, Sonora. %","breadcrumb":{"@id":"https:\/\/www.sonoraenequipo.com.mx\/hermosillo-recuerda-transito-municipal-que-habra-cierres-de-vialidades-por-debates-electorales\/#breadcrumb"},"inLanguage":"es","potentialAction":[{"@type":"ReadAction","target":["https:\/\/www.sonoraenequipo.com.mx\/hermosillo-recuerda-transito-municipal-que-habra-cierres-de-vialidades-por-debates-electorales\/"]}]},{"@type":"ImageObject","inLanguage":"es","@id":"https:\/\/www.sonoraenequipo.com.mx\/hermosillo-recuerda-transito-municipal-que-habra-cierres-de-vialidades-por-debates-electorales\/#primaryimage","url":"https:\/\/www.sonoraenequipo.com.mx\/storage\/2021\/05\/Jose-Angel-Roman-director-de-Transito_opt.jpg","contentUrl":"https:\/\/www.sonoraenequipo.com.mx\/storage\/2021\/05\/Jose-Angel-Roman-director-de-Transito_opt.jpg","width":704,"height":500},{"@type":"BreadcrumbList","@id":"https:\/\/www.sonoraenequipo.com.mx\/hermosillo-recuerda-transito-municipal-que-habra-cierres-de-vialidades-por-debates-electorales\/#breadcrumb","itemListElement":[{"@type":"ListItem","position":1,"name":"Portada","item":"https:\/\/www.sonoraenequipo.com.mx\/"},{"@type":"ListItem","position":2,"name":"HERMOSILLO. Recuerda Tr\u00e1nsito Municipal que habr\u00e1 cierres de vialidades por debates electorales"}]},{"@type":"WebSite","@id":"https:\/\/www.sonoraenequipo.com.mx\/#website","url":"https:\/\/www.sonoraenequipo.com.mx\/","name":"Sonora en Equipo.","description":"Diario en l\u00ednea con Noticias desde Hermosillo, Sonora","publisher":{"@id":"https:\/\/www.sonoraenequipo.com.mx\/#organization"},"potentialAction":[{"@type":"SearchAction","target":{"@type":"EntryPoint","urlTemplate":"https:\/\/www.sonoraenequipo.com.mx\/?s={search_term_string}"},"query-input":{"@type":"PropertyValueSpecification","valueRequired":true,"valueName":"search_term_string"}}],"inLanguage":"es"},{"@type":"Organization","@id":"https:\/\/www.sonoraenequipo.com.mx\/#organization","name":"Sonoraenequipo.com.mx","url":"https:\/\/www.sonoraenequipo.com.mx\/","logo":{"@type":"ImageObject","inLanguage":"es","@id":"https:\/\/www.sonoraenequipo.com.mx\/#\/schema\/logo\/image\/","url":"https:\/\/www.sonoraenequipo.com.mx\/storage\/2019\/01\/sonoraenequipo_opt.png","contentUrl":"https:\/\/www.sonoraenequipo.com.mx\/storage\/2019\/01\/sonoraenequipo_opt.png","width":375,"height":125,"caption":"Sonoraenequipo.com.mx"},"image":{"@id":"https:\/\/www.sonoraenequipo.com.mx\/#\/schema\/logo\/image\/"},"sameAs":["https:\/\/www.facebook.com\/SonoraEE\/","https:\/\/x.com\/sonoraenequipo","https:\/\/www.youtube.com\/channel\/UC338nW-lPEYmJQs4ZABQ1SQ"]},{"@type":"Person","@id":"https:\/\/www.sonoraenequipo.com.mx\/#\/schema\/person\/50102df0fb23a8fa9e8effad8fa81386","name":"enequipo","image":{"@type":"ImageObject","inLanguage":"es","@id":"https:\/\/www.sonoraenequipo.com.mx\/#\/schema\/person\/image\/","url":"https:\/\/secure.gravatar.com\/avatar\/049821681b589dabc0bc20695993ccebb09f5b5d4d790cd9251b97faac7c652b?s=96&d=blank&r=g","contentUrl":"https:\/\/secure.gravatar.com\/avatar\/049821681b589dabc0bc20695993ccebb09f5b5d4d790cd9251b97faac7c652b?s=96&d=blank&r=g","caption":"enequipo"},"sameAs":["https:\/\/www.facebook.com\/SonoraEE"]}]}},"jetpack_featured_media_url":"https:\/\/www.sonoraenequipo.com.mx\/storage\/2021\/05\/Jose-Angel-Roman-director-de-Transito_opt.jpg","_links":{"self":[{"href":"https:\/\/www.sonoraenequipo.com.mx\/api\/wp\/v2\/posts\/113716","targetHints":{"allow":["GET"]}}],"collection":[{"href":"https:\/\/www.sonoraenequipo.com.mx\/api\/wp\/v2\/posts"}],"about":[{"href":"https:\/\/www.sonoraenequipo.com.mx\/api\/wp\/v2\/types\/post"}],"author":[{"embeddable":true,"href":"https:\/\/www.sonoraenequipo.com.mx\/api\/wp\/v2\/users\/1"}],"replies":[{"embeddable":true,"href":"https:\/\/www.sonoraenequipo.com.mx\/api\/wp\/v2\/comments?post=113716"}],"version-history":[{"count":2,"href":"https:\/\/www.sonoraenequipo.com.mx\/api\/wp\/v2\/posts\/113716\/revisions"}],"predecessor-version":[{"id":113718,"href":"https:\/\/www.sonoraenequipo.com.mx\/api\/wp\/v2\/posts\/113716\/revisions\/113718"}],"wp:featuredmedia":[{"embeddable":true,"href":"https:\/\/www.sonoraenequipo.com.mx\/api\/wp\/v2\/media\/113706"}],"wp:attachment":[{"href":"https:\/\/www.sonoraenequipo.com.mx\/api\/wp\/v2\/media?parent=113716"}],"wp:term":[{"taxonomy":"category","embeddable":true,"href":"https:\/\/www.sonoraenequipo.com.mx\/api\/wp\/v2\/categories?post=113716"},{"taxonomy":"post_tag","embeddable":true,"href":"https:\/\/www.sonoraenequipo.com.mx\/api\/wp\/v2\/tags?post=113716"}],"curies":[{"name":"wp","href":"https:\/\/api.w.org\/{rel}","templated":true}]}}