{"id":113719,"date":"2021-05-11T12:44:39","date_gmt":"2021-05-11T19:44:39","guid":{"rendered":"https:\/\/www.sonoraenequipo.com.mx\/?p=113719"},"modified":"2021-05-11T21:14:23","modified_gmt":"2021-05-12T04:14:23","slug":"presentan-propuestas-ciudadanas-para-la-rehabilitacion-de-la-sauceda","status":"publish","type":"post","link":"https:\/\/www.sonoraenequipo.com.mx\/presentan-propuestas-ciudadanas-para-la-rehabilitacion-de-la-sauceda\/","title":{"rendered":"Presentan Propuestas Ciudadanas para la Rehabilitaci\u00f3n de La Sauceda"},"content":{"rendered":"<p>HERMOSILLO, SONORA. MX. \u2014 Organizaciones de la sociedad civil, acad\u00e9micos y activistas, convocados por la organizaci\u00f3n Hermosillo \u00bfC\u00f3mo Vamos?, presentaron propuestas ciudadanas para la rehabilitaci\u00f3n de La Sauceda las cuales tienen como prop\u00f3sito impulsar una recuperaci\u00f3n integral de la zona que contribuya al desarrollo ambiental de la ciudad y a las necesidades de esparcimiento de los hermosillenses.<\/p>\n<p>&nbsp;<\/p>\n<p> <\/p>\n<p>Karina L\u00f3pez Ivich, l\u00edder clim\u00e1tico de \u201cClimate Reality\u201d y coordinadora del grupo de trabajo, expuso: \u201cEn la construcci\u00f3n de la ciudad que imaginamos, la creaci\u00f3n y recuperaci\u00f3n de espacios p\u00fablicos para la ciudadan\u00eda es vital; de ah\u00ed que, al tratarse de un espacio de gran valor identitario para la ciudadan\u00eda hermosillense, as\u00ed como hist\u00f3rico y cultural, diversas organizaciones hemos decidido contribuir a la recuperaci\u00f3n de este espacio p\u00fablico que atienda de manera integral las necesidades de esparcimiento, educaci\u00f3n y bienestar social, con un enfoque de perspectiva a largo plazo en equilibrio con el medio ambiente y una gesti\u00f3n con participaci\u00f3n de autoridades y ciudadan\u00eda\u201d.<\/p>\n<p>&nbsp;<\/p>\n<p>Se trata de 16 propuestas dentro de los ejes de Medio Ambiente, Desarrollo Social y Econom\u00eda las cuales fueron elaboradas gracias a diversos espacios de di\u00e1logo facilitados por Hermosillo \u00bfC\u00f3mo Vamos? en el \u00faltimo a\u00f1o y que son resultado del consenso de un grupo plural y multidisciplinario. Entre las propuestas, destacan el conservar el humedal; promover su clasificaci\u00f3n como \u00e1rea natural protegida; priorizar el uso de suelo para \u00e1reas verdes, actividades deportivas y recreativas; fomentar la investigaci\u00f3n ambiental en la zona; y constituir un comit\u00e9 ciudadano para el seguimiento a las acciones de recuperaci\u00f3n.<\/p>\n<p>&nbsp;<\/p>\n<p>Con estas propuestas, buscan promover que autoridades, legisladores y otros sectores involucrados hagan de La Sauceda un \u00e1rea emblem\u00e1tica y representativa que funcione como un ecosistema proveedor de servicios ambientales, promotor del desarrollo econ\u00f3mico y competitividad para la ciudad.<\/p>\n<p>&nbsp;<\/p>\n<p>En el evento tambi\u00e9n participaron la Arq. Blanca Olivia Cota, del proyecto \u201cCorredor Biol\u00f3gico\u201d y el Lic. Francisco Javier Salcido, representante de \u201cCiudadan\u00eda Activa\u201d, quienes destacaron el trabajo que han venido realizando desde hace a\u00f1os diversos colectivos ciudadanos para reforestar la zona as\u00ed como el potencial para que se convierta en un espacio detonador de un nuevo modelo de desarrollo ambiental para Hermosillo.<\/p>\n<p>&nbsp;<\/p>\n<p>Por su parte, el Arq. Rogelio Cota Est\u00e9vez inform\u00f3 que con el apoyo de la Comisi\u00f3n de Ecolog\u00eda y Desarrollo Sustentable del Estado de Sonora, diversos especialistas de la Universidad de Sonora han desarrollado un estudio previo justificativo a trav\u00e9s del cual se puede avanzar hacia la definici\u00f3n como \u00c1rea Natural Protegida el humedal de La Sauceda y con ello, brindar de protecci\u00f3n al territorio para que se respete y conserve su patrimonio natural.<\/p>\n<p>&nbsp;<\/p>\n<p>Tambi\u00e9n participaron la Dra. Luisa Mar\u00eda Guti\u00e9rrez de la Universidad de Sonora y el Dr. Luis Alan Navarro Navarro, de El Colegio de Sonora, quienes expusieron sobre las condiciones ecol\u00f3gicas de la zona, la importancia de promover un nuevo modelo de desarrollo sustentable para Hermosillo y de garantizar a la poblaci\u00f3n su derecho a la ciudad.<\/p>\n<p>&nbsp;<\/p>\n<p>Por \u00faltimo, Ernesto Urbina Miranda, Director General de Hermosillo \u00bfC\u00f3mo Vamos? invit\u00f3 a los diversos aspirantes a cargos de elecci\u00f3n popular para que valoren y se apropien de estas propuestas ciudadanas que retoman el sentir de muchos hermosillenses para que, en el marco del actual proceso electoral, presenten a la ciudadan\u00eda de manera detallada sus proyectos para la rehabilitaci\u00f3n de La Sauceda.<\/p>\n<p>&nbsp;<\/p>\n<p>Hermosillo \u00bfC\u00f3mo Vamos? invita a toda la ciudadan\u00eda a descargar el documento <em>\u201cPropuestas Ciudadanas para la Rehabilitaci\u00f3n de La Sauceda\u201d<\/em> en su p\u00e1gina web <a href=\"http:\/\/www.hermosillocomovamos.org\"><strong>www.hermosillocomovamos.org<\/strong><\/a> as\u00ed como seguir sus actividades en sus redes sociales.<\/p>\n<p>&nbsp;<\/p>\n<p>&nbsp;<\/p>\n<p>&nbsp;<\/p>\n<p>(Publicada el 11\/05\/2021)<\/p>\n","protected":false},"excerpt":{"rendered":"<p>HERMOSILLO, SONORA. MX. \u2014 Organizaciones de la sociedad civil, acad\u00e9micos y activistas, convocados por la&#8230;<\/p>\n","protected":false},"author":1,"featured_media":113720,"comment_status":"open","ping_status":"open","sticky":false,"template":"","format":"standard","meta":{"_monsterinsights_skip_tracking":false,"_monsterinsights_sitenote_active":false,"_monsterinsights_sitenote_note":"","_monsterinsights_sitenote_category":0,"footnotes":""},"categories":[4],"tags":[],"class_list":["post"],"yoast_head":" \n<title>Sonora en Equipo. Presentan Propuestas Ciudadanas para la Rehabilitaci\u00f3n de La Sauceda Municipios<\/title>\n<meta name=\"description\" content=\"HERMOSILLO, SONORA. MX. \u2014 Organizaciones de la sociedad civil, acad\u00e9micos y activistas, convocados por la organizaci\u00f3n Hermosillo \u00bfC\u00f3mo Vamos?, En Sonora en Equipo publicamos toda la informaci\u00f3n de Sonora, M\u00e9xico y el Mundo de manera oportuna y busca que la libertad de expresi\u00f3n sea real. Visita nuestro medio informativo publicado desde Hermosillo, Sonora. %\" \/>\n<meta name=\"robots\" content=\"index, follow, max-snippet:-1, max-image-preview:large, max-video-preview:-1\" \/>\n<link rel=\"canonical\" href=\"https:\/\/www.sonoraenequipo.com.mx\/presentan-propuestas-ciudadanas-para-la-rehabilitacion-de-la-sauceda\/\" \/>\n<meta property=\"og:locale\" content=\"es_ES\" \/>\n<meta property=\"og:type\" content=\"article\" \/>\n<meta property=\"og:title\" content=\"Sonora en Equipo. Presentan Propuestas Ciudadanas para la Rehabilitaci\u00f3n de La Sauceda Municipios\" \/>\n<meta property=\"og:description\" content=\"HERMOSILLO, SONORA. MX. \u2014 Organizaciones de la sociedad civil, acad\u00e9micos y activistas, convocados por la organizaci\u00f3n Hermosillo \u00bfC\u00f3mo Vamos?, En Sonora en Equipo publicamos toda la informaci\u00f3n de Sonora, M\u00e9xico y el Mundo de manera oportuna y busca que la libertad de expresi\u00f3n sea real. Visita nuestro medio informativo publicado desde Hermosillo, Sonora. %\" \/>\n<meta property=\"og:url\" content=\"https:\/\/www.sonoraenequipo.com.mx\/presentan-propuestas-ciudadanas-para-la-rehabilitacion-de-la-sauceda\/\" \/>\n<meta property=\"og:site_name\" content=\"Sonora en Equipo.\" \/>\n<meta property=\"article:publisher\" content=\"https:\/\/www.facebook.com\/SonoraEE\/\" \/>\n<meta property=\"article:author\" content=\"https:\/\/www.facebook.com\/SonoraEE\" \/>\n<meta property=\"article:published_time\" content=\"2021-05-11T19:44:39+00:00\" \/>\n<meta property=\"article:modified_time\" content=\"2021-05-12T04:14:23+00:00\" \/>\n<meta property=\"og:image\" content=\"https:\/\/www.sonoraenequipo.com.mx\/storage\/2021\/05\/la-sauceda-movmiento_opt.jpg\" \/>\n\t<meta property=\"og:image:width\" content=\"625\" \/>\n\t<meta property=\"og:image:height\" content=\"400\" \/>\n\t<meta property=\"og:image:type\" content=\"image\/jpeg\" \/>\n<meta name=\"author\" content=\"enequipo\" \/>\n<meta name=\"twitter:card\" content=\"summary_large_image\" \/>\n<meta name=\"twitter:creator\" content=\"@sonoraenequipo\" \/>\n<meta name=\"twitter:site\" content=\"@sonoraenequipo\" \/>\n<meta name=\"twitter:label1\" content=\"Escrito por\" \/>\n\t<meta name=\"twitter:data1\" content=\"enequipo\" \/>\n\t<meta name=\"twitter:label2\" content=\"Tiempo de lectura\" \/>\n\t<meta name=\"twitter:data2\" content=\"3 minutos\" \/>\n<script type=\"application\/ld+json\" class=\"yoast-schema-graph\">{\"@context\":\"https:\/\/schema.org\",\"@graph\":[{\"@type\":\"Article\",\"@id\":\"https:\/\/www.sonoraenequipo.com.mx\/presentan-propuestas-ciudadanas-para-la-rehabilitacion-de-la-sauceda\/#article\",\"isPartOf\":{\"@id\":\"https:\/\/www.sonoraenequipo.com.mx\/presentan-propuestas-ciudadanas-para-la-rehabilitacion-de-la-sauceda\/\"},\"author\":{\"name\":\"enequipo\",\"@id\":\"https:\/\/www.sonoraenequipo.com.mx\/#\/schema\/person\/50102df0fb23a8fa9e8effad8fa81386\"},\"headline\":\"Presentan Propuestas Ciudadanas para la Rehabilitaci\u00f3n de La Sauceda\",\"datePublished\":\"2021-05-11T19:44:39+00:00\",\"dateModified\":\"2021-05-12T04:14:23+00:00\",\"mainEntityOfPage\":{\"@id\":\"https:\/\/www.sonoraenequipo.com.mx\/presentan-propuestas-ciudadanas-para-la-rehabilitacion-de-la-sauceda\/\"},\"wordCount\":660,\"commentCount\":0,\"publisher\":{\"@id\":\"https:\/\/www.sonoraenequipo.com.mx\/#organization\"},\"image\":{\"@id\":\"https:\/\/www.sonoraenequipo.com.mx\/presentan-propuestas-ciudadanas-para-la-rehabilitacion-de-la-sauceda\/#primaryimage\"},\"thumbnailUrl\":\"https:\/\/www.sonoraenequipo.com.mx\/storage\/2021\/05\/la-sauceda-movmiento_opt.jpg\",\"articleSection\":[\"Municipios\"],\"inLanguage\":\"es\",\"potentialAction\":[{\"@type\":\"CommentAction\",\"name\":\"Comment\",\"target\":[\"https:\/\/www.sonoraenequipo.com.mx\/presentan-propuestas-ciudadanas-para-la-rehabilitacion-de-la-sauceda\/#respond\"]}]},{\"@type\":\"WebPage\",\"@id\":\"https:\/\/www.sonoraenequipo.com.mx\/presentan-propuestas-ciudadanas-para-la-rehabilitacion-de-la-sauceda\/\",\"url\":\"https:\/\/www.sonoraenequipo.com.mx\/presentan-propuestas-ciudadanas-para-la-rehabilitacion-de-la-sauceda\/\",\"name\":\"Sonora en Equipo. Presentan Propuestas Ciudadanas para la Rehabilitaci\u00f3n de La Sauceda Municipios\",\"isPartOf\":{\"@id\":\"https:\/\/www.sonoraenequipo.com.mx\/#website\"},\"primaryImageOfPage\":{\"@id\":\"https:\/\/www.sonoraenequipo.com.mx\/presentan-propuestas-ciudadanas-para-la-rehabilitacion-de-la-sauceda\/#primaryimage\"},\"image\":{\"@id\":\"https:\/\/www.sonoraenequipo.com.mx\/presentan-propuestas-ciudadanas-para-la-rehabilitacion-de-la-sauceda\/#primaryimage\"},\"thumbnailUrl\":\"https:\/\/www.sonoraenequipo.com.mx\/storage\/2021\/05\/la-sauceda-movmiento_opt.jpg\",\"datePublished\":\"2021-05-11T19:44:39+00:00\",\"dateModified\":\"2021-05-12T04:14:23+00:00\",\"description\":\"HERMOSILLO, SONORA. MX. \u2014 Organizaciones de la sociedad civil, acad\u00e9micos y activistas, convocados por la organizaci\u00f3n Hermosillo \u00bfC\u00f3mo Vamos?, En Sonora en Equipo publicamos toda la informaci\u00f3n de Sonora, M\u00e9xico y el Mundo de manera oportuna y busca que la libertad de expresi\u00f3n sea real. Visita nuestro medio informativo publicado desde Hermosillo, Sonora. %\",\"breadcrumb\":{\"@id\":\"https:\/\/www.sonoraenequipo.com.mx\/presentan-propuestas-ciudadanas-para-la-rehabilitacion-de-la-sauceda\/#breadcrumb\"},\"inLanguage\":\"es\",\"potentialAction\":[{\"@type\":\"ReadAction\",\"target\":[\"https:\/\/www.sonoraenequipo.com.mx\/presentan-propuestas-ciudadanas-para-la-rehabilitacion-de-la-sauceda\/\"]}]},{\"@type\":\"ImageObject\",\"inLanguage\":\"es\",\"@id\":\"https:\/\/www.sonoraenequipo.com.mx\/presentan-propuestas-ciudadanas-para-la-rehabilitacion-de-la-sauceda\/#primaryimage\",\"url\":\"https:\/\/www.sonoraenequipo.com.mx\/storage\/2021\/05\/la-sauceda-movmiento_opt.jpg\",\"contentUrl\":\"https:\/\/www.sonoraenequipo.com.mx\/storage\/2021\/05\/la-sauceda-movmiento_opt.jpg\",\"width\":625,\"height\":400},{\"@type\":\"BreadcrumbList\",\"@id\":\"https:\/\/www.sonoraenequipo.com.mx\/presentan-propuestas-ciudadanas-para-la-rehabilitacion-de-la-sauceda\/#breadcrumb\",\"itemListElement\":[{\"@type\":\"ListItem\",\"position\":1,\"name\":\"Portada\",\"item\":\"https:\/\/www.sonoraenequipo.com.mx\/\"},{\"@type\":\"ListItem\",\"position\":2,\"name\":\"Presentan Propuestas Ciudadanas para la Rehabilitaci\u00f3n de La Sauceda\"}]},{\"@type\":\"WebSite\",\"@id\":\"https:\/\/www.sonoraenequipo.com.mx\/#website\",\"url\":\"https:\/\/www.sonoraenequipo.com.mx\/\",\"name\":\"Sonora en Equipo.\",\"description\":\"Diario en l\u00ednea con Noticias desde Hermosillo, Sonora\",\"publisher\":{\"@id\":\"https:\/\/www.sonoraenequipo.com.mx\/#organization\"},\"potentialAction\":[{\"@type\":\"SearchAction\",\"target\":{\"@type\":\"EntryPoint\",\"urlTemplate\":\"https:\/\/www.sonoraenequipo.com.mx\/?s={search_term_string}\"},\"query-input\":{\"@type\":\"PropertyValueSpecification\",\"valueRequired\":true,\"valueName\":\"search_term_string\"}}],\"inLanguage\":\"es\"},{\"@type\":\"Organization\",\"@id\":\"https:\/\/www.sonoraenequipo.com.mx\/#organization\",\"name\":\"Sonoraenequipo.com.mx\",\"url\":\"https:\/\/www.sonoraenequipo.com.mx\/\",\"logo\":{\"@type\":\"ImageObject\",\"inLanguage\":\"es\",\"@id\":\"https:\/\/www.sonoraenequipo.com.mx\/#\/schema\/logo\/image\/\",\"url\":\"https:\/\/www.sonoraenequipo.com.mx\/storage\/2019\/01\/sonoraenequipo_opt.png\",\"contentUrl\":\"https:\/\/www.sonoraenequipo.com.mx\/storage\/2019\/01\/sonoraenequipo_opt.png\",\"width\":375,\"height\":125,\"caption\":\"Sonoraenequipo.com.mx\"},\"image\":{\"@id\":\"https:\/\/www.sonoraenequipo.com.mx\/#\/schema\/logo\/image\/\"},\"sameAs\":[\"https:\/\/www.facebook.com\/SonoraEE\/\",\"https:\/\/x.com\/sonoraenequipo\",\"https:\/\/www.youtube.com\/channel\/UC338nW-lPEYmJQs4ZABQ1SQ\"]},{\"@type\":\"Person\",\"@id\":\"https:\/\/www.sonoraenequipo.com.mx\/#\/schema\/person\/50102df0fb23a8fa9e8effad8fa81386\",\"name\":\"enequipo\",\"image\":{\"@type\":\"ImageObject\",\"inLanguage\":\"es\",\"@id\":\"https:\/\/www.sonoraenequipo.com.mx\/#\/schema\/person\/image\/\",\"url\":\"https:\/\/secure.gravatar.com\/avatar\/049821681b589dabc0bc20695993ccebb09f5b5d4d790cd9251b97faac7c652b?s=96&d=blank&r=g\",\"contentUrl\":\"https:\/\/secure.gravatar.com\/avatar\/049821681b589dabc0bc20695993ccebb09f5b5d4d790cd9251b97faac7c652b?s=96&d=blank&r=g\",\"caption\":\"enequipo\"},\"sameAs\":[\"https:\/\/www.facebook.com\/SonoraEE\"]}]}<\/script>\n ","yoast_head_json":{"title":"Sonora en Equipo. Presentan Propuestas Ciudadanas para la Rehabilitaci\u00f3n de La Sauceda Municipios","description":"HERMOSILLO, SONORA. MX. \u2014 Organizaciones de la sociedad civil, acad\u00e9micos y activistas, convocados por la organizaci\u00f3n Hermosillo \u00bfC\u00f3mo Vamos?, En Sonora en Equipo publicamos toda la informaci\u00f3n de Sonora, M\u00e9xico y el Mundo de manera oportuna y busca que la libertad de expresi\u00f3n sea real. Visita nuestro medio informativo publicado desde Hermosillo, Sonora. %","robots":{"index":"index","follow":"follow","max-snippet":"max-snippet:-1","max-image-preview":"max-image-preview:large","max-video-preview":"max-video-preview:-1"},"canonical":"https:\/\/www.sonoraenequipo.com.mx\/presentan-propuestas-ciudadanas-para-la-rehabilitacion-de-la-sauceda\/","og_locale":"es_ES","og_type":"article","og_title":"Sonora en Equipo. Presentan Propuestas Ciudadanas para la Rehabilitaci\u00f3n de La Sauceda Municipios","og_description":"HERMOSILLO, SONORA. MX. \u2014 Organizaciones de la sociedad civil, acad\u00e9micos y activistas, convocados por la organizaci\u00f3n Hermosillo \u00bfC\u00f3mo Vamos?, En Sonora en Equipo publicamos toda la informaci\u00f3n de Sonora, M\u00e9xico y el Mundo de manera oportuna y busca que la libertad de expresi\u00f3n sea real. Visita nuestro medio informativo publicado desde Hermosillo, Sonora. %","og_url":"https:\/\/www.sonoraenequipo.com.mx\/presentan-propuestas-ciudadanas-para-la-rehabilitacion-de-la-sauceda\/","og_site_name":"Sonora en Equipo.","article_publisher":"https:\/\/www.facebook.com\/SonoraEE\/","article_author":"https:\/\/www.facebook.com\/SonoraEE","article_published_time":"2021-05-11T19:44:39+00:00","article_modified_time":"2021-05-12T04:14:23+00:00","og_image":[{"width":625,"height":400,"url":"https:\/\/www.sonoraenequipo.com.mx\/storage\/2021\/05\/la-sauceda-movmiento_opt.jpg","type":"image\/jpeg"}],"author":"enequipo","twitter_card":"summary_large_image","twitter_creator":"@sonoraenequipo","twitter_site":"@sonoraenequipo","twitter_misc":{"Escrito por":"enequipo","Tiempo de lectura":"3 minutos"},"schema":{"@context":"https:\/\/schema.org","@graph":[{"@type":"Article","@id":"https:\/\/www.sonoraenequipo.com.mx\/presentan-propuestas-ciudadanas-para-la-rehabilitacion-de-la-sauceda\/#article","isPartOf":{"@id":"https:\/\/www.sonoraenequipo.com.mx\/presentan-propuestas-ciudadanas-para-la-rehabilitacion-de-la-sauceda\/"},"author":{"name":"enequipo","@id":"https:\/\/www.sonoraenequipo.com.mx\/#\/schema\/person\/50102df0fb23a8fa9e8effad8fa81386"},"headline":"Presentan Propuestas Ciudadanas para la Rehabilitaci\u00f3n de La Sauceda","datePublished":"2021-05-11T19:44:39+00:00","dateModified":"2021-05-12T04:14:23+00:00","mainEntityOfPage":{"@id":"https:\/\/www.sonoraenequipo.com.mx\/presentan-propuestas-ciudadanas-para-la-rehabilitacion-de-la-sauceda\/"},"wordCount":660,"commentCount":0,"publisher":{"@id":"https:\/\/www.sonoraenequipo.com.mx\/#organization"},"image":{"@id":"https:\/\/www.sonoraenequipo.com.mx\/presentan-propuestas-ciudadanas-para-la-rehabilitacion-de-la-sauceda\/#primaryimage"},"thumbnailUrl":"https:\/\/www.sonoraenequipo.com.mx\/storage\/2021\/05\/la-sauceda-movmiento_opt.jpg","articleSection":["Municipios"],"inLanguage":"es","potentialAction":[{"@type":"CommentAction","name":"Comment","target":["https:\/\/www.sonoraenequipo.com.mx\/presentan-propuestas-ciudadanas-para-la-rehabilitacion-de-la-sauceda\/#respond"]}]},{"@type":"WebPage","@id":"https:\/\/www.sonoraenequipo.com.mx\/presentan-propuestas-ciudadanas-para-la-rehabilitacion-de-la-sauceda\/","url":"https:\/\/www.sonoraenequipo.com.mx\/presentan-propuestas-ciudadanas-para-la-rehabilitacion-de-la-sauceda\/","name":"Sonora en Equipo. Presentan Propuestas Ciudadanas para la Rehabilitaci\u00f3n de La Sauceda Municipios","isPartOf":{"@id":"https:\/\/www.sonoraenequipo.com.mx\/#website"},"primaryImageOfPage":{"@id":"https:\/\/www.sonoraenequipo.com.mx\/presentan-propuestas-ciudadanas-para-la-rehabilitacion-de-la-sauceda\/#primaryimage"},"image":{"@id":"https:\/\/www.sonoraenequipo.com.mx\/presentan-propuestas-ciudadanas-para-la-rehabilitacion-de-la-sauceda\/#primaryimage"},"thumbnailUrl":"https:\/\/www.sonoraenequipo.com.mx\/storage\/2021\/05\/la-sauceda-movmiento_opt.jpg","datePublished":"2021-05-11T19:44:39+00:00","dateModified":"2021-05-12T04:14:23+00:00","description":"HERMOSILLO, SONORA. MX. \u2014 Organizaciones de la sociedad civil, acad\u00e9micos y activistas, convocados por la organizaci\u00f3n Hermosillo \u00bfC\u00f3mo Vamos?, En Sonora en Equipo publicamos toda la informaci\u00f3n de Sonora, M\u00e9xico y el Mundo de manera oportuna y busca que la libertad de expresi\u00f3n sea real. Visita nuestro medio informativo publicado desde Hermosillo, Sonora. %","breadcrumb":{"@id":"https:\/\/www.sonoraenequipo.com.mx\/presentan-propuestas-ciudadanas-para-la-rehabilitacion-de-la-sauceda\/#breadcrumb"},"inLanguage":"es","potentialAction":[{"@type":"ReadAction","target":["https:\/\/www.sonoraenequipo.com.mx\/presentan-propuestas-ciudadanas-para-la-rehabilitacion-de-la-sauceda\/"]}]},{"@type":"ImageObject","inLanguage":"es","@id":"https:\/\/www.sonoraenequipo.com.mx\/presentan-propuestas-ciudadanas-para-la-rehabilitacion-de-la-sauceda\/#primaryimage","url":"https:\/\/www.sonoraenequipo.com.mx\/storage\/2021\/05\/la-sauceda-movmiento_opt.jpg","contentUrl":"https:\/\/www.sonoraenequipo.com.mx\/storage\/2021\/05\/la-sauceda-movmiento_opt.jpg","width":625,"height":400},{"@type":"BreadcrumbList","@id":"https:\/\/www.sonoraenequipo.com.mx\/presentan-propuestas-ciudadanas-para-la-rehabilitacion-de-la-sauceda\/#breadcrumb","itemListElement":[{"@type":"ListItem","position":1,"name":"Portada","item":"https:\/\/www.sonoraenequipo.com.mx\/"},{"@type":"ListItem","position":2,"name":"Presentan Propuestas Ciudadanas para la Rehabilitaci\u00f3n de La Sauceda"}]},{"@type":"WebSite","@id":"https:\/\/www.sonoraenequipo.com.mx\/#website","url":"https:\/\/www.sonoraenequipo.com.mx\/","name":"Sonora en Equipo.","description":"Diario en l\u00ednea con Noticias desde Hermosillo, Sonora","publisher":{"@id":"https:\/\/www.sonoraenequipo.com.mx\/#organization"},"potentialAction":[{"@type":"SearchAction","target":{"@type":"EntryPoint","urlTemplate":"https:\/\/www.sonoraenequipo.com.mx\/?s={search_term_string}"},"query-input":{"@type":"PropertyValueSpecification","valueRequired":true,"valueName":"search_term_string"}}],"inLanguage":"es"},{"@type":"Organization","@id":"https:\/\/www.sonoraenequipo.com.mx\/#organization","name":"Sonoraenequipo.com.mx","url":"https:\/\/www.sonoraenequipo.com.mx\/","logo":{"@type":"ImageObject","inLanguage":"es","@id":"https:\/\/www.sonoraenequipo.com.mx\/#\/schema\/logo\/image\/","url":"https:\/\/www.sonoraenequipo.com.mx\/storage\/2019\/01\/sonoraenequipo_opt.png","contentUrl":"https:\/\/www.sonoraenequipo.com.mx\/storage\/2019\/01\/sonoraenequipo_opt.png","width":375,"height":125,"caption":"Sonoraenequipo.com.mx"},"image":{"@id":"https:\/\/www.sonoraenequipo.com.mx\/#\/schema\/logo\/image\/"},"sameAs":["https:\/\/www.facebook.com\/SonoraEE\/","https:\/\/x.com\/sonoraenequipo","https:\/\/www.youtube.com\/channel\/UC338nW-lPEYmJQs4ZABQ1SQ"]},{"@type":"Person","@id":"https:\/\/www.sonoraenequipo.com.mx\/#\/schema\/person\/50102df0fb23a8fa9e8effad8fa81386","name":"enequipo","image":{"@type":"ImageObject","inLanguage":"es","@id":"https:\/\/www.sonoraenequipo.com.mx\/#\/schema\/person\/image\/","url":"https:\/\/secure.gravatar.com\/avatar\/049821681b589dabc0bc20695993ccebb09f5b5d4d790cd9251b97faac7c652b?s=96&d=blank&r=g","contentUrl":"https:\/\/secure.gravatar.com\/avatar\/049821681b589dabc0bc20695993ccebb09f5b5d4d790cd9251b97faac7c652b?s=96&d=blank&r=g","caption":"enequipo"},"sameAs":["https:\/\/www.facebook.com\/SonoraEE"]}]}},"jetpack_featured_media_url":"https:\/\/www.sonoraenequipo.com.mx\/storage\/2021\/05\/la-sauceda-movmiento_opt.jpg","_links":{"self":[{"href":"https:\/\/www.sonoraenequipo.com.mx\/api\/wp\/v2\/posts\/113719","targetHints":{"allow":["GET"]}}],"collection":[{"href":"https:\/\/www.sonoraenequipo.com.mx\/api\/wp\/v2\/posts"}],"about":[{"href":"https:\/\/www.sonoraenequipo.com.mx\/api\/wp\/v2\/types\/post"}],"author":[{"embeddable":true,"href":"https:\/\/www.sonoraenequipo.com.mx\/api\/wp\/v2\/users\/1"}],"replies":[{"embeddable":true,"href":"https:\/\/www.sonoraenequipo.com.mx\/api\/wp\/v2\/comments?post=113719"}],"version-history":[{"count":1,"href":"https:\/\/www.sonoraenequipo.com.mx\/api\/wp\/v2\/posts\/113719\/revisions"}],"predecessor-version":[{"id":113721,"href":"https:\/\/www.sonoraenequipo.com.mx\/api\/wp\/v2\/posts\/113719\/revisions\/113721"}],"wp:featuredmedia":[{"embeddable":true,"href":"https:\/\/www.sonoraenequipo.com.mx\/api\/wp\/v2\/media\/113720"}],"wp:attachment":[{"href":"https:\/\/www.sonoraenequipo.com.mx\/api\/wp\/v2\/media?parent=113719"}],"wp:term":[{"taxonomy":"category","embeddable":true,"href":"https:\/\/www.sonoraenequipo.com.mx\/api\/wp\/v2\/categories?post=113719"},{"taxonomy":"post_tag","embeddable":true,"href":"https:\/\/www.sonoraenequipo.com.mx\/api\/wp\/v2\/tags?post=113719"}],"curies":[{"name":"wp","href":"https:\/\/api.w.org\/{rel}","templated":true}]}}