{"id":113727,"date":"2021-05-11T17:51:05","date_gmt":"2021-05-12T00:51:05","guid":{"rendered":"https:\/\/www.sonoraenequipo.com.mx\/?p=113727"},"modified":"2021-05-11T21:35:11","modified_gmt":"2021-05-12T04:35:11","slug":"invitan-a-foro-sonora-natural-hacia-la-ruta-del-turismo-de-bienestar-integral","status":"publish","type":"post","link":"https:\/\/www.sonoraenequipo.com.mx\/invitan-a-foro-sonora-natural-hacia-la-ruta-del-turismo-de-bienestar-integral\/","title":{"rendered":"Invitan a Foro Sonora Natural, hacia la ruta del turismo de bienestar integral"},"content":{"rendered":"<p>HERMOSILLO, SONORA. MX. \u2014 Sonora cuenta con una gran oportunidad para desarrollar, promocionar y posicionar el turismo enfocado en el bienestar y prevenci\u00f3n de enfermedades, por lo que es de gran relevancia organizar el primer Foro \u201cSonora Natural hacia la ruta del turismo de bienestar integral\u201d, inform\u00f3 Luis N\u00fa\u00f1ez Noriega, coordinador de la Comisi\u00f3n de Fomento al Turismo (Cofetur).<\/p>\n<p>&nbsp;<\/p>\n<p> <\/p>\n<p>&nbsp;<\/p>\n<p>Durante la invitaci\u00f3n al foro, N\u00fa\u00f1ez Noriega reconoci\u00f3 la importancia de contar con este tipo de turismo en Sonora, el turismo \u201cWellness\u201d o de bienestar, por lo que este jueves 13 de mayo, a las 10:00 Hrs. se desarrollar\u00e1 esta actividad de manera gratuita con invitados de talla nacional e internacional, a trav\u00e9s de las cuentas oficiales de las p\u00e1ginas de Face Book del Gobierno de Sonora, Secretar\u00eda de Salud Sonora, Secretar\u00eda de Econom\u00eda y Visit Sonora.<\/p>\n<p>&nbsp;<\/p>\n<p><em>\u201cEn este foro nos acompa\u00f1ar\u00e1n proyectos maravillosos creados en M\u00e9xico y en pa\u00edses invitados como Espa\u00f1a, Argentina, Per\u00fa y Guatemala; aqu\u00ed en Sonora presentaremos el comienzo de uno de los centros de sanaci\u00f3n m\u00e1s importantes del pa\u00eds y conoceremos m\u00e1s del tratamiento con bufo alvarius, mejor conocido como sapo del desierto de Sonora, que ha estado atrayendo muchas visitas nacionales y de otros pa\u00edses\u201d,<\/em> dijo.<\/p>\n<p>&nbsp;<\/p>\n<p>N\u00fa\u00f1ez Noriega consider\u00f3 que estas nuevas alternativas para el sector comienzan a hacerse presentes y generar conciencia de la vida y salud post pandemia, con un panorama alentador que a trav\u00e9s de este tipo de iniciativas se promueve y se incita a la reactivaci\u00f3n econ\u00f3mica en el sector turismo de bienestar en el estado de Sonora, en M\u00e9xico y el mundo.<\/p>\n<p>&nbsp;<\/p>\n<p><em>\u201cLa industria del Turismo Wellness en M\u00e9xico ofrece servicios como yoga, spa, temazcales, medicina alternativa, cocina saludable, agroecolog\u00eda, retiros espirituales y medicinas ancestrales, entre otros; mismos servicios que podemos encontrar en un spa, centro hol\u00edstico, eco aldea o ecovillas\u201d,<\/em> dijo el titular de turismo en Sonora.<\/p>\n<p>&nbsp;<\/p>\n<p>La moderadora del foro, Ely Hurtado, detall\u00f3 que los expositores ser\u00e1n Alberto Ruz, es un mexicano ecoactivista, autor, pionero y l\u00edder de movimientos ecologistas y actualmente por el reconocimiento de los Derechos de la Madre Tierra.<\/p>\n<p>&nbsp;<\/p>\n<p>&nbsp;<\/p>\n<p>Luis Ortiz es director general y cofundador del Hotel Hostal de la Luz Spa Holistic Resort, quien tambi\u00e9n ha sido cofundador de la Asociaci\u00f3n de Turismo de Salud del estado de Morelos. Adem\u00e1s, se contar\u00e1 con la presencia de Arturo Arroyo quien es licenciado en Administraci\u00f3n de Hoteles &amp; Restaurantes egresado de la Universidad Internacional de Florida y cofundador del Centro Hol\u00edstico Akalki, donde actualmente ejerce como administrador y como guardi\u00e1n de la Comunidad Autosustentable en las orillas de la Laguna de Bacalar, Quintana Roo.<\/p>\n<p>&nbsp;<\/p>\n<p>Tambi\u00e9n estar\u00e1n Beleni Kumara Inti, co-creadora y guardiana de la bella Ecoaldea Ixixtlan SanArte; Octavio Rettig , m\u00e9dico Cirujano, partero e investigador y pionero en el uso de la medicina del sapo del desierto de Sonora, Bufo Alvaruis.<\/p>\n<p>&nbsp;<\/p>\n<p>&nbsp;<\/p>\n<p>Desde Barcelona, Espa\u00f1a, la Asociaci\u00f3n <em>\u201cSerTribu\u201d<\/em> Semilla Universal, de Carlos Brufau, Tina Rodr\u00edguez, Iv\u00e1n Casta\u00f1o y Gemma Serra, quienes tienen un espacio en plena naturaleza, donde acogen todo tipo de actividades relacionadas con la sanaci\u00f3n, el crecimiento personal y espiritual. Desde Argentina, estar\u00e1 Gustavo Ram\u00edrez, difusor de la Permacultura a la realidad Latinoamericana.<\/p>\n<p>&nbsp;<\/p>\n<p>&nbsp;<\/p>\n<p>Desde Per\u00fa, estar\u00e1n Fernando Rojas, cofundador Samadhi Sacred Valley en Valle Sagrado de los Incas, en Cusco y creador de un Centro Hol\u00edstico en el Valle Sagrado de los Incas y cerrando el foro desde Guatemala estar\u00e1 Chaty Secaira, comunicadora espiritual, fundadora del Centro de Mediaci\u00f3n Las Pir\u00e1mides y fundadora de la Asociaci\u00f3n \u201cAlquimistas del Lago\u201d, cuyo fin es reunir personas que trabajan con la espiritualidad.<\/p>\n<p>&nbsp;<\/p>\n<p>&nbsp;<\/p>\n<p>(Publicada el 11\/05\/2021)<\/p>\n","protected":false},"excerpt":{"rendered":"<p>HERMOSILLO, SONORA. MX. \u2014 Sonora cuenta con una gran oportunidad para desarrollar, promocionar y posicionar&#8230;<\/p>\n","protected":false},"author":1,"featured_media":113709,"comment_status":"open","ping_status":"open","sticky":false,"template":"","format":"standard","meta":{"_monsterinsights_skip_tracking":false,"_monsterinsights_sitenote_active":false,"_monsterinsights_sitenote_note":"","_monsterinsights_sitenote_category":0,"footnotes":""},"categories":[22],"tags":[],"class_list":["post"],"yoast_head":" \n<title>Sonora en Equipo. Invitan a Foro Sonora Natural, hacia la ruta del turismo de bienestar integral Sonora<\/title>\n<meta name=\"description\" content=\"HERMOSILLO, SONORA. MX. \u2014 Sonora cuenta con una gran oportunidad para desarrollar, promocionar y posicionar el turismo enfocado en el bienestar y En Sonora en Equipo publicamos toda la informaci\u00f3n de Sonora, M\u00e9xico y el Mundo de manera oportuna y busca que la libertad de expresi\u00f3n sea real. Visita nuestro medio informativo publicado desde Hermosillo, Sonora. %\" \/>\n<meta name=\"robots\" content=\"index, follow, max-snippet:-1, max-image-preview:large, max-video-preview:-1\" \/>\n<link rel=\"canonical\" href=\"https:\/\/www.sonoraenequipo.com.mx\/invitan-a-foro-sonora-natural-hacia-la-ruta-del-turismo-de-bienestar-integral\/\" \/>\n<meta property=\"og:locale\" content=\"es_ES\" \/>\n<meta property=\"og:type\" content=\"article\" \/>\n<meta property=\"og:title\" content=\"Sonora en Equipo. Invitan a Foro Sonora Natural, hacia la ruta del turismo de bienestar integral Sonora\" \/>\n<meta property=\"og:description\" content=\"HERMOSILLO, SONORA. MX. \u2014 Sonora cuenta con una gran oportunidad para desarrollar, promocionar y posicionar el turismo enfocado en el bienestar y En Sonora en Equipo publicamos toda la informaci\u00f3n de Sonora, M\u00e9xico y el Mundo de manera oportuna y busca que la libertad de expresi\u00f3n sea real. Visita nuestro medio informativo publicado desde Hermosillo, Sonora. %\" \/>\n<meta property=\"og:url\" content=\"https:\/\/www.sonoraenequipo.com.mx\/invitan-a-foro-sonora-natural-hacia-la-ruta-del-turismo-de-bienestar-integral\/\" \/>\n<meta property=\"og:site_name\" content=\"Sonora en Equipo.\" \/>\n<meta property=\"article:publisher\" content=\"https:\/\/www.facebook.com\/SonoraEE\/\" \/>\n<meta property=\"article:author\" content=\"https:\/\/www.facebook.com\/SonoraEE\" \/>\n<meta property=\"article:published_time\" content=\"2021-05-12T00:51:05+00:00\" \/>\n<meta property=\"article:modified_time\" content=\"2021-05-12T04:35:11+00:00\" \/>\n<meta property=\"og:image\" content=\"https:\/\/www.sonoraenequipo.com.mx\/storage\/2021\/05\/052163_opt.jpg\" \/>\n\t<meta property=\"og:image:width\" content=\"694\" \/>\n\t<meta property=\"og:image:height\" content=\"400\" \/>\n\t<meta property=\"og:image:type\" content=\"image\/jpeg\" \/>\n<meta name=\"author\" content=\"enequipo\" \/>\n<meta name=\"twitter:card\" content=\"summary_large_image\" \/>\n<meta name=\"twitter:creator\" content=\"@sonoraenequipo\" \/>\n<meta name=\"twitter:site\" content=\"@sonoraenequipo\" \/>\n<meta name=\"twitter:label1\" content=\"Escrito por\" \/>\n\t<meta name=\"twitter:data1\" content=\"enequipo\" \/>\n\t<meta name=\"twitter:label2\" content=\"Tiempo de lectura\" \/>\n\t<meta name=\"twitter:data2\" content=\"3 minutos\" \/>\n<script type=\"application\/ld+json\" class=\"yoast-schema-graph\">{\"@context\":\"https:\/\/schema.org\",\"@graph\":[{\"@type\":\"Article\",\"@id\":\"https:\/\/www.sonoraenequipo.com.mx\/invitan-a-foro-sonora-natural-hacia-la-ruta-del-turismo-de-bienestar-integral\/#article\",\"isPartOf\":{\"@id\":\"https:\/\/www.sonoraenequipo.com.mx\/invitan-a-foro-sonora-natural-hacia-la-ruta-del-turismo-de-bienestar-integral\/\"},\"author\":{\"name\":\"enequipo\",\"@id\":\"https:\/\/www.sonoraenequipo.com.mx\/#\/schema\/person\/50102df0fb23a8fa9e8effad8fa81386\"},\"headline\":\"Invitan a Foro Sonora Natural, hacia la ruta del turismo de bienestar integral\",\"datePublished\":\"2021-05-12T00:51:05+00:00\",\"dateModified\":\"2021-05-12T04:35:11+00:00\",\"mainEntityOfPage\":{\"@id\":\"https:\/\/www.sonoraenequipo.com.mx\/invitan-a-foro-sonora-natural-hacia-la-ruta-del-turismo-de-bienestar-integral\/\"},\"wordCount\":663,\"commentCount\":0,\"publisher\":{\"@id\":\"https:\/\/www.sonoraenequipo.com.mx\/#organization\"},\"image\":{\"@id\":\"https:\/\/www.sonoraenequipo.com.mx\/invitan-a-foro-sonora-natural-hacia-la-ruta-del-turismo-de-bienestar-integral\/#primaryimage\"},\"thumbnailUrl\":\"https:\/\/www.sonoraenequipo.com.mx\/storage\/2021\/05\/052163_opt.jpg\",\"articleSection\":[\"Sonora\"],\"inLanguage\":\"es\",\"potentialAction\":[{\"@type\":\"CommentAction\",\"name\":\"Comment\",\"target\":[\"https:\/\/www.sonoraenequipo.com.mx\/invitan-a-foro-sonora-natural-hacia-la-ruta-del-turismo-de-bienestar-integral\/#respond\"]}]},{\"@type\":\"WebPage\",\"@id\":\"https:\/\/www.sonoraenequipo.com.mx\/invitan-a-foro-sonora-natural-hacia-la-ruta-del-turismo-de-bienestar-integral\/\",\"url\":\"https:\/\/www.sonoraenequipo.com.mx\/invitan-a-foro-sonora-natural-hacia-la-ruta-del-turismo-de-bienestar-integral\/\",\"name\":\"Sonora en Equipo. Invitan a Foro Sonora Natural, hacia la ruta del turismo de bienestar integral Sonora\",\"isPartOf\":{\"@id\":\"https:\/\/www.sonoraenequipo.com.mx\/#website\"},\"primaryImageOfPage\":{\"@id\":\"https:\/\/www.sonoraenequipo.com.mx\/invitan-a-foro-sonora-natural-hacia-la-ruta-del-turismo-de-bienestar-integral\/#primaryimage\"},\"image\":{\"@id\":\"https:\/\/www.sonoraenequipo.com.mx\/invitan-a-foro-sonora-natural-hacia-la-ruta-del-turismo-de-bienestar-integral\/#primaryimage\"},\"thumbnailUrl\":\"https:\/\/www.sonoraenequipo.com.mx\/storage\/2021\/05\/052163_opt.jpg\",\"datePublished\":\"2021-05-12T00:51:05+00:00\",\"dateModified\":\"2021-05-12T04:35:11+00:00\",\"description\":\"HERMOSILLO, SONORA. MX. \u2014 Sonora cuenta con una gran oportunidad para desarrollar, promocionar y posicionar el turismo enfocado en el bienestar y En Sonora en Equipo publicamos toda la informaci\u00f3n de Sonora, M\u00e9xico y el Mundo de manera oportuna y busca que la libertad de expresi\u00f3n sea real. Visita nuestro medio informativo publicado desde Hermosillo, Sonora. %\",\"breadcrumb\":{\"@id\":\"https:\/\/www.sonoraenequipo.com.mx\/invitan-a-foro-sonora-natural-hacia-la-ruta-del-turismo-de-bienestar-integral\/#breadcrumb\"},\"inLanguage\":\"es\",\"potentialAction\":[{\"@type\":\"ReadAction\",\"target\":[\"https:\/\/www.sonoraenequipo.com.mx\/invitan-a-foro-sonora-natural-hacia-la-ruta-del-turismo-de-bienestar-integral\/\"]}]},{\"@type\":\"ImageObject\",\"inLanguage\":\"es\",\"@id\":\"https:\/\/www.sonoraenequipo.com.mx\/invitan-a-foro-sonora-natural-hacia-la-ruta-del-turismo-de-bienestar-integral\/#primaryimage\",\"url\":\"https:\/\/www.sonoraenequipo.com.mx\/storage\/2021\/05\/052163_opt.jpg\",\"contentUrl\":\"https:\/\/www.sonoraenequipo.com.mx\/storage\/2021\/05\/052163_opt.jpg\",\"width\":694,\"height\":400},{\"@type\":\"BreadcrumbList\",\"@id\":\"https:\/\/www.sonoraenequipo.com.mx\/invitan-a-foro-sonora-natural-hacia-la-ruta-del-turismo-de-bienestar-integral\/#breadcrumb\",\"itemListElement\":[{\"@type\":\"ListItem\",\"position\":1,\"name\":\"Portada\",\"item\":\"https:\/\/www.sonoraenequipo.com.mx\/\"},{\"@type\":\"ListItem\",\"position\":2,\"name\":\"Invitan a Foro Sonora Natural, hacia la ruta del turismo de bienestar integral\"}]},{\"@type\":\"WebSite\",\"@id\":\"https:\/\/www.sonoraenequipo.com.mx\/#website\",\"url\":\"https:\/\/www.sonoraenequipo.com.mx\/\",\"name\":\"Sonora en Equipo.\",\"description\":\"Diario en l\u00ednea con Noticias desde Hermosillo, Sonora\",\"publisher\":{\"@id\":\"https:\/\/www.sonoraenequipo.com.mx\/#organization\"},\"potentialAction\":[{\"@type\":\"SearchAction\",\"target\":{\"@type\":\"EntryPoint\",\"urlTemplate\":\"https:\/\/www.sonoraenequipo.com.mx\/?s={search_term_string}\"},\"query-input\":{\"@type\":\"PropertyValueSpecification\",\"valueRequired\":true,\"valueName\":\"search_term_string\"}}],\"inLanguage\":\"es\"},{\"@type\":\"Organization\",\"@id\":\"https:\/\/www.sonoraenequipo.com.mx\/#organization\",\"name\":\"Sonoraenequipo.com.mx\",\"url\":\"https:\/\/www.sonoraenequipo.com.mx\/\",\"logo\":{\"@type\":\"ImageObject\",\"inLanguage\":\"es\",\"@id\":\"https:\/\/www.sonoraenequipo.com.mx\/#\/schema\/logo\/image\/\",\"url\":\"https:\/\/www.sonoraenequipo.com.mx\/storage\/2019\/01\/sonoraenequipo_opt.png\",\"contentUrl\":\"https:\/\/www.sonoraenequipo.com.mx\/storage\/2019\/01\/sonoraenequipo_opt.png\",\"width\":375,\"height\":125,\"caption\":\"Sonoraenequipo.com.mx\"},\"image\":{\"@id\":\"https:\/\/www.sonoraenequipo.com.mx\/#\/schema\/logo\/image\/\"},\"sameAs\":[\"https:\/\/www.facebook.com\/SonoraEE\/\",\"https:\/\/x.com\/sonoraenequipo\",\"https:\/\/www.youtube.com\/channel\/UC338nW-lPEYmJQs4ZABQ1SQ\"]},{\"@type\":\"Person\",\"@id\":\"https:\/\/www.sonoraenequipo.com.mx\/#\/schema\/person\/50102df0fb23a8fa9e8effad8fa81386\",\"name\":\"enequipo\",\"image\":{\"@type\":\"ImageObject\",\"inLanguage\":\"es\",\"@id\":\"https:\/\/www.sonoraenequipo.com.mx\/#\/schema\/person\/image\/\",\"url\":\"https:\/\/secure.gravatar.com\/avatar\/049821681b589dabc0bc20695993ccebb09f5b5d4d790cd9251b97faac7c652b?s=96&d=blank&r=g\",\"contentUrl\":\"https:\/\/secure.gravatar.com\/avatar\/049821681b589dabc0bc20695993ccebb09f5b5d4d790cd9251b97faac7c652b?s=96&d=blank&r=g\",\"caption\":\"enequipo\"},\"sameAs\":[\"https:\/\/www.facebook.com\/SonoraEE\"]}]}<\/script>\n ","yoast_head_json":{"title":"Sonora en Equipo. Invitan a Foro Sonora Natural, hacia la ruta del turismo de bienestar integral Sonora","description":"HERMOSILLO, SONORA. MX. \u2014 Sonora cuenta con una gran oportunidad para desarrollar, promocionar y posicionar el turismo enfocado en el bienestar y En Sonora en Equipo publicamos toda la informaci\u00f3n de Sonora, M\u00e9xico y el Mundo de manera oportuna y busca que la libertad de expresi\u00f3n sea real. Visita nuestro medio informativo publicado desde Hermosillo, Sonora. %","robots":{"index":"index","follow":"follow","max-snippet":"max-snippet:-1","max-image-preview":"max-image-preview:large","max-video-preview":"max-video-preview:-1"},"canonical":"https:\/\/www.sonoraenequipo.com.mx\/invitan-a-foro-sonora-natural-hacia-la-ruta-del-turismo-de-bienestar-integral\/","og_locale":"es_ES","og_type":"article","og_title":"Sonora en Equipo. Invitan a Foro Sonora Natural, hacia la ruta del turismo de bienestar integral Sonora","og_description":"HERMOSILLO, SONORA. MX. \u2014 Sonora cuenta con una gran oportunidad para desarrollar, promocionar y posicionar el turismo enfocado en el bienestar y En Sonora en Equipo publicamos toda la informaci\u00f3n de Sonora, M\u00e9xico y el Mundo de manera oportuna y busca que la libertad de expresi\u00f3n sea real. Visita nuestro medio informativo publicado desde Hermosillo, Sonora. %","og_url":"https:\/\/www.sonoraenequipo.com.mx\/invitan-a-foro-sonora-natural-hacia-la-ruta-del-turismo-de-bienestar-integral\/","og_site_name":"Sonora en Equipo.","article_publisher":"https:\/\/www.facebook.com\/SonoraEE\/","article_author":"https:\/\/www.facebook.com\/SonoraEE","article_published_time":"2021-05-12T00:51:05+00:00","article_modified_time":"2021-05-12T04:35:11+00:00","og_image":[{"width":694,"height":400,"url":"https:\/\/www.sonoraenequipo.com.mx\/storage\/2021\/05\/052163_opt.jpg","type":"image\/jpeg"}],"author":"enequipo","twitter_card":"summary_large_image","twitter_creator":"@sonoraenequipo","twitter_site":"@sonoraenequipo","twitter_misc":{"Escrito por":"enequipo","Tiempo de lectura":"3 minutos"},"schema":{"@context":"https:\/\/schema.org","@graph":[{"@type":"Article","@id":"https:\/\/www.sonoraenequipo.com.mx\/invitan-a-foro-sonora-natural-hacia-la-ruta-del-turismo-de-bienestar-integral\/#article","isPartOf":{"@id":"https:\/\/www.sonoraenequipo.com.mx\/invitan-a-foro-sonora-natural-hacia-la-ruta-del-turismo-de-bienestar-integral\/"},"author":{"name":"enequipo","@id":"https:\/\/www.sonoraenequipo.com.mx\/#\/schema\/person\/50102df0fb23a8fa9e8effad8fa81386"},"headline":"Invitan a Foro Sonora Natural, hacia la ruta del turismo de bienestar integral","datePublished":"2021-05-12T00:51:05+00:00","dateModified":"2021-05-12T04:35:11+00:00","mainEntityOfPage":{"@id":"https:\/\/www.sonoraenequipo.com.mx\/invitan-a-foro-sonora-natural-hacia-la-ruta-del-turismo-de-bienestar-integral\/"},"wordCount":663,"commentCount":0,"publisher":{"@id":"https:\/\/www.sonoraenequipo.com.mx\/#organization"},"image":{"@id":"https:\/\/www.sonoraenequipo.com.mx\/invitan-a-foro-sonora-natural-hacia-la-ruta-del-turismo-de-bienestar-integral\/#primaryimage"},"thumbnailUrl":"https:\/\/www.sonoraenequipo.com.mx\/storage\/2021\/05\/052163_opt.jpg","articleSection":["Sonora"],"inLanguage":"es","potentialAction":[{"@type":"CommentAction","name":"Comment","target":["https:\/\/www.sonoraenequipo.com.mx\/invitan-a-foro-sonora-natural-hacia-la-ruta-del-turismo-de-bienestar-integral\/#respond"]}]},{"@type":"WebPage","@id":"https:\/\/www.sonoraenequipo.com.mx\/invitan-a-foro-sonora-natural-hacia-la-ruta-del-turismo-de-bienestar-integral\/","url":"https:\/\/www.sonoraenequipo.com.mx\/invitan-a-foro-sonora-natural-hacia-la-ruta-del-turismo-de-bienestar-integral\/","name":"Sonora en Equipo. Invitan a Foro Sonora Natural, hacia la ruta del turismo de bienestar integral Sonora","isPartOf":{"@id":"https:\/\/www.sonoraenequipo.com.mx\/#website"},"primaryImageOfPage":{"@id":"https:\/\/www.sonoraenequipo.com.mx\/invitan-a-foro-sonora-natural-hacia-la-ruta-del-turismo-de-bienestar-integral\/#primaryimage"},"image":{"@id":"https:\/\/www.sonoraenequipo.com.mx\/invitan-a-foro-sonora-natural-hacia-la-ruta-del-turismo-de-bienestar-integral\/#primaryimage"},"thumbnailUrl":"https:\/\/www.sonoraenequipo.com.mx\/storage\/2021\/05\/052163_opt.jpg","datePublished":"2021-05-12T00:51:05+00:00","dateModified":"2021-05-12T04:35:11+00:00","description":"HERMOSILLO, SONORA. MX. \u2014 Sonora cuenta con una gran oportunidad para desarrollar, promocionar y posicionar el turismo enfocado en el bienestar y En Sonora en Equipo publicamos toda la informaci\u00f3n de Sonora, M\u00e9xico y el Mundo de manera oportuna y busca que la libertad de expresi\u00f3n sea real. Visita nuestro medio informativo publicado desde Hermosillo, Sonora. %","breadcrumb":{"@id":"https:\/\/www.sonoraenequipo.com.mx\/invitan-a-foro-sonora-natural-hacia-la-ruta-del-turismo-de-bienestar-integral\/#breadcrumb"},"inLanguage":"es","potentialAction":[{"@type":"ReadAction","target":["https:\/\/www.sonoraenequipo.com.mx\/invitan-a-foro-sonora-natural-hacia-la-ruta-del-turismo-de-bienestar-integral\/"]}]},{"@type":"ImageObject","inLanguage":"es","@id":"https:\/\/www.sonoraenequipo.com.mx\/invitan-a-foro-sonora-natural-hacia-la-ruta-del-turismo-de-bienestar-integral\/#primaryimage","url":"https:\/\/www.sonoraenequipo.com.mx\/storage\/2021\/05\/052163_opt.jpg","contentUrl":"https:\/\/www.sonoraenequipo.com.mx\/storage\/2021\/05\/052163_opt.jpg","width":694,"height":400},{"@type":"BreadcrumbList","@id":"https:\/\/www.sonoraenequipo.com.mx\/invitan-a-foro-sonora-natural-hacia-la-ruta-del-turismo-de-bienestar-integral\/#breadcrumb","itemListElement":[{"@type":"ListItem","position":1,"name":"Portada","item":"https:\/\/www.sonoraenequipo.com.mx\/"},{"@type":"ListItem","position":2,"name":"Invitan a Foro Sonora Natural, hacia la ruta del turismo de bienestar integral"}]},{"@type":"WebSite","@id":"https:\/\/www.sonoraenequipo.com.mx\/#website","url":"https:\/\/www.sonoraenequipo.com.mx\/","name":"Sonora en Equipo.","description":"Diario en l\u00ednea con Noticias desde Hermosillo, Sonora","publisher":{"@id":"https:\/\/www.sonoraenequipo.com.mx\/#organization"},"potentialAction":[{"@type":"SearchAction","target":{"@type":"EntryPoint","urlTemplate":"https:\/\/www.sonoraenequipo.com.mx\/?s={search_term_string}"},"query-input":{"@type":"PropertyValueSpecification","valueRequired":true,"valueName":"search_term_string"}}],"inLanguage":"es"},{"@type":"Organization","@id":"https:\/\/www.sonoraenequipo.com.mx\/#organization","name":"Sonoraenequipo.com.mx","url":"https:\/\/www.sonoraenequipo.com.mx\/","logo":{"@type":"ImageObject","inLanguage":"es","@id":"https:\/\/www.sonoraenequipo.com.mx\/#\/schema\/logo\/image\/","url":"https:\/\/www.sonoraenequipo.com.mx\/storage\/2019\/01\/sonoraenequipo_opt.png","contentUrl":"https:\/\/www.sonoraenequipo.com.mx\/storage\/2019\/01\/sonoraenequipo_opt.png","width":375,"height":125,"caption":"Sonoraenequipo.com.mx"},"image":{"@id":"https:\/\/www.sonoraenequipo.com.mx\/#\/schema\/logo\/image\/"},"sameAs":["https:\/\/www.facebook.com\/SonoraEE\/","https:\/\/x.com\/sonoraenequipo","https:\/\/www.youtube.com\/channel\/UC338nW-lPEYmJQs4ZABQ1SQ"]},{"@type":"Person","@id":"https:\/\/www.sonoraenequipo.com.mx\/#\/schema\/person\/50102df0fb23a8fa9e8effad8fa81386","name":"enequipo","image":{"@type":"ImageObject","inLanguage":"es","@id":"https:\/\/www.sonoraenequipo.com.mx\/#\/schema\/person\/image\/","url":"https:\/\/secure.gravatar.com\/avatar\/049821681b589dabc0bc20695993ccebb09f5b5d4d790cd9251b97faac7c652b?s=96&d=blank&r=g","contentUrl":"https:\/\/secure.gravatar.com\/avatar\/049821681b589dabc0bc20695993ccebb09f5b5d4d790cd9251b97faac7c652b?s=96&d=blank&r=g","caption":"enequipo"},"sameAs":["https:\/\/www.facebook.com\/SonoraEE"]}]}},"jetpack_featured_media_url":"https:\/\/www.sonoraenequipo.com.mx\/storage\/2021\/05\/052163_opt.jpg","_links":{"self":[{"href":"https:\/\/www.sonoraenequipo.com.mx\/api\/wp\/v2\/posts\/113727","targetHints":{"allow":["GET"]}}],"collection":[{"href":"https:\/\/www.sonoraenequipo.com.mx\/api\/wp\/v2\/posts"}],"about":[{"href":"https:\/\/www.sonoraenequipo.com.mx\/api\/wp\/v2\/types\/post"}],"author":[{"embeddable":true,"href":"https:\/\/www.sonoraenequipo.com.mx\/api\/wp\/v2\/users\/1"}],"replies":[{"embeddable":true,"href":"https:\/\/www.sonoraenequipo.com.mx\/api\/wp\/v2\/comments?post=113727"}],"version-history":[{"count":1,"href":"https:\/\/www.sonoraenequipo.com.mx\/api\/wp\/v2\/posts\/113727\/revisions"}],"predecessor-version":[{"id":113728,"href":"https:\/\/www.sonoraenequipo.com.mx\/api\/wp\/v2\/posts\/113727\/revisions\/113728"}],"wp:featuredmedia":[{"embeddable":true,"href":"https:\/\/www.sonoraenequipo.com.mx\/api\/wp\/v2\/media\/113709"}],"wp:attachment":[{"href":"https:\/\/www.sonoraenequipo.com.mx\/api\/wp\/v2\/media?parent=113727"}],"wp:term":[{"taxonomy":"category","embeddable":true,"href":"https:\/\/www.sonoraenequipo.com.mx\/api\/wp\/v2\/categories?post=113727"},{"taxonomy":"post_tag","embeddable":true,"href":"https:\/\/www.sonoraenequipo.com.mx\/api\/wp\/v2\/tags?post=113727"}],"curies":[{"name":"wp","href":"https:\/\/api.w.org\/{rel}","templated":true}]}}