{"id":113729,"date":"2021-05-11T19:35:43","date_gmt":"2021-05-12T02:35:43","guid":{"rendered":"https:\/\/www.sonoraenequipo.com.mx\/?p=113729"},"modified":"2021-05-11T21:40:19","modified_gmt":"2021-05-12T04:40:19","slug":"supervisa-gobernadora-inicio-ordenado-de-vacunacion-contra-covid-19-a-personal-del-sistema-educativo-en-sonora","status":"publish","type":"post","link":"https:\/\/www.sonoraenequipo.com.mx\/supervisa-gobernadora-inicio-ordenado-de-vacunacion-contra-covid-19-a-personal-del-sistema-educativo-en-sonora\/","title":{"rendered":"Supervisa Gobernadora inicio ordenado de vacunaci\u00f3n contra COVID-19 a personal del Sistema Educativo en Sonora"},"content":{"rendered":"<p>HERMOSILLO,SONORA.MX.\u2014 La vacunaci\u00f3n en Sonora contra COVID-19 sigue avanzando con el inicio de la aplicaci\u00f3n de 71 mil 800 dosis de vacuna CanSino a trabajadoras y trabajadores de la educaci\u00f3n en toda la entidad, expres\u00f3 la gobernadora Claudia Pavlovich Arellano, al supervisar la aplicaci\u00f3n del biol\u00f3gico a maestras y maestros, as\u00ed como personal administrativo y de apoyo escolar del estado.<\/p>\n<p>&nbsp;<\/p>\n<p> <\/p>\n<p>&nbsp;<\/p>\n<p>Durante su recorrido por el Centro de Usos M\u00faltiples en Hermosillo, acompa\u00f1ada por Edgar Jes\u00fas Zitle Garc\u00eda, delegado estatal del IMSS y coordinador del programa de Vacunaci\u00f3n contra COVID-19 en Sonora; V\u00edctor Guerrero Gonz\u00e1lez, secretario de Educaci\u00f3n y Cultura; Enrique Clausen Iberri, secretario de Salud y Rafael S\u00e1nchez Andrade, representante de la secretaria de Educaci\u00f3n P\u00fablica, Delfina G\u00f3mez \u00c1lvarez, la mandataria estatal manifest\u00f3 que este proceso da tranquilidad a las y los sonorenses de que la vacunaci\u00f3n sigue avanzando.<\/p>\n<p>&nbsp;<\/p>\n<p>&nbsp;<\/p>\n<p><em>\u201cLa verdad es que es una muy buena noticia, estamos avanzando, los n\u00fameros de contagios han bajado, pero no podemos por favor bajar la guardia; bajamos la guardia y otra vez empezamos con los contagios, es importante seguir cuid\u00e1ndonos, hay mucha gente que no nos hemos vacunado, que no nos toca todav\u00eda\u201d,<\/em> expres\u00f3.<\/p>\n<p>&nbsp;<\/p>\n<p>&nbsp;<\/p>\n<p>La gobernadora Pavlovich detall\u00f3 que, en coordinaci\u00f3n entre la Secretar\u00eda de Educaci\u00f3n y Cultura y la Secretar\u00eda de Salud, se acord\u00f3 un esquema para evitar aglomeraciones del personal del Sistema Educativo en la entidad, que se desarrollar\u00e1 durante la intensa jornada de cuatro d\u00edas y en el que cada trabajador o trabajadora se registr\u00f3 y decidi\u00f3 en cu\u00e1l de los 18 centros de vacunaci\u00f3n habilitados en la entidad se aplicar\u00e1 el biol\u00f3gico.<\/p>\n<p>&nbsp;<\/p>\n<p>&nbsp;<\/p>\n<p><em>\u201cSon 18 Centros de Vacunaci\u00f3n regionales en el estado y aqu\u00ed en Hermosillo est\u00e1 el Centro de Usos M\u00faltiples, la Universidad de Sonora y en la Cuarta Zona Militar; creo que es una gran noticia, esta es unidosis y en quince d\u00edas m\u00e1s o menos es el promedio que dan siempre, ya se podr\u00eda hablar de una protecci\u00f3n importante\u201d<\/em>, coment\u00f3.<\/p>\n<p>&nbsp;<\/p>\n<p>&nbsp;<\/p>\n<p>Las sedes estar\u00e1n en: Agua Prieta, en el Instituto Tecnol\u00f3gico; \u00c1lamos, en la primaria \u201cRevoluci\u00f3n\u201d; Caborca, instalaciones de la Universidad de Sonora; Cajeme, en el polideportivo del Itson; Cananea, Instituto Tecnol\u00f3gico Superior; Guaymas, Instituto Tecnol\u00f3gico de Sonora; Hermosillo, en el CUM, Universidad de Sonora y 4ta. Zona Militar; Huatabampo, en Instituto Tecnol\u00f3gico; Magdalena, en la UES; Moctezuma, la Universidad de la Sierra; Navojoa, en Instituto Tecnol\u00f3gico de Sonora; Nogales, en Universidad Tecnol\u00f3gica; Puerto Pe\u00f1asco, en la secundaria 37; Sahuaripa, en CECYTES; San Luis R\u00edo Colorado, en la Universidad Tecnol\u00f3gica y en Ures en el Hospital General.<\/p>\n<p>&nbsp;<\/p>\n<p>&nbsp;<\/p>\n<p>Presentes: Jes\u00fas Epifanio Salido Pavlovich, jefe de la Oficina del Ejecutivo Estatal; Luis Becerra Hurtado, subdirector de Servicios M\u00e9dicos de Isssteson; Jos\u00e9 Ricardo Espinoza Castro, subsecretario de los Servicios de Salud en Sonora; C\u00e9sar Adalberto Salazar L\u00f3pez, secretario general del SNTE secci\u00f3n 28; Raymundo Lagarda Borb\u00f3n, secretario general del SNTE secci\u00f3n 54; Cecilio Luna Salazar, presidente de la Asociaci\u00f3n Estatal de Padres de Familia (AEPF), entre otros.<\/p>\n<p>&nbsp;<\/p>\n<p>&nbsp;<\/p>\n<p>(Publicada el 11\/05\/2021)<\/p>\n","protected":false},"excerpt":{"rendered":"<p>HERMOSILLO,SONORA.MX.\u2014 La vacunaci\u00f3n en Sonora contra COVID-19 sigue avanzando con el inicio de la aplicaci\u00f3n&#8230;<\/p>\n","protected":false},"author":1,"featured_media":113708,"comment_status":"open","ping_status":"open","sticky":false,"template":"","format":"standard","meta":{"_monsterinsights_skip_tracking":false,"_monsterinsights_sitenote_active":false,"_monsterinsights_sitenote_note":"","_monsterinsights_sitenote_category":0,"footnotes":""},"categories":[22],"tags":[],"class_list":["post"],"yoast_head":" \n<title>Sonora en Equipo. Supervisa Gobernadora inicio ordenado de vacunaci\u00f3n contra COVID-19 a personal del Sistema Educativo en Sonora Sonora<\/title>\n<meta name=\"description\" content=\"HERMOSILLO,SONORA.MX.\u2014 La vacunaci\u00f3n en Sonora contra COVID-19 sigue avanzando con el inicio de la aplicaci\u00f3n de 71 mil 800 dosis de vacuna CanSino a En Sonora en Equipo publicamos toda la informaci\u00f3n de Sonora, M\u00e9xico y el Mundo de manera oportuna y busca que la libertad de expresi\u00f3n sea real. Visita nuestro medio informativo publicado desde Hermosillo, Sonora. %\" \/>\n<meta name=\"robots\" content=\"index, follow, max-snippet:-1, max-image-preview:large, max-video-preview:-1\" \/>\n<link rel=\"canonical\" href=\"https:\/\/www.sonoraenequipo.com.mx\/supervisa-gobernadora-inicio-ordenado-de-vacunacion-contra-covid-19-a-personal-del-sistema-educativo-en-sonora\/\" \/>\n<meta property=\"og:locale\" content=\"es_ES\" \/>\n<meta property=\"og:type\" content=\"article\" \/>\n<meta property=\"og:title\" content=\"Sonora en Equipo. Supervisa Gobernadora inicio ordenado de vacunaci\u00f3n contra COVID-19 a personal del Sistema Educativo en Sonora Sonora\" \/>\n<meta property=\"og:description\" content=\"HERMOSILLO,SONORA.MX.\u2014 La vacunaci\u00f3n en Sonora contra COVID-19 sigue avanzando con el inicio de la aplicaci\u00f3n de 71 mil 800 dosis de vacuna CanSino a En Sonora en Equipo publicamos toda la informaci\u00f3n de Sonora, M\u00e9xico y el Mundo de manera oportuna y busca que la libertad de expresi\u00f3n sea real. Visita nuestro medio informativo publicado desde Hermosillo, Sonora. %\" \/>\n<meta property=\"og:url\" content=\"https:\/\/www.sonoraenequipo.com.mx\/supervisa-gobernadora-inicio-ordenado-de-vacunacion-contra-covid-19-a-personal-del-sistema-educativo-en-sonora\/\" \/>\n<meta property=\"og:site_name\" content=\"Sonora en Equipo.\" \/>\n<meta property=\"article:publisher\" content=\"https:\/\/www.facebook.com\/SonoraEE\/\" \/>\n<meta property=\"article:author\" content=\"https:\/\/www.facebook.com\/SonoraEE\" \/>\n<meta property=\"article:published_time\" content=\"2021-05-12T02:35:43+00:00\" \/>\n<meta property=\"article:modified_time\" content=\"2021-05-12T04:40:19+00:00\" \/>\n<meta property=\"og:image\" content=\"https:\/\/www.sonoraenequipo.com.mx\/storage\/2021\/05\/claudia-pavlovich-vacunacion_opt.jpg\" \/>\n\t<meta property=\"og:image:width\" content=\"601\" \/>\n\t<meta property=\"og:image:height\" content=\"400\" \/>\n\t<meta property=\"og:image:type\" content=\"image\/jpeg\" \/>\n<meta name=\"author\" content=\"enequipo\" \/>\n<meta name=\"twitter:card\" content=\"summary_large_image\" \/>\n<meta name=\"twitter:creator\" content=\"@sonoraenequipo\" \/>\n<meta name=\"twitter:site\" content=\"@sonoraenequipo\" \/>\n<meta name=\"twitter:label1\" content=\"Escrito por\" \/>\n\t<meta name=\"twitter:data1\" content=\"enequipo\" \/>\n\t<meta name=\"twitter:label2\" content=\"Tiempo de lectura\" \/>\n\t<meta name=\"twitter:data2\" content=\"3 minutos\" \/>\n<script type=\"application\/ld+json\" class=\"yoast-schema-graph\">{\"@context\":\"https:\/\/schema.org\",\"@graph\":[{\"@type\":\"Article\",\"@id\":\"https:\/\/www.sonoraenequipo.com.mx\/supervisa-gobernadora-inicio-ordenado-de-vacunacion-contra-covid-19-a-personal-del-sistema-educativo-en-sonora\/#article\",\"isPartOf\":{\"@id\":\"https:\/\/www.sonoraenequipo.com.mx\/supervisa-gobernadora-inicio-ordenado-de-vacunacion-contra-covid-19-a-personal-del-sistema-educativo-en-sonora\/\"},\"author\":{\"name\":\"enequipo\",\"@id\":\"https:\/\/www.sonoraenequipo.com.mx\/#\/schema\/person\/50102df0fb23a8fa9e8effad8fa81386\"},\"headline\":\"Supervisa Gobernadora inicio ordenado de vacunaci\u00f3n contra COVID-19 a personal del Sistema Educativo en Sonora\",\"datePublished\":\"2021-05-12T02:35:43+00:00\",\"dateModified\":\"2021-05-12T04:40:19+00:00\",\"mainEntityOfPage\":{\"@id\":\"https:\/\/www.sonoraenequipo.com.mx\/supervisa-gobernadora-inicio-ordenado-de-vacunacion-contra-covid-19-a-personal-del-sistema-educativo-en-sonora\/\"},\"wordCount\":568,\"commentCount\":0,\"publisher\":{\"@id\":\"https:\/\/www.sonoraenequipo.com.mx\/#organization\"},\"image\":{\"@id\":\"https:\/\/www.sonoraenequipo.com.mx\/supervisa-gobernadora-inicio-ordenado-de-vacunacion-contra-covid-19-a-personal-del-sistema-educativo-en-sonora\/#primaryimage\"},\"thumbnailUrl\":\"https:\/\/www.sonoraenequipo.com.mx\/storage\/2021\/05\/claudia-pavlovich-vacunacion_opt.jpg\",\"articleSection\":[\"Sonora\"],\"inLanguage\":\"es\",\"potentialAction\":[{\"@type\":\"CommentAction\",\"name\":\"Comment\",\"target\":[\"https:\/\/www.sonoraenequipo.com.mx\/supervisa-gobernadora-inicio-ordenado-de-vacunacion-contra-covid-19-a-personal-del-sistema-educativo-en-sonora\/#respond\"]}]},{\"@type\":\"WebPage\",\"@id\":\"https:\/\/www.sonoraenequipo.com.mx\/supervisa-gobernadora-inicio-ordenado-de-vacunacion-contra-covid-19-a-personal-del-sistema-educativo-en-sonora\/\",\"url\":\"https:\/\/www.sonoraenequipo.com.mx\/supervisa-gobernadora-inicio-ordenado-de-vacunacion-contra-covid-19-a-personal-del-sistema-educativo-en-sonora\/\",\"name\":\"Sonora en Equipo. Supervisa Gobernadora inicio ordenado de vacunaci\u00f3n contra COVID-19 a personal del Sistema Educativo en Sonora Sonora\",\"isPartOf\":{\"@id\":\"https:\/\/www.sonoraenequipo.com.mx\/#website\"},\"primaryImageOfPage\":{\"@id\":\"https:\/\/www.sonoraenequipo.com.mx\/supervisa-gobernadora-inicio-ordenado-de-vacunacion-contra-covid-19-a-personal-del-sistema-educativo-en-sonora\/#primaryimage\"},\"image\":{\"@id\":\"https:\/\/www.sonoraenequipo.com.mx\/supervisa-gobernadora-inicio-ordenado-de-vacunacion-contra-covid-19-a-personal-del-sistema-educativo-en-sonora\/#primaryimage\"},\"thumbnailUrl\":\"https:\/\/www.sonoraenequipo.com.mx\/storage\/2021\/05\/claudia-pavlovich-vacunacion_opt.jpg\",\"datePublished\":\"2021-05-12T02:35:43+00:00\",\"dateModified\":\"2021-05-12T04:40:19+00:00\",\"description\":\"HERMOSILLO,SONORA.MX.\u2014 La vacunaci\u00f3n en Sonora contra COVID-19 sigue avanzando con el inicio de la aplicaci\u00f3n de 71 mil 800 dosis de vacuna CanSino a En Sonora en Equipo publicamos toda la informaci\u00f3n de Sonora, M\u00e9xico y el Mundo de manera oportuna y busca que la libertad de expresi\u00f3n sea real. Visita nuestro medio informativo publicado desde Hermosillo, Sonora. %\",\"breadcrumb\":{\"@id\":\"https:\/\/www.sonoraenequipo.com.mx\/supervisa-gobernadora-inicio-ordenado-de-vacunacion-contra-covid-19-a-personal-del-sistema-educativo-en-sonora\/#breadcrumb\"},\"inLanguage\":\"es\",\"potentialAction\":[{\"@type\":\"ReadAction\",\"target\":[\"https:\/\/www.sonoraenequipo.com.mx\/supervisa-gobernadora-inicio-ordenado-de-vacunacion-contra-covid-19-a-personal-del-sistema-educativo-en-sonora\/\"]}]},{\"@type\":\"ImageObject\",\"inLanguage\":\"es\",\"@id\":\"https:\/\/www.sonoraenequipo.com.mx\/supervisa-gobernadora-inicio-ordenado-de-vacunacion-contra-covid-19-a-personal-del-sistema-educativo-en-sonora\/#primaryimage\",\"url\":\"https:\/\/www.sonoraenequipo.com.mx\/storage\/2021\/05\/claudia-pavlovich-vacunacion_opt.jpg\",\"contentUrl\":\"https:\/\/www.sonoraenequipo.com.mx\/storage\/2021\/05\/claudia-pavlovich-vacunacion_opt.jpg\",\"width\":601,\"height\":400},{\"@type\":\"BreadcrumbList\",\"@id\":\"https:\/\/www.sonoraenequipo.com.mx\/supervisa-gobernadora-inicio-ordenado-de-vacunacion-contra-covid-19-a-personal-del-sistema-educativo-en-sonora\/#breadcrumb\",\"itemListElement\":[{\"@type\":\"ListItem\",\"position\":1,\"name\":\"Portada\",\"item\":\"https:\/\/www.sonoraenequipo.com.mx\/\"},{\"@type\":\"ListItem\",\"position\":2,\"name\":\"Supervisa Gobernadora inicio ordenado de vacunaci\u00f3n contra COVID-19 a personal del Sistema Educativo en Sonora\"}]},{\"@type\":\"WebSite\",\"@id\":\"https:\/\/www.sonoraenequipo.com.mx\/#website\",\"url\":\"https:\/\/www.sonoraenequipo.com.mx\/\",\"name\":\"Sonora en Equipo.\",\"description\":\"Diario en l\u00ednea con Noticias desde Hermosillo, Sonora\",\"publisher\":{\"@id\":\"https:\/\/www.sonoraenequipo.com.mx\/#organization\"},\"potentialAction\":[{\"@type\":\"SearchAction\",\"target\":{\"@type\":\"EntryPoint\",\"urlTemplate\":\"https:\/\/www.sonoraenequipo.com.mx\/?s={search_term_string}\"},\"query-input\":{\"@type\":\"PropertyValueSpecification\",\"valueRequired\":true,\"valueName\":\"search_term_string\"}}],\"inLanguage\":\"es\"},{\"@type\":\"Organization\",\"@id\":\"https:\/\/www.sonoraenequipo.com.mx\/#organization\",\"name\":\"Sonoraenequipo.com.mx\",\"url\":\"https:\/\/www.sonoraenequipo.com.mx\/\",\"logo\":{\"@type\":\"ImageObject\",\"inLanguage\":\"es\",\"@id\":\"https:\/\/www.sonoraenequipo.com.mx\/#\/schema\/logo\/image\/\",\"url\":\"https:\/\/www.sonoraenequipo.com.mx\/storage\/2019\/01\/sonoraenequipo_opt.png\",\"contentUrl\":\"https:\/\/www.sonoraenequipo.com.mx\/storage\/2019\/01\/sonoraenequipo_opt.png\",\"width\":375,\"height\":125,\"caption\":\"Sonoraenequipo.com.mx\"},\"image\":{\"@id\":\"https:\/\/www.sonoraenequipo.com.mx\/#\/schema\/logo\/image\/\"},\"sameAs\":[\"https:\/\/www.facebook.com\/SonoraEE\/\",\"https:\/\/x.com\/sonoraenequipo\",\"https:\/\/www.youtube.com\/channel\/UC338nW-lPEYmJQs4ZABQ1SQ\"]},{\"@type\":\"Person\",\"@id\":\"https:\/\/www.sonoraenequipo.com.mx\/#\/schema\/person\/50102df0fb23a8fa9e8effad8fa81386\",\"name\":\"enequipo\",\"image\":{\"@type\":\"ImageObject\",\"inLanguage\":\"es\",\"@id\":\"https:\/\/www.sonoraenequipo.com.mx\/#\/schema\/person\/image\/\",\"url\":\"https:\/\/secure.gravatar.com\/avatar\/049821681b589dabc0bc20695993ccebb09f5b5d4d790cd9251b97faac7c652b?s=96&d=blank&r=g\",\"contentUrl\":\"https:\/\/secure.gravatar.com\/avatar\/049821681b589dabc0bc20695993ccebb09f5b5d4d790cd9251b97faac7c652b?s=96&d=blank&r=g\",\"caption\":\"enequipo\"},\"sameAs\":[\"https:\/\/www.facebook.com\/SonoraEE\"]}]}<\/script>\n ","yoast_head_json":{"title":"Sonora en Equipo. Supervisa Gobernadora inicio ordenado de vacunaci\u00f3n contra COVID-19 a personal del Sistema Educativo en Sonora Sonora","description":"HERMOSILLO,SONORA.MX.\u2014 La vacunaci\u00f3n en Sonora contra COVID-19 sigue avanzando con el inicio de la aplicaci\u00f3n de 71 mil 800 dosis de vacuna CanSino a En Sonora en Equipo publicamos toda la informaci\u00f3n de Sonora, M\u00e9xico y el Mundo de manera oportuna y busca que la libertad de expresi\u00f3n sea real. Visita nuestro medio informativo publicado desde Hermosillo, Sonora. %","robots":{"index":"index","follow":"follow","max-snippet":"max-snippet:-1","max-image-preview":"max-image-preview:large","max-video-preview":"max-video-preview:-1"},"canonical":"https:\/\/www.sonoraenequipo.com.mx\/supervisa-gobernadora-inicio-ordenado-de-vacunacion-contra-covid-19-a-personal-del-sistema-educativo-en-sonora\/","og_locale":"es_ES","og_type":"article","og_title":"Sonora en Equipo. Supervisa Gobernadora inicio ordenado de vacunaci\u00f3n contra COVID-19 a personal del Sistema Educativo en Sonora Sonora","og_description":"HERMOSILLO,SONORA.MX.\u2014 La vacunaci\u00f3n en Sonora contra COVID-19 sigue avanzando con el inicio de la aplicaci\u00f3n de 71 mil 800 dosis de vacuna CanSino a En Sonora en Equipo publicamos toda la informaci\u00f3n de Sonora, M\u00e9xico y el Mundo de manera oportuna y busca que la libertad de expresi\u00f3n sea real. Visita nuestro medio informativo publicado desde Hermosillo, Sonora. %","og_url":"https:\/\/www.sonoraenequipo.com.mx\/supervisa-gobernadora-inicio-ordenado-de-vacunacion-contra-covid-19-a-personal-del-sistema-educativo-en-sonora\/","og_site_name":"Sonora en Equipo.","article_publisher":"https:\/\/www.facebook.com\/SonoraEE\/","article_author":"https:\/\/www.facebook.com\/SonoraEE","article_published_time":"2021-05-12T02:35:43+00:00","article_modified_time":"2021-05-12T04:40:19+00:00","og_image":[{"width":601,"height":400,"url":"https:\/\/www.sonoraenequipo.com.mx\/storage\/2021\/05\/claudia-pavlovich-vacunacion_opt.jpg","type":"image\/jpeg"}],"author":"enequipo","twitter_card":"summary_large_image","twitter_creator":"@sonoraenequipo","twitter_site":"@sonoraenequipo","twitter_misc":{"Escrito por":"enequipo","Tiempo de lectura":"3 minutos"},"schema":{"@context":"https:\/\/schema.org","@graph":[{"@type":"Article","@id":"https:\/\/www.sonoraenequipo.com.mx\/supervisa-gobernadora-inicio-ordenado-de-vacunacion-contra-covid-19-a-personal-del-sistema-educativo-en-sonora\/#article","isPartOf":{"@id":"https:\/\/www.sonoraenequipo.com.mx\/supervisa-gobernadora-inicio-ordenado-de-vacunacion-contra-covid-19-a-personal-del-sistema-educativo-en-sonora\/"},"author":{"name":"enequipo","@id":"https:\/\/www.sonoraenequipo.com.mx\/#\/schema\/person\/50102df0fb23a8fa9e8effad8fa81386"},"headline":"Supervisa Gobernadora inicio ordenado de vacunaci\u00f3n contra COVID-19 a personal del Sistema Educativo en Sonora","datePublished":"2021-05-12T02:35:43+00:00","dateModified":"2021-05-12T04:40:19+00:00","mainEntityOfPage":{"@id":"https:\/\/www.sonoraenequipo.com.mx\/supervisa-gobernadora-inicio-ordenado-de-vacunacion-contra-covid-19-a-personal-del-sistema-educativo-en-sonora\/"},"wordCount":568,"commentCount":0,"publisher":{"@id":"https:\/\/www.sonoraenequipo.com.mx\/#organization"},"image":{"@id":"https:\/\/www.sonoraenequipo.com.mx\/supervisa-gobernadora-inicio-ordenado-de-vacunacion-contra-covid-19-a-personal-del-sistema-educativo-en-sonora\/#primaryimage"},"thumbnailUrl":"https:\/\/www.sonoraenequipo.com.mx\/storage\/2021\/05\/claudia-pavlovich-vacunacion_opt.jpg","articleSection":["Sonora"],"inLanguage":"es","potentialAction":[{"@type":"CommentAction","name":"Comment","target":["https:\/\/www.sonoraenequipo.com.mx\/supervisa-gobernadora-inicio-ordenado-de-vacunacion-contra-covid-19-a-personal-del-sistema-educativo-en-sonora\/#respond"]}]},{"@type":"WebPage","@id":"https:\/\/www.sonoraenequipo.com.mx\/supervisa-gobernadora-inicio-ordenado-de-vacunacion-contra-covid-19-a-personal-del-sistema-educativo-en-sonora\/","url":"https:\/\/www.sonoraenequipo.com.mx\/supervisa-gobernadora-inicio-ordenado-de-vacunacion-contra-covid-19-a-personal-del-sistema-educativo-en-sonora\/","name":"Sonora en Equipo. Supervisa Gobernadora inicio ordenado de vacunaci\u00f3n contra COVID-19 a personal del Sistema Educativo en Sonora Sonora","isPartOf":{"@id":"https:\/\/www.sonoraenequipo.com.mx\/#website"},"primaryImageOfPage":{"@id":"https:\/\/www.sonoraenequipo.com.mx\/supervisa-gobernadora-inicio-ordenado-de-vacunacion-contra-covid-19-a-personal-del-sistema-educativo-en-sonora\/#primaryimage"},"image":{"@id":"https:\/\/www.sonoraenequipo.com.mx\/supervisa-gobernadora-inicio-ordenado-de-vacunacion-contra-covid-19-a-personal-del-sistema-educativo-en-sonora\/#primaryimage"},"thumbnailUrl":"https:\/\/www.sonoraenequipo.com.mx\/storage\/2021\/05\/claudia-pavlovich-vacunacion_opt.jpg","datePublished":"2021-05-12T02:35:43+00:00","dateModified":"2021-05-12T04:40:19+00:00","description":"HERMOSILLO,SONORA.MX.\u2014 La vacunaci\u00f3n en Sonora contra COVID-19 sigue avanzando con el inicio de la aplicaci\u00f3n de 71 mil 800 dosis de vacuna CanSino a En Sonora en Equipo publicamos toda la informaci\u00f3n de Sonora, M\u00e9xico y el Mundo de manera oportuna y busca que la libertad de expresi\u00f3n sea real. Visita nuestro medio informativo publicado desde Hermosillo, Sonora. %","breadcrumb":{"@id":"https:\/\/www.sonoraenequipo.com.mx\/supervisa-gobernadora-inicio-ordenado-de-vacunacion-contra-covid-19-a-personal-del-sistema-educativo-en-sonora\/#breadcrumb"},"inLanguage":"es","potentialAction":[{"@type":"ReadAction","target":["https:\/\/www.sonoraenequipo.com.mx\/supervisa-gobernadora-inicio-ordenado-de-vacunacion-contra-covid-19-a-personal-del-sistema-educativo-en-sonora\/"]}]},{"@type":"ImageObject","inLanguage":"es","@id":"https:\/\/www.sonoraenequipo.com.mx\/supervisa-gobernadora-inicio-ordenado-de-vacunacion-contra-covid-19-a-personal-del-sistema-educativo-en-sonora\/#primaryimage","url":"https:\/\/www.sonoraenequipo.com.mx\/storage\/2021\/05\/claudia-pavlovich-vacunacion_opt.jpg","contentUrl":"https:\/\/www.sonoraenequipo.com.mx\/storage\/2021\/05\/claudia-pavlovich-vacunacion_opt.jpg","width":601,"height":400},{"@type":"BreadcrumbList","@id":"https:\/\/www.sonoraenequipo.com.mx\/supervisa-gobernadora-inicio-ordenado-de-vacunacion-contra-covid-19-a-personal-del-sistema-educativo-en-sonora\/#breadcrumb","itemListElement":[{"@type":"ListItem","position":1,"name":"Portada","item":"https:\/\/www.sonoraenequipo.com.mx\/"},{"@type":"ListItem","position":2,"name":"Supervisa Gobernadora inicio ordenado de vacunaci\u00f3n contra COVID-19 a personal del Sistema Educativo en Sonora"}]},{"@type":"WebSite","@id":"https:\/\/www.sonoraenequipo.com.mx\/#website","url":"https:\/\/www.sonoraenequipo.com.mx\/","name":"Sonora en Equipo.","description":"Diario en l\u00ednea con Noticias desde Hermosillo, Sonora","publisher":{"@id":"https:\/\/www.sonoraenequipo.com.mx\/#organization"},"potentialAction":[{"@type":"SearchAction","target":{"@type":"EntryPoint","urlTemplate":"https:\/\/www.sonoraenequipo.com.mx\/?s={search_term_string}"},"query-input":{"@type":"PropertyValueSpecification","valueRequired":true,"valueName":"search_term_string"}}],"inLanguage":"es"},{"@type":"Organization","@id":"https:\/\/www.sonoraenequipo.com.mx\/#organization","name":"Sonoraenequipo.com.mx","url":"https:\/\/www.sonoraenequipo.com.mx\/","logo":{"@type":"ImageObject","inLanguage":"es","@id":"https:\/\/www.sonoraenequipo.com.mx\/#\/schema\/logo\/image\/","url":"https:\/\/www.sonoraenequipo.com.mx\/storage\/2019\/01\/sonoraenequipo_opt.png","contentUrl":"https:\/\/www.sonoraenequipo.com.mx\/storage\/2019\/01\/sonoraenequipo_opt.png","width":375,"height":125,"caption":"Sonoraenequipo.com.mx"},"image":{"@id":"https:\/\/www.sonoraenequipo.com.mx\/#\/schema\/logo\/image\/"},"sameAs":["https:\/\/www.facebook.com\/SonoraEE\/","https:\/\/x.com\/sonoraenequipo","https:\/\/www.youtube.com\/channel\/UC338nW-lPEYmJQs4ZABQ1SQ"]},{"@type":"Person","@id":"https:\/\/www.sonoraenequipo.com.mx\/#\/schema\/person\/50102df0fb23a8fa9e8effad8fa81386","name":"enequipo","image":{"@type":"ImageObject","inLanguage":"es","@id":"https:\/\/www.sonoraenequipo.com.mx\/#\/schema\/person\/image\/","url":"https:\/\/secure.gravatar.com\/avatar\/049821681b589dabc0bc20695993ccebb09f5b5d4d790cd9251b97faac7c652b?s=96&d=blank&r=g","contentUrl":"https:\/\/secure.gravatar.com\/avatar\/049821681b589dabc0bc20695993ccebb09f5b5d4d790cd9251b97faac7c652b?s=96&d=blank&r=g","caption":"enequipo"},"sameAs":["https:\/\/www.facebook.com\/SonoraEE"]}]}},"jetpack_featured_media_url":"https:\/\/www.sonoraenequipo.com.mx\/storage\/2021\/05\/claudia-pavlovich-vacunacion_opt.jpg","_links":{"self":[{"href":"https:\/\/www.sonoraenequipo.com.mx\/api\/wp\/v2\/posts\/113729","targetHints":{"allow":["GET"]}}],"collection":[{"href":"https:\/\/www.sonoraenequipo.com.mx\/api\/wp\/v2\/posts"}],"about":[{"href":"https:\/\/www.sonoraenequipo.com.mx\/api\/wp\/v2\/types\/post"}],"author":[{"embeddable":true,"href":"https:\/\/www.sonoraenequipo.com.mx\/api\/wp\/v2\/users\/1"}],"replies":[{"embeddable":true,"href":"https:\/\/www.sonoraenequipo.com.mx\/api\/wp\/v2\/comments?post=113729"}],"version-history":[{"count":1,"href":"https:\/\/www.sonoraenequipo.com.mx\/api\/wp\/v2\/posts\/113729\/revisions"}],"predecessor-version":[{"id":113731,"href":"https:\/\/www.sonoraenequipo.com.mx\/api\/wp\/v2\/posts\/113729\/revisions\/113731"}],"wp:featuredmedia":[{"embeddable":true,"href":"https:\/\/www.sonoraenequipo.com.mx\/api\/wp\/v2\/media\/113708"}],"wp:attachment":[{"href":"https:\/\/www.sonoraenequipo.com.mx\/api\/wp\/v2\/media?parent=113729"}],"wp:term":[{"taxonomy":"category","embeddable":true,"href":"https:\/\/www.sonoraenequipo.com.mx\/api\/wp\/v2\/categories?post=113729"},{"taxonomy":"post_tag","embeddable":true,"href":"https:\/\/www.sonoraenequipo.com.mx\/api\/wp\/v2\/tags?post=113729"}],"curies":[{"name":"wp","href":"https:\/\/api.w.org\/{rel}","templated":true}]}}