{"id":113730,"date":"2021-05-11T18:40:19","date_gmt":"2021-05-12T01:40:19","guid":{"rendered":"https:\/\/www.sonoraenequipo.com.mx\/?p=113730"},"modified":"2021-05-11T21:48:55","modified_gmt":"2021-05-12T04:48:55","slug":"sigue-sonora-generando-confianza-la-ampliacion-de-la-empresa-schnellecke-logistics-es-muestra-de-ello-jorge-vidal-ahumada","status":"publish","type":"post","link":"https:\/\/www.sonoraenequipo.com.mx\/sigue-sonora-generando-confianza-la-ampliacion-de-la-empresa-schnellecke-logistics-es-muestra-de-ello-jorge-vidal-ahumada\/","title":{"rendered":"Sigue Sonora generando confianza: Jorge Vidal Ahumada"},"content":{"rendered":"<p>HERMOSILLO, SONORA.MX. \u2014 La ampliaci\u00f3n de la empresa Schnellecke Logistics es una muestra m\u00e1s de la confianza que se le tiene a Sonora, as\u00ed como la consolidaci\u00f3n de nuevos proyectos a pesar de la pandemia por COVID-19, enfatiz\u00f3 Jorge Vidal Ahumada, al atestiguar la colocaci\u00f3n de la primera piedra de la nueva nave log\u00edstica de la empresa alemana en Hermosillo, la cual tendr\u00e1 una inversi\u00f3n de 100 millones de pesos.<\/p>\n<p>&nbsp;<\/p>\n<p> <\/p>\n<p>Para que esta gran inversi\u00f3n viniera a reforzar al sector automotriz, fue decisiva la intervenci\u00f3n de la gobernadora Claudia Pavlovich a trav\u00e9s del Pacto para que Siga Sonora, en donde las ventajas competitivas que ofrece el estado, la calidad de la mano de obra, la confianza en la entidad son claves para seguir atrayendo proyectos que ayuden a reactivar la econom\u00eda sonorense, detall\u00f3 el secretario de Econom\u00eda<\/p>\n<p>&nbsp;<\/p>\n<p>Durante la ceremonia de la colocaci\u00f3n de la primera piedra de la nueva nave logistica, en la que estuvieron tambi\u00e9n Simon Hoffmann, vicepresidente de Operaciones de Schnellecke Logistics Regi\u00f3n M\u00e9xico; Mario Alberto Montiel Guzm\u00e1n, director de Operaciones de Schnellecke Logistics en Hermosillo; y de Angelica Johnson, el secretario de Econom\u00eda, indic\u00f3 que Sonora se mantiene como uno de los destinos atractivos para nuevos proyectos, a pesar de las dificultades que ha tra\u00eddo consigo la pandemia por el COVID-19.<\/p>\n<p>&nbsp;<\/p>\n<p>&nbsp;<\/p>\n<p><em><img loading=\"lazy\" decoding=\"async\" class=\"x-right  size-full\" src=\"https:\/\/www.sonoraenequipo.com.mx\/storage\/2021\/05\/Schnellecke-Logistics2_opt.jpg\" alt=\"\" width=\"601\" height=\"400\" \/>\u201cEs otra muestra m\u00e1s de la confianza que se le tiene a nuestro estado, sin duda, esto es consecuencia de la ampliaci\u00f3n de la planta Ford; Schnellecke es una empresa que ya tiene mucho tiempo ac\u00e1, pero con esta ampliaci\u00f3n e inversi\u00f3n de 100 millones de pesos, m\u00e1s los nuevos empleos es mayor productividad para el estado, y si esto lo ubicamos en la realidad que viviendo con la pandemia, pues tiene un valor extraordinario\u201d,<\/em> afirm\u00f3.<\/p>\n<p>&nbsp;<\/p>\n<p>&nbsp;<\/p>\n<p>Vidal Ahumada destac\u00f3 la confianza que ha tenido Schnellecke Logistics en la entidad y a\u00f1adi\u00f3 que es el reflejo de las virtudes que tiene Sonora en la mano de obra calificada, la paz laboral que hay y las facilidades y apoyo que otorga el Gobierno del Estado para que estos proyectos se consoliden.<\/p>\n<p>&nbsp;<\/p>\n<p>&nbsp;<\/p>\n<p>Simon Hoffmann, vicepresidente de Operaciones de Schnellecke Logistics Regi\u00f3n M\u00e9xico, mencion\u00f3 que es un sue\u00f1o hecho realidad para la empresa alemana, ya que desde su llegada a Hermosillo en 2005 se pens\u00f3 en la ampliaci\u00f3n de la producci\u00f3n e infraestructura, ya que Sonora tiene las condiciones para aterrizar proyectos ambiciosos.<\/p>\n<p>&nbsp;<\/p>\n<p><em>\u201cTenemos mucha confianza en el estado, estamos aqu\u00ed desde hace m\u00e1s de 15 a\u00f1os y hemos visto el desarrollo de Sonora, hemos visto tambi\u00e9n las grandes inversiones que est\u00e1n haci\u00e9ndose actualmente en Sonora y Hermosillo, muchos de nuestros vecinos tambi\u00e9n se est\u00e1n ampliando, todo el mundo y nosotros tambi\u00e9n estamos apostando al futuro de esta ciudad\u201d<\/em>, expres\u00f3.<\/p>\n<p>&nbsp;<\/p>\n<p>&nbsp;<\/p>\n<p>Mario Alberto Montiel Guzm\u00e1n, director de Operaciones de Schnellecke Logistics en Hermosillo, detall\u00f3 que en dos meses estar\u00e1 lista la nueva nave log\u00edstica, la cual tendr\u00e1 una inversi\u00f3n de 100 millones de pesos y generar\u00e1 70 nuevos empleos, que se sumar\u00e1n a los m\u00e1s de 180 que tienen en la actualidad.<\/p>\n<p>&nbsp;<\/p>\n<p>&nbsp;<\/p>\n<p>(Publicada el 11\/05\/2021)<\/p>\n","protected":false},"excerpt":{"rendered":"<p>HERMOSILLO, SONORA.MX. \u2014 La ampliaci\u00f3n de la empresa Schnellecke Logistics es una muestra m\u00e1s de&#8230;<\/p>\n","protected":false},"author":1,"featured_media":113701,"comment_status":"open","ping_status":"open","sticky":false,"template":"","format":"standard","meta":{"_monsterinsights_skip_tracking":false,"_monsterinsights_sitenote_active":false,"_monsterinsights_sitenote_note":"","_monsterinsights_sitenote_category":0,"footnotes":""},"categories":[22],"tags":[],"class_list":["post"],"yoast_head":" \n<title>Sonora en Equipo. Sigue Sonora generando confianza: Jorge Vidal Ahumada Sonora<\/title>\n<meta name=\"description\" content=\"HERMOSILLO, SONORA.MX. \u2014 La ampliaci\u00f3n de la empresa Schnellecke Logistics es una muestra m\u00e1s de la confianza que se le tiene a Sonora, as\u00ed como la En Sonora en Equipo publicamos toda la informaci\u00f3n de Sonora, M\u00e9xico y el Mundo de manera oportuna y busca que la libertad de expresi\u00f3n sea real. Visita nuestro medio informativo publicado desde Hermosillo, Sonora. %\" \/>\n<meta name=\"robots\" content=\"index, follow, max-snippet:-1, max-image-preview:large, max-video-preview:-1\" \/>\n<link rel=\"canonical\" href=\"https:\/\/www.sonoraenequipo.com.mx\/sigue-sonora-generando-confianza-la-ampliacion-de-la-empresa-schnellecke-logistics-es-muestra-de-ello-jorge-vidal-ahumada\/\" \/>\n<meta property=\"og:locale\" content=\"es_ES\" \/>\n<meta property=\"og:type\" content=\"article\" \/>\n<meta property=\"og:title\" content=\"Sonora en Equipo. Sigue Sonora generando confianza: Jorge Vidal Ahumada Sonora\" \/>\n<meta property=\"og:description\" content=\"HERMOSILLO, SONORA.MX. \u2014 La ampliaci\u00f3n de la empresa Schnellecke Logistics es una muestra m\u00e1s de la confianza que se le tiene a Sonora, as\u00ed como la En Sonora en Equipo publicamos toda la informaci\u00f3n de Sonora, M\u00e9xico y el Mundo de manera oportuna y busca que la libertad de expresi\u00f3n sea real. Visita nuestro medio informativo publicado desde Hermosillo, Sonora. %\" \/>\n<meta property=\"og:url\" content=\"https:\/\/www.sonoraenequipo.com.mx\/sigue-sonora-generando-confianza-la-ampliacion-de-la-empresa-schnellecke-logistics-es-muestra-de-ello-jorge-vidal-ahumada\/\" \/>\n<meta property=\"og:site_name\" content=\"Sonora en Equipo.\" \/>\n<meta property=\"article:publisher\" content=\"https:\/\/www.facebook.com\/SonoraEE\/\" \/>\n<meta property=\"article:author\" content=\"https:\/\/www.facebook.com\/SonoraEE\" \/>\n<meta property=\"article:published_time\" content=\"2021-05-12T01:40:19+00:00\" \/>\n<meta property=\"article:modified_time\" content=\"2021-05-12T04:48:55+00:00\" \/>\n<meta property=\"og:image\" content=\"https:\/\/www.sonoraenequipo.com.mx\/storage\/2021\/05\/Schnellecke-Logistics_opt.jpg\" \/>\n\t<meta property=\"og:image:width\" content=\"714\" \/>\n\t<meta property=\"og:image:height\" content=\"500\" \/>\n\t<meta property=\"og:image:type\" content=\"image\/jpeg\" \/>\n<meta name=\"author\" content=\"enequipo\" \/>\n<meta name=\"twitter:card\" content=\"summary_large_image\" \/>\n<meta name=\"twitter:creator\" content=\"@sonoraenequipo\" \/>\n<meta name=\"twitter:site\" content=\"@sonoraenequipo\" \/>\n<meta name=\"twitter:label1\" content=\"Escrito por\" \/>\n\t<meta name=\"twitter:data1\" content=\"enequipo\" \/>\n\t<meta name=\"twitter:label2\" content=\"Tiempo de lectura\" \/>\n\t<meta name=\"twitter:data2\" content=\"3 minutos\" \/>\n<script type=\"application\/ld+json\" class=\"yoast-schema-graph\">{\"@context\":\"https:\/\/schema.org\",\"@graph\":[{\"@type\":\"Article\",\"@id\":\"https:\/\/www.sonoraenequipo.com.mx\/sigue-sonora-generando-confianza-la-ampliacion-de-la-empresa-schnellecke-logistics-es-muestra-de-ello-jorge-vidal-ahumada\/#article\",\"isPartOf\":{\"@id\":\"https:\/\/www.sonoraenequipo.com.mx\/sigue-sonora-generando-confianza-la-ampliacion-de-la-empresa-schnellecke-logistics-es-muestra-de-ello-jorge-vidal-ahumada\/\"},\"author\":{\"name\":\"enequipo\",\"@id\":\"https:\/\/www.sonoraenequipo.com.mx\/#\/schema\/person\/50102df0fb23a8fa9e8effad8fa81386\"},\"headline\":\"Sigue Sonora generando confianza: Jorge Vidal Ahumada\",\"datePublished\":\"2021-05-12T01:40:19+00:00\",\"dateModified\":\"2021-05-12T04:48:55+00:00\",\"mainEntityOfPage\":{\"@id\":\"https:\/\/www.sonoraenequipo.com.mx\/sigue-sonora-generando-confianza-la-ampliacion-de-la-empresa-schnellecke-logistics-es-muestra-de-ello-jorge-vidal-ahumada\/\"},\"wordCount\":559,\"commentCount\":0,\"publisher\":{\"@id\":\"https:\/\/www.sonoraenequipo.com.mx\/#organization\"},\"image\":{\"@id\":\"https:\/\/www.sonoraenequipo.com.mx\/sigue-sonora-generando-confianza-la-ampliacion-de-la-empresa-schnellecke-logistics-es-muestra-de-ello-jorge-vidal-ahumada\/#primaryimage\"},\"thumbnailUrl\":\"https:\/\/www.sonoraenequipo.com.mx\/storage\/2021\/05\/Schnellecke-Logistics_opt.jpg\",\"articleSection\":[\"Sonora\"],\"inLanguage\":\"es\",\"potentialAction\":[{\"@type\":\"CommentAction\",\"name\":\"Comment\",\"target\":[\"https:\/\/www.sonoraenequipo.com.mx\/sigue-sonora-generando-confianza-la-ampliacion-de-la-empresa-schnellecke-logistics-es-muestra-de-ello-jorge-vidal-ahumada\/#respond\"]}]},{\"@type\":\"WebPage\",\"@id\":\"https:\/\/www.sonoraenequipo.com.mx\/sigue-sonora-generando-confianza-la-ampliacion-de-la-empresa-schnellecke-logistics-es-muestra-de-ello-jorge-vidal-ahumada\/\",\"url\":\"https:\/\/www.sonoraenequipo.com.mx\/sigue-sonora-generando-confianza-la-ampliacion-de-la-empresa-schnellecke-logistics-es-muestra-de-ello-jorge-vidal-ahumada\/\",\"name\":\"Sonora en Equipo. Sigue Sonora generando confianza: Jorge Vidal Ahumada Sonora\",\"isPartOf\":{\"@id\":\"https:\/\/www.sonoraenequipo.com.mx\/#website\"},\"primaryImageOfPage\":{\"@id\":\"https:\/\/www.sonoraenequipo.com.mx\/sigue-sonora-generando-confianza-la-ampliacion-de-la-empresa-schnellecke-logistics-es-muestra-de-ello-jorge-vidal-ahumada\/#primaryimage\"},\"image\":{\"@id\":\"https:\/\/www.sonoraenequipo.com.mx\/sigue-sonora-generando-confianza-la-ampliacion-de-la-empresa-schnellecke-logistics-es-muestra-de-ello-jorge-vidal-ahumada\/#primaryimage\"},\"thumbnailUrl\":\"https:\/\/www.sonoraenequipo.com.mx\/storage\/2021\/05\/Schnellecke-Logistics_opt.jpg\",\"datePublished\":\"2021-05-12T01:40:19+00:00\",\"dateModified\":\"2021-05-12T04:48:55+00:00\",\"description\":\"HERMOSILLO, SONORA.MX. \u2014 La ampliaci\u00f3n de la empresa Schnellecke Logistics es una muestra m\u00e1s de la confianza que se le tiene a Sonora, as\u00ed como la En Sonora en Equipo publicamos toda la informaci\u00f3n de Sonora, M\u00e9xico y el Mundo de manera oportuna y busca que la libertad de expresi\u00f3n sea real. Visita nuestro medio informativo publicado desde Hermosillo, Sonora. %\",\"breadcrumb\":{\"@id\":\"https:\/\/www.sonoraenequipo.com.mx\/sigue-sonora-generando-confianza-la-ampliacion-de-la-empresa-schnellecke-logistics-es-muestra-de-ello-jorge-vidal-ahumada\/#breadcrumb\"},\"inLanguage\":\"es\",\"potentialAction\":[{\"@type\":\"ReadAction\",\"target\":[\"https:\/\/www.sonoraenequipo.com.mx\/sigue-sonora-generando-confianza-la-ampliacion-de-la-empresa-schnellecke-logistics-es-muestra-de-ello-jorge-vidal-ahumada\/\"]}]},{\"@type\":\"ImageObject\",\"inLanguage\":\"es\",\"@id\":\"https:\/\/www.sonoraenequipo.com.mx\/sigue-sonora-generando-confianza-la-ampliacion-de-la-empresa-schnellecke-logistics-es-muestra-de-ello-jorge-vidal-ahumada\/#primaryimage\",\"url\":\"https:\/\/www.sonoraenequipo.com.mx\/storage\/2021\/05\/Schnellecke-Logistics_opt.jpg\",\"contentUrl\":\"https:\/\/www.sonoraenequipo.com.mx\/storage\/2021\/05\/Schnellecke-Logistics_opt.jpg\",\"width\":714,\"height\":500},{\"@type\":\"BreadcrumbList\",\"@id\":\"https:\/\/www.sonoraenequipo.com.mx\/sigue-sonora-generando-confianza-la-ampliacion-de-la-empresa-schnellecke-logistics-es-muestra-de-ello-jorge-vidal-ahumada\/#breadcrumb\",\"itemListElement\":[{\"@type\":\"ListItem\",\"position\":1,\"name\":\"Portada\",\"item\":\"https:\/\/www.sonoraenequipo.com.mx\/\"},{\"@type\":\"ListItem\",\"position\":2,\"name\":\"Sigue Sonora generando confianza: Jorge Vidal Ahumada\"}]},{\"@type\":\"WebSite\",\"@id\":\"https:\/\/www.sonoraenequipo.com.mx\/#website\",\"url\":\"https:\/\/www.sonoraenequipo.com.mx\/\",\"name\":\"Sonora en Equipo.\",\"description\":\"Diario en l\u00ednea con Noticias desde Hermosillo, Sonora\",\"publisher\":{\"@id\":\"https:\/\/www.sonoraenequipo.com.mx\/#organization\"},\"potentialAction\":[{\"@type\":\"SearchAction\",\"target\":{\"@type\":\"EntryPoint\",\"urlTemplate\":\"https:\/\/www.sonoraenequipo.com.mx\/?s={search_term_string}\"},\"query-input\":{\"@type\":\"PropertyValueSpecification\",\"valueRequired\":true,\"valueName\":\"search_term_string\"}}],\"inLanguage\":\"es\"},{\"@type\":\"Organization\",\"@id\":\"https:\/\/www.sonoraenequipo.com.mx\/#organization\",\"name\":\"Sonoraenequipo.com.mx\",\"url\":\"https:\/\/www.sonoraenequipo.com.mx\/\",\"logo\":{\"@type\":\"ImageObject\",\"inLanguage\":\"es\",\"@id\":\"https:\/\/www.sonoraenequipo.com.mx\/#\/schema\/logo\/image\/\",\"url\":\"https:\/\/www.sonoraenequipo.com.mx\/storage\/2019\/01\/sonoraenequipo_opt.png\",\"contentUrl\":\"https:\/\/www.sonoraenequipo.com.mx\/storage\/2019\/01\/sonoraenequipo_opt.png\",\"width\":375,\"height\":125,\"caption\":\"Sonoraenequipo.com.mx\"},\"image\":{\"@id\":\"https:\/\/www.sonoraenequipo.com.mx\/#\/schema\/logo\/image\/\"},\"sameAs\":[\"https:\/\/www.facebook.com\/SonoraEE\/\",\"https:\/\/x.com\/sonoraenequipo\",\"https:\/\/www.youtube.com\/channel\/UC338nW-lPEYmJQs4ZABQ1SQ\"]},{\"@type\":\"Person\",\"@id\":\"https:\/\/www.sonoraenequipo.com.mx\/#\/schema\/person\/50102df0fb23a8fa9e8effad8fa81386\",\"name\":\"enequipo\",\"image\":{\"@type\":\"ImageObject\",\"inLanguage\":\"es\",\"@id\":\"https:\/\/www.sonoraenequipo.com.mx\/#\/schema\/person\/image\/\",\"url\":\"https:\/\/secure.gravatar.com\/avatar\/049821681b589dabc0bc20695993ccebb09f5b5d4d790cd9251b97faac7c652b?s=96&d=blank&r=g\",\"contentUrl\":\"https:\/\/secure.gravatar.com\/avatar\/049821681b589dabc0bc20695993ccebb09f5b5d4d790cd9251b97faac7c652b?s=96&d=blank&r=g\",\"caption\":\"enequipo\"},\"sameAs\":[\"https:\/\/www.facebook.com\/SonoraEE\"]}]}<\/script>\n ","yoast_head_json":{"title":"Sonora en Equipo. Sigue Sonora generando confianza: Jorge Vidal Ahumada Sonora","description":"HERMOSILLO, SONORA.MX. \u2014 La ampliaci\u00f3n de la empresa Schnellecke Logistics es una muestra m\u00e1s de la confianza que se le tiene a Sonora, as\u00ed como la En Sonora en Equipo publicamos toda la informaci\u00f3n de Sonora, M\u00e9xico y el Mundo de manera oportuna y busca que la libertad de expresi\u00f3n sea real. Visita nuestro medio informativo publicado desde Hermosillo, Sonora. %","robots":{"index":"index","follow":"follow","max-snippet":"max-snippet:-1","max-image-preview":"max-image-preview:large","max-video-preview":"max-video-preview:-1"},"canonical":"https:\/\/www.sonoraenequipo.com.mx\/sigue-sonora-generando-confianza-la-ampliacion-de-la-empresa-schnellecke-logistics-es-muestra-de-ello-jorge-vidal-ahumada\/","og_locale":"es_ES","og_type":"article","og_title":"Sonora en Equipo. Sigue Sonora generando confianza: Jorge Vidal Ahumada Sonora","og_description":"HERMOSILLO, SONORA.MX. \u2014 La ampliaci\u00f3n de la empresa Schnellecke Logistics es una muestra m\u00e1s de la confianza que se le tiene a Sonora, as\u00ed como la En Sonora en Equipo publicamos toda la informaci\u00f3n de Sonora, M\u00e9xico y el Mundo de manera oportuna y busca que la libertad de expresi\u00f3n sea real. Visita nuestro medio informativo publicado desde Hermosillo, Sonora. %","og_url":"https:\/\/www.sonoraenequipo.com.mx\/sigue-sonora-generando-confianza-la-ampliacion-de-la-empresa-schnellecke-logistics-es-muestra-de-ello-jorge-vidal-ahumada\/","og_site_name":"Sonora en Equipo.","article_publisher":"https:\/\/www.facebook.com\/SonoraEE\/","article_author":"https:\/\/www.facebook.com\/SonoraEE","article_published_time":"2021-05-12T01:40:19+00:00","article_modified_time":"2021-05-12T04:48:55+00:00","og_image":[{"width":714,"height":500,"url":"https:\/\/www.sonoraenequipo.com.mx\/storage\/2021\/05\/Schnellecke-Logistics_opt.jpg","type":"image\/jpeg"}],"author":"enequipo","twitter_card":"summary_large_image","twitter_creator":"@sonoraenequipo","twitter_site":"@sonoraenequipo","twitter_misc":{"Escrito por":"enequipo","Tiempo de lectura":"3 minutos"},"schema":{"@context":"https:\/\/schema.org","@graph":[{"@type":"Article","@id":"https:\/\/www.sonoraenequipo.com.mx\/sigue-sonora-generando-confianza-la-ampliacion-de-la-empresa-schnellecke-logistics-es-muestra-de-ello-jorge-vidal-ahumada\/#article","isPartOf":{"@id":"https:\/\/www.sonoraenequipo.com.mx\/sigue-sonora-generando-confianza-la-ampliacion-de-la-empresa-schnellecke-logistics-es-muestra-de-ello-jorge-vidal-ahumada\/"},"author":{"name":"enequipo","@id":"https:\/\/www.sonoraenequipo.com.mx\/#\/schema\/person\/50102df0fb23a8fa9e8effad8fa81386"},"headline":"Sigue Sonora generando confianza: Jorge Vidal Ahumada","datePublished":"2021-05-12T01:40:19+00:00","dateModified":"2021-05-12T04:48:55+00:00","mainEntityOfPage":{"@id":"https:\/\/www.sonoraenequipo.com.mx\/sigue-sonora-generando-confianza-la-ampliacion-de-la-empresa-schnellecke-logistics-es-muestra-de-ello-jorge-vidal-ahumada\/"},"wordCount":559,"commentCount":0,"publisher":{"@id":"https:\/\/www.sonoraenequipo.com.mx\/#organization"},"image":{"@id":"https:\/\/www.sonoraenequipo.com.mx\/sigue-sonora-generando-confianza-la-ampliacion-de-la-empresa-schnellecke-logistics-es-muestra-de-ello-jorge-vidal-ahumada\/#primaryimage"},"thumbnailUrl":"https:\/\/www.sonoraenequipo.com.mx\/storage\/2021\/05\/Schnellecke-Logistics_opt.jpg","articleSection":["Sonora"],"inLanguage":"es","potentialAction":[{"@type":"CommentAction","name":"Comment","target":["https:\/\/www.sonoraenequipo.com.mx\/sigue-sonora-generando-confianza-la-ampliacion-de-la-empresa-schnellecke-logistics-es-muestra-de-ello-jorge-vidal-ahumada\/#respond"]}]},{"@type":"WebPage","@id":"https:\/\/www.sonoraenequipo.com.mx\/sigue-sonora-generando-confianza-la-ampliacion-de-la-empresa-schnellecke-logistics-es-muestra-de-ello-jorge-vidal-ahumada\/","url":"https:\/\/www.sonoraenequipo.com.mx\/sigue-sonora-generando-confianza-la-ampliacion-de-la-empresa-schnellecke-logistics-es-muestra-de-ello-jorge-vidal-ahumada\/","name":"Sonora en Equipo. Sigue Sonora generando confianza: Jorge Vidal Ahumada Sonora","isPartOf":{"@id":"https:\/\/www.sonoraenequipo.com.mx\/#website"},"primaryImageOfPage":{"@id":"https:\/\/www.sonoraenequipo.com.mx\/sigue-sonora-generando-confianza-la-ampliacion-de-la-empresa-schnellecke-logistics-es-muestra-de-ello-jorge-vidal-ahumada\/#primaryimage"},"image":{"@id":"https:\/\/www.sonoraenequipo.com.mx\/sigue-sonora-generando-confianza-la-ampliacion-de-la-empresa-schnellecke-logistics-es-muestra-de-ello-jorge-vidal-ahumada\/#primaryimage"},"thumbnailUrl":"https:\/\/www.sonoraenequipo.com.mx\/storage\/2021\/05\/Schnellecke-Logistics_opt.jpg","datePublished":"2021-05-12T01:40:19+00:00","dateModified":"2021-05-12T04:48:55+00:00","description":"HERMOSILLO, SONORA.MX. \u2014 La ampliaci\u00f3n de la empresa Schnellecke Logistics es una muestra m\u00e1s de la confianza que se le tiene a Sonora, as\u00ed como la En Sonora en Equipo publicamos toda la informaci\u00f3n de Sonora, M\u00e9xico y el Mundo de manera oportuna y busca que la libertad de expresi\u00f3n sea real. Visita nuestro medio informativo publicado desde Hermosillo, Sonora. %","breadcrumb":{"@id":"https:\/\/www.sonoraenequipo.com.mx\/sigue-sonora-generando-confianza-la-ampliacion-de-la-empresa-schnellecke-logistics-es-muestra-de-ello-jorge-vidal-ahumada\/#breadcrumb"},"inLanguage":"es","potentialAction":[{"@type":"ReadAction","target":["https:\/\/www.sonoraenequipo.com.mx\/sigue-sonora-generando-confianza-la-ampliacion-de-la-empresa-schnellecke-logistics-es-muestra-de-ello-jorge-vidal-ahumada\/"]}]},{"@type":"ImageObject","inLanguage":"es","@id":"https:\/\/www.sonoraenequipo.com.mx\/sigue-sonora-generando-confianza-la-ampliacion-de-la-empresa-schnellecke-logistics-es-muestra-de-ello-jorge-vidal-ahumada\/#primaryimage","url":"https:\/\/www.sonoraenequipo.com.mx\/storage\/2021\/05\/Schnellecke-Logistics_opt.jpg","contentUrl":"https:\/\/www.sonoraenequipo.com.mx\/storage\/2021\/05\/Schnellecke-Logistics_opt.jpg","width":714,"height":500},{"@type":"BreadcrumbList","@id":"https:\/\/www.sonoraenequipo.com.mx\/sigue-sonora-generando-confianza-la-ampliacion-de-la-empresa-schnellecke-logistics-es-muestra-de-ello-jorge-vidal-ahumada\/#breadcrumb","itemListElement":[{"@type":"ListItem","position":1,"name":"Portada","item":"https:\/\/www.sonoraenequipo.com.mx\/"},{"@type":"ListItem","position":2,"name":"Sigue Sonora generando confianza: Jorge Vidal Ahumada"}]},{"@type":"WebSite","@id":"https:\/\/www.sonoraenequipo.com.mx\/#website","url":"https:\/\/www.sonoraenequipo.com.mx\/","name":"Sonora en Equipo.","description":"Diario en l\u00ednea con Noticias desde Hermosillo, Sonora","publisher":{"@id":"https:\/\/www.sonoraenequipo.com.mx\/#organization"},"potentialAction":[{"@type":"SearchAction","target":{"@type":"EntryPoint","urlTemplate":"https:\/\/www.sonoraenequipo.com.mx\/?s={search_term_string}"},"query-input":{"@type":"PropertyValueSpecification","valueRequired":true,"valueName":"search_term_string"}}],"inLanguage":"es"},{"@type":"Organization","@id":"https:\/\/www.sonoraenequipo.com.mx\/#organization","name":"Sonoraenequipo.com.mx","url":"https:\/\/www.sonoraenequipo.com.mx\/","logo":{"@type":"ImageObject","inLanguage":"es","@id":"https:\/\/www.sonoraenequipo.com.mx\/#\/schema\/logo\/image\/","url":"https:\/\/www.sonoraenequipo.com.mx\/storage\/2019\/01\/sonoraenequipo_opt.png","contentUrl":"https:\/\/www.sonoraenequipo.com.mx\/storage\/2019\/01\/sonoraenequipo_opt.png","width":375,"height":125,"caption":"Sonoraenequipo.com.mx"},"image":{"@id":"https:\/\/www.sonoraenequipo.com.mx\/#\/schema\/logo\/image\/"},"sameAs":["https:\/\/www.facebook.com\/SonoraEE\/","https:\/\/x.com\/sonoraenequipo","https:\/\/www.youtube.com\/channel\/UC338nW-lPEYmJQs4ZABQ1SQ"]},{"@type":"Person","@id":"https:\/\/www.sonoraenequipo.com.mx\/#\/schema\/person\/50102df0fb23a8fa9e8effad8fa81386","name":"enequipo","image":{"@type":"ImageObject","inLanguage":"es","@id":"https:\/\/www.sonoraenequipo.com.mx\/#\/schema\/person\/image\/","url":"https:\/\/secure.gravatar.com\/avatar\/049821681b589dabc0bc20695993ccebb09f5b5d4d790cd9251b97faac7c652b?s=96&d=blank&r=g","contentUrl":"https:\/\/secure.gravatar.com\/avatar\/049821681b589dabc0bc20695993ccebb09f5b5d4d790cd9251b97faac7c652b?s=96&d=blank&r=g","caption":"enequipo"},"sameAs":["https:\/\/www.facebook.com\/SonoraEE"]}]}},"jetpack_featured_media_url":"https:\/\/www.sonoraenequipo.com.mx\/storage\/2021\/05\/Schnellecke-Logistics_opt.jpg","_links":{"self":[{"href":"https:\/\/www.sonoraenequipo.com.mx\/api\/wp\/v2\/posts\/113730","targetHints":{"allow":["GET"]}}],"collection":[{"href":"https:\/\/www.sonoraenequipo.com.mx\/api\/wp\/v2\/posts"}],"about":[{"href":"https:\/\/www.sonoraenequipo.com.mx\/api\/wp\/v2\/types\/post"}],"author":[{"embeddable":true,"href":"https:\/\/www.sonoraenequipo.com.mx\/api\/wp\/v2\/users\/1"}],"replies":[{"embeddable":true,"href":"https:\/\/www.sonoraenequipo.com.mx\/api\/wp\/v2\/comments?post=113730"}],"version-history":[{"count":2,"href":"https:\/\/www.sonoraenequipo.com.mx\/api\/wp\/v2\/posts\/113730\/revisions"}],"predecessor-version":[{"id":113733,"href":"https:\/\/www.sonoraenequipo.com.mx\/api\/wp\/v2\/posts\/113730\/revisions\/113733"}],"wp:featuredmedia":[{"embeddable":true,"href":"https:\/\/www.sonoraenequipo.com.mx\/api\/wp\/v2\/media\/113701"}],"wp:attachment":[{"href":"https:\/\/www.sonoraenequipo.com.mx\/api\/wp\/v2\/media?parent=113730"}],"wp:term":[{"taxonomy":"category","embeddable":true,"href":"https:\/\/www.sonoraenequipo.com.mx\/api\/wp\/v2\/categories?post=113730"},{"taxonomy":"post_tag","embeddable":true,"href":"https:\/\/www.sonoraenequipo.com.mx\/api\/wp\/v2\/tags?post=113730"}],"curies":[{"name":"wp","href":"https:\/\/api.w.org\/{rel}","templated":true}]}}