{"id":113734,"date":"2021-05-11T14:49:11","date_gmt":"2021-05-11T21:49:11","guid":{"rendered":"https:\/\/www.sonoraenequipo.com.mx\/?p=113734"},"modified":"2021-05-11T21:53:23","modified_gmt":"2021-05-12T04:53:23","slug":"disminuir-la-brecha-digital-es-un-tema-que-importa-y-que-atendere-desde-el-congreso-manuel-puebla","status":"publish","type":"post","link":"https:\/\/www.sonoraenequipo.com.mx\/disminuir-la-brecha-digital-es-un-tema-que-importa-y-que-atendere-desde-el-congreso-manuel-puebla\/","title":{"rendered":"Disminuir la brecha digital es un tema que importa y que atender\u00e9 desde el Congreso: Manuel Puebla"},"content":{"rendered":"<p>HERMOSILLO, SONORA. MX. \u2014 Para mejorar la calidad de vida de las familias, Manuel Puebla legislar\u00e1 presupuesto para instalar plazas digitales en las colonias.<\/p>\n<p>&nbsp;<\/p>\n<p> <\/p>\n<p>&nbsp;<\/p>\n<p>Luego de resaltar que la digitalizaci\u00f3n no se est\u00e1 dando por igual, generando un desequilibrio entre los ciudadanos, el Candidato a Diputado Local por el Distrito XI subray\u00f3 que su propuesta es buscar presupuesto para que las familias tengan acceso a internet gratuito.<\/p>\n<p>&nbsp;<\/p>\n<p>&nbsp;<\/p>\n<p><em>\u00abHaremos lo que importa que es impulsar el programa de Plazas Digitales, para que las personas tengan acceso a internet y acortar la brecha digital\u00bb,<\/em> mencion\u00f3.<\/p>\n<p>&nbsp;<\/p>\n<p>&nbsp;<\/p>\n<p>Manuel Puebla asegur\u00f3 que el contar con internet, aumentar\u00e1 la alfabetizaci\u00f3n digital, gracias a que ni\u00f1os, j\u00f3venes y adultos podr\u00e1n aprovechar el potencial educativo, econ\u00f3mico y social de la tecnolog\u00eda.<\/p>\n<p>&nbsp;<\/p>\n<p>&nbsp;<\/p>\n<p>Agreg\u00f3 que la pandemia por Covid19 mostr\u00f3 la importancia de estudiar, trabajar y hasta convivir a trav\u00e9s de la tecnolog\u00eda, para salir adelante.<\/p>\n<p>&nbsp;<\/p>\n<p>&nbsp;<\/p>\n<p><em>\u00abEste apoyo permitir\u00e1 hacer lo que importa por la gente que no cuenta con recursos para pagar el servicio de internet, pero principalmente acortar la persistente brecha digital\u00bb<\/em>, puntualiz\u00f3.<\/p>\n<p>&nbsp;<\/p>\n<p>&nbsp;<\/p>\n<p>(Publicada el 11\/05\/2021)<\/p>\n","protected":false},"excerpt":{"rendered":"<p>HERMOSILLO, SONORA. MX. \u2014 Para mejorar la calidad de vida de las familias, Manuel Puebla&#8230;<\/p>\n","protected":false},"author":1,"featured_media":113713,"comment_status":"open","ping_status":"open","sticky":false,"template":"","format":"standard","meta":{"_monsterinsights_skip_tracking":false,"_monsterinsights_sitenote_active":false,"_monsterinsights_sitenote_note":"","_monsterinsights_sitenote_category":0,"footnotes":""},"categories":[8],"tags":[],"class_list":["post"],"yoast_head":" \n<title>Sonora en Equipo. Disminuir la brecha digital es un tema que importa y que atender\u00e9 desde el Congreso: Manuel Puebla LA ELECCION 2024<\/title>\n<meta name=\"description\" content=\"HERMOSILLO, SONORA. MX. \u2014 Para mejorar la calidad de vida de las familias, Manuel Puebla legislar\u00e1 presupuesto para instalar plazas digitales en las En Sonora en Equipo publicamos toda la informaci\u00f3n de Sonora, M\u00e9xico y el Mundo de manera oportuna y busca que la libertad de expresi\u00f3n sea real. Visita nuestro medio informativo publicado desde Hermosillo, Sonora. %\" \/>\n<meta name=\"robots\" content=\"index, follow, max-snippet:-1, max-image-preview:large, max-video-preview:-1\" \/>\n<link rel=\"canonical\" href=\"https:\/\/www.sonoraenequipo.com.mx\/disminuir-la-brecha-digital-es-un-tema-que-importa-y-que-atendere-desde-el-congreso-manuel-puebla\/\" \/>\n<meta property=\"og:locale\" content=\"es_ES\" \/>\n<meta property=\"og:type\" content=\"article\" \/>\n<meta property=\"og:title\" content=\"Sonora en Equipo. Disminuir la brecha digital es un tema que importa y que atender\u00e9 desde el Congreso: Manuel Puebla LA ELECCION 2024\" \/>\n<meta property=\"og:description\" content=\"HERMOSILLO, SONORA. MX. \u2014 Para mejorar la calidad de vida de las familias, Manuel Puebla legislar\u00e1 presupuesto para instalar plazas digitales en las En Sonora en Equipo publicamos toda la informaci\u00f3n de Sonora, M\u00e9xico y el Mundo de manera oportuna y busca que la libertad de expresi\u00f3n sea real. Visita nuestro medio informativo publicado desde Hermosillo, Sonora. %\" \/>\n<meta property=\"og:url\" content=\"https:\/\/www.sonoraenequipo.com.mx\/disminuir-la-brecha-digital-es-un-tema-que-importa-y-que-atendere-desde-el-congreso-manuel-puebla\/\" \/>\n<meta property=\"og:site_name\" content=\"Sonora en Equipo.\" \/>\n<meta property=\"article:publisher\" content=\"https:\/\/www.facebook.com\/SonoraEE\/\" \/>\n<meta property=\"article:author\" content=\"https:\/\/www.facebook.com\/SonoraEE\" \/>\n<meta property=\"article:published_time\" content=\"2021-05-11T21:49:11+00:00\" \/>\n<meta property=\"article:modified_time\" content=\"2021-05-12T04:53:23+00:00\" \/>\n<meta property=\"og:image\" content=\"https:\/\/www.sonoraenequipo.com.mx\/storage\/2021\/05\/manuel-puebla-en-campana_opt.jpg\" \/>\n\t<meta property=\"og:image:width\" content=\"600\" \/>\n\t<meta property=\"og:image:height\" content=\"400\" \/>\n\t<meta property=\"og:image:type\" content=\"image\/jpeg\" \/>\n<meta name=\"author\" content=\"enequipo\" \/>\n<meta name=\"twitter:card\" content=\"summary_large_image\" \/>\n<meta name=\"twitter:creator\" content=\"@sonoraenequipo\" \/>\n<meta name=\"twitter:site\" content=\"@sonoraenequipo\" \/>\n<meta name=\"twitter:label1\" content=\"Escrito por\" \/>\n\t<meta name=\"twitter:data1\" content=\"enequipo\" \/>\n\t<meta name=\"twitter:label2\" content=\"Tiempo de lectura\" \/>\n\t<meta name=\"twitter:data2\" content=\"1 minuto\" \/>\n<script type=\"application\/ld+json\" class=\"yoast-schema-graph\">{\"@context\":\"https:\/\/schema.org\",\"@graph\":[{\"@type\":\"Article\",\"@id\":\"https:\/\/www.sonoraenequipo.com.mx\/disminuir-la-brecha-digital-es-un-tema-que-importa-y-que-atendere-desde-el-congreso-manuel-puebla\/#article\",\"isPartOf\":{\"@id\":\"https:\/\/www.sonoraenequipo.com.mx\/disminuir-la-brecha-digital-es-un-tema-que-importa-y-que-atendere-desde-el-congreso-manuel-puebla\/\"},\"author\":{\"name\":\"enequipo\",\"@id\":\"https:\/\/www.sonoraenequipo.com.mx\/#\/schema\/person\/50102df0fb23a8fa9e8effad8fa81386\"},\"headline\":\"Disminuir la brecha digital es un tema que importa y que atender\u00e9 desde el Congreso: Manuel Puebla\",\"datePublished\":\"2021-05-11T21:49:11+00:00\",\"dateModified\":\"2021-05-12T04:53:23+00:00\",\"mainEntityOfPage\":{\"@id\":\"https:\/\/www.sonoraenequipo.com.mx\/disminuir-la-brecha-digital-es-un-tema-que-importa-y-que-atendere-desde-el-congreso-manuel-puebla\/\"},\"wordCount\":214,\"commentCount\":0,\"publisher\":{\"@id\":\"https:\/\/www.sonoraenequipo.com.mx\/#organization\"},\"image\":{\"@id\":\"https:\/\/www.sonoraenequipo.com.mx\/disminuir-la-brecha-digital-es-un-tema-que-importa-y-que-atendere-desde-el-congreso-manuel-puebla\/#primaryimage\"},\"thumbnailUrl\":\"https:\/\/www.sonoraenequipo.com.mx\/storage\/2021\/05\/manuel-puebla-en-campana_opt.jpg\",\"articleSection\":[\"LA ELECCION 2024\"],\"inLanguage\":\"es\",\"potentialAction\":[{\"@type\":\"CommentAction\",\"name\":\"Comment\",\"target\":[\"https:\/\/www.sonoraenequipo.com.mx\/disminuir-la-brecha-digital-es-un-tema-que-importa-y-que-atendere-desde-el-congreso-manuel-puebla\/#respond\"]}]},{\"@type\":\"WebPage\",\"@id\":\"https:\/\/www.sonoraenequipo.com.mx\/disminuir-la-brecha-digital-es-un-tema-que-importa-y-que-atendere-desde-el-congreso-manuel-puebla\/\",\"url\":\"https:\/\/www.sonoraenequipo.com.mx\/disminuir-la-brecha-digital-es-un-tema-que-importa-y-que-atendere-desde-el-congreso-manuel-puebla\/\",\"name\":\"Sonora en Equipo. Disminuir la brecha digital es un tema que importa y que atender\u00e9 desde el Congreso: Manuel Puebla LA ELECCION 2024\",\"isPartOf\":{\"@id\":\"https:\/\/www.sonoraenequipo.com.mx\/#website\"},\"primaryImageOfPage\":{\"@id\":\"https:\/\/www.sonoraenequipo.com.mx\/disminuir-la-brecha-digital-es-un-tema-que-importa-y-que-atendere-desde-el-congreso-manuel-puebla\/#primaryimage\"},\"image\":{\"@id\":\"https:\/\/www.sonoraenequipo.com.mx\/disminuir-la-brecha-digital-es-un-tema-que-importa-y-que-atendere-desde-el-congreso-manuel-puebla\/#primaryimage\"},\"thumbnailUrl\":\"https:\/\/www.sonoraenequipo.com.mx\/storage\/2021\/05\/manuel-puebla-en-campana_opt.jpg\",\"datePublished\":\"2021-05-11T21:49:11+00:00\",\"dateModified\":\"2021-05-12T04:53:23+00:00\",\"description\":\"HERMOSILLO, SONORA. MX. \u2014 Para mejorar la calidad de vida de las familias, Manuel Puebla legislar\u00e1 presupuesto para instalar plazas digitales en las En Sonora en Equipo publicamos toda la informaci\u00f3n de Sonora, M\u00e9xico y el Mundo de manera oportuna y busca que la libertad de expresi\u00f3n sea real. Visita nuestro medio informativo publicado desde Hermosillo, Sonora. %\",\"breadcrumb\":{\"@id\":\"https:\/\/www.sonoraenequipo.com.mx\/disminuir-la-brecha-digital-es-un-tema-que-importa-y-que-atendere-desde-el-congreso-manuel-puebla\/#breadcrumb\"},\"inLanguage\":\"es\",\"potentialAction\":[{\"@type\":\"ReadAction\",\"target\":[\"https:\/\/www.sonoraenequipo.com.mx\/disminuir-la-brecha-digital-es-un-tema-que-importa-y-que-atendere-desde-el-congreso-manuel-puebla\/\"]}]},{\"@type\":\"ImageObject\",\"inLanguage\":\"es\",\"@id\":\"https:\/\/www.sonoraenequipo.com.mx\/disminuir-la-brecha-digital-es-un-tema-que-importa-y-que-atendere-desde-el-congreso-manuel-puebla\/#primaryimage\",\"url\":\"https:\/\/www.sonoraenequipo.com.mx\/storage\/2021\/05\/manuel-puebla-en-campana_opt.jpg\",\"contentUrl\":\"https:\/\/www.sonoraenequipo.com.mx\/storage\/2021\/05\/manuel-puebla-en-campana_opt.jpg\",\"width\":600,\"height\":400},{\"@type\":\"BreadcrumbList\",\"@id\":\"https:\/\/www.sonoraenequipo.com.mx\/disminuir-la-brecha-digital-es-un-tema-que-importa-y-que-atendere-desde-el-congreso-manuel-puebla\/#breadcrumb\",\"itemListElement\":[{\"@type\":\"ListItem\",\"position\":1,\"name\":\"Portada\",\"item\":\"https:\/\/www.sonoraenequipo.com.mx\/\"},{\"@type\":\"ListItem\",\"position\":2,\"name\":\"Disminuir la brecha digital es un tema que importa y que atender\u00e9 desde el Congreso: Manuel Puebla\"}]},{\"@type\":\"WebSite\",\"@id\":\"https:\/\/www.sonoraenequipo.com.mx\/#website\",\"url\":\"https:\/\/www.sonoraenequipo.com.mx\/\",\"name\":\"Sonora en Equipo.\",\"description\":\"Diario en l\u00ednea con Noticias desde Hermosillo, Sonora\",\"publisher\":{\"@id\":\"https:\/\/www.sonoraenequipo.com.mx\/#organization\"},\"potentialAction\":[{\"@type\":\"SearchAction\",\"target\":{\"@type\":\"EntryPoint\",\"urlTemplate\":\"https:\/\/www.sonoraenequipo.com.mx\/?s={search_term_string}\"},\"query-input\":{\"@type\":\"PropertyValueSpecification\",\"valueRequired\":true,\"valueName\":\"search_term_string\"}}],\"inLanguage\":\"es\"},{\"@type\":\"Organization\",\"@id\":\"https:\/\/www.sonoraenequipo.com.mx\/#organization\",\"name\":\"Sonoraenequipo.com.mx\",\"url\":\"https:\/\/www.sonoraenequipo.com.mx\/\",\"logo\":{\"@type\":\"ImageObject\",\"inLanguage\":\"es\",\"@id\":\"https:\/\/www.sonoraenequipo.com.mx\/#\/schema\/logo\/image\/\",\"url\":\"https:\/\/www.sonoraenequipo.com.mx\/storage\/2019\/01\/sonoraenequipo_opt.png\",\"contentUrl\":\"https:\/\/www.sonoraenequipo.com.mx\/storage\/2019\/01\/sonoraenequipo_opt.png\",\"width\":375,\"height\":125,\"caption\":\"Sonoraenequipo.com.mx\"},\"image\":{\"@id\":\"https:\/\/www.sonoraenequipo.com.mx\/#\/schema\/logo\/image\/\"},\"sameAs\":[\"https:\/\/www.facebook.com\/SonoraEE\/\",\"https:\/\/x.com\/sonoraenequipo\",\"https:\/\/www.youtube.com\/channel\/UC338nW-lPEYmJQs4ZABQ1SQ\"]},{\"@type\":\"Person\",\"@id\":\"https:\/\/www.sonoraenequipo.com.mx\/#\/schema\/person\/50102df0fb23a8fa9e8effad8fa81386\",\"name\":\"enequipo\",\"image\":{\"@type\":\"ImageObject\",\"inLanguage\":\"es\",\"@id\":\"https:\/\/www.sonoraenequipo.com.mx\/#\/schema\/person\/image\/\",\"url\":\"https:\/\/secure.gravatar.com\/avatar\/049821681b589dabc0bc20695993ccebb09f5b5d4d790cd9251b97faac7c652b?s=96&d=blank&r=g\",\"contentUrl\":\"https:\/\/secure.gravatar.com\/avatar\/049821681b589dabc0bc20695993ccebb09f5b5d4d790cd9251b97faac7c652b?s=96&d=blank&r=g\",\"caption\":\"enequipo\"},\"sameAs\":[\"https:\/\/www.facebook.com\/SonoraEE\"]}]}<\/script>\n ","yoast_head_json":{"title":"Sonora en Equipo. Disminuir la brecha digital es un tema que importa y que atender\u00e9 desde el Congreso: Manuel Puebla LA ELECCION 2024","description":"HERMOSILLO, SONORA. MX. \u2014 Para mejorar la calidad de vida de las familias, Manuel Puebla legislar\u00e1 presupuesto para instalar plazas digitales en las En Sonora en Equipo publicamos toda la informaci\u00f3n de Sonora, M\u00e9xico y el Mundo de manera oportuna y busca que la libertad de expresi\u00f3n sea real. Visita nuestro medio informativo publicado desde Hermosillo, Sonora. %","robots":{"index":"index","follow":"follow","max-snippet":"max-snippet:-1","max-image-preview":"max-image-preview:large","max-video-preview":"max-video-preview:-1"},"canonical":"https:\/\/www.sonoraenequipo.com.mx\/disminuir-la-brecha-digital-es-un-tema-que-importa-y-que-atendere-desde-el-congreso-manuel-puebla\/","og_locale":"es_ES","og_type":"article","og_title":"Sonora en Equipo. Disminuir la brecha digital es un tema que importa y que atender\u00e9 desde el Congreso: Manuel Puebla LA ELECCION 2024","og_description":"HERMOSILLO, SONORA. MX. \u2014 Para mejorar la calidad de vida de las familias, Manuel Puebla legislar\u00e1 presupuesto para instalar plazas digitales en las En Sonora en Equipo publicamos toda la informaci\u00f3n de Sonora, M\u00e9xico y el Mundo de manera oportuna y busca que la libertad de expresi\u00f3n sea real. Visita nuestro medio informativo publicado desde Hermosillo, Sonora. %","og_url":"https:\/\/www.sonoraenequipo.com.mx\/disminuir-la-brecha-digital-es-un-tema-que-importa-y-que-atendere-desde-el-congreso-manuel-puebla\/","og_site_name":"Sonora en Equipo.","article_publisher":"https:\/\/www.facebook.com\/SonoraEE\/","article_author":"https:\/\/www.facebook.com\/SonoraEE","article_published_time":"2021-05-11T21:49:11+00:00","article_modified_time":"2021-05-12T04:53:23+00:00","og_image":[{"width":600,"height":400,"url":"https:\/\/www.sonoraenequipo.com.mx\/storage\/2021\/05\/manuel-puebla-en-campana_opt.jpg","type":"image\/jpeg"}],"author":"enequipo","twitter_card":"summary_large_image","twitter_creator":"@sonoraenequipo","twitter_site":"@sonoraenequipo","twitter_misc":{"Escrito por":"enequipo","Tiempo de lectura":"1 minuto"},"schema":{"@context":"https:\/\/schema.org","@graph":[{"@type":"Article","@id":"https:\/\/www.sonoraenequipo.com.mx\/disminuir-la-brecha-digital-es-un-tema-que-importa-y-que-atendere-desde-el-congreso-manuel-puebla\/#article","isPartOf":{"@id":"https:\/\/www.sonoraenequipo.com.mx\/disminuir-la-brecha-digital-es-un-tema-que-importa-y-que-atendere-desde-el-congreso-manuel-puebla\/"},"author":{"name":"enequipo","@id":"https:\/\/www.sonoraenequipo.com.mx\/#\/schema\/person\/50102df0fb23a8fa9e8effad8fa81386"},"headline":"Disminuir la brecha digital es un tema que importa y que atender\u00e9 desde el Congreso: Manuel Puebla","datePublished":"2021-05-11T21:49:11+00:00","dateModified":"2021-05-12T04:53:23+00:00","mainEntityOfPage":{"@id":"https:\/\/www.sonoraenequipo.com.mx\/disminuir-la-brecha-digital-es-un-tema-que-importa-y-que-atendere-desde-el-congreso-manuel-puebla\/"},"wordCount":214,"commentCount":0,"publisher":{"@id":"https:\/\/www.sonoraenequipo.com.mx\/#organization"},"image":{"@id":"https:\/\/www.sonoraenequipo.com.mx\/disminuir-la-brecha-digital-es-un-tema-que-importa-y-que-atendere-desde-el-congreso-manuel-puebla\/#primaryimage"},"thumbnailUrl":"https:\/\/www.sonoraenequipo.com.mx\/storage\/2021\/05\/manuel-puebla-en-campana_opt.jpg","articleSection":["LA ELECCION 2024"],"inLanguage":"es","potentialAction":[{"@type":"CommentAction","name":"Comment","target":["https:\/\/www.sonoraenequipo.com.mx\/disminuir-la-brecha-digital-es-un-tema-que-importa-y-que-atendere-desde-el-congreso-manuel-puebla\/#respond"]}]},{"@type":"WebPage","@id":"https:\/\/www.sonoraenequipo.com.mx\/disminuir-la-brecha-digital-es-un-tema-que-importa-y-que-atendere-desde-el-congreso-manuel-puebla\/","url":"https:\/\/www.sonoraenequipo.com.mx\/disminuir-la-brecha-digital-es-un-tema-que-importa-y-que-atendere-desde-el-congreso-manuel-puebla\/","name":"Sonora en Equipo. Disminuir la brecha digital es un tema que importa y que atender\u00e9 desde el Congreso: Manuel Puebla LA ELECCION 2024","isPartOf":{"@id":"https:\/\/www.sonoraenequipo.com.mx\/#website"},"primaryImageOfPage":{"@id":"https:\/\/www.sonoraenequipo.com.mx\/disminuir-la-brecha-digital-es-un-tema-que-importa-y-que-atendere-desde-el-congreso-manuel-puebla\/#primaryimage"},"image":{"@id":"https:\/\/www.sonoraenequipo.com.mx\/disminuir-la-brecha-digital-es-un-tema-que-importa-y-que-atendere-desde-el-congreso-manuel-puebla\/#primaryimage"},"thumbnailUrl":"https:\/\/www.sonoraenequipo.com.mx\/storage\/2021\/05\/manuel-puebla-en-campana_opt.jpg","datePublished":"2021-05-11T21:49:11+00:00","dateModified":"2021-05-12T04:53:23+00:00","description":"HERMOSILLO, SONORA. MX. \u2014 Para mejorar la calidad de vida de las familias, Manuel Puebla legislar\u00e1 presupuesto para instalar plazas digitales en las En Sonora en Equipo publicamos toda la informaci\u00f3n de Sonora, M\u00e9xico y el Mundo de manera oportuna y busca que la libertad de expresi\u00f3n sea real. Visita nuestro medio informativo publicado desde Hermosillo, Sonora. %","breadcrumb":{"@id":"https:\/\/www.sonoraenequipo.com.mx\/disminuir-la-brecha-digital-es-un-tema-que-importa-y-que-atendere-desde-el-congreso-manuel-puebla\/#breadcrumb"},"inLanguage":"es","potentialAction":[{"@type":"ReadAction","target":["https:\/\/www.sonoraenequipo.com.mx\/disminuir-la-brecha-digital-es-un-tema-que-importa-y-que-atendere-desde-el-congreso-manuel-puebla\/"]}]},{"@type":"ImageObject","inLanguage":"es","@id":"https:\/\/www.sonoraenequipo.com.mx\/disminuir-la-brecha-digital-es-un-tema-que-importa-y-que-atendere-desde-el-congreso-manuel-puebla\/#primaryimage","url":"https:\/\/www.sonoraenequipo.com.mx\/storage\/2021\/05\/manuel-puebla-en-campana_opt.jpg","contentUrl":"https:\/\/www.sonoraenequipo.com.mx\/storage\/2021\/05\/manuel-puebla-en-campana_opt.jpg","width":600,"height":400},{"@type":"BreadcrumbList","@id":"https:\/\/www.sonoraenequipo.com.mx\/disminuir-la-brecha-digital-es-un-tema-que-importa-y-que-atendere-desde-el-congreso-manuel-puebla\/#breadcrumb","itemListElement":[{"@type":"ListItem","position":1,"name":"Portada","item":"https:\/\/www.sonoraenequipo.com.mx\/"},{"@type":"ListItem","position":2,"name":"Disminuir la brecha digital es un tema que importa y que atender\u00e9 desde el Congreso: Manuel Puebla"}]},{"@type":"WebSite","@id":"https:\/\/www.sonoraenequipo.com.mx\/#website","url":"https:\/\/www.sonoraenequipo.com.mx\/","name":"Sonora en Equipo.","description":"Diario en l\u00ednea con Noticias desde Hermosillo, Sonora","publisher":{"@id":"https:\/\/www.sonoraenequipo.com.mx\/#organization"},"potentialAction":[{"@type":"SearchAction","target":{"@type":"EntryPoint","urlTemplate":"https:\/\/www.sonoraenequipo.com.mx\/?s={search_term_string}"},"query-input":{"@type":"PropertyValueSpecification","valueRequired":true,"valueName":"search_term_string"}}],"inLanguage":"es"},{"@type":"Organization","@id":"https:\/\/www.sonoraenequipo.com.mx\/#organization","name":"Sonoraenequipo.com.mx","url":"https:\/\/www.sonoraenequipo.com.mx\/","logo":{"@type":"ImageObject","inLanguage":"es","@id":"https:\/\/www.sonoraenequipo.com.mx\/#\/schema\/logo\/image\/","url":"https:\/\/www.sonoraenequipo.com.mx\/storage\/2019\/01\/sonoraenequipo_opt.png","contentUrl":"https:\/\/www.sonoraenequipo.com.mx\/storage\/2019\/01\/sonoraenequipo_opt.png","width":375,"height":125,"caption":"Sonoraenequipo.com.mx"},"image":{"@id":"https:\/\/www.sonoraenequipo.com.mx\/#\/schema\/logo\/image\/"},"sameAs":["https:\/\/www.facebook.com\/SonoraEE\/","https:\/\/x.com\/sonoraenequipo","https:\/\/www.youtube.com\/channel\/UC338nW-lPEYmJQs4ZABQ1SQ"]},{"@type":"Person","@id":"https:\/\/www.sonoraenequipo.com.mx\/#\/schema\/person\/50102df0fb23a8fa9e8effad8fa81386","name":"enequipo","image":{"@type":"ImageObject","inLanguage":"es","@id":"https:\/\/www.sonoraenequipo.com.mx\/#\/schema\/person\/image\/","url":"https:\/\/secure.gravatar.com\/avatar\/049821681b589dabc0bc20695993ccebb09f5b5d4d790cd9251b97faac7c652b?s=96&d=blank&r=g","contentUrl":"https:\/\/secure.gravatar.com\/avatar\/049821681b589dabc0bc20695993ccebb09f5b5d4d790cd9251b97faac7c652b?s=96&d=blank&r=g","caption":"enequipo"},"sameAs":["https:\/\/www.facebook.com\/SonoraEE"]}]}},"jetpack_featured_media_url":"https:\/\/www.sonoraenequipo.com.mx\/storage\/2021\/05\/manuel-puebla-en-campana_opt.jpg","_links":{"self":[{"href":"https:\/\/www.sonoraenequipo.com.mx\/api\/wp\/v2\/posts\/113734","targetHints":{"allow":["GET"]}}],"collection":[{"href":"https:\/\/www.sonoraenequipo.com.mx\/api\/wp\/v2\/posts"}],"about":[{"href":"https:\/\/www.sonoraenequipo.com.mx\/api\/wp\/v2\/types\/post"}],"author":[{"embeddable":true,"href":"https:\/\/www.sonoraenequipo.com.mx\/api\/wp\/v2\/users\/1"}],"replies":[{"embeddable":true,"href":"https:\/\/www.sonoraenequipo.com.mx\/api\/wp\/v2\/comments?post=113734"}],"version-history":[{"count":3,"href":"https:\/\/www.sonoraenequipo.com.mx\/api\/wp\/v2\/posts\/113734\/revisions"}],"predecessor-version":[{"id":113737,"href":"https:\/\/www.sonoraenequipo.com.mx\/api\/wp\/v2\/posts\/113734\/revisions\/113737"}],"wp:featuredmedia":[{"embeddable":true,"href":"https:\/\/www.sonoraenequipo.com.mx\/api\/wp\/v2\/media\/113713"}],"wp:attachment":[{"href":"https:\/\/www.sonoraenequipo.com.mx\/api\/wp\/v2\/media?parent=113734"}],"wp:term":[{"taxonomy":"category","embeddable":true,"href":"https:\/\/www.sonoraenequipo.com.mx\/api\/wp\/v2\/categories?post=113734"},{"taxonomy":"post_tag","embeddable":true,"href":"https:\/\/www.sonoraenequipo.com.mx\/api\/wp\/v2\/tags?post=113734"}],"curies":[{"name":"wp","href":"https:\/\/api.w.org\/{rel}","templated":true}]}}