{"id":113744,"date":"2021-05-11T22:45:38","date_gmt":"2021-05-12T05:45:38","guid":{"rendered":"https:\/\/www.sonoraenequipo.com.mx\/?p=113744"},"modified":"2021-05-11T22:25:37","modified_gmt":"2021-05-12T05:25:37","slug":"sonora-tiene-segundo-dia-consecutivo-sin-fallecimientos-por-covid-19","status":"publish","type":"post","link":"https:\/\/www.sonoraenequipo.com.mx\/sonora-tiene-segundo-dia-consecutivo-sin-fallecimientos-por-covid-19\/","title":{"rendered":"Sonora tiene segundo d\u00eda consecutivo sin fallecimientos por COVID-19"},"content":{"rendered":"<p>HERMOSILLO, SONORA. MX. \u2014\u00a0 La Secretar\u00eda de Salud en Sonora dio a conocer que por segundo d\u00eda consecutivo no se registraron decesos por COVID-19, mientras que se confirmaron 54 nuevos contagios en la entidad, con lo que permanecen las 6 mil 288 defunciones y se suman 73 mil 516 casos que han sido positivos en la entidad desde el inicio de la pandemia.<\/p>\n<p>&nbsp;<\/p>\n<p> <\/p>\n<p>&nbsp;<\/p>\n<p>Este martes no se confirmaron decesos por COVID-19 en Sonora, por lo que se mantienen las 6 mil 288 defunciones en la entidad desde el inicio de la pandemia. Asimismo, se registraron 54 nuevos casos por COVID, en 36 mujeres y 18 hombres, para un total de 73 mil 516 casos en la entidad. De los contagios nuevos, 24 son residentes de Hermosillo; siete de Nogales; cinco de Caborca; cuatro de Cajeme; cuatro de Navojoa; tres de Puerto Pe\u00f1asco; dos de Pitiquito; uno de Ray\u00f3n; uno de Guaymas; uno de San Luis R\u00edo Colorado; uno de Empalme; y uno de General Plutarco El\u00edas Calles.<\/p>\n<p>&nbsp;<\/p>\n<p>Hoy se confirmaron dos casos pedi\u00e1tricos, en dos ni\u00f1as, acumul\u00e1ndose mil 366; hoy se confirm\u00f3 un caso en una mujer embarazada; tres de los 54 casos fueron en trabajadores de la salud de diversas instituciones. Este martes, dos pacientes se dieron de alta y hasta el momento 66 mil 708 personas se han recuperado en la entidad.<\/p>\n<p>&nbsp;<\/p>\n<p>Al momento, se han realizado 130 mil 815 pruebas; se han confirmado 73 mil 516 casos y se han descartado 57 mil 299; 10 mil 351 en cuadro leve, 462 activos y nueve mil 558 concluyeron su seguimiento; 57 mil 150 pacientes se han curado y 58 pacientes se encuentran hospitalizados, siete de ellos estables; 42 graves y nueve cr\u00edticos.<\/p>\n<p>&nbsp;<\/p>\n<h3>\nCasos COVID-19 en Sonora 73,516 casos confirmados y 6,288 defunciones<\/h3>\n<p>&nbsp;<\/p>\n<p><strong>Defunciones registradas el 11 de mayo de 2021: 0<\/strong><\/p>\n<p><strong>Casos confirmados el 11 de mayo de 2021: 54<\/strong><\/p>\n<p>Hermosillo: 24<br \/>\nNogales: 7<br \/>\nCaborca: 5<br \/>\nCajeme: 4<br \/>\nNavojoa: 4<br \/>\nPuerto Pe\u00f1asco: 3<br \/>\nPitiquito: 2<br \/>\nRay\u00f3n: 1<br \/>\nGuaymas: 1<br \/>\nSan Luis R\u00edo Colorado: 1<br \/>\nEmpalme: 1<br \/>\nGral. Plutarco El\u00edas Calles: 1<\/p>\n<p>Mujeres: 36\/ Hombres: 18<\/p>\n<p>Instituci\u00f3n M\u00e9dica<br \/>\nSecretar\u00eda de Salud: 48<br \/>\nIMSS: 4<br \/>\nIsssteson: 2<\/p>\n<p>Acumulados<br \/>\nDefunciones: 6,288<br \/>\nHermosillo: 2,071<br \/>\nCajeme: 1,079<br \/>\nNogales: 503<br \/>\nSan Luis R\u00edo Colorado: 503<br \/>\nGuaymas: 372<br \/>\nNavojoa: 281<br \/>\nAgua Prieta: 224<br \/>\nCaborca: 172<br \/>\nHuatabampo: 150<br \/>\nCananea: 118<br \/>\nEmpalme: 117<br \/>\nEtchojoa: 95<br \/>\nPuerto Pe\u00f1asco: 76<br \/>\nMagdalena: 75<br \/>\nNacozari de Garc\u00eda: 54<br \/>\nBenito Ju\u00e1rez: 46<br \/>\nSanta Ana: 44<br \/>\nB\u00e1cum: 43<br \/>\nSan Ignacio R\u00edo Muerto: 24<br \/>\n\u00cdmuris: 22<br \/>\nGral. Plutarco El\u00edas Calles: 22<br \/>\n\u00c1lamos: 18<br \/>\nFronteras: 17<br \/>\nPitiquito: 16<br \/>\nCumpas: 15<br \/>\nNaco: 10<br \/>\nMoctezuma: 10<br \/>\nUres: 9<br \/>\nRosario: 9<br \/>\nSahuaripa: 8<br \/>\nVilla Hidalgo: 7<br \/>\nBavi\u00e1cora: 7<br \/>\nBacoachi: 7<br \/>\nBenjam\u00edn Hill: 6<br \/>\nAltar: 6<br \/>\nSan Miguel de Horcasitas: 5<br \/>\nAconchi: 5<br \/>\nS\u00e1ric: 4<br \/>\nRay\u00f3n: 3<br \/>\nCarb\u00f3: 3<br \/>\nQuiriego: 3<br \/>\nBacerac: 3<br \/>\nArizpe: 3<br \/>\nBan\u00e1michi: 3<br \/>\nBavispe: 2<br \/>\nN\u00e1cori Chico: 2<br \/>\nSan Pedro de la Cueva: 2<br \/>\nArivechi: 2<br \/>\nCucurpe: 2<br \/>\nHu\u00e9pac: 2<br \/>\nTepache: 2<br \/>\nOpodepe: 1<br \/>\nSan Felipe de Jes\u00fas: 1<br \/>\nGranados: 1<br \/>\nOquitoa: 1<br \/>\nSanta Cruz: 1<br \/>\nMazat\u00e1n: 1<\/p>\n<p>Mujeres: 2,694\/Hombres: 3,594<\/p>\n<p>Instituci\u00f3n M\u00e9dica<br \/>\nIMSS: 3,967<br \/>\nSecretar\u00eda de Salud: 1,761<br \/>\nIsssteson: 417<br \/>\nIssste: 134<br \/>\nSedena: 5<br \/>\nSemar: 4<\/p>\n<p>Total de casos confirmados: 73,516<\/p>\n<p>Hermosillo: 34,286 municipio con mayor incidencia con un 47% del total.<\/p>\n<p>Cajeme: 10,357 que representan el 14% del total.<\/p>\n<p>Nogales: 4,573 que representan el 6% del total<\/p>\n<p>Guaymas: 3,485 que representan el 5% del total<\/p>\n<p>Caborca: 3,167<\/p>\n<p>San Luis R\u00edo Colorado: 3,152<\/p>\n<p>Navojoa: 3,124<\/p>\n<p>Cananea: 1,903<\/p>\n<p>Huatabampo: 1,447<\/p>\n<p>Empalme: 1,334<\/p>\n<p>Agua Prieta: 1,229<\/p>\n<p>Etchojoa: 706<\/p>\n<p>Magdalena: 621<\/p>\n<p>Puerto Pe\u00f1asco: 524<\/p>\n<p>Santa Ana: 374<\/p>\n<p>Nacozari de Garc\u00eda: 338<\/p>\n<p>B\u00e1cum: 283<\/p>\n<p>Pitiquito: 279<\/p>\n<p>\u00c1lamos: 259<\/p>\n<p>Benito Ju\u00e1rez: 217<\/p>\n<p>Gral. Plutarco El\u00edas Calles: 212<\/p>\n<p>San Ignacio R\u00edo Muerto: 184<\/p>\n<p>Sahuaripa: 155<\/p>\n<p>Bavi\u00e1cora: 133<\/p>\n<p>\u00cdmuris: 110<\/p>\n<p>Altar: 99<\/p>\n<p>Ures: 91<\/p>\n<p>Moctezuma: 74<\/p>\n<p>Cumpas: 70<\/p>\n<p>Rosario: 68<\/p>\n<p>N\u00e1cori Chico: 64<\/p>\n<p>Bacoachi: 51<\/p>\n<p>Fronteras: 45<\/p>\n<p>Y\u00e9cora: 44<\/p>\n<p>Benjam\u00edn Hill: 41<\/p>\n<p>Naco: 35<\/p>\n<p>Arizpe: 32<\/p>\n<p>Aconchi: 32<\/p>\n<p>S\u00e1ric: 27<\/p>\n<p>Carb\u00f3: 26<\/p>\n<p>Arivechi: 22<\/p>\n<p>San Miguel de Horcasitas: 18<\/p>\n<p>Villa Hidalgo: 16<\/p>\n<p>Granados: 15<\/p>\n<p>Trincheras: 14<\/p>\n<p>Ban\u00e1michi: 14<\/p>\n<p>Quiriego: 14<\/p>\n<p>San Pedro de la Cueva: 13<\/p>\n<p>Cucurpe: 13<\/p>\n<p>Ray\u00f3n: 12<\/p>\n<p>Tepache: 11<\/p>\n<p>Hu\u00e1sabas: 11<\/p>\n<p>Bacerac: 8<\/p>\n<p>Huachinera: 7<\/p>\n<p>Bavispe: 7<\/p>\n<p>\u00d3navas: 6<\/p>\n<p>Villa Pesqueira: 6<\/p>\n<p>San Javier: 6<\/p>\n<p>Tubutama: 6<\/p>\n<p>Divisaderos: 5<\/p>\n<p>Bacad\u00e9huachi: 5<\/p>\n<p>San Felipe de Jes\u00fas: 5<\/p>\n<p>Hu\u00e9pac: 5<\/p>\n<p>Mazat\u00e1n: 5<\/p>\n<p>Bacanora: 4<\/p>\n<p>Santa Cruz: 4<\/p>\n<p>Opodepe: 4<\/p>\n<p>Oquitoa: 3<\/p>\n<p>La Colorada: 2<\/p>\n<p>\u00c1til: 2<\/p>\n<p>Soyopa: 1<\/p>\n<p>Suaqui Grande: 1<\/p>\n<p>&nbsp;<\/p>\n<p>Mujeres: 39,562\/Hombres: 33,954<\/p>\n<p>&nbsp;<\/p>\n<p>Instituci\u00f3n M\u00e9dica<\/p>\n<p>Secretar\u00eda de Salud: 50,697<\/p>\n<p>IMSS: 15,486<\/p>\n<p>Isssteson: 5,970<\/p>\n<p>Issste: 1,124<\/p>\n<p>Sedena: 224<\/p>\n<p>Semar: 15<\/p>\n<p>Casos estudiados: 130,815<br \/>\nConfirmados: 73,516<br \/>\nDescartados: 57,299<br \/>\nCuadro leve: 10,020<br \/>\nPacientes activos: 462<br \/>\nPacientes en seguimiento terminado: 9,558<br \/>\nCurados: 57,150<br \/>\nHospitalizados: 58<br \/>\nEstables: 7<br \/>\nGraves: 42<br \/>\nPacientes graves con ventilaci\u00f3n mec\u00e1nica invasiva: 9<\/p>\n<p>Dar \u00abclick\u00bb para ampliar:<\/p>\n<p>Versi\u00f3n para imprimir:<br \/>\nGobierno del Estado de Sonora | Dr. Paliza No. 15, Esq. con Comonfort, Tel: 52 (662) 1084300 con 15 Li\u00adneas,<br \/>\nHermosillo, SO 83270 M\u00e9xico<br \/>\nUnsubscribe markazazli@hotmail.com<br \/>\nUpdate Profile | Constant Contact Data Notice<br \/>\nSent by comunicacion@sonora.gob.mx powered by<br \/>\nTrusted Email from Constant Contact &#8211; Try it FREE today.<br \/>\nTry email marketing for free today!<\/p>\n<p>&nbsp;<\/p>\n<p>(Publicada el 11\/05\/2021)<\/p>\n","protected":false},"excerpt":{"rendered":"<p>HERMOSILLO, SONORA. MX. \u2014\u00a0 La Secretar\u00eda de Salud en Sonora dio a conocer que por&#8230;<\/p>\n","protected":false},"author":1,"featured_media":113742,"comment_status":"open","ping_status":"open","sticky":false,"template":"","format":"standard","meta":{"_monsterinsights_skip_tracking":false,"_monsterinsights_sitenote_active":false,"_monsterinsights_sitenote_note":"","_monsterinsights_sitenote_category":0,"footnotes":""},"categories":[22],"tags":[],"class_list":["post"],"yoast_head":" \n<title>Sonora en Equipo. Sonora tiene segundo d\u00eda consecutivo sin fallecimientos por COVID-19 Sonora<\/title>\n<meta name=\"description\" content=\"HERMOSILLO, SONORA. MX. \u2014\u00a0 La Secretar\u00eda de Salud en Sonora dio a conocer que por segundo d\u00eda consecutivo no se registraron decesos por COVID-19, mientras En Sonora en Equipo publicamos toda la informaci\u00f3n de Sonora, M\u00e9xico y el Mundo de manera oportuna y busca que la libertad de expresi\u00f3n sea real. Visita nuestro medio informativo publicado desde Hermosillo, Sonora. %\" \/>\n<meta name=\"robots\" content=\"index, follow, max-snippet:-1, max-image-preview:large, max-video-preview:-1\" \/>\n<link rel=\"canonical\" href=\"https:\/\/www.sonoraenequipo.com.mx\/sonora-tiene-segundo-dia-consecutivo-sin-fallecimientos-por-covid-19\/\" \/>\n<meta property=\"og:locale\" content=\"es_ES\" \/>\n<meta property=\"og:type\" content=\"article\" \/>\n<meta property=\"og:title\" content=\"Sonora en Equipo. Sonora tiene segundo d\u00eda consecutivo sin fallecimientos por COVID-19 Sonora\" \/>\n<meta property=\"og:description\" content=\"HERMOSILLO, SONORA. MX. \u2014\u00a0 La Secretar\u00eda de Salud en Sonora dio a conocer que por segundo d\u00eda consecutivo no se registraron decesos por COVID-19, mientras En Sonora en Equipo publicamos toda la informaci\u00f3n de Sonora, M\u00e9xico y el Mundo de manera oportuna y busca que la libertad de expresi\u00f3n sea real. Visita nuestro medio informativo publicado desde Hermosillo, Sonora. %\" \/>\n<meta property=\"og:url\" content=\"https:\/\/www.sonoraenequipo.com.mx\/sonora-tiene-segundo-dia-consecutivo-sin-fallecimientos-por-covid-19\/\" \/>\n<meta property=\"og:site_name\" content=\"Sonora en Equipo.\" \/>\n<meta property=\"article:publisher\" content=\"https:\/\/www.facebook.com\/SonoraEE\/\" \/>\n<meta property=\"article:author\" content=\"https:\/\/www.facebook.com\/SonoraEE\" \/>\n<meta property=\"article:published_time\" content=\"2021-05-12T05:45:38+00:00\" \/>\n<meta property=\"og:image\" content=\"https:\/\/www.sonoraenequipo.com.mx\/storage\/2021\/05\/052167f_jpeg_opt.jpg\" \/>\n\t<meta property=\"og:image:width\" content=\"711\" \/>\n\t<meta property=\"og:image:height\" content=\"400\" \/>\n\t<meta property=\"og:image:type\" content=\"image\/jpeg\" \/>\n<meta name=\"author\" content=\"enequipo\" \/>\n<meta name=\"twitter:card\" content=\"summary_large_image\" \/>\n<meta name=\"twitter:creator\" content=\"@sonoraenequipo\" \/>\n<meta name=\"twitter:site\" content=\"@sonoraenequipo\" \/>\n<meta name=\"twitter:label1\" content=\"Escrito por\" \/>\n\t<meta name=\"twitter:data1\" content=\"enequipo\" \/>\n\t<meta name=\"twitter:label2\" content=\"Tiempo de lectura\" \/>\n\t<meta name=\"twitter:data2\" content=\"4 minutos\" \/>\n<script type=\"application\/ld+json\" class=\"yoast-schema-graph\">{\"@context\":\"https:\/\/schema.org\",\"@graph\":[{\"@type\":\"Article\",\"@id\":\"https:\/\/www.sonoraenequipo.com.mx\/sonora-tiene-segundo-dia-consecutivo-sin-fallecimientos-por-covid-19\/#article\",\"isPartOf\":{\"@id\":\"https:\/\/www.sonoraenequipo.com.mx\/sonora-tiene-segundo-dia-consecutivo-sin-fallecimientos-por-covid-19\/\"},\"author\":{\"name\":\"enequipo\",\"@id\":\"https:\/\/www.sonoraenequipo.com.mx\/#\/schema\/person\/50102df0fb23a8fa9e8effad8fa81386\"},\"headline\":\"Sonora tiene segundo d\u00eda consecutivo sin fallecimientos por COVID-19\",\"datePublished\":\"2021-05-12T05:45:38+00:00\",\"mainEntityOfPage\":{\"@id\":\"https:\/\/www.sonoraenequipo.com.mx\/sonora-tiene-segundo-dia-consecutivo-sin-fallecimientos-por-covid-19\/\"},\"wordCount\":708,\"commentCount\":0,\"publisher\":{\"@id\":\"https:\/\/www.sonoraenequipo.com.mx\/#organization\"},\"image\":{\"@id\":\"https:\/\/www.sonoraenequipo.com.mx\/sonora-tiene-segundo-dia-consecutivo-sin-fallecimientos-por-covid-19\/#primaryimage\"},\"thumbnailUrl\":\"https:\/\/www.sonoraenequipo.com.mx\/storage\/2021\/05\/052167f_jpeg_opt.jpg\",\"articleSection\":[\"Sonora\"],\"inLanguage\":\"es\",\"potentialAction\":[{\"@type\":\"CommentAction\",\"name\":\"Comment\",\"target\":[\"https:\/\/www.sonoraenequipo.com.mx\/sonora-tiene-segundo-dia-consecutivo-sin-fallecimientos-por-covid-19\/#respond\"]}]},{\"@type\":\"WebPage\",\"@id\":\"https:\/\/www.sonoraenequipo.com.mx\/sonora-tiene-segundo-dia-consecutivo-sin-fallecimientos-por-covid-19\/\",\"url\":\"https:\/\/www.sonoraenequipo.com.mx\/sonora-tiene-segundo-dia-consecutivo-sin-fallecimientos-por-covid-19\/\",\"name\":\"Sonora en Equipo. Sonora tiene segundo d\u00eda consecutivo sin fallecimientos por COVID-19 Sonora\",\"isPartOf\":{\"@id\":\"https:\/\/www.sonoraenequipo.com.mx\/#website\"},\"primaryImageOfPage\":{\"@id\":\"https:\/\/www.sonoraenequipo.com.mx\/sonora-tiene-segundo-dia-consecutivo-sin-fallecimientos-por-covid-19\/#primaryimage\"},\"image\":{\"@id\":\"https:\/\/www.sonoraenequipo.com.mx\/sonora-tiene-segundo-dia-consecutivo-sin-fallecimientos-por-covid-19\/#primaryimage\"},\"thumbnailUrl\":\"https:\/\/www.sonoraenequipo.com.mx\/storage\/2021\/05\/052167f_jpeg_opt.jpg\",\"datePublished\":\"2021-05-12T05:45:38+00:00\",\"description\":\"HERMOSILLO, SONORA. MX. \u2014\u00a0 La Secretar\u00eda de Salud en Sonora dio a conocer que por segundo d\u00eda consecutivo no se registraron decesos por COVID-19, mientras En Sonora en Equipo publicamos toda la informaci\u00f3n de Sonora, M\u00e9xico y el Mundo de manera oportuna y busca que la libertad de expresi\u00f3n sea real. Visita nuestro medio informativo publicado desde Hermosillo, Sonora. %\",\"breadcrumb\":{\"@id\":\"https:\/\/www.sonoraenequipo.com.mx\/sonora-tiene-segundo-dia-consecutivo-sin-fallecimientos-por-covid-19\/#breadcrumb\"},\"inLanguage\":\"es\",\"potentialAction\":[{\"@type\":\"ReadAction\",\"target\":[\"https:\/\/www.sonoraenequipo.com.mx\/sonora-tiene-segundo-dia-consecutivo-sin-fallecimientos-por-covid-19\/\"]}]},{\"@type\":\"ImageObject\",\"inLanguage\":\"es\",\"@id\":\"https:\/\/www.sonoraenequipo.com.mx\/sonora-tiene-segundo-dia-consecutivo-sin-fallecimientos-por-covid-19\/#primaryimage\",\"url\":\"https:\/\/www.sonoraenequipo.com.mx\/storage\/2021\/05\/052167f_jpeg_opt.jpg\",\"contentUrl\":\"https:\/\/www.sonoraenequipo.com.mx\/storage\/2021\/05\/052167f_jpeg_opt.jpg\",\"width\":711,\"height\":400},{\"@type\":\"BreadcrumbList\",\"@id\":\"https:\/\/www.sonoraenequipo.com.mx\/sonora-tiene-segundo-dia-consecutivo-sin-fallecimientos-por-covid-19\/#breadcrumb\",\"itemListElement\":[{\"@type\":\"ListItem\",\"position\":1,\"name\":\"Portada\",\"item\":\"https:\/\/www.sonoraenequipo.com.mx\/\"},{\"@type\":\"ListItem\",\"position\":2,\"name\":\"Sonora tiene segundo d\u00eda consecutivo sin fallecimientos por COVID-19\"}]},{\"@type\":\"WebSite\",\"@id\":\"https:\/\/www.sonoraenequipo.com.mx\/#website\",\"url\":\"https:\/\/www.sonoraenequipo.com.mx\/\",\"name\":\"Sonora en Equipo.\",\"description\":\"Diario en l\u00ednea con Noticias desde Hermosillo, Sonora\",\"publisher\":{\"@id\":\"https:\/\/www.sonoraenequipo.com.mx\/#organization\"},\"potentialAction\":[{\"@type\":\"SearchAction\",\"target\":{\"@type\":\"EntryPoint\",\"urlTemplate\":\"https:\/\/www.sonoraenequipo.com.mx\/?s={search_term_string}\"},\"query-input\":{\"@type\":\"PropertyValueSpecification\",\"valueRequired\":true,\"valueName\":\"search_term_string\"}}],\"inLanguage\":\"es\"},{\"@type\":\"Organization\",\"@id\":\"https:\/\/www.sonoraenequipo.com.mx\/#organization\",\"name\":\"Sonoraenequipo.com.mx\",\"url\":\"https:\/\/www.sonoraenequipo.com.mx\/\",\"logo\":{\"@type\":\"ImageObject\",\"inLanguage\":\"es\",\"@id\":\"https:\/\/www.sonoraenequipo.com.mx\/#\/schema\/logo\/image\/\",\"url\":\"https:\/\/www.sonoraenequipo.com.mx\/storage\/2019\/01\/sonoraenequipo_opt.png\",\"contentUrl\":\"https:\/\/www.sonoraenequipo.com.mx\/storage\/2019\/01\/sonoraenequipo_opt.png\",\"width\":375,\"height\":125,\"caption\":\"Sonoraenequipo.com.mx\"},\"image\":{\"@id\":\"https:\/\/www.sonoraenequipo.com.mx\/#\/schema\/logo\/image\/\"},\"sameAs\":[\"https:\/\/www.facebook.com\/SonoraEE\/\",\"https:\/\/x.com\/sonoraenequipo\",\"https:\/\/www.youtube.com\/channel\/UC338nW-lPEYmJQs4ZABQ1SQ\"]},{\"@type\":\"Person\",\"@id\":\"https:\/\/www.sonoraenequipo.com.mx\/#\/schema\/person\/50102df0fb23a8fa9e8effad8fa81386\",\"name\":\"enequipo\",\"image\":{\"@type\":\"ImageObject\",\"inLanguage\":\"es\",\"@id\":\"https:\/\/www.sonoraenequipo.com.mx\/#\/schema\/person\/image\/\",\"url\":\"https:\/\/secure.gravatar.com\/avatar\/049821681b589dabc0bc20695993ccebb09f5b5d4d790cd9251b97faac7c652b?s=96&d=blank&r=g\",\"contentUrl\":\"https:\/\/secure.gravatar.com\/avatar\/049821681b589dabc0bc20695993ccebb09f5b5d4d790cd9251b97faac7c652b?s=96&d=blank&r=g\",\"caption\":\"enequipo\"},\"sameAs\":[\"https:\/\/www.facebook.com\/SonoraEE\"]}]}<\/script>\n ","yoast_head_json":{"title":"Sonora en Equipo. Sonora tiene segundo d\u00eda consecutivo sin fallecimientos por COVID-19 Sonora","description":"HERMOSILLO, SONORA. MX. \u2014\u00a0 La Secretar\u00eda de Salud en Sonora dio a conocer que por segundo d\u00eda consecutivo no se registraron decesos por COVID-19, mientras En Sonora en Equipo publicamos toda la informaci\u00f3n de Sonora, M\u00e9xico y el Mundo de manera oportuna y busca que la libertad de expresi\u00f3n sea real. Visita nuestro medio informativo publicado desde Hermosillo, Sonora. %","robots":{"index":"index","follow":"follow","max-snippet":"max-snippet:-1","max-image-preview":"max-image-preview:large","max-video-preview":"max-video-preview:-1"},"canonical":"https:\/\/www.sonoraenequipo.com.mx\/sonora-tiene-segundo-dia-consecutivo-sin-fallecimientos-por-covid-19\/","og_locale":"es_ES","og_type":"article","og_title":"Sonora en Equipo. Sonora tiene segundo d\u00eda consecutivo sin fallecimientos por COVID-19 Sonora","og_description":"HERMOSILLO, SONORA. MX. \u2014\u00a0 La Secretar\u00eda de Salud en Sonora dio a conocer que por segundo d\u00eda consecutivo no se registraron decesos por COVID-19, mientras En Sonora en Equipo publicamos toda la informaci\u00f3n de Sonora, M\u00e9xico y el Mundo de manera oportuna y busca que la libertad de expresi\u00f3n sea real. Visita nuestro medio informativo publicado desde Hermosillo, Sonora. %","og_url":"https:\/\/www.sonoraenequipo.com.mx\/sonora-tiene-segundo-dia-consecutivo-sin-fallecimientos-por-covid-19\/","og_site_name":"Sonora en Equipo.","article_publisher":"https:\/\/www.facebook.com\/SonoraEE\/","article_author":"https:\/\/www.facebook.com\/SonoraEE","article_published_time":"2021-05-12T05:45:38+00:00","og_image":[{"width":711,"height":400,"url":"https:\/\/www.sonoraenequipo.com.mx\/storage\/2021\/05\/052167f_jpeg_opt.jpg","type":"image\/jpeg"}],"author":"enequipo","twitter_card":"summary_large_image","twitter_creator":"@sonoraenequipo","twitter_site":"@sonoraenequipo","twitter_misc":{"Escrito por":"enequipo","Tiempo de lectura":"4 minutos"},"schema":{"@context":"https:\/\/schema.org","@graph":[{"@type":"Article","@id":"https:\/\/www.sonoraenequipo.com.mx\/sonora-tiene-segundo-dia-consecutivo-sin-fallecimientos-por-covid-19\/#article","isPartOf":{"@id":"https:\/\/www.sonoraenequipo.com.mx\/sonora-tiene-segundo-dia-consecutivo-sin-fallecimientos-por-covid-19\/"},"author":{"name":"enequipo","@id":"https:\/\/www.sonoraenequipo.com.mx\/#\/schema\/person\/50102df0fb23a8fa9e8effad8fa81386"},"headline":"Sonora tiene segundo d\u00eda consecutivo sin fallecimientos por COVID-19","datePublished":"2021-05-12T05:45:38+00:00","mainEntityOfPage":{"@id":"https:\/\/www.sonoraenequipo.com.mx\/sonora-tiene-segundo-dia-consecutivo-sin-fallecimientos-por-covid-19\/"},"wordCount":708,"commentCount":0,"publisher":{"@id":"https:\/\/www.sonoraenequipo.com.mx\/#organization"},"image":{"@id":"https:\/\/www.sonoraenequipo.com.mx\/sonora-tiene-segundo-dia-consecutivo-sin-fallecimientos-por-covid-19\/#primaryimage"},"thumbnailUrl":"https:\/\/www.sonoraenequipo.com.mx\/storage\/2021\/05\/052167f_jpeg_opt.jpg","articleSection":["Sonora"],"inLanguage":"es","potentialAction":[{"@type":"CommentAction","name":"Comment","target":["https:\/\/www.sonoraenequipo.com.mx\/sonora-tiene-segundo-dia-consecutivo-sin-fallecimientos-por-covid-19\/#respond"]}]},{"@type":"WebPage","@id":"https:\/\/www.sonoraenequipo.com.mx\/sonora-tiene-segundo-dia-consecutivo-sin-fallecimientos-por-covid-19\/","url":"https:\/\/www.sonoraenequipo.com.mx\/sonora-tiene-segundo-dia-consecutivo-sin-fallecimientos-por-covid-19\/","name":"Sonora en Equipo. Sonora tiene segundo d\u00eda consecutivo sin fallecimientos por COVID-19 Sonora","isPartOf":{"@id":"https:\/\/www.sonoraenequipo.com.mx\/#website"},"primaryImageOfPage":{"@id":"https:\/\/www.sonoraenequipo.com.mx\/sonora-tiene-segundo-dia-consecutivo-sin-fallecimientos-por-covid-19\/#primaryimage"},"image":{"@id":"https:\/\/www.sonoraenequipo.com.mx\/sonora-tiene-segundo-dia-consecutivo-sin-fallecimientos-por-covid-19\/#primaryimage"},"thumbnailUrl":"https:\/\/www.sonoraenequipo.com.mx\/storage\/2021\/05\/052167f_jpeg_opt.jpg","datePublished":"2021-05-12T05:45:38+00:00","description":"HERMOSILLO, SONORA. MX. \u2014\u00a0 La Secretar\u00eda de Salud en Sonora dio a conocer que por segundo d\u00eda consecutivo no se registraron decesos por COVID-19, mientras En Sonora en Equipo publicamos toda la informaci\u00f3n de Sonora, M\u00e9xico y el Mundo de manera oportuna y busca que la libertad de expresi\u00f3n sea real. Visita nuestro medio informativo publicado desde Hermosillo, Sonora. %","breadcrumb":{"@id":"https:\/\/www.sonoraenequipo.com.mx\/sonora-tiene-segundo-dia-consecutivo-sin-fallecimientos-por-covid-19\/#breadcrumb"},"inLanguage":"es","potentialAction":[{"@type":"ReadAction","target":["https:\/\/www.sonoraenequipo.com.mx\/sonora-tiene-segundo-dia-consecutivo-sin-fallecimientos-por-covid-19\/"]}]},{"@type":"ImageObject","inLanguage":"es","@id":"https:\/\/www.sonoraenequipo.com.mx\/sonora-tiene-segundo-dia-consecutivo-sin-fallecimientos-por-covid-19\/#primaryimage","url":"https:\/\/www.sonoraenequipo.com.mx\/storage\/2021\/05\/052167f_jpeg_opt.jpg","contentUrl":"https:\/\/www.sonoraenequipo.com.mx\/storage\/2021\/05\/052167f_jpeg_opt.jpg","width":711,"height":400},{"@type":"BreadcrumbList","@id":"https:\/\/www.sonoraenequipo.com.mx\/sonora-tiene-segundo-dia-consecutivo-sin-fallecimientos-por-covid-19\/#breadcrumb","itemListElement":[{"@type":"ListItem","position":1,"name":"Portada","item":"https:\/\/www.sonoraenequipo.com.mx\/"},{"@type":"ListItem","position":2,"name":"Sonora tiene segundo d\u00eda consecutivo sin fallecimientos por COVID-19"}]},{"@type":"WebSite","@id":"https:\/\/www.sonoraenequipo.com.mx\/#website","url":"https:\/\/www.sonoraenequipo.com.mx\/","name":"Sonora en Equipo.","description":"Diario en l\u00ednea con Noticias desde Hermosillo, Sonora","publisher":{"@id":"https:\/\/www.sonoraenequipo.com.mx\/#organization"},"potentialAction":[{"@type":"SearchAction","target":{"@type":"EntryPoint","urlTemplate":"https:\/\/www.sonoraenequipo.com.mx\/?s={search_term_string}"},"query-input":{"@type":"PropertyValueSpecification","valueRequired":true,"valueName":"search_term_string"}}],"inLanguage":"es"},{"@type":"Organization","@id":"https:\/\/www.sonoraenequipo.com.mx\/#organization","name":"Sonoraenequipo.com.mx","url":"https:\/\/www.sonoraenequipo.com.mx\/","logo":{"@type":"ImageObject","inLanguage":"es","@id":"https:\/\/www.sonoraenequipo.com.mx\/#\/schema\/logo\/image\/","url":"https:\/\/www.sonoraenequipo.com.mx\/storage\/2019\/01\/sonoraenequipo_opt.png","contentUrl":"https:\/\/www.sonoraenequipo.com.mx\/storage\/2019\/01\/sonoraenequipo_opt.png","width":375,"height":125,"caption":"Sonoraenequipo.com.mx"},"image":{"@id":"https:\/\/www.sonoraenequipo.com.mx\/#\/schema\/logo\/image\/"},"sameAs":["https:\/\/www.facebook.com\/SonoraEE\/","https:\/\/x.com\/sonoraenequipo","https:\/\/www.youtube.com\/channel\/UC338nW-lPEYmJQs4ZABQ1SQ"]},{"@type":"Person","@id":"https:\/\/www.sonoraenequipo.com.mx\/#\/schema\/person\/50102df0fb23a8fa9e8effad8fa81386","name":"enequipo","image":{"@type":"ImageObject","inLanguage":"es","@id":"https:\/\/www.sonoraenequipo.com.mx\/#\/schema\/person\/image\/","url":"https:\/\/secure.gravatar.com\/avatar\/049821681b589dabc0bc20695993ccebb09f5b5d4d790cd9251b97faac7c652b?s=96&d=blank&r=g","contentUrl":"https:\/\/secure.gravatar.com\/avatar\/049821681b589dabc0bc20695993ccebb09f5b5d4d790cd9251b97faac7c652b?s=96&d=blank&r=g","caption":"enequipo"},"sameAs":["https:\/\/www.facebook.com\/SonoraEE"]}]}},"jetpack_featured_media_url":"https:\/\/www.sonoraenequipo.com.mx\/storage\/2021\/05\/052167f_jpeg_opt.jpg","_links":{"self":[{"href":"https:\/\/www.sonoraenequipo.com.mx\/api\/wp\/v2\/posts\/113744","targetHints":{"allow":["GET"]}}],"collection":[{"href":"https:\/\/www.sonoraenequipo.com.mx\/api\/wp\/v2\/posts"}],"about":[{"href":"https:\/\/www.sonoraenequipo.com.mx\/api\/wp\/v2\/types\/post"}],"author":[{"embeddable":true,"href":"https:\/\/www.sonoraenequipo.com.mx\/api\/wp\/v2\/users\/1"}],"replies":[{"embeddable":true,"href":"https:\/\/www.sonoraenequipo.com.mx\/api\/wp\/v2\/comments?post=113744"}],"version-history":[{"count":1,"href":"https:\/\/www.sonoraenequipo.com.mx\/api\/wp\/v2\/posts\/113744\/revisions"}],"predecessor-version":[{"id":113745,"href":"https:\/\/www.sonoraenequipo.com.mx\/api\/wp\/v2\/posts\/113744\/revisions\/113745"}],"wp:featuredmedia":[{"embeddable":true,"href":"https:\/\/www.sonoraenequipo.com.mx\/api\/wp\/v2\/media\/113742"}],"wp:attachment":[{"href":"https:\/\/www.sonoraenequipo.com.mx\/api\/wp\/v2\/media?parent=113744"}],"wp:term":[{"taxonomy":"category","embeddable":true,"href":"https:\/\/www.sonoraenequipo.com.mx\/api\/wp\/v2\/categories?post=113744"},{"taxonomy":"post_tag","embeddable":true,"href":"https:\/\/www.sonoraenequipo.com.mx\/api\/wp\/v2\/tags?post=113744"}],"curies":[{"name":"wp","href":"https:\/\/api.w.org\/{rel}","templated":true}]}}