{"id":113756,"date":"2021-05-11T23:00:12","date_gmt":"2021-05-12T06:00:12","guid":{"rendered":"https:\/\/www.sonoraenequipo.com.mx\/?p=113756"},"modified":"2021-05-12T13:50:52","modified_gmt":"2021-05-12T20:50:52","slug":"la-sociedad-debe-tener-madurez-para-vivir-en-democracia","status":"publish","type":"post","link":"https:\/\/www.sonoraenequipo.com.mx\/la-sociedad-debe-tener-madurez-para-vivir-en-democracia\/","title":{"rendered":"La sociedad debe tener madurez para vivir en democracia"},"content":{"rendered":"<p>MERIDA, YUCAT\u00c1N. MX. \u2014 Ante la manera en la que se han desarrollado las campa\u00f1as pol\u00edticas, en donde ha predominado el show medi\u00e1tico por encima de las propuestas de los candidatos, Ricardo D\u00e1jer Nahum, integrante de la Coordinadora Ciudadana de Yucat\u00e1n, consider\u00f3 que es la sociedad la que debe de evaluar estas acciones para que en funci\u00f3n del an\u00e1lisis correspondiente emita su voto el pr\u00f3ximo 6 de junio.<\/p>\n<p>&nbsp;<\/p>\n<p> <\/p>\n<p>&nbsp;<\/p>\n<p>El tema de los strippers que a manera de regalo de 10 de mayo llevo la candidata a reelegirse en la alcald\u00eda de Ixil y la boda de un candidato a diputado federal en plena campa\u00f1a, sin duda que se volvieron virales en las redes, alcanzando en el primero de los casos repercusiones a nivel nacional, pero de la candidata en si no se conoce alguna propuesta en particular.<\/p>\n<p>&nbsp;<\/p>\n<p><em>\u201cYo creo que es un proceso de madurez que la sociedad debe de tener para saber vivir en democracia; desde mi punto de vista, no creo que esta sea la mejor manera de tener mejores autoridades, a mi me gustar\u00eda escuchar propuestas, que es lo que har\u00e1n, para que en base a lo que se est\u00e1n comprometiendo se tome la decisi\u00f3n para votar, es m\u00e1s dif\u00edcil votar si no sabes qu\u00e9 piensa la otra persona\u201d,<\/em> dijo el entrevistado, quien destaco que este es el esp\u00edritu que mueve a la coordinadora para convocar a los aspirantes a que se comprometan a respetar el marco jur\u00eddico y la voluntad de los ciudadanos.<\/p>\n<p>&nbsp;<\/p>\n<p>&nbsp;<\/p>\n<p><em>\u201cEso es lo que estamos planteando adem\u00e1s de un plan integral de transporte p\u00fablico para evitar ocurrencias\u201d<\/em>, dijo al finalizar la tercera firma de dicho compromiso con los candidatos a la alcald\u00eda de Merida. En esta ocasi\u00f3n toc\u00f3 el turno al candidato del partido Fuerza por M\u00e9xico, Ismael Peraza Valdez.<\/p>\n<p>&nbsp;<\/p>\n<p>Dajer Nahum destac\u00f3 que ante todo es importante que una vez que sea favorecido por el voto y se convierta en la autoridad municipal, quien gane los comicios establezca un di\u00e1logo para revisar y checar los diversos proyectos que pretenda poner en pr\u00e1ctica.<\/p>\n<p>&nbsp;<\/p>\n<p><em>\u201cHay que platicar, sentarse, ver, revisar, si se escucha antes de tomar una determinaci\u00f3n, seguramente va a salir Mejor; hay que escuchar a la parte afectada en su punto de vista seguramente tiene una \u00f3ptica diferente\u201d<\/em> , detall\u00f3 el entrevistado quien destac\u00f3 que quienes han tenido la oportunidad de ser presidentes de organismos a trav\u00e9s de Consejos directivos, tienen precisamente la disciplina de primero escuchar las opiniones de todos para ponerlas a consideraciones y luego tomar decisiones, que de esta manera resultan positivas.<\/p>\n<p>&nbsp;<\/p>\n<p>Finalmente Dajer Nahum, respecto a las seis nuevas medidas que anunci\u00f3 el gobernador Mauricio Vila para mejorar la movilidad y que incluyen la cancelaci\u00f3n a partir de este jueves 13 de mayo de las restricciones al transito vehicular, consider\u00f3 que dichas medidas corresponden a la sentida demanda de la sociedad.<\/p>\n<p>&nbsp;<\/p>\n<p><em>\u2018\u201dDebido a las limitaciones en la circulaci\u00f3n, hace unos d\u00edas, pasajeros que llegaron en un vuelo que se retras\u00f3, se quedaron en el aeropuerto porque no hab\u00eda transporte a la una y media de la ma\u00f1ana, era algo elemental que se ten\u00eda que resolver y bueno que as\u00ed fue, pero hay muchas cosas pendientes\u201d,<\/em> dijo el entrevistado quien destac\u00f3 que en medio de la reactivaci\u00f3n econ\u00f3mica se dispuso de un cobro de mil 500 pesos para que la autoridad supervise que el evento social a realizar cumpla con las disposiciones de prevenci\u00f3n y que no exceda del 30 por ciento del \u00e1rea, lo que contrasta con el hecho de que para restaurantes se autoriz\u00f3 utilizar el 70 por ciento del \u00e1rea.<\/p>\n<p>&nbsp;<\/p>\n<p>&nbsp;<\/p>\n<p>&nbsp;<\/p>\n<p>(Publicada el 11\/05\/2021<\/p>\n","protected":false},"excerpt":{"rendered":"<p>MERIDA, YUCAT\u00c1N. MX. \u2014 Ante la manera en la que se han desarrollado las campa\u00f1as&#8230;<\/p>\n","protected":false},"author":1,"featured_media":113750,"comment_status":"open","ping_status":"open","sticky":false,"template":"","format":"standard","meta":{"_monsterinsights_skip_tracking":false,"_monsterinsights_sitenote_active":false,"_monsterinsights_sitenote_note":"","_monsterinsights_sitenote_category":0,"footnotes":""},"categories":[5],"tags":[],"class_list":["post"],"yoast_head":" \n<title>Sonora en Equipo. La sociedad debe tener madurez para vivir en democracia Rep\u00fablica<\/title>\n<meta name=\"description\" content=\"MERIDA, YUCAT\u00c1N. MX. \u2014 Ante la manera en la que se han desarrollado las campa\u00f1as pol\u00edticas, en donde ha predominado el show medi\u00e1tico por encima de las En Sonora en Equipo publicamos toda la informaci\u00f3n de Sonora, M\u00e9xico y el Mundo de manera oportuna y busca que la libertad de expresi\u00f3n sea real. Visita nuestro medio informativo publicado desde Hermosillo, Sonora. %\" \/>\n<meta name=\"robots\" content=\"index, follow, max-snippet:-1, max-image-preview:large, max-video-preview:-1\" \/>\n<link rel=\"canonical\" href=\"https:\/\/www.sonoraenequipo.com.mx\/la-sociedad-debe-tener-madurez-para-vivir-en-democracia\/\" \/>\n<meta property=\"og:locale\" content=\"es_ES\" \/>\n<meta property=\"og:type\" content=\"article\" \/>\n<meta property=\"og:title\" content=\"Sonora en Equipo. La sociedad debe tener madurez para vivir en democracia Rep\u00fablica\" \/>\n<meta property=\"og:description\" content=\"MERIDA, YUCAT\u00c1N. MX. \u2014 Ante la manera en la que se han desarrollado las campa\u00f1as pol\u00edticas, en donde ha predominado el show medi\u00e1tico por encima de las En Sonora en Equipo publicamos toda la informaci\u00f3n de Sonora, M\u00e9xico y el Mundo de manera oportuna y busca que la libertad de expresi\u00f3n sea real. Visita nuestro medio informativo publicado desde Hermosillo, Sonora. %\" \/>\n<meta property=\"og:url\" content=\"https:\/\/www.sonoraenequipo.com.mx\/la-sociedad-debe-tener-madurez-para-vivir-en-democracia\/\" \/>\n<meta property=\"og:site_name\" content=\"Sonora en Equipo.\" \/>\n<meta property=\"article:publisher\" content=\"https:\/\/www.facebook.com\/SonoraEE\/\" \/>\n<meta property=\"article:author\" content=\"https:\/\/www.facebook.com\/SonoraEE\" \/>\n<meta property=\"article:published_time\" content=\"2021-05-12T06:00:12+00:00\" \/>\n<meta property=\"article:modified_time\" content=\"2021-05-12T20:50:52+00:00\" \/>\n<meta property=\"og:image\" content=\"https:\/\/www.sonoraenequipo.com.mx\/storage\/2021\/05\/ricardo-dajer-nahum_coordinadora-ciudadana-de-Yucatan_opt.jpg\" \/>\n\t<meta property=\"og:image:width\" content=\"700\" \/>\n\t<meta property=\"og:image:height\" content=\"379\" \/>\n\t<meta property=\"og:image:type\" content=\"image\/jpeg\" \/>\n<meta name=\"author\" content=\"enequipo\" \/>\n<meta name=\"twitter:card\" content=\"summary_large_image\" \/>\n<meta name=\"twitter:creator\" content=\"@sonoraenequipo\" \/>\n<meta name=\"twitter:site\" content=\"@sonoraenequipo\" \/>\n<meta name=\"twitter:label1\" content=\"Escrito por\" \/>\n\t<meta name=\"twitter:data1\" content=\"enequipo\" \/>\n\t<meta name=\"twitter:label2\" content=\"Tiempo de lectura\" \/>\n\t<meta name=\"twitter:data2\" content=\"3 minutos\" \/>\n<script type=\"application\/ld+json\" class=\"yoast-schema-graph\">{\"@context\":\"https:\/\/schema.org\",\"@graph\":[{\"@type\":\"Article\",\"@id\":\"https:\/\/www.sonoraenequipo.com.mx\/la-sociedad-debe-tener-madurez-para-vivir-en-democracia\/#article\",\"isPartOf\":{\"@id\":\"https:\/\/www.sonoraenequipo.com.mx\/la-sociedad-debe-tener-madurez-para-vivir-en-democracia\/\"},\"author\":{\"name\":\"enequipo\",\"@id\":\"https:\/\/www.sonoraenequipo.com.mx\/#\/schema\/person\/50102df0fb23a8fa9e8effad8fa81386\"},\"headline\":\"La sociedad debe tener madurez para vivir en democracia\",\"datePublished\":\"2021-05-12T06:00:12+00:00\",\"dateModified\":\"2021-05-12T20:50:52+00:00\",\"mainEntityOfPage\":{\"@id\":\"https:\/\/www.sonoraenequipo.com.mx\/la-sociedad-debe-tener-madurez-para-vivir-en-democracia\/\"},\"wordCount\":646,\"commentCount\":0,\"publisher\":{\"@id\":\"https:\/\/www.sonoraenequipo.com.mx\/#organization\"},\"image\":{\"@id\":\"https:\/\/www.sonoraenequipo.com.mx\/la-sociedad-debe-tener-madurez-para-vivir-en-democracia\/#primaryimage\"},\"thumbnailUrl\":\"https:\/\/www.sonoraenequipo.com.mx\/storage\/2021\/05\/ricardo-dajer-nahum_coordinadora-ciudadana-de-Yucatan_opt.jpg\",\"articleSection\":[\"Rep\u00fablica\"],\"inLanguage\":\"es\",\"potentialAction\":[{\"@type\":\"CommentAction\",\"name\":\"Comment\",\"target\":[\"https:\/\/www.sonoraenequipo.com.mx\/la-sociedad-debe-tener-madurez-para-vivir-en-democracia\/#respond\"]}]},{\"@type\":\"WebPage\",\"@id\":\"https:\/\/www.sonoraenequipo.com.mx\/la-sociedad-debe-tener-madurez-para-vivir-en-democracia\/\",\"url\":\"https:\/\/www.sonoraenequipo.com.mx\/la-sociedad-debe-tener-madurez-para-vivir-en-democracia\/\",\"name\":\"Sonora en Equipo. La sociedad debe tener madurez para vivir en democracia Rep\u00fablica\",\"isPartOf\":{\"@id\":\"https:\/\/www.sonoraenequipo.com.mx\/#website\"},\"primaryImageOfPage\":{\"@id\":\"https:\/\/www.sonoraenequipo.com.mx\/la-sociedad-debe-tener-madurez-para-vivir-en-democracia\/#primaryimage\"},\"image\":{\"@id\":\"https:\/\/www.sonoraenequipo.com.mx\/la-sociedad-debe-tener-madurez-para-vivir-en-democracia\/#primaryimage\"},\"thumbnailUrl\":\"https:\/\/www.sonoraenequipo.com.mx\/storage\/2021\/05\/ricardo-dajer-nahum_coordinadora-ciudadana-de-Yucatan_opt.jpg\",\"datePublished\":\"2021-05-12T06:00:12+00:00\",\"dateModified\":\"2021-05-12T20:50:52+00:00\",\"description\":\"MERIDA, YUCAT\u00c1N. MX. \u2014 Ante la manera en la que se han desarrollado las campa\u00f1as pol\u00edticas, en donde ha predominado el show medi\u00e1tico por encima de las En Sonora en Equipo publicamos toda la informaci\u00f3n de Sonora, M\u00e9xico y el Mundo de manera oportuna y busca que la libertad de expresi\u00f3n sea real. Visita nuestro medio informativo publicado desde Hermosillo, Sonora. %\",\"breadcrumb\":{\"@id\":\"https:\/\/www.sonoraenequipo.com.mx\/la-sociedad-debe-tener-madurez-para-vivir-en-democracia\/#breadcrumb\"},\"inLanguage\":\"es\",\"potentialAction\":[{\"@type\":\"ReadAction\",\"target\":[\"https:\/\/www.sonoraenequipo.com.mx\/la-sociedad-debe-tener-madurez-para-vivir-en-democracia\/\"]}]},{\"@type\":\"ImageObject\",\"inLanguage\":\"es\",\"@id\":\"https:\/\/www.sonoraenequipo.com.mx\/la-sociedad-debe-tener-madurez-para-vivir-en-democracia\/#primaryimage\",\"url\":\"https:\/\/www.sonoraenequipo.com.mx\/storage\/2021\/05\/ricardo-dajer-nahum_coordinadora-ciudadana-de-Yucatan_opt.jpg\",\"contentUrl\":\"https:\/\/www.sonoraenequipo.com.mx\/storage\/2021\/05\/ricardo-dajer-nahum_coordinadora-ciudadana-de-Yucatan_opt.jpg\",\"width\":700,\"height\":379},{\"@type\":\"BreadcrumbList\",\"@id\":\"https:\/\/www.sonoraenequipo.com.mx\/la-sociedad-debe-tener-madurez-para-vivir-en-democracia\/#breadcrumb\",\"itemListElement\":[{\"@type\":\"ListItem\",\"position\":1,\"name\":\"Portada\",\"item\":\"https:\/\/www.sonoraenequipo.com.mx\/\"},{\"@type\":\"ListItem\",\"position\":2,\"name\":\"La sociedad debe tener madurez para vivir en democracia\"}]},{\"@type\":\"WebSite\",\"@id\":\"https:\/\/www.sonoraenequipo.com.mx\/#website\",\"url\":\"https:\/\/www.sonoraenequipo.com.mx\/\",\"name\":\"Sonora en Equipo.\",\"description\":\"Diario en l\u00ednea con Noticias desde Hermosillo, Sonora\",\"publisher\":{\"@id\":\"https:\/\/www.sonoraenequipo.com.mx\/#organization\"},\"potentialAction\":[{\"@type\":\"SearchAction\",\"target\":{\"@type\":\"EntryPoint\",\"urlTemplate\":\"https:\/\/www.sonoraenequipo.com.mx\/?s={search_term_string}\"},\"query-input\":{\"@type\":\"PropertyValueSpecification\",\"valueRequired\":true,\"valueName\":\"search_term_string\"}}],\"inLanguage\":\"es\"},{\"@type\":\"Organization\",\"@id\":\"https:\/\/www.sonoraenequipo.com.mx\/#organization\",\"name\":\"Sonoraenequipo.com.mx\",\"url\":\"https:\/\/www.sonoraenequipo.com.mx\/\",\"logo\":{\"@type\":\"ImageObject\",\"inLanguage\":\"es\",\"@id\":\"https:\/\/www.sonoraenequipo.com.mx\/#\/schema\/logo\/image\/\",\"url\":\"https:\/\/www.sonoraenequipo.com.mx\/storage\/2019\/01\/sonoraenequipo_opt.png\",\"contentUrl\":\"https:\/\/www.sonoraenequipo.com.mx\/storage\/2019\/01\/sonoraenequipo_opt.png\",\"width\":375,\"height\":125,\"caption\":\"Sonoraenequipo.com.mx\"},\"image\":{\"@id\":\"https:\/\/www.sonoraenequipo.com.mx\/#\/schema\/logo\/image\/\"},\"sameAs\":[\"https:\/\/www.facebook.com\/SonoraEE\/\",\"https:\/\/x.com\/sonoraenequipo\",\"https:\/\/www.youtube.com\/channel\/UC338nW-lPEYmJQs4ZABQ1SQ\"]},{\"@type\":\"Person\",\"@id\":\"https:\/\/www.sonoraenequipo.com.mx\/#\/schema\/person\/50102df0fb23a8fa9e8effad8fa81386\",\"name\":\"enequipo\",\"image\":{\"@type\":\"ImageObject\",\"inLanguage\":\"es\",\"@id\":\"https:\/\/www.sonoraenequipo.com.mx\/#\/schema\/person\/image\/\",\"url\":\"https:\/\/secure.gravatar.com\/avatar\/049821681b589dabc0bc20695993ccebb09f5b5d4d790cd9251b97faac7c652b?s=96&d=blank&r=g\",\"contentUrl\":\"https:\/\/secure.gravatar.com\/avatar\/049821681b589dabc0bc20695993ccebb09f5b5d4d790cd9251b97faac7c652b?s=96&d=blank&r=g\",\"caption\":\"enequipo\"},\"sameAs\":[\"https:\/\/www.facebook.com\/SonoraEE\"]}]}<\/script>\n ","yoast_head_json":{"title":"Sonora en Equipo. La sociedad debe tener madurez para vivir en democracia Rep\u00fablica","description":"MERIDA, YUCAT\u00c1N. MX. \u2014 Ante la manera en la que se han desarrollado las campa\u00f1as pol\u00edticas, en donde ha predominado el show medi\u00e1tico por encima de las En Sonora en Equipo publicamos toda la informaci\u00f3n de Sonora, M\u00e9xico y el Mundo de manera oportuna y busca que la libertad de expresi\u00f3n sea real. Visita nuestro medio informativo publicado desde Hermosillo, Sonora. %","robots":{"index":"index","follow":"follow","max-snippet":"max-snippet:-1","max-image-preview":"max-image-preview:large","max-video-preview":"max-video-preview:-1"},"canonical":"https:\/\/www.sonoraenequipo.com.mx\/la-sociedad-debe-tener-madurez-para-vivir-en-democracia\/","og_locale":"es_ES","og_type":"article","og_title":"Sonora en Equipo. La sociedad debe tener madurez para vivir en democracia Rep\u00fablica","og_description":"MERIDA, YUCAT\u00c1N. MX. \u2014 Ante la manera en la que se han desarrollado las campa\u00f1as pol\u00edticas, en donde ha predominado el show medi\u00e1tico por encima de las En Sonora en Equipo publicamos toda la informaci\u00f3n de Sonora, M\u00e9xico y el Mundo de manera oportuna y busca que la libertad de expresi\u00f3n sea real. Visita nuestro medio informativo publicado desde Hermosillo, Sonora. %","og_url":"https:\/\/www.sonoraenequipo.com.mx\/la-sociedad-debe-tener-madurez-para-vivir-en-democracia\/","og_site_name":"Sonora en Equipo.","article_publisher":"https:\/\/www.facebook.com\/SonoraEE\/","article_author":"https:\/\/www.facebook.com\/SonoraEE","article_published_time":"2021-05-12T06:00:12+00:00","article_modified_time":"2021-05-12T20:50:52+00:00","og_image":[{"width":700,"height":379,"url":"https:\/\/www.sonoraenequipo.com.mx\/storage\/2021\/05\/ricardo-dajer-nahum_coordinadora-ciudadana-de-Yucatan_opt.jpg","type":"image\/jpeg"}],"author":"enequipo","twitter_card":"summary_large_image","twitter_creator":"@sonoraenequipo","twitter_site":"@sonoraenequipo","twitter_misc":{"Escrito por":"enequipo","Tiempo de lectura":"3 minutos"},"schema":{"@context":"https:\/\/schema.org","@graph":[{"@type":"Article","@id":"https:\/\/www.sonoraenequipo.com.mx\/la-sociedad-debe-tener-madurez-para-vivir-en-democracia\/#article","isPartOf":{"@id":"https:\/\/www.sonoraenequipo.com.mx\/la-sociedad-debe-tener-madurez-para-vivir-en-democracia\/"},"author":{"name":"enequipo","@id":"https:\/\/www.sonoraenequipo.com.mx\/#\/schema\/person\/50102df0fb23a8fa9e8effad8fa81386"},"headline":"La sociedad debe tener madurez para vivir en democracia","datePublished":"2021-05-12T06:00:12+00:00","dateModified":"2021-05-12T20:50:52+00:00","mainEntityOfPage":{"@id":"https:\/\/www.sonoraenequipo.com.mx\/la-sociedad-debe-tener-madurez-para-vivir-en-democracia\/"},"wordCount":646,"commentCount":0,"publisher":{"@id":"https:\/\/www.sonoraenequipo.com.mx\/#organization"},"image":{"@id":"https:\/\/www.sonoraenequipo.com.mx\/la-sociedad-debe-tener-madurez-para-vivir-en-democracia\/#primaryimage"},"thumbnailUrl":"https:\/\/www.sonoraenequipo.com.mx\/storage\/2021\/05\/ricardo-dajer-nahum_coordinadora-ciudadana-de-Yucatan_opt.jpg","articleSection":["Rep\u00fablica"],"inLanguage":"es","potentialAction":[{"@type":"CommentAction","name":"Comment","target":["https:\/\/www.sonoraenequipo.com.mx\/la-sociedad-debe-tener-madurez-para-vivir-en-democracia\/#respond"]}]},{"@type":"WebPage","@id":"https:\/\/www.sonoraenequipo.com.mx\/la-sociedad-debe-tener-madurez-para-vivir-en-democracia\/","url":"https:\/\/www.sonoraenequipo.com.mx\/la-sociedad-debe-tener-madurez-para-vivir-en-democracia\/","name":"Sonora en Equipo. La sociedad debe tener madurez para vivir en democracia Rep\u00fablica","isPartOf":{"@id":"https:\/\/www.sonoraenequipo.com.mx\/#website"},"primaryImageOfPage":{"@id":"https:\/\/www.sonoraenequipo.com.mx\/la-sociedad-debe-tener-madurez-para-vivir-en-democracia\/#primaryimage"},"image":{"@id":"https:\/\/www.sonoraenequipo.com.mx\/la-sociedad-debe-tener-madurez-para-vivir-en-democracia\/#primaryimage"},"thumbnailUrl":"https:\/\/www.sonoraenequipo.com.mx\/storage\/2021\/05\/ricardo-dajer-nahum_coordinadora-ciudadana-de-Yucatan_opt.jpg","datePublished":"2021-05-12T06:00:12+00:00","dateModified":"2021-05-12T20:50:52+00:00","description":"MERIDA, YUCAT\u00c1N. MX. \u2014 Ante la manera en la que se han desarrollado las campa\u00f1as pol\u00edticas, en donde ha predominado el show medi\u00e1tico por encima de las En Sonora en Equipo publicamos toda la informaci\u00f3n de Sonora, M\u00e9xico y el Mundo de manera oportuna y busca que la libertad de expresi\u00f3n sea real. Visita nuestro medio informativo publicado desde Hermosillo, Sonora. %","breadcrumb":{"@id":"https:\/\/www.sonoraenequipo.com.mx\/la-sociedad-debe-tener-madurez-para-vivir-en-democracia\/#breadcrumb"},"inLanguage":"es","potentialAction":[{"@type":"ReadAction","target":["https:\/\/www.sonoraenequipo.com.mx\/la-sociedad-debe-tener-madurez-para-vivir-en-democracia\/"]}]},{"@type":"ImageObject","inLanguage":"es","@id":"https:\/\/www.sonoraenequipo.com.mx\/la-sociedad-debe-tener-madurez-para-vivir-en-democracia\/#primaryimage","url":"https:\/\/www.sonoraenequipo.com.mx\/storage\/2021\/05\/ricardo-dajer-nahum_coordinadora-ciudadana-de-Yucatan_opt.jpg","contentUrl":"https:\/\/www.sonoraenequipo.com.mx\/storage\/2021\/05\/ricardo-dajer-nahum_coordinadora-ciudadana-de-Yucatan_opt.jpg","width":700,"height":379},{"@type":"BreadcrumbList","@id":"https:\/\/www.sonoraenequipo.com.mx\/la-sociedad-debe-tener-madurez-para-vivir-en-democracia\/#breadcrumb","itemListElement":[{"@type":"ListItem","position":1,"name":"Portada","item":"https:\/\/www.sonoraenequipo.com.mx\/"},{"@type":"ListItem","position":2,"name":"La sociedad debe tener madurez para vivir en democracia"}]},{"@type":"WebSite","@id":"https:\/\/www.sonoraenequipo.com.mx\/#website","url":"https:\/\/www.sonoraenequipo.com.mx\/","name":"Sonora en Equipo.","description":"Diario en l\u00ednea con Noticias desde Hermosillo, Sonora","publisher":{"@id":"https:\/\/www.sonoraenequipo.com.mx\/#organization"},"potentialAction":[{"@type":"SearchAction","target":{"@type":"EntryPoint","urlTemplate":"https:\/\/www.sonoraenequipo.com.mx\/?s={search_term_string}"},"query-input":{"@type":"PropertyValueSpecification","valueRequired":true,"valueName":"search_term_string"}}],"inLanguage":"es"},{"@type":"Organization","@id":"https:\/\/www.sonoraenequipo.com.mx\/#organization","name":"Sonoraenequipo.com.mx","url":"https:\/\/www.sonoraenequipo.com.mx\/","logo":{"@type":"ImageObject","inLanguage":"es","@id":"https:\/\/www.sonoraenequipo.com.mx\/#\/schema\/logo\/image\/","url":"https:\/\/www.sonoraenequipo.com.mx\/storage\/2019\/01\/sonoraenequipo_opt.png","contentUrl":"https:\/\/www.sonoraenequipo.com.mx\/storage\/2019\/01\/sonoraenequipo_opt.png","width":375,"height":125,"caption":"Sonoraenequipo.com.mx"},"image":{"@id":"https:\/\/www.sonoraenequipo.com.mx\/#\/schema\/logo\/image\/"},"sameAs":["https:\/\/www.facebook.com\/SonoraEE\/","https:\/\/x.com\/sonoraenequipo","https:\/\/www.youtube.com\/channel\/UC338nW-lPEYmJQs4ZABQ1SQ"]},{"@type":"Person","@id":"https:\/\/www.sonoraenequipo.com.mx\/#\/schema\/person\/50102df0fb23a8fa9e8effad8fa81386","name":"enequipo","image":{"@type":"ImageObject","inLanguage":"es","@id":"https:\/\/www.sonoraenequipo.com.mx\/#\/schema\/person\/image\/","url":"https:\/\/secure.gravatar.com\/avatar\/049821681b589dabc0bc20695993ccebb09f5b5d4d790cd9251b97faac7c652b?s=96&d=blank&r=g","contentUrl":"https:\/\/secure.gravatar.com\/avatar\/049821681b589dabc0bc20695993ccebb09f5b5d4d790cd9251b97faac7c652b?s=96&d=blank&r=g","caption":"enequipo"},"sameAs":["https:\/\/www.facebook.com\/SonoraEE"]}]}},"jetpack_featured_media_url":"https:\/\/www.sonoraenequipo.com.mx\/storage\/2021\/05\/ricardo-dajer-nahum_coordinadora-ciudadana-de-Yucatan_opt.jpg","_links":{"self":[{"href":"https:\/\/www.sonoraenequipo.com.mx\/api\/wp\/v2\/posts\/113756","targetHints":{"allow":["GET"]}}],"collection":[{"href":"https:\/\/www.sonoraenequipo.com.mx\/api\/wp\/v2\/posts"}],"about":[{"href":"https:\/\/www.sonoraenequipo.com.mx\/api\/wp\/v2\/types\/post"}],"author":[{"embeddable":true,"href":"https:\/\/www.sonoraenequipo.com.mx\/api\/wp\/v2\/users\/1"}],"replies":[{"embeddable":true,"href":"https:\/\/www.sonoraenequipo.com.mx\/api\/wp\/v2\/comments?post=113756"}],"version-history":[{"count":1,"href":"https:\/\/www.sonoraenequipo.com.mx\/api\/wp\/v2\/posts\/113756\/revisions"}],"predecessor-version":[{"id":113757,"href":"https:\/\/www.sonoraenequipo.com.mx\/api\/wp\/v2\/posts\/113756\/revisions\/113757"}],"wp:featuredmedia":[{"embeddable":true,"href":"https:\/\/www.sonoraenequipo.com.mx\/api\/wp\/v2\/media\/113750"}],"wp:attachment":[{"href":"https:\/\/www.sonoraenequipo.com.mx\/api\/wp\/v2\/media?parent=113756"}],"wp:term":[{"taxonomy":"category","embeddable":true,"href":"https:\/\/www.sonoraenequipo.com.mx\/api\/wp\/v2\/categories?post=113756"},{"taxonomy":"post_tag","embeddable":true,"href":"https:\/\/www.sonoraenequipo.com.mx\/api\/wp\/v2\/tags?post=113756"}],"curies":[{"name":"wp","href":"https:\/\/api.w.org\/{rel}","templated":true}]}}