{"id":113758,"date":"2021-05-12T06:10:10","date_gmt":"2021-05-12T13:10:10","guid":{"rendered":"https:\/\/www.sonoraenequipo.com.mx\/?p=113758"},"modified":"2021-05-12T13:58:05","modified_gmt":"2021-05-12T20:58:05","slug":"policia-municipal-de-merida-reforzara-la-vigilancia-en-los-parques-de-la-ciudad","status":"publish","type":"post","link":"https:\/\/www.sonoraenequipo.com.mx\/policia-municipal-de-merida-reforzara-la-vigilancia-en-los-parques-de-la-ciudad\/","title":{"rendered":"Polic\u00eda Municipal de M\u00e9rida, reforzar\u00e1 la vigilancia en los parques de la ciudad."},"content":{"rendered":"<p><strong>En los cuatro primeros meses del presente a\u00f1o, la corporaci\u00f3n municipal no ha tenido reportes ni asegurados por la realizaci\u00f3n de actos inapropiados en los parques<\/strong><\/p>\n<p>&nbsp;<\/p>\n<p> <br \/>\nMERIDA, YUCAT\u00c1N. MX.\u2014 Con relaci\u00f3n a la informaci\u00f3n publicada hoy en su rotativo sobre una persona realizando actos inapropiados en el parque de la Madre el d\u00eda de ayer, la Direcci\u00f3n de la Polic\u00eda Municipal de M\u00e9rida reforz\u00f3 a\u00fan m\u00e1s la vigilancia en los parques del Centro Hist\u00f3rico y pone a disposici\u00f3n de la ciudadan\u00eda los n\u00fameros de emergencia para denunciar estos hechos.<\/p>\n<p>&nbsp;<\/p>\n<p>La Polic\u00eda Municipal invita a la ciudadan\u00eda a colaborar reportando o denunciando estas situaciones a los tel\u00e9fonos de emergencia 9420060 o al 911 para que acudan los elementos a revisar las situaciones que se presenten, ya que con la colaboraci\u00f3n de la ciudadan\u00eda se logra mantener esos espacios p\u00fablicos seguros.<\/p>\n<p>&nbsp;<\/p>\n<p>En los cuatro primeros meses del presente a\u00f1o, la corporaci\u00f3n municipal no ha tenido reportes ni asegurados por la realizaci\u00f3n de actos inapropiados en los parques de San Juan, Santiago, Hidalgo, Mejorada, Santa Luc\u00eda, Plaza Grande, siendo el parque de la Madre el primero donde se recibe un reporte a trav\u00e9s de las redes sociales.<\/p>\n<p>&nbsp;<\/p>\n<p>Asimismo, cabe recordar que en septiembre de 2019 el Cabildo modific\u00f3 el reglamento de Polic\u00eda y Buen Gobierno con la finalidad de establecer sanciones de car\u00e1cter administrativas, dentro de las cuales est\u00e1 contemplada el arresto y la obligaci\u00f3n de cumplir con un curso de capacitaci\u00f3n y conciencia social ante los respectivos \u00f3rganos de igualdad de g\u00e9nero o sus equivalentes, para toda persona que cometa acoso callejero en los espacios p\u00fablicos y de transporte del municipio.<\/p>\n<p>&nbsp;<\/p>\n<p>Aunado a la intervenci\u00f3n policial en los casos donde se viole el apartado del Reglamento de Polic\u00eda y Buen Gobierno sobre la Dignidad de las Personas, tambi\u00e9n es importante la denuncia ciudadana para que intervengan las autoridades o se dise\u00f1en operativos especiales en esas zonas.<\/p>\n<p>&nbsp;<\/p>\n<p>&nbsp;<\/p>\n<p>(Publicada el 12\/05\/2021)<\/p>\n","protected":false},"excerpt":{"rendered":"<p>En los cuatro primeros meses del presente a\u00f1o, la corporaci\u00f3n municipal no ha tenido reportes&#8230;<\/p>\n","protected":false},"author":1,"featured_media":113754,"comment_status":"open","ping_status":"open","sticky":false,"template":"","format":"standard","meta":{"_monsterinsights_skip_tracking":false,"_monsterinsights_sitenote_active":false,"_monsterinsights_sitenote_note":"","_monsterinsights_sitenote_category":0,"footnotes":""},"categories":[5],"tags":[],"class_list":["post"],"yoast_head":" \n<title>Sonora en Equipo. Polic\u00eda Municipal de M\u00e9rida, reforzar\u00e1 la vigilancia en los parques de la ciudad. Rep\u00fablica<\/title>\n<meta name=\"description\" content=\"En los cuatro primeros meses del presente a\u00f1o, la corporaci\u00f3n municipal no ha tenido reportes ni asegurados por la realizaci\u00f3n de actos inapropiados en En Sonora en Equipo publicamos toda la informaci\u00f3n de Sonora, M\u00e9xico y el Mundo de manera oportuna y busca que la libertad de expresi\u00f3n sea real. Visita nuestro medio informativo publicado desde Hermosillo, Sonora. %\" \/>\n<meta name=\"robots\" content=\"index, follow, max-snippet:-1, max-image-preview:large, max-video-preview:-1\" \/>\n<link rel=\"canonical\" href=\"https:\/\/www.sonoraenequipo.com.mx\/policia-municipal-de-merida-reforzara-la-vigilancia-en-los-parques-de-la-ciudad\/\" \/>\n<meta property=\"og:locale\" content=\"es_ES\" \/>\n<meta property=\"og:type\" content=\"article\" \/>\n<meta property=\"og:title\" content=\"Sonora en Equipo. Polic\u00eda Municipal de M\u00e9rida, reforzar\u00e1 la vigilancia en los parques de la ciudad. Rep\u00fablica\" \/>\n<meta property=\"og:description\" content=\"En los cuatro primeros meses del presente a\u00f1o, la corporaci\u00f3n municipal no ha tenido reportes ni asegurados por la realizaci\u00f3n de actos inapropiados en En Sonora en Equipo publicamos toda la informaci\u00f3n de Sonora, M\u00e9xico y el Mundo de manera oportuna y busca que la libertad de expresi\u00f3n sea real. Visita nuestro medio informativo publicado desde Hermosillo, Sonora. %\" \/>\n<meta property=\"og:url\" content=\"https:\/\/www.sonoraenequipo.com.mx\/policia-municipal-de-merida-reforzara-la-vigilancia-en-los-parques-de-la-ciudad\/\" \/>\n<meta property=\"og:site_name\" content=\"Sonora en Equipo.\" \/>\n<meta property=\"article:publisher\" content=\"https:\/\/www.facebook.com\/SonoraEE\/\" \/>\n<meta property=\"article:author\" content=\"https:\/\/www.facebook.com\/SonoraEE\" \/>\n<meta property=\"article:published_time\" content=\"2021-05-12T13:10:10+00:00\" \/>\n<meta property=\"article:modified_time\" content=\"2021-05-12T20:58:05+00:00\" \/>\n<meta property=\"og:image\" content=\"https:\/\/www.sonoraenequipo.com.mx\/storage\/2021\/05\/policia-municipal-de-merida_opt.jpg\" \/>\n\t<meta property=\"og:image:width\" content=\"700\" \/>\n\t<meta property=\"og:image:height\" content=\"379\" \/>\n\t<meta property=\"og:image:type\" content=\"image\/jpeg\" \/>\n<meta name=\"author\" content=\"enequipo\" \/>\n<meta name=\"twitter:card\" content=\"summary_large_image\" \/>\n<meta name=\"twitter:creator\" content=\"@sonoraenequipo\" \/>\n<meta name=\"twitter:site\" content=\"@sonoraenequipo\" \/>\n<meta name=\"twitter:label1\" content=\"Escrito por\" \/>\n\t<meta name=\"twitter:data1\" content=\"enequipo\" \/>\n\t<meta name=\"twitter:label2\" content=\"Tiempo de lectura\" \/>\n\t<meta name=\"twitter:data2\" content=\"2 minutos\" \/>\n<script type=\"application\/ld+json\" class=\"yoast-schema-graph\">{\"@context\":\"https:\/\/schema.org\",\"@graph\":[{\"@type\":\"Article\",\"@id\":\"https:\/\/www.sonoraenequipo.com.mx\/policia-municipal-de-merida-reforzara-la-vigilancia-en-los-parques-de-la-ciudad\/#article\",\"isPartOf\":{\"@id\":\"https:\/\/www.sonoraenequipo.com.mx\/policia-municipal-de-merida-reforzara-la-vigilancia-en-los-parques-de-la-ciudad\/\"},\"author\":{\"name\":\"enequipo\",\"@id\":\"https:\/\/www.sonoraenequipo.com.mx\/#\/schema\/person\/50102df0fb23a8fa9e8effad8fa81386\"},\"headline\":\"Polic\u00eda Municipal de M\u00e9rida, reforzar\u00e1 la vigilancia en los parques de la ciudad.\",\"datePublished\":\"2021-05-12T13:10:10+00:00\",\"dateModified\":\"2021-05-12T20:58:05+00:00\",\"mainEntityOfPage\":{\"@id\":\"https:\/\/www.sonoraenequipo.com.mx\/policia-municipal-de-merida-reforzara-la-vigilancia-en-los-parques-de-la-ciudad\/\"},\"wordCount\":372,\"commentCount\":0,\"publisher\":{\"@id\":\"https:\/\/www.sonoraenequipo.com.mx\/#organization\"},\"image\":{\"@id\":\"https:\/\/www.sonoraenequipo.com.mx\/policia-municipal-de-merida-reforzara-la-vigilancia-en-los-parques-de-la-ciudad\/#primaryimage\"},\"thumbnailUrl\":\"https:\/\/www.sonoraenequipo.com.mx\/storage\/2021\/05\/policia-municipal-de-merida_opt.jpg\",\"articleSection\":[\"Rep\u00fablica\"],\"inLanguage\":\"es\",\"potentialAction\":[{\"@type\":\"CommentAction\",\"name\":\"Comment\",\"target\":[\"https:\/\/www.sonoraenequipo.com.mx\/policia-municipal-de-merida-reforzara-la-vigilancia-en-los-parques-de-la-ciudad\/#respond\"]}]},{\"@type\":\"WebPage\",\"@id\":\"https:\/\/www.sonoraenequipo.com.mx\/policia-municipal-de-merida-reforzara-la-vigilancia-en-los-parques-de-la-ciudad\/\",\"url\":\"https:\/\/www.sonoraenequipo.com.mx\/policia-municipal-de-merida-reforzara-la-vigilancia-en-los-parques-de-la-ciudad\/\",\"name\":\"Sonora en Equipo. Polic\u00eda Municipal de M\u00e9rida, reforzar\u00e1 la vigilancia en los parques de la ciudad. Rep\u00fablica\",\"isPartOf\":{\"@id\":\"https:\/\/www.sonoraenequipo.com.mx\/#website\"},\"primaryImageOfPage\":{\"@id\":\"https:\/\/www.sonoraenequipo.com.mx\/policia-municipal-de-merida-reforzara-la-vigilancia-en-los-parques-de-la-ciudad\/#primaryimage\"},\"image\":{\"@id\":\"https:\/\/www.sonoraenequipo.com.mx\/policia-municipal-de-merida-reforzara-la-vigilancia-en-los-parques-de-la-ciudad\/#primaryimage\"},\"thumbnailUrl\":\"https:\/\/www.sonoraenequipo.com.mx\/storage\/2021\/05\/policia-municipal-de-merida_opt.jpg\",\"datePublished\":\"2021-05-12T13:10:10+00:00\",\"dateModified\":\"2021-05-12T20:58:05+00:00\",\"description\":\"En los cuatro primeros meses del presente a\u00f1o, la corporaci\u00f3n municipal no ha tenido reportes ni asegurados por la realizaci\u00f3n de actos inapropiados en En Sonora en Equipo publicamos toda la informaci\u00f3n de Sonora, M\u00e9xico y el Mundo de manera oportuna y busca que la libertad de expresi\u00f3n sea real. Visita nuestro medio informativo publicado desde Hermosillo, Sonora. %\",\"breadcrumb\":{\"@id\":\"https:\/\/www.sonoraenequipo.com.mx\/policia-municipal-de-merida-reforzara-la-vigilancia-en-los-parques-de-la-ciudad\/#breadcrumb\"},\"inLanguage\":\"es\",\"potentialAction\":[{\"@type\":\"ReadAction\",\"target\":[\"https:\/\/www.sonoraenequipo.com.mx\/policia-municipal-de-merida-reforzara-la-vigilancia-en-los-parques-de-la-ciudad\/\"]}]},{\"@type\":\"ImageObject\",\"inLanguage\":\"es\",\"@id\":\"https:\/\/www.sonoraenequipo.com.mx\/policia-municipal-de-merida-reforzara-la-vigilancia-en-los-parques-de-la-ciudad\/#primaryimage\",\"url\":\"https:\/\/www.sonoraenequipo.com.mx\/storage\/2021\/05\/policia-municipal-de-merida_opt.jpg\",\"contentUrl\":\"https:\/\/www.sonoraenequipo.com.mx\/storage\/2021\/05\/policia-municipal-de-merida_opt.jpg\",\"width\":700,\"height\":379},{\"@type\":\"BreadcrumbList\",\"@id\":\"https:\/\/www.sonoraenequipo.com.mx\/policia-municipal-de-merida-reforzara-la-vigilancia-en-los-parques-de-la-ciudad\/#breadcrumb\",\"itemListElement\":[{\"@type\":\"ListItem\",\"position\":1,\"name\":\"Portada\",\"item\":\"https:\/\/www.sonoraenequipo.com.mx\/\"},{\"@type\":\"ListItem\",\"position\":2,\"name\":\"Polic\u00eda Municipal de M\u00e9rida, reforzar\u00e1 la vigilancia en los parques de la ciudad.\"}]},{\"@type\":\"WebSite\",\"@id\":\"https:\/\/www.sonoraenequipo.com.mx\/#website\",\"url\":\"https:\/\/www.sonoraenequipo.com.mx\/\",\"name\":\"Sonora en Equipo.\",\"description\":\"Diario en l\u00ednea con Noticias desde Hermosillo, Sonora\",\"publisher\":{\"@id\":\"https:\/\/www.sonoraenequipo.com.mx\/#organization\"},\"potentialAction\":[{\"@type\":\"SearchAction\",\"target\":{\"@type\":\"EntryPoint\",\"urlTemplate\":\"https:\/\/www.sonoraenequipo.com.mx\/?s={search_term_string}\"},\"query-input\":{\"@type\":\"PropertyValueSpecification\",\"valueRequired\":true,\"valueName\":\"search_term_string\"}}],\"inLanguage\":\"es\"},{\"@type\":\"Organization\",\"@id\":\"https:\/\/www.sonoraenequipo.com.mx\/#organization\",\"name\":\"Sonoraenequipo.com.mx\",\"url\":\"https:\/\/www.sonoraenequipo.com.mx\/\",\"logo\":{\"@type\":\"ImageObject\",\"inLanguage\":\"es\",\"@id\":\"https:\/\/www.sonoraenequipo.com.mx\/#\/schema\/logo\/image\/\",\"url\":\"https:\/\/www.sonoraenequipo.com.mx\/storage\/2019\/01\/sonoraenequipo_opt.png\",\"contentUrl\":\"https:\/\/www.sonoraenequipo.com.mx\/storage\/2019\/01\/sonoraenequipo_opt.png\",\"width\":375,\"height\":125,\"caption\":\"Sonoraenequipo.com.mx\"},\"image\":{\"@id\":\"https:\/\/www.sonoraenequipo.com.mx\/#\/schema\/logo\/image\/\"},\"sameAs\":[\"https:\/\/www.facebook.com\/SonoraEE\/\",\"https:\/\/x.com\/sonoraenequipo\",\"https:\/\/www.youtube.com\/channel\/UC338nW-lPEYmJQs4ZABQ1SQ\"]},{\"@type\":\"Person\",\"@id\":\"https:\/\/www.sonoraenequipo.com.mx\/#\/schema\/person\/50102df0fb23a8fa9e8effad8fa81386\",\"name\":\"enequipo\",\"image\":{\"@type\":\"ImageObject\",\"inLanguage\":\"es\",\"@id\":\"https:\/\/www.sonoraenequipo.com.mx\/#\/schema\/person\/image\/\",\"url\":\"https:\/\/secure.gravatar.com\/avatar\/049821681b589dabc0bc20695993ccebb09f5b5d4d790cd9251b97faac7c652b?s=96&d=blank&r=g\",\"contentUrl\":\"https:\/\/secure.gravatar.com\/avatar\/049821681b589dabc0bc20695993ccebb09f5b5d4d790cd9251b97faac7c652b?s=96&d=blank&r=g\",\"caption\":\"enequipo\"},\"sameAs\":[\"https:\/\/www.facebook.com\/SonoraEE\"]}]}<\/script>\n ","yoast_head_json":{"title":"Sonora en Equipo. Polic\u00eda Municipal de M\u00e9rida, reforzar\u00e1 la vigilancia en los parques de la ciudad. Rep\u00fablica","description":"En los cuatro primeros meses del presente a\u00f1o, la corporaci\u00f3n municipal no ha tenido reportes ni asegurados por la realizaci\u00f3n de actos inapropiados en En Sonora en Equipo publicamos toda la informaci\u00f3n de Sonora, M\u00e9xico y el Mundo de manera oportuna y busca que la libertad de expresi\u00f3n sea real. Visita nuestro medio informativo publicado desde Hermosillo, Sonora. %","robots":{"index":"index","follow":"follow","max-snippet":"max-snippet:-1","max-image-preview":"max-image-preview:large","max-video-preview":"max-video-preview:-1"},"canonical":"https:\/\/www.sonoraenequipo.com.mx\/policia-municipal-de-merida-reforzara-la-vigilancia-en-los-parques-de-la-ciudad\/","og_locale":"es_ES","og_type":"article","og_title":"Sonora en Equipo. Polic\u00eda Municipal de M\u00e9rida, reforzar\u00e1 la vigilancia en los parques de la ciudad. Rep\u00fablica","og_description":"En los cuatro primeros meses del presente a\u00f1o, la corporaci\u00f3n municipal no ha tenido reportes ni asegurados por la realizaci\u00f3n de actos inapropiados en En Sonora en Equipo publicamos toda la informaci\u00f3n de Sonora, M\u00e9xico y el Mundo de manera oportuna y busca que la libertad de expresi\u00f3n sea real. Visita nuestro medio informativo publicado desde Hermosillo, Sonora. %","og_url":"https:\/\/www.sonoraenequipo.com.mx\/policia-municipal-de-merida-reforzara-la-vigilancia-en-los-parques-de-la-ciudad\/","og_site_name":"Sonora en Equipo.","article_publisher":"https:\/\/www.facebook.com\/SonoraEE\/","article_author":"https:\/\/www.facebook.com\/SonoraEE","article_published_time":"2021-05-12T13:10:10+00:00","article_modified_time":"2021-05-12T20:58:05+00:00","og_image":[{"width":700,"height":379,"url":"https:\/\/www.sonoraenequipo.com.mx\/storage\/2021\/05\/policia-municipal-de-merida_opt.jpg","type":"image\/jpeg"}],"author":"enequipo","twitter_card":"summary_large_image","twitter_creator":"@sonoraenequipo","twitter_site":"@sonoraenequipo","twitter_misc":{"Escrito por":"enequipo","Tiempo de lectura":"2 minutos"},"schema":{"@context":"https:\/\/schema.org","@graph":[{"@type":"Article","@id":"https:\/\/www.sonoraenequipo.com.mx\/policia-municipal-de-merida-reforzara-la-vigilancia-en-los-parques-de-la-ciudad\/#article","isPartOf":{"@id":"https:\/\/www.sonoraenequipo.com.mx\/policia-municipal-de-merida-reforzara-la-vigilancia-en-los-parques-de-la-ciudad\/"},"author":{"name":"enequipo","@id":"https:\/\/www.sonoraenequipo.com.mx\/#\/schema\/person\/50102df0fb23a8fa9e8effad8fa81386"},"headline":"Polic\u00eda Municipal de M\u00e9rida, reforzar\u00e1 la vigilancia en los parques de la ciudad.","datePublished":"2021-05-12T13:10:10+00:00","dateModified":"2021-05-12T20:58:05+00:00","mainEntityOfPage":{"@id":"https:\/\/www.sonoraenequipo.com.mx\/policia-municipal-de-merida-reforzara-la-vigilancia-en-los-parques-de-la-ciudad\/"},"wordCount":372,"commentCount":0,"publisher":{"@id":"https:\/\/www.sonoraenequipo.com.mx\/#organization"},"image":{"@id":"https:\/\/www.sonoraenequipo.com.mx\/policia-municipal-de-merida-reforzara-la-vigilancia-en-los-parques-de-la-ciudad\/#primaryimage"},"thumbnailUrl":"https:\/\/www.sonoraenequipo.com.mx\/storage\/2021\/05\/policia-municipal-de-merida_opt.jpg","articleSection":["Rep\u00fablica"],"inLanguage":"es","potentialAction":[{"@type":"CommentAction","name":"Comment","target":["https:\/\/www.sonoraenequipo.com.mx\/policia-municipal-de-merida-reforzara-la-vigilancia-en-los-parques-de-la-ciudad\/#respond"]}]},{"@type":"WebPage","@id":"https:\/\/www.sonoraenequipo.com.mx\/policia-municipal-de-merida-reforzara-la-vigilancia-en-los-parques-de-la-ciudad\/","url":"https:\/\/www.sonoraenequipo.com.mx\/policia-municipal-de-merida-reforzara-la-vigilancia-en-los-parques-de-la-ciudad\/","name":"Sonora en Equipo. Polic\u00eda Municipal de M\u00e9rida, reforzar\u00e1 la vigilancia en los parques de la ciudad. Rep\u00fablica","isPartOf":{"@id":"https:\/\/www.sonoraenequipo.com.mx\/#website"},"primaryImageOfPage":{"@id":"https:\/\/www.sonoraenequipo.com.mx\/policia-municipal-de-merida-reforzara-la-vigilancia-en-los-parques-de-la-ciudad\/#primaryimage"},"image":{"@id":"https:\/\/www.sonoraenequipo.com.mx\/policia-municipal-de-merida-reforzara-la-vigilancia-en-los-parques-de-la-ciudad\/#primaryimage"},"thumbnailUrl":"https:\/\/www.sonoraenequipo.com.mx\/storage\/2021\/05\/policia-municipal-de-merida_opt.jpg","datePublished":"2021-05-12T13:10:10+00:00","dateModified":"2021-05-12T20:58:05+00:00","description":"En los cuatro primeros meses del presente a\u00f1o, la corporaci\u00f3n municipal no ha tenido reportes ni asegurados por la realizaci\u00f3n de actos inapropiados en En Sonora en Equipo publicamos toda la informaci\u00f3n de Sonora, M\u00e9xico y el Mundo de manera oportuna y busca que la libertad de expresi\u00f3n sea real. Visita nuestro medio informativo publicado desde Hermosillo, Sonora. %","breadcrumb":{"@id":"https:\/\/www.sonoraenequipo.com.mx\/policia-municipal-de-merida-reforzara-la-vigilancia-en-los-parques-de-la-ciudad\/#breadcrumb"},"inLanguage":"es","potentialAction":[{"@type":"ReadAction","target":["https:\/\/www.sonoraenequipo.com.mx\/policia-municipal-de-merida-reforzara-la-vigilancia-en-los-parques-de-la-ciudad\/"]}]},{"@type":"ImageObject","inLanguage":"es","@id":"https:\/\/www.sonoraenequipo.com.mx\/policia-municipal-de-merida-reforzara-la-vigilancia-en-los-parques-de-la-ciudad\/#primaryimage","url":"https:\/\/www.sonoraenequipo.com.mx\/storage\/2021\/05\/policia-municipal-de-merida_opt.jpg","contentUrl":"https:\/\/www.sonoraenequipo.com.mx\/storage\/2021\/05\/policia-municipal-de-merida_opt.jpg","width":700,"height":379},{"@type":"BreadcrumbList","@id":"https:\/\/www.sonoraenequipo.com.mx\/policia-municipal-de-merida-reforzara-la-vigilancia-en-los-parques-de-la-ciudad\/#breadcrumb","itemListElement":[{"@type":"ListItem","position":1,"name":"Portada","item":"https:\/\/www.sonoraenequipo.com.mx\/"},{"@type":"ListItem","position":2,"name":"Polic\u00eda Municipal de M\u00e9rida, reforzar\u00e1 la vigilancia en los parques de la ciudad."}]},{"@type":"WebSite","@id":"https:\/\/www.sonoraenequipo.com.mx\/#website","url":"https:\/\/www.sonoraenequipo.com.mx\/","name":"Sonora en Equipo.","description":"Diario en l\u00ednea con Noticias desde Hermosillo, Sonora","publisher":{"@id":"https:\/\/www.sonoraenequipo.com.mx\/#organization"},"potentialAction":[{"@type":"SearchAction","target":{"@type":"EntryPoint","urlTemplate":"https:\/\/www.sonoraenequipo.com.mx\/?s={search_term_string}"},"query-input":{"@type":"PropertyValueSpecification","valueRequired":true,"valueName":"search_term_string"}}],"inLanguage":"es"},{"@type":"Organization","@id":"https:\/\/www.sonoraenequipo.com.mx\/#organization","name":"Sonoraenequipo.com.mx","url":"https:\/\/www.sonoraenequipo.com.mx\/","logo":{"@type":"ImageObject","inLanguage":"es","@id":"https:\/\/www.sonoraenequipo.com.mx\/#\/schema\/logo\/image\/","url":"https:\/\/www.sonoraenequipo.com.mx\/storage\/2019\/01\/sonoraenequipo_opt.png","contentUrl":"https:\/\/www.sonoraenequipo.com.mx\/storage\/2019\/01\/sonoraenequipo_opt.png","width":375,"height":125,"caption":"Sonoraenequipo.com.mx"},"image":{"@id":"https:\/\/www.sonoraenequipo.com.mx\/#\/schema\/logo\/image\/"},"sameAs":["https:\/\/www.facebook.com\/SonoraEE\/","https:\/\/x.com\/sonoraenequipo","https:\/\/www.youtube.com\/channel\/UC338nW-lPEYmJQs4ZABQ1SQ"]},{"@type":"Person","@id":"https:\/\/www.sonoraenequipo.com.mx\/#\/schema\/person\/50102df0fb23a8fa9e8effad8fa81386","name":"enequipo","image":{"@type":"ImageObject","inLanguage":"es","@id":"https:\/\/www.sonoraenequipo.com.mx\/#\/schema\/person\/image\/","url":"https:\/\/secure.gravatar.com\/avatar\/049821681b589dabc0bc20695993ccebb09f5b5d4d790cd9251b97faac7c652b?s=96&d=blank&r=g","contentUrl":"https:\/\/secure.gravatar.com\/avatar\/049821681b589dabc0bc20695993ccebb09f5b5d4d790cd9251b97faac7c652b?s=96&d=blank&r=g","caption":"enequipo"},"sameAs":["https:\/\/www.facebook.com\/SonoraEE"]}]}},"jetpack_featured_media_url":"https:\/\/www.sonoraenequipo.com.mx\/storage\/2021\/05\/policia-municipal-de-merida_opt.jpg","_links":{"self":[{"href":"https:\/\/www.sonoraenequipo.com.mx\/api\/wp\/v2\/posts\/113758","targetHints":{"allow":["GET"]}}],"collection":[{"href":"https:\/\/www.sonoraenequipo.com.mx\/api\/wp\/v2\/posts"}],"about":[{"href":"https:\/\/www.sonoraenequipo.com.mx\/api\/wp\/v2\/types\/post"}],"author":[{"embeddable":true,"href":"https:\/\/www.sonoraenequipo.com.mx\/api\/wp\/v2\/users\/1"}],"replies":[{"embeddable":true,"href":"https:\/\/www.sonoraenequipo.com.mx\/api\/wp\/v2\/comments?post=113758"}],"version-history":[{"count":1,"href":"https:\/\/www.sonoraenequipo.com.mx\/api\/wp\/v2\/posts\/113758\/revisions"}],"predecessor-version":[{"id":113759,"href":"https:\/\/www.sonoraenequipo.com.mx\/api\/wp\/v2\/posts\/113758\/revisions\/113759"}],"wp:featuredmedia":[{"embeddable":true,"href":"https:\/\/www.sonoraenequipo.com.mx\/api\/wp\/v2\/media\/113754"}],"wp:attachment":[{"href":"https:\/\/www.sonoraenequipo.com.mx\/api\/wp\/v2\/media?parent=113758"}],"wp:term":[{"taxonomy":"category","embeddable":true,"href":"https:\/\/www.sonoraenequipo.com.mx\/api\/wp\/v2\/categories?post=113758"},{"taxonomy":"post_tag","embeddable":true,"href":"https:\/\/www.sonoraenequipo.com.mx\/api\/wp\/v2\/tags?post=113758"}],"curies":[{"name":"wp","href":"https:\/\/api.w.org\/{rel}","templated":true}]}}